{"id":291332,"date":"2023-11-23T14:57:29","date_gmt":"2023-11-23T10:57:29","guid":{"rendered":"https:\/\/www.meydan.tv\/?p=291332"},"modified":"2023-11-23T15:36:05","modified_gmt":"2023-11-23T11:36:05","slug":"berdede-yas-merasiminde-doseme-ucub-olen-var","status":"publish","type":"post","link":"https:\/\/www.meydan.tv\/az\/article\/berdede-yas-merasiminde-doseme-ucub-olen-var\/","title":{"rendered":"B\u0259rd\u0259d\u0259 yas m\u0259rasimind\u0259 d\u00f6\u015f\u0259m\u0259 u\u00e7ub, \u00f6l\u0259n var (yenil\u0259nib)"},"content":{"rendered":"\n<p><\/p>\n\n\n\n<p><\/p>\n\n\n\n<p><strong>T\u018fB\u0130B-in yeni m\u0259lumat\u0131nda deyilir ki, B\u0259rd\u0259 rayonunun Yeni Da\u015fk\u0259nd k\u0259ndind\u0259 ba\u015f ver\u0259n hadis\u0259 il\u0259 \u0259laq\u0259dar olaraq B\u0259rd\u0259 Rayon M\u0259rk\u0259zi X\u0259st\u0259xanas\u0131na 27 n\u0259f\u0259r yerl\u0259\u015fdirilib. 1 n\u0259f\u0259rd\u0259 x\u0259st\u0259xanayaq\u0259d\u0259r \u00f6l\u00fcm hal\u0131 qeyd\u0259 al\u0131n\u0131b. M\u00fcxt\u0259lif n\u00f6v b\u0259d\u0259n x\u0259sar\u0259tl\u0259ri v\u0259 dig\u0259r \u015fikay\u0259tl\u0259rl\u0259 tibb m\u00fc\u0259ssis\u0259sinin m\u00fcvafiq \u015f\u00f6b\u0259l\u0259rin\u0259 yerl\u0259\u015fdiril\u0259n \u015f\u0259xsl\u0259r\u0259 z\u0259ruri tibbi xidm\u0259tl\u0259r g\u00f6st\u0259rilib. V\u0259ziyy\u0259ti q\u0259na\u0259tb\u0259x\u015f hesab olunan 2 n\u0259f\u0259r ambulator m\u00fcalic\u0259 \u00fc\u00e7\u00fcn ev\u0259 burax\u0131l\u0131b. Dig\u0259r \u015f\u0259xsl\u0259rin m\u00fcalic\u0259l\u0259ri davam etdirilir. 1 n\u0259f\u0259rin v\u0259ziyy\u0259ti a\u011f\u0131r, 2 n\u0259f\u0259rin v\u0259ziyy\u0259ti orta a\u011f\u0131r, 21 n\u0259f\u0259rin v\u0259ziyy\u0259ti is\u0259 stabil qiym\u0259tl\u0259ndirilir. \u018flav\u0259 m\u0259lumat veril\u0259c\u0259k.<\/strong><\/p>\n\n\n\n<p><\/p>\n\n\n\n<p><\/p>\n\n\n\n<hr class=\"wp-block-separator has-alpha-channel-opacity\"\/>\n\n\n\n<p><\/p>\n\n\n\n<p><em><strong>23 n\u0259f\u0259rin yaraland\u0131\u011f\u0131 bildirilir<\/strong><\/em><\/p>\n\n\n\n<p>B\u0259rd\u0259d\u0259 yas m\u0259rasimi ke\u00e7iril\u0259n evin d\u00f6\u015f\u0259m\u0259si qonaqlar\u0131n a\u011f\u0131rl\u0131\u011f\u0131na d\u00f6zm\u0259y\u0259r\u0259k u\u00e7ub. Hadis\u0259 rayonun Yeni Da\u015fk\u0259nd k\u0259ndind\u0259 qeyd\u0259 al\u0131n\u0131b. K\u0259nd sakinl\u0259ri bildiribl\u0259r ki, d\u00f6\u015f\u0259m\u0259nin u\u00e7mas\u0131 n\u0259tic\u0259sind\u0259 yasa g\u0259l\u0259n ya\u015fl\u0131 qad\u0131n \u00f6l\u00fcb, 23 n\u0259f\u0259r x\u0259sar\u0259t al\u0131b.<\/p>\n\n\n\n<p>K\u0259nd icra n\u00fcmay\u0259nd\u0259sind\u0259n bildiribl\u0259r ki, h\u0259min otaqda qad\u0131nlar oturub. Evin ikinci m\u0259rt\u0259b\u0259sind\u0259 yerl\u0259\u015f\u0259n ota\u011f\u0131n d\u00f6\u015f\u0259m\u0259si q\u0259fil \u00e7\u00f6k\u00fcb, qonaqlar n\u0259 ba\u015f verdiyini anlamadan birinci m\u0259rt\u0259b\u0259y\u0259 d\u00fc\u015f\u00fcbl\u0259r. Qad\u0131n altda qal\u0131b.<\/p>\n\n\n\n<p>X\u0259sar\u0259t alanlar B\u0259rd\u0259 m\u0259rk\u0259zi rayon x\u0259st\u0259xanas\u0131na yerl\u0259\u015fdirilib. Haz\u0131rda h\u00fcquq m\u00fchafiz\u0259 orqanlar\u0131 hadis\u0259 yerind\u0259dirl\u0259r.<\/p>\n\n\n\n<p>T\u018fB\u0130B-d\u0259n is\u0259 bildirilib ki, B\u0259rd\u0259 rayonunun Yeni Da\u015fk\u0259nd k\u0259ndind\u0259 ba\u015f ver\u0259n hadis\u0259 il\u0259 \u0259laq\u0259dar olaraq B\u0259rd\u0259 Rayon M\u0259rk\u0259zi X\u0259st\u0259xanas\u0131na 23 n\u0259f\u0259r yerl\u0259\u015fdirilib. 1 n\u0259f\u0259rd\u0259 x\u0259st\u0259xanayaq\u0259d\u0259r \u00f6l\u00fcm hal\u0131 qeyd\u0259 al\u0131n\u0131b. Dig\u0259r \u015f\u0259xsl\u0259rin \u00fcmumi m\u00fcayin\u0259l\u0259ri davam etdirilir.<\/p>\n","protected":false},"excerpt":{"rendered":"<p>T\u018fB\u0130B-in yeni m\u0259lumat\u0131nda deyilir ki, B\u0259rd\u0259 rayonunun Yeni Da\u015fk\u0259nd k\u0259ndind\u0259 &#8230; <\/p>\n<p class=\"read-more-container\"><a title=\"B\u0259rd\u0259d\u0259 yas m\u0259rasimind\u0259 d\u00f6\u015f\u0259m\u0259 u\u00e7ub, \u00f6l\u0259n var (yenil\u0259nib)\" class=\"read-more button\" href=\"https:\/\/www.meydan.tv\/az\/article\/berdede-yas-merasiminde-doseme-ucub-olen-var\/#more-291332\" aria-label=\"Read more about B\u0259rd\u0259d\u0259 yas m\u0259rasimind\u0259 d\u00f6\u015f\u0259m\u0259 u\u00e7ub, \u00f6l\u0259n var (yenil\u0259nib)\">Davam\u0131<\/a><\/p>\n","protected":false},"author":8,"featured_media":267150,"comment_status":"closed","ping_status":"closed","sticky":false,"template":"","format":"standard","meta":{"_acf_changed":false,"_sitemap_exclude":false,"_sitemap_priority":"","_sitemap_frequency":"","footnotes":""},"categories":[60,79,56],"tags":[],"class_list":["post-291332","post","type-post","status-publish","format-standard","has-post-thumbnail","hentry","category-bolge","category-featured","category-xeberler","infinite-scroll-item","generate-columns","tablet-grid-50","mobile-grid-100","grid-parent","grid-33","no-featured-image-padding"],"acf":[],"yoast_head":"<!-- This site is optimized with the Yoast SEO plugin v27.4 - https:\/\/yoast.com\/product\/yoast-seo-wordpress\/ -->\n<title>B\u0259rd\u0259d\u0259 yas m\u0259rasimind\u0259 d\u00f6\u015f\u0259m\u0259 u\u00e7ub, \u00f6l\u0259n var (yenil\u0259nib) - MEYDAN.TV<\/title>\n<meta name=\"robots\" content=\"index, follow, max-snippet:-1, max-image-preview:large, max-video-preview:-1\" \/>\n<link rel=\"canonical\" href=\"https:\/\/www.meydan.tv\/az\/article\/berdede-yas-merasiminde-doseme-ucub-olen-var\/\" \/>\n<meta property=\"og:locale\" content=\"az_AZ\" \/>\n<meta property=\"og:type\" content=\"article\" \/>\n<meta property=\"og:title\" content=\"B\u0259rd\u0259d\u0259 yas m\u0259rasimind\u0259 d\u00f6\u015f\u0259m\u0259 u\u00e7ub, \u00f6l\u0259n var (yenil\u0259nib) - MEYDAN.TV\" \/>\n<meta property=\"og:description\" content=\"T\u018fB\u0130B-in yeni m\u0259lumat\u0131nda deyilir ki, B\u0259rd\u0259 rayonunun Yeni Da\u015fk\u0259nd k\u0259ndind\u0259 ... Davam\u0131\" \/>\n<meta property=\"og:url\" content=\"https:\/\/www.meydan.tv\/az\/article\/berdede-yas-merasiminde-doseme-ucub-olen-var\/\" \/>\n<meta property=\"og:site_name\" content=\"MEYDAN.TV\" \/>\n<meta property=\"article:published_time\" content=\"2023-11-23T10:57:29+00:00\" \/>\n<meta property=\"article:modified_time\" content=\"2023-11-23T11:36:05+00:00\" \/>\n<meta property=\"og:image\" content=\"https:\/\/www.meydan.tv\/wp-content\/uploads\/azedu.az_414326568_398.jpg\" \/>\n\t<meta property=\"og:image:width\" content=\"1200\" \/>\n\t<meta property=\"og:image:height\" content=\"649\" \/>\n\t<meta property=\"og:image:type\" content=\"image\/jpeg\" \/>\n<meta name=\"author\" content=\"elli\" \/>\n<meta name=\"twitter:card\" content=\"summary_large_image\" \/>\n<meta name=\"twitter:creator\" content=\"@elli\" \/>\n<script type=\"application\/ld+json\" class=\"yoast-schema-graph\">{\"@context\":\"https:\\\/\\\/schema.org\",\"@graph\":[{\"@type\":\"Article\",\"@id\":\"https:\\\/\\\/www.meydan.tv\\\/az\\\/article\\\/berdede-yas-merasiminde-doseme-ucub-olen-var\\\/#article\",\"isPartOf\":{\"@id\":\"https:\\\/\\\/www.meydan.tv\\\/az\\\/article\\\/berdede-yas-merasiminde-doseme-ucub-olen-var\\\/\"},\"author\":{\"name\":\"elli\",\"@id\":\"https:\\\/\\\/www.meydan.tv\\\/az\\\/#\\\/schema\\\/person\\\/9cdbecf90d17180ce1dfbd95b08dcf47\"},\"headline\":\"B\u0259rd\u0259d\u0259 yas m\u0259rasimind\u0259 d\u00f6\u015f\u0259m\u0259 u\u00e7ub, \u00f6l\u0259n var (yenil\u0259nib)\",\"datePublished\":\"2023-11-23T10:57:29+00:00\",\"dateModified\":\"2023-11-23T11:36:05+00:00\",\"mainEntityOfPage\":{\"@id\":\"https:\\\/\\\/www.meydan.tv\\\/az\\\/article\\\/berdede-yas-merasiminde-doseme-ucub-olen-var\\\/\"},\"wordCount\":395,\"publisher\":{\"@id\":\"https:\\\/\\\/www.meydan.tv\\\/az\\\/#organization\"},\"image\":{\"@id\":\"https:\\\/\\\/www.meydan.tv\\\/az\\\/article\\\/berdede-yas-merasiminde-doseme-ucub-olen-var\\\/#primaryimage\"},\"thumbnailUrl\":\"https:\\\/\\\/www.meydan.tv\\\/wp-content\\\/uploads\\\/azedu.az_414326568_398.jpg\",\"articleSection\":[\"B\u00f6lg\u0259\",\"T\u00f6vsiy\u0259\",\"X\u0259b\u0259rl\u0259r\"],\"inLanguage\":\"az\"},{\"@type\":\"WebPage\",\"@id\":\"https:\\\/\\\/www.meydan.tv\\\/az\\\/article\\\/berdede-yas-merasiminde-doseme-ucub-olen-var\\\/\",\"url\":\"https:\\\/\\\/www.meydan.tv\\\/az\\\/article\\\/berdede-yas-merasiminde-doseme-ucub-olen-var\\\/\",\"name\":\"B\u0259rd\u0259d\u0259 yas m\u0259rasimind\u0259 d\u00f6\u015f\u0259m\u0259 u\u00e7ub, \u00f6l\u0259n var (yenil\u0259nib) - MEYDAN.TV\",\"isPartOf\":{\"@id\":\"https:\\\/\\\/www.meydan.tv\\\/az\\\/#website\"},\"primaryImageOfPage\":{\"@id\":\"https:\\\/\\\/www.meydan.tv\\\/az\\\/article\\\/berdede-yas-merasiminde-doseme-ucub-olen-var\\\/#primaryimage\"},\"image\":{\"@id\":\"https:\\\/\\\/www.meydan.tv\\\/az\\\/article\\\/berdede-yas-merasiminde-doseme-ucub-olen-var\\\/#primaryimage\"},\"thumbnailUrl\":\"https:\\\/\\\/www.meydan.tv\\\/wp-content\\\/uploads\\\/azedu.az_414326568_398.jpg\",\"datePublished\":\"2023-11-23T10:57:29+00:00\",\"dateModified\":\"2023-11-23T11:36:05+00:00\",\"breadcrumb\":{\"@id\":\"https:\\\/\\\/www.meydan.tv\\\/az\\\/article\\\/berdede-yas-merasiminde-doseme-ucub-olen-var\\\/#breadcrumb\"},\"inLanguage\":\"az\",\"potentialAction\":[{\"@type\":\"ReadAction\",\"target\":[\"https:\\\/\\\/www.meydan.tv\\\/az\\\/article\\\/berdede-yas-merasiminde-doseme-ucub-olen-var\\\/\"]}]},{\"@type\":\"ImageObject\",\"inLanguage\":\"az\",\"@id\":\"https:\\\/\\\/www.meydan.tv\\\/az\\\/article\\\/berdede-yas-merasiminde-doseme-ucub-olen-var\\\/#primaryimage\",\"url\":\"https:\\\/\\\/www.meydan.tv\\\/wp-content\\\/uploads\\\/azedu.az_414326568_398.jpg\",\"contentUrl\":\"https:\\\/\\\/www.meydan.tv\\\/wp-content\\\/uploads\\\/azedu.az_414326568_398.jpg\",\"width\":1200,\"height\":649,\"caption\":\"B\u0259rd\u0259. Foto: \\\"edu.az\\\"\"},{\"@type\":\"BreadcrumbList\",\"@id\":\"https:\\\/\\\/www.meydan.tv\\\/az\\\/article\\\/berdede-yas-merasiminde-doseme-ucub-olen-var\\\/#breadcrumb\",\"itemListElement\":[{\"@type\":\"ListItem\",\"position\":1,\"name\":\"Ana s\u0259hif\u0259\",\"item\":\"https:\\\/\\\/www.meydan.tv\\\/az\\\/\"},{\"@type\":\"ListItem\",\"position\":2,\"name\":\"B\u00f6lg\u0259\",\"item\":\"https:\\\/\\\/www.meydan.tv\\\/az\\\/section\\\/bolge\\\/\"},{\"@type\":\"ListItem\",\"position\":3,\"name\":\"B\u0259rd\u0259d\u0259 yas m\u0259rasimind\u0259 d\u00f6\u015f\u0259m\u0259 u\u00e7ub, \u00f6l\u0259n var (yenil\u0259nib)\"}]},{\"@type\":\"WebSite\",\"@id\":\"https:\\\/\\\/www.meydan.tv\\\/az\\\/#website\",\"url\":\"https:\\\/\\\/www.meydan.tv\\\/az\\\/\",\"name\":\"MEYDAN.TV\",\"description\":\"Meydan TV Az\u0259rbaycan\u0131n media m\u0259kan\u0131ndak\u0131 alternativ s\u0259sidir\",\"publisher\":{\"@id\":\"https:\\\/\\\/www.meydan.tv\\\/az\\\/#organization\"},\"potentialAction\":[{\"@type\":\"SearchAction\",\"target\":{\"@type\":\"EntryPoint\",\"urlTemplate\":\"https:\\\/\\\/www.meydan.tv\\\/az\\\/?s={search_term_string}\"},\"query-input\":{\"@type\":\"PropertyValueSpecification\",\"valueRequired\":true,\"valueName\":\"search_term_string\"}}],\"inLanguage\":\"az\"},{\"@type\":\"Organization\",\"@id\":\"https:\\\/\\\/www.meydan.tv\\\/az\\\/#organization\",\"name\":\"Meydan TV\",\"url\":\"https:\\\/\\\/www.meydan.tv\\\/az\\\/\",\"logo\":{\"@type\":\"ImageObject\",\"inLanguage\":\"az\",\"@id\":\"https:\\\/\\\/www.meydan.tv\\\/az\\\/#\\\/schema\\\/logo\\\/image\\\/\",\"url\":\"https:\\\/\\\/www.meydan.tv\\\/wp-content\\\/uploads\\\/2021\\\/07\\\/meydan-logo.svg\",\"contentUrl\":\"https:\\\/\\\/www.meydan.tv\\\/wp-content\\\/uploads\\\/2021\\\/07\\\/meydan-logo.svg\",\"width\":195,\"height\":46,\"caption\":\"Meydan TV\"},\"image\":{\"@id\":\"https:\\\/\\\/www.meydan.tv\\\/az\\\/#\\\/schema\\\/logo\\\/image\\\/\"}},{\"@type\":\"Person\",\"@id\":\"https:\\\/\\\/www.meydan.tv\\\/az\\\/#\\\/schema\\\/person\\\/9cdbecf90d17180ce1dfbd95b08dcf47\",\"name\":\"elli\",\"sameAs\":[\"https:\\\/\\\/x.com\\\/elli\"]}]}<\/script>\n<!-- \/ Yoast SEO plugin. -->","yoast_head_json":{"title":"B\u0259rd\u0259d\u0259 yas m\u0259rasimind\u0259 d\u00f6\u015f\u0259m\u0259 u\u00e7ub, \u00f6l\u0259n var (yenil\u0259nib) - MEYDAN.TV","robots":{"index":"index","follow":"follow","max-snippet":"max-snippet:-1","max-image-preview":"max-image-preview:large","max-video-preview":"max-video-preview:-1"},"canonical":"https:\/\/www.meydan.tv\/az\/article\/berdede-yas-merasiminde-doseme-ucub-olen-var\/","og_locale":"az_AZ","og_type":"article","og_title":"B\u0259rd\u0259d\u0259 yas m\u0259rasimind\u0259 d\u00f6\u015f\u0259m\u0259 u\u00e7ub, \u00f6l\u0259n var (yenil\u0259nib) - MEYDAN.TV","og_description":"T\u018fB\u0130B-in yeni m\u0259lumat\u0131nda deyilir ki, B\u0259rd\u0259 rayonunun Yeni Da\u015fk\u0259nd k\u0259ndind\u0259 ... Davam\u0131","og_url":"https:\/\/www.meydan.tv\/az\/article\/berdede-yas-merasiminde-doseme-ucub-olen-var\/","og_site_name":"MEYDAN.TV","article_published_time":"2023-11-23T10:57:29+00:00","article_modified_time":"2023-11-23T11:36:05+00:00","og_image":[{"width":1200,"height":649,"url":"https:\/\/www.meydan.tv\/wp-content\/uploads\/azedu.az_414326568_398.jpg","type":"image\/jpeg"}],"author":"elli","twitter_card":"summary_large_image","twitter_creator":"@elli","schema":{"@context":"https:\/\/schema.org","@graph":[{"@type":"Article","@id":"https:\/\/www.meydan.tv\/az\/article\/berdede-yas-merasiminde-doseme-ucub-olen-var\/#article","isPartOf":{"@id":"https:\/\/www.meydan.tv\/az\/article\/berdede-yas-merasiminde-doseme-ucub-olen-var\/"},"author":{"name":"elli","@id":"https:\/\/www.meydan.tv\/az\/#\/schema\/person\/9cdbecf90d17180ce1dfbd95b08dcf47"},"headline":"B\u0259rd\u0259d\u0259 yas m\u0259rasimind\u0259 d\u00f6\u015f\u0259m\u0259 u\u00e7ub, \u00f6l\u0259n var (yenil\u0259nib)","datePublished":"2023-11-23T10:57:29+00:00","dateModified":"2023-11-23T11:36:05+00:00","mainEntityOfPage":{"@id":"https:\/\/www.meydan.tv\/az\/article\/berdede-yas-merasiminde-doseme-ucub-olen-var\/"},"wordCount":395,"publisher":{"@id":"https:\/\/www.meydan.tv\/az\/#organization"},"image":{"@id":"https:\/\/www.meydan.tv\/az\/article\/berdede-yas-merasiminde-doseme-ucub-olen-var\/#primaryimage"},"thumbnailUrl":"https:\/\/www.meydan.tv\/wp-content\/uploads\/azedu.az_414326568_398.jpg","articleSection":["B\u00f6lg\u0259","T\u00f6vsiy\u0259","X\u0259b\u0259rl\u0259r"],"inLanguage":"az"},{"@type":"WebPage","@id":"https:\/\/www.meydan.tv\/az\/article\/berdede-yas-merasiminde-doseme-ucub-olen-var\/","url":"https:\/\/www.meydan.tv\/az\/article\/berdede-yas-merasiminde-doseme-ucub-olen-var\/","name":"B\u0259rd\u0259d\u0259 yas m\u0259rasimind\u0259 d\u00f6\u015f\u0259m\u0259 u\u00e7ub, \u00f6l\u0259n var (yenil\u0259nib) - MEYDAN.TV","isPartOf":{"@id":"https:\/\/www.meydan.tv\/az\/#website"},"primaryImageOfPage":{"@id":"https:\/\/www.meydan.tv\/az\/article\/berdede-yas-merasiminde-doseme-ucub-olen-var\/#primaryimage"},"image":{"@id":"https:\/\/www.meydan.tv\/az\/article\/berdede-yas-merasiminde-doseme-ucub-olen-var\/#primaryimage"},"thumbnailUrl":"https:\/\/www.meydan.tv\/wp-content\/uploads\/azedu.az_414326568_398.jpg","datePublished":"2023-11-23T10:57:29+00:00","dateModified":"2023-11-23T11:36:05+00:00","breadcrumb":{"@id":"https:\/\/www.meydan.tv\/az\/article\/berdede-yas-merasiminde-doseme-ucub-olen-var\/#breadcrumb"},"inLanguage":"az","potentialAction":[{"@type":"ReadAction","target":["https:\/\/www.meydan.tv\/az\/article\/berdede-yas-merasiminde-doseme-ucub-olen-var\/"]}]},{"@type":"ImageObject","inLanguage":"az","@id":"https:\/\/www.meydan.tv\/az\/article\/berdede-yas-merasiminde-doseme-ucub-olen-var\/#primaryimage","url":"https:\/\/www.meydan.tv\/wp-content\/uploads\/azedu.az_414326568_398.jpg","contentUrl":"https:\/\/www.meydan.tv\/wp-content\/uploads\/azedu.az_414326568_398.jpg","width":1200,"height":649,"caption":"B\u0259rd\u0259. Foto: \"edu.az\""},{"@type":"BreadcrumbList","@id":"https:\/\/www.meydan.tv\/az\/article\/berdede-yas-merasiminde-doseme-ucub-olen-var\/#breadcrumb","itemListElement":[{"@type":"ListItem","position":1,"name":"Ana s\u0259hif\u0259","item":"https:\/\/www.meydan.tv\/az\/"},{"@type":"ListItem","position":2,"name":"B\u00f6lg\u0259","item":"https:\/\/www.meydan.tv\/az\/section\/bolge\/"},{"@type":"ListItem","position":3,"name":"B\u0259rd\u0259d\u0259 yas m\u0259rasimind\u0259 d\u00f6\u015f\u0259m\u0259 u\u00e7ub, \u00f6l\u0259n var (yenil\u0259nib)"}]},{"@type":"WebSite","@id":"https:\/\/www.meydan.tv\/az\/#website","url":"https:\/\/www.meydan.tv\/az\/","name":"MEYDAN.TV","description":"Meydan TV Az\u0259rbaycan\u0131n media m\u0259kan\u0131ndak\u0131 alternativ s\u0259sidir","publisher":{"@id":"https:\/\/www.meydan.tv\/az\/#organization"},"potentialAction":[{"@type":"SearchAction","target":{"@type":"EntryPoint","urlTemplate":"https:\/\/www.meydan.tv\/az\/?s={search_term_string}"},"query-input":{"@type":"PropertyValueSpecification","valueRequired":true,"valueName":"search_term_string"}}],"inLanguage":"az"},{"@type":"Organization","@id":"https:\/\/www.meydan.tv\/az\/#organization","name":"Meydan TV","url":"https:\/\/www.meydan.tv\/az\/","logo":{"@type":"ImageObject","inLanguage":"az","@id":"https:\/\/www.meydan.tv\/az\/#\/schema\/logo\/image\/","url":"https:\/\/www.meydan.tv\/wp-content\/uploads\/2021\/07\/meydan-logo.svg","contentUrl":"https:\/\/www.meydan.tv\/wp-content\/uploads\/2021\/07\/meydan-logo.svg","width":195,"height":46,"caption":"Meydan TV"},"image":{"@id":"https:\/\/www.meydan.tv\/az\/#\/schema\/logo\/image\/"}},{"@type":"Person","@id":"https:\/\/www.meydan.tv\/az\/#\/schema\/person\/9cdbecf90d17180ce1dfbd95b08dcf47","name":"elli","sameAs":["https:\/\/x.com\/elli"]}]}},"_links":{"self":[{"href":"https:\/\/www.meydan.tv\/az\/wp-json\/wp\/v2\/posts\/291332","targetHints":{"allow":["GET"]}}],"collection":[{"href":"https:\/\/www.meydan.tv\/az\/wp-json\/wp\/v2\/posts"}],"about":[{"href":"https:\/\/www.meydan.tv\/az\/wp-json\/wp\/v2\/types\/post"}],"author":[{"embeddable":true,"href":"https:\/\/www.meydan.tv\/az\/wp-json\/wp\/v2\/users\/8"}],"replies":[{"embeddable":true,"href":"https:\/\/www.meydan.tv\/az\/wp-json\/wp\/v2\/comments?post=291332"}],"version-history":[{"count":4,"href":"https:\/\/www.meydan.tv\/az\/wp-json\/wp\/v2\/posts\/291332\/revisions"}],"predecessor-version":[{"id":291349,"href":"https:\/\/www.meydan.tv\/az\/wp-json\/wp\/v2\/posts\/291332\/revisions\/291349"}],"wp:featuredmedia":[{"embeddable":true,"href":"https:\/\/www.meydan.tv\/az\/wp-json\/wp\/v2\/media\/267150"}],"wp:attachment":[{"href":"https:\/\/www.meydan.tv\/az\/wp-json\/wp\/v2\/media?parent=291332"}],"wp:term":[{"taxonomy":"category","embeddable":true,"href":"https:\/\/www.meydan.tv\/az\/wp-json\/wp\/v2\/categories?post=291332"},{"taxonomy":"post_tag","embeddable":true,"href":"https:\/\/www.meydan.tv\/az\/wp-json\/wp\/v2\/tags?post=291332"}],"curies":[{"name":"wp","href":"https:\/\/api.w.org\/{rel}","templated":true}]}}