{"id":291303,"date":"2023-11-23T12:55:29","date_gmt":"2023-11-23T08:55:29","guid":{"rendered":"https:\/\/www.meydan.tv\/?p=291303"},"modified":"2023-11-23T20:19:12","modified_gmt":"2023-11-23T16:19:12","slug":"vekil-mehemmed-kekalovun-harada-saxlanildigini-oyrenib","status":"publish","type":"post","link":"https:\/\/www.meydan.tv\/az\/article\/vekil-mehemmed-kekalovun-harada-saxlanildigini-oyrenib\/","title":{"rendered":"M\u0259h\u0259mm\u0259d Kekalov bar\u0259sind\u0259 h\u0259bs q\u0259timkan t\u0259dbiri se\u00e7ildi (Yenil\u0259nib)"},"content":{"rendered":"\n<p><em><strong>M\u0259h\u0259mm\u0259d Kekalovla ba\u011fl\u0131 3 ay 27 g\u00fcn h\u0259bs q\u0259timkan t\u0259dbiri se\u00e7ildi<\/strong><\/em><\/p>\n\n\n\n<p>\u201cAbzasMedia\u201d sayt\u0131n\u0131n direktor m\u00fcavini, noyabr\u0131n 20-d\u0259 saxlan\u0131lan M\u0259h\u0259mm\u0259d Kekalov haqq\u0131nda da h\u0259bs q\u0259rar\u0131 verilib.<\/p>\n\n\n\n<p>Noyabr\u0131n 23-d\u0259 X\u0259tai Rayon M\u0259hk\u0259m\u0259sind\u0259 onun bar\u0259sind\u0259 ilkin istintaq d\u00f6vr\u00fc \u00fc\u00e7\u00fcn 3 ay 27 g\u00fcnl\u00fck h\u0259bs q\u0259timkan t\u0259dbiri se\u00e7ilib.<\/p>\n\n\n\n<p>M\u0259hk\u0259m\u0259 istintaq d\u00f6vr\u00fcnd\u0259 M\u0259h\u0259mm\u0259d Kekalovun h\u0259bsd\u0259 saxlanmas\u0131 \u00fc\u00e7\u00fcn prokurorun verdiyi t\u0259qdimat\u0131 t\u0259min edib.<\/p>\n\n\n\n<p>\u201cAbzasMedia\u201dn\u0131n direktoru \u00dclvi H\u0259s\u0259nli v\u0259 ba\u015f redaktoru Sevinc Vaqifq\u0131z\u0131 kimi, M\u0259h\u0259mm\u0259d Kekalova da Cinay\u0259t M\u0259c\u0259ll\u0259sinin 206.3.2. (qabaqcadan \u0259lbir olan bir qrup \u015f\u0259xs t\u0259r\u0259find\u0259n qa\u00e7aqmal\u00e7\u0131l\u0131q) madd\u0259sil\u0259 ittiham verilib.<\/p>\n\n\n\n<hr class=\"wp-block-separator has-alpha-channel-opacity\"\/>\n\n\n\n<p><strong>Noyabr\u0131n 20-d\u0259n saxlan\u0131lan ictimai f\u0259al M\u0259h\u0259mm\u0259d Kekalovun v\u0259kili R\u00f6v\u015fan\u0259 R\u0259himli onunla \u00fc\u00e7 g\u00fcn sonra \u2013 noyabr\u0131n 23-d\u0259 g\u00f6r\u00fc\u015f\u0259 bilib.<\/strong><\/p>\n\n\n\n<p><strong>V\u0259kilin Meydan TV-y\u0259 bildirdiyin\u0259 g\u00f6r\u0259, g\u00f6r\u00fc\u015f zaman\u0131 M\u0259h\u0259mm\u0259d Kekalov onun h\u00fcquqi yard\u0131m\u0131ndan imtina edib.<\/strong><\/p>\n\n\n\n<p><strong>R\u00f6v\u015fan\u0259 R\u0259himli ictimai f\u0259alla X\u0259tai Rayon Polis \u0130dar\u0259sind\u0259 g\u00f6r\u00fc\u015f\u00fcb.<\/strong><\/p>\n\n\n\n<p><strong>V\u0259kilin s\u00f6zl\u0259rin\u0259 g\u00f6r\u0259, g\u00f6r\u00fc\u015fd\u0259 m\u00fcst\u0259ntiq d\u0259 i\u015ftirak edib.<\/strong><\/p>\n\n\n\n<p><strong>Onun s\u00f6zl\u0259rin\u0259 g\u00f6r\u0259, m\u00fcv\u0259kkili il\u0259 t\u0259klikd\u0259 g\u00f6r\u00fc\u015f\u00fcb, m\u00fc\u0259yy\u0259n m\u0259s\u0259l\u0259l\u0259ri ayd\u0131nla\u015fd\u0131rmaq ist\u0259s\u0259 d\u0259, m\u00fcst\u0259ntiq buna icaz\u0259 verm\u0259yib:<\/strong><\/p>\n\n\n\n<p><strong>\u201c<em>G\u00f6r\u00fc\u015f \u00e7ox q\u0131sa \u00e7\u0259kdi. M\u0259h\u0259mm\u0259d Kekalov bildirdi ki, \u00f6z\u00fcn\u00fc t\u0259qsirli bilmir, he\u00e7 bir cinay\u0259t t\u00f6r\u0259tm\u0259yib. Ona g\u00f6r\u0259 d\u0259 \u0259lav\u0259 v\u0259kil ist\u0259mir\u201d.<\/em><\/strong><\/p>\n\n\n\n<p><strong>\u0130ctimai f\u0259ala d\u00f6vl\u0259t hesab\u0131na v\u0259kil t\u0259yin olunub.<\/strong><\/p>\n\n\n\n<p><strong>R\u00f6v\u015fan\u0259 R\u0259himli \u0259lav\u0259 edib ki, m\u00fcst\u0259ntiq ona M\u0259h\u0259mm\u0259d Kekalovun \u015f\u00fcbh\u0259li \u015f\u0259xs qismind\u0259 saxland\u0131\u011f\u0131n\u0131 bildirib.&nbsp;<\/strong><\/p>\n\n\n\n<p><\/p>\n\n\n\n<hr class=\"wp-block-separator has-alpha-channel-opacity\"\/>\n\n\n\n<p><strong>R\u00f6v\u015fan\u0259 R\u0259himli: \u201cM\u00fcst\u0259ntiql\u0259 dan\u0131\u015fd\u0131m, saat 3-d\u0259 g\u00f6r\u00fc\u015f\u0259c\u0259y\u0259m\u201d<\/strong><\/p>\n\n\n\n<p>\u201cAbzasMedia\u201d sayt\u0131n\u0131n direktoru \u00dclvi H\u0259s\u0259nlinin saxlanmas\u0131ndan az sonra m\u00fclki geyimli \u015f\u0259xsl\u0259r t\u0259r\u0259find\u0259n evind\u0259n zorla apar\u0131ld\u0131\u011f\u0131 deyil\u0259n ictimai f\u0259al M\u0259h\u0259mm\u0259d Kekalovun yeri m\u0259lum olub.<\/p>\n\n\n\n<p>Onun v\u0259kili R\u00f6v\u015fan\u0259 R\u0259himlinin verdiyi m\u0259lumata g\u00f6r\u0259, g\u0259nc f\u0259al haz\u0131rda X\u0259tai Rayon Polis \u0130dar\u0259sind\u0259dir.<\/p>\n\n\n\n<p>\u201c<em>M\u0259h\u0259mm\u0259d Kekalovun i\u015fi \u00fczr\u0259 m\u00fcst\u0259ntiql\u0259 dan\u0131\u015fd\u0131m. Saat 3-d\u0259 M\u0259h\u0259mm\u0259dl\u0259 g\u00f6r\u00fc\u015f\u0259c\u0259y\u0259m\u201d,<\/em> &#8211; R\u00f6v\u015fan\u0259 R\u0259himli bildirib.<\/p>\n\n\n\n<p>V\u0259kil 3 g\u00fcnd\u00fcr ki, m\u00fcxt\u0259lif d\u00f6vl\u0259t orqanlar\u0131na m\u00fcraci\u0259t ets\u0259 d\u0259, h\u00fcquqlar\u0131n\u0131 m\u00fcdafi\u0259 etdiyi \u015f\u0259xsl\u0259 g\u00f6r\u00fc\u015f\u0259 bilmirdi.<\/p>\n\n\n\n<p>M\u00fcdafi\u0259\u00e7inin bildirdiyin\u0259 g\u00f6r\u0259, h\u0259tta M\u0259h\u0259mm\u0259d Kekalovun harada oldu\u011fu bar\u0259d\u0259 d\u0259 m\u0259lumat verilmirdi.<\/p>\n\n\n<div class=\"wp-block-image\">\n<figure class=\"aligncenter size-large is-resized\"><img decoding=\"async\" width=\"1095\" height=\"821\" data-src=\"https:\/\/www.meydan.tv\/wp-content\/uploads\/photo-2023-10-02-19-52-57-1095x821.jpg\" alt=\"\" class=\"wp-image-286659 lazyload\" style=\"--smush-placeholder-width: 1095px; --smush-placeholder-aspect-ratio: 1095\/821;width:790px;height:auto\" src=\"data:image\/svg+xml;base64,PHN2ZyB3aWR0aD0iMSIgaGVpZ2h0PSIxIiB4bWxucz0iaHR0cDovL3d3dy53My5vcmcvMjAwMC9zdmciPjwvc3ZnPg==\" \/><figcaption class=\"wp-element-caption\">R\u00f6v\u015fan\u0259 R\u0259himli. Foto: Meydan TV<\/figcaption><\/figure>\n<\/div>\n\n\n<p>Yaln\u0131z noyabr\u0131n 22-d\u0259 Daxili \u0130\u015fl\u0259r Nazirliyinin m\u0259tbuat xidm\u0259tinin r\u0259hb\u0259ri El\u015fad Hac\u0131yev ictimai f\u0259al\u0131n cinay\u0259t m\u0259suliyy\u0259tin\u0259 c\u0259lb olundu\u011funu bildirib:<\/p>\n\n\n\n<p>\u201c<em>M\u0259h\u0259mm\u0259d Kekalovla ba\u011fl\u0131 Daxili \u0130\u015fl\u0259r Nazirliyinin 102 xidm\u0259tin\u0259 sonuncu m\u00fcraci\u0259tim noyabr\u0131n 22-n\u0259 ke\u00e7\u0259n gec\u0259 saat 01.52 rad\u0259l\u0259rind\u0259 olub. Xahi\u015f etmi\u015f\u0259m ki, \u015fikay\u0259timi t\u0259krar qeyd\u0259 als\u0131nlar. Noyabr\u0131n 22-d\u0259 is\u0259 El\u015fad Hac\u0131yev m\u0259n\u0259 onun cinay\u0259t m\u0259suliyy\u0259tin\u0259 c\u0259lb edildiyini v\u0259 ba\u015fqa v\u0259kili oldu\u011funu bildirdi. Halbuki onun v\u0259kili m\u0259n\u0259m v\u0259 bu bar\u0259d\u0259 aidiyy\u0259ti qurumlar\u0131 r\u0259smi \u015f\u0259kild\u0259 m\u0259lumatland\u0131rm\u0131\u015fam\u201d.<\/em><\/p>\n\n\n\n<p>El\u015fad Hac\u0131yevin bildirdiyin\u0259 g\u00f6r\u0259, M\u0259h\u0259mm\u0259d Kekalov da \u201cAbzasMedia\u201dn\u0131n direktoru \u00dclvi H\u0259s\u0259nli v\u0259 ba\u015f redaktoru Sevinc Vaqifq\u0131z\u0131yla eyni cinay\u0259t i\u015fi \u00fczr\u0259 m\u0259suliyy\u0259t\u0259 c\u0259lb olunub.<\/p>\n\n\n<div class=\"wp-block-image\">\n<figure class=\"aligncenter size-full\"><img decoding=\"async\" width=\"1200\" height=\"805\" data-src=\"https:\/\/www.meydan.tv\/wp-content\/uploads\/615423a8-98d8-4f4d-95c7-9ce40522b9fa.jpg\" alt=\"\" class=\"wp-image-279306 lazyload\" src=\"data:image\/svg+xml;base64,PHN2ZyB3aWR0aD0iMSIgaGVpZ2h0PSIxIiB4bWxucz0iaHR0cDovL3d3dy53My5vcmcvMjAwMC9zdmciPjwvc3ZnPg==\" style=\"--smush-placeholder-width: 1200px; --smush-placeholder-aspect-ratio: 1200\/805;\" \/><figcaption class=\"wp-element-caption\">Foto: El\u015fad Hac\u0131yevin \u015f\u0259xsi arxivind\u0259n g\u00f6t\u00fcr\u00fcl\u00fcb<\/figcaption><\/figure>\n<\/div>\n\n\n<p>S\u00f6hb\u0259t Cinay\u0259t M\u0259c\u0259ll\u0259sinin 206.3.2. (qabaqcadan \u0259lbir olan bir qrup \u015f\u0259xs t\u0259r\u0259find\u0259n qa\u00e7aqmal\u00e7\u0131l\u0131q) madd\u0259sil\u0259 ba\u015flanm\u0131\u015f cinay\u0259t i\u015find\u0259n gedir.<\/p>\n\n\n\n<p>G\u00fcnl\u0259rl\u0259 M\u0259h\u0259mm\u0259d Kekalovun yeri bar\u0259d\u0259 m\u0259lumat verilm\u0259m\u0259si, v\u0259kili v\u0259 yax\u0131nlar\u0131n\u0131n onunla g\u00f6r\u00fc\u015f\u0259 burax\u0131lmamas\u0131 onun i\u015fg\u0259nc\u0259y\u0259 m\u0259ruz qalmas\u0131yla ba\u011fl\u0131 ehtimallara \u0259sas verib.<\/p>\n\n\n\n<p>Sosial \u015f\u0259b\u0259k\u0259l\u0259rd\u0259 ona i\u015fg\u0259nc\u0259 veril\u0259r\u0259k \u00dclvi H\u0259s\u0259nli v\u0259 Sevinc Vaqifq\u0131z\u0131 \u0259leyhin\u0259 ifad\u0259l\u0259r alma\u011fa c\u0259hd g\u00f6st\u0259rildiyi bar\u0259d\u0259 iddialar s\u0259sl\u0259nir.<\/p>\n\n\n\n<p>\u00dclvi H\u0259s\u0259nli noyabr\u0131n 20-d\u0259 s\u0259h\u0259r saat 5 rad\u0259l\u0259rind\u0259 evinin qar\u015f\u0131s\u0131nda taksiy\u0259 min\u0259rk\u0259n saxlan\u0131l\u0131b.<\/p>\n\n\n\n<p>Sevinc Vaqifq\u0131z\u0131 noyabr\u0131n 21-n\u0259 ke\u00e7\u0259n gec\u0259 saat 2 rad\u0259l\u0259rind\u0259 \u00f6lk\u0259y\u0259 qay\u0131dark\u0259n Bak\u0131dak\u0131 hava liman\u0131nda t\u0259yyar\u0259 yer\u0259 en\u0259n kimi saxlan\u0131l\u0131b.<\/p>\n\n\n\n<p>Noyabr\u0131n 20-d\u0259 \u201cAbzasMedia\u201dn\u0131n ofisind\u0259 v\u0259 \u00dclvi H\u0259s\u0259nlinin evind\u0259, Sevinc Vaqifq\u0131z\u0131 saxland\u0131qdan d\u0259rhal sonra is\u0259 gec\u0259 saat 3 rad\u0259l\u0259rind\u0259 onun ya\u015fad\u0131\u011f\u0131 m\u0259nzild\u0259 axtar\u0131\u015f apar\u0131l\u0131b.<\/p>\n\n\n\n<p>Sayt\u0131n ofisind\u0259n 40 min avro pul tap\u0131ld\u0131\u011f\u0131 iddia olunub.<\/p>\n\n\n\n<p>\u00dclvi H\u0259s\u0259nli is\u0259 orada pul olmad\u0131\u011f\u0131n\u0131, 40 min avronun ofis\u0259 onu tapd\u0131\u011f\u0131n\u0131 iddia ed\u0259nl\u0259rin \u00f6zl\u0259ri t\u0259r\u0259find\u0259n qoyuldu\u011funu bildirib.<\/p>\n\n\n\n<p>H\u0259m \u00dclvi H\u0259s\u0259nli, h\u0259m d\u0259 Sevinc Vaqifq\u0131z\u0131 onlara qar\u015f\u0131 ir\u0259li s\u00fcr\u00fcl\u0259n ittiham\u0131n absurd oldu\u011funu, \u201cAbzasMedia\u201dn\u0131n f\u0259aliyy\u0259tin\u0259, konkret olaraq, korrupsiya ara\u015fd\u0131rmalar\u0131na g\u00f6r\u0259 h\u0259bs olunduqlar\u0131n\u0131 bildiribl\u0259r.<\/p>\n","protected":false},"excerpt":{"rendered":"<p>M\u0259h\u0259mm\u0259d Kekalovla ba\u011fl\u0131 3 ay 27 g\u00fcn h\u0259bs q\u0259timkan t\u0259dbiri &#8230; <\/p>\n<p class=\"read-more-container\"><a title=\"M\u0259h\u0259mm\u0259d Kekalov bar\u0259sind\u0259 h\u0259bs q\u0259timkan t\u0259dbiri se\u00e7ildi (Yenil\u0259nib)\" class=\"read-more button\" href=\"https:\/\/www.meydan.tv\/az\/article\/vekil-mehemmed-kekalovun-harada-saxlanildigini-oyrenib\/#more-291303\" aria-label=\"Read more about M\u0259h\u0259mm\u0259d Kekalov bar\u0259sind\u0259 h\u0259bs q\u0259timkan t\u0259dbiri se\u00e7ildi (Yenil\u0259nib)\">Davam\u0131<\/a><\/p>\n","protected":false},"author":8,"featured_media":290941,"comment_status":"closed","ping_status":"closed","sticky":false,"template":"","format":"standard","meta":{"_acf_changed":false,"_sitemap_exclude":false,"_sitemap_priority":"","_sitemap_frequency":"","footnotes":""},"categories":[59,79,56],"tags":[],"class_list":["post-291303","post","type-post","status-publish","format-standard","has-post-thumbnail","hentry","category-siyaset","category-featured","category-xeberler","infinite-scroll-item","generate-columns","tablet-grid-50","mobile-grid-100","grid-parent","grid-33","no-featured-image-padding"],"acf":[],"yoast_head":"<!-- This site is optimized with the Yoast SEO plugin v27.4 - https:\/\/yoast.com\/product\/yoast-seo-wordpress\/ -->\n<title>M\u0259h\u0259mm\u0259d Kekalov bar\u0259sind\u0259 h\u0259bs q\u0259timkan t\u0259dbiri se\u00e7ildi (Yenil\u0259nib) - MEYDAN.TV<\/title>\n<meta name=\"robots\" content=\"index, follow, max-snippet:-1, max-image-preview:large, max-video-preview:-1\" \/>\n<link rel=\"canonical\" href=\"https:\/\/www.meydan.tv\/az\/article\/vekil-mehemmed-kekalovun-harada-saxlanildigini-oyrenib\/\" \/>\n<meta property=\"og:locale\" content=\"az_AZ\" \/>\n<meta property=\"og:type\" content=\"article\" \/>\n<meta property=\"og:title\" content=\"M\u0259h\u0259mm\u0259d Kekalov bar\u0259sind\u0259 h\u0259bs q\u0259timkan t\u0259dbiri se\u00e7ildi (Yenil\u0259nib) - MEYDAN.TV\" \/>\n<meta property=\"og:description\" content=\"M\u0259h\u0259mm\u0259d Kekalovla ba\u011fl\u0131 3 ay 27 g\u00fcn h\u0259bs q\u0259timkan t\u0259dbiri ... Davam\u0131\" \/>\n<meta property=\"og:url\" content=\"https:\/\/www.meydan.tv\/az\/article\/vekil-mehemmed-kekalovun-harada-saxlanildigini-oyrenib\/\" \/>\n<meta property=\"og:site_name\" content=\"MEYDAN.TV\" \/>\n<meta property=\"article:published_time\" content=\"2023-11-23T08:55:29+00:00\" \/>\n<meta property=\"article:modified_time\" content=\"2023-11-23T16:19:12+00:00\" \/>\n<meta property=\"og:image\" content=\"https:\/\/www.meydan.tv\/wp-content\/uploads\/1-17-e1700498170368.jpg\" \/>\n\t<meta property=\"og:image:width\" content=\"1920\" \/>\n\t<meta property=\"og:image:height\" content=\"729\" \/>\n\t<meta property=\"og:image:type\" content=\"image\/jpeg\" \/>\n<meta name=\"author\" content=\"elli\" \/>\n<meta name=\"twitter:card\" content=\"summary_large_image\" \/>\n<meta name=\"twitter:creator\" content=\"@elli\" \/>\n<script type=\"application\/ld+json\" class=\"yoast-schema-graph\">{\"@context\":\"https:\\\/\\\/schema.org\",\"@graph\":[{\"@type\":\"Article\",\"@id\":\"https:\\\/\\\/www.meydan.tv\\\/az\\\/article\\\/vekil-mehemmed-kekalovun-harada-saxlanildigini-oyrenib\\\/#article\",\"isPartOf\":{\"@id\":\"https:\\\/\\\/www.meydan.tv\\\/az\\\/article\\\/vekil-mehemmed-kekalovun-harada-saxlanildigini-oyrenib\\\/\"},\"author\":{\"name\":\"elli\",\"@id\":\"https:\\\/\\\/www.meydan.tv\\\/az\\\/#\\\/schema\\\/person\\\/9cdbecf90d17180ce1dfbd95b08dcf47\"},\"headline\":\"M\u0259h\u0259mm\u0259d Kekalov bar\u0259sind\u0259 h\u0259bs q\u0259timkan t\u0259dbiri se\u00e7ildi (Yenil\u0259nib)\",\"datePublished\":\"2023-11-23T08:55:29+00:00\",\"dateModified\":\"2023-11-23T16:19:12+00:00\",\"mainEntityOfPage\":{\"@id\":\"https:\\\/\\\/www.meydan.tv\\\/az\\\/article\\\/vekil-mehemmed-kekalovun-harada-saxlanildigini-oyrenib\\\/\"},\"wordCount\":996,\"publisher\":{\"@id\":\"https:\\\/\\\/www.meydan.tv\\\/az\\\/#organization\"},\"image\":{\"@id\":\"https:\\\/\\\/www.meydan.tv\\\/az\\\/article\\\/vekil-mehemmed-kekalovun-harada-saxlanildigini-oyrenib\\\/#primaryimage\"},\"thumbnailUrl\":\"https:\\\/\\\/www.meydan.tv\\\/wp-content\\\/uploads\\\/1-17-e1700498170368.jpg\",\"articleSection\":[\"Siyas\u0259t\",\"T\u00f6vsiy\u0259\",\"X\u0259b\u0259rl\u0259r\"],\"inLanguage\":\"az\"},{\"@type\":\"WebPage\",\"@id\":\"https:\\\/\\\/www.meydan.tv\\\/az\\\/article\\\/vekil-mehemmed-kekalovun-harada-saxlanildigini-oyrenib\\\/\",\"url\":\"https:\\\/\\\/www.meydan.tv\\\/az\\\/article\\\/vekil-mehemmed-kekalovun-harada-saxlanildigini-oyrenib\\\/\",\"name\":\"M\u0259h\u0259mm\u0259d Kekalov bar\u0259sind\u0259 h\u0259bs q\u0259timkan t\u0259dbiri se\u00e7ildi (Yenil\u0259nib) - MEYDAN.TV\",\"isPartOf\":{\"@id\":\"https:\\\/\\\/www.meydan.tv\\\/az\\\/#website\"},\"primaryImageOfPage\":{\"@id\":\"https:\\\/\\\/www.meydan.tv\\\/az\\\/article\\\/vekil-mehemmed-kekalovun-harada-saxlanildigini-oyrenib\\\/#primaryimage\"},\"image\":{\"@id\":\"https:\\\/\\\/www.meydan.tv\\\/az\\\/article\\\/vekil-mehemmed-kekalovun-harada-saxlanildigini-oyrenib\\\/#primaryimage\"},\"thumbnailUrl\":\"https:\\\/\\\/www.meydan.tv\\\/wp-content\\\/uploads\\\/1-17-e1700498170368.jpg\",\"datePublished\":\"2023-11-23T08:55:29+00:00\",\"dateModified\":\"2023-11-23T16:19:12+00:00\",\"breadcrumb\":{\"@id\":\"https:\\\/\\\/www.meydan.tv\\\/az\\\/article\\\/vekil-mehemmed-kekalovun-harada-saxlanildigini-oyrenib\\\/#breadcrumb\"},\"inLanguage\":\"az\",\"potentialAction\":[{\"@type\":\"ReadAction\",\"target\":[\"https:\\\/\\\/www.meydan.tv\\\/az\\\/article\\\/vekil-mehemmed-kekalovun-harada-saxlanildigini-oyrenib\\\/\"]}]},{\"@type\":\"ImageObject\",\"inLanguage\":\"az\",\"@id\":\"https:\\\/\\\/www.meydan.tv\\\/az\\\/article\\\/vekil-mehemmed-kekalovun-harada-saxlanildigini-oyrenib\\\/#primaryimage\",\"url\":\"https:\\\/\\\/www.meydan.tv\\\/wp-content\\\/uploads\\\/1-17-e1700498170368.jpg\",\"contentUrl\":\"https:\\\/\\\/www.meydan.tv\\\/wp-content\\\/uploads\\\/1-17-e1700498170368.jpg\",\"width\":1920,\"height\":729,\"caption\":\"Foto: M\u0259h\u0259mm\u0259d Kekalovun \u015f\u0259xsi arxivind\u0259n\"},{\"@type\":\"BreadcrumbList\",\"@id\":\"https:\\\/\\\/www.meydan.tv\\\/az\\\/article\\\/vekil-mehemmed-kekalovun-harada-saxlanildigini-oyrenib\\\/#breadcrumb\",\"itemListElement\":[{\"@type\":\"ListItem\",\"position\":1,\"name\":\"Ana s\u0259hif\u0259\",\"item\":\"https:\\\/\\\/www.meydan.tv\\\/az\\\/\"},{\"@type\":\"ListItem\",\"position\":2,\"name\":\"Siyas\u0259t\",\"item\":\"https:\\\/\\\/www.meydan.tv\\\/az\\\/section\\\/siyaset\\\/\"},{\"@type\":\"ListItem\",\"position\":3,\"name\":\"M\u0259h\u0259mm\u0259d Kekalov bar\u0259sind\u0259 h\u0259bs q\u0259timkan t\u0259dbiri se\u00e7ildi (Yenil\u0259nib)\"}]},{\"@type\":\"WebSite\",\"@id\":\"https:\\\/\\\/www.meydan.tv\\\/az\\\/#website\",\"url\":\"https:\\\/\\\/www.meydan.tv\\\/az\\\/\",\"name\":\"MEYDAN.TV\",\"description\":\"Meydan TV Az\u0259rbaycan\u0131n media m\u0259kan\u0131ndak\u0131 alternativ s\u0259sidir\",\"publisher\":{\"@id\":\"https:\\\/\\\/www.meydan.tv\\\/az\\\/#organization\"},\"potentialAction\":[{\"@type\":\"SearchAction\",\"target\":{\"@type\":\"EntryPoint\",\"urlTemplate\":\"https:\\\/\\\/www.meydan.tv\\\/az\\\/?s={search_term_string}\"},\"query-input\":{\"@type\":\"PropertyValueSpecification\",\"valueRequired\":true,\"valueName\":\"search_term_string\"}}],\"inLanguage\":\"az\"},{\"@type\":\"Organization\",\"@id\":\"https:\\\/\\\/www.meydan.tv\\\/az\\\/#organization\",\"name\":\"Meydan TV\",\"url\":\"https:\\\/\\\/www.meydan.tv\\\/az\\\/\",\"logo\":{\"@type\":\"ImageObject\",\"inLanguage\":\"az\",\"@id\":\"https:\\\/\\\/www.meydan.tv\\\/az\\\/#\\\/schema\\\/logo\\\/image\\\/\",\"url\":\"https:\\\/\\\/www.meydan.tv\\\/wp-content\\\/uploads\\\/2021\\\/07\\\/meydan-logo.svg\",\"contentUrl\":\"https:\\\/\\\/www.meydan.tv\\\/wp-content\\\/uploads\\\/2021\\\/07\\\/meydan-logo.svg\",\"width\":195,\"height\":46,\"caption\":\"Meydan TV\"},\"image\":{\"@id\":\"https:\\\/\\\/www.meydan.tv\\\/az\\\/#\\\/schema\\\/logo\\\/image\\\/\"}},{\"@type\":\"Person\",\"@id\":\"https:\\\/\\\/www.meydan.tv\\\/az\\\/#\\\/schema\\\/person\\\/9cdbecf90d17180ce1dfbd95b08dcf47\",\"name\":\"elli\",\"sameAs\":[\"https:\\\/\\\/x.com\\\/elli\"]}]}<\/script>\n<!-- \/ Yoast SEO plugin. -->","yoast_head_json":{"title":"M\u0259h\u0259mm\u0259d Kekalov bar\u0259sind\u0259 h\u0259bs q\u0259timkan t\u0259dbiri se\u00e7ildi (Yenil\u0259nib) - MEYDAN.TV","robots":{"index":"index","follow":"follow","max-snippet":"max-snippet:-1","max-image-preview":"max-image-preview:large","max-video-preview":"max-video-preview:-1"},"canonical":"https:\/\/www.meydan.tv\/az\/article\/vekil-mehemmed-kekalovun-harada-saxlanildigini-oyrenib\/","og_locale":"az_AZ","og_type":"article","og_title":"M\u0259h\u0259mm\u0259d Kekalov bar\u0259sind\u0259 h\u0259bs q\u0259timkan t\u0259dbiri se\u00e7ildi (Yenil\u0259nib) - MEYDAN.TV","og_description":"M\u0259h\u0259mm\u0259d Kekalovla ba\u011fl\u0131 3 ay 27 g\u00fcn h\u0259bs q\u0259timkan t\u0259dbiri ... Davam\u0131","og_url":"https:\/\/www.meydan.tv\/az\/article\/vekil-mehemmed-kekalovun-harada-saxlanildigini-oyrenib\/","og_site_name":"MEYDAN.TV","article_published_time":"2023-11-23T08:55:29+00:00","article_modified_time":"2023-11-23T16:19:12+00:00","og_image":[{"width":1920,"height":729,"url":"https:\/\/www.meydan.tv\/wp-content\/uploads\/1-17-e1700498170368.jpg","type":"image\/jpeg"}],"author":"elli","twitter_card":"summary_large_image","twitter_creator":"@elli","schema":{"@context":"https:\/\/schema.org","@graph":[{"@type":"Article","@id":"https:\/\/www.meydan.tv\/az\/article\/vekil-mehemmed-kekalovun-harada-saxlanildigini-oyrenib\/#article","isPartOf":{"@id":"https:\/\/www.meydan.tv\/az\/article\/vekil-mehemmed-kekalovun-harada-saxlanildigini-oyrenib\/"},"author":{"name":"elli","@id":"https:\/\/www.meydan.tv\/az\/#\/schema\/person\/9cdbecf90d17180ce1dfbd95b08dcf47"},"headline":"M\u0259h\u0259mm\u0259d Kekalov bar\u0259sind\u0259 h\u0259bs q\u0259timkan t\u0259dbiri se\u00e7ildi (Yenil\u0259nib)","datePublished":"2023-11-23T08:55:29+00:00","dateModified":"2023-11-23T16:19:12+00:00","mainEntityOfPage":{"@id":"https:\/\/www.meydan.tv\/az\/article\/vekil-mehemmed-kekalovun-harada-saxlanildigini-oyrenib\/"},"wordCount":996,"publisher":{"@id":"https:\/\/www.meydan.tv\/az\/#organization"},"image":{"@id":"https:\/\/www.meydan.tv\/az\/article\/vekil-mehemmed-kekalovun-harada-saxlanildigini-oyrenib\/#primaryimage"},"thumbnailUrl":"https:\/\/www.meydan.tv\/wp-content\/uploads\/1-17-e1700498170368.jpg","articleSection":["Siyas\u0259t","T\u00f6vsiy\u0259","X\u0259b\u0259rl\u0259r"],"inLanguage":"az"},{"@type":"WebPage","@id":"https:\/\/www.meydan.tv\/az\/article\/vekil-mehemmed-kekalovun-harada-saxlanildigini-oyrenib\/","url":"https:\/\/www.meydan.tv\/az\/article\/vekil-mehemmed-kekalovun-harada-saxlanildigini-oyrenib\/","name":"M\u0259h\u0259mm\u0259d Kekalov bar\u0259sind\u0259 h\u0259bs q\u0259timkan t\u0259dbiri se\u00e7ildi (Yenil\u0259nib) - MEYDAN.TV","isPartOf":{"@id":"https:\/\/www.meydan.tv\/az\/#website"},"primaryImageOfPage":{"@id":"https:\/\/www.meydan.tv\/az\/article\/vekil-mehemmed-kekalovun-harada-saxlanildigini-oyrenib\/#primaryimage"},"image":{"@id":"https:\/\/www.meydan.tv\/az\/article\/vekil-mehemmed-kekalovun-harada-saxlanildigini-oyrenib\/#primaryimage"},"thumbnailUrl":"https:\/\/www.meydan.tv\/wp-content\/uploads\/1-17-e1700498170368.jpg","datePublished":"2023-11-23T08:55:29+00:00","dateModified":"2023-11-23T16:19:12+00:00","breadcrumb":{"@id":"https:\/\/www.meydan.tv\/az\/article\/vekil-mehemmed-kekalovun-harada-saxlanildigini-oyrenib\/#breadcrumb"},"inLanguage":"az","potentialAction":[{"@type":"ReadAction","target":["https:\/\/www.meydan.tv\/az\/article\/vekil-mehemmed-kekalovun-harada-saxlanildigini-oyrenib\/"]}]},{"@type":"ImageObject","inLanguage":"az","@id":"https:\/\/www.meydan.tv\/az\/article\/vekil-mehemmed-kekalovun-harada-saxlanildigini-oyrenib\/#primaryimage","url":"https:\/\/www.meydan.tv\/wp-content\/uploads\/1-17-e1700498170368.jpg","contentUrl":"https:\/\/www.meydan.tv\/wp-content\/uploads\/1-17-e1700498170368.jpg","width":1920,"height":729,"caption":"Foto: M\u0259h\u0259mm\u0259d Kekalovun \u015f\u0259xsi arxivind\u0259n"},{"@type":"BreadcrumbList","@id":"https:\/\/www.meydan.tv\/az\/article\/vekil-mehemmed-kekalovun-harada-saxlanildigini-oyrenib\/#breadcrumb","itemListElement":[{"@type":"ListItem","position":1,"name":"Ana s\u0259hif\u0259","item":"https:\/\/www.meydan.tv\/az\/"},{"@type":"ListItem","position":2,"name":"Siyas\u0259t","item":"https:\/\/www.meydan.tv\/az\/section\/siyaset\/"},{"@type":"ListItem","position":3,"name":"M\u0259h\u0259mm\u0259d Kekalov bar\u0259sind\u0259 h\u0259bs q\u0259timkan t\u0259dbiri se\u00e7ildi (Yenil\u0259nib)"}]},{"@type":"WebSite","@id":"https:\/\/www.meydan.tv\/az\/#website","url":"https:\/\/www.meydan.tv\/az\/","name":"MEYDAN.TV","description":"Meydan TV Az\u0259rbaycan\u0131n media m\u0259kan\u0131ndak\u0131 alternativ s\u0259sidir","publisher":{"@id":"https:\/\/www.meydan.tv\/az\/#organization"},"potentialAction":[{"@type":"SearchAction","target":{"@type":"EntryPoint","urlTemplate":"https:\/\/www.meydan.tv\/az\/?s={search_term_string}"},"query-input":{"@type":"PropertyValueSpecification","valueRequired":true,"valueName":"search_term_string"}}],"inLanguage":"az"},{"@type":"Organization","@id":"https:\/\/www.meydan.tv\/az\/#organization","name":"Meydan TV","url":"https:\/\/www.meydan.tv\/az\/","logo":{"@type":"ImageObject","inLanguage":"az","@id":"https:\/\/www.meydan.tv\/az\/#\/schema\/logo\/image\/","url":"https:\/\/www.meydan.tv\/wp-content\/uploads\/2021\/07\/meydan-logo.svg","contentUrl":"https:\/\/www.meydan.tv\/wp-content\/uploads\/2021\/07\/meydan-logo.svg","width":195,"height":46,"caption":"Meydan TV"},"image":{"@id":"https:\/\/www.meydan.tv\/az\/#\/schema\/logo\/image\/"}},{"@type":"Person","@id":"https:\/\/www.meydan.tv\/az\/#\/schema\/person\/9cdbecf90d17180ce1dfbd95b08dcf47","name":"elli","sameAs":["https:\/\/x.com\/elli"]}]}},"_links":{"self":[{"href":"https:\/\/www.meydan.tv\/az\/wp-json\/wp\/v2\/posts\/291303","targetHints":{"allow":["GET"]}}],"collection":[{"href":"https:\/\/www.meydan.tv\/az\/wp-json\/wp\/v2\/posts"}],"about":[{"href":"https:\/\/www.meydan.tv\/az\/wp-json\/wp\/v2\/types\/post"}],"author":[{"embeddable":true,"href":"https:\/\/www.meydan.tv\/az\/wp-json\/wp\/v2\/users\/8"}],"replies":[{"embeddable":true,"href":"https:\/\/www.meydan.tv\/az\/wp-json\/wp\/v2\/comments?post=291303"}],"version-history":[{"count":8,"href":"https:\/\/www.meydan.tv\/az\/wp-json\/wp\/v2\/posts\/291303\/revisions"}],"predecessor-version":[{"id":291378,"href":"https:\/\/www.meydan.tv\/az\/wp-json\/wp\/v2\/posts\/291303\/revisions\/291378"}],"wp:featuredmedia":[{"embeddable":true,"href":"https:\/\/www.meydan.tv\/az\/wp-json\/wp\/v2\/media\/290941"}],"wp:attachment":[{"href":"https:\/\/www.meydan.tv\/az\/wp-json\/wp\/v2\/media?parent=291303"}],"wp:term":[{"taxonomy":"category","embeddable":true,"href":"https:\/\/www.meydan.tv\/az\/wp-json\/wp\/v2\/categories?post=291303"},{"taxonomy":"post_tag","embeddable":true,"href":"https:\/\/www.meydan.tv\/az\/wp-json\/wp\/v2\/tags?post=291303"}],"curies":[{"name":"wp","href":"https:\/\/api.w.org\/{rel}","templated":true}]}}