{"id":291267,"date":"2023-11-23T09:48:24","date_gmt":"2023-11-23T05:48:24","guid":{"rendered":"https:\/\/www.meydan.tv\/?p=291267"},"modified":"2023-11-23T11:46:51","modified_gmt":"2023-11-23T07:46:51","slug":"bakida-taxta-bazari-yanir-bir-nefer-olub","status":"publish","type":"post","link":"https:\/\/www.meydan.tv\/az\/article\/bakida-taxta-bazari-yanir-bir-nefer-olub\/","title":{"rendered":"Bak\u0131da taxta bazar\u0131 yan\u0131r, bir n\u0259f\u0259r \u00f6l\u00fcb (yenil\u0259nib)"},"content":{"rendered":"\n<p><\/p>\n\n\n\n<p><\/p>\n\n\n\n<p><strong>Ma\u011faza sahibl\u0259ri bildiribl\u0259r ki, h\u0259l\u0259lik d\u0259ymi\u015f z\u0259r\u0259rl\u0259 ba\u011fl\u0131 d\u0259qiq he\u00e7 n\u0259 bilmirl\u0259r. Amma onlarla sahibkar\u0131n materiallar\u0131 tam yan\u0131b. Hadis\u0259 tezd\u0259n ba\u015f verdiyind\u0259n ma\u011faza sahibl\u0259ri yan\u011f\u0131ndan gec x\u0259b\u0259r tutublar. Onlardan biri a\u011flayaraq dan\u0131\u015f\u0131b ki, \u00f6t\u0259n h\u0259ft\u0259nin sonu mal g\u0259tirib, he\u00e7 n\u0259yi \u00e7\u0131xara bilm\u0259yib. Hadis\u0259 yerin\u0259 ke\u00e7ib ma\u011fazas\u0131na baxa bilm\u0259yib, amma yan\u011f\u0131n o q\u0259d\u0259r g\u00fccl\u00fc olub ki, n\u0259yins\u0259 yanmayaca\u011f\u0131ndan \u0259min deyil.<\/strong><\/p>\n\n\n\n<hr class=\"wp-block-separator has-alpha-channel-opacity\"\/>\n\n\n\n<p><strong><em>X\u0259sar\u0259t alan\u0131n olmad\u0131\u011f\u0131 bildirilir<\/em><\/strong><\/p>\n\n\n\n<p>Bak\u0131n\u0131n N\u0259rimanov rayonunda g\u00fccl\u00fc yan\u011f\u0131n hadis\u0259si ba\u015flay\u0131b. Hadis\u0259 D\u0259rn\u0259g\u00fcl \u015fossesind\u0259 yerl\u0259\u015f\u0259n taxta bazar\u0131nda qeyd\u0259 al\u0131n\u0131b. Havan\u0131n k\u00fcl\u0259kli olmas\u0131 yan\u011f\u0131n\u0131n alovlanmas\u0131na s\u0259b\u0259b olub. T\u018fB\u0130B-d\u0259n bildiribl\u0259r ki, bu g\u00fcn s\u0259h\u0259r saat 05:55 rad\u0259l\u0259rind\u0259 Respublika T\u0259cili v\u0259 T\u0259xir\u0259sal\u0131nmaz Tibbi Yard\u0131m M\u0259rk\u0259zin\u0259 Bak\u0131 \u015f\u0259h\u0259ri, Bin\u0259q\u0259di rayonu, Ziya B\u00fcnyadov prospekti, \u201cD\u0259rn\u0259g\u00fcl\u201d taxta bazar\u0131n\u0131n \u0259razisind\u0259 yan\u011f\u0131n hadis\u0259si il\u0259 ba\u011fl\u0131 \u00e7a\u011f\u0131r\u0131\u015f daxil olub. <\/p>\n\n\n<div class=\"wp-block-image\">\n<figure class=\"aligncenter size-large\"><img decoding=\"async\" width=\"1093\" height=\"821\" data-src=\"https:\/\/www.meydan.tv\/wp-content\/uploads\/photo-2023-11-23-11-27-39-1093x821.jpg\" alt=\"\" class=\"wp-image-291295 lazyload\" src=\"data:image\/svg+xml;base64,PHN2ZyB3aWR0aD0iMSIgaGVpZ2h0PSIxIiB4bWxucz0iaHR0cDovL3d3dy53My5vcmcvMjAwMC9zdmciPjwvc3ZnPg==\" style=\"--smush-placeholder-width: 1093px; --smush-placeholder-aspect-ratio: 1093\/821;\" \/><figcaption class=\"wp-element-caption\">Foto: Meydan TV<\/figcaption><\/figure>\n<\/div>\n\n\n<p>Hadis\u0259 yerin\u0259 2 t\u0259cili tibbi yard\u0131m briqadas\u0131 c\u0259lb olunub. Yan\u011f\u0131n n\u0259tic\u0259sind\u0259 1 n\u0259f\u0259rin h\u0259kim\u0259q\u0259d\u0259r \u00f6l\u00fcm\u00fc qeyd\u0259 al\u0131n\u0131b. X\u0259sar\u0259t alan yoxdur. \u018flav\u0259 m\u0259lumat veril\u0259c\u0259yi bildirilir.<br>D\u0130N-in m\u0259tbuat xidm\u0259tind\u0259n deyilib ki, Bin\u0259q\u0259di rayonu \u0259razisind\u0259ki in\u015faat mallar\u0131 sat\u0131lan bazarda yan\u011f\u0131nla ba\u011fl\u0131 \u0259raziy\u0259 polis \u0259m\u0259kda\u015flar\u0131 c\u0259lb olunub. B\u00fct\u00fcn z\u0259ruri t\u0259dbirl\u0259r g\u00f6r\u00fcl\u00fcr, \u0259razi m\u00fchafiz\u0259y\u0259 g\u00f6t\u00fcr\u00fcl\u00fcb.<\/p>\n\n\n\n<p>FHN M\u0259tbuat xidm\u0259tinin yayd\u0131\u011f\u0131 m\u0259lumata g\u00f6r\u0259,&nbsp; qurum t\u0259r\u0259find\u0259n h\u0259yata ke\u00e7irilmi\u015f z\u0259ruri v\u0259 t\u0259xir\u0259sal\u0131nmaz t\u0259dbirl\u0259r say\u0259sind\u0259 havan\u0131n k\u00fcl\u0259kli olmas\u0131na baxmayaraq yan\u011f\u0131n n\u0259zar\u0259t alt\u0131na al\u0131n\u0131b. Yan\u011f\u0131n\u0131n s\u00f6nd\u00fcr\u00fclm\u0259si istiqam\u0259tind\u0259 t\u0259dbirl\u0259r davam etdirilir.<\/p>\n","protected":false},"excerpt":{"rendered":"<p>Ma\u011faza sahibl\u0259ri bildiribl\u0259r ki, h\u0259l\u0259lik d\u0259ymi\u015f z\u0259r\u0259rl\u0259 ba\u011fl\u0131 d\u0259qiq he\u00e7 &#8230; <\/p>\n<p class=\"read-more-container\"><a title=\"Bak\u0131da taxta bazar\u0131 yan\u0131r, bir n\u0259f\u0259r \u00f6l\u00fcb (yenil\u0259nib)\" class=\"read-more button\" href=\"https:\/\/www.meydan.tv\/az\/article\/bakida-taxta-bazari-yanir-bir-nefer-olub\/#more-291267\" aria-label=\"Read more about Bak\u0131da taxta bazar\u0131 yan\u0131r, bir n\u0259f\u0259r \u00f6l\u00fcb (yenil\u0259nib)\">Davam\u0131<\/a><\/p>\n","protected":false},"author":21,"featured_media":291271,"comment_status":"closed","ping_status":"closed","sticky":false,"template":"","format":"standard","meta":{"_acf_changed":false,"_sitemap_exclude":false,"_sitemap_priority":"","_sitemap_frequency":"","footnotes":""},"categories":[62,79,56],"tags":[],"class_list":["post-291267","post","type-post","status-publish","format-standard","has-post-thumbnail","hentry","category-sosial","category-featured","category-xeberler","infinite-scroll-item","generate-columns","tablet-grid-50","mobile-grid-100","grid-parent","grid-33","no-featured-image-padding"],"acf":[],"yoast_head":"<!-- This site is optimized with the Yoast SEO plugin v27.5 - https:\/\/yoast.com\/product\/yoast-seo-wordpress\/ -->\n<title>Bak\u0131da taxta bazar\u0131 yan\u0131r, bir n\u0259f\u0259r \u00f6l\u00fcb (yenil\u0259nib) - MEYDAN.TV<\/title>\n<meta name=\"robots\" content=\"index, follow, max-snippet:-1, max-image-preview:large, max-video-preview:-1\" \/>\n<link rel=\"canonical\" href=\"https:\/\/www.meydan.tv\/az\/article\/bakida-taxta-bazari-yanir-bir-nefer-olub\/\" \/>\n<meta property=\"og:locale\" content=\"az_AZ\" \/>\n<meta property=\"og:type\" content=\"article\" \/>\n<meta property=\"og:title\" content=\"Bak\u0131da taxta bazar\u0131 yan\u0131r, bir n\u0259f\u0259r \u00f6l\u00fcb (yenil\u0259nib) - MEYDAN.TV\" \/>\n<meta property=\"og:description\" content=\"Ma\u011faza sahibl\u0259ri bildiribl\u0259r ki, h\u0259l\u0259lik d\u0259ymi\u015f z\u0259r\u0259rl\u0259 ba\u011fl\u0131 d\u0259qiq he\u00e7 ... Davam\u0131\" \/>\n<meta property=\"og:url\" content=\"https:\/\/www.meydan.tv\/az\/article\/bakida-taxta-bazari-yanir-bir-nefer-olub\/\" \/>\n<meta property=\"og:site_name\" content=\"MEYDAN.TV\" \/>\n<meta property=\"article:published_time\" content=\"2023-11-23T05:48:24+00:00\" \/>\n<meta property=\"article:modified_time\" content=\"2023-11-23T07:46:51+00:00\" \/>\n<meta property=\"og:image\" content=\"https:\/\/www.meydan.tv\/wp-content\/uploads\/whatsapp-image-2023-11-23-at-08.34.53_c362710b.jpg\" \/>\n\t<meta property=\"og:image:width\" content=\"1500\" \/>\n\t<meta property=\"og:image:height\" content=\"844\" \/>\n\t<meta property=\"og:image:type\" content=\"image\/jpeg\" \/>\n<meta name=\"author\" content=\"mahmud\" \/>\n<meta name=\"twitter:card\" content=\"summary_large_image\" \/>\n<script type=\"application\/ld+json\" class=\"yoast-schema-graph\">{\"@context\":\"https:\\\/\\\/schema.org\",\"@graph\":[{\"@type\":\"Article\",\"@id\":\"https:\\\/\\\/www.meydan.tv\\\/az\\\/article\\\/bakida-taxta-bazari-yanir-bir-nefer-olub\\\/#article\",\"isPartOf\":{\"@id\":\"https:\\\/\\\/www.meydan.tv\\\/az\\\/article\\\/bakida-taxta-bazari-yanir-bir-nefer-olub\\\/\"},\"author\":{\"name\":\"mahmud\",\"@id\":\"https:\\\/\\\/www.meydan.tv\\\/az\\\/#\\\/schema\\\/person\\\/09863e516102a829e72bedcf3f84c6b0\"},\"headline\":\"Bak\u0131da taxta bazar\u0131 yan\u0131r, bir n\u0259f\u0259r \u00f6l\u00fcb (yenil\u0259nib)\",\"datePublished\":\"2023-11-23T05:48:24+00:00\",\"dateModified\":\"2023-11-23T07:46:51+00:00\",\"mainEntityOfPage\":{\"@id\":\"https:\\\/\\\/www.meydan.tv\\\/az\\\/article\\\/bakida-taxta-bazari-yanir-bir-nefer-olub\\\/\"},\"wordCount\":389,\"publisher\":{\"@id\":\"https:\\\/\\\/www.meydan.tv\\\/az\\\/#organization\"},\"image\":{\"@id\":\"https:\\\/\\\/www.meydan.tv\\\/az\\\/article\\\/bakida-taxta-bazari-yanir-bir-nefer-olub\\\/#primaryimage\"},\"thumbnailUrl\":\"https:\\\/\\\/www.meydan.tv\\\/wp-content\\\/uploads\\\/whatsapp-image-2023-11-23-at-08.34.53_c362710b.jpg\",\"articleSection\":[\"Sosial\",\"T\u00f6vsiy\u0259\",\"X\u0259b\u0259rl\u0259r\"],\"inLanguage\":\"az\"},{\"@type\":\"WebPage\",\"@id\":\"https:\\\/\\\/www.meydan.tv\\\/az\\\/article\\\/bakida-taxta-bazari-yanir-bir-nefer-olub\\\/\",\"url\":\"https:\\\/\\\/www.meydan.tv\\\/az\\\/article\\\/bakida-taxta-bazari-yanir-bir-nefer-olub\\\/\",\"name\":\"Bak\u0131da taxta bazar\u0131 yan\u0131r, bir n\u0259f\u0259r \u00f6l\u00fcb (yenil\u0259nib) - MEYDAN.TV\",\"isPartOf\":{\"@id\":\"https:\\\/\\\/www.meydan.tv\\\/az\\\/#website\"},\"primaryImageOfPage\":{\"@id\":\"https:\\\/\\\/www.meydan.tv\\\/az\\\/article\\\/bakida-taxta-bazari-yanir-bir-nefer-olub\\\/#primaryimage\"},\"image\":{\"@id\":\"https:\\\/\\\/www.meydan.tv\\\/az\\\/article\\\/bakida-taxta-bazari-yanir-bir-nefer-olub\\\/#primaryimage\"},\"thumbnailUrl\":\"https:\\\/\\\/www.meydan.tv\\\/wp-content\\\/uploads\\\/whatsapp-image-2023-11-23-at-08.34.53_c362710b.jpg\",\"datePublished\":\"2023-11-23T05:48:24+00:00\",\"dateModified\":\"2023-11-23T07:46:51+00:00\",\"breadcrumb\":{\"@id\":\"https:\\\/\\\/www.meydan.tv\\\/az\\\/article\\\/bakida-taxta-bazari-yanir-bir-nefer-olub\\\/#breadcrumb\"},\"inLanguage\":\"az\",\"potentialAction\":[{\"@type\":\"ReadAction\",\"target\":[\"https:\\\/\\\/www.meydan.tv\\\/az\\\/article\\\/bakida-taxta-bazari-yanir-bir-nefer-olub\\\/\"]}]},{\"@type\":\"ImageObject\",\"inLanguage\":\"az\",\"@id\":\"https:\\\/\\\/www.meydan.tv\\\/az\\\/article\\\/bakida-taxta-bazari-yanir-bir-nefer-olub\\\/#primaryimage\",\"url\":\"https:\\\/\\\/www.meydan.tv\\\/wp-content\\\/uploads\\\/whatsapp-image-2023-11-23-at-08.34.53_c362710b.jpg\",\"contentUrl\":\"https:\\\/\\\/www.meydan.tv\\\/wp-content\\\/uploads\\\/whatsapp-image-2023-11-23-at-08.34.53_c362710b.jpg\",\"width\":1500,\"height\":844,\"caption\":\"Foto: D\u0130N\"},{\"@type\":\"BreadcrumbList\",\"@id\":\"https:\\\/\\\/www.meydan.tv\\\/az\\\/article\\\/bakida-taxta-bazari-yanir-bir-nefer-olub\\\/#breadcrumb\",\"itemListElement\":[{\"@type\":\"ListItem\",\"position\":1,\"name\":\"Ana s\u0259hif\u0259\",\"item\":\"https:\\\/\\\/www.meydan.tv\\\/az\\\/\"},{\"@type\":\"ListItem\",\"position\":2,\"name\":\"Sosial\",\"item\":\"https:\\\/\\\/www.meydan.tv\\\/az\\\/section\\\/sosial\\\/\"},{\"@type\":\"ListItem\",\"position\":3,\"name\":\"Bak\u0131da taxta bazar\u0131 yan\u0131r, bir n\u0259f\u0259r \u00f6l\u00fcb (yenil\u0259nib)\"}]},{\"@type\":\"WebSite\",\"@id\":\"https:\\\/\\\/www.meydan.tv\\\/az\\\/#website\",\"url\":\"https:\\\/\\\/www.meydan.tv\\\/az\\\/\",\"name\":\"MEYDAN.TV\",\"description\":\"Meydan TV Az\u0259rbaycan\u0131n media m\u0259kan\u0131ndak\u0131 alternativ s\u0259sidir\",\"publisher\":{\"@id\":\"https:\\\/\\\/www.meydan.tv\\\/az\\\/#organization\"},\"potentialAction\":[{\"@type\":\"SearchAction\",\"target\":{\"@type\":\"EntryPoint\",\"urlTemplate\":\"https:\\\/\\\/www.meydan.tv\\\/az\\\/?s={search_term_string}\"},\"query-input\":{\"@type\":\"PropertyValueSpecification\",\"valueRequired\":true,\"valueName\":\"search_term_string\"}}],\"inLanguage\":\"az\"},{\"@type\":\"Organization\",\"@id\":\"https:\\\/\\\/www.meydan.tv\\\/az\\\/#organization\",\"name\":\"Meydan TV\",\"url\":\"https:\\\/\\\/www.meydan.tv\\\/az\\\/\",\"logo\":{\"@type\":\"ImageObject\",\"inLanguage\":\"az\",\"@id\":\"https:\\\/\\\/www.meydan.tv\\\/az\\\/#\\\/schema\\\/logo\\\/image\\\/\",\"url\":\"https:\\\/\\\/www.meydan.tv\\\/wp-content\\\/uploads\\\/2021\\\/07\\\/meydan-logo.svg\",\"contentUrl\":\"https:\\\/\\\/www.meydan.tv\\\/wp-content\\\/uploads\\\/2021\\\/07\\\/meydan-logo.svg\",\"width\":195,\"height\":46,\"caption\":\"Meydan TV\"},\"image\":{\"@id\":\"https:\\\/\\\/www.meydan.tv\\\/az\\\/#\\\/schema\\\/logo\\\/image\\\/\"}},{\"@type\":\"Person\",\"@id\":\"https:\\\/\\\/www.meydan.tv\\\/az\\\/#\\\/schema\\\/person\\\/09863e516102a829e72bedcf3f84c6b0\",\"name\":\"mahmud\"}]}<\/script>\n<!-- \/ Yoast SEO plugin. -->","yoast_head_json":{"title":"Bak\u0131da taxta bazar\u0131 yan\u0131r, bir n\u0259f\u0259r \u00f6l\u00fcb (yenil\u0259nib) - MEYDAN.TV","robots":{"index":"index","follow":"follow","max-snippet":"max-snippet:-1","max-image-preview":"max-image-preview:large","max-video-preview":"max-video-preview:-1"},"canonical":"https:\/\/www.meydan.tv\/az\/article\/bakida-taxta-bazari-yanir-bir-nefer-olub\/","og_locale":"az_AZ","og_type":"article","og_title":"Bak\u0131da taxta bazar\u0131 yan\u0131r, bir n\u0259f\u0259r \u00f6l\u00fcb (yenil\u0259nib) - MEYDAN.TV","og_description":"Ma\u011faza sahibl\u0259ri bildiribl\u0259r ki, h\u0259l\u0259lik d\u0259ymi\u015f z\u0259r\u0259rl\u0259 ba\u011fl\u0131 d\u0259qiq he\u00e7 ... Davam\u0131","og_url":"https:\/\/www.meydan.tv\/az\/article\/bakida-taxta-bazari-yanir-bir-nefer-olub\/","og_site_name":"MEYDAN.TV","article_published_time":"2023-11-23T05:48:24+00:00","article_modified_time":"2023-11-23T07:46:51+00:00","og_image":[{"width":1500,"height":844,"url":"https:\/\/www.meydan.tv\/wp-content\/uploads\/whatsapp-image-2023-11-23-at-08.34.53_c362710b.jpg","type":"image\/jpeg"}],"author":"mahmud","twitter_card":"summary_large_image","schema":{"@context":"https:\/\/schema.org","@graph":[{"@type":"Article","@id":"https:\/\/www.meydan.tv\/az\/article\/bakida-taxta-bazari-yanir-bir-nefer-olub\/#article","isPartOf":{"@id":"https:\/\/www.meydan.tv\/az\/article\/bakida-taxta-bazari-yanir-bir-nefer-olub\/"},"author":{"name":"mahmud","@id":"https:\/\/www.meydan.tv\/az\/#\/schema\/person\/09863e516102a829e72bedcf3f84c6b0"},"headline":"Bak\u0131da taxta bazar\u0131 yan\u0131r, bir n\u0259f\u0259r \u00f6l\u00fcb (yenil\u0259nib)","datePublished":"2023-11-23T05:48:24+00:00","dateModified":"2023-11-23T07:46:51+00:00","mainEntityOfPage":{"@id":"https:\/\/www.meydan.tv\/az\/article\/bakida-taxta-bazari-yanir-bir-nefer-olub\/"},"wordCount":389,"publisher":{"@id":"https:\/\/www.meydan.tv\/az\/#organization"},"image":{"@id":"https:\/\/www.meydan.tv\/az\/article\/bakida-taxta-bazari-yanir-bir-nefer-olub\/#primaryimage"},"thumbnailUrl":"https:\/\/www.meydan.tv\/wp-content\/uploads\/whatsapp-image-2023-11-23-at-08.34.53_c362710b.jpg","articleSection":["Sosial","T\u00f6vsiy\u0259","X\u0259b\u0259rl\u0259r"],"inLanguage":"az"},{"@type":"WebPage","@id":"https:\/\/www.meydan.tv\/az\/article\/bakida-taxta-bazari-yanir-bir-nefer-olub\/","url":"https:\/\/www.meydan.tv\/az\/article\/bakida-taxta-bazari-yanir-bir-nefer-olub\/","name":"Bak\u0131da taxta bazar\u0131 yan\u0131r, bir n\u0259f\u0259r \u00f6l\u00fcb (yenil\u0259nib) - MEYDAN.TV","isPartOf":{"@id":"https:\/\/www.meydan.tv\/az\/#website"},"primaryImageOfPage":{"@id":"https:\/\/www.meydan.tv\/az\/article\/bakida-taxta-bazari-yanir-bir-nefer-olub\/#primaryimage"},"image":{"@id":"https:\/\/www.meydan.tv\/az\/article\/bakida-taxta-bazari-yanir-bir-nefer-olub\/#primaryimage"},"thumbnailUrl":"https:\/\/www.meydan.tv\/wp-content\/uploads\/whatsapp-image-2023-11-23-at-08.34.53_c362710b.jpg","datePublished":"2023-11-23T05:48:24+00:00","dateModified":"2023-11-23T07:46:51+00:00","breadcrumb":{"@id":"https:\/\/www.meydan.tv\/az\/article\/bakida-taxta-bazari-yanir-bir-nefer-olub\/#breadcrumb"},"inLanguage":"az","potentialAction":[{"@type":"ReadAction","target":["https:\/\/www.meydan.tv\/az\/article\/bakida-taxta-bazari-yanir-bir-nefer-olub\/"]}]},{"@type":"ImageObject","inLanguage":"az","@id":"https:\/\/www.meydan.tv\/az\/article\/bakida-taxta-bazari-yanir-bir-nefer-olub\/#primaryimage","url":"https:\/\/www.meydan.tv\/wp-content\/uploads\/whatsapp-image-2023-11-23-at-08.34.53_c362710b.jpg","contentUrl":"https:\/\/www.meydan.tv\/wp-content\/uploads\/whatsapp-image-2023-11-23-at-08.34.53_c362710b.jpg","width":1500,"height":844,"caption":"Foto: D\u0130N"},{"@type":"BreadcrumbList","@id":"https:\/\/www.meydan.tv\/az\/article\/bakida-taxta-bazari-yanir-bir-nefer-olub\/#breadcrumb","itemListElement":[{"@type":"ListItem","position":1,"name":"Ana s\u0259hif\u0259","item":"https:\/\/www.meydan.tv\/az\/"},{"@type":"ListItem","position":2,"name":"Sosial","item":"https:\/\/www.meydan.tv\/az\/section\/sosial\/"},{"@type":"ListItem","position":3,"name":"Bak\u0131da taxta bazar\u0131 yan\u0131r, bir n\u0259f\u0259r \u00f6l\u00fcb (yenil\u0259nib)"}]},{"@type":"WebSite","@id":"https:\/\/www.meydan.tv\/az\/#website","url":"https:\/\/www.meydan.tv\/az\/","name":"MEYDAN.TV","description":"Meydan TV Az\u0259rbaycan\u0131n media m\u0259kan\u0131ndak\u0131 alternativ s\u0259sidir","publisher":{"@id":"https:\/\/www.meydan.tv\/az\/#organization"},"potentialAction":[{"@type":"SearchAction","target":{"@type":"EntryPoint","urlTemplate":"https:\/\/www.meydan.tv\/az\/?s={search_term_string}"},"query-input":{"@type":"PropertyValueSpecification","valueRequired":true,"valueName":"search_term_string"}}],"inLanguage":"az"},{"@type":"Organization","@id":"https:\/\/www.meydan.tv\/az\/#organization","name":"Meydan TV","url":"https:\/\/www.meydan.tv\/az\/","logo":{"@type":"ImageObject","inLanguage":"az","@id":"https:\/\/www.meydan.tv\/az\/#\/schema\/logo\/image\/","url":"https:\/\/www.meydan.tv\/wp-content\/uploads\/2021\/07\/meydan-logo.svg","contentUrl":"https:\/\/www.meydan.tv\/wp-content\/uploads\/2021\/07\/meydan-logo.svg","width":195,"height":46,"caption":"Meydan TV"},"image":{"@id":"https:\/\/www.meydan.tv\/az\/#\/schema\/logo\/image\/"}},{"@type":"Person","@id":"https:\/\/www.meydan.tv\/az\/#\/schema\/person\/09863e516102a829e72bedcf3f84c6b0","name":"mahmud"}]}},"_links":{"self":[{"href":"https:\/\/www.meydan.tv\/az\/wp-json\/wp\/v2\/posts\/291267","targetHints":{"allow":["GET"]}}],"collection":[{"href":"https:\/\/www.meydan.tv\/az\/wp-json\/wp\/v2\/posts"}],"about":[{"href":"https:\/\/www.meydan.tv\/az\/wp-json\/wp\/v2\/types\/post"}],"author":[{"embeddable":true,"href":"https:\/\/www.meydan.tv\/az\/wp-json\/wp\/v2\/users\/21"}],"replies":[{"embeddable":true,"href":"https:\/\/www.meydan.tv\/az\/wp-json\/wp\/v2\/comments?post=291267"}],"version-history":[{"count":6,"href":"https:\/\/www.meydan.tv\/az\/wp-json\/wp\/v2\/posts\/291267\/revisions"}],"predecessor-version":[{"id":291301,"href":"https:\/\/www.meydan.tv\/az\/wp-json\/wp\/v2\/posts\/291267\/revisions\/291301"}],"wp:featuredmedia":[{"embeddable":true,"href":"https:\/\/www.meydan.tv\/az\/wp-json\/wp\/v2\/media\/291271"}],"wp:attachment":[{"href":"https:\/\/www.meydan.tv\/az\/wp-json\/wp\/v2\/media?parent=291267"}],"wp:term":[{"taxonomy":"category","embeddable":true,"href":"https:\/\/www.meydan.tv\/az\/wp-json\/wp\/v2\/categories?post=291267"},{"taxonomy":"post_tag","embeddable":true,"href":"https:\/\/www.meydan.tv\/az\/wp-json\/wp\/v2\/tags?post=291267"}],"curies":[{"name":"wp","href":"https:\/\/api.w.org\/{rel}","templated":true}]}}