{"id":291235,"date":"2023-11-22T23:55:07","date_gmt":"2023-11-22T19:55:07","guid":{"rendered":"https:\/\/www.meydan.tv\/?p=291235"},"modified":"2023-11-22T23:55:09","modified_gmt":"2023-11-22T19:55:09","slug":"abzas-media-direktoru-ulvi-hesenli-kimdir-niye-saxlanilib","status":"publish","type":"post","link":"https:\/\/www.meydan.tv\/az\/article\/abzas-media-direktoru-ulvi-hesenli-kimdir-niye-saxlanilib\/","title":{"rendered":"&#8220;AbzasMedia&#8221;n\u0131n direktoru \u00dclvi H\u0259s\u0259nli kimdir? Niy\u0259 saxlan\u0131l\u0131b?"},"content":{"rendered":"\n<figure class=\"wp-block-embed is-type-video is-provider-youtube wp-block-embed-youtube wp-embed-aspect-16-9 wp-has-aspect-ratio\"><div class=\"wp-block-embed__wrapper\">\n<iframe title=\"&quot;Abzas Media&quot; direktoru \u00dclvi H\u0259s\u0259nli kimdir? Niy\u0259 saxlan\u0131l\u0131b?\" width=\"1200\" height=\"675\" data-src=\"https:\/\/www.youtube.com\/embed\/vQ62w-WmeBY?feature=oembed\" frameborder=\"0\" allow=\"accelerometer; autoplay; clipboard-write; encrypted-media; gyroscope; picture-in-picture; web-share\" allowfullscreen src=\"data:image\/svg+xml;base64,PHN2ZyB3aWR0aD0iMSIgaGVpZ2h0PSIxIiB4bWxucz0iaHR0cDovL3d3dy53My5vcmcvMjAwMC9zdmciPjwvc3ZnPg==\" class=\"lazyload\" data-load-mode=\"1\"><\/iframe>\n<\/div><\/figure>\n\n\n\n<p><\/p>\n\n\n\n<p>20 noyabr s\u0259h\u0259r saatlar\u0131nda Az\u0259rbaycan \u00fc\u00e7\u00fcn k\u00f6hn\u0259-tan\u0131\u015f x\u0259b\u0259rl\u0259rd\u0259n biri yay\u0131ld\u0131. &#8220;AbzasMedia&#8221;n\u0131n direktoru \u00dclvi H\u0259s\u0259nli hava liman\u0131na ged\u0259rk\u0259n yoxa \u00e7\u0131x\u0131b. Sonradan onu polisl\u0259rin saxlad\u0131\u011f\u0131 m\u0259lum oldu. Daha sonra &#8220;AbzasMedia&#8221; ofisind\u0259 axtar\u0131\u015f apar\u0131ld\u0131, 40.000 avro pul tap\u0131ld\u0131\u011f\u0131 iddia edildi. Bunun ard\u0131nca H\u0259s\u0259nliy\u0259 qar\u015f\u0131 206.3.2-ci madd\u0259si (Bir qrup \u015f\u0259xs t\u0259r\u0259find\u0259n qa\u00e7aqmal\u00e7\u0131l\u0131q) il\u0259 ittiham elan edildi v\u0259 bar\u0259sind\u0259 4 ayl\u0131q h\u0259bs q\u0259timkan t\u0259dbiri se\u00e7ildi.<\/p>\n\n\n\n<p><strong>\u00dclvi H\u0259s\u0259nli kimdir?<\/strong><\/p>\n\n\n\n<p>O, 10 avqust 1987-ci ild\u0259 ke\u00e7mi\u015f Kirovabadda (indiki G\u0259nc\u0259) anadan olub.<\/p>\n\n\n\n<p>\u00dclvi 2005-ci ild\u0259 ADNA-ya daxil olub, lakin siyasi f\u0259aliyy\u0259tin\u0259 g\u00f6r\u0259 2006-c\u0131 ild\u0259 oradan uzaqla\u015fd\u0131r\u0131l\u0131b. H\u0259s\u0259nli 2008\u20132013-c\u00fc ill\u0259rd\u0259 Az\u0259rbaycan Turizm ve Menecment Universitetind\u0259 t\u0259hsil al\u0131b.<\/p>\n\n\n\n<p>\u00dclvi H\u0259s\u0259nli 2000-ci ill\u0259rd\u0259 Dal\u011fa G\u0259ncl\u0259r H\u0259r\u0259kat\u0131nda f\u0259aliyy\u0259t g\u00f6st\u0259rib v\u0259 t\u0259\u015fkilat\u0131n s\u0259dri olub. O, 2011-ci ild\u0259 yarad\u0131lm\u0131\u015f Azad G\u0259nclik T\u0259\u015fkilat\u0131n\u0131n t\u0259sis\u00e7isi v\u0259 s\u0259dri olub, 2013-c\u00fc ilin noyabr ay\u0131nda bu v\u0259zif\u0259d\u0259n istefa verib.<\/p>\n\n\n\n<p>Demokratik Q\u00fcvv\u0259l\u0259rin Milli \u015euras\u0131n\u0131n da \u00fczv\u00fc olan H\u0259s\u0259nli bundan sonra N\u0130DA V\u0259t\u0259nda\u015f H\u0259r\u0259kat\u0131na \u00fczv olub. O, sonradan N\u0130DA V\u0259t\u0259nda\u015f H\u0259r\u0259kat\u0131n\u0131n \u0130dar\u0259 Hey\u0259tinin d\u0259 \u00fczv\u00fc olub.<\/p>\n\n\n\n<p>\u00dclvi H\u0259s\u0259nli 2016-c\u0131 ild\u0259 t\u0259sis edil\u0259n &#8220;AbzasMedia&#8221; onlayn n\u0259\u015frinin direktorudur. <\/p>\n\n\n\n<p>&#8220;AbzasMedia&#8221; daha \u00e7ox hakim ail\u0259 v\u0259 d\u00f6vl\u0259t m\u0259murlar\u0131n\u0131n korrupsiya \u0259m\u0259ll\u0259rini ara\u015fd\u0131rmas\u0131 il\u0259 tan\u0131n\u0131r.<\/p>\n\n\n\n<p>H\u0259s\u0259nliy\u0259 2017-ci ild\u0259 sa\u011flaml\u0131qla ba\u011fl\u0131 h\u0259rbi xidm\u0259td\u0259n m\u00f6hl\u0259t verils\u0259 d\u0259, oktyabr ay\u0131nda yeni t\u0259yin edil\u0259n m\u00fcayin\u0259d\u0259n \u00f6tr\u00fc getdiyi x\u0259st\u0259xanada h\u0259rbi polis t\u0259r\u0259find\u0259n saxlan\u0131l\u0131b. O, buradan ail\u0259si il\u0259 sa\u011folla\u015fma\u011fa imkan verilm\u0259d\u0259n birba\u015fa B\u0259rd\u0259 rayonundak\u0131 h\u0259rbi hiss\u0259y\u0259 g\u00f6nd\u0259rilib.<\/p>\n\n\n\n<p>\u00dclvi H\u0259s\u0259nli 2020-ci ild\u0259 Az\u0259rbaycanda parlament se\u00e7kil\u0259rind\u0259 bit\u0259r\u0259f namiz\u0259d kimi i\u015ftirak edib.<\/p>\n\n\n\n<p>H\u0259s\u0259nli 2023-c\u00fc ilin iyununda S\u00f6y\u00fcdl\u00fc hadis\u0259l\u0259ri haqq\u0131nda m\u0259lumat verdiyin\u0259 g\u00f6r\u0259 Az\u0259rbaycan polisi t\u0259r\u0259find\u0259n Bin\u0259q\u0259di rayon Polis \u0130dar\u0259sind\u0259 saxlan\u0131l\u0131b. O, h\u0259min il AB\u015e s\u0259firliyind\u0259 bir qrup siyasi f\u0259al\u0131n ke\u00e7irdiyi fl\u0259\u015fmob zaman\u0131 da saxlan\u0131lm\u0131\u015fd\u0131.<\/p>\n\n\n\n<p>20 noyabr 2023-c\u00fc ild\u0259 \u00dclvi H\u0259s\u0259nli polis t\u0259r\u0259find\u0259n saxland\u0131. O, saxland\u0131qdan sonra i\u015fg\u0259nc\u0259y\u0259 m\u0259ruz qald\u0131\u011f\u0131n\u0131 deyir. \u00dclvi H\u0259s\u0259nli Cinay\u0259t M\u0259c\u0259ll\u0259sinin 206.3.2-ci madd\u0259si (Bir qrup \u015f\u0259xs t\u0259r\u0259find\u0259n qa\u00e7aqmal\u00e7\u0131l\u0131q) il\u0259 ittiham edilir.<\/p>\n\n\n\n<p>&#8220;Amnesty International&#8221;, Jurnalistl\u0259ri M\u00fcdafi\u0259 Komit\u0259si, Beyn\u0259lxalq M\u0259tbuat \u0130nstitutu kimi qurumlar \u00dclvi H\u0259s\u0259nlinin h\u0259bsini qanunsuz adland\u0131r\u0131b v\u0259 onun azad edilm\u0259sini t\u0259l\u0259b edibl\u0259r.<\/p>\n\n\n\n<p>&#8220;AbzasMedia&#8221; daha \u00e7ox hakim ail\u0259 v\u0259 d\u00f6vl\u0259t qurumlar\u0131n\u0131n korrupsiya faktlar\u0131n\u0131 ara\u015fd\u0131ran f\u0259aliyy\u0259ti il\u0259 tan\u0131n\u0131r. Sayt bug\u00fcn\u0259 q\u0259d\u0259r \u0130lham \u018fliyev v\u0259 ail\u0259 \u00fczvl\u0259ri, ke\u00e7mi\u015f m\u0259murlar, B\u0259yl\u0259r \u018fyyubov, \u018fli Na\u011f\u0131yev, Ceyhun Bayramov v\u0259 ba\u015fqalar\u0131n\u0131n korrupsiya \u0259m\u0259ll\u0259ri bar\u0259d\u0259 onlarla ara\u015fd\u0131rma c\u0259lb edib. Media qurumu, h\u0259m\u00e7inin, Qaraba\u011fda h\u0259yata ke\u00e7iril\u0259n tikinti-quruculuq i\u015fl\u0259rind\u0259ki qeyri-\u015f\u0259ffafl\u0131\u011f\u0131 da sor\u011fulay\u0131r.<\/p>\n","protected":false},"excerpt":{"rendered":"<p>20 noyabr s\u0259h\u0259r saatlar\u0131nda Az\u0259rbaycan \u00fc\u00e7\u00fcn k\u00f6hn\u0259-tan\u0131\u015f x\u0259b\u0259rl\u0259rd\u0259n biri yay\u0131ld\u0131. &#8230; <\/p>\n<p class=\"read-more-container\"><a title=\"&#8220;AbzasMedia&#8221;n\u0131n direktoru \u00dclvi H\u0259s\u0259nli kimdir? Niy\u0259 saxlan\u0131l\u0131b?\" class=\"read-more button\" href=\"https:\/\/www.meydan.tv\/az\/article\/abzas-media-direktoru-ulvi-hesenli-kimdir-niye-saxlanilib\/#more-291235\" aria-label=\"Read more about &#8220;AbzasMedia&#8221;n\u0131n direktoru \u00dclvi H\u0259s\u0259nli kimdir? Niy\u0259 saxlan\u0131l\u0131b?\">Davam\u0131<\/a><\/p>\n","protected":false},"author":12,"featured_media":291237,"comment_status":"closed","ping_status":"closed","sticky":false,"template":"","format":"standard","meta":{"_acf_changed":false,"_sitemap_exclude":false,"_sitemap_priority":"","_sitemap_frequency":"","footnotes":""},"categories":[59,79,63],"tags":[],"class_list":["post-291235","post","type-post","status-publish","format-standard","has-post-thumbnail","hentry","category-siyaset","category-featured","category-video-2","infinite-scroll-item","generate-columns","tablet-grid-50","mobile-grid-100","grid-parent","grid-33","no-featured-image-padding"],"acf":[],"yoast_head":"<!-- This site is optimized with the Yoast SEO plugin v27.4 - https:\/\/yoast.com\/product\/yoast-seo-wordpress\/ -->\n<title>&quot;AbzasMedia&quot;n\u0131n direktoru \u00dclvi H\u0259s\u0259nli kimdir? Niy\u0259 saxlan\u0131l\u0131b? - MEYDAN.TV<\/title>\n<meta name=\"robots\" content=\"index, follow, max-snippet:-1, max-image-preview:large, max-video-preview:-1\" \/>\n<link rel=\"canonical\" href=\"https:\/\/www.meydan.tv\/az\/article\/abzas-media-direktoru-ulvi-hesenli-kimdir-niye-saxlanilib\/\" \/>\n<meta property=\"og:locale\" content=\"az_AZ\" \/>\n<meta property=\"og:type\" content=\"article\" \/>\n<meta property=\"og:title\" content=\"&quot;AbzasMedia&quot;n\u0131n direktoru \u00dclvi H\u0259s\u0259nli kimdir? Niy\u0259 saxlan\u0131l\u0131b? - MEYDAN.TV\" \/>\n<meta property=\"og:description\" content=\"20 noyabr s\u0259h\u0259r saatlar\u0131nda Az\u0259rbaycan \u00fc\u00e7\u00fcn k\u00f6hn\u0259-tan\u0131\u015f x\u0259b\u0259rl\u0259rd\u0259n biri yay\u0131ld\u0131. ... Davam\u0131\" \/>\n<meta property=\"og:url\" content=\"https:\/\/www.meydan.tv\/az\/article\/abzas-media-direktoru-ulvi-hesenli-kimdir-niye-saxlanilib\/\" \/>\n<meta property=\"og:site_name\" content=\"MEYDAN.TV\" \/>\n<meta property=\"article:published_time\" content=\"2023-11-22T19:55:07+00:00\" \/>\n<meta property=\"article:modified_time\" content=\"2023-11-22T19:55:09+00:00\" \/>\n<meta property=\"og:image\" content=\"https:\/\/www.meydan.tv\/wp-content\/uploads\/screenshot-2023-11-22-at-19.58.30.png\" \/>\n\t<meta property=\"og:image:width\" content=\"1454\" \/>\n\t<meta property=\"og:image:height\" content=\"854\" \/>\n\t<meta property=\"og:image:type\" content=\"image\/png\" \/>\n<meta name=\"author\" content=\"aleks\" \/>\n<meta name=\"twitter:card\" content=\"summary_large_image\" \/>\n<script type=\"application\/ld+json\" class=\"yoast-schema-graph\">{\"@context\":\"https:\\\/\\\/schema.org\",\"@graph\":[{\"@type\":\"Article\",\"@id\":\"https:\\\/\\\/www.meydan.tv\\\/az\\\/article\\\/abzas-media-direktoru-ulvi-hesenli-kimdir-niye-saxlanilib\\\/#article\",\"isPartOf\":{\"@id\":\"https:\\\/\\\/www.meydan.tv\\\/az\\\/article\\\/abzas-media-direktoru-ulvi-hesenli-kimdir-niye-saxlanilib\\\/\"},\"author\":{\"name\":\"aleks\",\"@id\":\"https:\\\/\\\/www.meydan.tv\\\/az\\\/#\\\/schema\\\/person\\\/476e9360e593fa131d5d71d51866f8da\"},\"headline\":\"&#8220;AbzasMedia&#8221;n\u0131n direktoru \u00dclvi H\u0259s\u0259nli kimdir? Niy\u0259 saxlan\u0131l\u0131b?\",\"datePublished\":\"2023-11-22T19:55:07+00:00\",\"dateModified\":\"2023-11-22T19:55:09+00:00\",\"mainEntityOfPage\":{\"@id\":\"https:\\\/\\\/www.meydan.tv\\\/az\\\/article\\\/abzas-media-direktoru-ulvi-hesenli-kimdir-niye-saxlanilib\\\/\"},\"wordCount\":646,\"publisher\":{\"@id\":\"https:\\\/\\\/www.meydan.tv\\\/az\\\/#organization\"},\"image\":{\"@id\":\"https:\\\/\\\/www.meydan.tv\\\/az\\\/article\\\/abzas-media-direktoru-ulvi-hesenli-kimdir-niye-saxlanilib\\\/#primaryimage\"},\"thumbnailUrl\":\"https:\\\/\\\/www.meydan.tv\\\/wp-content\\\/uploads\\\/screenshot-2023-11-22-at-19.58.30.png\",\"articleSection\":[\"Siyas\u0259t\",\"T\u00f6vsiy\u0259\",\"Video\"],\"inLanguage\":\"az\"},{\"@type\":\"WebPage\",\"@id\":\"https:\\\/\\\/www.meydan.tv\\\/az\\\/article\\\/abzas-media-direktoru-ulvi-hesenli-kimdir-niye-saxlanilib\\\/\",\"url\":\"https:\\\/\\\/www.meydan.tv\\\/az\\\/article\\\/abzas-media-direktoru-ulvi-hesenli-kimdir-niye-saxlanilib\\\/\",\"name\":\"\\\"AbzasMedia\\\"n\u0131n direktoru \u00dclvi H\u0259s\u0259nli kimdir? Niy\u0259 saxlan\u0131l\u0131b? - MEYDAN.TV\",\"isPartOf\":{\"@id\":\"https:\\\/\\\/www.meydan.tv\\\/az\\\/#website\"},\"primaryImageOfPage\":{\"@id\":\"https:\\\/\\\/www.meydan.tv\\\/az\\\/article\\\/abzas-media-direktoru-ulvi-hesenli-kimdir-niye-saxlanilib\\\/#primaryimage\"},\"image\":{\"@id\":\"https:\\\/\\\/www.meydan.tv\\\/az\\\/article\\\/abzas-media-direktoru-ulvi-hesenli-kimdir-niye-saxlanilib\\\/#primaryimage\"},\"thumbnailUrl\":\"https:\\\/\\\/www.meydan.tv\\\/wp-content\\\/uploads\\\/screenshot-2023-11-22-at-19.58.30.png\",\"datePublished\":\"2023-11-22T19:55:07+00:00\",\"dateModified\":\"2023-11-22T19:55:09+00:00\",\"breadcrumb\":{\"@id\":\"https:\\\/\\\/www.meydan.tv\\\/az\\\/article\\\/abzas-media-direktoru-ulvi-hesenli-kimdir-niye-saxlanilib\\\/#breadcrumb\"},\"inLanguage\":\"az\",\"potentialAction\":[{\"@type\":\"ReadAction\",\"target\":[\"https:\\\/\\\/www.meydan.tv\\\/az\\\/article\\\/abzas-media-direktoru-ulvi-hesenli-kimdir-niye-saxlanilib\\\/\"]}]},{\"@type\":\"ImageObject\",\"inLanguage\":\"az\",\"@id\":\"https:\\\/\\\/www.meydan.tv\\\/az\\\/article\\\/abzas-media-direktoru-ulvi-hesenli-kimdir-niye-saxlanilib\\\/#primaryimage\",\"url\":\"https:\\\/\\\/www.meydan.tv\\\/wp-content\\\/uploads\\\/screenshot-2023-11-22-at-19.58.30.png\",\"contentUrl\":\"https:\\\/\\\/www.meydan.tv\\\/wp-content\\\/uploads\\\/screenshot-2023-11-22-at-19.58.30.png\",\"width\":1454,\"height\":854},{\"@type\":\"BreadcrumbList\",\"@id\":\"https:\\\/\\\/www.meydan.tv\\\/az\\\/article\\\/abzas-media-direktoru-ulvi-hesenli-kimdir-niye-saxlanilib\\\/#breadcrumb\",\"itemListElement\":[{\"@type\":\"ListItem\",\"position\":1,\"name\":\"Ana s\u0259hif\u0259\",\"item\":\"https:\\\/\\\/www.meydan.tv\\\/az\\\/\"},{\"@type\":\"ListItem\",\"position\":2,\"name\":\"Video\",\"item\":\"https:\\\/\\\/www.meydan.tv\\\/az\\\/section\\\/video-2\\\/\"},{\"@type\":\"ListItem\",\"position\":3,\"name\":\"&#8220;AbzasMedia&#8221;n\u0131n direktoru \u00dclvi H\u0259s\u0259nli kimdir? Niy\u0259 saxlan\u0131l\u0131b?\"}]},{\"@type\":\"WebSite\",\"@id\":\"https:\\\/\\\/www.meydan.tv\\\/az\\\/#website\",\"url\":\"https:\\\/\\\/www.meydan.tv\\\/az\\\/\",\"name\":\"MEYDAN.TV\",\"description\":\"Meydan TV Az\u0259rbaycan\u0131n media m\u0259kan\u0131ndak\u0131 alternativ s\u0259sidir\",\"publisher\":{\"@id\":\"https:\\\/\\\/www.meydan.tv\\\/az\\\/#organization\"},\"potentialAction\":[{\"@type\":\"SearchAction\",\"target\":{\"@type\":\"EntryPoint\",\"urlTemplate\":\"https:\\\/\\\/www.meydan.tv\\\/az\\\/?s={search_term_string}\"},\"query-input\":{\"@type\":\"PropertyValueSpecification\",\"valueRequired\":true,\"valueName\":\"search_term_string\"}}],\"inLanguage\":\"az\"},{\"@type\":\"Organization\",\"@id\":\"https:\\\/\\\/www.meydan.tv\\\/az\\\/#organization\",\"name\":\"Meydan TV\",\"url\":\"https:\\\/\\\/www.meydan.tv\\\/az\\\/\",\"logo\":{\"@type\":\"ImageObject\",\"inLanguage\":\"az\",\"@id\":\"https:\\\/\\\/www.meydan.tv\\\/az\\\/#\\\/schema\\\/logo\\\/image\\\/\",\"url\":\"https:\\\/\\\/www.meydan.tv\\\/wp-content\\\/uploads\\\/2021\\\/07\\\/meydan-logo.svg\",\"contentUrl\":\"https:\\\/\\\/www.meydan.tv\\\/wp-content\\\/uploads\\\/2021\\\/07\\\/meydan-logo.svg\",\"width\":195,\"height\":46,\"caption\":\"Meydan TV\"},\"image\":{\"@id\":\"https:\\\/\\\/www.meydan.tv\\\/az\\\/#\\\/schema\\\/logo\\\/image\\\/\"}},{\"@type\":\"Person\",\"@id\":\"https:\\\/\\\/www.meydan.tv\\\/az\\\/#\\\/schema\\\/person\\\/476e9360e593fa131d5d71d51866f8da\",\"name\":\"aleks\"}]}<\/script>\n<!-- \/ Yoast SEO plugin. -->","yoast_head_json":{"title":"\"AbzasMedia\"n\u0131n direktoru \u00dclvi H\u0259s\u0259nli kimdir? Niy\u0259 saxlan\u0131l\u0131b? - MEYDAN.TV","robots":{"index":"index","follow":"follow","max-snippet":"max-snippet:-1","max-image-preview":"max-image-preview:large","max-video-preview":"max-video-preview:-1"},"canonical":"https:\/\/www.meydan.tv\/az\/article\/abzas-media-direktoru-ulvi-hesenli-kimdir-niye-saxlanilib\/","og_locale":"az_AZ","og_type":"article","og_title":"\"AbzasMedia\"n\u0131n direktoru \u00dclvi H\u0259s\u0259nli kimdir? Niy\u0259 saxlan\u0131l\u0131b? - MEYDAN.TV","og_description":"20 noyabr s\u0259h\u0259r saatlar\u0131nda Az\u0259rbaycan \u00fc\u00e7\u00fcn k\u00f6hn\u0259-tan\u0131\u015f x\u0259b\u0259rl\u0259rd\u0259n biri yay\u0131ld\u0131. ... Davam\u0131","og_url":"https:\/\/www.meydan.tv\/az\/article\/abzas-media-direktoru-ulvi-hesenli-kimdir-niye-saxlanilib\/","og_site_name":"MEYDAN.TV","article_published_time":"2023-11-22T19:55:07+00:00","article_modified_time":"2023-11-22T19:55:09+00:00","og_image":[{"width":1454,"height":854,"url":"https:\/\/www.meydan.tv\/wp-content\/uploads\/screenshot-2023-11-22-at-19.58.30.png","type":"image\/png"}],"author":"aleks","twitter_card":"summary_large_image","schema":{"@context":"https:\/\/schema.org","@graph":[{"@type":"Article","@id":"https:\/\/www.meydan.tv\/az\/article\/abzas-media-direktoru-ulvi-hesenli-kimdir-niye-saxlanilib\/#article","isPartOf":{"@id":"https:\/\/www.meydan.tv\/az\/article\/abzas-media-direktoru-ulvi-hesenli-kimdir-niye-saxlanilib\/"},"author":{"name":"aleks","@id":"https:\/\/www.meydan.tv\/az\/#\/schema\/person\/476e9360e593fa131d5d71d51866f8da"},"headline":"&#8220;AbzasMedia&#8221;n\u0131n direktoru \u00dclvi H\u0259s\u0259nli kimdir? Niy\u0259 saxlan\u0131l\u0131b?","datePublished":"2023-11-22T19:55:07+00:00","dateModified":"2023-11-22T19:55:09+00:00","mainEntityOfPage":{"@id":"https:\/\/www.meydan.tv\/az\/article\/abzas-media-direktoru-ulvi-hesenli-kimdir-niye-saxlanilib\/"},"wordCount":646,"publisher":{"@id":"https:\/\/www.meydan.tv\/az\/#organization"},"image":{"@id":"https:\/\/www.meydan.tv\/az\/article\/abzas-media-direktoru-ulvi-hesenli-kimdir-niye-saxlanilib\/#primaryimage"},"thumbnailUrl":"https:\/\/www.meydan.tv\/wp-content\/uploads\/screenshot-2023-11-22-at-19.58.30.png","articleSection":["Siyas\u0259t","T\u00f6vsiy\u0259","Video"],"inLanguage":"az"},{"@type":"WebPage","@id":"https:\/\/www.meydan.tv\/az\/article\/abzas-media-direktoru-ulvi-hesenli-kimdir-niye-saxlanilib\/","url":"https:\/\/www.meydan.tv\/az\/article\/abzas-media-direktoru-ulvi-hesenli-kimdir-niye-saxlanilib\/","name":"\"AbzasMedia\"n\u0131n direktoru \u00dclvi H\u0259s\u0259nli kimdir? Niy\u0259 saxlan\u0131l\u0131b? - MEYDAN.TV","isPartOf":{"@id":"https:\/\/www.meydan.tv\/az\/#website"},"primaryImageOfPage":{"@id":"https:\/\/www.meydan.tv\/az\/article\/abzas-media-direktoru-ulvi-hesenli-kimdir-niye-saxlanilib\/#primaryimage"},"image":{"@id":"https:\/\/www.meydan.tv\/az\/article\/abzas-media-direktoru-ulvi-hesenli-kimdir-niye-saxlanilib\/#primaryimage"},"thumbnailUrl":"https:\/\/www.meydan.tv\/wp-content\/uploads\/screenshot-2023-11-22-at-19.58.30.png","datePublished":"2023-11-22T19:55:07+00:00","dateModified":"2023-11-22T19:55:09+00:00","breadcrumb":{"@id":"https:\/\/www.meydan.tv\/az\/article\/abzas-media-direktoru-ulvi-hesenli-kimdir-niye-saxlanilib\/#breadcrumb"},"inLanguage":"az","potentialAction":[{"@type":"ReadAction","target":["https:\/\/www.meydan.tv\/az\/article\/abzas-media-direktoru-ulvi-hesenli-kimdir-niye-saxlanilib\/"]}]},{"@type":"ImageObject","inLanguage":"az","@id":"https:\/\/www.meydan.tv\/az\/article\/abzas-media-direktoru-ulvi-hesenli-kimdir-niye-saxlanilib\/#primaryimage","url":"https:\/\/www.meydan.tv\/wp-content\/uploads\/screenshot-2023-11-22-at-19.58.30.png","contentUrl":"https:\/\/www.meydan.tv\/wp-content\/uploads\/screenshot-2023-11-22-at-19.58.30.png","width":1454,"height":854},{"@type":"BreadcrumbList","@id":"https:\/\/www.meydan.tv\/az\/article\/abzas-media-direktoru-ulvi-hesenli-kimdir-niye-saxlanilib\/#breadcrumb","itemListElement":[{"@type":"ListItem","position":1,"name":"Ana s\u0259hif\u0259","item":"https:\/\/www.meydan.tv\/az\/"},{"@type":"ListItem","position":2,"name":"Video","item":"https:\/\/www.meydan.tv\/az\/section\/video-2\/"},{"@type":"ListItem","position":3,"name":"&#8220;AbzasMedia&#8221;n\u0131n direktoru \u00dclvi H\u0259s\u0259nli kimdir? Niy\u0259 saxlan\u0131l\u0131b?"}]},{"@type":"WebSite","@id":"https:\/\/www.meydan.tv\/az\/#website","url":"https:\/\/www.meydan.tv\/az\/","name":"MEYDAN.TV","description":"Meydan TV Az\u0259rbaycan\u0131n media m\u0259kan\u0131ndak\u0131 alternativ s\u0259sidir","publisher":{"@id":"https:\/\/www.meydan.tv\/az\/#organization"},"potentialAction":[{"@type":"SearchAction","target":{"@type":"EntryPoint","urlTemplate":"https:\/\/www.meydan.tv\/az\/?s={search_term_string}"},"query-input":{"@type":"PropertyValueSpecification","valueRequired":true,"valueName":"search_term_string"}}],"inLanguage":"az"},{"@type":"Organization","@id":"https:\/\/www.meydan.tv\/az\/#organization","name":"Meydan TV","url":"https:\/\/www.meydan.tv\/az\/","logo":{"@type":"ImageObject","inLanguage":"az","@id":"https:\/\/www.meydan.tv\/az\/#\/schema\/logo\/image\/","url":"https:\/\/www.meydan.tv\/wp-content\/uploads\/2021\/07\/meydan-logo.svg","contentUrl":"https:\/\/www.meydan.tv\/wp-content\/uploads\/2021\/07\/meydan-logo.svg","width":195,"height":46,"caption":"Meydan TV"},"image":{"@id":"https:\/\/www.meydan.tv\/az\/#\/schema\/logo\/image\/"}},{"@type":"Person","@id":"https:\/\/www.meydan.tv\/az\/#\/schema\/person\/476e9360e593fa131d5d71d51866f8da","name":"aleks"}]}},"_links":{"self":[{"href":"https:\/\/www.meydan.tv\/az\/wp-json\/wp\/v2\/posts\/291235","targetHints":{"allow":["GET"]}}],"collection":[{"href":"https:\/\/www.meydan.tv\/az\/wp-json\/wp\/v2\/posts"}],"about":[{"href":"https:\/\/www.meydan.tv\/az\/wp-json\/wp\/v2\/types\/post"}],"author":[{"embeddable":true,"href":"https:\/\/www.meydan.tv\/az\/wp-json\/wp\/v2\/users\/12"}],"replies":[{"embeddable":true,"href":"https:\/\/www.meydan.tv\/az\/wp-json\/wp\/v2\/comments?post=291235"}],"version-history":[{"count":4,"href":"https:\/\/www.meydan.tv\/az\/wp-json\/wp\/v2\/posts\/291235\/revisions"}],"predecessor-version":[{"id":291259,"href":"https:\/\/www.meydan.tv\/az\/wp-json\/wp\/v2\/posts\/291235\/revisions\/291259"}],"wp:featuredmedia":[{"embeddable":true,"href":"https:\/\/www.meydan.tv\/az\/wp-json\/wp\/v2\/media\/291237"}],"wp:attachment":[{"href":"https:\/\/www.meydan.tv\/az\/wp-json\/wp\/v2\/media?parent=291235"}],"wp:term":[{"taxonomy":"category","embeddable":true,"href":"https:\/\/www.meydan.tv\/az\/wp-json\/wp\/v2\/categories?post=291235"},{"taxonomy":"post_tag","embeddable":true,"href":"https:\/\/www.meydan.tv\/az\/wp-json\/wp\/v2\/tags?post=291235"}],"curies":[{"name":"wp","href":"https:\/\/api.w.org\/{rel}","templated":true}]}}