{"id":291199,"date":"2023-11-22T15:59:09","date_gmt":"2023-11-22T11:59:09","guid":{"rendered":"https:\/\/www.meydan.tv\/?p=291199"},"modified":"2023-11-22T15:59:11","modified_gmt":"2023-11-22T11:59:11","slug":"rasim-balayev-sedr-postuna-5-6-neferin-iddiasi-var","status":"publish","type":"post","link":"https:\/\/www.meydan.tv\/az\/article\/rasim-balayev-sedr-postuna-5-6-neferin-iddiasi-var\/","title":{"rendered":"Rasim Balayev: \u201cS\u0259dr postuna 5-6 n\u0259f\u0259rin iddias\u0131 var\u201d"},"content":{"rendered":"\n<p><\/p>\n\n\n\n<p><strong><em>AK\u0130 s\u0259dri birl\u0259\u015f\u0259n kino ittifaqlar\u0131n\u0131n ke\u00e7iril\u0259c\u0259k qurultay\u0131ndan dan\u0131\u015fd\u0131<\/em><\/strong><\/p>\n\n\n\n<p>Xalq artisti Rasim Balayevin r\u0259hb\u0259ri oldu\u011fu Az\u0259rbaycan Kinematoqraf\u00e7\u0131lar \u0130ttifaq\u0131 (AK\u0130) il\u0259 dig\u0259r Xalq artisti \u015e\u0259fiq\u0259 M\u0259mm\u0259dovan\u0131n s\u0259drlik etdiyi Az\u0259rbaycan Respublikas\u0131 Kinematoqraf\u00e7\u0131lar \u0130ttifaq\u0131 (ARK\u0130) birl\u0259\u015f\u0259nd\u0259n sonra yenil\u0259nmi\u015f ittifaqa kimin r\u0259hb\u0259rlik ed\u0259c\u0259yi h\u0259l\u0259 m\u0259lum deyil.<\/p>\n\n\n\n<p>Birl\u0259\u015fmi\u015f ittifaqlar\u0131n yax\u0131n zamanda qurultay\u0131 g\u00f6zl\u0259nilir.<\/p>\n\n\n\n<p>AK\u0130-nin idar\u0259 hey\u0259ti Rasim Balayevin namiz\u0259dliyini ir\u0259li s\u00fcr\u00fcb.<\/p>\n\n\n\n<p>ARK\u0130 is\u0259 namiz\u0259dl\u0259 ba\u011fl\u0131 q\u0259rarla\u015fmay\u0131b.<\/p>\n\n\n\n<p>Rasim Balayev Meydan TV-y\u0259 deyib ki, s\u0259dr postuna iddial\u0131 ba\u015fqa namiz\u0259dl\u0259r d\u0259 var.<\/p>\n\n\n\n<p>\u201c<em>Hiss edir\u0259m ki, be\u015f-alt\u0131 n\u0259f\u0259rin iddias\u0131 var. \u00c7ox adam namiz\u0259dliyini ir\u0259li s\u00fcr\u0259c\u0259k. Qoy s\u00fcrs\u00fcnl\u0259r. H\u0259l\u0259 bir s\u00f6z demirl\u0259r. Z\u0259nnimc\u0259, qurultayda dan\u0131\u015facaqlar. Qurultaya g\u0259linc\u0259, noyabr\u0131n sonu, dekabr\u0131n \u0259vv\u0259lind\u0259 ke\u00e7iril\u0259c\u0259k. Hesab edir\u0259m ki, iki kinematoqrafiya ittifaq\u0131n\u0131n olmas\u0131 normal deyildi. \u0130ttifaq birl\u0259\u015f\u0259nd\u0259n sonra da nizamnam\u0259miz \u00fczr\u0259 d\u0259 h\u0259r\u0259k\u0259t ed\u0259c\u0259yik\u201d, &#8211;<\/em> Rasim Balayev deyib.<\/p>\n\n\n\n<p>2023-c\u00fc il iyulun 26-da AK\u0130-nin \u0130dar\u0259 Hey\u0259ti ARK\u0130 il\u0259 vahid ad alt\u0131nda birl\u0259\u015fm\u0259k m\u0259qs\u0259dli b\u0259yanat yay\u0131b.<\/p>\n\n\n\n<p>B\u0259yanatda deyilib ki, eyni adda iki qurumun f\u0259aliyy\u0259t g\u00f6st\u0259rm\u0259si kinematoqraf\u00e7\u0131lar aras\u0131nda h\u0259mr\u0259yliy\u0259, \u00fcmumilikd\u0259 Az\u0259rbaycan kinosunun inki\u015faf\u0131na ciddi mane olur.<\/p>\n\n\n\n<p>Az\u0259rbaycan Kinematoqraf\u00e7\u0131lar \u0130ttifaq\u0131 (AK\u0130) 1963-c\u00fc ild\u0259 t\u0259sis edilib.<\/p>\n\n\n\n<p>1981-ci ild\u0259n quruma Xalq artisti, ssenarist R\u00fcst\u0259m \u0130brahimb\u0259yov r\u0259hb\u0259rlik edib.<\/p>\n\n\n\n<p>2012-ci ild\u0259 R\u00fcst\u0259m \u0130brahimb\u0259yovun siyasi bax\u0131\u015flar\u0131na g\u00f6r\u0259 \u0130ttifaq H\u00f6kum\u0259t Evind\u0259ki ofisind\u0259n \u00e7\u0131xar\u0131l\u0131b.<\/p>\n\n\n\n<p>M\u00fcxalif siyasi q\u00fcvv\u0259l\u0259rin birl\u0259\u015fdiyi Milli \u015eura 2013-c\u00fc ilin prezident se\u00e7kisind\u0259 R\u00fcst\u0259m \u0130brahimb\u0259yovun namiz\u0259dliyini ir\u0259li s\u00fcr\u0259nd\u0259n sonra is\u0259 AK\u0130-d\u0259 ciddi probleml\u0259r yaran\u0131b.<\/p>\n\n\n\n<p>R\u00fcst\u0259m \u0130brahimb\u0259yov Moskvaya ged\u0259nd\u0259n sonra \u0130ttifaq\u0131n f\u0259aliyy\u0259ti dayan\u0131b. Bir ne\u00e7\u0259 ild\u0259n sonra \u0130ttifaq yenid\u0259n f\u0259aliyy\u0259tini b\u0259rpa edib.<\/p>\n\n\n\n<p>2022-ci ilin mart\u0131nda R\u00fcst\u0259m \u0130brahimb\u0259yov v\u0259fat edib.<\/p>\n\n\n\n<p>Ard\u0131nca AK\u0130-d\u0259 qurultay ke\u00e7iril\u0259r\u0259k s\u0259dr postuna Xalq artisti, aktyor Rasim Balayev g\u0259tirilib.<\/p>\n\n\n\n<p>ARK\u0130 is\u0259 2012-ci ild\u0259 AK\u0130-y\u0259 alternativ olaraq yarad\u0131l\u0131b.<\/p>\n\n\n\n<p>H\u0259min ild\u0259n \u0130ttifaqa Xalq artisti, aktrisa \u015e\u0259fiq\u0259 M\u0259mm\u0259dova r\u0259hb\u0259rlik edir.<\/p>\n\n\n\n<p>2022-ci ild\u0259 ARK\u0130 b\u0259yanat yayaraq, idar\u0259 hey\u0259tinin q\u0259rar\u0131 il\u0259 \u015e\u0259fiq\u0259 M\u0259mm\u0259dovan\u0131n yenid\u0259n \u0130ttifaqa s\u0259dr se\u00e7ildiyini a\u00e7\u0131qlay\u0131b.<\/p>\n\n\n\n<p>Bu, kino ictimaiyy\u0259ti aras\u0131nda naraz\u0131l\u0131\u011fa s\u0259b\u0259b olub.<\/p>\n\n\n\n<p>Bildirilib ki, \u015e\u0259fiq\u0259 M\u0259mm\u0259dova qurultay ke\u00e7irilm\u0259d\u0259n yenid\u0259n s\u0259dr se\u00e7il\u0259 bilm\u0259z.<\/p>\n\n\n\n<p>Qar\u015f\u0131 t\u0259r\u0259f is\u0259 iradlar\u0131 cavabs\u0131z burax\u0131b.<\/p>\n","protected":false},"excerpt":{"rendered":"<p>AK\u0130 s\u0259dri birl\u0259\u015f\u0259n kino ittifaqlar\u0131n\u0131n ke\u00e7iril\u0259c\u0259k qurultay\u0131ndan dan\u0131\u015fd\u0131 Xalq artisti &#8230; <\/p>\n<p class=\"read-more-container\"><a title=\"Rasim Balayev: \u201cS\u0259dr postuna 5-6 n\u0259f\u0259rin iddias\u0131 var\u201d\" class=\"read-more button\" href=\"https:\/\/www.meydan.tv\/az\/article\/rasim-balayev-sedr-postuna-5-6-neferin-iddiasi-var\/#more-291199\" aria-label=\"Read more about Rasim Balayev: \u201cS\u0259dr postuna 5-6 n\u0259f\u0259rin iddias\u0131 var\u201d\">Davam\u0131<\/a><\/p>\n","protected":false},"author":8,"featured_media":289705,"comment_status":"closed","ping_status":"closed","sticky":false,"template":"","format":"standard","meta":{"_acf_changed":false,"_sitemap_exclude":false,"_sitemap_priority":"","_sitemap_frequency":"","footnotes":""},"categories":[52,56],"tags":[],"class_list":["post-291199","post","type-post","status-publish","format-standard","has-post-thumbnail","hentry","category-medeniyyet","category-xeberler","infinite-scroll-item","generate-columns","tablet-grid-50","mobile-grid-100","grid-parent","grid-33","no-featured-image-padding"],"acf":[],"yoast_head":"<!-- This site is optimized with the Yoast SEO plugin v27.4 - https:\/\/yoast.com\/product\/yoast-seo-wordpress\/ -->\n<title>Rasim Balayev: \u201cS\u0259dr postuna 5-6 n\u0259f\u0259rin iddias\u0131 var\u201d - MEYDAN.TV<\/title>\n<meta name=\"robots\" content=\"index, follow, max-snippet:-1, max-image-preview:large, max-video-preview:-1\" \/>\n<link rel=\"canonical\" href=\"https:\/\/www.meydan.tv\/az\/article\/rasim-balayev-sedr-postuna-5-6-neferin-iddiasi-var\/\" \/>\n<meta property=\"og:locale\" content=\"az_AZ\" \/>\n<meta property=\"og:type\" content=\"article\" \/>\n<meta property=\"og:title\" content=\"Rasim Balayev: \u201cS\u0259dr postuna 5-6 n\u0259f\u0259rin iddias\u0131 var\u201d - MEYDAN.TV\" \/>\n<meta property=\"og:description\" content=\"AK\u0130 s\u0259dri birl\u0259\u015f\u0259n kino ittifaqlar\u0131n\u0131n ke\u00e7iril\u0259c\u0259k qurultay\u0131ndan dan\u0131\u015fd\u0131 Xalq artisti ... Davam\u0131\" \/>\n<meta property=\"og:url\" content=\"https:\/\/www.meydan.tv\/az\/article\/rasim-balayev-sedr-postuna-5-6-neferin-iddiasi-var\/\" \/>\n<meta property=\"og:site_name\" content=\"MEYDAN.TV\" \/>\n<meta property=\"article:published_time\" content=\"2023-11-22T11:59:09+00:00\" \/>\n<meta property=\"article:modified_time\" content=\"2023-11-22T11:59:11+00:00\" \/>\n<meta property=\"og:image\" content=\"https:\/\/www.meydan.tv\/wp-content\/uploads\/398187512_735922418577764_6303627551493612648_n.jpg\" \/>\n\t<meta property=\"og:image:width\" content=\"1200\" \/>\n\t<meta property=\"og:image:height\" content=\"825\" \/>\n\t<meta property=\"og:image:type\" content=\"image\/jpeg\" \/>\n<meta name=\"author\" content=\"elli\" \/>\n<meta name=\"twitter:card\" content=\"summary_large_image\" \/>\n<meta name=\"twitter:creator\" content=\"@elli\" \/>\n<script type=\"application\/ld+json\" class=\"yoast-schema-graph\">{\"@context\":\"https:\\\/\\\/schema.org\",\"@graph\":[{\"@type\":\"Article\",\"@id\":\"https:\\\/\\\/www.meydan.tv\\\/az\\\/article\\\/rasim-balayev-sedr-postuna-5-6-neferin-iddiasi-var\\\/#article\",\"isPartOf\":{\"@id\":\"https:\\\/\\\/www.meydan.tv\\\/az\\\/article\\\/rasim-balayev-sedr-postuna-5-6-neferin-iddiasi-var\\\/\"},\"author\":{\"name\":\"elli\",\"@id\":\"https:\\\/\\\/www.meydan.tv\\\/az\\\/#\\\/schema\\\/person\\\/9cdbecf90d17180ce1dfbd95b08dcf47\"},\"headline\":\"Rasim Balayev: \u201cS\u0259dr postuna 5-6 n\u0259f\u0259rin iddias\u0131 var\u201d\",\"datePublished\":\"2023-11-22T11:59:09+00:00\",\"dateModified\":\"2023-11-22T11:59:11+00:00\",\"mainEntityOfPage\":{\"@id\":\"https:\\\/\\\/www.meydan.tv\\\/az\\\/article\\\/rasim-balayev-sedr-postuna-5-6-neferin-iddiasi-var\\\/\"},\"wordCount\":523,\"publisher\":{\"@id\":\"https:\\\/\\\/www.meydan.tv\\\/az\\\/#organization\"},\"image\":{\"@id\":\"https:\\\/\\\/www.meydan.tv\\\/az\\\/article\\\/rasim-balayev-sedr-postuna-5-6-neferin-iddiasi-var\\\/#primaryimage\"},\"thumbnailUrl\":\"https:\\\/\\\/www.meydan.tv\\\/wp-content\\\/uploads\\\/398187512_735922418577764_6303627551493612648_n.jpg\",\"articleSection\":[\"M\u0259d\u0259niyy\u0259t\",\"X\u0259b\u0259rl\u0259r\"],\"inLanguage\":\"az\"},{\"@type\":\"WebPage\",\"@id\":\"https:\\\/\\\/www.meydan.tv\\\/az\\\/article\\\/rasim-balayev-sedr-postuna-5-6-neferin-iddiasi-var\\\/\",\"url\":\"https:\\\/\\\/www.meydan.tv\\\/az\\\/article\\\/rasim-balayev-sedr-postuna-5-6-neferin-iddiasi-var\\\/\",\"name\":\"Rasim Balayev: \u201cS\u0259dr postuna 5-6 n\u0259f\u0259rin iddias\u0131 var\u201d - MEYDAN.TV\",\"isPartOf\":{\"@id\":\"https:\\\/\\\/www.meydan.tv\\\/az\\\/#website\"},\"primaryImageOfPage\":{\"@id\":\"https:\\\/\\\/www.meydan.tv\\\/az\\\/article\\\/rasim-balayev-sedr-postuna-5-6-neferin-iddiasi-var\\\/#primaryimage\"},\"image\":{\"@id\":\"https:\\\/\\\/www.meydan.tv\\\/az\\\/article\\\/rasim-balayev-sedr-postuna-5-6-neferin-iddiasi-var\\\/#primaryimage\"},\"thumbnailUrl\":\"https:\\\/\\\/www.meydan.tv\\\/wp-content\\\/uploads\\\/398187512_735922418577764_6303627551493612648_n.jpg\",\"datePublished\":\"2023-11-22T11:59:09+00:00\",\"dateModified\":\"2023-11-22T11:59:11+00:00\",\"breadcrumb\":{\"@id\":\"https:\\\/\\\/www.meydan.tv\\\/az\\\/article\\\/rasim-balayev-sedr-postuna-5-6-neferin-iddiasi-var\\\/#breadcrumb\"},\"inLanguage\":\"az\",\"potentialAction\":[{\"@type\":\"ReadAction\",\"target\":[\"https:\\\/\\\/www.meydan.tv\\\/az\\\/article\\\/rasim-balayev-sedr-postuna-5-6-neferin-iddiasi-var\\\/\"]}]},{\"@type\":\"ImageObject\",\"inLanguage\":\"az\",\"@id\":\"https:\\\/\\\/www.meydan.tv\\\/az\\\/article\\\/rasim-balayev-sedr-postuna-5-6-neferin-iddiasi-var\\\/#primaryimage\",\"url\":\"https:\\\/\\\/www.meydan.tv\\\/wp-content\\\/uploads\\\/398187512_735922418577764_6303627551493612648_n.jpg\",\"contentUrl\":\"https:\\\/\\\/www.meydan.tv\\\/wp-content\\\/uploads\\\/398187512_735922418577764_6303627551493612648_n.jpg\",\"width\":1200,\"height\":825,\"caption\":\"Rasim Balayev. Foto: Az\u0259rbaycan Kinematoqraf\u00e7\u0131lar \u0130ttifaq\u0131 (AK\u0130)\"},{\"@type\":\"BreadcrumbList\",\"@id\":\"https:\\\/\\\/www.meydan.tv\\\/az\\\/article\\\/rasim-balayev-sedr-postuna-5-6-neferin-iddiasi-var\\\/#breadcrumb\",\"itemListElement\":[{\"@type\":\"ListItem\",\"position\":1,\"name\":\"Ana s\u0259hif\u0259\",\"item\":\"https:\\\/\\\/www.meydan.tv\\\/az\\\/\"},{\"@type\":\"ListItem\",\"position\":2,\"name\":\"M\u0259d\u0259niyy\u0259t\",\"item\":\"https:\\\/\\\/www.meydan.tv\\\/az\\\/section\\\/medeniyyet\\\/\"},{\"@type\":\"ListItem\",\"position\":3,\"name\":\"Rasim Balayev: \u201cS\u0259dr postuna 5-6 n\u0259f\u0259rin iddias\u0131 var\u201d\"}]},{\"@type\":\"WebSite\",\"@id\":\"https:\\\/\\\/www.meydan.tv\\\/az\\\/#website\",\"url\":\"https:\\\/\\\/www.meydan.tv\\\/az\\\/\",\"name\":\"MEYDAN.TV\",\"description\":\"Meydan TV Az\u0259rbaycan\u0131n media m\u0259kan\u0131ndak\u0131 alternativ s\u0259sidir\",\"publisher\":{\"@id\":\"https:\\\/\\\/www.meydan.tv\\\/az\\\/#organization\"},\"potentialAction\":[{\"@type\":\"SearchAction\",\"target\":{\"@type\":\"EntryPoint\",\"urlTemplate\":\"https:\\\/\\\/www.meydan.tv\\\/az\\\/?s={search_term_string}\"},\"query-input\":{\"@type\":\"PropertyValueSpecification\",\"valueRequired\":true,\"valueName\":\"search_term_string\"}}],\"inLanguage\":\"az\"},{\"@type\":\"Organization\",\"@id\":\"https:\\\/\\\/www.meydan.tv\\\/az\\\/#organization\",\"name\":\"Meydan TV\",\"url\":\"https:\\\/\\\/www.meydan.tv\\\/az\\\/\",\"logo\":{\"@type\":\"ImageObject\",\"inLanguage\":\"az\",\"@id\":\"https:\\\/\\\/www.meydan.tv\\\/az\\\/#\\\/schema\\\/logo\\\/image\\\/\",\"url\":\"https:\\\/\\\/www.meydan.tv\\\/wp-content\\\/uploads\\\/2021\\\/07\\\/meydan-logo.svg\",\"contentUrl\":\"https:\\\/\\\/www.meydan.tv\\\/wp-content\\\/uploads\\\/2021\\\/07\\\/meydan-logo.svg\",\"width\":195,\"height\":46,\"caption\":\"Meydan TV\"},\"image\":{\"@id\":\"https:\\\/\\\/www.meydan.tv\\\/az\\\/#\\\/schema\\\/logo\\\/image\\\/\"}},{\"@type\":\"Person\",\"@id\":\"https:\\\/\\\/www.meydan.tv\\\/az\\\/#\\\/schema\\\/person\\\/9cdbecf90d17180ce1dfbd95b08dcf47\",\"name\":\"elli\",\"sameAs\":[\"https:\\\/\\\/x.com\\\/elli\"]}]}<\/script>\n<!-- \/ Yoast SEO plugin. -->","yoast_head_json":{"title":"Rasim Balayev: \u201cS\u0259dr postuna 5-6 n\u0259f\u0259rin iddias\u0131 var\u201d - MEYDAN.TV","robots":{"index":"index","follow":"follow","max-snippet":"max-snippet:-1","max-image-preview":"max-image-preview:large","max-video-preview":"max-video-preview:-1"},"canonical":"https:\/\/www.meydan.tv\/az\/article\/rasim-balayev-sedr-postuna-5-6-neferin-iddiasi-var\/","og_locale":"az_AZ","og_type":"article","og_title":"Rasim Balayev: \u201cS\u0259dr postuna 5-6 n\u0259f\u0259rin iddias\u0131 var\u201d - MEYDAN.TV","og_description":"AK\u0130 s\u0259dri birl\u0259\u015f\u0259n kino ittifaqlar\u0131n\u0131n ke\u00e7iril\u0259c\u0259k qurultay\u0131ndan dan\u0131\u015fd\u0131 Xalq artisti ... Davam\u0131","og_url":"https:\/\/www.meydan.tv\/az\/article\/rasim-balayev-sedr-postuna-5-6-neferin-iddiasi-var\/","og_site_name":"MEYDAN.TV","article_published_time":"2023-11-22T11:59:09+00:00","article_modified_time":"2023-11-22T11:59:11+00:00","og_image":[{"width":1200,"height":825,"url":"https:\/\/www.meydan.tv\/wp-content\/uploads\/398187512_735922418577764_6303627551493612648_n.jpg","type":"image\/jpeg"}],"author":"elli","twitter_card":"summary_large_image","twitter_creator":"@elli","schema":{"@context":"https:\/\/schema.org","@graph":[{"@type":"Article","@id":"https:\/\/www.meydan.tv\/az\/article\/rasim-balayev-sedr-postuna-5-6-neferin-iddiasi-var\/#article","isPartOf":{"@id":"https:\/\/www.meydan.tv\/az\/article\/rasim-balayev-sedr-postuna-5-6-neferin-iddiasi-var\/"},"author":{"name":"elli","@id":"https:\/\/www.meydan.tv\/az\/#\/schema\/person\/9cdbecf90d17180ce1dfbd95b08dcf47"},"headline":"Rasim Balayev: \u201cS\u0259dr postuna 5-6 n\u0259f\u0259rin iddias\u0131 var\u201d","datePublished":"2023-11-22T11:59:09+00:00","dateModified":"2023-11-22T11:59:11+00:00","mainEntityOfPage":{"@id":"https:\/\/www.meydan.tv\/az\/article\/rasim-balayev-sedr-postuna-5-6-neferin-iddiasi-var\/"},"wordCount":523,"publisher":{"@id":"https:\/\/www.meydan.tv\/az\/#organization"},"image":{"@id":"https:\/\/www.meydan.tv\/az\/article\/rasim-balayev-sedr-postuna-5-6-neferin-iddiasi-var\/#primaryimage"},"thumbnailUrl":"https:\/\/www.meydan.tv\/wp-content\/uploads\/398187512_735922418577764_6303627551493612648_n.jpg","articleSection":["M\u0259d\u0259niyy\u0259t","X\u0259b\u0259rl\u0259r"],"inLanguage":"az"},{"@type":"WebPage","@id":"https:\/\/www.meydan.tv\/az\/article\/rasim-balayev-sedr-postuna-5-6-neferin-iddiasi-var\/","url":"https:\/\/www.meydan.tv\/az\/article\/rasim-balayev-sedr-postuna-5-6-neferin-iddiasi-var\/","name":"Rasim Balayev: \u201cS\u0259dr postuna 5-6 n\u0259f\u0259rin iddias\u0131 var\u201d - MEYDAN.TV","isPartOf":{"@id":"https:\/\/www.meydan.tv\/az\/#website"},"primaryImageOfPage":{"@id":"https:\/\/www.meydan.tv\/az\/article\/rasim-balayev-sedr-postuna-5-6-neferin-iddiasi-var\/#primaryimage"},"image":{"@id":"https:\/\/www.meydan.tv\/az\/article\/rasim-balayev-sedr-postuna-5-6-neferin-iddiasi-var\/#primaryimage"},"thumbnailUrl":"https:\/\/www.meydan.tv\/wp-content\/uploads\/398187512_735922418577764_6303627551493612648_n.jpg","datePublished":"2023-11-22T11:59:09+00:00","dateModified":"2023-11-22T11:59:11+00:00","breadcrumb":{"@id":"https:\/\/www.meydan.tv\/az\/article\/rasim-balayev-sedr-postuna-5-6-neferin-iddiasi-var\/#breadcrumb"},"inLanguage":"az","potentialAction":[{"@type":"ReadAction","target":["https:\/\/www.meydan.tv\/az\/article\/rasim-balayev-sedr-postuna-5-6-neferin-iddiasi-var\/"]}]},{"@type":"ImageObject","inLanguage":"az","@id":"https:\/\/www.meydan.tv\/az\/article\/rasim-balayev-sedr-postuna-5-6-neferin-iddiasi-var\/#primaryimage","url":"https:\/\/www.meydan.tv\/wp-content\/uploads\/398187512_735922418577764_6303627551493612648_n.jpg","contentUrl":"https:\/\/www.meydan.tv\/wp-content\/uploads\/398187512_735922418577764_6303627551493612648_n.jpg","width":1200,"height":825,"caption":"Rasim Balayev. Foto: Az\u0259rbaycan Kinematoqraf\u00e7\u0131lar \u0130ttifaq\u0131 (AK\u0130)"},{"@type":"BreadcrumbList","@id":"https:\/\/www.meydan.tv\/az\/article\/rasim-balayev-sedr-postuna-5-6-neferin-iddiasi-var\/#breadcrumb","itemListElement":[{"@type":"ListItem","position":1,"name":"Ana s\u0259hif\u0259","item":"https:\/\/www.meydan.tv\/az\/"},{"@type":"ListItem","position":2,"name":"M\u0259d\u0259niyy\u0259t","item":"https:\/\/www.meydan.tv\/az\/section\/medeniyyet\/"},{"@type":"ListItem","position":3,"name":"Rasim Balayev: \u201cS\u0259dr postuna 5-6 n\u0259f\u0259rin iddias\u0131 var\u201d"}]},{"@type":"WebSite","@id":"https:\/\/www.meydan.tv\/az\/#website","url":"https:\/\/www.meydan.tv\/az\/","name":"MEYDAN.TV","description":"Meydan TV Az\u0259rbaycan\u0131n media m\u0259kan\u0131ndak\u0131 alternativ s\u0259sidir","publisher":{"@id":"https:\/\/www.meydan.tv\/az\/#organization"},"potentialAction":[{"@type":"SearchAction","target":{"@type":"EntryPoint","urlTemplate":"https:\/\/www.meydan.tv\/az\/?s={search_term_string}"},"query-input":{"@type":"PropertyValueSpecification","valueRequired":true,"valueName":"search_term_string"}}],"inLanguage":"az"},{"@type":"Organization","@id":"https:\/\/www.meydan.tv\/az\/#organization","name":"Meydan TV","url":"https:\/\/www.meydan.tv\/az\/","logo":{"@type":"ImageObject","inLanguage":"az","@id":"https:\/\/www.meydan.tv\/az\/#\/schema\/logo\/image\/","url":"https:\/\/www.meydan.tv\/wp-content\/uploads\/2021\/07\/meydan-logo.svg","contentUrl":"https:\/\/www.meydan.tv\/wp-content\/uploads\/2021\/07\/meydan-logo.svg","width":195,"height":46,"caption":"Meydan TV"},"image":{"@id":"https:\/\/www.meydan.tv\/az\/#\/schema\/logo\/image\/"}},{"@type":"Person","@id":"https:\/\/www.meydan.tv\/az\/#\/schema\/person\/9cdbecf90d17180ce1dfbd95b08dcf47","name":"elli","sameAs":["https:\/\/x.com\/elli"]}]}},"_links":{"self":[{"href":"https:\/\/www.meydan.tv\/az\/wp-json\/wp\/v2\/posts\/291199","targetHints":{"allow":["GET"]}}],"collection":[{"href":"https:\/\/www.meydan.tv\/az\/wp-json\/wp\/v2\/posts"}],"about":[{"href":"https:\/\/www.meydan.tv\/az\/wp-json\/wp\/v2\/types\/post"}],"author":[{"embeddable":true,"href":"https:\/\/www.meydan.tv\/az\/wp-json\/wp\/v2\/users\/8"}],"replies":[{"embeddable":true,"href":"https:\/\/www.meydan.tv\/az\/wp-json\/wp\/v2\/comments?post=291199"}],"version-history":[{"count":3,"href":"https:\/\/www.meydan.tv\/az\/wp-json\/wp\/v2\/posts\/291199\/revisions"}],"predecessor-version":[{"id":291202,"href":"https:\/\/www.meydan.tv\/az\/wp-json\/wp\/v2\/posts\/291199\/revisions\/291202"}],"wp:featuredmedia":[{"embeddable":true,"href":"https:\/\/www.meydan.tv\/az\/wp-json\/wp\/v2\/media\/289705"}],"wp:attachment":[{"href":"https:\/\/www.meydan.tv\/az\/wp-json\/wp\/v2\/media?parent=291199"}],"wp:term":[{"taxonomy":"category","embeddable":true,"href":"https:\/\/www.meydan.tv\/az\/wp-json\/wp\/v2\/categories?post=291199"},{"taxonomy":"post_tag","embeddable":true,"href":"https:\/\/www.meydan.tv\/az\/wp-json\/wp\/v2\/tags?post=291199"}],"curies":[{"name":"wp","href":"https:\/\/api.w.org\/{rel}","templated":true}]}}