{"id":291103,"date":"2023-11-22T11:13:19","date_gmt":"2023-11-22T07:13:19","guid":{"rendered":"https:\/\/www.meydan.tv\/?p=291103"},"modified":"2023-11-22T12:06:43","modified_gmt":"2023-11-22T08:06:43","slug":"din-sozcusu-mehemmed-kekalov-mesuliyyete-celb-edilib","status":"publish","type":"post","link":"https:\/\/www.meydan.tv\/az\/article\/din-sozcusu-mehemmed-kekalov-mesuliyyete-celb-edilib\/","title":{"rendered":"D\u0130N s\u00f6z\u00e7\u00fcs\u00fc: M\u0259h\u0259mm\u0259d Kekalov m\u0259suliyy\u0259t\u0259 c\u0259lb edilib"},"content":{"rendered":"\n<p><\/p>\n\n\n\n<p><strong><em>\u0130ctimai f\u0259al bar\u0259d\u0259 \u0259trafl\u0131 m\u0259lumat verilmir<\/em><\/strong><br><br>Noyabr\u0131n 20-d\u0259 evind\u0259n polisl\u0259r t\u0259r\u0259find\u0259n apar\u0131lan v\u0259 iki g\u00fcn \u0259rzind\u0259 bar\u0259sind\u0259 m\u0259lumat verilm\u0259y\u0259n ictimai f\u0259al M\u0259h\u0259mm\u0259d Kekalov m\u0259suliyy\u0259t\u0259 c\u0259lb edilib.<\/p>\n\n\n\n<p>Bu bar\u0259d\u0259 Daxili \u0130\u015fl\u0259r Nazirliyinin (D\u0130N) M\u0259tbuat xidm\u0259tinin r\u0259hb\u0259ri El\u015fad Hac\u0131yev bildirib. El\u015fad Hac\u0131yev haz\u0131rda M\u0259h\u0259mm\u0259d Kekalovun polis b\u00f6lm\u0259sind\u0259 oldu\u011funu bildirib, m\u00fcvafiq cinay\u0259t i\u015fi \u00fczr\u0259 m\u0259suliyy\u0259t\u0259 c\u0259lb edildiyini s\u00f6yl\u0259yib.<\/p>\n\n\n\n<p>D\u0130N s\u00f6z\u00e7\u00fcs\u00fc Kekalovun hans\u0131 polis b\u00f6lm\u0259sind\u0259 olmas\u0131, hans\u0131 cinay\u0259t i\u015fi \u00fczr\u0259 m\u0259suliyy\u0259t\u0259 c\u0259lb edilm\u0259si bar\u0259d\u0259 \u0259trafl\u0131 cavab verm\u0259yib.<\/p>\n\n\n\n<p>\u0130ctimai f\u0259al M\u0259h\u0259mm\u0259d Kekalov noyabr\u0131n 20-d\u0259 evind\u0259n m\u00fclki geyimli polis \u0259m\u0259kda\u015flar\u0131 t\u0259r\u0259find\u0259n apar\u0131l\u0131b. V\u0259kili v\u0259 ail\u0259si iki g\u00fcn \u0259rzind\u0259 ondan m\u0259lumat ala bilm\u0259yib. Onun i\u015fg\u0259nc\u0259y\u0259 m\u0259ruz qald\u0131\u011f\u0131 ehtimal edilir.<\/p>\n\n\n\n<p>Noyabr\u0131n 20-d\u0259 \u201cAbzasMedia\u201dn\u0131n direktoru \u00dclvi H\u0259s\u0259nli saxlan\u0131l\u0131b. Ona qar\u015f\u0131 Cinay\u0259t M\u0259c\u0259ll\u0259sinin 206.3.2. (qabaqcadan \u0259lbir olan bir qrup \u015f\u0259xs t\u0259r\u0259find\u0259n qa\u00e7aqmal\u00e7\u0131l\u0131q) madd\u0259si il\u0259 ittiham verilib.<\/p>\n\n\n\n<p>Bir g\u00fcn sonra, noyabr\u0131n 21-d\u0259 is\u0259 \u201cAbzasMedia\u201dn\u0131n ba\u015f redaktoru Sevinc Vaqifq\u0131z\u0131 Az\u0259rbaycana qay\u0131dark\u0259n hava liman\u0131nda saxlan\u0131l\u0131b. Ona qar\u015f\u0131 da eyni ittiham ir\u0259li s\u00fcr\u00fcl\u00fcb. H\u0259r ikisinin evind\u0259, h\u0259m\u00e7inin \u201cAbzasMedia\u201dn\u0131n ofisind\u0259 axtar\u0131\u015f apar\u0131l\u0131b. Media qurumunun ofisind\u0259n 40 min avro tap\u0131ld\u0131\u011f\u0131 iddia edilib.<\/p>\n\n\n\n<p>Sevinc Vaqifq\u0131z\u0131 a\u00e7\u0131qlamas\u0131nda bildirib ki, ofisd\u0259 40 min avro olmas\u0131 m\u00fcmk\u00fcn deyil, oradan tapsalar, yaln\u0131z bir qazan dadl\u0131 yem\u0259k tapa bil\u0259rl\u0259r.<\/p>\n\n\n\n<p>\u00dclvi H\u0259s\u0259nli v\u0259 Sevinc Vaqifq\u0131z\u0131 noyabr\u0131n 21-d\u0259 X\u0259tai rayon M\u0259hk\u0259m\u0259sinin q\u0259rar\u0131 il\u0259 4 ay m\u00fcdd\u0259tin\u0259 h\u0259bs edilibl\u0259r. Onlar \u00f6lk\u0259y\u0259 qanunsuz yolla pul g\u0259tirm\u0259kd\u0259 t\u0259qsirli bilinirl\u0259r.<br>T\u0259qsirl\u0259ri s\u00fcbuta yetiril\u0259rs\u0259, onlar\u0131 Az\u0259rbaycan Cinay\u0259t M\u0259c\u0259ll\u0259sinin 206.3.2-ci madd\u0259si il\u0259 s\u0259kkiz il\u0259d\u0259k h\u0259bs c\u0259zas\u0131 g\u00f6zl\u0259yir.<\/p>\n\n\n\n<p>H\u0259r ikisi bu ittiham\u0131 r\u0259dd edir, h\u0259bsl\u0259rinin pe\u015f\u0259 f\u0259aliyy\u0259tl\u0259ri il\u0259 ba\u011fl\u0131 oldu\u011funu bildirirl\u0259r.<br>Beyn\u0259lxalq t\u0259\u015fkilatlar da Az\u0259rbaycan hakimiyy\u0259tin\u0259 m\u00fcraci\u0259t ed\u0259r\u0259k, azad mediaya qar\u015f\u0131 t\u0259zyiqi dayand\u0131rmas\u0131n\u0131 ist\u0259yibl\u0259r. Ba\u015f ver\u0259nl\u0259ri mediaya qar\u015f\u0131 \u201cqisas\u201d adland\u0131r\u0131blar.<\/p>\n","protected":false},"excerpt":{"rendered":"<p>\u0130ctimai f\u0259al bar\u0259d\u0259 \u0259trafl\u0131 m\u0259lumat verilmir Noyabr\u0131n 20-d\u0259 evind\u0259n polisl\u0259r &#8230; <\/p>\n<p class=\"read-more-container\"><a title=\"D\u0130N s\u00f6z\u00e7\u00fcs\u00fc: M\u0259h\u0259mm\u0259d Kekalov m\u0259suliyy\u0259t\u0259 c\u0259lb edilib\" class=\"read-more button\" href=\"https:\/\/www.meydan.tv\/az\/article\/din-sozcusu-mehemmed-kekalov-mesuliyyete-celb-edilib\/#more-291103\" aria-label=\"Read more about D\u0130N s\u00f6z\u00e7\u00fcs\u00fc: M\u0259h\u0259mm\u0259d Kekalov m\u0259suliyy\u0259t\u0259 c\u0259lb edilib\">Davam\u0131<\/a><\/p>\n","protected":false},"author":8,"featured_media":290941,"comment_status":"closed","ping_status":"closed","sticky":false,"template":"","format":"standard","meta":{"_acf_changed":false,"_sitemap_exclude":false,"_sitemap_priority":"","_sitemap_frequency":"","footnotes":""},"categories":[59,79,56],"tags":[],"class_list":["post-291103","post","type-post","status-publish","format-standard","has-post-thumbnail","hentry","category-siyaset","category-featured","category-xeberler","infinite-scroll-item","generate-columns","tablet-grid-50","mobile-grid-100","grid-parent","grid-33","no-featured-image-padding"],"acf":[],"yoast_head":"<!-- This site is optimized with the Yoast SEO plugin v27.4 - https:\/\/yoast.com\/product\/yoast-seo-wordpress\/ -->\n<title>D\u0130N s\u00f6z\u00e7\u00fcs\u00fc: M\u0259h\u0259mm\u0259d Kekalov m\u0259suliyy\u0259t\u0259 c\u0259lb edilib - MEYDAN.TV<\/title>\n<meta name=\"robots\" content=\"index, follow, max-snippet:-1, max-image-preview:large, max-video-preview:-1\" \/>\n<link rel=\"canonical\" href=\"https:\/\/www.meydan.tv\/az\/article\/din-sozcusu-mehemmed-kekalov-mesuliyyete-celb-edilib\/\" \/>\n<meta property=\"og:locale\" content=\"az_AZ\" \/>\n<meta property=\"og:type\" content=\"article\" \/>\n<meta property=\"og:title\" content=\"D\u0130N s\u00f6z\u00e7\u00fcs\u00fc: M\u0259h\u0259mm\u0259d Kekalov m\u0259suliyy\u0259t\u0259 c\u0259lb edilib - MEYDAN.TV\" \/>\n<meta property=\"og:description\" content=\"\u0130ctimai f\u0259al bar\u0259d\u0259 \u0259trafl\u0131 m\u0259lumat verilmir Noyabr\u0131n 20-d\u0259 evind\u0259n polisl\u0259r ... Davam\u0131\" \/>\n<meta property=\"og:url\" content=\"https:\/\/www.meydan.tv\/az\/article\/din-sozcusu-mehemmed-kekalov-mesuliyyete-celb-edilib\/\" \/>\n<meta property=\"og:site_name\" content=\"MEYDAN.TV\" \/>\n<meta property=\"article:published_time\" content=\"2023-11-22T07:13:19+00:00\" \/>\n<meta property=\"article:modified_time\" content=\"2023-11-22T08:06:43+00:00\" \/>\n<meta property=\"og:image\" content=\"https:\/\/www.meydan.tv\/wp-content\/uploads\/1-17-e1700498170368.jpg\" \/>\n\t<meta property=\"og:image:width\" content=\"1920\" \/>\n\t<meta property=\"og:image:height\" content=\"729\" \/>\n\t<meta property=\"og:image:type\" content=\"image\/jpeg\" \/>\n<meta name=\"author\" content=\"elli\" \/>\n<meta name=\"twitter:card\" content=\"summary_large_image\" \/>\n<meta name=\"twitter:creator\" content=\"@elli\" \/>\n<script type=\"application\/ld+json\" class=\"yoast-schema-graph\">{\"@context\":\"https:\\\/\\\/schema.org\",\"@graph\":[{\"@type\":\"Article\",\"@id\":\"https:\\\/\\\/www.meydan.tv\\\/az\\\/article\\\/din-sozcusu-mehemmed-kekalov-mesuliyyete-celb-edilib\\\/#article\",\"isPartOf\":{\"@id\":\"https:\\\/\\\/www.meydan.tv\\\/az\\\/article\\\/din-sozcusu-mehemmed-kekalov-mesuliyyete-celb-edilib\\\/\"},\"author\":{\"name\":\"elli\",\"@id\":\"https:\\\/\\\/www.meydan.tv\\\/az\\\/#\\\/schema\\\/person\\\/9cdbecf90d17180ce1dfbd95b08dcf47\"},\"headline\":\"D\u0130N s\u00f6z\u00e7\u00fcs\u00fc: M\u0259h\u0259mm\u0259d Kekalov m\u0259suliyy\u0259t\u0259 c\u0259lb edilib\",\"datePublished\":\"2023-11-22T07:13:19+00:00\",\"dateModified\":\"2023-11-22T08:06:43+00:00\",\"mainEntityOfPage\":{\"@id\":\"https:\\\/\\\/www.meydan.tv\\\/az\\\/article\\\/din-sozcusu-mehemmed-kekalov-mesuliyyete-celb-edilib\\\/\"},\"wordCount\":468,\"publisher\":{\"@id\":\"https:\\\/\\\/www.meydan.tv\\\/az\\\/#organization\"},\"image\":{\"@id\":\"https:\\\/\\\/www.meydan.tv\\\/az\\\/article\\\/din-sozcusu-mehemmed-kekalov-mesuliyyete-celb-edilib\\\/#primaryimage\"},\"thumbnailUrl\":\"https:\\\/\\\/www.meydan.tv\\\/wp-content\\\/uploads\\\/1-17-e1700498170368.jpg\",\"articleSection\":[\"Siyas\u0259t\",\"T\u00f6vsiy\u0259\",\"X\u0259b\u0259rl\u0259r\"],\"inLanguage\":\"az\"},{\"@type\":\"WebPage\",\"@id\":\"https:\\\/\\\/www.meydan.tv\\\/az\\\/article\\\/din-sozcusu-mehemmed-kekalov-mesuliyyete-celb-edilib\\\/\",\"url\":\"https:\\\/\\\/www.meydan.tv\\\/az\\\/article\\\/din-sozcusu-mehemmed-kekalov-mesuliyyete-celb-edilib\\\/\",\"name\":\"D\u0130N s\u00f6z\u00e7\u00fcs\u00fc: M\u0259h\u0259mm\u0259d Kekalov m\u0259suliyy\u0259t\u0259 c\u0259lb edilib - MEYDAN.TV\",\"isPartOf\":{\"@id\":\"https:\\\/\\\/www.meydan.tv\\\/az\\\/#website\"},\"primaryImageOfPage\":{\"@id\":\"https:\\\/\\\/www.meydan.tv\\\/az\\\/article\\\/din-sozcusu-mehemmed-kekalov-mesuliyyete-celb-edilib\\\/#primaryimage\"},\"image\":{\"@id\":\"https:\\\/\\\/www.meydan.tv\\\/az\\\/article\\\/din-sozcusu-mehemmed-kekalov-mesuliyyete-celb-edilib\\\/#primaryimage\"},\"thumbnailUrl\":\"https:\\\/\\\/www.meydan.tv\\\/wp-content\\\/uploads\\\/1-17-e1700498170368.jpg\",\"datePublished\":\"2023-11-22T07:13:19+00:00\",\"dateModified\":\"2023-11-22T08:06:43+00:00\",\"breadcrumb\":{\"@id\":\"https:\\\/\\\/www.meydan.tv\\\/az\\\/article\\\/din-sozcusu-mehemmed-kekalov-mesuliyyete-celb-edilib\\\/#breadcrumb\"},\"inLanguage\":\"az\",\"potentialAction\":[{\"@type\":\"ReadAction\",\"target\":[\"https:\\\/\\\/www.meydan.tv\\\/az\\\/article\\\/din-sozcusu-mehemmed-kekalov-mesuliyyete-celb-edilib\\\/\"]}]},{\"@type\":\"ImageObject\",\"inLanguage\":\"az\",\"@id\":\"https:\\\/\\\/www.meydan.tv\\\/az\\\/article\\\/din-sozcusu-mehemmed-kekalov-mesuliyyete-celb-edilib\\\/#primaryimage\",\"url\":\"https:\\\/\\\/www.meydan.tv\\\/wp-content\\\/uploads\\\/1-17-e1700498170368.jpg\",\"contentUrl\":\"https:\\\/\\\/www.meydan.tv\\\/wp-content\\\/uploads\\\/1-17-e1700498170368.jpg\",\"width\":1920,\"height\":729,\"caption\":\"Foto: M\u0259h\u0259mm\u0259d Kekalovun \u015f\u0259xsi arxivind\u0259n\"},{\"@type\":\"BreadcrumbList\",\"@id\":\"https:\\\/\\\/www.meydan.tv\\\/az\\\/article\\\/din-sozcusu-mehemmed-kekalov-mesuliyyete-celb-edilib\\\/#breadcrumb\",\"itemListElement\":[{\"@type\":\"ListItem\",\"position\":1,\"name\":\"Ana s\u0259hif\u0259\",\"item\":\"https:\\\/\\\/www.meydan.tv\\\/az\\\/\"},{\"@type\":\"ListItem\",\"position\":2,\"name\":\"Siyas\u0259t\",\"item\":\"https:\\\/\\\/www.meydan.tv\\\/az\\\/section\\\/siyaset\\\/\"},{\"@type\":\"ListItem\",\"position\":3,\"name\":\"D\u0130N s\u00f6z\u00e7\u00fcs\u00fc: M\u0259h\u0259mm\u0259d Kekalov m\u0259suliyy\u0259t\u0259 c\u0259lb edilib\"}]},{\"@type\":\"WebSite\",\"@id\":\"https:\\\/\\\/www.meydan.tv\\\/az\\\/#website\",\"url\":\"https:\\\/\\\/www.meydan.tv\\\/az\\\/\",\"name\":\"MEYDAN.TV\",\"description\":\"Meydan TV Az\u0259rbaycan\u0131n media m\u0259kan\u0131ndak\u0131 alternativ s\u0259sidir\",\"publisher\":{\"@id\":\"https:\\\/\\\/www.meydan.tv\\\/az\\\/#organization\"},\"potentialAction\":[{\"@type\":\"SearchAction\",\"target\":{\"@type\":\"EntryPoint\",\"urlTemplate\":\"https:\\\/\\\/www.meydan.tv\\\/az\\\/?s={search_term_string}\"},\"query-input\":{\"@type\":\"PropertyValueSpecification\",\"valueRequired\":true,\"valueName\":\"search_term_string\"}}],\"inLanguage\":\"az\"},{\"@type\":\"Organization\",\"@id\":\"https:\\\/\\\/www.meydan.tv\\\/az\\\/#organization\",\"name\":\"Meydan TV\",\"url\":\"https:\\\/\\\/www.meydan.tv\\\/az\\\/\",\"logo\":{\"@type\":\"ImageObject\",\"inLanguage\":\"az\",\"@id\":\"https:\\\/\\\/www.meydan.tv\\\/az\\\/#\\\/schema\\\/logo\\\/image\\\/\",\"url\":\"https:\\\/\\\/www.meydan.tv\\\/wp-content\\\/uploads\\\/2021\\\/07\\\/meydan-logo.svg\",\"contentUrl\":\"https:\\\/\\\/www.meydan.tv\\\/wp-content\\\/uploads\\\/2021\\\/07\\\/meydan-logo.svg\",\"width\":195,\"height\":46,\"caption\":\"Meydan TV\"},\"image\":{\"@id\":\"https:\\\/\\\/www.meydan.tv\\\/az\\\/#\\\/schema\\\/logo\\\/image\\\/\"}},{\"@type\":\"Person\",\"@id\":\"https:\\\/\\\/www.meydan.tv\\\/az\\\/#\\\/schema\\\/person\\\/9cdbecf90d17180ce1dfbd95b08dcf47\",\"name\":\"elli\",\"sameAs\":[\"https:\\\/\\\/x.com\\\/elli\"]}]}<\/script>\n<!-- \/ Yoast SEO plugin. -->","yoast_head_json":{"title":"D\u0130N s\u00f6z\u00e7\u00fcs\u00fc: M\u0259h\u0259mm\u0259d Kekalov m\u0259suliyy\u0259t\u0259 c\u0259lb edilib - MEYDAN.TV","robots":{"index":"index","follow":"follow","max-snippet":"max-snippet:-1","max-image-preview":"max-image-preview:large","max-video-preview":"max-video-preview:-1"},"canonical":"https:\/\/www.meydan.tv\/az\/article\/din-sozcusu-mehemmed-kekalov-mesuliyyete-celb-edilib\/","og_locale":"az_AZ","og_type":"article","og_title":"D\u0130N s\u00f6z\u00e7\u00fcs\u00fc: M\u0259h\u0259mm\u0259d Kekalov m\u0259suliyy\u0259t\u0259 c\u0259lb edilib - MEYDAN.TV","og_description":"\u0130ctimai f\u0259al bar\u0259d\u0259 \u0259trafl\u0131 m\u0259lumat verilmir Noyabr\u0131n 20-d\u0259 evind\u0259n polisl\u0259r ... Davam\u0131","og_url":"https:\/\/www.meydan.tv\/az\/article\/din-sozcusu-mehemmed-kekalov-mesuliyyete-celb-edilib\/","og_site_name":"MEYDAN.TV","article_published_time":"2023-11-22T07:13:19+00:00","article_modified_time":"2023-11-22T08:06:43+00:00","og_image":[{"width":1920,"height":729,"url":"https:\/\/www.meydan.tv\/wp-content\/uploads\/1-17-e1700498170368.jpg","type":"image\/jpeg"}],"author":"elli","twitter_card":"summary_large_image","twitter_creator":"@elli","schema":{"@context":"https:\/\/schema.org","@graph":[{"@type":"Article","@id":"https:\/\/www.meydan.tv\/az\/article\/din-sozcusu-mehemmed-kekalov-mesuliyyete-celb-edilib\/#article","isPartOf":{"@id":"https:\/\/www.meydan.tv\/az\/article\/din-sozcusu-mehemmed-kekalov-mesuliyyete-celb-edilib\/"},"author":{"name":"elli","@id":"https:\/\/www.meydan.tv\/az\/#\/schema\/person\/9cdbecf90d17180ce1dfbd95b08dcf47"},"headline":"D\u0130N s\u00f6z\u00e7\u00fcs\u00fc: M\u0259h\u0259mm\u0259d Kekalov m\u0259suliyy\u0259t\u0259 c\u0259lb edilib","datePublished":"2023-11-22T07:13:19+00:00","dateModified":"2023-11-22T08:06:43+00:00","mainEntityOfPage":{"@id":"https:\/\/www.meydan.tv\/az\/article\/din-sozcusu-mehemmed-kekalov-mesuliyyete-celb-edilib\/"},"wordCount":468,"publisher":{"@id":"https:\/\/www.meydan.tv\/az\/#organization"},"image":{"@id":"https:\/\/www.meydan.tv\/az\/article\/din-sozcusu-mehemmed-kekalov-mesuliyyete-celb-edilib\/#primaryimage"},"thumbnailUrl":"https:\/\/www.meydan.tv\/wp-content\/uploads\/1-17-e1700498170368.jpg","articleSection":["Siyas\u0259t","T\u00f6vsiy\u0259","X\u0259b\u0259rl\u0259r"],"inLanguage":"az"},{"@type":"WebPage","@id":"https:\/\/www.meydan.tv\/az\/article\/din-sozcusu-mehemmed-kekalov-mesuliyyete-celb-edilib\/","url":"https:\/\/www.meydan.tv\/az\/article\/din-sozcusu-mehemmed-kekalov-mesuliyyete-celb-edilib\/","name":"D\u0130N s\u00f6z\u00e7\u00fcs\u00fc: M\u0259h\u0259mm\u0259d Kekalov m\u0259suliyy\u0259t\u0259 c\u0259lb edilib - MEYDAN.TV","isPartOf":{"@id":"https:\/\/www.meydan.tv\/az\/#website"},"primaryImageOfPage":{"@id":"https:\/\/www.meydan.tv\/az\/article\/din-sozcusu-mehemmed-kekalov-mesuliyyete-celb-edilib\/#primaryimage"},"image":{"@id":"https:\/\/www.meydan.tv\/az\/article\/din-sozcusu-mehemmed-kekalov-mesuliyyete-celb-edilib\/#primaryimage"},"thumbnailUrl":"https:\/\/www.meydan.tv\/wp-content\/uploads\/1-17-e1700498170368.jpg","datePublished":"2023-11-22T07:13:19+00:00","dateModified":"2023-11-22T08:06:43+00:00","breadcrumb":{"@id":"https:\/\/www.meydan.tv\/az\/article\/din-sozcusu-mehemmed-kekalov-mesuliyyete-celb-edilib\/#breadcrumb"},"inLanguage":"az","potentialAction":[{"@type":"ReadAction","target":["https:\/\/www.meydan.tv\/az\/article\/din-sozcusu-mehemmed-kekalov-mesuliyyete-celb-edilib\/"]}]},{"@type":"ImageObject","inLanguage":"az","@id":"https:\/\/www.meydan.tv\/az\/article\/din-sozcusu-mehemmed-kekalov-mesuliyyete-celb-edilib\/#primaryimage","url":"https:\/\/www.meydan.tv\/wp-content\/uploads\/1-17-e1700498170368.jpg","contentUrl":"https:\/\/www.meydan.tv\/wp-content\/uploads\/1-17-e1700498170368.jpg","width":1920,"height":729,"caption":"Foto: M\u0259h\u0259mm\u0259d Kekalovun \u015f\u0259xsi arxivind\u0259n"},{"@type":"BreadcrumbList","@id":"https:\/\/www.meydan.tv\/az\/article\/din-sozcusu-mehemmed-kekalov-mesuliyyete-celb-edilib\/#breadcrumb","itemListElement":[{"@type":"ListItem","position":1,"name":"Ana s\u0259hif\u0259","item":"https:\/\/www.meydan.tv\/az\/"},{"@type":"ListItem","position":2,"name":"Siyas\u0259t","item":"https:\/\/www.meydan.tv\/az\/section\/siyaset\/"},{"@type":"ListItem","position":3,"name":"D\u0130N s\u00f6z\u00e7\u00fcs\u00fc: M\u0259h\u0259mm\u0259d Kekalov m\u0259suliyy\u0259t\u0259 c\u0259lb edilib"}]},{"@type":"WebSite","@id":"https:\/\/www.meydan.tv\/az\/#website","url":"https:\/\/www.meydan.tv\/az\/","name":"MEYDAN.TV","description":"Meydan TV Az\u0259rbaycan\u0131n media m\u0259kan\u0131ndak\u0131 alternativ s\u0259sidir","publisher":{"@id":"https:\/\/www.meydan.tv\/az\/#organization"},"potentialAction":[{"@type":"SearchAction","target":{"@type":"EntryPoint","urlTemplate":"https:\/\/www.meydan.tv\/az\/?s={search_term_string}"},"query-input":{"@type":"PropertyValueSpecification","valueRequired":true,"valueName":"search_term_string"}}],"inLanguage":"az"},{"@type":"Organization","@id":"https:\/\/www.meydan.tv\/az\/#organization","name":"Meydan TV","url":"https:\/\/www.meydan.tv\/az\/","logo":{"@type":"ImageObject","inLanguage":"az","@id":"https:\/\/www.meydan.tv\/az\/#\/schema\/logo\/image\/","url":"https:\/\/www.meydan.tv\/wp-content\/uploads\/2021\/07\/meydan-logo.svg","contentUrl":"https:\/\/www.meydan.tv\/wp-content\/uploads\/2021\/07\/meydan-logo.svg","width":195,"height":46,"caption":"Meydan TV"},"image":{"@id":"https:\/\/www.meydan.tv\/az\/#\/schema\/logo\/image\/"}},{"@type":"Person","@id":"https:\/\/www.meydan.tv\/az\/#\/schema\/person\/9cdbecf90d17180ce1dfbd95b08dcf47","name":"elli","sameAs":["https:\/\/x.com\/elli"]}]}},"_links":{"self":[{"href":"https:\/\/www.meydan.tv\/az\/wp-json\/wp\/v2\/posts\/291103","targetHints":{"allow":["GET"]}}],"collection":[{"href":"https:\/\/www.meydan.tv\/az\/wp-json\/wp\/v2\/posts"}],"about":[{"href":"https:\/\/www.meydan.tv\/az\/wp-json\/wp\/v2\/types\/post"}],"author":[{"embeddable":true,"href":"https:\/\/www.meydan.tv\/az\/wp-json\/wp\/v2\/users\/8"}],"replies":[{"embeddable":true,"href":"https:\/\/www.meydan.tv\/az\/wp-json\/wp\/v2\/comments?post=291103"}],"version-history":[{"count":7,"href":"https:\/\/www.meydan.tv\/az\/wp-json\/wp\/v2\/posts\/291103\/revisions"}],"predecessor-version":[{"id":291132,"href":"https:\/\/www.meydan.tv\/az\/wp-json\/wp\/v2\/posts\/291103\/revisions\/291132"}],"wp:featuredmedia":[{"embeddable":true,"href":"https:\/\/www.meydan.tv\/az\/wp-json\/wp\/v2\/media\/290941"}],"wp:attachment":[{"href":"https:\/\/www.meydan.tv\/az\/wp-json\/wp\/v2\/media?parent=291103"}],"wp:term":[{"taxonomy":"category","embeddable":true,"href":"https:\/\/www.meydan.tv\/az\/wp-json\/wp\/v2\/categories?post=291103"},{"taxonomy":"post_tag","embeddable":true,"href":"https:\/\/www.meydan.tv\/az\/wp-json\/wp\/v2\/tags?post=291103"}],"curies":[{"name":"wp","href":"https:\/\/api.w.org\/{rel}","templated":true}]}}