{"id":291098,"date":"2023-11-22T14:27:15","date_gmt":"2023-11-22T10:27:15","guid":{"rendered":"https:\/\/www.meydan.tv\/?p=291098"},"modified":"2023-11-22T14:27:18","modified_gmt":"2023-11-22T10:27:18","slug":"buradan-boyuk-kend-yoxdur-amma-yasayisimiz-sifir-veziyyetdedir-deye-hec-kes-kendde-qalmir","status":"publish","type":"post","link":"https:\/\/www.meydan.tv\/az\/article\/buradan-boyuk-kend-yoxdur-amma-yasayisimiz-sifir-veziyyetdedir-deye-hec-kes-kendde-qalmir\/","title":{"rendered":"\u201cBuradan b\u00f6y\u00fck k\u0259nd yoxdur, amma ya\u015fay\u0131\u015f\u0131m\u0131z s\u0131f\u0131r v\u0259ziyy\u0259td\u0259dir dey\u0259 he\u00e7 k\u0259s k\u0259ndd\u0259 qalm\u0131r\u201d"},"content":{"rendered":"\n<figure class=\"wp-block-embed is-type-video is-provider-youtube wp-block-embed-youtube wp-embed-aspect-16-9 wp-has-aspect-ratio\"><div class=\"wp-block-embed__wrapper\">\n<iframe title=\"\u201cBuradan b\u00f6y\u00fck k\u0259nd yoxdur, amma ya\u015fay\u0131\u015f\u0131m\u0131z s\u0131f\u0131r v\u0259ziyy\u0259td\u0259dir dey\u0259 he\u00e7 k\u0259s k\u0259ndd\u0259 qalm\u0131r\u201d\" width=\"1200\" height=\"675\" data-src=\"https:\/\/www.youtube.com\/embed\/nt3r_1n0OGo?feature=oembed\" frameborder=\"0\" allow=\"accelerometer; autoplay; clipboard-write; encrypted-media; gyroscope; picture-in-picture; web-share\" allowfullscreen src=\"data:image\/svg+xml;base64,PHN2ZyB3aWR0aD0iMSIgaGVpZ2h0PSIxIiB4bWxucz0iaHR0cDovL3d3dy53My5vcmcvMjAwMC9zdmciPjwvc3ZnPg==\" class=\"lazyload\" data-load-mode=\"1\"><\/iframe>\n<\/div><\/figure>\n\n\n\n<p><\/p>\n\n\n\n<p>L\u0259t\u0259rsi da\u011f\u0131n\u0131n d\u00f6\u015f\u00fcnd\u0259 yerl\u0259\u015f\u0259n \u015eabran\u0131n Leyti k\u0259ndind\u0259 problem 1 deyil, 2 deyil. Bu k\u0259ndd\u0259 ya\u015fayanlar\u0131 sevindir\u0259n t\u0259k \u015fey k\u0259ndin t\u0259bi\u0259ti, havas\u0131d\u0131r. \u015e\u0259rait\u0259 g\u0259ldikd\u0259 is\u0259 k\u0259nd camaat\u0131 probleml\u0259ri saymaqla bitirmir. <\/p>\n\n\n\n<p>K\u0259ndd\u0259 qaz, m\u0259kt\u0259b, \u0259rzaq ma\u011fazas\u0131, aptek yoxdur. K\u0259ndin asfalt yolu da olmad\u0131\u011f\u0131ndan gedi\u015f-g\u0259li\u015f \u00e7\u0259tinl\u0259\u015fir. Ya\u011f\u0131\u015fl\u0131, qarl\u0131 havalarda is\u0259 k\u0259ndin rayonla \u0259laq\u0259si tamamil\u0259 k\u0259silir. <\/p>\n\n\n\n<p>K\u0259nd camaat\u0131 deyir ki, bu probleml\u0259r onlar\u0131n ayl\u0131q x\u0259rcini daha da \u00e7oxald\u0131r, k\u0259ndd\u0259 ya\u015fay\u0131\u015f\u0131 \u00e7\u0259tinl\u0259\u015fdirir. H\u0259l\u0259 qaz olmad\u0131\u011f\u0131ndan k\u0259nd camaat\u0131na istiliyi t\u0259min etm\u0259k \u00fc\u00e7\u00fcn odun almaq da baha ba\u015fa g\u0259lir. <\/p>\n\n\n\n<p><em>\u201c350 manata odun ba\u015fa g\u0259lir, o da nec\u0259. 120 manata bilet al\u0131rsan, o da oduna bax\u0131r, quru odun, ya\u015f odun. O d\u00f6vrd\u0259 odunlara baxm\u0131rd\u0131lar, indi h\u0259r \u015fey\u0259 bax\u0131rlar. Do\u011frama\u011fa adam\u0131n yoxdursa, 50 manat verib do\u011fratd\u0131r\u0131rsan. 120-150 manata ma\u015f\u0131n tutub apar\u0131rsan. Bunlar\u0131n ham\u0131s\u0131 puldur, \u00fcst-\u00fcst\u0259 g\u0259l\u0259nd\u0259 300 ne\u00e7\u0259 manat edir. Gedib bir balaca odun q\u0131r\u0131rsan, onu q\u0259\u015f\u0259ngc\u0259 yaz\u0131rlar ad\u0131na, 800-900 manat. Biz h\u00f6k\u00fcm\u0259t\u0259 borclu olanda tez qa\u00e7\u0131b g\u0259lirl\u0259r. Amma biz yetiml\u0259r, h\u00f6k\u00fcm\u0259t biz\u0259 borclu olanda dem\u0259li biz bihesab\u0131q\u201d. <\/em><\/p>\n\n\n\n<p>N\u00fcsr\u0259ddin ki\u015fi qazs\u0131zl\u0131q problemin\u0259 h\u0259ll yolunu h\u0259y\u0259tind\u0259ki a\u011faclar\u0131 k\u0259sm\u0259kd\u0259 tap\u0131b. K\u0259ndlil\u0259r g\u00fcnd\u0259lik yem\u0259k bi\u015firilm\u0259si \u00fc\u00e7\u00fcn is\u0259 qaz balonundan istifad\u0259 edirl\u0259r. <\/p>\n\n\n\n<p><em>\u201cM\u0259s\u0259l\u0259n, m\u0259nim h\u0259y\u0259timd\u0259 m\u00fc\u0259yy\u0259n a\u011faclar var, k\u0259smi\u015f\u0259m i\u015fl\u0259dir\u0259m. Balonla qaz al\u0131ram, 35 manata ba\u015fa g\u0259lir. Hans\u0131 ki, 20-22 manatad\u0131r. Yol pulu var, Xa\u00e7mazdan doldurub g\u0259tiririk\u201d<\/em>. <\/p>\n\n\n\n<p>K\u0259ndd\u0259ki \u0259sas probleml\u0259rd\u0259n biri d\u0259 asfalt yolun olmamas\u0131d\u0131r. Problemin h\u0259lli kimi yolu da\u015f, \u00e7\u0131nq\u0131llarla doldurublar. Amma bu avtomobill\u0259ri daha da s\u0131radan \u00e7\u0131xar\u0131r. K\u0259ndlil\u0259r &#8220;<em>yol asfaltlanmasa, bu problem d\u00fcz\u0259lm\u0259y\u0259c\u0259k&#8221; <\/em>deyirl\u0259r. K\u0259ndd\u0259 ya\u015fay\u0131\u015f g\u00fcn\u00fc-g\u00fcnd\u0259n azal\u0131r. K\u0259ndi t\u0259rk edib, \u015f\u0259h\u0259r\u0259 k\u00f6\u00e7\u0259nl\u0259rin say\u0131 is\u0259 \u00e7oxal\u0131r. \u015e\u0259raitsizlik Leytini sakinsiz qoyur. <\/p>\n\n\n\n<p>Az\u0259riqaz \u0130stehsalat Birliyind\u0259n Meydan TV-\u0259 bildirilib ki, 2024-c\u00fc ild\u0259 Leyti k\u0259ndinin qazla\u015fd\u0131r\u0131lmas\u0131 n\u0259z\u0259rd\u0259 tutulub.<\/p>\n","protected":false},"excerpt":{"rendered":"<p>L\u0259t\u0259rsi da\u011f\u0131n\u0131n d\u00f6\u015f\u00fcnd\u0259 yerl\u0259\u015f\u0259n \u015eabran\u0131n Leyti k\u0259ndind\u0259 problem 1 deyil, &#8230; <\/p>\n<p class=\"read-more-container\"><a title=\"\u201cBuradan b\u00f6y\u00fck k\u0259nd yoxdur, amma ya\u015fay\u0131\u015f\u0131m\u0131z s\u0131f\u0131r v\u0259ziyy\u0259td\u0259dir dey\u0259 he\u00e7 k\u0259s k\u0259ndd\u0259 qalm\u0131r\u201d\" class=\"read-more button\" href=\"https:\/\/www.meydan.tv\/az\/article\/buradan-boyuk-kend-yoxdur-amma-yasayisimiz-sifir-veziyyetdedir-deye-hec-kes-kendde-qalmir\/#more-291098\" aria-label=\"Read more about \u201cBuradan b\u00f6y\u00fck k\u0259nd yoxdur, amma ya\u015fay\u0131\u015f\u0131m\u0131z s\u0131f\u0131r v\u0259ziyy\u0259td\u0259dir dey\u0259 he\u00e7 k\u0259s k\u0259ndd\u0259 qalm\u0131r\u201d\">Davam\u0131<\/a><\/p>\n","protected":false},"author":12,"featured_media":291099,"comment_status":"closed","ping_status":"closed","sticky":false,"template":"","format":"standard","meta":{"_acf_changed":false,"_sitemap_exclude":false,"_sitemap_priority":"","_sitemap_frequency":"","footnotes":""},"categories":[60,62,63],"tags":[],"class_list":["post-291098","post","type-post","status-publish","format-standard","has-post-thumbnail","hentry","category-bolge","category-sosial","category-video-2","infinite-scroll-item","generate-columns","tablet-grid-50","mobile-grid-100","grid-parent","grid-33","no-featured-image-padding"],"acf":[],"yoast_head":"<!-- This site is optimized with the Yoast SEO plugin v27.5 - https:\/\/yoast.com\/product\/yoast-seo-wordpress\/ -->\n<title>\u201cBuradan b\u00f6y\u00fck k\u0259nd yoxdur, amma ya\u015fay\u0131\u015f\u0131m\u0131z s\u0131f\u0131r v\u0259ziyy\u0259td\u0259dir dey\u0259 he\u00e7 k\u0259s k\u0259ndd\u0259 qalm\u0131r\u201d - MEYDAN.TV<\/title>\n<meta name=\"robots\" content=\"index, follow, max-snippet:-1, max-image-preview:large, max-video-preview:-1\" \/>\n<link rel=\"canonical\" href=\"https:\/\/www.meydan.tv\/az\/article\/buradan-boyuk-kend-yoxdur-amma-yasayisimiz-sifir-veziyyetdedir-deye-hec-kes-kendde-qalmir\/\" \/>\n<meta property=\"og:locale\" content=\"az_AZ\" \/>\n<meta property=\"og:type\" content=\"article\" \/>\n<meta property=\"og:title\" content=\"\u201cBuradan b\u00f6y\u00fck k\u0259nd yoxdur, amma ya\u015fay\u0131\u015f\u0131m\u0131z s\u0131f\u0131r v\u0259ziyy\u0259td\u0259dir dey\u0259 he\u00e7 k\u0259s k\u0259ndd\u0259 qalm\u0131r\u201d - MEYDAN.TV\" \/>\n<meta property=\"og:description\" content=\"L\u0259t\u0259rsi da\u011f\u0131n\u0131n d\u00f6\u015f\u00fcnd\u0259 yerl\u0259\u015f\u0259n \u015eabran\u0131n Leyti k\u0259ndind\u0259 problem 1 deyil, ... Davam\u0131\" \/>\n<meta property=\"og:url\" content=\"https:\/\/www.meydan.tv\/az\/article\/buradan-boyuk-kend-yoxdur-amma-yasayisimiz-sifir-veziyyetdedir-deye-hec-kes-kendde-qalmir\/\" \/>\n<meta property=\"og:site_name\" content=\"MEYDAN.TV\" \/>\n<meta property=\"article:published_time\" content=\"2023-11-22T10:27:15+00:00\" \/>\n<meta property=\"article:modified_time\" content=\"2023-11-22T10:27:18+00:00\" \/>\n<meta property=\"og:image\" content=\"https:\/\/www.meydan.tv\/wp-content\/uploads\/screenshot-2023-11-21-at-22.00.09.png\" \/>\n\t<meta property=\"og:image:width\" content=\"1566\" \/>\n\t<meta property=\"og:image:height\" content=\"808\" \/>\n\t<meta property=\"og:image:type\" content=\"image\/png\" \/>\n<meta name=\"author\" content=\"aleks\" \/>\n<meta name=\"twitter:card\" content=\"summary_large_image\" \/>\n<script type=\"application\/ld+json\" class=\"yoast-schema-graph\">{\"@context\":\"https:\\\/\\\/schema.org\",\"@graph\":[{\"@type\":\"Article\",\"@id\":\"https:\\\/\\\/www.meydan.tv\\\/az\\\/article\\\/buradan-boyuk-kend-yoxdur-amma-yasayisimiz-sifir-veziyyetdedir-deye-hec-kes-kendde-qalmir\\\/#article\",\"isPartOf\":{\"@id\":\"https:\\\/\\\/www.meydan.tv\\\/az\\\/article\\\/buradan-boyuk-kend-yoxdur-amma-yasayisimiz-sifir-veziyyetdedir-deye-hec-kes-kendde-qalmir\\\/\"},\"author\":{\"name\":\"aleks\",\"@id\":\"https:\\\/\\\/www.meydan.tv\\\/az\\\/#\\\/schema\\\/person\\\/476e9360e593fa131d5d71d51866f8da\"},\"headline\":\"\u201cBuradan b\u00f6y\u00fck k\u0259nd yoxdur, amma ya\u015fay\u0131\u015f\u0131m\u0131z s\u0131f\u0131r v\u0259ziyy\u0259td\u0259dir dey\u0259 he\u00e7 k\u0259s k\u0259ndd\u0259 qalm\u0131r\u201d\",\"datePublished\":\"2023-11-22T10:27:15+00:00\",\"dateModified\":\"2023-11-22T10:27:18+00:00\",\"mainEntityOfPage\":{\"@id\":\"https:\\\/\\\/www.meydan.tv\\\/az\\\/article\\\/buradan-boyuk-kend-yoxdur-amma-yasayisimiz-sifir-veziyyetdedir-deye-hec-kes-kendde-qalmir\\\/\"},\"wordCount\":460,\"publisher\":{\"@id\":\"https:\\\/\\\/www.meydan.tv\\\/az\\\/#organization\"},\"image\":{\"@id\":\"https:\\\/\\\/www.meydan.tv\\\/az\\\/article\\\/buradan-boyuk-kend-yoxdur-amma-yasayisimiz-sifir-veziyyetdedir-deye-hec-kes-kendde-qalmir\\\/#primaryimage\"},\"thumbnailUrl\":\"https:\\\/\\\/www.meydan.tv\\\/wp-content\\\/uploads\\\/screenshot-2023-11-21-at-22.00.09.png\",\"articleSection\":[\"B\u00f6lg\u0259\",\"Sosial\",\"Video\"],\"inLanguage\":\"az\"},{\"@type\":\"WebPage\",\"@id\":\"https:\\\/\\\/www.meydan.tv\\\/az\\\/article\\\/buradan-boyuk-kend-yoxdur-amma-yasayisimiz-sifir-veziyyetdedir-deye-hec-kes-kendde-qalmir\\\/\",\"url\":\"https:\\\/\\\/www.meydan.tv\\\/az\\\/article\\\/buradan-boyuk-kend-yoxdur-amma-yasayisimiz-sifir-veziyyetdedir-deye-hec-kes-kendde-qalmir\\\/\",\"name\":\"\u201cBuradan b\u00f6y\u00fck k\u0259nd yoxdur, amma ya\u015fay\u0131\u015f\u0131m\u0131z s\u0131f\u0131r v\u0259ziyy\u0259td\u0259dir dey\u0259 he\u00e7 k\u0259s k\u0259ndd\u0259 qalm\u0131r\u201d - MEYDAN.TV\",\"isPartOf\":{\"@id\":\"https:\\\/\\\/www.meydan.tv\\\/az\\\/#website\"},\"primaryImageOfPage\":{\"@id\":\"https:\\\/\\\/www.meydan.tv\\\/az\\\/article\\\/buradan-boyuk-kend-yoxdur-amma-yasayisimiz-sifir-veziyyetdedir-deye-hec-kes-kendde-qalmir\\\/#primaryimage\"},\"image\":{\"@id\":\"https:\\\/\\\/www.meydan.tv\\\/az\\\/article\\\/buradan-boyuk-kend-yoxdur-amma-yasayisimiz-sifir-veziyyetdedir-deye-hec-kes-kendde-qalmir\\\/#primaryimage\"},\"thumbnailUrl\":\"https:\\\/\\\/www.meydan.tv\\\/wp-content\\\/uploads\\\/screenshot-2023-11-21-at-22.00.09.png\",\"datePublished\":\"2023-11-22T10:27:15+00:00\",\"dateModified\":\"2023-11-22T10:27:18+00:00\",\"breadcrumb\":{\"@id\":\"https:\\\/\\\/www.meydan.tv\\\/az\\\/article\\\/buradan-boyuk-kend-yoxdur-amma-yasayisimiz-sifir-veziyyetdedir-deye-hec-kes-kendde-qalmir\\\/#breadcrumb\"},\"inLanguage\":\"az\",\"potentialAction\":[{\"@type\":\"ReadAction\",\"target\":[\"https:\\\/\\\/www.meydan.tv\\\/az\\\/article\\\/buradan-boyuk-kend-yoxdur-amma-yasayisimiz-sifir-veziyyetdedir-deye-hec-kes-kendde-qalmir\\\/\"]}]},{\"@type\":\"ImageObject\",\"inLanguage\":\"az\",\"@id\":\"https:\\\/\\\/www.meydan.tv\\\/az\\\/article\\\/buradan-boyuk-kend-yoxdur-amma-yasayisimiz-sifir-veziyyetdedir-deye-hec-kes-kendde-qalmir\\\/#primaryimage\",\"url\":\"https:\\\/\\\/www.meydan.tv\\\/wp-content\\\/uploads\\\/screenshot-2023-11-21-at-22.00.09.png\",\"contentUrl\":\"https:\\\/\\\/www.meydan.tv\\\/wp-content\\\/uploads\\\/screenshot-2023-11-21-at-22.00.09.png\",\"width\":1566,\"height\":808},{\"@type\":\"BreadcrumbList\",\"@id\":\"https:\\\/\\\/www.meydan.tv\\\/az\\\/article\\\/buradan-boyuk-kend-yoxdur-amma-yasayisimiz-sifir-veziyyetdedir-deye-hec-kes-kendde-qalmir\\\/#breadcrumb\",\"itemListElement\":[{\"@type\":\"ListItem\",\"position\":1,\"name\":\"Ana s\u0259hif\u0259\",\"item\":\"https:\\\/\\\/www.meydan.tv\\\/az\\\/\"},{\"@type\":\"ListItem\",\"position\":2,\"name\":\"B\u00f6lg\u0259\",\"item\":\"https:\\\/\\\/www.meydan.tv\\\/az\\\/section\\\/bolge\\\/\"},{\"@type\":\"ListItem\",\"position\":3,\"name\":\"\u201cBuradan b\u00f6y\u00fck k\u0259nd yoxdur, amma ya\u015fay\u0131\u015f\u0131m\u0131z s\u0131f\u0131r v\u0259ziyy\u0259td\u0259dir dey\u0259 he\u00e7 k\u0259s k\u0259ndd\u0259 qalm\u0131r\u201d\"}]},{\"@type\":\"WebSite\",\"@id\":\"https:\\\/\\\/www.meydan.tv\\\/az\\\/#website\",\"url\":\"https:\\\/\\\/www.meydan.tv\\\/az\\\/\",\"name\":\"MEYDAN.TV\",\"description\":\"Meydan TV Az\u0259rbaycan\u0131n media m\u0259kan\u0131ndak\u0131 alternativ s\u0259sidir\",\"publisher\":{\"@id\":\"https:\\\/\\\/www.meydan.tv\\\/az\\\/#organization\"},\"potentialAction\":[{\"@type\":\"SearchAction\",\"target\":{\"@type\":\"EntryPoint\",\"urlTemplate\":\"https:\\\/\\\/www.meydan.tv\\\/az\\\/?s={search_term_string}\"},\"query-input\":{\"@type\":\"PropertyValueSpecification\",\"valueRequired\":true,\"valueName\":\"search_term_string\"}}],\"inLanguage\":\"az\"},{\"@type\":\"Organization\",\"@id\":\"https:\\\/\\\/www.meydan.tv\\\/az\\\/#organization\",\"name\":\"Meydan TV\",\"url\":\"https:\\\/\\\/www.meydan.tv\\\/az\\\/\",\"logo\":{\"@type\":\"ImageObject\",\"inLanguage\":\"az\",\"@id\":\"https:\\\/\\\/www.meydan.tv\\\/az\\\/#\\\/schema\\\/logo\\\/image\\\/\",\"url\":\"https:\\\/\\\/www.meydan.tv\\\/wp-content\\\/uploads\\\/2021\\\/07\\\/meydan-logo.svg\",\"contentUrl\":\"https:\\\/\\\/www.meydan.tv\\\/wp-content\\\/uploads\\\/2021\\\/07\\\/meydan-logo.svg\",\"width\":195,\"height\":46,\"caption\":\"Meydan TV\"},\"image\":{\"@id\":\"https:\\\/\\\/www.meydan.tv\\\/az\\\/#\\\/schema\\\/logo\\\/image\\\/\"}},{\"@type\":\"Person\",\"@id\":\"https:\\\/\\\/www.meydan.tv\\\/az\\\/#\\\/schema\\\/person\\\/476e9360e593fa131d5d71d51866f8da\",\"name\":\"aleks\"}]}<\/script>\n<!-- \/ Yoast SEO plugin. -->","yoast_head_json":{"title":"\u201cBuradan b\u00f6y\u00fck k\u0259nd yoxdur, amma ya\u015fay\u0131\u015f\u0131m\u0131z s\u0131f\u0131r v\u0259ziyy\u0259td\u0259dir dey\u0259 he\u00e7 k\u0259s k\u0259ndd\u0259 qalm\u0131r\u201d - MEYDAN.TV","robots":{"index":"index","follow":"follow","max-snippet":"max-snippet:-1","max-image-preview":"max-image-preview:large","max-video-preview":"max-video-preview:-1"},"canonical":"https:\/\/www.meydan.tv\/az\/article\/buradan-boyuk-kend-yoxdur-amma-yasayisimiz-sifir-veziyyetdedir-deye-hec-kes-kendde-qalmir\/","og_locale":"az_AZ","og_type":"article","og_title":"\u201cBuradan b\u00f6y\u00fck k\u0259nd yoxdur, amma ya\u015fay\u0131\u015f\u0131m\u0131z s\u0131f\u0131r v\u0259ziyy\u0259td\u0259dir dey\u0259 he\u00e7 k\u0259s k\u0259ndd\u0259 qalm\u0131r\u201d - MEYDAN.TV","og_description":"L\u0259t\u0259rsi da\u011f\u0131n\u0131n d\u00f6\u015f\u00fcnd\u0259 yerl\u0259\u015f\u0259n \u015eabran\u0131n Leyti k\u0259ndind\u0259 problem 1 deyil, ... Davam\u0131","og_url":"https:\/\/www.meydan.tv\/az\/article\/buradan-boyuk-kend-yoxdur-amma-yasayisimiz-sifir-veziyyetdedir-deye-hec-kes-kendde-qalmir\/","og_site_name":"MEYDAN.TV","article_published_time":"2023-11-22T10:27:15+00:00","article_modified_time":"2023-11-22T10:27:18+00:00","og_image":[{"width":1566,"height":808,"url":"https:\/\/www.meydan.tv\/wp-content\/uploads\/screenshot-2023-11-21-at-22.00.09.png","type":"image\/png"}],"author":"aleks","twitter_card":"summary_large_image","schema":{"@context":"https:\/\/schema.org","@graph":[{"@type":"Article","@id":"https:\/\/www.meydan.tv\/az\/article\/buradan-boyuk-kend-yoxdur-amma-yasayisimiz-sifir-veziyyetdedir-deye-hec-kes-kendde-qalmir\/#article","isPartOf":{"@id":"https:\/\/www.meydan.tv\/az\/article\/buradan-boyuk-kend-yoxdur-amma-yasayisimiz-sifir-veziyyetdedir-deye-hec-kes-kendde-qalmir\/"},"author":{"name":"aleks","@id":"https:\/\/www.meydan.tv\/az\/#\/schema\/person\/476e9360e593fa131d5d71d51866f8da"},"headline":"\u201cBuradan b\u00f6y\u00fck k\u0259nd yoxdur, amma ya\u015fay\u0131\u015f\u0131m\u0131z s\u0131f\u0131r v\u0259ziyy\u0259td\u0259dir dey\u0259 he\u00e7 k\u0259s k\u0259ndd\u0259 qalm\u0131r\u201d","datePublished":"2023-11-22T10:27:15+00:00","dateModified":"2023-11-22T10:27:18+00:00","mainEntityOfPage":{"@id":"https:\/\/www.meydan.tv\/az\/article\/buradan-boyuk-kend-yoxdur-amma-yasayisimiz-sifir-veziyyetdedir-deye-hec-kes-kendde-qalmir\/"},"wordCount":460,"publisher":{"@id":"https:\/\/www.meydan.tv\/az\/#organization"},"image":{"@id":"https:\/\/www.meydan.tv\/az\/article\/buradan-boyuk-kend-yoxdur-amma-yasayisimiz-sifir-veziyyetdedir-deye-hec-kes-kendde-qalmir\/#primaryimage"},"thumbnailUrl":"https:\/\/www.meydan.tv\/wp-content\/uploads\/screenshot-2023-11-21-at-22.00.09.png","articleSection":["B\u00f6lg\u0259","Sosial","Video"],"inLanguage":"az"},{"@type":"WebPage","@id":"https:\/\/www.meydan.tv\/az\/article\/buradan-boyuk-kend-yoxdur-amma-yasayisimiz-sifir-veziyyetdedir-deye-hec-kes-kendde-qalmir\/","url":"https:\/\/www.meydan.tv\/az\/article\/buradan-boyuk-kend-yoxdur-amma-yasayisimiz-sifir-veziyyetdedir-deye-hec-kes-kendde-qalmir\/","name":"\u201cBuradan b\u00f6y\u00fck k\u0259nd yoxdur, amma ya\u015fay\u0131\u015f\u0131m\u0131z s\u0131f\u0131r v\u0259ziyy\u0259td\u0259dir dey\u0259 he\u00e7 k\u0259s k\u0259ndd\u0259 qalm\u0131r\u201d - MEYDAN.TV","isPartOf":{"@id":"https:\/\/www.meydan.tv\/az\/#website"},"primaryImageOfPage":{"@id":"https:\/\/www.meydan.tv\/az\/article\/buradan-boyuk-kend-yoxdur-amma-yasayisimiz-sifir-veziyyetdedir-deye-hec-kes-kendde-qalmir\/#primaryimage"},"image":{"@id":"https:\/\/www.meydan.tv\/az\/article\/buradan-boyuk-kend-yoxdur-amma-yasayisimiz-sifir-veziyyetdedir-deye-hec-kes-kendde-qalmir\/#primaryimage"},"thumbnailUrl":"https:\/\/www.meydan.tv\/wp-content\/uploads\/screenshot-2023-11-21-at-22.00.09.png","datePublished":"2023-11-22T10:27:15+00:00","dateModified":"2023-11-22T10:27:18+00:00","breadcrumb":{"@id":"https:\/\/www.meydan.tv\/az\/article\/buradan-boyuk-kend-yoxdur-amma-yasayisimiz-sifir-veziyyetdedir-deye-hec-kes-kendde-qalmir\/#breadcrumb"},"inLanguage":"az","potentialAction":[{"@type":"ReadAction","target":["https:\/\/www.meydan.tv\/az\/article\/buradan-boyuk-kend-yoxdur-amma-yasayisimiz-sifir-veziyyetdedir-deye-hec-kes-kendde-qalmir\/"]}]},{"@type":"ImageObject","inLanguage":"az","@id":"https:\/\/www.meydan.tv\/az\/article\/buradan-boyuk-kend-yoxdur-amma-yasayisimiz-sifir-veziyyetdedir-deye-hec-kes-kendde-qalmir\/#primaryimage","url":"https:\/\/www.meydan.tv\/wp-content\/uploads\/screenshot-2023-11-21-at-22.00.09.png","contentUrl":"https:\/\/www.meydan.tv\/wp-content\/uploads\/screenshot-2023-11-21-at-22.00.09.png","width":1566,"height":808},{"@type":"BreadcrumbList","@id":"https:\/\/www.meydan.tv\/az\/article\/buradan-boyuk-kend-yoxdur-amma-yasayisimiz-sifir-veziyyetdedir-deye-hec-kes-kendde-qalmir\/#breadcrumb","itemListElement":[{"@type":"ListItem","position":1,"name":"Ana s\u0259hif\u0259","item":"https:\/\/www.meydan.tv\/az\/"},{"@type":"ListItem","position":2,"name":"B\u00f6lg\u0259","item":"https:\/\/www.meydan.tv\/az\/section\/bolge\/"},{"@type":"ListItem","position":3,"name":"\u201cBuradan b\u00f6y\u00fck k\u0259nd yoxdur, amma ya\u015fay\u0131\u015f\u0131m\u0131z s\u0131f\u0131r v\u0259ziyy\u0259td\u0259dir dey\u0259 he\u00e7 k\u0259s k\u0259ndd\u0259 qalm\u0131r\u201d"}]},{"@type":"WebSite","@id":"https:\/\/www.meydan.tv\/az\/#website","url":"https:\/\/www.meydan.tv\/az\/","name":"MEYDAN.TV","description":"Meydan TV Az\u0259rbaycan\u0131n media m\u0259kan\u0131ndak\u0131 alternativ s\u0259sidir","publisher":{"@id":"https:\/\/www.meydan.tv\/az\/#organization"},"potentialAction":[{"@type":"SearchAction","target":{"@type":"EntryPoint","urlTemplate":"https:\/\/www.meydan.tv\/az\/?s={search_term_string}"},"query-input":{"@type":"PropertyValueSpecification","valueRequired":true,"valueName":"search_term_string"}}],"inLanguage":"az"},{"@type":"Organization","@id":"https:\/\/www.meydan.tv\/az\/#organization","name":"Meydan TV","url":"https:\/\/www.meydan.tv\/az\/","logo":{"@type":"ImageObject","inLanguage":"az","@id":"https:\/\/www.meydan.tv\/az\/#\/schema\/logo\/image\/","url":"https:\/\/www.meydan.tv\/wp-content\/uploads\/2021\/07\/meydan-logo.svg","contentUrl":"https:\/\/www.meydan.tv\/wp-content\/uploads\/2021\/07\/meydan-logo.svg","width":195,"height":46,"caption":"Meydan TV"},"image":{"@id":"https:\/\/www.meydan.tv\/az\/#\/schema\/logo\/image\/"}},{"@type":"Person","@id":"https:\/\/www.meydan.tv\/az\/#\/schema\/person\/476e9360e593fa131d5d71d51866f8da","name":"aleks"}]}},"_links":{"self":[{"href":"https:\/\/www.meydan.tv\/az\/wp-json\/wp\/v2\/posts\/291098","targetHints":{"allow":["GET"]}}],"collection":[{"href":"https:\/\/www.meydan.tv\/az\/wp-json\/wp\/v2\/posts"}],"about":[{"href":"https:\/\/www.meydan.tv\/az\/wp-json\/wp\/v2\/types\/post"}],"author":[{"embeddable":true,"href":"https:\/\/www.meydan.tv\/az\/wp-json\/wp\/v2\/users\/12"}],"replies":[{"embeddable":true,"href":"https:\/\/www.meydan.tv\/az\/wp-json\/wp\/v2\/comments?post=291098"}],"version-history":[{"count":4,"href":"https:\/\/www.meydan.tv\/az\/wp-json\/wp\/v2\/posts\/291098\/revisions"}],"predecessor-version":[{"id":291177,"href":"https:\/\/www.meydan.tv\/az\/wp-json\/wp\/v2\/posts\/291098\/revisions\/291177"}],"wp:featuredmedia":[{"embeddable":true,"href":"https:\/\/www.meydan.tv\/az\/wp-json\/wp\/v2\/media\/291099"}],"wp:attachment":[{"href":"https:\/\/www.meydan.tv\/az\/wp-json\/wp\/v2\/media?parent=291098"}],"wp:term":[{"taxonomy":"category","embeddable":true,"href":"https:\/\/www.meydan.tv\/az\/wp-json\/wp\/v2\/categories?post=291098"},{"taxonomy":"post_tag","embeddable":true,"href":"https:\/\/www.meydan.tv\/az\/wp-json\/wp\/v2\/tags?post=291098"}],"curies":[{"name":"wp","href":"https:\/\/api.w.org\/{rel}","templated":true}]}}