{"id":291089,"date":"2023-11-21T22:32:13","date_gmt":"2023-11-21T18:32:13","guid":{"rendered":"https:\/\/www.meydan.tv\/?p=291089"},"modified":"2023-11-22T01:04:27","modified_gmt":"2023-11-21T21:04:27","slug":"sevinc-vaqifqizi-hakime-senden-ve-sene-sifaris-verenlerden-hec-bir-xahisim-yoxdur","status":"publish","type":"post","link":"https:\/\/www.meydan.tv\/az\/article\/sevinc-vaqifqizi-hakime-senden-ve-sene-sifaris-verenlerden-hec-bir-xahisim-yoxdur\/","title":{"rendered":"Sevinc Vaqifq\u0131z\u0131 hakim\u0259: \u201cS\u0259nd\u0259n v\u0259 s\u0259n\u0259 sifari\u015f ver\u0259nl\u0259rd\u0259n he\u00e7 bir xahi\u015fim yoxdur\u201d"},"content":{"rendered":"\n<figure class=\"wp-block-embed is-type-video is-provider-youtube wp-block-embed-youtube wp-embed-aspect-16-9 wp-has-aspect-ratio\"><div class=\"wp-block-embed__wrapper\">\n<iframe title=\"AbzasMedia m\u0259hk\u0259m\u0259si: \u201cM\u0259hk\u0259m\u0259 qanuna-zada \u0259h\u0259miyy\u0259t verm\u0259di\u201d\" width=\"1200\" height=\"675\" data-src=\"https:\/\/www.youtube.com\/embed\/FfXBijLJl-g?feature=oembed\" frameborder=\"0\" allow=\"accelerometer; autoplay; clipboard-write; encrypted-media; gyroscope; picture-in-picture; web-share\" allowfullscreen src=\"data:image\/svg+xml;base64,PHN2ZyB3aWR0aD0iMSIgaGVpZ2h0PSIxIiB4bWxucz0iaHR0cDovL3d3dy53My5vcmcvMjAwMC9zdmciPjwvc3ZnPg==\" class=\"lazyload\" data-load-mode=\"1\"><\/iframe>\n<\/div><\/figure>\n\n\n\n<p><em><strong>\u00dclvi H\u0259s\u0259nli bar\u0259sind\u0259 4 ay, Sevinc Vaqifq\u0131z\u0131 bar\u0259sind\u0259 is\u0259 3 ay 29 g\u00fcn h\u0259bs q\u0259timkan t\u0259dbiri se\u00e7ilib<\/strong><\/em><\/p>\n\n\n\n<p>&#8220;AbzasMedia\u201d sayt\u0131n\u0131n direktoru \u00dclvi H\u0259s\u0259nli v\u0259 ba\u015f redaktoru Sevinc Abbasovan\u0131n (Vaqifq\u0131z\u0131) istintaq d\u00f6vr\u00fcnd\u0259 h\u0259bsd\u0259 saxlanmas\u0131na q\u0259rar verilib.<\/p>\n\n\n\n<p>Noyabr\u0131n 21-d\u0259 ax\u015fam saat 19.00 rad\u0259l\u0259rind\u0259 X\u0259tai Rayon M\u0259hk\u0259m\u0259sind\u0259 hakim S\u00fclhan\u0259 Hac\u0131yeva bu bar\u0259d\u0259 q\u0259rar \u00e7\u0131xar\u0131b.<\/p>\n\n\n\n<p>Q\u0259rara \u0259sas\u0259n, prokurorun \u00dclvi H\u0259s\u0259nli v\u0259 Sevinc Vaqifq\u0131z\u0131 haqq\u0131nda t\u0259qdimat\u0131 t\u0259min edilib.<\/p>\n\n\n\n<p>T\u0259qdimatda onlar\u0131n h\u0259r ikisi bar\u0259sind\u0259 istintaq d\u00f6vr\u00fc \u00fc\u00e7\u00fcn 4 ayl\u0131q h\u0259bs q\u0259timkan t\u0259dbiri se\u00e7ilm\u0259si ist\u0259nilirdi.<\/p>\n\n\n\n<p>\u00dclvi H\u0259s\u0259nli v\u0259 Sevinc Vaqifq\u0131z\u0131 haqq\u0131nda t\u0259qdimatlara ayr\u0131-ayr\u0131l\u0131qda bax\u0131l\u0131b. Lakin h\u0259r iki m\u0259hk\u0259m\u0259 prosesind\u0259 hakim S\u00fclhan\u0259 Hac\u0131yeva olub.<\/p>\n\n\n\n<p>V\u0259kill\u0259r t\u0259qdimat\u0131n \u0259sass\u0131z oldu\u011funu bildirib, hakimd\u0259n onu t\u0259min etm\u0259m\u0259sini ist\u0259yibl\u0259r.<\/p>\n\n\n\n<p>M\u00fcdafi\u0259\u00e7il\u0259r deyib ki, \u00dclvi H\u0259s\u0259nli v\u0259 Sevinc Vaqifq\u0131z\u0131 he\u00e7 bir cinay\u0259t t\u00f6r\u0259tm\u0259yib, ittiham da \u0259sass\u0131zd\u0131r.<\/p>\n\n\n\n<p>M\u00fcst\u0259ntiq istintaq d\u00f6vr\u00fcnd\u0259 onlar\u0131n h\u0259bsd\u0259 saxlanmas\u0131 t\u0259l\u0259bini \u0259sasland\u0131rark\u0259n deyib ki, qa\u00e7\u0131b gizl\u0259nm\u0259k, t\u0259krar cinay\u0259t t\u00f6r\u0259tm\u0259k ehtimal\u0131 var.<\/p>\n\n\n\n<p>V\u0259kill\u0259r vur\u011fulay\u0131b ki, Sevinc Vaqifq\u0131z\u0131 xarici \u00f6lk\u0259d\u0259 idi, o, h\u0259bs olunma ehtimal\u0131n\u0131 n\u0259z\u0259r\u0259 alaraq, \u00f6lk\u0259y\u0259 qay\u0131d\u0131b.<\/p>\n\n\n\n<p>Bu s\u0259b\u0259bd\u0259n onun istintaqdan yay\u0131naca\u011f\u0131n\u0131 iddia etm\u0259k \u0259sass\u0131zd\u0131r.<\/p>\n\n\n\n<p>Sevinc Vaqifq\u0131z\u0131 hakim\u0259 deyib ki, Cinay\u0259t M\u0259c\u0259ll\u0259sinin 206.3.2-ci (bir qrup \u015f\u0259xs t\u0259r\u0259find\u0259n qa\u00e7aqmal\u00e7\u0131l\u0131q) madd\u0259sil\u0259 ir\u0259li s\u00fcr\u00fclm\u00fc\u015f ittiham saxtad\u0131r.<\/p>\n\n\n<div class=\"wp-block-image\">\n<figure class=\"aligncenter size-large\"><img decoding=\"async\" width=\"1095\" height=\"821\" data-src=\"https:\/\/www.meydan.tv\/wp-content\/uploads\/402645302_1518061125745115_2248531315243353760_n-1095x821.jpg\" alt=\"\" class=\"wp-image-291082 lazyload\" src=\"data:image\/svg+xml;base64,PHN2ZyB3aWR0aD0iMSIgaGVpZ2h0PSIxIiB4bWxucz0iaHR0cDovL3d3dy53My5vcmcvMjAwMC9zdmciPjwvc3ZnPg==\" style=\"--smush-placeholder-width: 1095px; --smush-placeholder-aspect-ratio: 1095\/821;\" \/><figcaption class=\"wp-element-caption\">X\u0259tai Rayon M\u0259hk\u0259m\u0259sinin qar\u015f\u0131s\u0131. Foto: sosial \u015f\u0259b\u0259k\u0259<\/figcaption><\/figure>\n<\/div>\n\n\n<p>H\u0259bsinin s\u0259b\u0259bi &#8220;AbzasMedia&#8221;dak\u0131 jurnalist f\u0259aliyy\u0259ti, hakimiyy\u0259td\u0259kil\u0259rin korrupsiya \u0259m\u0259ll\u0259ri bar\u0259d\u0259 ara\u015fd\u0131rmalar\u0131d\u0131r:<\/p>\n\n\n\n<p>&#8220;<em>M\u0259nim sizd\u0259n d\u0259, siz\u0259 sifari\u015f ver\u0259nl\u0259rd\u0259n d\u0259 he\u00e7 n\u0259yi xahi\u015f el\u0259m\u0259k fikrim yoxdur&#8230;&#8221;<\/em>.<\/p>\n\n\n\n<p>\u00dclvi H\u0259s\u0259nli d\u0259 m\u0259hk\u0259m\u0259d\u0259 qa\u00e7aqmal\u00e7\u0131l\u0131q ittiham\u0131n\u0131n absurd oldu\u011funu, ofisd\u0259n tap\u0131ld\u0131\u011f\u0131 iddia olunan pullar\u0131n orada axtar\u0131\u015f aparanlar\u0131n \u00f6zl\u0259rinin atd\u0131\u011f\u0131n\u0131 deyib.<\/p>\n\n\n\n<p>M\u00fcdafi\u0259 t\u0259r\u0259finin etirazlar\u0131na baxmayaraq, hakim h\u0259r iki t\u0259qdimat\u0131 t\u0259min edib.<\/p>\n\n\n\n<p>\u00dclvi H\u0259s\u0259nli bar\u0259sind\u0259 4 ay, Sevinc Vaqifq\u0131z\u0131 haqq\u0131nda is\u0259 3 ay 29 g\u00fcnl\u00fck h\u0259bs q\u0259timkan t\u0259dbiri se\u00e7ilib.<\/p>\n\n\n\n<p>V\u0259kill\u0259r Meydan TV-y\u0259 bildirib ki, m\u0259hk\u0259m\u0259nin h\u0259bs q\u0259rarlar\u0131ndan apelyasiya \u015fikay\u0259ti ver\u0259c\u0259kl\u0259r.<\/p>\n\n\n<div class=\"wp-block-image\">\n<figure class=\"aligncenter size-large\"><img decoding=\"async\" data-src=\"https:\/\/www.meydan.tv\/wp-content\/uploads\/screenshot_2023-11-21_at_17.19.49-1200x623.png\" alt=\"\" class=\"wp-image-291079 lazyload\" src=\"data:image\/svg+xml;base64,PHN2ZyB3aWR0aD0iMSIgaGVpZ2h0PSIxIiB4bWxucz0iaHR0cDovL3d3dy53My5vcmcvMjAwMC9zdmciPjwvc3ZnPg==\" style=\"--smush-placeholder-width: 1200px; --smush-placeholder-aspect-ratio: 1200\/623;\" \/><figcaption class=\"wp-element-caption\">Sevinc Vaqifq\u0131z\u0131 v\u0259 \u00dclvi H\u0259s\u0259nli. Foto: &#8220;Facebook&#8221;<\/figcaption><\/figure>\n<\/div>\n\n\n<p>Sevinc Vaqifq\u0131z\u0131 noyabr\u0131n 21-n\u0259 ke\u00e7\u0259n gec\u0259 saat 2 rad\u0259l\u0259rind\u0259 \u0130stanbuldan g\u0259l\u0259n t\u0259yyar\u0259 Bak\u0131da yer\u0259 en\u0259n kimi saxlan\u0131l\u0131b.<\/p>\n\n\n\n<p>Daha sonra gec\u0259 saat 3 rad\u0259l\u0259rind\u0259 onun ya\u015fad\u0131\u011f\u0131 evd\u0259 axtar\u0131\u015f apar\u0131l\u0131b. Ancaq m\u0259nzild\u0259n he\u00e7 n\u0259 tap\u0131lmad\u0131\u011f\u0131 bildirilir.<\/p>\n\n\n\n<p>\u00dclvi H\u0259s\u0259nli is\u0259 noyabr\u0131n 20-d\u0259 s\u0259h\u0259r saat 5 rad\u0259l\u0259rind\u0259 evinin qar\u015f\u0131s\u0131nda taksiy\u0259 min\u0259rk\u0259n<br>saxlan\u0131l\u0131b.<\/p>\n\n\n\n<p>G\u00fcnorta is\u0259 &#8220;AbzasMedia&#8221;n\u0131n&nbsp;ofisind\u0259 axtar\u0131\u015f apar\u0131l\u0131b.<\/p>\n\n\n\n<p>Axtar\u0131\u015f n\u0259tic\u0259sind\u0259 ofisd\u0259n 40 min avro pul tap\u0131ld\u0131\u011f\u0131 iddia olunub.<\/p>\n\n\n\n<p>Onlar\u0131n h\u0259r ikisin\u0259 qar\u015f\u0131 Cinay\u0259t M\u0259c\u0259ll\u0259sinin 206.3.2-ci (bir qrup \u015f\u0259xs t\u0259r\u0259find\u0259n qa\u00e7aqmal\u00e7\u0131l\u0131q) madd\u0259sil\u0259 ittiham ir\u0259li s\u00fcr\u00fcl\u00fcb.<\/p>\n\n\n\n<p>Bu madd\u0259d\u0259 5 ild\u0259n 8 il\u0259 q\u0259d\u0259r azadl\u0131qdan m\u0259hrumetm\u0259 c\u0259zas\u0131 n\u0259z\u0259rd\u0259 tutulub.<\/p>\n","protected":false},"excerpt":{"rendered":"<p>\u00dclvi H\u0259s\u0259nli bar\u0259sind\u0259 4 ay, Sevinc Vaqifq\u0131z\u0131 bar\u0259sind\u0259 is\u0259 3 &#8230; <\/p>\n<p class=\"read-more-container\"><a title=\"Sevinc Vaqifq\u0131z\u0131 hakim\u0259: \u201cS\u0259nd\u0259n v\u0259 s\u0259n\u0259 sifari\u015f ver\u0259nl\u0259rd\u0259n he\u00e7 bir xahi\u015fim yoxdur\u201d\" class=\"read-more button\" href=\"https:\/\/www.meydan.tv\/az\/article\/sevinc-vaqifqizi-hakime-senden-ve-sene-sifaris-verenlerden-hec-bir-xahisim-yoxdur\/#more-291089\" aria-label=\"Read more about Sevinc Vaqifq\u0131z\u0131 hakim\u0259: \u201cS\u0259nd\u0259n v\u0259 s\u0259n\u0259 sifari\u015f ver\u0259nl\u0259rd\u0259n he\u00e7 bir xahi\u015fim yoxdur\u201d\">Davam\u0131<\/a><\/p>\n","protected":false},"author":8,"featured_media":290989,"comment_status":"closed","ping_status":"closed","sticky":false,"template":"","format":"standard","meta":{"_acf_changed":false,"_sitemap_exclude":false,"_sitemap_priority":"","_sitemap_frequency":"","footnotes":""},"categories":[59,79,63,56],"tags":[],"class_list":["post-291089","post","type-post","status-publish","format-standard","has-post-thumbnail","hentry","category-siyaset","category-featured","category-video-2","category-xeberler","infinite-scroll-item","generate-columns","tablet-grid-50","mobile-grid-100","grid-parent","grid-33","no-featured-image-padding"],"acf":[],"yoast_head":"<!-- This site is optimized with the Yoast SEO plugin v27.4 - https:\/\/yoast.com\/product\/yoast-seo-wordpress\/ -->\n<title>Sevinc Vaqifq\u0131z\u0131 hakim\u0259: \u201cS\u0259nd\u0259n v\u0259 s\u0259n\u0259 sifari\u015f ver\u0259nl\u0259rd\u0259n he\u00e7 bir xahi\u015fim yoxdur\u201d - MEYDAN.TV<\/title>\n<meta name=\"robots\" content=\"index, follow, max-snippet:-1, max-image-preview:large, max-video-preview:-1\" \/>\n<link rel=\"canonical\" href=\"https:\/\/www.meydan.tv\/az\/article\/sevinc-vaqifqizi-hakime-senden-ve-sene-sifaris-verenlerden-hec-bir-xahisim-yoxdur\/\" \/>\n<meta property=\"og:locale\" content=\"az_AZ\" \/>\n<meta property=\"og:type\" content=\"article\" \/>\n<meta property=\"og:title\" content=\"Sevinc Vaqifq\u0131z\u0131 hakim\u0259: \u201cS\u0259nd\u0259n v\u0259 s\u0259n\u0259 sifari\u015f ver\u0259nl\u0259rd\u0259n he\u00e7 bir xahi\u015fim yoxdur\u201d - MEYDAN.TV\" \/>\n<meta property=\"og:description\" content=\"\u00dclvi H\u0259s\u0259nli bar\u0259sind\u0259 4 ay, Sevinc Vaqifq\u0131z\u0131 bar\u0259sind\u0259 is\u0259 3 ... Davam\u0131\" \/>\n<meta property=\"og:url\" content=\"https:\/\/www.meydan.tv\/az\/article\/sevinc-vaqifqizi-hakime-senden-ve-sene-sifaris-verenlerden-hec-bir-xahisim-yoxdur\/\" \/>\n<meta property=\"og:site_name\" content=\"MEYDAN.TV\" \/>\n<meta property=\"article:published_time\" content=\"2023-11-21T18:32:13+00:00\" \/>\n<meta property=\"article:modified_time\" content=\"2023-11-21T21:04:27+00:00\" \/>\n<meta property=\"og:image\" content=\"https:\/\/www.meydan.tv\/wp-content\/uploads\/img_0616-e1700561730380.jpg\" \/>\n\t<meta property=\"og:image:width\" content=\"1200\" \/>\n\t<meta property=\"og:image:height\" content=\"674\" \/>\n\t<meta property=\"og:image:type\" content=\"image\/jpeg\" \/>\n<meta name=\"author\" content=\"elli\" \/>\n<meta name=\"twitter:card\" content=\"summary_large_image\" \/>\n<meta name=\"twitter:creator\" content=\"@elli\" \/>\n<script type=\"application\/ld+json\" class=\"yoast-schema-graph\">{\"@context\":\"https:\\\/\\\/schema.org\",\"@graph\":[{\"@type\":\"Article\",\"@id\":\"https:\\\/\\\/www.meydan.tv\\\/az\\\/article\\\/sevinc-vaqifqizi-hakime-senden-ve-sene-sifaris-verenlerden-hec-bir-xahisim-yoxdur\\\/#article\",\"isPartOf\":{\"@id\":\"https:\\\/\\\/www.meydan.tv\\\/az\\\/article\\\/sevinc-vaqifqizi-hakime-senden-ve-sene-sifaris-verenlerden-hec-bir-xahisim-yoxdur\\\/\"},\"author\":{\"name\":\"elli\",\"@id\":\"https:\\\/\\\/www.meydan.tv\\\/az\\\/#\\\/schema\\\/person\\\/9cdbecf90d17180ce1dfbd95b08dcf47\"},\"headline\":\"Sevinc Vaqifq\u0131z\u0131 hakim\u0259: \u201cS\u0259nd\u0259n v\u0259 s\u0259n\u0259 sifari\u015f ver\u0259nl\u0259rd\u0259n he\u00e7 bir xahi\u015fim yoxdur\u201d\",\"datePublished\":\"2023-11-21T18:32:13+00:00\",\"dateModified\":\"2023-11-21T21:04:27+00:00\",\"mainEntityOfPage\":{\"@id\":\"https:\\\/\\\/www.meydan.tv\\\/az\\\/article\\\/sevinc-vaqifqizi-hakime-senden-ve-sene-sifaris-verenlerden-hec-bir-xahisim-yoxdur\\\/\"},\"wordCount\":671,\"publisher\":{\"@id\":\"https:\\\/\\\/www.meydan.tv\\\/az\\\/#organization\"},\"image\":{\"@id\":\"https:\\\/\\\/www.meydan.tv\\\/az\\\/article\\\/sevinc-vaqifqizi-hakime-senden-ve-sene-sifaris-verenlerden-hec-bir-xahisim-yoxdur\\\/#primaryimage\"},\"thumbnailUrl\":\"https:\\\/\\\/www.meydan.tv\\\/wp-content\\\/uploads\\\/img_0616-e1700561730380.jpg\",\"articleSection\":[\"Siyas\u0259t\",\"T\u00f6vsiy\u0259\",\"Video\",\"X\u0259b\u0259rl\u0259r\"],\"inLanguage\":\"az\"},{\"@type\":\"WebPage\",\"@id\":\"https:\\\/\\\/www.meydan.tv\\\/az\\\/article\\\/sevinc-vaqifqizi-hakime-senden-ve-sene-sifaris-verenlerden-hec-bir-xahisim-yoxdur\\\/\",\"url\":\"https:\\\/\\\/www.meydan.tv\\\/az\\\/article\\\/sevinc-vaqifqizi-hakime-senden-ve-sene-sifaris-verenlerden-hec-bir-xahisim-yoxdur\\\/\",\"name\":\"Sevinc Vaqifq\u0131z\u0131 hakim\u0259: \u201cS\u0259nd\u0259n v\u0259 s\u0259n\u0259 sifari\u015f ver\u0259nl\u0259rd\u0259n he\u00e7 bir xahi\u015fim yoxdur\u201d - MEYDAN.TV\",\"isPartOf\":{\"@id\":\"https:\\\/\\\/www.meydan.tv\\\/az\\\/#website\"},\"primaryImageOfPage\":{\"@id\":\"https:\\\/\\\/www.meydan.tv\\\/az\\\/article\\\/sevinc-vaqifqizi-hakime-senden-ve-sene-sifaris-verenlerden-hec-bir-xahisim-yoxdur\\\/#primaryimage\"},\"image\":{\"@id\":\"https:\\\/\\\/www.meydan.tv\\\/az\\\/article\\\/sevinc-vaqifqizi-hakime-senden-ve-sene-sifaris-verenlerden-hec-bir-xahisim-yoxdur\\\/#primaryimage\"},\"thumbnailUrl\":\"https:\\\/\\\/www.meydan.tv\\\/wp-content\\\/uploads\\\/img_0616-e1700561730380.jpg\",\"datePublished\":\"2023-11-21T18:32:13+00:00\",\"dateModified\":\"2023-11-21T21:04:27+00:00\",\"breadcrumb\":{\"@id\":\"https:\\\/\\\/www.meydan.tv\\\/az\\\/article\\\/sevinc-vaqifqizi-hakime-senden-ve-sene-sifaris-verenlerden-hec-bir-xahisim-yoxdur\\\/#breadcrumb\"},\"inLanguage\":\"az\",\"potentialAction\":[{\"@type\":\"ReadAction\",\"target\":[\"https:\\\/\\\/www.meydan.tv\\\/az\\\/article\\\/sevinc-vaqifqizi-hakime-senden-ve-sene-sifaris-verenlerden-hec-bir-xahisim-yoxdur\\\/\"]}]},{\"@type\":\"ImageObject\",\"inLanguage\":\"az\",\"@id\":\"https:\\\/\\\/www.meydan.tv\\\/az\\\/article\\\/sevinc-vaqifqizi-hakime-senden-ve-sene-sifaris-verenlerden-hec-bir-xahisim-yoxdur\\\/#primaryimage\",\"url\":\"https:\\\/\\\/www.meydan.tv\\\/wp-content\\\/uploads\\\/img_0616-e1700561730380.jpg\",\"contentUrl\":\"https:\\\/\\\/www.meydan.tv\\\/wp-content\\\/uploads\\\/img_0616-e1700561730380.jpg\",\"width\":1200,\"height\":674,\"caption\":\"Sevinc Vaqifq\u0131z\u0131. Foto: Meydan TV\"},{\"@type\":\"BreadcrumbList\",\"@id\":\"https:\\\/\\\/www.meydan.tv\\\/az\\\/article\\\/sevinc-vaqifqizi-hakime-senden-ve-sene-sifaris-verenlerden-hec-bir-xahisim-yoxdur\\\/#breadcrumb\",\"itemListElement\":[{\"@type\":\"ListItem\",\"position\":1,\"name\":\"Ana s\u0259hif\u0259\",\"item\":\"https:\\\/\\\/www.meydan.tv\\\/az\\\/\"},{\"@type\":\"ListItem\",\"position\":2,\"name\":\"Siyas\u0259t\",\"item\":\"https:\\\/\\\/www.meydan.tv\\\/az\\\/section\\\/siyaset\\\/\"},{\"@type\":\"ListItem\",\"position\":3,\"name\":\"Sevinc Vaqifq\u0131z\u0131 hakim\u0259: \u201cS\u0259nd\u0259n v\u0259 s\u0259n\u0259 sifari\u015f ver\u0259nl\u0259rd\u0259n he\u00e7 bir xahi\u015fim yoxdur\u201d\"}]},{\"@type\":\"WebSite\",\"@id\":\"https:\\\/\\\/www.meydan.tv\\\/az\\\/#website\",\"url\":\"https:\\\/\\\/www.meydan.tv\\\/az\\\/\",\"name\":\"MEYDAN.TV\",\"description\":\"Meydan TV Az\u0259rbaycan\u0131n media m\u0259kan\u0131ndak\u0131 alternativ s\u0259sidir\",\"publisher\":{\"@id\":\"https:\\\/\\\/www.meydan.tv\\\/az\\\/#organization\"},\"potentialAction\":[{\"@type\":\"SearchAction\",\"target\":{\"@type\":\"EntryPoint\",\"urlTemplate\":\"https:\\\/\\\/www.meydan.tv\\\/az\\\/?s={search_term_string}\"},\"query-input\":{\"@type\":\"PropertyValueSpecification\",\"valueRequired\":true,\"valueName\":\"search_term_string\"}}],\"inLanguage\":\"az\"},{\"@type\":\"Organization\",\"@id\":\"https:\\\/\\\/www.meydan.tv\\\/az\\\/#organization\",\"name\":\"Meydan TV\",\"url\":\"https:\\\/\\\/www.meydan.tv\\\/az\\\/\",\"logo\":{\"@type\":\"ImageObject\",\"inLanguage\":\"az\",\"@id\":\"https:\\\/\\\/www.meydan.tv\\\/az\\\/#\\\/schema\\\/logo\\\/image\\\/\",\"url\":\"https:\\\/\\\/www.meydan.tv\\\/wp-content\\\/uploads\\\/2021\\\/07\\\/meydan-logo.svg\",\"contentUrl\":\"https:\\\/\\\/www.meydan.tv\\\/wp-content\\\/uploads\\\/2021\\\/07\\\/meydan-logo.svg\",\"width\":195,\"height\":46,\"caption\":\"Meydan TV\"},\"image\":{\"@id\":\"https:\\\/\\\/www.meydan.tv\\\/az\\\/#\\\/schema\\\/logo\\\/image\\\/\"}},{\"@type\":\"Person\",\"@id\":\"https:\\\/\\\/www.meydan.tv\\\/az\\\/#\\\/schema\\\/person\\\/9cdbecf90d17180ce1dfbd95b08dcf47\",\"name\":\"elli\",\"sameAs\":[\"https:\\\/\\\/x.com\\\/elli\"]}]}<\/script>\n<!-- \/ Yoast SEO plugin. -->","yoast_head_json":{"title":"Sevinc Vaqifq\u0131z\u0131 hakim\u0259: \u201cS\u0259nd\u0259n v\u0259 s\u0259n\u0259 sifari\u015f ver\u0259nl\u0259rd\u0259n he\u00e7 bir xahi\u015fim yoxdur\u201d - MEYDAN.TV","robots":{"index":"index","follow":"follow","max-snippet":"max-snippet:-1","max-image-preview":"max-image-preview:large","max-video-preview":"max-video-preview:-1"},"canonical":"https:\/\/www.meydan.tv\/az\/article\/sevinc-vaqifqizi-hakime-senden-ve-sene-sifaris-verenlerden-hec-bir-xahisim-yoxdur\/","og_locale":"az_AZ","og_type":"article","og_title":"Sevinc Vaqifq\u0131z\u0131 hakim\u0259: \u201cS\u0259nd\u0259n v\u0259 s\u0259n\u0259 sifari\u015f ver\u0259nl\u0259rd\u0259n he\u00e7 bir xahi\u015fim yoxdur\u201d - MEYDAN.TV","og_description":"\u00dclvi H\u0259s\u0259nli bar\u0259sind\u0259 4 ay, Sevinc Vaqifq\u0131z\u0131 bar\u0259sind\u0259 is\u0259 3 ... Davam\u0131","og_url":"https:\/\/www.meydan.tv\/az\/article\/sevinc-vaqifqizi-hakime-senden-ve-sene-sifaris-verenlerden-hec-bir-xahisim-yoxdur\/","og_site_name":"MEYDAN.TV","article_published_time":"2023-11-21T18:32:13+00:00","article_modified_time":"2023-11-21T21:04:27+00:00","og_image":[{"width":1200,"height":674,"url":"https:\/\/www.meydan.tv\/wp-content\/uploads\/img_0616-e1700561730380.jpg","type":"image\/jpeg"}],"author":"elli","twitter_card":"summary_large_image","twitter_creator":"@elli","schema":{"@context":"https:\/\/schema.org","@graph":[{"@type":"Article","@id":"https:\/\/www.meydan.tv\/az\/article\/sevinc-vaqifqizi-hakime-senden-ve-sene-sifaris-verenlerden-hec-bir-xahisim-yoxdur\/#article","isPartOf":{"@id":"https:\/\/www.meydan.tv\/az\/article\/sevinc-vaqifqizi-hakime-senden-ve-sene-sifaris-verenlerden-hec-bir-xahisim-yoxdur\/"},"author":{"name":"elli","@id":"https:\/\/www.meydan.tv\/az\/#\/schema\/person\/9cdbecf90d17180ce1dfbd95b08dcf47"},"headline":"Sevinc Vaqifq\u0131z\u0131 hakim\u0259: \u201cS\u0259nd\u0259n v\u0259 s\u0259n\u0259 sifari\u015f ver\u0259nl\u0259rd\u0259n he\u00e7 bir xahi\u015fim yoxdur\u201d","datePublished":"2023-11-21T18:32:13+00:00","dateModified":"2023-11-21T21:04:27+00:00","mainEntityOfPage":{"@id":"https:\/\/www.meydan.tv\/az\/article\/sevinc-vaqifqizi-hakime-senden-ve-sene-sifaris-verenlerden-hec-bir-xahisim-yoxdur\/"},"wordCount":671,"publisher":{"@id":"https:\/\/www.meydan.tv\/az\/#organization"},"image":{"@id":"https:\/\/www.meydan.tv\/az\/article\/sevinc-vaqifqizi-hakime-senden-ve-sene-sifaris-verenlerden-hec-bir-xahisim-yoxdur\/#primaryimage"},"thumbnailUrl":"https:\/\/www.meydan.tv\/wp-content\/uploads\/img_0616-e1700561730380.jpg","articleSection":["Siyas\u0259t","T\u00f6vsiy\u0259","Video","X\u0259b\u0259rl\u0259r"],"inLanguage":"az"},{"@type":"WebPage","@id":"https:\/\/www.meydan.tv\/az\/article\/sevinc-vaqifqizi-hakime-senden-ve-sene-sifaris-verenlerden-hec-bir-xahisim-yoxdur\/","url":"https:\/\/www.meydan.tv\/az\/article\/sevinc-vaqifqizi-hakime-senden-ve-sene-sifaris-verenlerden-hec-bir-xahisim-yoxdur\/","name":"Sevinc Vaqifq\u0131z\u0131 hakim\u0259: \u201cS\u0259nd\u0259n v\u0259 s\u0259n\u0259 sifari\u015f ver\u0259nl\u0259rd\u0259n he\u00e7 bir xahi\u015fim yoxdur\u201d - MEYDAN.TV","isPartOf":{"@id":"https:\/\/www.meydan.tv\/az\/#website"},"primaryImageOfPage":{"@id":"https:\/\/www.meydan.tv\/az\/article\/sevinc-vaqifqizi-hakime-senden-ve-sene-sifaris-verenlerden-hec-bir-xahisim-yoxdur\/#primaryimage"},"image":{"@id":"https:\/\/www.meydan.tv\/az\/article\/sevinc-vaqifqizi-hakime-senden-ve-sene-sifaris-verenlerden-hec-bir-xahisim-yoxdur\/#primaryimage"},"thumbnailUrl":"https:\/\/www.meydan.tv\/wp-content\/uploads\/img_0616-e1700561730380.jpg","datePublished":"2023-11-21T18:32:13+00:00","dateModified":"2023-11-21T21:04:27+00:00","breadcrumb":{"@id":"https:\/\/www.meydan.tv\/az\/article\/sevinc-vaqifqizi-hakime-senden-ve-sene-sifaris-verenlerden-hec-bir-xahisim-yoxdur\/#breadcrumb"},"inLanguage":"az","potentialAction":[{"@type":"ReadAction","target":["https:\/\/www.meydan.tv\/az\/article\/sevinc-vaqifqizi-hakime-senden-ve-sene-sifaris-verenlerden-hec-bir-xahisim-yoxdur\/"]}]},{"@type":"ImageObject","inLanguage":"az","@id":"https:\/\/www.meydan.tv\/az\/article\/sevinc-vaqifqizi-hakime-senden-ve-sene-sifaris-verenlerden-hec-bir-xahisim-yoxdur\/#primaryimage","url":"https:\/\/www.meydan.tv\/wp-content\/uploads\/img_0616-e1700561730380.jpg","contentUrl":"https:\/\/www.meydan.tv\/wp-content\/uploads\/img_0616-e1700561730380.jpg","width":1200,"height":674,"caption":"Sevinc Vaqifq\u0131z\u0131. Foto: Meydan TV"},{"@type":"BreadcrumbList","@id":"https:\/\/www.meydan.tv\/az\/article\/sevinc-vaqifqizi-hakime-senden-ve-sene-sifaris-verenlerden-hec-bir-xahisim-yoxdur\/#breadcrumb","itemListElement":[{"@type":"ListItem","position":1,"name":"Ana s\u0259hif\u0259","item":"https:\/\/www.meydan.tv\/az\/"},{"@type":"ListItem","position":2,"name":"Siyas\u0259t","item":"https:\/\/www.meydan.tv\/az\/section\/siyaset\/"},{"@type":"ListItem","position":3,"name":"Sevinc Vaqifq\u0131z\u0131 hakim\u0259: \u201cS\u0259nd\u0259n v\u0259 s\u0259n\u0259 sifari\u015f ver\u0259nl\u0259rd\u0259n he\u00e7 bir xahi\u015fim yoxdur\u201d"}]},{"@type":"WebSite","@id":"https:\/\/www.meydan.tv\/az\/#website","url":"https:\/\/www.meydan.tv\/az\/","name":"MEYDAN.TV","description":"Meydan TV Az\u0259rbaycan\u0131n media m\u0259kan\u0131ndak\u0131 alternativ s\u0259sidir","publisher":{"@id":"https:\/\/www.meydan.tv\/az\/#organization"},"potentialAction":[{"@type":"SearchAction","target":{"@type":"EntryPoint","urlTemplate":"https:\/\/www.meydan.tv\/az\/?s={search_term_string}"},"query-input":{"@type":"PropertyValueSpecification","valueRequired":true,"valueName":"search_term_string"}}],"inLanguage":"az"},{"@type":"Organization","@id":"https:\/\/www.meydan.tv\/az\/#organization","name":"Meydan TV","url":"https:\/\/www.meydan.tv\/az\/","logo":{"@type":"ImageObject","inLanguage":"az","@id":"https:\/\/www.meydan.tv\/az\/#\/schema\/logo\/image\/","url":"https:\/\/www.meydan.tv\/wp-content\/uploads\/2021\/07\/meydan-logo.svg","contentUrl":"https:\/\/www.meydan.tv\/wp-content\/uploads\/2021\/07\/meydan-logo.svg","width":195,"height":46,"caption":"Meydan TV"},"image":{"@id":"https:\/\/www.meydan.tv\/az\/#\/schema\/logo\/image\/"}},{"@type":"Person","@id":"https:\/\/www.meydan.tv\/az\/#\/schema\/person\/9cdbecf90d17180ce1dfbd95b08dcf47","name":"elli","sameAs":["https:\/\/x.com\/elli"]}]}},"_links":{"self":[{"href":"https:\/\/www.meydan.tv\/az\/wp-json\/wp\/v2\/posts\/291089","targetHints":{"allow":["GET"]}}],"collection":[{"href":"https:\/\/www.meydan.tv\/az\/wp-json\/wp\/v2\/posts"}],"about":[{"href":"https:\/\/www.meydan.tv\/az\/wp-json\/wp\/v2\/types\/post"}],"author":[{"embeddable":true,"href":"https:\/\/www.meydan.tv\/az\/wp-json\/wp\/v2\/users\/8"}],"replies":[{"embeddable":true,"href":"https:\/\/www.meydan.tv\/az\/wp-json\/wp\/v2\/comments?post=291089"}],"version-history":[{"count":4,"href":"https:\/\/www.meydan.tv\/az\/wp-json\/wp\/v2\/posts\/291089\/revisions"}],"predecessor-version":[{"id":291096,"href":"https:\/\/www.meydan.tv\/az\/wp-json\/wp\/v2\/posts\/291089\/revisions\/291096"}],"wp:featuredmedia":[{"embeddable":true,"href":"https:\/\/www.meydan.tv\/az\/wp-json\/wp\/v2\/media\/290989"}],"wp:attachment":[{"href":"https:\/\/www.meydan.tv\/az\/wp-json\/wp\/v2\/media?parent=291089"}],"wp:term":[{"taxonomy":"category","embeddable":true,"href":"https:\/\/www.meydan.tv\/az\/wp-json\/wp\/v2\/categories?post=291089"},{"taxonomy":"post_tag","embeddable":true,"href":"https:\/\/www.meydan.tv\/az\/wp-json\/wp\/v2\/tags?post=291089"}],"curies":[{"name":"wp","href":"https:\/\/api.w.org\/{rel}","templated":true}]}}