{"id":291066,"date":"2023-11-21T19:15:30","date_gmt":"2023-11-21T15:15:30","guid":{"rendered":"https:\/\/www.meydan.tv\/?p=291066"},"modified":"2023-11-22T01:14:44","modified_gmt":"2023-11-21T21:14:44","slug":"jurnalist-islam-sixeli-mehkeme-onunde-saxlanilib","status":"publish","type":"post","link":"https:\/\/www.meydan.tv\/az\/article\/jurnalist-islam-sixeli-mehkeme-onunde-saxlanilib\/","title":{"rendered":"Jurnalist \u0130slam \u015e\u0131x\u0259li m\u0259hk\u0259m\u0259 \u00f6n\u00fcnd\u0259 saxlan\u0131l\u0131b"},"content":{"rendered":"\n<figure class=\"wp-block-embed is-type-video is-provider-youtube wp-block-embed-youtube wp-embed-aspect-16-9 wp-has-aspect-ratio\"><div class=\"wp-block-embed__wrapper\">\n<iframe title=\"Jurnalistl\u0259r yenid\u0259n zorak\u0131l\u0131\u011fa m\u0259ruz qal\u0131blar\" width=\"1200\" height=\"675\" data-src=\"https:\/\/www.youtube.com\/embed\/4f4zQBHBORU?feature=oembed\" frameborder=\"0\" allow=\"accelerometer; autoplay; clipboard-write; encrypted-media; gyroscope; picture-in-picture; web-share\" allowfullscreen src=\"data:image\/svg+xml;base64,PHN2ZyB3aWR0aD0iMSIgaGVpZ2h0PSIxIiB4bWxucz0iaHR0cDovL3d3dy53My5vcmcvMjAwMC9zdmciPjwvc3ZnPg==\" class=\"lazyload\" data-load-mode=\"1\"><\/iframe>\n<\/div><\/figure>\n\n\n\n<p><strong><em>O, polis\u0259 yolu ba\u011flad\u0131\u011f\u0131na g\u00f6r\u0259 irad tutub<\/em><\/strong><\/p>\n\n\n\n<p>Noyabr\u0131n 21-d\u0259 X\u0259tai Rayon M\u0259hk\u0259m\u0259sinin qar\u015f\u0131s\u0131nda jurnalist \u0130slam \u015e\u0131x\u0259linin saxlan\u0131ld\u0131\u011f\u0131 bildirilir.<\/p>\n\n\n\n<p>\u0130slam \u015e\u0131x\u0259li h\u0259mkar\u0131 Sevinc Vaqifq\u0131z\u0131n\u0131n m\u0259hk\u0259m\u0259 prosesind\u0259n reportaj haz\u0131rlamaq ist\u0259y\u0259rk\u0259n polisl\u0259r adamlar\u0131 it\u0259l\u0259y\u0259r\u0259k onlara yolu ba\u011flamaqda irad tutub.<\/p>\n\n\n\n<p>Bu m\u0259qamda \u0130slam \u015e\u0131x\u0259linin polisl\u0259rin \u00f6zl\u0259rinin yolu ba\u011flad\u0131qlar\u0131 reaksiyas\u0131 onun saxlanmas\u0131 il\u0259 n\u0259tic\u0259l\u0259nib.<\/p>\n\n\n\n<p>Bu g\u00fcn &#8220;AbzasMedia&#8221;n\u0131n ba\u015f redaktoru Sevinc Abbasovaya (Vaqifq\u0131z\u0131) qar\u015f\u0131 Cinay\u0259t M\u0259c\u0259ll\u0259sinin 206.3.2. (qabaqcadan \u0259lbir olan bir qrup \u015f\u0259xs t\u0259r\u0259find\u0259n qa\u00e7aqmal\u00e7\u0131l\u0131q) madd\u0259si il\u0259 ittiham verilib.<\/p>\n\n\n\n<p>Bu g\u00fcn X\u0259tai Rayon M\u0259hk\u0259m\u0259sind\u0259 ona h\u00f6km veril\u0259c\u0259yi g\u00f6zl\u0259nilir.<\/p>\n\n\n\n<p>Noyabr\u0131n 20-d\u0259 \u201cAbzasMedia\u201dn\u0131n direktoru \u00dclvi H\u0259s\u0259nli d\u0259 saxlan\u0131l\u0131b.<\/p>\n\n\n\n<p>Ona qar\u015f\u0131 da eyni ittiham ir\u0259li s\u00fcr\u00fcl\u00fcb.<\/p>\n\n\n\n<p>Bar\u0259l\u0259rind\u0259 veril\u0259n ittiham t\u0259sdiq edil\u0259rs\u0259, onlar\u0131 8 il\u0259d\u0259k h\u0259bs c\u0259zas\u0131 g\u00f6zl\u0259yir.<\/p>\n\n\n\n<p>\u0130ctimai f\u0259al M\u0259h\u0259mm\u0259d Kekalov da evind\u0259n m\u00fclki geyimli polis \u0259m\u0259kda\u015flar\u0131 t\u0259r\u0259find\u0259n apar\u0131l\u0131b.<\/p>\n\n\n\n<p>Bir g\u00fcnd\u0259n art\u0131qd\u0131r ki, ondan x\u0259b\u0259r yoxdur.<\/p>\n","protected":false},"excerpt":{"rendered":"<p>O, polis\u0259 yolu ba\u011flad\u0131\u011f\u0131na g\u00f6r\u0259 irad tutub Noyabr\u0131n 21-d\u0259 X\u0259tai &#8230; <\/p>\n<p class=\"read-more-container\"><a title=\"Jurnalist \u0130slam \u015e\u0131x\u0259li m\u0259hk\u0259m\u0259 \u00f6n\u00fcnd\u0259 saxlan\u0131l\u0131b\" class=\"read-more button\" href=\"https:\/\/www.meydan.tv\/az\/article\/jurnalist-islam-sixeli-mehkeme-onunde-saxlanilib\/#more-291066\" aria-label=\"Read more about Jurnalist \u0130slam \u015e\u0131x\u0259li m\u0259hk\u0259m\u0259 \u00f6n\u00fcnd\u0259 saxlan\u0131l\u0131b\">Davam\u0131<\/a><\/p>\n","protected":false},"author":21,"featured_media":225784,"comment_status":"closed","ping_status":"closed","sticky":false,"template":"","format":"standard","meta":{"_acf_changed":false,"_sitemap_exclude":false,"_sitemap_priority":"","_sitemap_frequency":"","footnotes":""},"categories":[59,63,56],"tags":[],"class_list":["post-291066","post","type-post","status-publish","format-standard","has-post-thumbnail","hentry","category-siyaset","category-video-2","category-xeberler","infinite-scroll-item","generate-columns","tablet-grid-50","mobile-grid-100","grid-parent","grid-33","no-featured-image-padding"],"acf":[],"yoast_head":"<!-- This site is optimized with the Yoast SEO plugin v27.4 - https:\/\/yoast.com\/product\/yoast-seo-wordpress\/ -->\n<title>Jurnalist \u0130slam \u015e\u0131x\u0259li m\u0259hk\u0259m\u0259 \u00f6n\u00fcnd\u0259 saxlan\u0131l\u0131b - MEYDAN.TV<\/title>\n<meta name=\"robots\" content=\"index, follow, max-snippet:-1, max-image-preview:large, max-video-preview:-1\" \/>\n<link rel=\"canonical\" href=\"https:\/\/www.meydan.tv\/az\/article\/jurnalist-islam-sixeli-mehkeme-onunde-saxlanilib\/\" \/>\n<meta property=\"og:locale\" content=\"az_AZ\" \/>\n<meta property=\"og:type\" content=\"article\" \/>\n<meta property=\"og:title\" content=\"Jurnalist \u0130slam \u015e\u0131x\u0259li m\u0259hk\u0259m\u0259 \u00f6n\u00fcnd\u0259 saxlan\u0131l\u0131b - MEYDAN.TV\" \/>\n<meta property=\"og:description\" content=\"O, polis\u0259 yolu ba\u011flad\u0131\u011f\u0131na g\u00f6r\u0259 irad tutub Noyabr\u0131n 21-d\u0259 X\u0259tai ... Davam\u0131\" \/>\n<meta property=\"og:url\" content=\"https:\/\/www.meydan.tv\/az\/article\/jurnalist-islam-sixeli-mehkeme-onunde-saxlanilib\/\" \/>\n<meta property=\"og:site_name\" content=\"MEYDAN.TV\" \/>\n<meta property=\"article:published_time\" content=\"2023-11-21T15:15:30+00:00\" \/>\n<meta property=\"article:modified_time\" content=\"2023-11-21T21:14:44+00:00\" \/>\n<meta property=\"og:image\" content=\"https:\/\/www.meydan.tv\/wp-content\/uploads\/untitled-design-2.png\" \/>\n\t<meta property=\"og:image:width\" content=\"1200\" \/>\n\t<meta property=\"og:image:height\" content=\"800\" \/>\n\t<meta property=\"og:image:type\" content=\"image\/png\" \/>\n<meta name=\"author\" content=\"mahmud\" \/>\n<meta name=\"twitter:card\" content=\"summary_large_image\" \/>\n<script type=\"application\/ld+json\" class=\"yoast-schema-graph\">{\"@context\":\"https:\\\/\\\/schema.org\",\"@graph\":[{\"@type\":\"Article\",\"@id\":\"https:\\\/\\\/www.meydan.tv\\\/az\\\/article\\\/jurnalist-islam-sixeli-mehkeme-onunde-saxlanilib\\\/#article\",\"isPartOf\":{\"@id\":\"https:\\\/\\\/www.meydan.tv\\\/az\\\/article\\\/jurnalist-islam-sixeli-mehkeme-onunde-saxlanilib\\\/\"},\"author\":{\"name\":\"mahmud\",\"@id\":\"https:\\\/\\\/www.meydan.tv\\\/az\\\/#\\\/schema\\\/person\\\/09863e516102a829e72bedcf3f84c6b0\"},\"headline\":\"Jurnalist \u0130slam \u015e\u0131x\u0259li m\u0259hk\u0259m\u0259 \u00f6n\u00fcnd\u0259 saxlan\u0131l\u0131b\",\"datePublished\":\"2023-11-21T15:15:30+00:00\",\"dateModified\":\"2023-11-21T21:14:44+00:00\",\"mainEntityOfPage\":{\"@id\":\"https:\\\/\\\/www.meydan.tv\\\/az\\\/article\\\/jurnalist-islam-sixeli-mehkeme-onunde-saxlanilib\\\/\"},\"wordCount\":247,\"publisher\":{\"@id\":\"https:\\\/\\\/www.meydan.tv\\\/az\\\/#organization\"},\"image\":{\"@id\":\"https:\\\/\\\/www.meydan.tv\\\/az\\\/article\\\/jurnalist-islam-sixeli-mehkeme-onunde-saxlanilib\\\/#primaryimage\"},\"thumbnailUrl\":\"https:\\\/\\\/www.meydan.tv\\\/wp-content\\\/uploads\\\/untitled-design-2.png\",\"articleSection\":[\"Siyas\u0259t\",\"Video\",\"X\u0259b\u0259rl\u0259r\"],\"inLanguage\":\"az\"},{\"@type\":\"WebPage\",\"@id\":\"https:\\\/\\\/www.meydan.tv\\\/az\\\/article\\\/jurnalist-islam-sixeli-mehkeme-onunde-saxlanilib\\\/\",\"url\":\"https:\\\/\\\/www.meydan.tv\\\/az\\\/article\\\/jurnalist-islam-sixeli-mehkeme-onunde-saxlanilib\\\/\",\"name\":\"Jurnalist \u0130slam \u015e\u0131x\u0259li m\u0259hk\u0259m\u0259 \u00f6n\u00fcnd\u0259 saxlan\u0131l\u0131b - MEYDAN.TV\",\"isPartOf\":{\"@id\":\"https:\\\/\\\/www.meydan.tv\\\/az\\\/#website\"},\"primaryImageOfPage\":{\"@id\":\"https:\\\/\\\/www.meydan.tv\\\/az\\\/article\\\/jurnalist-islam-sixeli-mehkeme-onunde-saxlanilib\\\/#primaryimage\"},\"image\":{\"@id\":\"https:\\\/\\\/www.meydan.tv\\\/az\\\/article\\\/jurnalist-islam-sixeli-mehkeme-onunde-saxlanilib\\\/#primaryimage\"},\"thumbnailUrl\":\"https:\\\/\\\/www.meydan.tv\\\/wp-content\\\/uploads\\\/untitled-design-2.png\",\"datePublished\":\"2023-11-21T15:15:30+00:00\",\"dateModified\":\"2023-11-21T21:14:44+00:00\",\"breadcrumb\":{\"@id\":\"https:\\\/\\\/www.meydan.tv\\\/az\\\/article\\\/jurnalist-islam-sixeli-mehkeme-onunde-saxlanilib\\\/#breadcrumb\"},\"inLanguage\":\"az\",\"potentialAction\":[{\"@type\":\"ReadAction\",\"target\":[\"https:\\\/\\\/www.meydan.tv\\\/az\\\/article\\\/jurnalist-islam-sixeli-mehkeme-onunde-saxlanilib\\\/\"]}]},{\"@type\":\"ImageObject\",\"inLanguage\":\"az\",\"@id\":\"https:\\\/\\\/www.meydan.tv\\\/az\\\/article\\\/jurnalist-islam-sixeli-mehkeme-onunde-saxlanilib\\\/#primaryimage\",\"url\":\"https:\\\/\\\/www.meydan.tv\\\/wp-content\\\/uploads\\\/untitled-design-2.png\",\"contentUrl\":\"https:\\\/\\\/www.meydan.tv\\\/wp-content\\\/uploads\\\/untitled-design-2.png\",\"width\":1200,\"height\":800,\"caption\":\"Foto: \u0130slam \u015e\u0131x\u0259linin \u015f\u0259xsi arxivind\u0259n\"},{\"@type\":\"BreadcrumbList\",\"@id\":\"https:\\\/\\\/www.meydan.tv\\\/az\\\/article\\\/jurnalist-islam-sixeli-mehkeme-onunde-saxlanilib\\\/#breadcrumb\",\"itemListElement\":[{\"@type\":\"ListItem\",\"position\":1,\"name\":\"Ana s\u0259hif\u0259\",\"item\":\"https:\\\/\\\/www.meydan.tv\\\/az\\\/\"},{\"@type\":\"ListItem\",\"position\":2,\"name\":\"Siyas\u0259t\",\"item\":\"https:\\\/\\\/www.meydan.tv\\\/az\\\/section\\\/siyaset\\\/\"},{\"@type\":\"ListItem\",\"position\":3,\"name\":\"Jurnalist \u0130slam \u015e\u0131x\u0259li m\u0259hk\u0259m\u0259 \u00f6n\u00fcnd\u0259 saxlan\u0131l\u0131b\"}]},{\"@type\":\"WebSite\",\"@id\":\"https:\\\/\\\/www.meydan.tv\\\/az\\\/#website\",\"url\":\"https:\\\/\\\/www.meydan.tv\\\/az\\\/\",\"name\":\"MEYDAN.TV\",\"description\":\"Meydan TV Az\u0259rbaycan\u0131n media m\u0259kan\u0131ndak\u0131 alternativ s\u0259sidir\",\"publisher\":{\"@id\":\"https:\\\/\\\/www.meydan.tv\\\/az\\\/#organization\"},\"potentialAction\":[{\"@type\":\"SearchAction\",\"target\":{\"@type\":\"EntryPoint\",\"urlTemplate\":\"https:\\\/\\\/www.meydan.tv\\\/az\\\/?s={search_term_string}\"},\"query-input\":{\"@type\":\"PropertyValueSpecification\",\"valueRequired\":true,\"valueName\":\"search_term_string\"}}],\"inLanguage\":\"az\"},{\"@type\":\"Organization\",\"@id\":\"https:\\\/\\\/www.meydan.tv\\\/az\\\/#organization\",\"name\":\"Meydan TV\",\"url\":\"https:\\\/\\\/www.meydan.tv\\\/az\\\/\",\"logo\":{\"@type\":\"ImageObject\",\"inLanguage\":\"az\",\"@id\":\"https:\\\/\\\/www.meydan.tv\\\/az\\\/#\\\/schema\\\/logo\\\/image\\\/\",\"url\":\"https:\\\/\\\/www.meydan.tv\\\/wp-content\\\/uploads\\\/2021\\\/07\\\/meydan-logo.svg\",\"contentUrl\":\"https:\\\/\\\/www.meydan.tv\\\/wp-content\\\/uploads\\\/2021\\\/07\\\/meydan-logo.svg\",\"width\":195,\"height\":46,\"caption\":\"Meydan TV\"},\"image\":{\"@id\":\"https:\\\/\\\/www.meydan.tv\\\/az\\\/#\\\/schema\\\/logo\\\/image\\\/\"}},{\"@type\":\"Person\",\"@id\":\"https:\\\/\\\/www.meydan.tv\\\/az\\\/#\\\/schema\\\/person\\\/09863e516102a829e72bedcf3f84c6b0\",\"name\":\"mahmud\"}]}<\/script>\n<!-- \/ Yoast SEO plugin. -->","yoast_head_json":{"title":"Jurnalist \u0130slam \u015e\u0131x\u0259li m\u0259hk\u0259m\u0259 \u00f6n\u00fcnd\u0259 saxlan\u0131l\u0131b - MEYDAN.TV","robots":{"index":"index","follow":"follow","max-snippet":"max-snippet:-1","max-image-preview":"max-image-preview:large","max-video-preview":"max-video-preview:-1"},"canonical":"https:\/\/www.meydan.tv\/az\/article\/jurnalist-islam-sixeli-mehkeme-onunde-saxlanilib\/","og_locale":"az_AZ","og_type":"article","og_title":"Jurnalist \u0130slam \u015e\u0131x\u0259li m\u0259hk\u0259m\u0259 \u00f6n\u00fcnd\u0259 saxlan\u0131l\u0131b - MEYDAN.TV","og_description":"O, polis\u0259 yolu ba\u011flad\u0131\u011f\u0131na g\u00f6r\u0259 irad tutub Noyabr\u0131n 21-d\u0259 X\u0259tai ... Davam\u0131","og_url":"https:\/\/www.meydan.tv\/az\/article\/jurnalist-islam-sixeli-mehkeme-onunde-saxlanilib\/","og_site_name":"MEYDAN.TV","article_published_time":"2023-11-21T15:15:30+00:00","article_modified_time":"2023-11-21T21:14:44+00:00","og_image":[{"width":1200,"height":800,"url":"https:\/\/www.meydan.tv\/wp-content\/uploads\/untitled-design-2.png","type":"image\/png"}],"author":"mahmud","twitter_card":"summary_large_image","schema":{"@context":"https:\/\/schema.org","@graph":[{"@type":"Article","@id":"https:\/\/www.meydan.tv\/az\/article\/jurnalist-islam-sixeli-mehkeme-onunde-saxlanilib\/#article","isPartOf":{"@id":"https:\/\/www.meydan.tv\/az\/article\/jurnalist-islam-sixeli-mehkeme-onunde-saxlanilib\/"},"author":{"name":"mahmud","@id":"https:\/\/www.meydan.tv\/az\/#\/schema\/person\/09863e516102a829e72bedcf3f84c6b0"},"headline":"Jurnalist \u0130slam \u015e\u0131x\u0259li m\u0259hk\u0259m\u0259 \u00f6n\u00fcnd\u0259 saxlan\u0131l\u0131b","datePublished":"2023-11-21T15:15:30+00:00","dateModified":"2023-11-21T21:14:44+00:00","mainEntityOfPage":{"@id":"https:\/\/www.meydan.tv\/az\/article\/jurnalist-islam-sixeli-mehkeme-onunde-saxlanilib\/"},"wordCount":247,"publisher":{"@id":"https:\/\/www.meydan.tv\/az\/#organization"},"image":{"@id":"https:\/\/www.meydan.tv\/az\/article\/jurnalist-islam-sixeli-mehkeme-onunde-saxlanilib\/#primaryimage"},"thumbnailUrl":"https:\/\/www.meydan.tv\/wp-content\/uploads\/untitled-design-2.png","articleSection":["Siyas\u0259t","Video","X\u0259b\u0259rl\u0259r"],"inLanguage":"az"},{"@type":"WebPage","@id":"https:\/\/www.meydan.tv\/az\/article\/jurnalist-islam-sixeli-mehkeme-onunde-saxlanilib\/","url":"https:\/\/www.meydan.tv\/az\/article\/jurnalist-islam-sixeli-mehkeme-onunde-saxlanilib\/","name":"Jurnalist \u0130slam \u015e\u0131x\u0259li m\u0259hk\u0259m\u0259 \u00f6n\u00fcnd\u0259 saxlan\u0131l\u0131b - MEYDAN.TV","isPartOf":{"@id":"https:\/\/www.meydan.tv\/az\/#website"},"primaryImageOfPage":{"@id":"https:\/\/www.meydan.tv\/az\/article\/jurnalist-islam-sixeli-mehkeme-onunde-saxlanilib\/#primaryimage"},"image":{"@id":"https:\/\/www.meydan.tv\/az\/article\/jurnalist-islam-sixeli-mehkeme-onunde-saxlanilib\/#primaryimage"},"thumbnailUrl":"https:\/\/www.meydan.tv\/wp-content\/uploads\/untitled-design-2.png","datePublished":"2023-11-21T15:15:30+00:00","dateModified":"2023-11-21T21:14:44+00:00","breadcrumb":{"@id":"https:\/\/www.meydan.tv\/az\/article\/jurnalist-islam-sixeli-mehkeme-onunde-saxlanilib\/#breadcrumb"},"inLanguage":"az","potentialAction":[{"@type":"ReadAction","target":["https:\/\/www.meydan.tv\/az\/article\/jurnalist-islam-sixeli-mehkeme-onunde-saxlanilib\/"]}]},{"@type":"ImageObject","inLanguage":"az","@id":"https:\/\/www.meydan.tv\/az\/article\/jurnalist-islam-sixeli-mehkeme-onunde-saxlanilib\/#primaryimage","url":"https:\/\/www.meydan.tv\/wp-content\/uploads\/untitled-design-2.png","contentUrl":"https:\/\/www.meydan.tv\/wp-content\/uploads\/untitled-design-2.png","width":1200,"height":800,"caption":"Foto: \u0130slam \u015e\u0131x\u0259linin \u015f\u0259xsi arxivind\u0259n"},{"@type":"BreadcrumbList","@id":"https:\/\/www.meydan.tv\/az\/article\/jurnalist-islam-sixeli-mehkeme-onunde-saxlanilib\/#breadcrumb","itemListElement":[{"@type":"ListItem","position":1,"name":"Ana s\u0259hif\u0259","item":"https:\/\/www.meydan.tv\/az\/"},{"@type":"ListItem","position":2,"name":"Siyas\u0259t","item":"https:\/\/www.meydan.tv\/az\/section\/siyaset\/"},{"@type":"ListItem","position":3,"name":"Jurnalist \u0130slam \u015e\u0131x\u0259li m\u0259hk\u0259m\u0259 \u00f6n\u00fcnd\u0259 saxlan\u0131l\u0131b"}]},{"@type":"WebSite","@id":"https:\/\/www.meydan.tv\/az\/#website","url":"https:\/\/www.meydan.tv\/az\/","name":"MEYDAN.TV","description":"Meydan TV Az\u0259rbaycan\u0131n media m\u0259kan\u0131ndak\u0131 alternativ s\u0259sidir","publisher":{"@id":"https:\/\/www.meydan.tv\/az\/#organization"},"potentialAction":[{"@type":"SearchAction","target":{"@type":"EntryPoint","urlTemplate":"https:\/\/www.meydan.tv\/az\/?s={search_term_string}"},"query-input":{"@type":"PropertyValueSpecification","valueRequired":true,"valueName":"search_term_string"}}],"inLanguage":"az"},{"@type":"Organization","@id":"https:\/\/www.meydan.tv\/az\/#organization","name":"Meydan TV","url":"https:\/\/www.meydan.tv\/az\/","logo":{"@type":"ImageObject","inLanguage":"az","@id":"https:\/\/www.meydan.tv\/az\/#\/schema\/logo\/image\/","url":"https:\/\/www.meydan.tv\/wp-content\/uploads\/2021\/07\/meydan-logo.svg","contentUrl":"https:\/\/www.meydan.tv\/wp-content\/uploads\/2021\/07\/meydan-logo.svg","width":195,"height":46,"caption":"Meydan TV"},"image":{"@id":"https:\/\/www.meydan.tv\/az\/#\/schema\/logo\/image\/"}},{"@type":"Person","@id":"https:\/\/www.meydan.tv\/az\/#\/schema\/person\/09863e516102a829e72bedcf3f84c6b0","name":"mahmud"}]}},"_links":{"self":[{"href":"https:\/\/www.meydan.tv\/az\/wp-json\/wp\/v2\/posts\/291066","targetHints":{"allow":["GET"]}}],"collection":[{"href":"https:\/\/www.meydan.tv\/az\/wp-json\/wp\/v2\/posts"}],"about":[{"href":"https:\/\/www.meydan.tv\/az\/wp-json\/wp\/v2\/types\/post"}],"author":[{"embeddable":true,"href":"https:\/\/www.meydan.tv\/az\/wp-json\/wp\/v2\/users\/21"}],"replies":[{"embeddable":true,"href":"https:\/\/www.meydan.tv\/az\/wp-json\/wp\/v2\/comments?post=291066"}],"version-history":[{"count":2,"href":"https:\/\/www.meydan.tv\/az\/wp-json\/wp\/v2\/posts\/291066\/revisions"}],"predecessor-version":[{"id":291097,"href":"https:\/\/www.meydan.tv\/az\/wp-json\/wp\/v2\/posts\/291066\/revisions\/291097"}],"wp:featuredmedia":[{"embeddable":true,"href":"https:\/\/www.meydan.tv\/az\/wp-json\/wp\/v2\/media\/225784"}],"wp:attachment":[{"href":"https:\/\/www.meydan.tv\/az\/wp-json\/wp\/v2\/media?parent=291066"}],"wp:term":[{"taxonomy":"category","embeddable":true,"href":"https:\/\/www.meydan.tv\/az\/wp-json\/wp\/v2\/categories?post=291066"},{"taxonomy":"post_tag","embeddable":true,"href":"https:\/\/www.meydan.tv\/az\/wp-json\/wp\/v2\/tags?post=291066"}],"curies":[{"name":"wp","href":"https:\/\/api.w.org\/{rel}","templated":true}]}}