{"id":291009,"date":"2023-11-21T14:10:16","date_gmt":"2023-11-21T10:10:16","guid":{"rendered":"https:\/\/www.meydan.tv\/?p=291009"},"modified":"2023-11-21T14:10:19","modified_gmt":"2023-11-21T10:10:19","slug":"bas-prokurorluq-icra-hakimiyyetinde-emeliyyat-kecirib-saxlanilan-var","status":"publish","type":"post","link":"https:\/\/www.meydan.tv\/az\/article\/bas-prokurorluq-icra-hakimiyyetinde-emeliyyat-kecirib-saxlanilan-var\/","title":{"rendered":"Ba\u015f Prokurorluq icra hakimiyy\u0259tind\u0259 \u0259m\u0259liyyat ke\u00e7irib: saxlan\u0131lan var"},"content":{"rendered":"\n<p><\/p>\n\n\n\n<p><strong><em>\u015e\u00f6b\u0259 m\u00fcdiri r\u00fc\u015fv\u0259t almaqda \u015f\u00fcbh\u0259li bilinir<\/em><\/strong><\/p>\n\n\n\n<p>Prokurorluq Ab\u015feron Rayon \u0130cra Hakimiyy\u0259tind\u0259 \u0259m\u0259liyyat ke\u00e7irilib.<\/p>\n\n\n\n<p>\u018fm\u0259liyyat n\u0259tic\u0259sind\u0259 icra hakimiyy\u0259tinin \u018frazi \u0130dar\u0259etm\u0259 v\u0259 Yerli \u00d6z\u00fcn\u00fcidar\u0259etm\u0259 Orqanlar\u0131 il\u0259 i\u015f \u015f\u00f6b\u0259sinin ba\u015f m\u0259sl\u0259h\u0259t\u00e7isi Mirqas\u0131m Miri\u015fli \u015f\u00fcbh\u0259li \u015f\u0259xs qismind\u0259 saxlan\u0131l\u0131b.<\/p>\n\n\n\n<p>\u018fm\u0259liyyat\u0131 noyabr\u0131n 20-d\u0259 Korrupsiyaya Qar\u015f\u0131 M\u00fcbariz\u0259 \u0130dar\u0259sinin \u0259m\u0259kda\u015flar\u0131 ke\u00e7irib.<\/p>\n\n\n\n<p>Mirqas\u0131m Miri\u015fli saxland\u0131qdan sonra idar\u0259y\u0259 g\u0259tirilib.<\/p>\n\n\n\n<p>Meydan TV-nin \u0259ld\u0259 etdiyi m\u0259lumata g\u00f6r\u0259, idar\u0259d\u0259 Cinay\u0259t M\u0259c\u0259ll\u0259sinin 311-ci (r\u00fc\u015fv\u0259t alma) madd\u0259sil\u0259 cinay\u0259t i\u015fi ba\u015flan\u0131b.<\/p>\n\n\n\n<p>Ba\u015f Prokurorlu\u011fun M\u0259tbuat xidm\u0259ti Ab\u015feron Rayon \u0130cra Hakimiyy\u0259tind\u0259 \u0259m\u0259liyyat ke\u00e7irildiyini t\u0259sdiql\u0259s\u0259 d\u0259, \u0259trafl\u0131 m\u0259lumat verilm\u0259yib.<\/p>\n","protected":false},"excerpt":{"rendered":"<p>\u015e\u00f6b\u0259 m\u00fcdiri r\u00fc\u015fv\u0259t almaqda \u015f\u00fcbh\u0259li bilinir Prokurorluq Ab\u015feron Rayon \u0130cra &#8230; <\/p>\n<p class=\"read-more-container\"><a title=\"Ba\u015f Prokurorluq icra hakimiyy\u0259tind\u0259 \u0259m\u0259liyyat ke\u00e7irib: saxlan\u0131lan var\" class=\"read-more button\" href=\"https:\/\/www.meydan.tv\/az\/article\/bas-prokurorluq-icra-hakimiyyetinde-emeliyyat-kecirib-saxlanilan-var\/#more-291009\" aria-label=\"Read more about Ba\u015f Prokurorluq icra hakimiyy\u0259tind\u0259 \u0259m\u0259liyyat ke\u00e7irib: saxlan\u0131lan var\">Davam\u0131<\/a><\/p>\n","protected":false},"author":8,"featured_media":291010,"comment_status":"closed","ping_status":"closed","sticky":false,"template":"","format":"standard","meta":{"_acf_changed":false,"_sitemap_exclude":false,"_sitemap_priority":"","_sitemap_frequency":"","footnotes":""},"categories":[62,56],"tags":[],"class_list":["post-291009","post","type-post","status-publish","format-standard","has-post-thumbnail","hentry","category-sosial","category-xeberler","infinite-scroll-item","generate-columns","tablet-grid-50","mobile-grid-100","grid-parent","grid-33","no-featured-image-padding"],"acf":[],"yoast_head":"<!-- This site is optimized with the Yoast SEO plugin v27.5 - https:\/\/yoast.com\/product\/yoast-seo-wordpress\/ -->\n<title>Ba\u015f Prokurorluq icra hakimiyy\u0259tind\u0259 \u0259m\u0259liyyat ke\u00e7irib: saxlan\u0131lan var - MEYDAN.TV<\/title>\n<meta name=\"robots\" content=\"index, follow, max-snippet:-1, max-image-preview:large, max-video-preview:-1\" \/>\n<link rel=\"canonical\" href=\"https:\/\/www.meydan.tv\/az\/article\/bas-prokurorluq-icra-hakimiyyetinde-emeliyyat-kecirib-saxlanilan-var\/\" \/>\n<meta property=\"og:locale\" content=\"az_AZ\" \/>\n<meta property=\"og:type\" content=\"article\" \/>\n<meta property=\"og:title\" content=\"Ba\u015f Prokurorluq icra hakimiyy\u0259tind\u0259 \u0259m\u0259liyyat ke\u00e7irib: saxlan\u0131lan var - MEYDAN.TV\" \/>\n<meta property=\"og:description\" content=\"\u015e\u00f6b\u0259 m\u00fcdiri r\u00fc\u015fv\u0259t almaqda \u015f\u00fcbh\u0259li bilinir Prokurorluq Ab\u015feron Rayon \u0130cra ... Davam\u0131\" \/>\n<meta property=\"og:url\" content=\"https:\/\/www.meydan.tv\/az\/article\/bas-prokurorluq-icra-hakimiyyetinde-emeliyyat-kecirib-saxlanilan-var\/\" \/>\n<meta property=\"og:site_name\" content=\"MEYDAN.TV\" \/>\n<meta property=\"article:published_time\" content=\"2023-11-21T10:10:16+00:00\" \/>\n<meta property=\"article:modified_time\" content=\"2023-11-21T10:10:19+00:00\" \/>\n<meta property=\"og:image\" content=\"https:\/\/www.meydan.tv\/wp-content\/uploads\/1575922946_1562660445_ih.jpg\" \/>\n\t<meta property=\"og:image:width\" content=\"1200\" \/>\n\t<meta property=\"og:image:height\" content=\"712\" \/>\n\t<meta property=\"og:image:type\" content=\"image\/jpeg\" \/>\n<meta name=\"author\" content=\"elli\" \/>\n<meta name=\"twitter:card\" content=\"summary_large_image\" \/>\n<meta name=\"twitter:creator\" content=\"@elli\" \/>\n<script type=\"application\/ld+json\" class=\"yoast-schema-graph\">{\"@context\":\"https:\\\/\\\/schema.org\",\"@graph\":[{\"@type\":\"Article\",\"@id\":\"https:\\\/\\\/www.meydan.tv\\\/az\\\/article\\\/bas-prokurorluq-icra-hakimiyyetinde-emeliyyat-kecirib-saxlanilan-var\\\/#article\",\"isPartOf\":{\"@id\":\"https:\\\/\\\/www.meydan.tv\\\/az\\\/article\\\/bas-prokurorluq-icra-hakimiyyetinde-emeliyyat-kecirib-saxlanilan-var\\\/\"},\"author\":{\"name\":\"elli\",\"@id\":\"https:\\\/\\\/www.meydan.tv\\\/az\\\/#\\\/schema\\\/person\\\/9cdbecf90d17180ce1dfbd95b08dcf47\"},\"headline\":\"Ba\u015f Prokurorluq icra hakimiyy\u0259tind\u0259 \u0259m\u0259liyyat ke\u00e7irib: saxlan\u0131lan var\",\"datePublished\":\"2023-11-21T10:10:16+00:00\",\"dateModified\":\"2023-11-21T10:10:19+00:00\",\"mainEntityOfPage\":{\"@id\":\"https:\\\/\\\/www.meydan.tv\\\/az\\\/article\\\/bas-prokurorluq-icra-hakimiyyetinde-emeliyyat-kecirib-saxlanilan-var\\\/\"},\"wordCount\":155,\"publisher\":{\"@id\":\"https:\\\/\\\/www.meydan.tv\\\/az\\\/#organization\"},\"image\":{\"@id\":\"https:\\\/\\\/www.meydan.tv\\\/az\\\/article\\\/bas-prokurorluq-icra-hakimiyyetinde-emeliyyat-kecirib-saxlanilan-var\\\/#primaryimage\"},\"thumbnailUrl\":\"https:\\\/\\\/www.meydan.tv\\\/wp-content\\\/uploads\\\/1575922946_1562660445_ih.jpg\",\"articleSection\":[\"Sosial\",\"X\u0259b\u0259rl\u0259r\"],\"inLanguage\":\"az\"},{\"@type\":\"WebPage\",\"@id\":\"https:\\\/\\\/www.meydan.tv\\\/az\\\/article\\\/bas-prokurorluq-icra-hakimiyyetinde-emeliyyat-kecirib-saxlanilan-var\\\/\",\"url\":\"https:\\\/\\\/www.meydan.tv\\\/az\\\/article\\\/bas-prokurorluq-icra-hakimiyyetinde-emeliyyat-kecirib-saxlanilan-var\\\/\",\"name\":\"Ba\u015f Prokurorluq icra hakimiyy\u0259tind\u0259 \u0259m\u0259liyyat ke\u00e7irib: saxlan\u0131lan var - MEYDAN.TV\",\"isPartOf\":{\"@id\":\"https:\\\/\\\/www.meydan.tv\\\/az\\\/#website\"},\"primaryImageOfPage\":{\"@id\":\"https:\\\/\\\/www.meydan.tv\\\/az\\\/article\\\/bas-prokurorluq-icra-hakimiyyetinde-emeliyyat-kecirib-saxlanilan-var\\\/#primaryimage\"},\"image\":{\"@id\":\"https:\\\/\\\/www.meydan.tv\\\/az\\\/article\\\/bas-prokurorluq-icra-hakimiyyetinde-emeliyyat-kecirib-saxlanilan-var\\\/#primaryimage\"},\"thumbnailUrl\":\"https:\\\/\\\/www.meydan.tv\\\/wp-content\\\/uploads\\\/1575922946_1562660445_ih.jpg\",\"datePublished\":\"2023-11-21T10:10:16+00:00\",\"dateModified\":\"2023-11-21T10:10:19+00:00\",\"breadcrumb\":{\"@id\":\"https:\\\/\\\/www.meydan.tv\\\/az\\\/article\\\/bas-prokurorluq-icra-hakimiyyetinde-emeliyyat-kecirib-saxlanilan-var\\\/#breadcrumb\"},\"inLanguage\":\"az\",\"potentialAction\":[{\"@type\":\"ReadAction\",\"target\":[\"https:\\\/\\\/www.meydan.tv\\\/az\\\/article\\\/bas-prokurorluq-icra-hakimiyyetinde-emeliyyat-kecirib-saxlanilan-var\\\/\"]}]},{\"@type\":\"ImageObject\",\"inLanguage\":\"az\",\"@id\":\"https:\\\/\\\/www.meydan.tv\\\/az\\\/article\\\/bas-prokurorluq-icra-hakimiyyetinde-emeliyyat-kecirib-saxlanilan-var\\\/#primaryimage\",\"url\":\"https:\\\/\\\/www.meydan.tv\\\/wp-content\\\/uploads\\\/1575922946_1562660445_ih.jpg\",\"contentUrl\":\"https:\\\/\\\/www.meydan.tv\\\/wp-content\\\/uploads\\\/1575922946_1562660445_ih.jpg\",\"width\":1200,\"height\":712,\"caption\":\"Ab\u015feron Rayon \u0130cra Hakimiyy\u0259ti. Foto: Ab\u015feron Rayon \u0130cra Hakimiyy\u0259ti\"},{\"@type\":\"BreadcrumbList\",\"@id\":\"https:\\\/\\\/www.meydan.tv\\\/az\\\/article\\\/bas-prokurorluq-icra-hakimiyyetinde-emeliyyat-kecirib-saxlanilan-var\\\/#breadcrumb\",\"itemListElement\":[{\"@type\":\"ListItem\",\"position\":1,\"name\":\"Ana s\u0259hif\u0259\",\"item\":\"https:\\\/\\\/www.meydan.tv\\\/az\\\/\"},{\"@type\":\"ListItem\",\"position\":2,\"name\":\"Sosial\",\"item\":\"https:\\\/\\\/www.meydan.tv\\\/az\\\/section\\\/sosial\\\/\"},{\"@type\":\"ListItem\",\"position\":3,\"name\":\"Ba\u015f Prokurorluq icra hakimiyy\u0259tind\u0259 \u0259m\u0259liyyat ke\u00e7irib: saxlan\u0131lan var\"}]},{\"@type\":\"WebSite\",\"@id\":\"https:\\\/\\\/www.meydan.tv\\\/az\\\/#website\",\"url\":\"https:\\\/\\\/www.meydan.tv\\\/az\\\/\",\"name\":\"MEYDAN.TV\",\"description\":\"Meydan TV Az\u0259rbaycan\u0131n media m\u0259kan\u0131ndak\u0131 alternativ s\u0259sidir\",\"publisher\":{\"@id\":\"https:\\\/\\\/www.meydan.tv\\\/az\\\/#organization\"},\"potentialAction\":[{\"@type\":\"SearchAction\",\"target\":{\"@type\":\"EntryPoint\",\"urlTemplate\":\"https:\\\/\\\/www.meydan.tv\\\/az\\\/?s={search_term_string}\"},\"query-input\":{\"@type\":\"PropertyValueSpecification\",\"valueRequired\":true,\"valueName\":\"search_term_string\"}}],\"inLanguage\":\"az\"},{\"@type\":\"Organization\",\"@id\":\"https:\\\/\\\/www.meydan.tv\\\/az\\\/#organization\",\"name\":\"Meydan TV\",\"url\":\"https:\\\/\\\/www.meydan.tv\\\/az\\\/\",\"logo\":{\"@type\":\"ImageObject\",\"inLanguage\":\"az\",\"@id\":\"https:\\\/\\\/www.meydan.tv\\\/az\\\/#\\\/schema\\\/logo\\\/image\\\/\",\"url\":\"https:\\\/\\\/www.meydan.tv\\\/wp-content\\\/uploads\\\/2021\\\/07\\\/meydan-logo.svg\",\"contentUrl\":\"https:\\\/\\\/www.meydan.tv\\\/wp-content\\\/uploads\\\/2021\\\/07\\\/meydan-logo.svg\",\"width\":195,\"height\":46,\"caption\":\"Meydan TV\"},\"image\":{\"@id\":\"https:\\\/\\\/www.meydan.tv\\\/az\\\/#\\\/schema\\\/logo\\\/image\\\/\"}},{\"@type\":\"Person\",\"@id\":\"https:\\\/\\\/www.meydan.tv\\\/az\\\/#\\\/schema\\\/person\\\/9cdbecf90d17180ce1dfbd95b08dcf47\",\"name\":\"elli\",\"sameAs\":[\"https:\\\/\\\/x.com\\\/elli\"]}]}<\/script>\n<!-- \/ Yoast SEO plugin. -->","yoast_head_json":{"title":"Ba\u015f Prokurorluq icra hakimiyy\u0259tind\u0259 \u0259m\u0259liyyat ke\u00e7irib: saxlan\u0131lan var - MEYDAN.TV","robots":{"index":"index","follow":"follow","max-snippet":"max-snippet:-1","max-image-preview":"max-image-preview:large","max-video-preview":"max-video-preview:-1"},"canonical":"https:\/\/www.meydan.tv\/az\/article\/bas-prokurorluq-icra-hakimiyyetinde-emeliyyat-kecirib-saxlanilan-var\/","og_locale":"az_AZ","og_type":"article","og_title":"Ba\u015f Prokurorluq icra hakimiyy\u0259tind\u0259 \u0259m\u0259liyyat ke\u00e7irib: saxlan\u0131lan var - MEYDAN.TV","og_description":"\u015e\u00f6b\u0259 m\u00fcdiri r\u00fc\u015fv\u0259t almaqda \u015f\u00fcbh\u0259li bilinir Prokurorluq Ab\u015feron Rayon \u0130cra ... Davam\u0131","og_url":"https:\/\/www.meydan.tv\/az\/article\/bas-prokurorluq-icra-hakimiyyetinde-emeliyyat-kecirib-saxlanilan-var\/","og_site_name":"MEYDAN.TV","article_published_time":"2023-11-21T10:10:16+00:00","article_modified_time":"2023-11-21T10:10:19+00:00","og_image":[{"width":1200,"height":712,"url":"https:\/\/www.meydan.tv\/wp-content\/uploads\/1575922946_1562660445_ih.jpg","type":"image\/jpeg"}],"author":"elli","twitter_card":"summary_large_image","twitter_creator":"@elli","schema":{"@context":"https:\/\/schema.org","@graph":[{"@type":"Article","@id":"https:\/\/www.meydan.tv\/az\/article\/bas-prokurorluq-icra-hakimiyyetinde-emeliyyat-kecirib-saxlanilan-var\/#article","isPartOf":{"@id":"https:\/\/www.meydan.tv\/az\/article\/bas-prokurorluq-icra-hakimiyyetinde-emeliyyat-kecirib-saxlanilan-var\/"},"author":{"name":"elli","@id":"https:\/\/www.meydan.tv\/az\/#\/schema\/person\/9cdbecf90d17180ce1dfbd95b08dcf47"},"headline":"Ba\u015f Prokurorluq icra hakimiyy\u0259tind\u0259 \u0259m\u0259liyyat ke\u00e7irib: saxlan\u0131lan var","datePublished":"2023-11-21T10:10:16+00:00","dateModified":"2023-11-21T10:10:19+00:00","mainEntityOfPage":{"@id":"https:\/\/www.meydan.tv\/az\/article\/bas-prokurorluq-icra-hakimiyyetinde-emeliyyat-kecirib-saxlanilan-var\/"},"wordCount":155,"publisher":{"@id":"https:\/\/www.meydan.tv\/az\/#organization"},"image":{"@id":"https:\/\/www.meydan.tv\/az\/article\/bas-prokurorluq-icra-hakimiyyetinde-emeliyyat-kecirib-saxlanilan-var\/#primaryimage"},"thumbnailUrl":"https:\/\/www.meydan.tv\/wp-content\/uploads\/1575922946_1562660445_ih.jpg","articleSection":["Sosial","X\u0259b\u0259rl\u0259r"],"inLanguage":"az"},{"@type":"WebPage","@id":"https:\/\/www.meydan.tv\/az\/article\/bas-prokurorluq-icra-hakimiyyetinde-emeliyyat-kecirib-saxlanilan-var\/","url":"https:\/\/www.meydan.tv\/az\/article\/bas-prokurorluq-icra-hakimiyyetinde-emeliyyat-kecirib-saxlanilan-var\/","name":"Ba\u015f Prokurorluq icra hakimiyy\u0259tind\u0259 \u0259m\u0259liyyat ke\u00e7irib: saxlan\u0131lan var - MEYDAN.TV","isPartOf":{"@id":"https:\/\/www.meydan.tv\/az\/#website"},"primaryImageOfPage":{"@id":"https:\/\/www.meydan.tv\/az\/article\/bas-prokurorluq-icra-hakimiyyetinde-emeliyyat-kecirib-saxlanilan-var\/#primaryimage"},"image":{"@id":"https:\/\/www.meydan.tv\/az\/article\/bas-prokurorluq-icra-hakimiyyetinde-emeliyyat-kecirib-saxlanilan-var\/#primaryimage"},"thumbnailUrl":"https:\/\/www.meydan.tv\/wp-content\/uploads\/1575922946_1562660445_ih.jpg","datePublished":"2023-11-21T10:10:16+00:00","dateModified":"2023-11-21T10:10:19+00:00","breadcrumb":{"@id":"https:\/\/www.meydan.tv\/az\/article\/bas-prokurorluq-icra-hakimiyyetinde-emeliyyat-kecirib-saxlanilan-var\/#breadcrumb"},"inLanguage":"az","potentialAction":[{"@type":"ReadAction","target":["https:\/\/www.meydan.tv\/az\/article\/bas-prokurorluq-icra-hakimiyyetinde-emeliyyat-kecirib-saxlanilan-var\/"]}]},{"@type":"ImageObject","inLanguage":"az","@id":"https:\/\/www.meydan.tv\/az\/article\/bas-prokurorluq-icra-hakimiyyetinde-emeliyyat-kecirib-saxlanilan-var\/#primaryimage","url":"https:\/\/www.meydan.tv\/wp-content\/uploads\/1575922946_1562660445_ih.jpg","contentUrl":"https:\/\/www.meydan.tv\/wp-content\/uploads\/1575922946_1562660445_ih.jpg","width":1200,"height":712,"caption":"Ab\u015feron Rayon \u0130cra Hakimiyy\u0259ti. Foto: Ab\u015feron Rayon \u0130cra Hakimiyy\u0259ti"},{"@type":"BreadcrumbList","@id":"https:\/\/www.meydan.tv\/az\/article\/bas-prokurorluq-icra-hakimiyyetinde-emeliyyat-kecirib-saxlanilan-var\/#breadcrumb","itemListElement":[{"@type":"ListItem","position":1,"name":"Ana s\u0259hif\u0259","item":"https:\/\/www.meydan.tv\/az\/"},{"@type":"ListItem","position":2,"name":"Sosial","item":"https:\/\/www.meydan.tv\/az\/section\/sosial\/"},{"@type":"ListItem","position":3,"name":"Ba\u015f Prokurorluq icra hakimiyy\u0259tind\u0259 \u0259m\u0259liyyat ke\u00e7irib: saxlan\u0131lan var"}]},{"@type":"WebSite","@id":"https:\/\/www.meydan.tv\/az\/#website","url":"https:\/\/www.meydan.tv\/az\/","name":"MEYDAN.TV","description":"Meydan TV Az\u0259rbaycan\u0131n media m\u0259kan\u0131ndak\u0131 alternativ s\u0259sidir","publisher":{"@id":"https:\/\/www.meydan.tv\/az\/#organization"},"potentialAction":[{"@type":"SearchAction","target":{"@type":"EntryPoint","urlTemplate":"https:\/\/www.meydan.tv\/az\/?s={search_term_string}"},"query-input":{"@type":"PropertyValueSpecification","valueRequired":true,"valueName":"search_term_string"}}],"inLanguage":"az"},{"@type":"Organization","@id":"https:\/\/www.meydan.tv\/az\/#organization","name":"Meydan TV","url":"https:\/\/www.meydan.tv\/az\/","logo":{"@type":"ImageObject","inLanguage":"az","@id":"https:\/\/www.meydan.tv\/az\/#\/schema\/logo\/image\/","url":"https:\/\/www.meydan.tv\/wp-content\/uploads\/2021\/07\/meydan-logo.svg","contentUrl":"https:\/\/www.meydan.tv\/wp-content\/uploads\/2021\/07\/meydan-logo.svg","width":195,"height":46,"caption":"Meydan TV"},"image":{"@id":"https:\/\/www.meydan.tv\/az\/#\/schema\/logo\/image\/"}},{"@type":"Person","@id":"https:\/\/www.meydan.tv\/az\/#\/schema\/person\/9cdbecf90d17180ce1dfbd95b08dcf47","name":"elli","sameAs":["https:\/\/x.com\/elli"]}]}},"_links":{"self":[{"href":"https:\/\/www.meydan.tv\/az\/wp-json\/wp\/v2\/posts\/291009","targetHints":{"allow":["GET"]}}],"collection":[{"href":"https:\/\/www.meydan.tv\/az\/wp-json\/wp\/v2\/posts"}],"about":[{"href":"https:\/\/www.meydan.tv\/az\/wp-json\/wp\/v2\/types\/post"}],"author":[{"embeddable":true,"href":"https:\/\/www.meydan.tv\/az\/wp-json\/wp\/v2\/users\/8"}],"replies":[{"embeddable":true,"href":"https:\/\/www.meydan.tv\/az\/wp-json\/wp\/v2\/comments?post=291009"}],"version-history":[{"count":1,"href":"https:\/\/www.meydan.tv\/az\/wp-json\/wp\/v2\/posts\/291009\/revisions"}],"predecessor-version":[{"id":291013,"href":"https:\/\/www.meydan.tv\/az\/wp-json\/wp\/v2\/posts\/291009\/revisions\/291013"}],"wp:featuredmedia":[{"embeddable":true,"href":"https:\/\/www.meydan.tv\/az\/wp-json\/wp\/v2\/media\/291010"}],"wp:attachment":[{"href":"https:\/\/www.meydan.tv\/az\/wp-json\/wp\/v2\/media?parent=291009"}],"wp:term":[{"taxonomy":"category","embeddable":true,"href":"https:\/\/www.meydan.tv\/az\/wp-json\/wp\/v2\/categories?post=291009"},{"taxonomy":"post_tag","embeddable":true,"href":"https:\/\/www.meydan.tv\/az\/wp-json\/wp\/v2\/tags?post=291009"}],"curies":[{"name":"wp","href":"https:\/\/api.w.org\/{rel}","templated":true}]}}