{"id":290926,"date":"2023-11-20T18:01:12","date_gmt":"2023-11-20T14:01:12","guid":{"rendered":"https:\/\/www.meydan.tv\/?p=290926"},"modified":"2023-11-20T18:01:15","modified_gmt":"2023-11-20T14:01:15","slug":"rusiya-eurovision-2016nin-qalibini-axtarisa-verib","status":"publish","type":"post","link":"https:\/\/www.meydan.tv\/az\/article\/rusiya-eurovision-2016nin-qalibini-axtarisa-verib\/","title":{"rendered":"Rusiya \u201cEurovision-2016\u201dn\u0131n qalibini axtar\u0131\u015fa verib"},"content":{"rendered":"\n<p><\/p>\n\n\n\n<p><strong><em>Camalan\u0131n hans\u0131 madd\u0259l\u0259rl\u0259 axtar\u0131\u015fa verildiyi r\u0259smi a\u00e7\u0131qlanm\u0131r<\/em><\/strong><\/p>\n\n\n\n<p>Rusiya Daxili \u0130\u015fl\u0259r Nazirliyinin ukraynal\u0131 m\u00fc\u011f\u0259nni, \u201cEurovision-2016\u201dn\u0131n qalibi Camalan\u0131 (\u0259sl ad\u0131 Susana Camaladinova) axtar\u0131\u015fa verdiyi bildirilir.<\/p>\n\n\n\n<p>\u201cTass\u201d yaz\u0131r ki, bu bar\u0259d\u0259 nazirliyin axtar\u0131\u015f m\u0259lumat bazas\u0131nda m\u0259lumat <a href=\"https:\/\/tass.ru\/proisshestviya\/19327549\">yerl\u0259\u015fdirilib.<\/a><\/p>\n\n\n\n<p>Axtar\u0131\u015f bazas\u0131nda i\u015fin Cinay\u0259t M\u0259c\u0259ll\u0259sinin hans\u0131 madd\u0259si il\u0259 a\u00e7\u0131ld\u0131\u011f\u0131 g\u00f6st\u0259rilmir.<\/p>\n\n\n\n<p>\u201cMediazona\u201dn\u0131n m\u0259lumat\u0131na g\u00f6r\u0259, m\u00fc\u011f\u0259nni Rusiya ordusu haqq\u0131nda saxta m\u0259lumatlar yaymaqda (Rusiya Federasiyas\u0131 Cinay\u0259t M\u0259c\u0259ll\u0259sinin 207.3-c\u00fc madd\u0259sinin 1-ci hiss\u0259si) ittiham olunur v\u0259 o, 2023-c\u00fc il oktyabr\u0131n ortalar\u0131ndan <a href=\"https:\/\/zona.media\/news\/2023\/11\/20\/jamala\">axtar\u0131\u015fdad\u0131r.<\/a><\/p>\n\n\n\n<p>2016-c\u0131 ild\u0259 Ukraynan\u0131 t\u0259msil ed\u0259n Camala Kr\u0131m tatarlar\u0131n\u0131n deportasiyas\u0131ndan b\u0259hs ed\u0259n \u201c1944\u201d mahn\u0131s\u0131 il\u0259 \u201cEurovision\u201dm\u00fcsabiq\u0259sinin qalibi olub.<\/p>\n\n\n\n<p>Camala Rusiyan\u0131n Ukraynada h\u0259rbi \u0259m\u0259liyyatlar\u0131na qar\u015f\u0131 \u00e7\u0131xan m\u00fc\u011f\u0259nnil\u0259rd\u0259n olub.<\/p>\n\n\n\n<p>2022-ci ilin aprelind\u0259 o, 50 il m\u00fcdd\u0259tin\u0259 Rusiyaya giri\u015fi qada\u011fan edil\u0259n ukraynal\u0131 s\u0259n\u0259t\u00e7il\u0259rin siyah\u0131s\u0131na daxil edilib.<\/p>\n\n\n\n<p>Rusiya 2022-ci il fevral\u0131n 24-d\u0259 Ukraynaya qar\u015f\u0131 m\u00fcharib\u0259y\u0259 ba\u015flay\u0131b.<\/p>\n\n\n\n<p>Bundan sonra Avropada Rusiya m\u0259d\u0259niyy\u0259ti boykot edilib.<\/p>\n\n\n\n<p>H\u0259m\u00e7inin bir s\u0131ra beyn\u0259lxalq kino v\u0259 musiqi \u015firk\u0259tl\u0259ri, h\u0259m\u00e7inin festivallar\u0131 Rusiya il\u0259 m\u0259d\u0259ni \u0259laq\u0259l\u0259ri k\u0259sibl\u0259r.<\/p>\n\n\n\n<p>Rusiyan\u0131n b\u0259zi m\u00fc\u011f\u0259nni, apar\u0131c\u0131 v\u0259 aktyorlar\u0131 Ukraynadak\u0131 m\u00fcharib\u0259y\u0259 qar\u015f\u0131 \u00e7\u0131x\u0131blar.<\/p>\n\n\n\n<p>Onlardan bir ne\u00e7\u0259si Rusiyan\u0131 t\u0259rk edib.<\/p>\n","protected":false},"excerpt":{"rendered":"<p>Camalan\u0131n hans\u0131 madd\u0259l\u0259rl\u0259 axtar\u0131\u015fa verildiyi r\u0259smi a\u00e7\u0131qlanm\u0131r Rusiya Daxili \u0130\u015fl\u0259r &#8230; <\/p>\n<p class=\"read-more-container\"><a title=\"Rusiya \u201cEurovision-2016\u201dn\u0131n qalibini axtar\u0131\u015fa verib\" class=\"read-more button\" href=\"https:\/\/www.meydan.tv\/az\/article\/rusiya-eurovision-2016nin-qalibini-axtarisa-verib\/#more-290926\" aria-label=\"Read more about Rusiya \u201cEurovision-2016\u201dn\u0131n qalibini axtar\u0131\u015fa verib\">Davam\u0131<\/a><\/p>\n","protected":false},"author":8,"featured_media":290927,"comment_status":"closed","ping_status":"closed","sticky":false,"template":"","format":"standard","meta":{"_acf_changed":false,"_sitemap_exclude":false,"_sitemap_priority":"","_sitemap_frequency":"","footnotes":""},"categories":[52,56],"tags":[],"class_list":["post-290926","post","type-post","status-publish","format-standard","has-post-thumbnail","hentry","category-medeniyyet","category-xeberler","infinite-scroll-item","generate-columns","tablet-grid-50","mobile-grid-100","grid-parent","grid-33","no-featured-image-padding"],"acf":[],"yoast_head":"<!-- This site is optimized with the Yoast SEO plugin v27.4 - https:\/\/yoast.com\/product\/yoast-seo-wordpress\/ -->\n<title>Rusiya \u201cEurovision-2016\u201dn\u0131n qalibini axtar\u0131\u015fa verib - MEYDAN.TV<\/title>\n<meta name=\"robots\" content=\"index, follow, max-snippet:-1, max-image-preview:large, max-video-preview:-1\" \/>\n<link rel=\"canonical\" href=\"https:\/\/www.meydan.tv\/az\/article\/rusiya-eurovision-2016nin-qalibini-axtarisa-verib\/\" \/>\n<meta property=\"og:locale\" content=\"az_AZ\" \/>\n<meta property=\"og:type\" content=\"article\" \/>\n<meta property=\"og:title\" content=\"Rusiya \u201cEurovision-2016\u201dn\u0131n qalibini axtar\u0131\u015fa verib - MEYDAN.TV\" \/>\n<meta property=\"og:description\" content=\"Camalan\u0131n hans\u0131 madd\u0259l\u0259rl\u0259 axtar\u0131\u015fa verildiyi r\u0259smi a\u00e7\u0131qlanm\u0131r Rusiya Daxili \u0130\u015fl\u0259r ... Davam\u0131\" \/>\n<meta property=\"og:url\" content=\"https:\/\/www.meydan.tv\/az\/article\/rusiya-eurovision-2016nin-qalibini-axtarisa-verib\/\" \/>\n<meta property=\"og:site_name\" content=\"MEYDAN.TV\" \/>\n<meta property=\"article:published_time\" content=\"2023-11-20T14:01:12+00:00\" \/>\n<meta property=\"article:modified_time\" content=\"2023-11-20T14:01:15+00:00\" \/>\n<meta property=\"og:image\" content=\"https:\/\/www.meydan.tv\/wp-content\/uploads\/655b0587e737a3.20250776-e1700488699147.jpg\" \/>\n\t<meta property=\"og:image:width\" content=\"1200\" \/>\n\t<meta property=\"og:image:height\" content=\"572\" \/>\n\t<meta property=\"og:image:type\" content=\"image\/jpeg\" \/>\n<meta name=\"author\" content=\"elli\" \/>\n<meta name=\"twitter:card\" content=\"summary_large_image\" \/>\n<meta name=\"twitter:creator\" content=\"@elli\" \/>\n<script type=\"application\/ld+json\" class=\"yoast-schema-graph\">{\"@context\":\"https:\\\/\\\/schema.org\",\"@graph\":[{\"@type\":\"Article\",\"@id\":\"https:\\\/\\\/www.meydan.tv\\\/az\\\/article\\\/rusiya-eurovision-2016nin-qalibini-axtarisa-verib\\\/#article\",\"isPartOf\":{\"@id\":\"https:\\\/\\\/www.meydan.tv\\\/az\\\/article\\\/rusiya-eurovision-2016nin-qalibini-axtarisa-verib\\\/\"},\"author\":{\"name\":\"elli\",\"@id\":\"https:\\\/\\\/www.meydan.tv\\\/az\\\/#\\\/schema\\\/person\\\/9cdbecf90d17180ce1dfbd95b08dcf47\"},\"headline\":\"Rusiya \u201cEurovision-2016\u201dn\u0131n qalibini axtar\u0131\u015fa verib\",\"datePublished\":\"2023-11-20T14:01:12+00:00\",\"dateModified\":\"2023-11-20T14:01:15+00:00\",\"mainEntityOfPage\":{\"@id\":\"https:\\\/\\\/www.meydan.tv\\\/az\\\/article\\\/rusiya-eurovision-2016nin-qalibini-axtarisa-verib\\\/\"},\"wordCount\":273,\"publisher\":{\"@id\":\"https:\\\/\\\/www.meydan.tv\\\/az\\\/#organization\"},\"image\":{\"@id\":\"https:\\\/\\\/www.meydan.tv\\\/az\\\/article\\\/rusiya-eurovision-2016nin-qalibini-axtarisa-verib\\\/#primaryimage\"},\"thumbnailUrl\":\"https:\\\/\\\/www.meydan.tv\\\/wp-content\\\/uploads\\\/655b0587e737a3.20250776-e1700488699147.jpg\",\"articleSection\":[\"M\u0259d\u0259niyy\u0259t\",\"X\u0259b\u0259rl\u0259r\"],\"inLanguage\":\"az\"},{\"@type\":\"WebPage\",\"@id\":\"https:\\\/\\\/www.meydan.tv\\\/az\\\/article\\\/rusiya-eurovision-2016nin-qalibini-axtarisa-verib\\\/\",\"url\":\"https:\\\/\\\/www.meydan.tv\\\/az\\\/article\\\/rusiya-eurovision-2016nin-qalibini-axtarisa-verib\\\/\",\"name\":\"Rusiya \u201cEurovision-2016\u201dn\u0131n qalibini axtar\u0131\u015fa verib - MEYDAN.TV\",\"isPartOf\":{\"@id\":\"https:\\\/\\\/www.meydan.tv\\\/az\\\/#website\"},\"primaryImageOfPage\":{\"@id\":\"https:\\\/\\\/www.meydan.tv\\\/az\\\/article\\\/rusiya-eurovision-2016nin-qalibini-axtarisa-verib\\\/#primaryimage\"},\"image\":{\"@id\":\"https:\\\/\\\/www.meydan.tv\\\/az\\\/article\\\/rusiya-eurovision-2016nin-qalibini-axtarisa-verib\\\/#primaryimage\"},\"thumbnailUrl\":\"https:\\\/\\\/www.meydan.tv\\\/wp-content\\\/uploads\\\/655b0587e737a3.20250776-e1700488699147.jpg\",\"datePublished\":\"2023-11-20T14:01:12+00:00\",\"dateModified\":\"2023-11-20T14:01:15+00:00\",\"breadcrumb\":{\"@id\":\"https:\\\/\\\/www.meydan.tv\\\/az\\\/article\\\/rusiya-eurovision-2016nin-qalibini-axtarisa-verib\\\/#breadcrumb\"},\"inLanguage\":\"az\",\"potentialAction\":[{\"@type\":\"ReadAction\",\"target\":[\"https:\\\/\\\/www.meydan.tv\\\/az\\\/article\\\/rusiya-eurovision-2016nin-qalibini-axtarisa-verib\\\/\"]}]},{\"@type\":\"ImageObject\",\"inLanguage\":\"az\",\"@id\":\"https:\\\/\\\/www.meydan.tv\\\/az\\\/article\\\/rusiya-eurovision-2016nin-qalibini-axtarisa-verib\\\/#primaryimage\",\"url\":\"https:\\\/\\\/www.meydan.tv\\\/wp-content\\\/uploads\\\/655b0587e737a3.20250776-e1700488699147.jpg\",\"contentUrl\":\"https:\\\/\\\/www.meydan.tv\\\/wp-content\\\/uploads\\\/655b0587e737a3.20250776-e1700488699147.jpg\",\"width\":1200,\"height\":572,\"caption\":\"Susana Camaladinova. Foto: sosial \u015f\u0259b\u0259k\u0259\"},{\"@type\":\"BreadcrumbList\",\"@id\":\"https:\\\/\\\/www.meydan.tv\\\/az\\\/article\\\/rusiya-eurovision-2016nin-qalibini-axtarisa-verib\\\/#breadcrumb\",\"itemListElement\":[{\"@type\":\"ListItem\",\"position\":1,\"name\":\"Ana s\u0259hif\u0259\",\"item\":\"https:\\\/\\\/www.meydan.tv\\\/az\\\/\"},{\"@type\":\"ListItem\",\"position\":2,\"name\":\"M\u0259d\u0259niyy\u0259t\",\"item\":\"https:\\\/\\\/www.meydan.tv\\\/az\\\/section\\\/medeniyyet\\\/\"},{\"@type\":\"ListItem\",\"position\":3,\"name\":\"Rusiya \u201cEurovision-2016\u201dn\u0131n qalibini axtar\u0131\u015fa verib\"}]},{\"@type\":\"WebSite\",\"@id\":\"https:\\\/\\\/www.meydan.tv\\\/az\\\/#website\",\"url\":\"https:\\\/\\\/www.meydan.tv\\\/az\\\/\",\"name\":\"MEYDAN.TV\",\"description\":\"Meydan TV Az\u0259rbaycan\u0131n media m\u0259kan\u0131ndak\u0131 alternativ s\u0259sidir\",\"publisher\":{\"@id\":\"https:\\\/\\\/www.meydan.tv\\\/az\\\/#organization\"},\"potentialAction\":[{\"@type\":\"SearchAction\",\"target\":{\"@type\":\"EntryPoint\",\"urlTemplate\":\"https:\\\/\\\/www.meydan.tv\\\/az\\\/?s={search_term_string}\"},\"query-input\":{\"@type\":\"PropertyValueSpecification\",\"valueRequired\":true,\"valueName\":\"search_term_string\"}}],\"inLanguage\":\"az\"},{\"@type\":\"Organization\",\"@id\":\"https:\\\/\\\/www.meydan.tv\\\/az\\\/#organization\",\"name\":\"Meydan TV\",\"url\":\"https:\\\/\\\/www.meydan.tv\\\/az\\\/\",\"logo\":{\"@type\":\"ImageObject\",\"inLanguage\":\"az\",\"@id\":\"https:\\\/\\\/www.meydan.tv\\\/az\\\/#\\\/schema\\\/logo\\\/image\\\/\",\"url\":\"https:\\\/\\\/www.meydan.tv\\\/wp-content\\\/uploads\\\/2021\\\/07\\\/meydan-logo.svg\",\"contentUrl\":\"https:\\\/\\\/www.meydan.tv\\\/wp-content\\\/uploads\\\/2021\\\/07\\\/meydan-logo.svg\",\"width\":195,\"height\":46,\"caption\":\"Meydan TV\"},\"image\":{\"@id\":\"https:\\\/\\\/www.meydan.tv\\\/az\\\/#\\\/schema\\\/logo\\\/image\\\/\"}},{\"@type\":\"Person\",\"@id\":\"https:\\\/\\\/www.meydan.tv\\\/az\\\/#\\\/schema\\\/person\\\/9cdbecf90d17180ce1dfbd95b08dcf47\",\"name\":\"elli\",\"sameAs\":[\"https:\\\/\\\/x.com\\\/elli\"]}]}<\/script>\n<!-- \/ Yoast SEO plugin. -->","yoast_head_json":{"title":"Rusiya \u201cEurovision-2016\u201dn\u0131n qalibini axtar\u0131\u015fa verib - MEYDAN.TV","robots":{"index":"index","follow":"follow","max-snippet":"max-snippet:-1","max-image-preview":"max-image-preview:large","max-video-preview":"max-video-preview:-1"},"canonical":"https:\/\/www.meydan.tv\/az\/article\/rusiya-eurovision-2016nin-qalibini-axtarisa-verib\/","og_locale":"az_AZ","og_type":"article","og_title":"Rusiya \u201cEurovision-2016\u201dn\u0131n qalibini axtar\u0131\u015fa verib - MEYDAN.TV","og_description":"Camalan\u0131n hans\u0131 madd\u0259l\u0259rl\u0259 axtar\u0131\u015fa verildiyi r\u0259smi a\u00e7\u0131qlanm\u0131r Rusiya Daxili \u0130\u015fl\u0259r ... Davam\u0131","og_url":"https:\/\/www.meydan.tv\/az\/article\/rusiya-eurovision-2016nin-qalibini-axtarisa-verib\/","og_site_name":"MEYDAN.TV","article_published_time":"2023-11-20T14:01:12+00:00","article_modified_time":"2023-11-20T14:01:15+00:00","og_image":[{"width":1200,"height":572,"url":"https:\/\/www.meydan.tv\/wp-content\/uploads\/655b0587e737a3.20250776-e1700488699147.jpg","type":"image\/jpeg"}],"author":"elli","twitter_card":"summary_large_image","twitter_creator":"@elli","schema":{"@context":"https:\/\/schema.org","@graph":[{"@type":"Article","@id":"https:\/\/www.meydan.tv\/az\/article\/rusiya-eurovision-2016nin-qalibini-axtarisa-verib\/#article","isPartOf":{"@id":"https:\/\/www.meydan.tv\/az\/article\/rusiya-eurovision-2016nin-qalibini-axtarisa-verib\/"},"author":{"name":"elli","@id":"https:\/\/www.meydan.tv\/az\/#\/schema\/person\/9cdbecf90d17180ce1dfbd95b08dcf47"},"headline":"Rusiya \u201cEurovision-2016\u201dn\u0131n qalibini axtar\u0131\u015fa verib","datePublished":"2023-11-20T14:01:12+00:00","dateModified":"2023-11-20T14:01:15+00:00","mainEntityOfPage":{"@id":"https:\/\/www.meydan.tv\/az\/article\/rusiya-eurovision-2016nin-qalibini-axtarisa-verib\/"},"wordCount":273,"publisher":{"@id":"https:\/\/www.meydan.tv\/az\/#organization"},"image":{"@id":"https:\/\/www.meydan.tv\/az\/article\/rusiya-eurovision-2016nin-qalibini-axtarisa-verib\/#primaryimage"},"thumbnailUrl":"https:\/\/www.meydan.tv\/wp-content\/uploads\/655b0587e737a3.20250776-e1700488699147.jpg","articleSection":["M\u0259d\u0259niyy\u0259t","X\u0259b\u0259rl\u0259r"],"inLanguage":"az"},{"@type":"WebPage","@id":"https:\/\/www.meydan.tv\/az\/article\/rusiya-eurovision-2016nin-qalibini-axtarisa-verib\/","url":"https:\/\/www.meydan.tv\/az\/article\/rusiya-eurovision-2016nin-qalibini-axtarisa-verib\/","name":"Rusiya \u201cEurovision-2016\u201dn\u0131n qalibini axtar\u0131\u015fa verib - MEYDAN.TV","isPartOf":{"@id":"https:\/\/www.meydan.tv\/az\/#website"},"primaryImageOfPage":{"@id":"https:\/\/www.meydan.tv\/az\/article\/rusiya-eurovision-2016nin-qalibini-axtarisa-verib\/#primaryimage"},"image":{"@id":"https:\/\/www.meydan.tv\/az\/article\/rusiya-eurovision-2016nin-qalibini-axtarisa-verib\/#primaryimage"},"thumbnailUrl":"https:\/\/www.meydan.tv\/wp-content\/uploads\/655b0587e737a3.20250776-e1700488699147.jpg","datePublished":"2023-11-20T14:01:12+00:00","dateModified":"2023-11-20T14:01:15+00:00","breadcrumb":{"@id":"https:\/\/www.meydan.tv\/az\/article\/rusiya-eurovision-2016nin-qalibini-axtarisa-verib\/#breadcrumb"},"inLanguage":"az","potentialAction":[{"@type":"ReadAction","target":["https:\/\/www.meydan.tv\/az\/article\/rusiya-eurovision-2016nin-qalibini-axtarisa-verib\/"]}]},{"@type":"ImageObject","inLanguage":"az","@id":"https:\/\/www.meydan.tv\/az\/article\/rusiya-eurovision-2016nin-qalibini-axtarisa-verib\/#primaryimage","url":"https:\/\/www.meydan.tv\/wp-content\/uploads\/655b0587e737a3.20250776-e1700488699147.jpg","contentUrl":"https:\/\/www.meydan.tv\/wp-content\/uploads\/655b0587e737a3.20250776-e1700488699147.jpg","width":1200,"height":572,"caption":"Susana Camaladinova. Foto: sosial \u015f\u0259b\u0259k\u0259"},{"@type":"BreadcrumbList","@id":"https:\/\/www.meydan.tv\/az\/article\/rusiya-eurovision-2016nin-qalibini-axtarisa-verib\/#breadcrumb","itemListElement":[{"@type":"ListItem","position":1,"name":"Ana s\u0259hif\u0259","item":"https:\/\/www.meydan.tv\/az\/"},{"@type":"ListItem","position":2,"name":"M\u0259d\u0259niyy\u0259t","item":"https:\/\/www.meydan.tv\/az\/section\/medeniyyet\/"},{"@type":"ListItem","position":3,"name":"Rusiya \u201cEurovision-2016\u201dn\u0131n qalibini axtar\u0131\u015fa verib"}]},{"@type":"WebSite","@id":"https:\/\/www.meydan.tv\/az\/#website","url":"https:\/\/www.meydan.tv\/az\/","name":"MEYDAN.TV","description":"Meydan TV Az\u0259rbaycan\u0131n media m\u0259kan\u0131ndak\u0131 alternativ s\u0259sidir","publisher":{"@id":"https:\/\/www.meydan.tv\/az\/#organization"},"potentialAction":[{"@type":"SearchAction","target":{"@type":"EntryPoint","urlTemplate":"https:\/\/www.meydan.tv\/az\/?s={search_term_string}"},"query-input":{"@type":"PropertyValueSpecification","valueRequired":true,"valueName":"search_term_string"}}],"inLanguage":"az"},{"@type":"Organization","@id":"https:\/\/www.meydan.tv\/az\/#organization","name":"Meydan TV","url":"https:\/\/www.meydan.tv\/az\/","logo":{"@type":"ImageObject","inLanguage":"az","@id":"https:\/\/www.meydan.tv\/az\/#\/schema\/logo\/image\/","url":"https:\/\/www.meydan.tv\/wp-content\/uploads\/2021\/07\/meydan-logo.svg","contentUrl":"https:\/\/www.meydan.tv\/wp-content\/uploads\/2021\/07\/meydan-logo.svg","width":195,"height":46,"caption":"Meydan TV"},"image":{"@id":"https:\/\/www.meydan.tv\/az\/#\/schema\/logo\/image\/"}},{"@type":"Person","@id":"https:\/\/www.meydan.tv\/az\/#\/schema\/person\/9cdbecf90d17180ce1dfbd95b08dcf47","name":"elli","sameAs":["https:\/\/x.com\/elli"]}]}},"_links":{"self":[{"href":"https:\/\/www.meydan.tv\/az\/wp-json\/wp\/v2\/posts\/290926","targetHints":{"allow":["GET"]}}],"collection":[{"href":"https:\/\/www.meydan.tv\/az\/wp-json\/wp\/v2\/posts"}],"about":[{"href":"https:\/\/www.meydan.tv\/az\/wp-json\/wp\/v2\/types\/post"}],"author":[{"embeddable":true,"href":"https:\/\/www.meydan.tv\/az\/wp-json\/wp\/v2\/users\/8"}],"replies":[{"embeddable":true,"href":"https:\/\/www.meydan.tv\/az\/wp-json\/wp\/v2\/comments?post=290926"}],"version-history":[{"count":1,"href":"https:\/\/www.meydan.tv\/az\/wp-json\/wp\/v2\/posts\/290926\/revisions"}],"predecessor-version":[{"id":290930,"href":"https:\/\/www.meydan.tv\/az\/wp-json\/wp\/v2\/posts\/290926\/revisions\/290930"}],"wp:featuredmedia":[{"embeddable":true,"href":"https:\/\/www.meydan.tv\/az\/wp-json\/wp\/v2\/media\/290927"}],"wp:attachment":[{"href":"https:\/\/www.meydan.tv\/az\/wp-json\/wp\/v2\/media?parent=290926"}],"wp:term":[{"taxonomy":"category","embeddable":true,"href":"https:\/\/www.meydan.tv\/az\/wp-json\/wp\/v2\/categories?post=290926"},{"taxonomy":"post_tag","embeddable":true,"href":"https:\/\/www.meydan.tv\/az\/wp-json\/wp\/v2\/tags?post=290926"}],"curies":[{"name":"wp","href":"https:\/\/api.w.org\/{rel}","templated":true}]}}