{"id":290895,"date":"2023-11-20T16:07:31","date_gmt":"2023-11-20T12:07:31","guid":{"rendered":"https:\/\/www.meydan.tv\/?p=290895"},"modified":"2023-11-20T20:41:39","modified_gmt":"2023-11-20T16:41:39","slug":"ulvi-hesenlinin-evinde-axtaris-aparilir-ofisden-40-min-avro-tapilib","status":"publish","type":"post","link":"https:\/\/www.meydan.tv\/az\/article\/ulvi-hesenlinin-evinde-axtaris-aparilir-ofisden-40-min-avro-tapilib\/","title":{"rendered":"\u00dclvi H\u0259s\u0259nlinin evind\u0259 axtar\u0131\u015f apar\u0131l\u0131r, ofisd\u0259n 40 min avro \u201ctap\u0131l\u0131b\u201d"},"content":{"rendered":"\n<figure class=\"wp-block-embed is-type-video is-provider-youtube wp-block-embed-youtube wp-embed-aspect-16-9 wp-has-aspect-ratio\"><div class=\"wp-block-embed__wrapper\">\n<iframe title=\"&#039;&#039;\u00dclvi H\u0259s\u0259nlinin h\u0259bsi birba\u015fa \u0130lham \u018fliyevin sifari\u015fidir&#039;&#039;\" width=\"1200\" height=\"675\" data-src=\"https:\/\/www.youtube.com\/embed\/43v4pbhFh7g?feature=oembed\" frameborder=\"0\" allow=\"accelerometer; autoplay; clipboard-write; encrypted-media; gyroscope; picture-in-picture; web-share\" allowfullscreen src=\"data:image\/svg+xml;base64,PHN2ZyB3aWR0aD0iMSIgaGVpZ2h0PSIxIiB4bWxucz0iaHR0cDovL3d3dy53My5vcmcvMjAwMC9zdmciPjwvc3ZnPg==\" class=\"lazyload\" data-load-mode=\"1\"><\/iframe>\n<\/div><\/figure>\n\n\n\n<p>\u201c<em><strong>H\u0259s\u0259nlinin h\u0259bsi, \u201cAbzasMedia\u201dn\u0131n ofisind\u0259 axtar\u0131\u015f ifad\u0259 azadl\u0131\u011f\u0131 h\u00fcququna, m\u00fcst\u0259qil mediaya qar\u015f\u0131 t\u0259qibdir\u201d<\/strong><\/em><\/p>\n\n\n\n<p>\u00dclvi H\u0259s\u0259nlinin saxlan\u0131lmas\u0131, \u201cAbzasMedia\u201dn\u0131n ofisind\u0259 axtar\u0131\u015f apar\u0131lmas\u0131 Az\u0259rbaycanda ifad\u0259 azadl\u0131\u011f\u0131 h\u00fcququna, o c\u00fcml\u0259d\u0259n m\u00fcst\u0259qil mediaya qar\u015f\u0131 t\u0259qibdir.<\/p>\n\n\n\n<p>M\u00fcdafi\u0259\u00e7i H\u00fcquq M\u0259rk\u0259zinin \u00dclvi H\u0259s\u0259nlinin saxlan\u0131lmas\u0131 il\u0259 ba\u011fl\u0131 yayd\u0131\u011f\u0131 b\u0259yanatda bel\u0259 deyilir.<\/p>\n\n\n\n<p>\u201cAbzasMedia\u201dn\u0131n direktoru \u00dclvi H\u0259s\u0259nlid\u0259n noyabr\u0131n 20-i s\u0259h\u0259r saatlar\u0131ndan x\u0259b\u0259r&nbsp; k\u0259silib. Daha sonra m\u0259lum olub ki, o, Bak\u0131 \u015f\u0259h\u0259r Ba\u015f Polis \u0130dar\u0259sind\u0259dir.<\/p>\n\n\n\n<p>Noyabr\u0131n 20-d\u0259 g\u00fcn \u0259rzind\u0259 \u201cAbzasMedia\u201dn\u0131n ofisind\u0259 v\u0259 \u00dclvi H\u0259s\u0259nlinin evind\u0259 axtar\u0131\u015f apar\u0131l\u0131b. H\u0259l\u0259lik onun hans\u0131 s\u0259b\u0259bl\u0259 h\u0259bs edilm\u0259si bar\u0259d\u0259 m\u0259lumat verilm\u0259yib. V\u0259kili Zibeyd\u0259 Sad\u0131qova Bak\u0131 \u015e\u0259h\u0259r Ba\u015f Polis \u0130dar\u0259sin\u0259 gedib v\u0259 m\u00fcv\u0259kkilinin h\u0259bsinin s\u0259b\u0259bini ara\u015fd\u0131raca\u011f\u0131n\u0131 bildirib.<\/p>\n\n\n\n<p>M\u00fcdafi\u0259\u00e7i H\u00fcquq M\u0259rk\u0259zi hesab edir ki, Az\u0259rbaycan h\u00f6kum\u0259tinin t\u0259qib siyas\u0259ti m\u00f6vcud konstitusion h\u00fcquqi \u00e7\u0259r\u00e7iv\u0259y\u0259 v\u0259 Az\u0259rbaycan Respublikas\u0131n\u0131n insan h\u00fcquqlar\u0131na dair g\u00f6t\u00fcrd\u00fcy\u00fc beyn\u0259lxalq h\u00fcquqi \u00f6hd\u0259likl\u0259r\u0259 ziddir. Bu s\u0259b\u0259bd\u0259n d\u0259 h\u00f6kum\u0259t bu t\u0259qibl\u0259ri dayand\u0131rmal\u0131d\u0131r:<\/p>\n\n\n\n<p><em>\u201c\u00d6lk\u0259d\u0259 siyasi m\u00fcxalif\u0259t\u0259, t\u0259nqid\u00e7i v\u0259t\u0259nda\u015f c\u0259miyy\u0259tin\u0259 v\u0259 m\u00fcst\u0259qil mediaya qar\u015f\u0131 apar\u0131lan siyasi motivli t\u0259qib kampaniyas\u0131na, o c\u00fcml\u0259d\u0259n bu \u00e7\u0259r\u00e7iv\u0259d\u0259 h\u0259yata ke\u00e7iril\u0259n cinay\u0259t i\u015fl\u0259rin\u0259 v\u0259 dig\u0259r h\u00fcquqi m\u0259hdudiyy\u0259t t\u0259dbirl\u0259rin\u0259 dair Avropa \u0130nsan H\u00fcquqlar\u0131 M\u0259hk\u0259m\u0259si t\u0259r\u0259find\u0259n Avropa \u0130nsan H\u00fcquqlar\u0131n\u0131n Konvensiyas\u0131n\u0131n qeyri-legitim, siyasi motivli h\u00fcquq m\u0259hdudiyy\u0259tl\u0259rini qada\u011fan ed\u0259n 18-ci madd\u0259si \u00fczr\u0259 Az\u0259rbaycana qar\u015f\u0131 11 h\u00fcquq pozuntusu q\u0259rar\u0131 q\u0259bul edilib. Haz\u0131rda h\u0259min q\u0259rarlar\u0131n icras\u0131 Avropa \u015euras\u0131 Nazirl\u0259r Komit\u0259sinin n\u0259zar\u0259tind\u0259dir. Az\u0259rbaycan H\u00f6kum\u0259tinin h\u0259min h\u00fcquq pozuntusu q\u0259rarlar\u0131n\u0131n icras\u0131 \u00fczr\u0259 h\u0259yata ke\u00e7irm\u0259li oldu\u011fu \u00fcmumi t\u0259dbirl\u0259rd\u0259n biri d\u0259 siyasi motivli t\u0259qib kampaniyalar\u0131n\u0131 t\u0259krarlay\u0131r\u201d.<\/em><\/p>\n\n\n\n<figure class=\"wp-block-image size-large\"><img decoding=\"async\" width=\"1095\" height=\"821\" data-src=\"https:\/\/www.meydan.tv\/wp-content\/uploads\/img_7753-1095x821.jpg\" alt=\"\" class=\"wp-image-290892 lazyload\" src=\"data:image\/svg+xml;base64,PHN2ZyB3aWR0aD0iMSIgaGVpZ2h0PSIxIiB4bWxucz0iaHR0cDovL3d3dy53My5vcmcvMjAwMC9zdmciPjwvc3ZnPg==\" style=\"--smush-placeholder-width: 1095px; --smush-placeholder-aspect-ratio: 1095\/821;\" \/><\/figure>\n\n\n\n<p>T\u0259\u015fkilat Az\u0259rbaycan h\u00f6kum\u0259tin\u0259 \u00e7a\u011f\u0131r\u0131\u015f edir ki, \u00dclvi H\u0259s\u0259nli v\u0259 \u201cAbzasMedia\u201dn\u0131n timsal\u0131nda siyasi motivli t\u0259qibl\u0259ri dayand\u0131rs\u0131n:<\/p>\n\n\n\n<p>\u201c<em>\u00dclvi H\u0259s\u0259nli il\u0259 \u201cAbzasMedia\u201d bar\u0259sind\u0259 aktual v\u0259 potensial cinay\u0259t prosessual add\u0131mlardan \u00e7\u0259kinilm\u0259lidir. H\u0259m\u00e7inin, beyn\u0259lxalq publik t\u0259\u015fkilatlar\u0131 v\u0259 beyn\u0259lxalq qeyri-h\u00f6kum\u0259t t\u0259\u015fkilatlar\u0131n\u0131 Az\u0259rbaycanda yenid\u0259n canlanma\u011fa ba\u015flayan siyasi motivli t\u0259qib kampaniyas\u0131n\u0131 ciddi n\u0259zar\u0259t\u0259 g\u00f6t\u00fcrm\u0259y\u0259 d\u0259v\u0259t edirik\u201d<\/em>, qurum b\u0259yanat\u0131nda bildirir.<\/p>\n\n\n\n<p>\u00dclvi H\u0259s\u0259nlinin v\u0259kili Zibeyd\u0259 Sad\u0131qova bildirib ki, ofisd\u0259 be\u015f saat davam ed\u0259n axtar\u0131\u015f zaman\u0131 polis \u0259m\u0259kda\u015flar\u0131 40 min avro pul &#8220;a\u015fkarlay\u0131blar&#8221;.<\/p>\n\n\n\n<p>\u201cAbzasMedia\u201d is\u0259 a\u00e7\u0131qlama yayaraq bildirib ki, ofisd\u0259 a\u015fkarland\u0131\u011f\u0131 iddia edil\u0259n v\u0259sait onlara aid deyil v\u0259 istintaq orqanlar\u0131n\u0131n m\u0259qs\u0259dli \u015f\u0259kild\u0259 f\u0259aliyy\u0259tl\u0259rini dayand\u0131rmaq, \u00dclvi H\u0259s\u0259nliy\u0259 qar\u015f\u0131 ittiham ir\u0259li s\u00fcrm\u0259k \u00fc\u00e7\u00fcn uydurdu\u011fu ssenaridir.<\/p>\n\n\n\n<p>\u00dclvi H\u0259s\u0259nlinin n\u0259 s\u0259b\u0259bl\u0259 saxlan\u0131lmas\u0131 il\u0259 ba\u011fl\u0131 Daxili \u0130\u015fl\u0259r Nazirliyind\u0259n (D\u0130N) m\u0259lumat almaq m\u00fcmk\u00fcn olmay\u0131b.<\/p>\n\n\n\n<p>\u201cAbzas Media\u201d son zamanlar daha \u00e7ox ara\u015fd\u0131rma materiallar\u0131 il\u0259 tan\u0131n\u0131r. Media qurumu Prezident ail\u0259sinin v\u0259 Prezidentin tabe\u00e7iliyind\u0259 olan m\u0259murlar\u0131n biznesi, el\u0259c\u0259 d\u0259 Qaraba\u011fda ged\u0259n tikinti, burada \u00e7al\u0131\u015fan \u015firk\u0259tl\u0259rl\u0259 ba\u011fl\u0131 tez-tez ara\u015fd\u0131rmalar d\u0259rc edir.<\/p>\n","protected":false},"excerpt":{"rendered":"<p>\u201cH\u0259s\u0259nlinin h\u0259bsi, \u201cAbzasMedia\u201dn\u0131n ofisind\u0259 axtar\u0131\u015f ifad\u0259 azadl\u0131\u011f\u0131 h\u00fcququna, m\u00fcst\u0259qil mediaya &#8230; <\/p>\n<p class=\"read-more-container\"><a title=\"\u00dclvi H\u0259s\u0259nlinin evind\u0259 axtar\u0131\u015f apar\u0131l\u0131r, ofisd\u0259n 40 min avro \u201ctap\u0131l\u0131b\u201d\" class=\"read-more button\" href=\"https:\/\/www.meydan.tv\/az\/article\/ulvi-hesenlinin-evinde-axtaris-aparilir-ofisden-40-min-avro-tapilib\/#more-290895\" aria-label=\"Read more about \u00dclvi H\u0259s\u0259nlinin evind\u0259 axtar\u0131\u015f apar\u0131l\u0131r, ofisd\u0259n 40 min avro \u201ctap\u0131l\u0131b\u201d\">Davam\u0131<\/a><\/p>\n","protected":false},"author":8,"featured_media":290907,"comment_status":"closed","ping_status":"closed","sticky":false,"template":"","format":"standard","meta":{"_acf_changed":false,"_sitemap_exclude":false,"_sitemap_priority":"","_sitemap_frequency":"","footnotes":""},"categories":[59,79,63,56],"tags":[],"class_list":["post-290895","post","type-post","status-publish","format-standard","has-post-thumbnail","hentry","category-siyaset","category-featured","category-video-2","category-xeberler","infinite-scroll-item","generate-columns","tablet-grid-50","mobile-grid-100","grid-parent","grid-33","no-featured-image-padding"],"acf":[],"yoast_head":"<!-- This site is optimized with the Yoast SEO plugin v27.4 - https:\/\/yoast.com\/product\/yoast-seo-wordpress\/ -->\n<title>\u00dclvi H\u0259s\u0259nlinin evind\u0259 axtar\u0131\u015f apar\u0131l\u0131r, ofisd\u0259n 40 min avro \u201ctap\u0131l\u0131b\u201d - MEYDAN.TV<\/title>\n<meta name=\"robots\" content=\"index, follow, max-snippet:-1, max-image-preview:large, max-video-preview:-1\" \/>\n<link rel=\"canonical\" href=\"https:\/\/www.meydan.tv\/az\/article\/ulvi-hesenlinin-evinde-axtaris-aparilir-ofisden-40-min-avro-tapilib\/\" \/>\n<meta property=\"og:locale\" content=\"az_AZ\" \/>\n<meta property=\"og:type\" content=\"article\" \/>\n<meta property=\"og:title\" content=\"\u00dclvi H\u0259s\u0259nlinin evind\u0259 axtar\u0131\u015f apar\u0131l\u0131r, ofisd\u0259n 40 min avro \u201ctap\u0131l\u0131b\u201d - MEYDAN.TV\" \/>\n<meta property=\"og:description\" content=\"\u201cH\u0259s\u0259nlinin h\u0259bsi, \u201cAbzasMedia\u201dn\u0131n ofisind\u0259 axtar\u0131\u015f ifad\u0259 azadl\u0131\u011f\u0131 h\u00fcququna, m\u00fcst\u0259qil mediaya ... Davam\u0131\" \/>\n<meta property=\"og:url\" content=\"https:\/\/www.meydan.tv\/az\/article\/ulvi-hesenlinin-evinde-axtaris-aparilir-ofisden-40-min-avro-tapilib\/\" \/>\n<meta property=\"og:site_name\" content=\"MEYDAN.TV\" \/>\n<meta property=\"article:published_time\" content=\"2023-11-20T12:07:31+00:00\" \/>\n<meta property=\"article:modified_time\" content=\"2023-11-20T16:41:39+00:00\" \/>\n<meta property=\"og:image\" content=\"https:\/\/www.meydan.tv\/wp-content\/uploads\/meydan_1920x1080p_logo.psd.png\" \/>\n\t<meta property=\"og:image:width\" content=\"1440\" \/>\n\t<meta property=\"og:image:height\" content=\"810\" \/>\n\t<meta property=\"og:image:type\" content=\"image\/png\" \/>\n<meta name=\"author\" content=\"elli\" \/>\n<meta name=\"twitter:card\" content=\"summary_large_image\" \/>\n<meta name=\"twitter:creator\" content=\"@elli\" \/>\n<script type=\"application\/ld+json\" class=\"yoast-schema-graph\">{\"@context\":\"https:\\\/\\\/schema.org\",\"@graph\":[{\"@type\":\"Article\",\"@id\":\"https:\\\/\\\/www.meydan.tv\\\/az\\\/article\\\/ulvi-hesenlinin-evinde-axtaris-aparilir-ofisden-40-min-avro-tapilib\\\/#article\",\"isPartOf\":{\"@id\":\"https:\\\/\\\/www.meydan.tv\\\/az\\\/article\\\/ulvi-hesenlinin-evinde-axtaris-aparilir-ofisden-40-min-avro-tapilib\\\/\"},\"author\":{\"name\":\"elli\",\"@id\":\"https:\\\/\\\/www.meydan.tv\\\/az\\\/#\\\/schema\\\/person\\\/9cdbecf90d17180ce1dfbd95b08dcf47\"},\"headline\":\"\u00dclvi H\u0259s\u0259nlinin evind\u0259 axtar\u0131\u015f apar\u0131l\u0131r, ofisd\u0259n 40 min avro \u201ctap\u0131l\u0131b\u201d\",\"datePublished\":\"2023-11-20T12:07:31+00:00\",\"dateModified\":\"2023-11-20T16:41:39+00:00\",\"mainEntityOfPage\":{\"@id\":\"https:\\\/\\\/www.meydan.tv\\\/az\\\/article\\\/ulvi-hesenlinin-evinde-axtaris-aparilir-ofisden-40-min-avro-tapilib\\\/\"},\"wordCount\":689,\"publisher\":{\"@id\":\"https:\\\/\\\/www.meydan.tv\\\/az\\\/#organization\"},\"image\":{\"@id\":\"https:\\\/\\\/www.meydan.tv\\\/az\\\/article\\\/ulvi-hesenlinin-evinde-axtaris-aparilir-ofisden-40-min-avro-tapilib\\\/#primaryimage\"},\"thumbnailUrl\":\"https:\\\/\\\/www.meydan.tv\\\/wp-content\\\/uploads\\\/meydan_1920x1080p_logo.psd.png\",\"articleSection\":[\"Siyas\u0259t\",\"T\u00f6vsiy\u0259\",\"Video\",\"X\u0259b\u0259rl\u0259r\"],\"inLanguage\":\"az\"},{\"@type\":\"WebPage\",\"@id\":\"https:\\\/\\\/www.meydan.tv\\\/az\\\/article\\\/ulvi-hesenlinin-evinde-axtaris-aparilir-ofisden-40-min-avro-tapilib\\\/\",\"url\":\"https:\\\/\\\/www.meydan.tv\\\/az\\\/article\\\/ulvi-hesenlinin-evinde-axtaris-aparilir-ofisden-40-min-avro-tapilib\\\/\",\"name\":\"\u00dclvi H\u0259s\u0259nlinin evind\u0259 axtar\u0131\u015f apar\u0131l\u0131r, ofisd\u0259n 40 min avro \u201ctap\u0131l\u0131b\u201d - MEYDAN.TV\",\"isPartOf\":{\"@id\":\"https:\\\/\\\/www.meydan.tv\\\/az\\\/#website\"},\"primaryImageOfPage\":{\"@id\":\"https:\\\/\\\/www.meydan.tv\\\/az\\\/article\\\/ulvi-hesenlinin-evinde-axtaris-aparilir-ofisden-40-min-avro-tapilib\\\/#primaryimage\"},\"image\":{\"@id\":\"https:\\\/\\\/www.meydan.tv\\\/az\\\/article\\\/ulvi-hesenlinin-evinde-axtaris-aparilir-ofisden-40-min-avro-tapilib\\\/#primaryimage\"},\"thumbnailUrl\":\"https:\\\/\\\/www.meydan.tv\\\/wp-content\\\/uploads\\\/meydan_1920x1080p_logo.psd.png\",\"datePublished\":\"2023-11-20T12:07:31+00:00\",\"dateModified\":\"2023-11-20T16:41:39+00:00\",\"breadcrumb\":{\"@id\":\"https:\\\/\\\/www.meydan.tv\\\/az\\\/article\\\/ulvi-hesenlinin-evinde-axtaris-aparilir-ofisden-40-min-avro-tapilib\\\/#breadcrumb\"},\"inLanguage\":\"az\",\"potentialAction\":[{\"@type\":\"ReadAction\",\"target\":[\"https:\\\/\\\/www.meydan.tv\\\/az\\\/article\\\/ulvi-hesenlinin-evinde-axtaris-aparilir-ofisden-40-min-avro-tapilib\\\/\"]}]},{\"@type\":\"ImageObject\",\"inLanguage\":\"az\",\"@id\":\"https:\\\/\\\/www.meydan.tv\\\/az\\\/article\\\/ulvi-hesenlinin-evinde-axtaris-aparilir-ofisden-40-min-avro-tapilib\\\/#primaryimage\",\"url\":\"https:\\\/\\\/www.meydan.tv\\\/wp-content\\\/uploads\\\/meydan_1920x1080p_logo.psd.png\",\"contentUrl\":\"https:\\\/\\\/www.meydan.tv\\\/wp-content\\\/uploads\\\/meydan_1920x1080p_logo.psd.png\",\"width\":1440,\"height\":810,\"caption\":\"\u00dclvi H\u0259s\u0259nli, foto: Meydan Tv\"},{\"@type\":\"BreadcrumbList\",\"@id\":\"https:\\\/\\\/www.meydan.tv\\\/az\\\/article\\\/ulvi-hesenlinin-evinde-axtaris-aparilir-ofisden-40-min-avro-tapilib\\\/#breadcrumb\",\"itemListElement\":[{\"@type\":\"ListItem\",\"position\":1,\"name\":\"Ana s\u0259hif\u0259\",\"item\":\"https:\\\/\\\/www.meydan.tv\\\/az\\\/\"},{\"@type\":\"ListItem\",\"position\":2,\"name\":\"Siyas\u0259t\",\"item\":\"https:\\\/\\\/www.meydan.tv\\\/az\\\/section\\\/siyaset\\\/\"},{\"@type\":\"ListItem\",\"position\":3,\"name\":\"\u00dclvi H\u0259s\u0259nlinin evind\u0259 axtar\u0131\u015f apar\u0131l\u0131r, ofisd\u0259n 40 min avro \u201ctap\u0131l\u0131b\u201d\"}]},{\"@type\":\"WebSite\",\"@id\":\"https:\\\/\\\/www.meydan.tv\\\/az\\\/#website\",\"url\":\"https:\\\/\\\/www.meydan.tv\\\/az\\\/\",\"name\":\"MEYDAN.TV\",\"description\":\"Meydan TV Az\u0259rbaycan\u0131n media m\u0259kan\u0131ndak\u0131 alternativ s\u0259sidir\",\"publisher\":{\"@id\":\"https:\\\/\\\/www.meydan.tv\\\/az\\\/#organization\"},\"potentialAction\":[{\"@type\":\"SearchAction\",\"target\":{\"@type\":\"EntryPoint\",\"urlTemplate\":\"https:\\\/\\\/www.meydan.tv\\\/az\\\/?s={search_term_string}\"},\"query-input\":{\"@type\":\"PropertyValueSpecification\",\"valueRequired\":true,\"valueName\":\"search_term_string\"}}],\"inLanguage\":\"az\"},{\"@type\":\"Organization\",\"@id\":\"https:\\\/\\\/www.meydan.tv\\\/az\\\/#organization\",\"name\":\"Meydan TV\",\"url\":\"https:\\\/\\\/www.meydan.tv\\\/az\\\/\",\"logo\":{\"@type\":\"ImageObject\",\"inLanguage\":\"az\",\"@id\":\"https:\\\/\\\/www.meydan.tv\\\/az\\\/#\\\/schema\\\/logo\\\/image\\\/\",\"url\":\"https:\\\/\\\/www.meydan.tv\\\/wp-content\\\/uploads\\\/2021\\\/07\\\/meydan-logo.svg\",\"contentUrl\":\"https:\\\/\\\/www.meydan.tv\\\/wp-content\\\/uploads\\\/2021\\\/07\\\/meydan-logo.svg\",\"width\":195,\"height\":46,\"caption\":\"Meydan TV\"},\"image\":{\"@id\":\"https:\\\/\\\/www.meydan.tv\\\/az\\\/#\\\/schema\\\/logo\\\/image\\\/\"}},{\"@type\":\"Person\",\"@id\":\"https:\\\/\\\/www.meydan.tv\\\/az\\\/#\\\/schema\\\/person\\\/9cdbecf90d17180ce1dfbd95b08dcf47\",\"name\":\"elli\",\"sameAs\":[\"https:\\\/\\\/x.com\\\/elli\"]}]}<\/script>\n<!-- \/ Yoast SEO plugin. -->","yoast_head_json":{"title":"\u00dclvi H\u0259s\u0259nlinin evind\u0259 axtar\u0131\u015f apar\u0131l\u0131r, ofisd\u0259n 40 min avro \u201ctap\u0131l\u0131b\u201d - MEYDAN.TV","robots":{"index":"index","follow":"follow","max-snippet":"max-snippet:-1","max-image-preview":"max-image-preview:large","max-video-preview":"max-video-preview:-1"},"canonical":"https:\/\/www.meydan.tv\/az\/article\/ulvi-hesenlinin-evinde-axtaris-aparilir-ofisden-40-min-avro-tapilib\/","og_locale":"az_AZ","og_type":"article","og_title":"\u00dclvi H\u0259s\u0259nlinin evind\u0259 axtar\u0131\u015f apar\u0131l\u0131r, ofisd\u0259n 40 min avro \u201ctap\u0131l\u0131b\u201d - MEYDAN.TV","og_description":"\u201cH\u0259s\u0259nlinin h\u0259bsi, \u201cAbzasMedia\u201dn\u0131n ofisind\u0259 axtar\u0131\u015f ifad\u0259 azadl\u0131\u011f\u0131 h\u00fcququna, m\u00fcst\u0259qil mediaya ... Davam\u0131","og_url":"https:\/\/www.meydan.tv\/az\/article\/ulvi-hesenlinin-evinde-axtaris-aparilir-ofisden-40-min-avro-tapilib\/","og_site_name":"MEYDAN.TV","article_published_time":"2023-11-20T12:07:31+00:00","article_modified_time":"2023-11-20T16:41:39+00:00","og_image":[{"width":1440,"height":810,"url":"https:\/\/www.meydan.tv\/wp-content\/uploads\/meydan_1920x1080p_logo.psd.png","type":"image\/png"}],"author":"elli","twitter_card":"summary_large_image","twitter_creator":"@elli","schema":{"@context":"https:\/\/schema.org","@graph":[{"@type":"Article","@id":"https:\/\/www.meydan.tv\/az\/article\/ulvi-hesenlinin-evinde-axtaris-aparilir-ofisden-40-min-avro-tapilib\/#article","isPartOf":{"@id":"https:\/\/www.meydan.tv\/az\/article\/ulvi-hesenlinin-evinde-axtaris-aparilir-ofisden-40-min-avro-tapilib\/"},"author":{"name":"elli","@id":"https:\/\/www.meydan.tv\/az\/#\/schema\/person\/9cdbecf90d17180ce1dfbd95b08dcf47"},"headline":"\u00dclvi H\u0259s\u0259nlinin evind\u0259 axtar\u0131\u015f apar\u0131l\u0131r, ofisd\u0259n 40 min avro \u201ctap\u0131l\u0131b\u201d","datePublished":"2023-11-20T12:07:31+00:00","dateModified":"2023-11-20T16:41:39+00:00","mainEntityOfPage":{"@id":"https:\/\/www.meydan.tv\/az\/article\/ulvi-hesenlinin-evinde-axtaris-aparilir-ofisden-40-min-avro-tapilib\/"},"wordCount":689,"publisher":{"@id":"https:\/\/www.meydan.tv\/az\/#organization"},"image":{"@id":"https:\/\/www.meydan.tv\/az\/article\/ulvi-hesenlinin-evinde-axtaris-aparilir-ofisden-40-min-avro-tapilib\/#primaryimage"},"thumbnailUrl":"https:\/\/www.meydan.tv\/wp-content\/uploads\/meydan_1920x1080p_logo.psd.png","articleSection":["Siyas\u0259t","T\u00f6vsiy\u0259","Video","X\u0259b\u0259rl\u0259r"],"inLanguage":"az"},{"@type":"WebPage","@id":"https:\/\/www.meydan.tv\/az\/article\/ulvi-hesenlinin-evinde-axtaris-aparilir-ofisden-40-min-avro-tapilib\/","url":"https:\/\/www.meydan.tv\/az\/article\/ulvi-hesenlinin-evinde-axtaris-aparilir-ofisden-40-min-avro-tapilib\/","name":"\u00dclvi H\u0259s\u0259nlinin evind\u0259 axtar\u0131\u015f apar\u0131l\u0131r, ofisd\u0259n 40 min avro \u201ctap\u0131l\u0131b\u201d - MEYDAN.TV","isPartOf":{"@id":"https:\/\/www.meydan.tv\/az\/#website"},"primaryImageOfPage":{"@id":"https:\/\/www.meydan.tv\/az\/article\/ulvi-hesenlinin-evinde-axtaris-aparilir-ofisden-40-min-avro-tapilib\/#primaryimage"},"image":{"@id":"https:\/\/www.meydan.tv\/az\/article\/ulvi-hesenlinin-evinde-axtaris-aparilir-ofisden-40-min-avro-tapilib\/#primaryimage"},"thumbnailUrl":"https:\/\/www.meydan.tv\/wp-content\/uploads\/meydan_1920x1080p_logo.psd.png","datePublished":"2023-11-20T12:07:31+00:00","dateModified":"2023-11-20T16:41:39+00:00","breadcrumb":{"@id":"https:\/\/www.meydan.tv\/az\/article\/ulvi-hesenlinin-evinde-axtaris-aparilir-ofisden-40-min-avro-tapilib\/#breadcrumb"},"inLanguage":"az","potentialAction":[{"@type":"ReadAction","target":["https:\/\/www.meydan.tv\/az\/article\/ulvi-hesenlinin-evinde-axtaris-aparilir-ofisden-40-min-avro-tapilib\/"]}]},{"@type":"ImageObject","inLanguage":"az","@id":"https:\/\/www.meydan.tv\/az\/article\/ulvi-hesenlinin-evinde-axtaris-aparilir-ofisden-40-min-avro-tapilib\/#primaryimage","url":"https:\/\/www.meydan.tv\/wp-content\/uploads\/meydan_1920x1080p_logo.psd.png","contentUrl":"https:\/\/www.meydan.tv\/wp-content\/uploads\/meydan_1920x1080p_logo.psd.png","width":1440,"height":810,"caption":"\u00dclvi H\u0259s\u0259nli, foto: Meydan Tv"},{"@type":"BreadcrumbList","@id":"https:\/\/www.meydan.tv\/az\/article\/ulvi-hesenlinin-evinde-axtaris-aparilir-ofisden-40-min-avro-tapilib\/#breadcrumb","itemListElement":[{"@type":"ListItem","position":1,"name":"Ana s\u0259hif\u0259","item":"https:\/\/www.meydan.tv\/az\/"},{"@type":"ListItem","position":2,"name":"Siyas\u0259t","item":"https:\/\/www.meydan.tv\/az\/section\/siyaset\/"},{"@type":"ListItem","position":3,"name":"\u00dclvi H\u0259s\u0259nlinin evind\u0259 axtar\u0131\u015f apar\u0131l\u0131r, ofisd\u0259n 40 min avro \u201ctap\u0131l\u0131b\u201d"}]},{"@type":"WebSite","@id":"https:\/\/www.meydan.tv\/az\/#website","url":"https:\/\/www.meydan.tv\/az\/","name":"MEYDAN.TV","description":"Meydan TV Az\u0259rbaycan\u0131n media m\u0259kan\u0131ndak\u0131 alternativ s\u0259sidir","publisher":{"@id":"https:\/\/www.meydan.tv\/az\/#organization"},"potentialAction":[{"@type":"SearchAction","target":{"@type":"EntryPoint","urlTemplate":"https:\/\/www.meydan.tv\/az\/?s={search_term_string}"},"query-input":{"@type":"PropertyValueSpecification","valueRequired":true,"valueName":"search_term_string"}}],"inLanguage":"az"},{"@type":"Organization","@id":"https:\/\/www.meydan.tv\/az\/#organization","name":"Meydan TV","url":"https:\/\/www.meydan.tv\/az\/","logo":{"@type":"ImageObject","inLanguage":"az","@id":"https:\/\/www.meydan.tv\/az\/#\/schema\/logo\/image\/","url":"https:\/\/www.meydan.tv\/wp-content\/uploads\/2021\/07\/meydan-logo.svg","contentUrl":"https:\/\/www.meydan.tv\/wp-content\/uploads\/2021\/07\/meydan-logo.svg","width":195,"height":46,"caption":"Meydan TV"},"image":{"@id":"https:\/\/www.meydan.tv\/az\/#\/schema\/logo\/image\/"}},{"@type":"Person","@id":"https:\/\/www.meydan.tv\/az\/#\/schema\/person\/9cdbecf90d17180ce1dfbd95b08dcf47","name":"elli","sameAs":["https:\/\/x.com\/elli"]}]}},"_links":{"self":[{"href":"https:\/\/www.meydan.tv\/az\/wp-json\/wp\/v2\/posts\/290895","targetHints":{"allow":["GET"]}}],"collection":[{"href":"https:\/\/www.meydan.tv\/az\/wp-json\/wp\/v2\/posts"}],"about":[{"href":"https:\/\/www.meydan.tv\/az\/wp-json\/wp\/v2\/types\/post"}],"author":[{"embeddable":true,"href":"https:\/\/www.meydan.tv\/az\/wp-json\/wp\/v2\/users\/8"}],"replies":[{"embeddable":true,"href":"https:\/\/www.meydan.tv\/az\/wp-json\/wp\/v2\/comments?post=290895"}],"version-history":[{"count":6,"href":"https:\/\/www.meydan.tv\/az\/wp-json\/wp\/v2\/posts\/290895\/revisions"}],"predecessor-version":[{"id":290947,"href":"https:\/\/www.meydan.tv\/az\/wp-json\/wp\/v2\/posts\/290895\/revisions\/290947"}],"wp:featuredmedia":[{"embeddable":true,"href":"https:\/\/www.meydan.tv\/az\/wp-json\/wp\/v2\/media\/290907"}],"wp:attachment":[{"href":"https:\/\/www.meydan.tv\/az\/wp-json\/wp\/v2\/media?parent=290895"}],"wp:term":[{"taxonomy":"category","embeddable":true,"href":"https:\/\/www.meydan.tv\/az\/wp-json\/wp\/v2\/categories?post=290895"},{"taxonomy":"post_tag","embeddable":true,"href":"https:\/\/www.meydan.tv\/az\/wp-json\/wp\/v2\/tags?post=290895"}],"curies":[{"name":"wp","href":"https:\/\/api.w.org\/{rel}","templated":true}]}}