{"id":290885,"date":"2023-11-20T15:43:34","date_gmt":"2023-11-20T11:43:34","guid":{"rendered":"https:\/\/www.meydan.tv\/?p=290885"},"modified":"2023-11-20T15:43:42","modified_gmt":"2023-11-20T11:43:42","slug":"muharibe-istirakcisi-is-tapa-bilmir-adami-heyatindan-bezdiribler","status":"publish","type":"post","link":"https:\/\/www.meydan.tv\/az\/article\/muharibe-istirakcisi-is-tapa-bilmir-adami-heyatindan-bezdiribler\/","title":{"rendered":"M\u00fcharib\u0259 i\u015ftirak\u00e7\u0131s\u0131 i\u015f tapa bilmir: &#8220;Adam\u0131 h\u0259yat\u0131ndan bezdiribl\u0259r&#8221;"},"content":{"rendered":"\n<p><\/p>\n\n\n\n<p><strong><em>Elm\u0259ddin \u0130sayev: &#8220;N\u0259 i\u015f verirl\u0259r, n\u0259&nbsp; m\u0259\u015f\u011fulluqla t\u0259min edirl\u0259r&#8221;<\/em><\/strong><\/p>\n\n\n\n<p>\u0130kinci Qaraba\u011f m\u00fcharib\u0259sinin i\u015ftirak\u00e7\u0131s\u0131, G\u00f6y\u00e7ay\u0131n M\u0131rt\u0131 k\u0259ndi sakini Elm\u0259ddin \u0130sayev \u00f6z\u00fcn\u00fcm\u0259\u015f\u011fulluqdan yararlana bilm\u0259diyini deyir.<\/p>\n\n\n\n<p>M\u00fcharib\u0259 i\u015ftirak\u00e7\u0131s\u0131 bu bar\u0259d\u0259 Meydan TV-y\u0259 dan\u0131\u015f\u0131b.<\/p>\n\n\n\n<p>Onun s\u00f6zl\u0259rin\u0259 g\u00f6r\u0259, k\u0259ndd\u0259n m\u00fcraci\u0259t ed\u0259nl\u0259r bu proqramdan yararlana bils\u0259l\u0259r d\u0259, ona imkan tan\u0131nm\u0131r:<\/p>\n\n\n\n<p><em>&#8220;\u00dc\u00e7 ildir ki, D\u00f6vl\u0259t M\u0259\u015f\u011fulluq \u0130dar\u0259sinin filial\u0131nda qeydiyyatdayam, heyvan al\u0131b-saxlamaq ist\u0259yir\u0259m. M\u0259nd\u0259n sonra qeydiyyata d\u00fc\u015f\u0259nl\u0259r d\u0259 ald\u0131, amma n\u0259d\u0259ns\u0259 m\u0259n yada d\u00fc\u015fm\u00fcr\u0259m. Amma m\u00fcharib\u0259, V\u0259t\u0259ni qorumaq olsa, ham\u0131dan tez yada d\u00fc\u015f\u00fcr\u00fck&#8221;.<\/em><\/p>\n\n\n\n<p><strong>&#8220;Dig\u0259rl\u0259ri kimi intihar ed\u0259k?&#8221;<\/strong><\/p>\n\n\n\n<p>Kamran \u0130sayev deyir ki, ilk g\u00fcnd\u0259n son g\u00fcn\u0259d\u0259k m\u00fcharib\u0259d\u0259 i\u015ftirak edib.<\/p>\n\n\n\n<p>O buna g\u00f6r\u0259 pe\u015fman olmad\u0131\u011f\u0131n\u0131 deyir, amma d\u00f6vl\u0259tin diqq\u0259tini d\u0259 g\u00f6rm\u0259k ist\u0259yir. \u00dcst\u0259lik, ev tikm\u0259k \u00fc\u00e7\u00fcn k\u0259nd b\u0259l\u0259diyy\u0259sin\u0259 \u00fcnvanlad\u0131\u011f\u0131 torpaq ist\u0259yin\u0259 d\u0259 m\u0259nfi cavab al\u0131b:<\/p>\n\n\n<div class=\"wp-block-image\">\n<figure class=\"aligncenter size-large\"><img decoding=\"async\" width=\"1200\" height=\"675\" data-src=\"https:\/\/www.meydan.tv\/wp-content\/uploads\/img-20230522-wa0195-1200x675.jpg\" alt=\"\" class=\"wp-image-290876 lazyload\" src=\"data:image\/svg+xml;base64,PHN2ZyB3aWR0aD0iMSIgaGVpZ2h0PSIxIiB4bWxucz0iaHR0cDovL3d3dy53My5vcmcvMjAwMC9zdmciPjwvc3ZnPg==\" style=\"--smush-placeholder-width: 1200px; --smush-placeholder-aspect-ratio: 1200\/675;\" \/><\/figure>\n<\/div>\n\n\n<p>&#8220;<em>2020-ci ilin sentyabr\u0131n 27-d\u0259n 2021-ci ilin 9 yanvar\u0131na q\u0259d\u0259r Suqovu\u015fan, Tal\u0131\u015f istiqam\u0259tind\u0259 m\u00fcharib\u0259d\u0259 i\u015ftirak ed\u0259n hey\u0259tin t\u0259rkibind\u0259 olmu\u015fam. Sonra qay\u0131tm\u0131\u015fam v\u0259 2021-ci ild\u0259 D\u00f6vl\u0259t M\u0259\u015f\u011fulluq Agentliyinin filial\u0131na d\u0259zgah \u00fc\u00e7\u00fcn m\u00fcraci\u0259t etmi\u015f\u0259m. \u0130ki aydan sonra imtina edib qoyun almaq ist\u0259mi\u015f\u0259m. Veteranl\u0131q \u00fc\u00e7\u00fcn s\u0259n\u0259d g\u0259tirtdil\u0259r ki, 30 bal\u0131n arts\u0131n. H\u0259l\u0259 o vaxt bal\u0131m 100-\u00fc ke\u00e7mi\u015fdi&#8221;.<\/em><\/p>\n\n\n\n<p><em>&#8220;2022-ci ilin fevral\u0131nda g\u0259lib h\u0259y\u0259t\u0259, t\u00f6vl\u0259y\u0259 bax\u0131\u015f ke\u00e7irib getdil\u0259r, n\u0259tic\u0259si olmad\u0131. D\u0259f\u0259l\u0259rl\u0259 getmi\u015f\u0259m, ara\u015fd\u0131rmadan deyirl\u0259r ki, get, x\u0259b\u0259r ed\u0259c\u0259yik. \u00dc\u00e7 il d\u0259 bitir art\u0131q, ancaq m\u0259nd\u0259n sonra qeydiyyata d\u00fc\u015f\u0259nl\u0259r v\u0259 he\u00e7 m\u00fcharib\u0259 i\u015ftirak\u00e7\u0131s\u0131 olmayanlar al\u0131b. B\u0259s ail\u0259mi nec\u0259 doland\u0131r\u0131m? Dig\u0259rl\u0259ri kimi intihar ed\u0259k? N\u0259 i\u015f verirl\u0259r, n\u0259 m\u0259\u015f\u011fulluqla t\u0259min edirl\u0259r&#8221;.<\/em><\/p>\n\n\n\n<p><strong>&#8220;B\u0259l\u0259diyy\u0259d\u0259n dedil\u0259r ki, torpaq yoxdur, get atandan al&#8230;&#8221;<\/strong><\/p>\n\n\n\n<p>M\u00fcharib\u0259 i\u015ftirak\u00e7\u0131s\u0131n\u0131n s\u00f6zl\u0259rin\u0259 g\u00f6r\u0259, 5 n\u0259f\u0259rlik ail\u0259 onun 80 manatl\u0131q t\u0259qa\u00fcd\u00fc il\u0259 dolan\u0131r.<\/p>\n\n\n\n<p>Deyir ki, sah\u0259d\u0259ki \u0259kini d\u0259 he\u00e7 ona s\u0259rf edil\u0259n x\u0259rci \u00f6d\u0259mir. \u0130ndiki durumda i\u015f axtar\u0131\u015flar\u0131 da n\u0259tic\u0259siz qal\u0131b:<\/p>\n\n\n\n<p><em>&#8220;T\u0259k torpaq, \u0259kin dolan\u0131\u015f\u0131\u011f\u0131 t\u0259min etmir ax\u0131. Bu il hava \u015f\u0259raiti \u0259kini d\u0259 m\u0259hv etdi. Borc da, bahal\u0131q da bir t\u0259r\u0259fd\u0259n. B\u00f6y\u00fck ail\u0259yik, subay adamam, evim yox. K\u00f6hn\u0259 t\u0259mirli ata evimiz var, ya\u015fay\u0131\u015f da, \u0259kin d\u0259 oradad\u0131r. Ev tikm\u0259k v\u0259 \u0259kin \u00fc\u00e7\u00fcn b\u0259l\u0259diyy\u0259d\u0259n torpaq ist\u0259dim, dedil\u0259r yoxdur, get atandan al. Ad\u0131ma he\u00e7 pay torpa\u011f\u0131 da yoxdur. N\u0259 torpaq ver\u0259n var, n\u0259 d\u0259 heyvan. Heyvan\u0131 alsayd\u0131m, art\u0131r\u0131b m\u0259\u015f\u011fulluq yaradard\u0131m. Harada gedirs\u0259n, deyirl\u0259r ki, birt\u0259h\u0259r dolan. Bundan birt\u0259h\u0259r nec\u0259 olur? B\u00fct\u00fcn qap\u0131lar\u0131 ba\u011flay\u0131b, adam\u0131 h\u0259yatdan bezdirirl\u0259r. Ya\u015famaq&nbsp; m\u0259murlar, imkanl\u0131lar \u00fc\u00e7\u00fcnd\u00fcr. S\u00fcr\u00fcnm\u0259kl\u0259 ya\u015famaq olur?&#8221;<\/em>.<\/p>\n\n\n<div class=\"wp-block-image\">\n<figure class=\"aligncenter size-large\"><img decoding=\"async\" width=\"1200\" height=\"675\" data-src=\"https:\/\/www.meydan.tv\/wp-content\/uploads\/1-16-1200x675.jpg\" alt=\"\" class=\"wp-image-290882 lazyload\" src=\"data:image\/svg+xml;base64,PHN2ZyB3aWR0aD0iMSIgaGVpZ2h0PSIxIiB4bWxucz0iaHR0cDovL3d3dy53My5vcmcvMjAwMC9zdmciPjwvc3ZnPg==\" style=\"--smush-placeholder-width: 1200px; --smush-placeholder-aspect-ratio: 1200\/675;\" \/><\/figure>\n<\/div>\n\n\n<p><strong>D\u00f6vl\u0259t M\u0259\u015f\u011fulluq Agentliyi m\u00fcraci\u0259t\u0259 g\u0259l\u0259n il bax\u0131laca\u011f\u0131n\u0131 deyir&#8230;<\/strong><\/p>\n\n\n\n<p>D\u00f6vl\u0259t M\u0259\u015f\u011fulluq Agentliyinin s\u00f6z\u00e7\u00fcs\u00fc \u018fsm\u0259r N\u0259cm\u0259ddinq\u0131z\u0131 Meydan TV-y\u0259 deyib ki, art\u0131q ilin sonudur, n\u00f6vb\u0259ti ild\u0259n onun m\u00fcraci\u0259tin\u0259 bax\u0131lacaq.<\/p>\n\n\n\n<p>&#8220;<em>G\u00f6y\u00e7ay&nbsp; sakini \u0130sayev Elm\u0259ddin Kamran o\u011flunun m\u00fcraci\u0259ti t\u0259r\u0259fimizd\u0259n ara\u015fd\u0131r\u0131l\u0131b. V\u0259t\u0259nda\u015f V\u0259t\u0259n m\u00fcharib\u0259si veteran\u0131d\u0131r. Qoyun\u00e7uluq t\u0259s\u0259rr\u00fcfat\u0131 z\u0259rfi \u00fczr\u0259 \u00f6z\u00fcn\u00fcm\u0259\u015f\u011fulluq proqram\u0131na m\u00fcraci\u0259t edib v\u0259 haz\u0131rda n\u00f6vb\u0259d\u0259dir. Art\u0131q il tamamlanmaq \u00fczr\u0259 oldu\u011fu \u00fc\u00e7\u00fcn proqram i\u015ftirak\u00e7\u0131lar\u0131n\u0131n ilkin monitorinql\u0259ri ba\u015fa \u00e7at\u0131b. N\u00f6vb\u0259ti ild\u0259 proqram\u0131n icras\u0131 ba\u015flayan ilk d\u00f6vrl\u0259rd\u0259 Elm\u0259ddin \u0130sayevin proqram \u00e7\u0259r\u00e7iv\u0259sind\u0259 m\u00fcvafiq prosedurlara c\u0259lbi t\u0259min edil\u0259c\u0259k&#8221;, &#8211;<\/em> dey\u0259 o sor\u011fuya bel\u0259 cavab verib.<\/p>\n\n\n\n<p><strong>B\u0259l\u0259diyy\u0259 s\u0259dri d\u0259 i\u015fi g\u0259l\u0259n il\u0259 saxlad\u0131&#8230;<\/strong><\/p>\n\n\n\n<p>B\u0259l\u0259diyy\u0259 s\u0259dri Nazim Davudov is\u0259 Meydan TV-y\u0259 bildirib ki, k\u0259ndd\u0259 35 m\u00fcharib\u0259 i\u015ftirak\u00e7\u0131s\u0131 var. Onlar\u0131n da yaln\u0131z 3 n\u0259f\u0259rin\u0259 torpaq ayr\u0131l\u0131b.<\/p>\n\n\n<div class=\"wp-block-image\">\n<figure class=\"aligncenter size-large\"><img decoding=\"async\" width=\"1200\" height=\"675\" data-src=\"https:\/\/www.meydan.tv\/wp-content\/uploads\/img-20230522-wa0176-1200x675.jpg\" alt=\"\" class=\"wp-image-290873 lazyload\" src=\"data:image\/svg+xml;base64,PHN2ZyB3aWR0aD0iMSIgaGVpZ2h0PSIxIiB4bWxucz0iaHR0cDovL3d3dy53My5vcmcvMjAwMC9zdmciPjwvc3ZnPg==\" style=\"--smush-placeholder-width: 1200px; --smush-placeholder-aspect-ratio: 1200\/675;\" \/><\/figure>\n<\/div>\n\n\n<p>Onun s\u00f6zl\u0259rin\u0259 g\u00f6r\u0259, Elm\u0259ddin \u0130sayevin m\u00fcraci\u0259tin\u0259 g\u0259l\u0259n ild\u0259n, torpaq oldu\u011fu t\u0259qdird\u0259 bax\u0131la bil\u0259r.<\/p>\n\n\n\n<p><em>&#8220;M\u00fcraci\u0259t ed\u0259n \u00fc\u00e7 veterana sahibkar obyekti kimi yol k\u0259nar\u0131ndan&nbsp; bir az yer ay\u0131rm\u0131\u015fam. Ancaq s\u0259n\u0259dl\u0259rini h\u0259l\u0259 t\u0259sdiql\u0259d\u0259 bilmirl\u0259r. \u00dc\u00e7 ild\u0259 bir sot torpaq ver\u0259 bilmi\u015f\u0259m, \u00e7\u00fcnki indi s\u0259n\u0259dl\u0259\u015fdirm\u0259ni \u00e7\u0259tinl\u0259\u015fdiribl\u0259r. Ancaq ev tikm\u0259k \u00fc\u00e7\u00fcn b\u0259l\u0259diyy\u0259nin torpa\u011f\u0131nda el\u0259 d\u0259 yer yoxdur. 1300 hektar\u0131n\u0131n 650 hektar\u0131&nbsp; pay v\u0259 h\u0259y\u0259tyan\u0131 sah\u0259l\u0259rdir. G\u0259r\u0259k&nbsp; v\u0259t\u0259nda\u015flar\u0131n vaxtil\u0259 z\u0259bt etdiyi torpaqlardan al\u0131b ver\u0259k. Dig\u0259r el\u0259 yerl\u0259r var ki, uzaqd\u0131r, onlar ged\u0259 bilm\u0259y\u0259c\u0259kl\u0259r. Oradan ist\u0259yir v\u0259 ad\u0131nda pay torpa\u011f\u0131 yoxdursa, m\u0259n\u0259 m\u00fcraci\u0259t etsin, n\u00f6vb\u0259ti ild\u0259 baxar\u0131q&#8221;.<\/em><\/p>\n","protected":false},"excerpt":{"rendered":"<p>Elm\u0259ddin \u0130sayev: &#8220;N\u0259 i\u015f verirl\u0259r, n\u0259&nbsp; m\u0259\u015f\u011fulluqla t\u0259min edirl\u0259r&#8221; \u0130kinci &#8230; <\/p>\n<p class=\"read-more-container\"><a title=\"M\u00fcharib\u0259 i\u015ftirak\u00e7\u0131s\u0131 i\u015f tapa bilmir: &#8220;Adam\u0131 h\u0259yat\u0131ndan bezdiribl\u0259r&#8221;\" class=\"read-more button\" href=\"https:\/\/www.meydan.tv\/az\/article\/muharibe-istirakcisi-is-tapa-bilmir-adami-heyatindan-bezdiribler\/#more-290885\" aria-label=\"Read more about M\u00fcharib\u0259 i\u015ftirak\u00e7\u0131s\u0131 i\u015f tapa bilmir: &#8220;Adam\u0131 h\u0259yat\u0131ndan bezdiribl\u0259r&#8221;\">Davam\u0131<\/a><\/p>\n","protected":false},"author":8,"featured_media":290879,"comment_status":"closed","ping_status":"closed","sticky":false,"template":"","format":"standard","meta":{"_acf_changed":false,"_sitemap_exclude":false,"_sitemap_priority":"","_sitemap_frequency":"","footnotes":""},"categories":[60,79,56],"tags":[],"class_list":["post-290885","post","type-post","status-publish","format-standard","has-post-thumbnail","hentry","category-bolge","category-featured","category-xeberler","infinite-scroll-item","generate-columns","tablet-grid-50","mobile-grid-100","grid-parent","grid-33","no-featured-image-padding"],"acf":[],"yoast_head":"<!-- This site is optimized with the Yoast SEO plugin v27.4 - https:\/\/yoast.com\/product\/yoast-seo-wordpress\/ -->\n<title>M\u00fcharib\u0259 i\u015ftirak\u00e7\u0131s\u0131 i\u015f tapa bilmir: &quot;Adam\u0131 h\u0259yat\u0131ndan bezdiribl\u0259r&quot; - MEYDAN.TV<\/title>\n<meta name=\"robots\" content=\"index, follow, max-snippet:-1, max-image-preview:large, max-video-preview:-1\" \/>\n<link rel=\"canonical\" href=\"https:\/\/www.meydan.tv\/az\/article\/muharibe-istirakcisi-is-tapa-bilmir-adami-heyatindan-bezdiribler\/\" \/>\n<meta property=\"og:locale\" content=\"az_AZ\" \/>\n<meta property=\"og:type\" content=\"article\" \/>\n<meta property=\"og:title\" content=\"M\u00fcharib\u0259 i\u015ftirak\u00e7\u0131s\u0131 i\u015f tapa bilmir: &quot;Adam\u0131 h\u0259yat\u0131ndan bezdiribl\u0259r&quot; - MEYDAN.TV\" \/>\n<meta property=\"og:description\" content=\"Elm\u0259ddin \u0130sayev: &#8220;N\u0259 i\u015f verirl\u0259r, n\u0259&nbsp; m\u0259\u015f\u011fulluqla t\u0259min edirl\u0259r&#8221; \u0130kinci ... Davam\u0131\" \/>\n<meta property=\"og:url\" content=\"https:\/\/www.meydan.tv\/az\/article\/muharibe-istirakcisi-is-tapa-bilmir-adami-heyatindan-bezdiribler\/\" \/>\n<meta property=\"og:site_name\" content=\"MEYDAN.TV\" \/>\n<meta property=\"article:published_time\" content=\"2023-11-20T11:43:34+00:00\" \/>\n<meta property=\"article:modified_time\" content=\"2023-11-20T11:43:42+00:00\" \/>\n<meta property=\"og:image\" content=\"https:\/\/www.meydan.tv\/wp-content\/uploads\/img-20230522-wa0190.jpg\" \/>\n\t<meta property=\"og:image:width\" content=\"1280\" \/>\n\t<meta property=\"og:image:height\" content=\"720\" \/>\n\t<meta property=\"og:image:type\" content=\"image\/jpeg\" \/>\n<meta name=\"author\" content=\"elli\" \/>\n<meta name=\"twitter:card\" content=\"summary_large_image\" \/>\n<meta name=\"twitter:creator\" content=\"@elli\" \/>\n<script type=\"application\/ld+json\" class=\"yoast-schema-graph\">{\"@context\":\"https:\\\/\\\/schema.org\",\"@graph\":[{\"@type\":\"Article\",\"@id\":\"https:\\\/\\\/www.meydan.tv\\\/az\\\/article\\\/muharibe-istirakcisi-is-tapa-bilmir-adami-heyatindan-bezdiribler\\\/#article\",\"isPartOf\":{\"@id\":\"https:\\\/\\\/www.meydan.tv\\\/az\\\/article\\\/muharibe-istirakcisi-is-tapa-bilmir-adami-heyatindan-bezdiribler\\\/\"},\"author\":{\"name\":\"elli\",\"@id\":\"https:\\\/\\\/www.meydan.tv\\\/az\\\/#\\\/schema\\\/person\\\/9cdbecf90d17180ce1dfbd95b08dcf47\"},\"headline\":\"M\u00fcharib\u0259 i\u015ftirak\u00e7\u0131s\u0131 i\u015f tapa bilmir: &#8220;Adam\u0131 h\u0259yat\u0131ndan bezdiribl\u0259r&#8221;\",\"datePublished\":\"2023-11-20T11:43:34+00:00\",\"dateModified\":\"2023-11-20T11:43:42+00:00\",\"mainEntityOfPage\":{\"@id\":\"https:\\\/\\\/www.meydan.tv\\\/az\\\/article\\\/muharibe-istirakcisi-is-tapa-bilmir-adami-heyatindan-bezdiribler\\\/\"},\"wordCount\":978,\"publisher\":{\"@id\":\"https:\\\/\\\/www.meydan.tv\\\/az\\\/#organization\"},\"image\":{\"@id\":\"https:\\\/\\\/www.meydan.tv\\\/az\\\/article\\\/muharibe-istirakcisi-is-tapa-bilmir-adami-heyatindan-bezdiribler\\\/#primaryimage\"},\"thumbnailUrl\":\"https:\\\/\\\/www.meydan.tv\\\/wp-content\\\/uploads\\\/img-20230522-wa0190.jpg\",\"articleSection\":[\"B\u00f6lg\u0259\",\"T\u00f6vsiy\u0259\",\"X\u0259b\u0259rl\u0259r\"],\"inLanguage\":\"az\"},{\"@type\":\"WebPage\",\"@id\":\"https:\\\/\\\/www.meydan.tv\\\/az\\\/article\\\/muharibe-istirakcisi-is-tapa-bilmir-adami-heyatindan-bezdiribler\\\/\",\"url\":\"https:\\\/\\\/www.meydan.tv\\\/az\\\/article\\\/muharibe-istirakcisi-is-tapa-bilmir-adami-heyatindan-bezdiribler\\\/\",\"name\":\"M\u00fcharib\u0259 i\u015ftirak\u00e7\u0131s\u0131 i\u015f tapa bilmir: \\\"Adam\u0131 h\u0259yat\u0131ndan bezdiribl\u0259r\\\" - MEYDAN.TV\",\"isPartOf\":{\"@id\":\"https:\\\/\\\/www.meydan.tv\\\/az\\\/#website\"},\"primaryImageOfPage\":{\"@id\":\"https:\\\/\\\/www.meydan.tv\\\/az\\\/article\\\/muharibe-istirakcisi-is-tapa-bilmir-adami-heyatindan-bezdiribler\\\/#primaryimage\"},\"image\":{\"@id\":\"https:\\\/\\\/www.meydan.tv\\\/az\\\/article\\\/muharibe-istirakcisi-is-tapa-bilmir-adami-heyatindan-bezdiribler\\\/#primaryimage\"},\"thumbnailUrl\":\"https:\\\/\\\/www.meydan.tv\\\/wp-content\\\/uploads\\\/img-20230522-wa0190.jpg\",\"datePublished\":\"2023-11-20T11:43:34+00:00\",\"dateModified\":\"2023-11-20T11:43:42+00:00\",\"breadcrumb\":{\"@id\":\"https:\\\/\\\/www.meydan.tv\\\/az\\\/article\\\/muharibe-istirakcisi-is-tapa-bilmir-adami-heyatindan-bezdiribler\\\/#breadcrumb\"},\"inLanguage\":\"az\",\"potentialAction\":[{\"@type\":\"ReadAction\",\"target\":[\"https:\\\/\\\/www.meydan.tv\\\/az\\\/article\\\/muharibe-istirakcisi-is-tapa-bilmir-adami-heyatindan-bezdiribler\\\/\"]}]},{\"@type\":\"ImageObject\",\"inLanguage\":\"az\",\"@id\":\"https:\\\/\\\/www.meydan.tv\\\/az\\\/article\\\/muharibe-istirakcisi-is-tapa-bilmir-adami-heyatindan-bezdiribler\\\/#primaryimage\",\"url\":\"https:\\\/\\\/www.meydan.tv\\\/wp-content\\\/uploads\\\/img-20230522-wa0190.jpg\",\"contentUrl\":\"https:\\\/\\\/www.meydan.tv\\\/wp-content\\\/uploads\\\/img-20230522-wa0190.jpg\",\"width\":1280,\"height\":720,\"caption\":\"Elm\u0259ddin \u0130sayev. Fotolar: Meydan TV\"},{\"@type\":\"BreadcrumbList\",\"@id\":\"https:\\\/\\\/www.meydan.tv\\\/az\\\/article\\\/muharibe-istirakcisi-is-tapa-bilmir-adami-heyatindan-bezdiribler\\\/#breadcrumb\",\"itemListElement\":[{\"@type\":\"ListItem\",\"position\":1,\"name\":\"Ana s\u0259hif\u0259\",\"item\":\"https:\\\/\\\/www.meydan.tv\\\/az\\\/\"},{\"@type\":\"ListItem\",\"position\":2,\"name\":\"B\u00f6lg\u0259\",\"item\":\"https:\\\/\\\/www.meydan.tv\\\/az\\\/section\\\/bolge\\\/\"},{\"@type\":\"ListItem\",\"position\":3,\"name\":\"M\u00fcharib\u0259 i\u015ftirak\u00e7\u0131s\u0131 i\u015f tapa bilmir: &#8220;Adam\u0131 h\u0259yat\u0131ndan bezdiribl\u0259r&#8221;\"}]},{\"@type\":\"WebSite\",\"@id\":\"https:\\\/\\\/www.meydan.tv\\\/az\\\/#website\",\"url\":\"https:\\\/\\\/www.meydan.tv\\\/az\\\/\",\"name\":\"MEYDAN.TV\",\"description\":\"Meydan TV Az\u0259rbaycan\u0131n media m\u0259kan\u0131ndak\u0131 alternativ s\u0259sidir\",\"publisher\":{\"@id\":\"https:\\\/\\\/www.meydan.tv\\\/az\\\/#organization\"},\"potentialAction\":[{\"@type\":\"SearchAction\",\"target\":{\"@type\":\"EntryPoint\",\"urlTemplate\":\"https:\\\/\\\/www.meydan.tv\\\/az\\\/?s={search_term_string}\"},\"query-input\":{\"@type\":\"PropertyValueSpecification\",\"valueRequired\":true,\"valueName\":\"search_term_string\"}}],\"inLanguage\":\"az\"},{\"@type\":\"Organization\",\"@id\":\"https:\\\/\\\/www.meydan.tv\\\/az\\\/#organization\",\"name\":\"Meydan TV\",\"url\":\"https:\\\/\\\/www.meydan.tv\\\/az\\\/\",\"logo\":{\"@type\":\"ImageObject\",\"inLanguage\":\"az\",\"@id\":\"https:\\\/\\\/www.meydan.tv\\\/az\\\/#\\\/schema\\\/logo\\\/image\\\/\",\"url\":\"https:\\\/\\\/www.meydan.tv\\\/wp-content\\\/uploads\\\/2021\\\/07\\\/meydan-logo.svg\",\"contentUrl\":\"https:\\\/\\\/www.meydan.tv\\\/wp-content\\\/uploads\\\/2021\\\/07\\\/meydan-logo.svg\",\"width\":195,\"height\":46,\"caption\":\"Meydan TV\"},\"image\":{\"@id\":\"https:\\\/\\\/www.meydan.tv\\\/az\\\/#\\\/schema\\\/logo\\\/image\\\/\"}},{\"@type\":\"Person\",\"@id\":\"https:\\\/\\\/www.meydan.tv\\\/az\\\/#\\\/schema\\\/person\\\/9cdbecf90d17180ce1dfbd95b08dcf47\",\"name\":\"elli\",\"sameAs\":[\"https:\\\/\\\/x.com\\\/elli\"]}]}<\/script>\n<!-- \/ Yoast SEO plugin. -->","yoast_head_json":{"title":"M\u00fcharib\u0259 i\u015ftirak\u00e7\u0131s\u0131 i\u015f tapa bilmir: \"Adam\u0131 h\u0259yat\u0131ndan bezdiribl\u0259r\" - MEYDAN.TV","robots":{"index":"index","follow":"follow","max-snippet":"max-snippet:-1","max-image-preview":"max-image-preview:large","max-video-preview":"max-video-preview:-1"},"canonical":"https:\/\/www.meydan.tv\/az\/article\/muharibe-istirakcisi-is-tapa-bilmir-adami-heyatindan-bezdiribler\/","og_locale":"az_AZ","og_type":"article","og_title":"M\u00fcharib\u0259 i\u015ftirak\u00e7\u0131s\u0131 i\u015f tapa bilmir: \"Adam\u0131 h\u0259yat\u0131ndan bezdiribl\u0259r\" - MEYDAN.TV","og_description":"Elm\u0259ddin \u0130sayev: &#8220;N\u0259 i\u015f verirl\u0259r, n\u0259&nbsp; m\u0259\u015f\u011fulluqla t\u0259min edirl\u0259r&#8221; \u0130kinci ... Davam\u0131","og_url":"https:\/\/www.meydan.tv\/az\/article\/muharibe-istirakcisi-is-tapa-bilmir-adami-heyatindan-bezdiribler\/","og_site_name":"MEYDAN.TV","article_published_time":"2023-11-20T11:43:34+00:00","article_modified_time":"2023-11-20T11:43:42+00:00","og_image":[{"width":1280,"height":720,"url":"https:\/\/www.meydan.tv\/wp-content\/uploads\/img-20230522-wa0190.jpg","type":"image\/jpeg"}],"author":"elli","twitter_card":"summary_large_image","twitter_creator":"@elli","schema":{"@context":"https:\/\/schema.org","@graph":[{"@type":"Article","@id":"https:\/\/www.meydan.tv\/az\/article\/muharibe-istirakcisi-is-tapa-bilmir-adami-heyatindan-bezdiribler\/#article","isPartOf":{"@id":"https:\/\/www.meydan.tv\/az\/article\/muharibe-istirakcisi-is-tapa-bilmir-adami-heyatindan-bezdiribler\/"},"author":{"name":"elli","@id":"https:\/\/www.meydan.tv\/az\/#\/schema\/person\/9cdbecf90d17180ce1dfbd95b08dcf47"},"headline":"M\u00fcharib\u0259 i\u015ftirak\u00e7\u0131s\u0131 i\u015f tapa bilmir: &#8220;Adam\u0131 h\u0259yat\u0131ndan bezdiribl\u0259r&#8221;","datePublished":"2023-11-20T11:43:34+00:00","dateModified":"2023-11-20T11:43:42+00:00","mainEntityOfPage":{"@id":"https:\/\/www.meydan.tv\/az\/article\/muharibe-istirakcisi-is-tapa-bilmir-adami-heyatindan-bezdiribler\/"},"wordCount":978,"publisher":{"@id":"https:\/\/www.meydan.tv\/az\/#organization"},"image":{"@id":"https:\/\/www.meydan.tv\/az\/article\/muharibe-istirakcisi-is-tapa-bilmir-adami-heyatindan-bezdiribler\/#primaryimage"},"thumbnailUrl":"https:\/\/www.meydan.tv\/wp-content\/uploads\/img-20230522-wa0190.jpg","articleSection":["B\u00f6lg\u0259","T\u00f6vsiy\u0259","X\u0259b\u0259rl\u0259r"],"inLanguage":"az"},{"@type":"WebPage","@id":"https:\/\/www.meydan.tv\/az\/article\/muharibe-istirakcisi-is-tapa-bilmir-adami-heyatindan-bezdiribler\/","url":"https:\/\/www.meydan.tv\/az\/article\/muharibe-istirakcisi-is-tapa-bilmir-adami-heyatindan-bezdiribler\/","name":"M\u00fcharib\u0259 i\u015ftirak\u00e7\u0131s\u0131 i\u015f tapa bilmir: \"Adam\u0131 h\u0259yat\u0131ndan bezdiribl\u0259r\" - MEYDAN.TV","isPartOf":{"@id":"https:\/\/www.meydan.tv\/az\/#website"},"primaryImageOfPage":{"@id":"https:\/\/www.meydan.tv\/az\/article\/muharibe-istirakcisi-is-tapa-bilmir-adami-heyatindan-bezdiribler\/#primaryimage"},"image":{"@id":"https:\/\/www.meydan.tv\/az\/article\/muharibe-istirakcisi-is-tapa-bilmir-adami-heyatindan-bezdiribler\/#primaryimage"},"thumbnailUrl":"https:\/\/www.meydan.tv\/wp-content\/uploads\/img-20230522-wa0190.jpg","datePublished":"2023-11-20T11:43:34+00:00","dateModified":"2023-11-20T11:43:42+00:00","breadcrumb":{"@id":"https:\/\/www.meydan.tv\/az\/article\/muharibe-istirakcisi-is-tapa-bilmir-adami-heyatindan-bezdiribler\/#breadcrumb"},"inLanguage":"az","potentialAction":[{"@type":"ReadAction","target":["https:\/\/www.meydan.tv\/az\/article\/muharibe-istirakcisi-is-tapa-bilmir-adami-heyatindan-bezdiribler\/"]}]},{"@type":"ImageObject","inLanguage":"az","@id":"https:\/\/www.meydan.tv\/az\/article\/muharibe-istirakcisi-is-tapa-bilmir-adami-heyatindan-bezdiribler\/#primaryimage","url":"https:\/\/www.meydan.tv\/wp-content\/uploads\/img-20230522-wa0190.jpg","contentUrl":"https:\/\/www.meydan.tv\/wp-content\/uploads\/img-20230522-wa0190.jpg","width":1280,"height":720,"caption":"Elm\u0259ddin \u0130sayev. Fotolar: Meydan TV"},{"@type":"BreadcrumbList","@id":"https:\/\/www.meydan.tv\/az\/article\/muharibe-istirakcisi-is-tapa-bilmir-adami-heyatindan-bezdiribler\/#breadcrumb","itemListElement":[{"@type":"ListItem","position":1,"name":"Ana s\u0259hif\u0259","item":"https:\/\/www.meydan.tv\/az\/"},{"@type":"ListItem","position":2,"name":"B\u00f6lg\u0259","item":"https:\/\/www.meydan.tv\/az\/section\/bolge\/"},{"@type":"ListItem","position":3,"name":"M\u00fcharib\u0259 i\u015ftirak\u00e7\u0131s\u0131 i\u015f tapa bilmir: &#8220;Adam\u0131 h\u0259yat\u0131ndan bezdiribl\u0259r&#8221;"}]},{"@type":"WebSite","@id":"https:\/\/www.meydan.tv\/az\/#website","url":"https:\/\/www.meydan.tv\/az\/","name":"MEYDAN.TV","description":"Meydan TV Az\u0259rbaycan\u0131n media m\u0259kan\u0131ndak\u0131 alternativ s\u0259sidir","publisher":{"@id":"https:\/\/www.meydan.tv\/az\/#organization"},"potentialAction":[{"@type":"SearchAction","target":{"@type":"EntryPoint","urlTemplate":"https:\/\/www.meydan.tv\/az\/?s={search_term_string}"},"query-input":{"@type":"PropertyValueSpecification","valueRequired":true,"valueName":"search_term_string"}}],"inLanguage":"az"},{"@type":"Organization","@id":"https:\/\/www.meydan.tv\/az\/#organization","name":"Meydan TV","url":"https:\/\/www.meydan.tv\/az\/","logo":{"@type":"ImageObject","inLanguage":"az","@id":"https:\/\/www.meydan.tv\/az\/#\/schema\/logo\/image\/","url":"https:\/\/www.meydan.tv\/wp-content\/uploads\/2021\/07\/meydan-logo.svg","contentUrl":"https:\/\/www.meydan.tv\/wp-content\/uploads\/2021\/07\/meydan-logo.svg","width":195,"height":46,"caption":"Meydan TV"},"image":{"@id":"https:\/\/www.meydan.tv\/az\/#\/schema\/logo\/image\/"}},{"@type":"Person","@id":"https:\/\/www.meydan.tv\/az\/#\/schema\/person\/9cdbecf90d17180ce1dfbd95b08dcf47","name":"elli","sameAs":["https:\/\/x.com\/elli"]}]}},"_links":{"self":[{"href":"https:\/\/www.meydan.tv\/az\/wp-json\/wp\/v2\/posts\/290885","targetHints":{"allow":["GET"]}}],"collection":[{"href":"https:\/\/www.meydan.tv\/az\/wp-json\/wp\/v2\/posts"}],"about":[{"href":"https:\/\/www.meydan.tv\/az\/wp-json\/wp\/v2\/types\/post"}],"author":[{"embeddable":true,"href":"https:\/\/www.meydan.tv\/az\/wp-json\/wp\/v2\/users\/8"}],"replies":[{"embeddable":true,"href":"https:\/\/www.meydan.tv\/az\/wp-json\/wp\/v2\/comments?post=290885"}],"version-history":[{"count":2,"href":"https:\/\/www.meydan.tv\/az\/wp-json\/wp\/v2\/posts\/290885\/revisions"}],"predecessor-version":[{"id":290887,"href":"https:\/\/www.meydan.tv\/az\/wp-json\/wp\/v2\/posts\/290885\/revisions\/290887"}],"wp:featuredmedia":[{"embeddable":true,"href":"https:\/\/www.meydan.tv\/az\/wp-json\/wp\/v2\/media\/290879"}],"wp:attachment":[{"href":"https:\/\/www.meydan.tv\/az\/wp-json\/wp\/v2\/media?parent=290885"}],"wp:term":[{"taxonomy":"category","embeddable":true,"href":"https:\/\/www.meydan.tv\/az\/wp-json\/wp\/v2\/categories?post=290885"},{"taxonomy":"post_tag","embeddable":true,"href":"https:\/\/www.meydan.tv\/az\/wp-json\/wp\/v2\/tags?post=290885"}],"curies":[{"name":"wp","href":"https:\/\/api.w.org\/{rel}","templated":true}]}}