{"id":290833,"date":"2023-11-20T12:48:54","date_gmt":"2023-11-20T08:48:54","guid":{"rendered":"https:\/\/www.meydan.tv\/?p=290833"},"modified":"2023-11-20T12:48:58","modified_gmt":"2023-11-20T08:48:58","slug":"bsu-nun-kecmis-sobe-mudiri-mehkeme-zalinda-hebs-olunub","status":"publish","type":"post","link":"https:\/\/www.meydan.tv\/az\/article\/bsu-nun-kecmis-sobe-mudiri-mehkeme-zalinda-hebs-olunub\/","title":{"rendered":"BSU-nun ke\u00e7mi\u015f \u015f\u00f6b\u0259 m\u00fcdiri m\u0259hk\u0259m\u0259 zal\u0131nda h\u0259bs olunub"},"content":{"rendered":"\n<p><\/p>\n\n\n\n<p><strong><em>6 il azadl\u0131qdan m\u0259hrum edil\u0259n D\u00fcrdan\u0259 \u018fliyeva m\u0259hk\u0259m\u0259 zal\u0131nda hu\u015funu itirib<\/em><\/strong><\/p>\n\n\n\n<p>Bak\u0131 Slavyan Universitetinin (BSU) \u018flav\u0259 v\u0259 qiyabi t\u0259hsil \u015f\u00f6b\u0259sinin ke\u00e7mi\u015f m\u00fcdiri, 2 il yar\u0131md\u0131r ki, m\u00fchakim\u0259si davam ed\u0259n D\u00fcrdan\u0259 \u018fliyeva m\u0259hk\u0259m\u0259 zal\u0131nda h\u0259bs olunub.<\/p>\n\n\n\n<p>Noyabr\u0131n 20-d\u0259 Bak\u0131 A\u011f\u0131r Cinay\u0259tl\u0259r M\u0259hk\u0259m\u0259sind\u0259 ona h\u00f6km oxunub.<\/p>\n\n\n\n<p>\u018fli M\u0259mm\u0259dovun s\u0259drliyil\u0259, S\u0259bin\u0259 M\u0259mm\u0259dzad\u0259 v\u0259 Telman H\u00fcseynovdan ibar\u0259t hakiml\u0259r kollegiyas\u0131n\u0131n h\u00f6km\u00fcyl\u0259 D\u00fcrdan\u0259 \u018fliyeva 6 il azadl\u0131qdan m\u0259hrum edilib.<\/p>\n\n\n\n<p>M\u0259hk\u0259m\u0259nin h\u00f6km\u00fc qapal\u0131 iclasda elan olunub.<\/p>\n\n\n\n<p>Hakim \u018fli M\u0259mm\u0259dov g\u00f6st\u0259ri\u015f verib ki, jurnalistl\u0259r m\u0259hk\u0259m\u0259 zal\u0131ndan \u00e7\u0131xar\u0131ls\u0131n.<\/p>\n\n\n\n<p>Meydan TV-nin \u0259ld\u0259 etdiyi m\u0259lumata g\u00f6r\u0259, h\u00f6km oxunanda m\u0259hk\u0259m\u0259 zal\u0131nda D\u00fcrdan\u0259 \u018fliyevan\u0131n v\u0259ziyy\u0259ti pisl\u0259\u015fib.<\/p>\n\n\n\n<p>O, hu\u015funu itirib, m\u0259hk\u0259m\u0259y\u0259 T\u0259cili Tibbi Yard\u0131m \u00e7a\u011f\u0131r\u0131l\u0131b.<\/p>\n\n\n\n<p>M\u0259hk\u0259m\u0259nin h\u00f6km\u00fcn\u0259 \u0259sas\u0259n, universitetin d\u0259ymi\u015f ziyan\u0131n \u00f6d\u0259nilm\u0259si t\u0259l\u0259biyl\u0259 D\u00fcrdan\u0259 \u018fliyevaya qar\u015f\u0131 226 min manatl\u0131q m\u00fclki iddias\u0131 t\u0259min edilib.<\/p>\n\n\n\n<p>Cinay\u0259t i\u015finin materiallar\u0131nda yaz\u0131l\u0131b ki, D\u00fcrdan\u0259 \u018fliyeva t\u0259hsil haqq\u0131 \u00f6d\u0259ni\u015fi ad\u0131yla ona veril\u0259n v\u0259saitl\u0259ri m\u0259nims\u0259yib, m\u00fcxt\u0259lif adamlar\u0131 BSU-da i\u015f\u0259 d\u00fcz\u0259ltm\u0259k ad\u0131yla aldad\u0131b.<\/p>\n\n\n\n<p>M\u0259nims\u0259nildiyi iddia olunan v\u0259saitl\u0259r \u0259sas\u0259n BSU-da ikinci ali t\u0259hsil alan t\u0259l\u0259b\u0259l\u0259rin \u00f6d\u0259diyi pullar olub.<\/p>\n\n\n\n<p>Buna g\u00f6r\u0259 D\u00fcrdan\u0259 \u018fliyevaya Cinay\u0259t M\u0259c\u0259ll\u0259sinin 179.3.2 (k\u00fclli miqdarda m\u0259nims\u0259m\u0259) ittiham\u0131 verilib. \u0130\u015f\u0259 d\u00fcz\u0259lm\u0259k ist\u0259y\u0259nl\u0259rd\u0259n al\u0131nan pullarla \u0259laq\u0259dar is\u0259 Cinay\u0259t M\u0259c\u0259ll\u0259sinin 178-ci (d\u0259l\u0259duzluq) madd\u0259sil\u0259 ittiham verilib.<\/p>\n\n\n\n<p>Universitetl\u0259 yana\u015f\u0131, D\u00fcrdan\u0259 \u018fliyevan\u0131n pul ald\u0131\u011f\u0131 iddia olunan \u015f\u0259xsl\u0259rd\u0259n bir qismi z\u0259r\u0259r\u00e7\u0259kmi\u015f qismind\u0259 tan\u0131n\u0131b. Lakin z\u0259r\u0259r\u00e7\u0259kmi\u015f qismind\u0259 tan\u0131nan fiziki \u015f\u0259xsl\u0259rin m\u00fclki iddias\u0131 t\u0259min olunmay\u0131b.<\/p>\n\n\n<div class=\"wp-block-image\">\n<figure class=\"alignright size-full is-resized\"><img decoding=\"async\" width=\"1200\" height=\"800\" data-src=\"https:\/\/www.meydan.tv\/wp-content\/uploads\/untitled-design-111.jpg\" alt=\"\" class=\"wp-image-271984 lazyload\" style=\"--smush-placeholder-width: 1200px; --smush-placeholder-aspect-ratio: 1200\/800;width:418px;height:auto\" src=\"data:image\/svg+xml;base64,PHN2ZyB3aWR0aD0iMSIgaGVpZ2h0PSIxIiB4bWxucz0iaHR0cDovL3d3dy53My5vcmcvMjAwMC9zdmciPjwvc3ZnPg==\" \/><figcaption class=\"wp-element-caption\">Nurlana \u018fliyeva. Foto: Meydan TV<\/figcaption><\/figure>\n<\/div>\n\n\n<p>Lakin D\u00fcrdan\u0259 \u018fliyeva \u00f6z\u00fcn\u00fc t\u0259qsirli bilmir. Onun ald\u0131\u011f\u0131 pullardan da, universitetd\u0259 g\u00f6r\u00fcl\u0259n i\u015fl\u0259rd\u0259n d\u0259 o vaxtk\u0131 rektor Nurlana \u018fliyevan\u0131n x\u0259b\u0259rdar oldu\u011funu bildirir: <\/p>\n\n\n\n<p><em>\u201cBunu m\u0259n t\u0259k el\u0259y\u0259 bilm\u0259zdim&#8230;\u201d.<\/em><\/p>\n\n\n\n<p>Onun s\u00f6zl\u0259rin\u0259 g\u00f6r\u0259, rektor Nurlana \u018fliyeva v\u0259 ba\u015f m\u00fchasib d\u0259 prosesl\u0259rin birba\u015fa i\u015ftirak\u00e7\u0131s\u0131 olub.<\/p>\n\n\n\n<p>Ke\u00e7mi\u015f rektor Nurlana \u018fliyeva da bu ilin aprelind\u0259 m\u0259hk\u0259m\u0259d\u0259 dindirilib.<\/p>\n\n\n\n<p>O, \u00fcnvan\u0131na s\u0259sl\u0259n\u0259n ittihamlar\u0131 q\u0259bul etm\u0259yib. Deyib ki, D\u00fcrdan\u0259 \u018fliyeva bu \u0259m\u0259ll\u0259ri t\u0259kba\u015f\u0131na t\u00f6r\u0259dib.<\/p>\n\n\n\n<p>Onun s\u00f6zl\u0259rin\u0259 g\u00f6r\u0259, ke\u00e7mi\u015f \u015f\u00f6b\u0259 m\u00fcdirinin \u0259m\u0259ll\u0259rind\u0259n x\u0259b\u0259r tutanda ona problemin h\u0259lli \u00fc\u00e7\u00fcn vaxt verib. Lakin D\u00fcrdan\u0259 \u018fliyeva v\u0259din\u0259 \u0259m\u0259l etm\u0259yib:<\/p>\n\n\n\n<p><em>\u201cO, m\u0259nim 5 illik f\u0259aliyy\u0259tim\u0259 k\u00f6lg\u0259 salma\u011fa \u00e7al\u0131\u015fd\u0131. M\u0259n o q\u0259d\u0259r ab\u0131r-h\u0259yam\u0131 itirm\u0259mi\u015f\u0259m ki, 70 ya\u015f\u0131mda d\u00f6vl\u0259tin puluna \u0259l at\u0131m&#8230;\u201d.<\/em><\/p>\n","protected":false},"excerpt":{"rendered":"<p>6 il azadl\u0131qdan m\u0259hrum edil\u0259n D\u00fcrdan\u0259 \u018fliyeva m\u0259hk\u0259m\u0259 zal\u0131nda hu\u015funu &#8230; <\/p>\n<p class=\"read-more-container\"><a title=\"BSU-nun ke\u00e7mi\u015f \u015f\u00f6b\u0259 m\u00fcdiri m\u0259hk\u0259m\u0259 zal\u0131nda h\u0259bs olunub\" class=\"read-more button\" href=\"https:\/\/www.meydan.tv\/az\/article\/bsu-nun-kecmis-sobe-mudiri-mehkeme-zalinda-hebs-olunub\/#more-290833\" aria-label=\"Read more about BSU-nun ke\u00e7mi\u015f \u015f\u00f6b\u0259 m\u00fcdiri m\u0259hk\u0259m\u0259 zal\u0131nda h\u0259bs olunub\">Davam\u0131<\/a><\/p>\n","protected":false},"author":8,"featured_media":282740,"comment_status":"closed","ping_status":"closed","sticky":false,"template":"","format":"standard","meta":{"_acf_changed":false,"_sitemap_exclude":false,"_sitemap_priority":"","_sitemap_frequency":"","footnotes":""},"categories":[62,56],"tags":[],"class_list":["post-290833","post","type-post","status-publish","format-standard","has-post-thumbnail","hentry","category-sosial","category-xeberler","infinite-scroll-item","generate-columns","tablet-grid-50","mobile-grid-100","grid-parent","grid-33","no-featured-image-padding"],"acf":[],"yoast_head":"<!-- This site is optimized with the Yoast SEO plugin v27.5 - https:\/\/yoast.com\/product\/yoast-seo-wordpress\/ -->\n<title>BSU-nun ke\u00e7mi\u015f \u015f\u00f6b\u0259 m\u00fcdiri m\u0259hk\u0259m\u0259 zal\u0131nda h\u0259bs olunub - MEYDAN.TV<\/title>\n<meta name=\"robots\" content=\"index, follow, max-snippet:-1, max-image-preview:large, max-video-preview:-1\" \/>\n<link rel=\"canonical\" href=\"https:\/\/www.meydan.tv\/az\/article\/bsu-nun-kecmis-sobe-mudiri-mehkeme-zalinda-hebs-olunub\/\" \/>\n<meta property=\"og:locale\" content=\"az_AZ\" \/>\n<meta property=\"og:type\" content=\"article\" \/>\n<meta property=\"og:title\" content=\"BSU-nun ke\u00e7mi\u015f \u015f\u00f6b\u0259 m\u00fcdiri m\u0259hk\u0259m\u0259 zal\u0131nda h\u0259bs olunub - MEYDAN.TV\" \/>\n<meta property=\"og:description\" content=\"6 il azadl\u0131qdan m\u0259hrum edil\u0259n D\u00fcrdan\u0259 \u018fliyeva m\u0259hk\u0259m\u0259 zal\u0131nda hu\u015funu ... Davam\u0131\" \/>\n<meta property=\"og:url\" content=\"https:\/\/www.meydan.tv\/az\/article\/bsu-nun-kecmis-sobe-mudiri-mehkeme-zalinda-hebs-olunub\/\" \/>\n<meta property=\"og:site_name\" content=\"MEYDAN.TV\" \/>\n<meta property=\"article:published_time\" content=\"2023-11-20T08:48:54+00:00\" \/>\n<meta property=\"article:modified_time\" content=\"2023-11-20T08:48:58+00:00\" \/>\n<meta property=\"og:image\" content=\"https:\/\/www.meydan.tv\/wp-content\/uploads\/untitled-design-2-137.jpg\" \/>\n\t<meta property=\"og:image:width\" content=\"1200\" \/>\n\t<meta property=\"og:image:height\" content=\"800\" \/>\n\t<meta property=\"og:image:type\" content=\"image\/jpeg\" \/>\n<meta name=\"author\" content=\"elli\" \/>\n<meta name=\"twitter:card\" content=\"summary_large_image\" \/>\n<meta name=\"twitter:creator\" content=\"@elli\" \/>\n<script type=\"application\/ld+json\" class=\"yoast-schema-graph\">{\"@context\":\"https:\\\/\\\/schema.org\",\"@graph\":[{\"@type\":\"Article\",\"@id\":\"https:\\\/\\\/www.meydan.tv\\\/az\\\/article\\\/bsu-nun-kecmis-sobe-mudiri-mehkeme-zalinda-hebs-olunub\\\/#article\",\"isPartOf\":{\"@id\":\"https:\\\/\\\/www.meydan.tv\\\/az\\\/article\\\/bsu-nun-kecmis-sobe-mudiri-mehkeme-zalinda-hebs-olunub\\\/\"},\"author\":{\"name\":\"elli\",\"@id\":\"https:\\\/\\\/www.meydan.tv\\\/az\\\/#\\\/schema\\\/person\\\/9cdbecf90d17180ce1dfbd95b08dcf47\"},\"headline\":\"BSU-nun ke\u00e7mi\u015f \u015f\u00f6b\u0259 m\u00fcdiri m\u0259hk\u0259m\u0259 zal\u0131nda h\u0259bs olunub\",\"datePublished\":\"2023-11-20T08:48:54+00:00\",\"dateModified\":\"2023-11-20T08:48:58+00:00\",\"mainEntityOfPage\":{\"@id\":\"https:\\\/\\\/www.meydan.tv\\\/az\\\/article\\\/bsu-nun-kecmis-sobe-mudiri-mehkeme-zalinda-hebs-olunub\\\/\"},\"wordCount\":567,\"publisher\":{\"@id\":\"https:\\\/\\\/www.meydan.tv\\\/az\\\/#organization\"},\"image\":{\"@id\":\"https:\\\/\\\/www.meydan.tv\\\/az\\\/article\\\/bsu-nun-kecmis-sobe-mudiri-mehkeme-zalinda-hebs-olunub\\\/#primaryimage\"},\"thumbnailUrl\":\"https:\\\/\\\/www.meydan.tv\\\/wp-content\\\/uploads\\\/untitled-design-2-137.jpg\",\"articleSection\":[\"Sosial\",\"X\u0259b\u0259rl\u0259r\"],\"inLanguage\":\"az\"},{\"@type\":\"WebPage\",\"@id\":\"https:\\\/\\\/www.meydan.tv\\\/az\\\/article\\\/bsu-nun-kecmis-sobe-mudiri-mehkeme-zalinda-hebs-olunub\\\/\",\"url\":\"https:\\\/\\\/www.meydan.tv\\\/az\\\/article\\\/bsu-nun-kecmis-sobe-mudiri-mehkeme-zalinda-hebs-olunub\\\/\",\"name\":\"BSU-nun ke\u00e7mi\u015f \u015f\u00f6b\u0259 m\u00fcdiri m\u0259hk\u0259m\u0259 zal\u0131nda h\u0259bs olunub - MEYDAN.TV\",\"isPartOf\":{\"@id\":\"https:\\\/\\\/www.meydan.tv\\\/az\\\/#website\"},\"primaryImageOfPage\":{\"@id\":\"https:\\\/\\\/www.meydan.tv\\\/az\\\/article\\\/bsu-nun-kecmis-sobe-mudiri-mehkeme-zalinda-hebs-olunub\\\/#primaryimage\"},\"image\":{\"@id\":\"https:\\\/\\\/www.meydan.tv\\\/az\\\/article\\\/bsu-nun-kecmis-sobe-mudiri-mehkeme-zalinda-hebs-olunub\\\/#primaryimage\"},\"thumbnailUrl\":\"https:\\\/\\\/www.meydan.tv\\\/wp-content\\\/uploads\\\/untitled-design-2-137.jpg\",\"datePublished\":\"2023-11-20T08:48:54+00:00\",\"dateModified\":\"2023-11-20T08:48:58+00:00\",\"breadcrumb\":{\"@id\":\"https:\\\/\\\/www.meydan.tv\\\/az\\\/article\\\/bsu-nun-kecmis-sobe-mudiri-mehkeme-zalinda-hebs-olunub\\\/#breadcrumb\"},\"inLanguage\":\"az\",\"potentialAction\":[{\"@type\":\"ReadAction\",\"target\":[\"https:\\\/\\\/www.meydan.tv\\\/az\\\/article\\\/bsu-nun-kecmis-sobe-mudiri-mehkeme-zalinda-hebs-olunub\\\/\"]}]},{\"@type\":\"ImageObject\",\"inLanguage\":\"az\",\"@id\":\"https:\\\/\\\/www.meydan.tv\\\/az\\\/article\\\/bsu-nun-kecmis-sobe-mudiri-mehkeme-zalinda-hebs-olunub\\\/#primaryimage\",\"url\":\"https:\\\/\\\/www.meydan.tv\\\/wp-content\\\/uploads\\\/untitled-design-2-137.jpg\",\"contentUrl\":\"https:\\\/\\\/www.meydan.tv\\\/wp-content\\\/uploads\\\/untitled-design-2-137.jpg\",\"width\":1200,\"height\":800,\"caption\":\"Bak\u0131 Slavyan Universiteti. Foto: arxiv\"},{\"@type\":\"BreadcrumbList\",\"@id\":\"https:\\\/\\\/www.meydan.tv\\\/az\\\/article\\\/bsu-nun-kecmis-sobe-mudiri-mehkeme-zalinda-hebs-olunub\\\/#breadcrumb\",\"itemListElement\":[{\"@type\":\"ListItem\",\"position\":1,\"name\":\"Ana s\u0259hif\u0259\",\"item\":\"https:\\\/\\\/www.meydan.tv\\\/az\\\/\"},{\"@type\":\"ListItem\",\"position\":2,\"name\":\"Sosial\",\"item\":\"https:\\\/\\\/www.meydan.tv\\\/az\\\/section\\\/sosial\\\/\"},{\"@type\":\"ListItem\",\"position\":3,\"name\":\"BSU-nun ke\u00e7mi\u015f \u015f\u00f6b\u0259 m\u00fcdiri m\u0259hk\u0259m\u0259 zal\u0131nda h\u0259bs olunub\"}]},{\"@type\":\"WebSite\",\"@id\":\"https:\\\/\\\/www.meydan.tv\\\/az\\\/#website\",\"url\":\"https:\\\/\\\/www.meydan.tv\\\/az\\\/\",\"name\":\"MEYDAN.TV\",\"description\":\"Meydan TV Az\u0259rbaycan\u0131n media m\u0259kan\u0131ndak\u0131 alternativ s\u0259sidir\",\"publisher\":{\"@id\":\"https:\\\/\\\/www.meydan.tv\\\/az\\\/#organization\"},\"potentialAction\":[{\"@type\":\"SearchAction\",\"target\":{\"@type\":\"EntryPoint\",\"urlTemplate\":\"https:\\\/\\\/www.meydan.tv\\\/az\\\/?s={search_term_string}\"},\"query-input\":{\"@type\":\"PropertyValueSpecification\",\"valueRequired\":true,\"valueName\":\"search_term_string\"}}],\"inLanguage\":\"az\"},{\"@type\":\"Organization\",\"@id\":\"https:\\\/\\\/www.meydan.tv\\\/az\\\/#organization\",\"name\":\"Meydan TV\",\"url\":\"https:\\\/\\\/www.meydan.tv\\\/az\\\/\",\"logo\":{\"@type\":\"ImageObject\",\"inLanguage\":\"az\",\"@id\":\"https:\\\/\\\/www.meydan.tv\\\/az\\\/#\\\/schema\\\/logo\\\/image\\\/\",\"url\":\"https:\\\/\\\/www.meydan.tv\\\/wp-content\\\/uploads\\\/2021\\\/07\\\/meydan-logo.svg\",\"contentUrl\":\"https:\\\/\\\/www.meydan.tv\\\/wp-content\\\/uploads\\\/2021\\\/07\\\/meydan-logo.svg\",\"width\":195,\"height\":46,\"caption\":\"Meydan TV\"},\"image\":{\"@id\":\"https:\\\/\\\/www.meydan.tv\\\/az\\\/#\\\/schema\\\/logo\\\/image\\\/\"}},{\"@type\":\"Person\",\"@id\":\"https:\\\/\\\/www.meydan.tv\\\/az\\\/#\\\/schema\\\/person\\\/9cdbecf90d17180ce1dfbd95b08dcf47\",\"name\":\"elli\",\"sameAs\":[\"https:\\\/\\\/x.com\\\/elli\"]}]}<\/script>\n<!-- \/ Yoast SEO plugin. -->","yoast_head_json":{"title":"BSU-nun ke\u00e7mi\u015f \u015f\u00f6b\u0259 m\u00fcdiri m\u0259hk\u0259m\u0259 zal\u0131nda h\u0259bs olunub - MEYDAN.TV","robots":{"index":"index","follow":"follow","max-snippet":"max-snippet:-1","max-image-preview":"max-image-preview:large","max-video-preview":"max-video-preview:-1"},"canonical":"https:\/\/www.meydan.tv\/az\/article\/bsu-nun-kecmis-sobe-mudiri-mehkeme-zalinda-hebs-olunub\/","og_locale":"az_AZ","og_type":"article","og_title":"BSU-nun ke\u00e7mi\u015f \u015f\u00f6b\u0259 m\u00fcdiri m\u0259hk\u0259m\u0259 zal\u0131nda h\u0259bs olunub - MEYDAN.TV","og_description":"6 il azadl\u0131qdan m\u0259hrum edil\u0259n D\u00fcrdan\u0259 \u018fliyeva m\u0259hk\u0259m\u0259 zal\u0131nda hu\u015funu ... Davam\u0131","og_url":"https:\/\/www.meydan.tv\/az\/article\/bsu-nun-kecmis-sobe-mudiri-mehkeme-zalinda-hebs-olunub\/","og_site_name":"MEYDAN.TV","article_published_time":"2023-11-20T08:48:54+00:00","article_modified_time":"2023-11-20T08:48:58+00:00","og_image":[{"width":1200,"height":800,"url":"https:\/\/www.meydan.tv\/wp-content\/uploads\/untitled-design-2-137.jpg","type":"image\/jpeg"}],"author":"elli","twitter_card":"summary_large_image","twitter_creator":"@elli","schema":{"@context":"https:\/\/schema.org","@graph":[{"@type":"Article","@id":"https:\/\/www.meydan.tv\/az\/article\/bsu-nun-kecmis-sobe-mudiri-mehkeme-zalinda-hebs-olunub\/#article","isPartOf":{"@id":"https:\/\/www.meydan.tv\/az\/article\/bsu-nun-kecmis-sobe-mudiri-mehkeme-zalinda-hebs-olunub\/"},"author":{"name":"elli","@id":"https:\/\/www.meydan.tv\/az\/#\/schema\/person\/9cdbecf90d17180ce1dfbd95b08dcf47"},"headline":"BSU-nun ke\u00e7mi\u015f \u015f\u00f6b\u0259 m\u00fcdiri m\u0259hk\u0259m\u0259 zal\u0131nda h\u0259bs olunub","datePublished":"2023-11-20T08:48:54+00:00","dateModified":"2023-11-20T08:48:58+00:00","mainEntityOfPage":{"@id":"https:\/\/www.meydan.tv\/az\/article\/bsu-nun-kecmis-sobe-mudiri-mehkeme-zalinda-hebs-olunub\/"},"wordCount":567,"publisher":{"@id":"https:\/\/www.meydan.tv\/az\/#organization"},"image":{"@id":"https:\/\/www.meydan.tv\/az\/article\/bsu-nun-kecmis-sobe-mudiri-mehkeme-zalinda-hebs-olunub\/#primaryimage"},"thumbnailUrl":"https:\/\/www.meydan.tv\/wp-content\/uploads\/untitled-design-2-137.jpg","articleSection":["Sosial","X\u0259b\u0259rl\u0259r"],"inLanguage":"az"},{"@type":"WebPage","@id":"https:\/\/www.meydan.tv\/az\/article\/bsu-nun-kecmis-sobe-mudiri-mehkeme-zalinda-hebs-olunub\/","url":"https:\/\/www.meydan.tv\/az\/article\/bsu-nun-kecmis-sobe-mudiri-mehkeme-zalinda-hebs-olunub\/","name":"BSU-nun ke\u00e7mi\u015f \u015f\u00f6b\u0259 m\u00fcdiri m\u0259hk\u0259m\u0259 zal\u0131nda h\u0259bs olunub - MEYDAN.TV","isPartOf":{"@id":"https:\/\/www.meydan.tv\/az\/#website"},"primaryImageOfPage":{"@id":"https:\/\/www.meydan.tv\/az\/article\/bsu-nun-kecmis-sobe-mudiri-mehkeme-zalinda-hebs-olunub\/#primaryimage"},"image":{"@id":"https:\/\/www.meydan.tv\/az\/article\/bsu-nun-kecmis-sobe-mudiri-mehkeme-zalinda-hebs-olunub\/#primaryimage"},"thumbnailUrl":"https:\/\/www.meydan.tv\/wp-content\/uploads\/untitled-design-2-137.jpg","datePublished":"2023-11-20T08:48:54+00:00","dateModified":"2023-11-20T08:48:58+00:00","breadcrumb":{"@id":"https:\/\/www.meydan.tv\/az\/article\/bsu-nun-kecmis-sobe-mudiri-mehkeme-zalinda-hebs-olunub\/#breadcrumb"},"inLanguage":"az","potentialAction":[{"@type":"ReadAction","target":["https:\/\/www.meydan.tv\/az\/article\/bsu-nun-kecmis-sobe-mudiri-mehkeme-zalinda-hebs-olunub\/"]}]},{"@type":"ImageObject","inLanguage":"az","@id":"https:\/\/www.meydan.tv\/az\/article\/bsu-nun-kecmis-sobe-mudiri-mehkeme-zalinda-hebs-olunub\/#primaryimage","url":"https:\/\/www.meydan.tv\/wp-content\/uploads\/untitled-design-2-137.jpg","contentUrl":"https:\/\/www.meydan.tv\/wp-content\/uploads\/untitled-design-2-137.jpg","width":1200,"height":800,"caption":"Bak\u0131 Slavyan Universiteti. Foto: arxiv"},{"@type":"BreadcrumbList","@id":"https:\/\/www.meydan.tv\/az\/article\/bsu-nun-kecmis-sobe-mudiri-mehkeme-zalinda-hebs-olunub\/#breadcrumb","itemListElement":[{"@type":"ListItem","position":1,"name":"Ana s\u0259hif\u0259","item":"https:\/\/www.meydan.tv\/az\/"},{"@type":"ListItem","position":2,"name":"Sosial","item":"https:\/\/www.meydan.tv\/az\/section\/sosial\/"},{"@type":"ListItem","position":3,"name":"BSU-nun ke\u00e7mi\u015f \u015f\u00f6b\u0259 m\u00fcdiri m\u0259hk\u0259m\u0259 zal\u0131nda h\u0259bs olunub"}]},{"@type":"WebSite","@id":"https:\/\/www.meydan.tv\/az\/#website","url":"https:\/\/www.meydan.tv\/az\/","name":"MEYDAN.TV","description":"Meydan TV Az\u0259rbaycan\u0131n media m\u0259kan\u0131ndak\u0131 alternativ s\u0259sidir","publisher":{"@id":"https:\/\/www.meydan.tv\/az\/#organization"},"potentialAction":[{"@type":"SearchAction","target":{"@type":"EntryPoint","urlTemplate":"https:\/\/www.meydan.tv\/az\/?s={search_term_string}"},"query-input":{"@type":"PropertyValueSpecification","valueRequired":true,"valueName":"search_term_string"}}],"inLanguage":"az"},{"@type":"Organization","@id":"https:\/\/www.meydan.tv\/az\/#organization","name":"Meydan TV","url":"https:\/\/www.meydan.tv\/az\/","logo":{"@type":"ImageObject","inLanguage":"az","@id":"https:\/\/www.meydan.tv\/az\/#\/schema\/logo\/image\/","url":"https:\/\/www.meydan.tv\/wp-content\/uploads\/2021\/07\/meydan-logo.svg","contentUrl":"https:\/\/www.meydan.tv\/wp-content\/uploads\/2021\/07\/meydan-logo.svg","width":195,"height":46,"caption":"Meydan TV"},"image":{"@id":"https:\/\/www.meydan.tv\/az\/#\/schema\/logo\/image\/"}},{"@type":"Person","@id":"https:\/\/www.meydan.tv\/az\/#\/schema\/person\/9cdbecf90d17180ce1dfbd95b08dcf47","name":"elli","sameAs":["https:\/\/x.com\/elli"]}]}},"_links":{"self":[{"href":"https:\/\/www.meydan.tv\/az\/wp-json\/wp\/v2\/posts\/290833","targetHints":{"allow":["GET"]}}],"collection":[{"href":"https:\/\/www.meydan.tv\/az\/wp-json\/wp\/v2\/posts"}],"about":[{"href":"https:\/\/www.meydan.tv\/az\/wp-json\/wp\/v2\/types\/post"}],"author":[{"embeddable":true,"href":"https:\/\/www.meydan.tv\/az\/wp-json\/wp\/v2\/users\/8"}],"replies":[{"embeddable":true,"href":"https:\/\/www.meydan.tv\/az\/wp-json\/wp\/v2\/comments?post=290833"}],"version-history":[{"count":3,"href":"https:\/\/www.meydan.tv\/az\/wp-json\/wp\/v2\/posts\/290833\/revisions"}],"predecessor-version":[{"id":290836,"href":"https:\/\/www.meydan.tv\/az\/wp-json\/wp\/v2\/posts\/290833\/revisions\/290836"}],"wp:featuredmedia":[{"embeddable":true,"href":"https:\/\/www.meydan.tv\/az\/wp-json\/wp\/v2\/media\/282740"}],"wp:attachment":[{"href":"https:\/\/www.meydan.tv\/az\/wp-json\/wp\/v2\/media?parent=290833"}],"wp:term":[{"taxonomy":"category","embeddable":true,"href":"https:\/\/www.meydan.tv\/az\/wp-json\/wp\/v2\/categories?post=290833"},{"taxonomy":"post_tag","embeddable":true,"href":"https:\/\/www.meydan.tv\/az\/wp-json\/wp\/v2\/tags?post=290833"}],"curies":[{"name":"wp","href":"https:\/\/api.w.org\/{rel}","templated":true}]}}