{"id":290825,"date":"2023-11-20T12:11:30","date_gmt":"2023-11-20T08:11:30","guid":{"rendered":"https:\/\/www.meydan.tv\/?p=290825"},"modified":"2023-11-20T12:11:34","modified_gmt":"2023-11-20T08:11:34","slug":"abzasmedianin-ofisinde-axtaris-aparilir","status":"publish","type":"post","link":"https:\/\/www.meydan.tv\/az\/article\/abzasmedianin-ofisinde-axtaris-aparilir\/","title":{"rendered":"\u201cAbzasMedia\u201dn\u0131n ofisind\u0259 axtar\u0131\u015f apar\u0131l\u0131r"},"content":{"rendered":"\n<p><\/p>\n\n\n\n<p><strong><em>Jurnalistl\u0259r \u0259razid\u0259n uzaqla\u015fd\u0131r\u0131l\u0131r<\/em><\/strong><\/p>\n\n\n\n<p>Polis \u0259m\u0259kda\u015flar\u0131 &#8220;AbzasMedia&#8221;n\u0131n ofisi qar\u015f\u0131s\u0131nda topla\u015f\u0131b. H\u0259m\u00e7inin, media qurumunun redaksiyas\u0131nda axtar\u0131\u015f apar\u0131l\u0131r.<\/p>\n\n\n\n<p>Bu bar\u0259d\u0259 media qurumunun \u0259m\u0259kda\u015flar\u0131 sosial mediada payla\u015f\u0131m edib.<\/p>\n\n\n\n<p>Bildirilir ki, haz\u0131rda jurnalistl\u0259r \u0259razid\u0259n u\u015faqla\u015fd\u0131r\u0131l\u0131r.<\/p>\n\n\n\n<p>&#8220;AbzasMedia&#8221;n\u0131n yayd\u0131\u011f\u0131 video <a href=\"https:\/\/www.facebook.com\/watch\/live?ref=watch_permalink&amp;v=731232565113303\">g\u00f6r\u00fcnt\u00fcl\u0259rd\u0259n<\/a> is\u0259 ayd\u0131n olur ki, polisl\u0259r \u0259razid\u0259 \u00e7\u0259kili\u015f aparan jurnalistl\u0259r\u0259 mane olur. Onlar\u0131 redaksiyan\u0131n oldu\u011fu binan\u0131n \u00f6n\u00fcnd\u0259n uzaqla\u015fd\u0131r\u0131r. Jurnalistl\u0259rin pe\u015f\u0259 f\u0259aliyy\u0259tini yerin\u0259 yetirm\u0259sin\u0259 mane olurlar.<\/p>\n\n\n\n<p>\u201cAbzasMedia\u201dn\u0131n direktoru \u00dclvi H\u0259s\u0259nlid\u0259n noyabr\u0131n 20-d\u0259n s\u0259h\u0259r saatlar\u0131ndan x\u0259b\u0259r <a href=\"https:\/\/www.meydan.tv\/az\/article\/abzasmedianin-direktoru-saxlanilib\/\">yoxdur<\/a>.<br>Daha sonra m\u0259lum olub ki, o, Bak\u0131 \u015f\u0259h\u0259r Ba\u015f Polis \u0130dar\u0259sind\u0259dir.<\/p>\n\n\n\n<p>V\u0259kili Zibeyd\u0259 Sad\u0131qova bildirib ki, onun hans\u0131 s\u0259b\u0259bl\u0259 saxlan\u0131lmas\u0131 bar\u0259d\u0259 ona m\u0259lumat verm\u0259yibl\u0259r, ara\u015fd\u0131r\u0131b, \u0259trafl\u0131 dan\u0131\u015facaq.<\/p>\n\n\n\n<p>\u00dclvi H\u0259s\u0259nlinin n\u0259 s\u0259b\u0259bl\u0259 saxlan\u0131lmas\u0131 il\u0259 ba\u011fl\u0131 Daxili \u0130\u015fl\u0259r Nazirliyind\u0259n (D\u0130N) d\u0259 m\u0259lumat almaq m\u00fcmk\u00fcn olmay\u0131b.<\/p>\n\n\n\n<p>\u201cAbzas Media\u201d son zamanlar daha \u00e7ox ara\u015fd\u0131rma materiallar\u0131 il\u0259 tan\u0131n\u0131r. Media qurum Prezident ail\u0259sinin v\u0259 Prezidentin tabe\u00e7iliyind\u0259 olan m\u0259murlar\u0131n biznesi, el\u0259c\u0259 d\u0259 Qaraba\u011fda ged\u0259n tikinti, burada \u00e7al\u0131\u015fan \u015firk\u0259tl\u0259rl\u0259 ba\u011fl\u0131 tez-tez ara\u015fd\u0131rmalar d\u0259rc edir.<\/p>\n","protected":false},"excerpt":{"rendered":"<p>Jurnalistl\u0259r \u0259razid\u0259n uzaqla\u015fd\u0131r\u0131l\u0131r Polis \u0259m\u0259kda\u015flar\u0131 &#8220;AbzasMedia&#8221;n\u0131n ofisi qar\u015f\u0131s\u0131nda topla\u015f\u0131b. H\u0259m\u00e7inin, &#8230; <\/p>\n<p class=\"read-more-container\"><a title=\"\u201cAbzasMedia\u201dn\u0131n ofisind\u0259 axtar\u0131\u015f apar\u0131l\u0131r\" class=\"read-more button\" href=\"https:\/\/www.meydan.tv\/az\/article\/abzasmedianin-ofisinde-axtaris-aparilir\/#more-290825\" aria-label=\"Read more about \u201cAbzasMedia\u201dn\u0131n ofisind\u0259 axtar\u0131\u015f apar\u0131l\u0131r\">Davam\u0131<\/a><\/p>\n","protected":false},"author":8,"featured_media":290826,"comment_status":"closed","ping_status":"closed","sticky":false,"template":"","format":"standard","meta":{"_acf_changed":false,"_sitemap_exclude":false,"_sitemap_priority":"","_sitemap_frequency":"","footnotes":""},"categories":[59,79,56],"tags":[],"class_list":["post-290825","post","type-post","status-publish","format-standard","has-post-thumbnail","hentry","category-siyaset","category-featured","category-xeberler","infinite-scroll-item","generate-columns","tablet-grid-50","mobile-grid-100","grid-parent","grid-33","no-featured-image-padding"],"acf":[],"yoast_head":"<!-- This site is optimized with the Yoast SEO plugin v27.4 - https:\/\/yoast.com\/product\/yoast-seo-wordpress\/ -->\n<title>\u201cAbzasMedia\u201dn\u0131n ofisind\u0259 axtar\u0131\u015f apar\u0131l\u0131r - MEYDAN.TV<\/title>\n<meta name=\"robots\" content=\"index, follow, max-snippet:-1, max-image-preview:large, max-video-preview:-1\" \/>\n<link rel=\"canonical\" href=\"https:\/\/www.meydan.tv\/az\/article\/abzasmedianin-ofisinde-axtaris-aparilir\/\" \/>\n<meta property=\"og:locale\" content=\"az_AZ\" \/>\n<meta property=\"og:type\" content=\"article\" \/>\n<meta property=\"og:title\" content=\"\u201cAbzasMedia\u201dn\u0131n ofisind\u0259 axtar\u0131\u015f apar\u0131l\u0131r - MEYDAN.TV\" \/>\n<meta property=\"og:description\" content=\"Jurnalistl\u0259r \u0259razid\u0259n uzaqla\u015fd\u0131r\u0131l\u0131r Polis \u0259m\u0259kda\u015flar\u0131 &#8220;AbzasMedia&#8221;n\u0131n ofisi qar\u015f\u0131s\u0131nda topla\u015f\u0131b. H\u0259m\u00e7inin, ... Davam\u0131\" \/>\n<meta property=\"og:url\" content=\"https:\/\/www.meydan.tv\/az\/article\/abzasmedianin-ofisinde-axtaris-aparilir\/\" \/>\n<meta property=\"og:site_name\" content=\"MEYDAN.TV\" \/>\n<meta property=\"article:published_time\" content=\"2023-11-20T08:11:30+00:00\" \/>\n<meta property=\"article:modified_time\" content=\"2023-11-20T08:11:34+00:00\" \/>\n<meta property=\"og:image\" content=\"https:\/\/www.meydan.tv\/wp-content\/uploads\/screenshot_1-29.png\" \/>\n\t<meta property=\"og:image:width\" content=\"1500\" \/>\n\t<meta property=\"og:image:height\" content=\"631\" \/>\n\t<meta property=\"og:image:type\" content=\"image\/png\" \/>\n<meta name=\"author\" content=\"elli\" \/>\n<meta name=\"twitter:card\" content=\"summary_large_image\" \/>\n<meta name=\"twitter:creator\" content=\"@elli\" \/>\n<script type=\"application\/ld+json\" class=\"yoast-schema-graph\">{\"@context\":\"https:\\\/\\\/schema.org\",\"@graph\":[{\"@type\":\"Article\",\"@id\":\"https:\\\/\\\/www.meydan.tv\\\/az\\\/article\\\/abzasmedianin-ofisinde-axtaris-aparilir\\\/#article\",\"isPartOf\":{\"@id\":\"https:\\\/\\\/www.meydan.tv\\\/az\\\/article\\\/abzasmedianin-ofisinde-axtaris-aparilir\\\/\"},\"author\":{\"name\":\"elli\",\"@id\":\"https:\\\/\\\/www.meydan.tv\\\/az\\\/#\\\/schema\\\/person\\\/9cdbecf90d17180ce1dfbd95b08dcf47\"},\"headline\":\"\u201cAbzasMedia\u201dn\u0131n ofisind\u0259 axtar\u0131\u015f apar\u0131l\u0131r\",\"datePublished\":\"2023-11-20T08:11:30+00:00\",\"dateModified\":\"2023-11-20T08:11:34+00:00\",\"mainEntityOfPage\":{\"@id\":\"https:\\\/\\\/www.meydan.tv\\\/az\\\/article\\\/abzasmedianin-ofisinde-axtaris-aparilir\\\/\"},\"wordCount\":264,\"publisher\":{\"@id\":\"https:\\\/\\\/www.meydan.tv\\\/az\\\/#organization\"},\"image\":{\"@id\":\"https:\\\/\\\/www.meydan.tv\\\/az\\\/article\\\/abzasmedianin-ofisinde-axtaris-aparilir\\\/#primaryimage\"},\"thumbnailUrl\":\"https:\\\/\\\/www.meydan.tv\\\/wp-content\\\/uploads\\\/screenshot_1-29.png\",\"articleSection\":[\"Siyas\u0259t\",\"T\u00f6vsiy\u0259\",\"X\u0259b\u0259rl\u0259r\"],\"inLanguage\":\"az\"},{\"@type\":\"WebPage\",\"@id\":\"https:\\\/\\\/www.meydan.tv\\\/az\\\/article\\\/abzasmedianin-ofisinde-axtaris-aparilir\\\/\",\"url\":\"https:\\\/\\\/www.meydan.tv\\\/az\\\/article\\\/abzasmedianin-ofisinde-axtaris-aparilir\\\/\",\"name\":\"\u201cAbzasMedia\u201dn\u0131n ofisind\u0259 axtar\u0131\u015f apar\u0131l\u0131r - MEYDAN.TV\",\"isPartOf\":{\"@id\":\"https:\\\/\\\/www.meydan.tv\\\/az\\\/#website\"},\"primaryImageOfPage\":{\"@id\":\"https:\\\/\\\/www.meydan.tv\\\/az\\\/article\\\/abzasmedianin-ofisinde-axtaris-aparilir\\\/#primaryimage\"},\"image\":{\"@id\":\"https:\\\/\\\/www.meydan.tv\\\/az\\\/article\\\/abzasmedianin-ofisinde-axtaris-aparilir\\\/#primaryimage\"},\"thumbnailUrl\":\"https:\\\/\\\/www.meydan.tv\\\/wp-content\\\/uploads\\\/screenshot_1-29.png\",\"datePublished\":\"2023-11-20T08:11:30+00:00\",\"dateModified\":\"2023-11-20T08:11:34+00:00\",\"breadcrumb\":{\"@id\":\"https:\\\/\\\/www.meydan.tv\\\/az\\\/article\\\/abzasmedianin-ofisinde-axtaris-aparilir\\\/#breadcrumb\"},\"inLanguage\":\"az\",\"potentialAction\":[{\"@type\":\"ReadAction\",\"target\":[\"https:\\\/\\\/www.meydan.tv\\\/az\\\/article\\\/abzasmedianin-ofisinde-axtaris-aparilir\\\/\"]}]},{\"@type\":\"ImageObject\",\"inLanguage\":\"az\",\"@id\":\"https:\\\/\\\/www.meydan.tv\\\/az\\\/article\\\/abzasmedianin-ofisinde-axtaris-aparilir\\\/#primaryimage\",\"url\":\"https:\\\/\\\/www.meydan.tv\\\/wp-content\\\/uploads\\\/screenshot_1-29.png\",\"contentUrl\":\"https:\\\/\\\/www.meydan.tv\\\/wp-content\\\/uploads\\\/screenshot_1-29.png\",\"width\":1500,\"height\":631,\"caption\":\"Foto: screenshot\"},{\"@type\":\"BreadcrumbList\",\"@id\":\"https:\\\/\\\/www.meydan.tv\\\/az\\\/article\\\/abzasmedianin-ofisinde-axtaris-aparilir\\\/#breadcrumb\",\"itemListElement\":[{\"@type\":\"ListItem\",\"position\":1,\"name\":\"Ana s\u0259hif\u0259\",\"item\":\"https:\\\/\\\/www.meydan.tv\\\/az\\\/\"},{\"@type\":\"ListItem\",\"position\":2,\"name\":\"Siyas\u0259t\",\"item\":\"https:\\\/\\\/www.meydan.tv\\\/az\\\/section\\\/siyaset\\\/\"},{\"@type\":\"ListItem\",\"position\":3,\"name\":\"\u201cAbzasMedia\u201dn\u0131n ofisind\u0259 axtar\u0131\u015f apar\u0131l\u0131r\"}]},{\"@type\":\"WebSite\",\"@id\":\"https:\\\/\\\/www.meydan.tv\\\/az\\\/#website\",\"url\":\"https:\\\/\\\/www.meydan.tv\\\/az\\\/\",\"name\":\"MEYDAN.TV\",\"description\":\"Meydan TV Az\u0259rbaycan\u0131n media m\u0259kan\u0131ndak\u0131 alternativ s\u0259sidir\",\"publisher\":{\"@id\":\"https:\\\/\\\/www.meydan.tv\\\/az\\\/#organization\"},\"potentialAction\":[{\"@type\":\"SearchAction\",\"target\":{\"@type\":\"EntryPoint\",\"urlTemplate\":\"https:\\\/\\\/www.meydan.tv\\\/az\\\/?s={search_term_string}\"},\"query-input\":{\"@type\":\"PropertyValueSpecification\",\"valueRequired\":true,\"valueName\":\"search_term_string\"}}],\"inLanguage\":\"az\"},{\"@type\":\"Organization\",\"@id\":\"https:\\\/\\\/www.meydan.tv\\\/az\\\/#organization\",\"name\":\"Meydan TV\",\"url\":\"https:\\\/\\\/www.meydan.tv\\\/az\\\/\",\"logo\":{\"@type\":\"ImageObject\",\"inLanguage\":\"az\",\"@id\":\"https:\\\/\\\/www.meydan.tv\\\/az\\\/#\\\/schema\\\/logo\\\/image\\\/\",\"url\":\"https:\\\/\\\/www.meydan.tv\\\/wp-content\\\/uploads\\\/2021\\\/07\\\/meydan-logo.svg\",\"contentUrl\":\"https:\\\/\\\/www.meydan.tv\\\/wp-content\\\/uploads\\\/2021\\\/07\\\/meydan-logo.svg\",\"width\":195,\"height\":46,\"caption\":\"Meydan TV\"},\"image\":{\"@id\":\"https:\\\/\\\/www.meydan.tv\\\/az\\\/#\\\/schema\\\/logo\\\/image\\\/\"}},{\"@type\":\"Person\",\"@id\":\"https:\\\/\\\/www.meydan.tv\\\/az\\\/#\\\/schema\\\/person\\\/9cdbecf90d17180ce1dfbd95b08dcf47\",\"name\":\"elli\",\"sameAs\":[\"https:\\\/\\\/x.com\\\/elli\"]}]}<\/script>\n<!-- \/ Yoast SEO plugin. -->","yoast_head_json":{"title":"\u201cAbzasMedia\u201dn\u0131n ofisind\u0259 axtar\u0131\u015f apar\u0131l\u0131r - MEYDAN.TV","robots":{"index":"index","follow":"follow","max-snippet":"max-snippet:-1","max-image-preview":"max-image-preview:large","max-video-preview":"max-video-preview:-1"},"canonical":"https:\/\/www.meydan.tv\/az\/article\/abzasmedianin-ofisinde-axtaris-aparilir\/","og_locale":"az_AZ","og_type":"article","og_title":"\u201cAbzasMedia\u201dn\u0131n ofisind\u0259 axtar\u0131\u015f apar\u0131l\u0131r - MEYDAN.TV","og_description":"Jurnalistl\u0259r \u0259razid\u0259n uzaqla\u015fd\u0131r\u0131l\u0131r Polis \u0259m\u0259kda\u015flar\u0131 &#8220;AbzasMedia&#8221;n\u0131n ofisi qar\u015f\u0131s\u0131nda topla\u015f\u0131b. H\u0259m\u00e7inin, ... Davam\u0131","og_url":"https:\/\/www.meydan.tv\/az\/article\/abzasmedianin-ofisinde-axtaris-aparilir\/","og_site_name":"MEYDAN.TV","article_published_time":"2023-11-20T08:11:30+00:00","article_modified_time":"2023-11-20T08:11:34+00:00","og_image":[{"width":1500,"height":631,"url":"https:\/\/www.meydan.tv\/wp-content\/uploads\/screenshot_1-29.png","type":"image\/png"}],"author":"elli","twitter_card":"summary_large_image","twitter_creator":"@elli","schema":{"@context":"https:\/\/schema.org","@graph":[{"@type":"Article","@id":"https:\/\/www.meydan.tv\/az\/article\/abzasmedianin-ofisinde-axtaris-aparilir\/#article","isPartOf":{"@id":"https:\/\/www.meydan.tv\/az\/article\/abzasmedianin-ofisinde-axtaris-aparilir\/"},"author":{"name":"elli","@id":"https:\/\/www.meydan.tv\/az\/#\/schema\/person\/9cdbecf90d17180ce1dfbd95b08dcf47"},"headline":"\u201cAbzasMedia\u201dn\u0131n ofisind\u0259 axtar\u0131\u015f apar\u0131l\u0131r","datePublished":"2023-11-20T08:11:30+00:00","dateModified":"2023-11-20T08:11:34+00:00","mainEntityOfPage":{"@id":"https:\/\/www.meydan.tv\/az\/article\/abzasmedianin-ofisinde-axtaris-aparilir\/"},"wordCount":264,"publisher":{"@id":"https:\/\/www.meydan.tv\/az\/#organization"},"image":{"@id":"https:\/\/www.meydan.tv\/az\/article\/abzasmedianin-ofisinde-axtaris-aparilir\/#primaryimage"},"thumbnailUrl":"https:\/\/www.meydan.tv\/wp-content\/uploads\/screenshot_1-29.png","articleSection":["Siyas\u0259t","T\u00f6vsiy\u0259","X\u0259b\u0259rl\u0259r"],"inLanguage":"az"},{"@type":"WebPage","@id":"https:\/\/www.meydan.tv\/az\/article\/abzasmedianin-ofisinde-axtaris-aparilir\/","url":"https:\/\/www.meydan.tv\/az\/article\/abzasmedianin-ofisinde-axtaris-aparilir\/","name":"\u201cAbzasMedia\u201dn\u0131n ofisind\u0259 axtar\u0131\u015f apar\u0131l\u0131r - MEYDAN.TV","isPartOf":{"@id":"https:\/\/www.meydan.tv\/az\/#website"},"primaryImageOfPage":{"@id":"https:\/\/www.meydan.tv\/az\/article\/abzasmedianin-ofisinde-axtaris-aparilir\/#primaryimage"},"image":{"@id":"https:\/\/www.meydan.tv\/az\/article\/abzasmedianin-ofisinde-axtaris-aparilir\/#primaryimage"},"thumbnailUrl":"https:\/\/www.meydan.tv\/wp-content\/uploads\/screenshot_1-29.png","datePublished":"2023-11-20T08:11:30+00:00","dateModified":"2023-11-20T08:11:34+00:00","breadcrumb":{"@id":"https:\/\/www.meydan.tv\/az\/article\/abzasmedianin-ofisinde-axtaris-aparilir\/#breadcrumb"},"inLanguage":"az","potentialAction":[{"@type":"ReadAction","target":["https:\/\/www.meydan.tv\/az\/article\/abzasmedianin-ofisinde-axtaris-aparilir\/"]}]},{"@type":"ImageObject","inLanguage":"az","@id":"https:\/\/www.meydan.tv\/az\/article\/abzasmedianin-ofisinde-axtaris-aparilir\/#primaryimage","url":"https:\/\/www.meydan.tv\/wp-content\/uploads\/screenshot_1-29.png","contentUrl":"https:\/\/www.meydan.tv\/wp-content\/uploads\/screenshot_1-29.png","width":1500,"height":631,"caption":"Foto: screenshot"},{"@type":"BreadcrumbList","@id":"https:\/\/www.meydan.tv\/az\/article\/abzasmedianin-ofisinde-axtaris-aparilir\/#breadcrumb","itemListElement":[{"@type":"ListItem","position":1,"name":"Ana s\u0259hif\u0259","item":"https:\/\/www.meydan.tv\/az\/"},{"@type":"ListItem","position":2,"name":"Siyas\u0259t","item":"https:\/\/www.meydan.tv\/az\/section\/siyaset\/"},{"@type":"ListItem","position":3,"name":"\u201cAbzasMedia\u201dn\u0131n ofisind\u0259 axtar\u0131\u015f apar\u0131l\u0131r"}]},{"@type":"WebSite","@id":"https:\/\/www.meydan.tv\/az\/#website","url":"https:\/\/www.meydan.tv\/az\/","name":"MEYDAN.TV","description":"Meydan TV Az\u0259rbaycan\u0131n media m\u0259kan\u0131ndak\u0131 alternativ s\u0259sidir","publisher":{"@id":"https:\/\/www.meydan.tv\/az\/#organization"},"potentialAction":[{"@type":"SearchAction","target":{"@type":"EntryPoint","urlTemplate":"https:\/\/www.meydan.tv\/az\/?s={search_term_string}"},"query-input":{"@type":"PropertyValueSpecification","valueRequired":true,"valueName":"search_term_string"}}],"inLanguage":"az"},{"@type":"Organization","@id":"https:\/\/www.meydan.tv\/az\/#organization","name":"Meydan TV","url":"https:\/\/www.meydan.tv\/az\/","logo":{"@type":"ImageObject","inLanguage":"az","@id":"https:\/\/www.meydan.tv\/az\/#\/schema\/logo\/image\/","url":"https:\/\/www.meydan.tv\/wp-content\/uploads\/2021\/07\/meydan-logo.svg","contentUrl":"https:\/\/www.meydan.tv\/wp-content\/uploads\/2021\/07\/meydan-logo.svg","width":195,"height":46,"caption":"Meydan TV"},"image":{"@id":"https:\/\/www.meydan.tv\/az\/#\/schema\/logo\/image\/"}},{"@type":"Person","@id":"https:\/\/www.meydan.tv\/az\/#\/schema\/person\/9cdbecf90d17180ce1dfbd95b08dcf47","name":"elli","sameAs":["https:\/\/x.com\/elli"]}]}},"_links":{"self":[{"href":"https:\/\/www.meydan.tv\/az\/wp-json\/wp\/v2\/posts\/290825","targetHints":{"allow":["GET"]}}],"collection":[{"href":"https:\/\/www.meydan.tv\/az\/wp-json\/wp\/v2\/posts"}],"about":[{"href":"https:\/\/www.meydan.tv\/az\/wp-json\/wp\/v2\/types\/post"}],"author":[{"embeddable":true,"href":"https:\/\/www.meydan.tv\/az\/wp-json\/wp\/v2\/users\/8"}],"replies":[{"embeddable":true,"href":"https:\/\/www.meydan.tv\/az\/wp-json\/wp\/v2\/comments?post=290825"}],"version-history":[{"count":3,"href":"https:\/\/www.meydan.tv\/az\/wp-json\/wp\/v2\/posts\/290825\/revisions"}],"predecessor-version":[{"id":290831,"href":"https:\/\/www.meydan.tv\/az\/wp-json\/wp\/v2\/posts\/290825\/revisions\/290831"}],"wp:featuredmedia":[{"embeddable":true,"href":"https:\/\/www.meydan.tv\/az\/wp-json\/wp\/v2\/media\/290826"}],"wp:attachment":[{"href":"https:\/\/www.meydan.tv\/az\/wp-json\/wp\/v2\/media?parent=290825"}],"wp:term":[{"taxonomy":"category","embeddable":true,"href":"https:\/\/www.meydan.tv\/az\/wp-json\/wp\/v2\/categories?post=290825"},{"taxonomy":"post_tag","embeddable":true,"href":"https:\/\/www.meydan.tv\/az\/wp-json\/wp\/v2\/tags?post=290825"}],"curies":[{"name":"wp","href":"https:\/\/api.w.org\/{rel}","templated":true}]}}