{"id":290799,"date":"2023-11-20T11:12:55","date_gmt":"2023-11-20T07:12:55","guid":{"rendered":"https:\/\/www.meydan.tv\/?p=290799"},"modified":"2023-11-20T11:36:05","modified_gmt":"2023-11-20T07:36:05","slug":"abzasmedianin-direktoru-saxlanilib","status":"publish","type":"post","link":"https:\/\/www.meydan.tv\/az\/article\/abzasmedianin-direktoru-saxlanilib\/","title":{"rendered":"\u201cAbzasMedia\u201dn\u0131n direktoru saxlan\u0131l\u0131b"},"content":{"rendered":"\n<p><\/p>\n\n\n\n<p><strong><em>H\u0259l\u0259lik s\u0259b\u0259bi il\u0259 ba\u011fl\u0131 m\u0259lumat verilmir<\/em><\/strong><\/p>\n\n\n\n<p>\u201cAbzasMedia\u201dn\u0131n direktoru \u00dclvi H\u0259s\u0259nlid\u0259n noyabr\u0131n 20-d\u0259n s\u0259h\u0259r saatlar\u0131ndan x\u0259b\u0259r yoxdur. Bu bar\u0259d\u0259 \u201cAbzasMedia\u201dn\u0131n redaktoru Sevinc Vaqifq\u0131z\u0131 m\u0259lumat verib. O, \u00dclvi H\u0259s\u0259nlinin h\u0259bs edildiyini ehtimal edir:<\/p>\n\n\n\n<p>\u201c<em>\u00dclvi H\u0259s\u0259nli noyabr\u0131n 20-d\u0259n bazar ert\u0259si g\u00fcn\u00fcn ilk saatlar\u0131ndan itkin d\u00fc\u015f\u00fcb. O, gec\u0259 t\u0259yyar\u0259y\u0259 minm\u0259li idi v\u0259 evind\u0259n \u00e7emodanla \u00e7\u0131x\u0131b. Lakin t\u0259yyar\u0259d\u0259 olan dig\u0259rl\u0259rinin s\u00f6zl\u0259rin\u0259 g\u00f6r\u0259, o, \u00f6z u\u00e7u\u015funu h\u0259yata ke\u00e7irm\u0259yib. Telefonu haz\u0131rda s\u00f6nd\u00fcr\u00fcl\u00fcb v\u0259 harada oldu\u011fu bilinmir\u201d.<\/em><\/p>\n\n\n\n<p>\u201cAbzasMedia\u201d kollektivi hesab edir ki, \u00dclvi H\u0259s\u0259nli Az\u0259rbaycan Prezidenti \u0130lham \u018fliyevin korrupsiya qalmaqallar\u0131 il\u0259 ba\u011fl\u0131 ara\u015fd\u0131rmalara g\u00f6r\u0259 h\u0259bs edilib:<\/p>\n\n\n\n<p>\u201c<em>V\u0259kili ona n\u0259 \u00e7ata, n\u0259 d\u0259 tapa bilir\u201d.<\/em><\/p>\n\n\n\n<p>\u00dclvi H\u0259s\u0259nlinin v\u0259kili Zibeyd\u0259 Sad\u0131qovad\u0131r. Meydan TV-y\u0259 bildirib ki, \u00dclvi H\u0259s\u0259nli haz\u0131rda Bak\u0131 \u015f\u0259h\u0259r Ba\u015f Polis \u0130dar\u0259sind\u0259dir.<\/p>\n\n\n\n<p>\u201c<em>N\u0259 s\u0259b\u0259b\u0259 saxlan\u0131lmas\u0131 bar\u0259d\u0259 m\u0259n\u0259 m\u0259lumat verilm\u0259yib. Haz\u0131rda ora getm\u0259y\u0259 haz\u0131rla\u015f\u0131ram. H\u0259bsinin s\u0259b\u0259bini ara\u015fd\u0131r\u0131b, m\u0259lumat ver\u0259c\u0259y\u0259m\u201d.<\/em><\/p>\n\n\n\n<p>V\u0259kil daha \u00f6nc\u0259 Bin\u0259q\u0259di rayon Polis \u0130dar\u0259si v\u0259 Hava N\u0259qliyyat\u0131nda Polis \u0130dar\u0259si il\u0259 \u0259laq\u0259 saxlay\u0131b. H\u0259r iki qurum \u00dclvi H\u0259s\u0259nli bar\u0259d\u0259 m\u0259lumatlar\u0131n\u0131n olmad\u0131\u011f\u0131n\u0131 bildiribl\u0259r.<\/p>\n\n\n\n<p>Meydan TV \u00dclvi H\u0259s\u0259nlinin n\u0259 s\u0259b\u0259b\u0259 saxlanmas\u0131 il\u0259 ba\u011fl\u0131 Daxili \u0130\u015fl\u0259r Nazirliyind\u0259n (D\u0130N) m\u0259lumat ala bilm\u0259yib.<\/p>\n\n\n\n<p>&#8220;Abzas Media&#8221; son zamanlar daha \u00e7ox ara\u015fd\u0131rma materiallar\u0131 il\u0259 tan\u0131n\u0131r. Media qurum Prezident ail\u0259sinin v\u0259 Prezidentin tabe\u00e7iliyind\u0259 olan m\u0259murlar\u0131n biznesi, el\u0259c\u0259 d\u0259 Qaraba\u011fda ged\u0259n tikinti, burada \u00e7al\u0131\u015fan \u015firk\u0259tl\u0259rl\u0259 ba\u011fl\u0131 tez-tez ara\u015fd\u0131rmalar d\u0259rc edir.<\/p>\n","protected":false},"excerpt":{"rendered":"<p>H\u0259l\u0259lik s\u0259b\u0259bi il\u0259 ba\u011fl\u0131 m\u0259lumat verilmir \u201cAbzasMedia\u201dn\u0131n direktoru \u00dclvi H\u0259s\u0259nlid\u0259n &#8230; <\/p>\n<p class=\"read-more-container\"><a title=\"\u201cAbzasMedia\u201dn\u0131n direktoru saxlan\u0131l\u0131b\" class=\"read-more button\" href=\"https:\/\/www.meydan.tv\/az\/article\/abzasmedianin-direktoru-saxlanilib\/#more-290799\" aria-label=\"Read more about \u201cAbzasMedia\u201dn\u0131n direktoru saxlan\u0131l\u0131b\">Davam\u0131<\/a><\/p>\n","protected":false},"author":8,"featured_media":136779,"comment_status":"closed","ping_status":"closed","sticky":false,"template":"","format":"standard","meta":{"_acf_changed":false,"_sitemap_exclude":false,"_sitemap_priority":"","_sitemap_frequency":"","footnotes":""},"categories":[59,79,56],"tags":[],"class_list":["post-290799","post","type-post","status-publish","format-standard","has-post-thumbnail","hentry","category-siyaset","category-featured","category-xeberler","infinite-scroll-item","generate-columns","tablet-grid-50","mobile-grid-100","grid-parent","grid-33","no-featured-image-padding"],"acf":[],"yoast_head":"<!-- This site is optimized with the Yoast SEO plugin v27.4 - https:\/\/yoast.com\/product\/yoast-seo-wordpress\/ -->\n<title>\u201cAbzasMedia\u201dn\u0131n direktoru saxlan\u0131l\u0131b - MEYDAN.TV<\/title>\n<meta name=\"robots\" content=\"index, follow, max-snippet:-1, max-image-preview:large, max-video-preview:-1\" \/>\n<link rel=\"canonical\" href=\"https:\/\/www.meydan.tv\/az\/article\/abzasmedianin-direktoru-saxlanilib\/\" \/>\n<meta property=\"og:locale\" content=\"az_AZ\" \/>\n<meta property=\"og:type\" content=\"article\" \/>\n<meta property=\"og:title\" content=\"\u201cAbzasMedia\u201dn\u0131n direktoru saxlan\u0131l\u0131b - MEYDAN.TV\" \/>\n<meta property=\"og:description\" content=\"H\u0259l\u0259lik s\u0259b\u0259bi il\u0259 ba\u011fl\u0131 m\u0259lumat verilmir \u201cAbzasMedia\u201dn\u0131n direktoru \u00dclvi H\u0259s\u0259nlid\u0259n ... Davam\u0131\" \/>\n<meta property=\"og:url\" content=\"https:\/\/www.meydan.tv\/az\/article\/abzasmedianin-direktoru-saxlanilib\/\" \/>\n<meta property=\"og:site_name\" content=\"MEYDAN.TV\" \/>\n<meta property=\"article:published_time\" content=\"2023-11-20T07:12:55+00:00\" \/>\n<meta property=\"article:modified_time\" content=\"2023-11-20T07:36:05+00:00\" \/>\n<meta property=\"og:image\" content=\"https:\/\/www.meydan.tv\/wp-content\/uploads\/lighthousefellowship-2-e1700464068402.jpg\" \/>\n\t<meta property=\"og:image:width\" content=\"1024\" \/>\n\t<meta property=\"og:image:height\" content=\"542\" \/>\n\t<meta property=\"og:image:type\" content=\"image\/jpeg\" \/>\n<meta name=\"author\" content=\"elli\" \/>\n<meta name=\"twitter:card\" content=\"summary_large_image\" \/>\n<meta name=\"twitter:creator\" content=\"@elli\" \/>\n<script type=\"application\/ld+json\" class=\"yoast-schema-graph\">{\"@context\":\"https:\\\/\\\/schema.org\",\"@graph\":[{\"@type\":\"Article\",\"@id\":\"https:\\\/\\\/www.meydan.tv\\\/az\\\/article\\\/abzasmedianin-direktoru-saxlanilib\\\/#article\",\"isPartOf\":{\"@id\":\"https:\\\/\\\/www.meydan.tv\\\/az\\\/article\\\/abzasmedianin-direktoru-saxlanilib\\\/\"},\"author\":{\"name\":\"elli\",\"@id\":\"https:\\\/\\\/www.meydan.tv\\\/az\\\/#\\\/schema\\\/person\\\/9cdbecf90d17180ce1dfbd95b08dcf47\"},\"headline\":\"\u201cAbzasMedia\u201dn\u0131n direktoru saxlan\u0131l\u0131b\",\"datePublished\":\"2023-11-20T07:12:55+00:00\",\"dateModified\":\"2023-11-20T07:36:05+00:00\",\"mainEntityOfPage\":{\"@id\":\"https:\\\/\\\/www.meydan.tv\\\/az\\\/article\\\/abzasmedianin-direktoru-saxlanilib\\\/\"},\"wordCount\":353,\"publisher\":{\"@id\":\"https:\\\/\\\/www.meydan.tv\\\/az\\\/#organization\"},\"image\":{\"@id\":\"https:\\\/\\\/www.meydan.tv\\\/az\\\/article\\\/abzasmedianin-direktoru-saxlanilib\\\/#primaryimage\"},\"thumbnailUrl\":\"https:\\\/\\\/www.meydan.tv\\\/wp-content\\\/uploads\\\/lighthousefellowship-2-e1700464068402.jpg\",\"articleSection\":[\"Siyas\u0259t\",\"T\u00f6vsiy\u0259\",\"X\u0259b\u0259rl\u0259r\"],\"inLanguage\":\"az\"},{\"@type\":\"WebPage\",\"@id\":\"https:\\\/\\\/www.meydan.tv\\\/az\\\/article\\\/abzasmedianin-direktoru-saxlanilib\\\/\",\"url\":\"https:\\\/\\\/www.meydan.tv\\\/az\\\/article\\\/abzasmedianin-direktoru-saxlanilib\\\/\",\"name\":\"\u201cAbzasMedia\u201dn\u0131n direktoru saxlan\u0131l\u0131b - MEYDAN.TV\",\"isPartOf\":{\"@id\":\"https:\\\/\\\/www.meydan.tv\\\/az\\\/#website\"},\"primaryImageOfPage\":{\"@id\":\"https:\\\/\\\/www.meydan.tv\\\/az\\\/article\\\/abzasmedianin-direktoru-saxlanilib\\\/#primaryimage\"},\"image\":{\"@id\":\"https:\\\/\\\/www.meydan.tv\\\/az\\\/article\\\/abzasmedianin-direktoru-saxlanilib\\\/#primaryimage\"},\"thumbnailUrl\":\"https:\\\/\\\/www.meydan.tv\\\/wp-content\\\/uploads\\\/lighthousefellowship-2-e1700464068402.jpg\",\"datePublished\":\"2023-11-20T07:12:55+00:00\",\"dateModified\":\"2023-11-20T07:36:05+00:00\",\"breadcrumb\":{\"@id\":\"https:\\\/\\\/www.meydan.tv\\\/az\\\/article\\\/abzasmedianin-direktoru-saxlanilib\\\/#breadcrumb\"},\"inLanguage\":\"az\",\"potentialAction\":[{\"@type\":\"ReadAction\",\"target\":[\"https:\\\/\\\/www.meydan.tv\\\/az\\\/article\\\/abzasmedianin-direktoru-saxlanilib\\\/\"]}]},{\"@type\":\"ImageObject\",\"inLanguage\":\"az\",\"@id\":\"https:\\\/\\\/www.meydan.tv\\\/az\\\/article\\\/abzasmedianin-direktoru-saxlanilib\\\/#primaryimage\",\"url\":\"https:\\\/\\\/www.meydan.tv\\\/wp-content\\\/uploads\\\/lighthousefellowship-2-e1700464068402.jpg\",\"contentUrl\":\"https:\\\/\\\/www.meydan.tv\\\/wp-content\\\/uploads\\\/lighthousefellowship-2-e1700464068402.jpg\",\"width\":1024,\"height\":542,\"caption\":\"Foto: \u00dclvi H\u0259s\u0259nlinin \u015f\u0259xsi arxivind\u0259n\"},{\"@type\":\"BreadcrumbList\",\"@id\":\"https:\\\/\\\/www.meydan.tv\\\/az\\\/article\\\/abzasmedianin-direktoru-saxlanilib\\\/#breadcrumb\",\"itemListElement\":[{\"@type\":\"ListItem\",\"position\":1,\"name\":\"Ana s\u0259hif\u0259\",\"item\":\"https:\\\/\\\/www.meydan.tv\\\/az\\\/\"},{\"@type\":\"ListItem\",\"position\":2,\"name\":\"Siyas\u0259t\",\"item\":\"https:\\\/\\\/www.meydan.tv\\\/az\\\/section\\\/siyaset\\\/\"},{\"@type\":\"ListItem\",\"position\":3,\"name\":\"\u201cAbzasMedia\u201dn\u0131n direktoru saxlan\u0131l\u0131b\"}]},{\"@type\":\"WebSite\",\"@id\":\"https:\\\/\\\/www.meydan.tv\\\/az\\\/#website\",\"url\":\"https:\\\/\\\/www.meydan.tv\\\/az\\\/\",\"name\":\"MEYDAN.TV\",\"description\":\"Meydan TV Az\u0259rbaycan\u0131n media m\u0259kan\u0131ndak\u0131 alternativ s\u0259sidir\",\"publisher\":{\"@id\":\"https:\\\/\\\/www.meydan.tv\\\/az\\\/#organization\"},\"potentialAction\":[{\"@type\":\"SearchAction\",\"target\":{\"@type\":\"EntryPoint\",\"urlTemplate\":\"https:\\\/\\\/www.meydan.tv\\\/az\\\/?s={search_term_string}\"},\"query-input\":{\"@type\":\"PropertyValueSpecification\",\"valueRequired\":true,\"valueName\":\"search_term_string\"}}],\"inLanguage\":\"az\"},{\"@type\":\"Organization\",\"@id\":\"https:\\\/\\\/www.meydan.tv\\\/az\\\/#organization\",\"name\":\"Meydan TV\",\"url\":\"https:\\\/\\\/www.meydan.tv\\\/az\\\/\",\"logo\":{\"@type\":\"ImageObject\",\"inLanguage\":\"az\",\"@id\":\"https:\\\/\\\/www.meydan.tv\\\/az\\\/#\\\/schema\\\/logo\\\/image\\\/\",\"url\":\"https:\\\/\\\/www.meydan.tv\\\/wp-content\\\/uploads\\\/2021\\\/07\\\/meydan-logo.svg\",\"contentUrl\":\"https:\\\/\\\/www.meydan.tv\\\/wp-content\\\/uploads\\\/2021\\\/07\\\/meydan-logo.svg\",\"width\":195,\"height\":46,\"caption\":\"Meydan TV\"},\"image\":{\"@id\":\"https:\\\/\\\/www.meydan.tv\\\/az\\\/#\\\/schema\\\/logo\\\/image\\\/\"}},{\"@type\":\"Person\",\"@id\":\"https:\\\/\\\/www.meydan.tv\\\/az\\\/#\\\/schema\\\/person\\\/9cdbecf90d17180ce1dfbd95b08dcf47\",\"name\":\"elli\",\"sameAs\":[\"https:\\\/\\\/x.com\\\/elli\"]}]}<\/script>\n<!-- \/ Yoast SEO plugin. -->","yoast_head_json":{"title":"\u201cAbzasMedia\u201dn\u0131n direktoru saxlan\u0131l\u0131b - MEYDAN.TV","robots":{"index":"index","follow":"follow","max-snippet":"max-snippet:-1","max-image-preview":"max-image-preview:large","max-video-preview":"max-video-preview:-1"},"canonical":"https:\/\/www.meydan.tv\/az\/article\/abzasmedianin-direktoru-saxlanilib\/","og_locale":"az_AZ","og_type":"article","og_title":"\u201cAbzasMedia\u201dn\u0131n direktoru saxlan\u0131l\u0131b - MEYDAN.TV","og_description":"H\u0259l\u0259lik s\u0259b\u0259bi il\u0259 ba\u011fl\u0131 m\u0259lumat verilmir \u201cAbzasMedia\u201dn\u0131n direktoru \u00dclvi H\u0259s\u0259nlid\u0259n ... Davam\u0131","og_url":"https:\/\/www.meydan.tv\/az\/article\/abzasmedianin-direktoru-saxlanilib\/","og_site_name":"MEYDAN.TV","article_published_time":"2023-11-20T07:12:55+00:00","article_modified_time":"2023-11-20T07:36:05+00:00","og_image":[{"width":1024,"height":542,"url":"https:\/\/www.meydan.tv\/wp-content\/uploads\/lighthousefellowship-2-e1700464068402.jpg","type":"image\/jpeg"}],"author":"elli","twitter_card":"summary_large_image","twitter_creator":"@elli","schema":{"@context":"https:\/\/schema.org","@graph":[{"@type":"Article","@id":"https:\/\/www.meydan.tv\/az\/article\/abzasmedianin-direktoru-saxlanilib\/#article","isPartOf":{"@id":"https:\/\/www.meydan.tv\/az\/article\/abzasmedianin-direktoru-saxlanilib\/"},"author":{"name":"elli","@id":"https:\/\/www.meydan.tv\/az\/#\/schema\/person\/9cdbecf90d17180ce1dfbd95b08dcf47"},"headline":"\u201cAbzasMedia\u201dn\u0131n direktoru saxlan\u0131l\u0131b","datePublished":"2023-11-20T07:12:55+00:00","dateModified":"2023-11-20T07:36:05+00:00","mainEntityOfPage":{"@id":"https:\/\/www.meydan.tv\/az\/article\/abzasmedianin-direktoru-saxlanilib\/"},"wordCount":353,"publisher":{"@id":"https:\/\/www.meydan.tv\/az\/#organization"},"image":{"@id":"https:\/\/www.meydan.tv\/az\/article\/abzasmedianin-direktoru-saxlanilib\/#primaryimage"},"thumbnailUrl":"https:\/\/www.meydan.tv\/wp-content\/uploads\/lighthousefellowship-2-e1700464068402.jpg","articleSection":["Siyas\u0259t","T\u00f6vsiy\u0259","X\u0259b\u0259rl\u0259r"],"inLanguage":"az"},{"@type":"WebPage","@id":"https:\/\/www.meydan.tv\/az\/article\/abzasmedianin-direktoru-saxlanilib\/","url":"https:\/\/www.meydan.tv\/az\/article\/abzasmedianin-direktoru-saxlanilib\/","name":"\u201cAbzasMedia\u201dn\u0131n direktoru saxlan\u0131l\u0131b - MEYDAN.TV","isPartOf":{"@id":"https:\/\/www.meydan.tv\/az\/#website"},"primaryImageOfPage":{"@id":"https:\/\/www.meydan.tv\/az\/article\/abzasmedianin-direktoru-saxlanilib\/#primaryimage"},"image":{"@id":"https:\/\/www.meydan.tv\/az\/article\/abzasmedianin-direktoru-saxlanilib\/#primaryimage"},"thumbnailUrl":"https:\/\/www.meydan.tv\/wp-content\/uploads\/lighthousefellowship-2-e1700464068402.jpg","datePublished":"2023-11-20T07:12:55+00:00","dateModified":"2023-11-20T07:36:05+00:00","breadcrumb":{"@id":"https:\/\/www.meydan.tv\/az\/article\/abzasmedianin-direktoru-saxlanilib\/#breadcrumb"},"inLanguage":"az","potentialAction":[{"@type":"ReadAction","target":["https:\/\/www.meydan.tv\/az\/article\/abzasmedianin-direktoru-saxlanilib\/"]}]},{"@type":"ImageObject","inLanguage":"az","@id":"https:\/\/www.meydan.tv\/az\/article\/abzasmedianin-direktoru-saxlanilib\/#primaryimage","url":"https:\/\/www.meydan.tv\/wp-content\/uploads\/lighthousefellowship-2-e1700464068402.jpg","contentUrl":"https:\/\/www.meydan.tv\/wp-content\/uploads\/lighthousefellowship-2-e1700464068402.jpg","width":1024,"height":542,"caption":"Foto: \u00dclvi H\u0259s\u0259nlinin \u015f\u0259xsi arxivind\u0259n"},{"@type":"BreadcrumbList","@id":"https:\/\/www.meydan.tv\/az\/article\/abzasmedianin-direktoru-saxlanilib\/#breadcrumb","itemListElement":[{"@type":"ListItem","position":1,"name":"Ana s\u0259hif\u0259","item":"https:\/\/www.meydan.tv\/az\/"},{"@type":"ListItem","position":2,"name":"Siyas\u0259t","item":"https:\/\/www.meydan.tv\/az\/section\/siyaset\/"},{"@type":"ListItem","position":3,"name":"\u201cAbzasMedia\u201dn\u0131n direktoru saxlan\u0131l\u0131b"}]},{"@type":"WebSite","@id":"https:\/\/www.meydan.tv\/az\/#website","url":"https:\/\/www.meydan.tv\/az\/","name":"MEYDAN.TV","description":"Meydan TV Az\u0259rbaycan\u0131n media m\u0259kan\u0131ndak\u0131 alternativ s\u0259sidir","publisher":{"@id":"https:\/\/www.meydan.tv\/az\/#organization"},"potentialAction":[{"@type":"SearchAction","target":{"@type":"EntryPoint","urlTemplate":"https:\/\/www.meydan.tv\/az\/?s={search_term_string}"},"query-input":{"@type":"PropertyValueSpecification","valueRequired":true,"valueName":"search_term_string"}}],"inLanguage":"az"},{"@type":"Organization","@id":"https:\/\/www.meydan.tv\/az\/#organization","name":"Meydan TV","url":"https:\/\/www.meydan.tv\/az\/","logo":{"@type":"ImageObject","inLanguage":"az","@id":"https:\/\/www.meydan.tv\/az\/#\/schema\/logo\/image\/","url":"https:\/\/www.meydan.tv\/wp-content\/uploads\/2021\/07\/meydan-logo.svg","contentUrl":"https:\/\/www.meydan.tv\/wp-content\/uploads\/2021\/07\/meydan-logo.svg","width":195,"height":46,"caption":"Meydan TV"},"image":{"@id":"https:\/\/www.meydan.tv\/az\/#\/schema\/logo\/image\/"}},{"@type":"Person","@id":"https:\/\/www.meydan.tv\/az\/#\/schema\/person\/9cdbecf90d17180ce1dfbd95b08dcf47","name":"elli","sameAs":["https:\/\/x.com\/elli"]}]}},"_links":{"self":[{"href":"https:\/\/www.meydan.tv\/az\/wp-json\/wp\/v2\/posts\/290799","targetHints":{"allow":["GET"]}}],"collection":[{"href":"https:\/\/www.meydan.tv\/az\/wp-json\/wp\/v2\/posts"}],"about":[{"href":"https:\/\/www.meydan.tv\/az\/wp-json\/wp\/v2\/types\/post"}],"author":[{"embeddable":true,"href":"https:\/\/www.meydan.tv\/az\/wp-json\/wp\/v2\/users\/8"}],"replies":[{"embeddable":true,"href":"https:\/\/www.meydan.tv\/az\/wp-json\/wp\/v2\/comments?post=290799"}],"version-history":[{"count":6,"href":"https:\/\/www.meydan.tv\/az\/wp-json\/wp\/v2\/posts\/290799\/revisions"}],"predecessor-version":[{"id":290801,"href":"https:\/\/www.meydan.tv\/az\/wp-json\/wp\/v2\/posts\/290799\/revisions\/290801"}],"wp:featuredmedia":[{"embeddable":true,"href":"https:\/\/www.meydan.tv\/az\/wp-json\/wp\/v2\/media\/136779"}],"wp:attachment":[{"href":"https:\/\/www.meydan.tv\/az\/wp-json\/wp\/v2\/media?parent=290799"}],"wp:term":[{"taxonomy":"category","embeddable":true,"href":"https:\/\/www.meydan.tv\/az\/wp-json\/wp\/v2\/categories?post=290799"},{"taxonomy":"post_tag","embeddable":true,"href":"https:\/\/www.meydan.tv\/az\/wp-json\/wp\/v2\/tags?post=290799"}],"curies":[{"name":"wp","href":"https:\/\/api.w.org\/{rel}","templated":true}]}}