{"id":290739,"date":"2023-11-18T18:35:28","date_gmt":"2023-11-18T14:35:28","guid":{"rendered":"https:\/\/www.meydan.tv\/?p=290739"},"modified":"2023-11-18T23:34:48","modified_gmt":"2023-11-18T19:34:48","slug":"ayb-de-menzil-qalmaqali-sair-ve-yazicilar-etiraz-edirler","status":"publish","type":"post","link":"https:\/\/www.meydan.tv\/az\/article\/ayb-de-menzil-qalmaqali-sair-ve-yazicilar-etiraz-edirler\/","title":{"rendered":"AYB-d\u0259 m\u0259nzil qalmaqal\u0131: \u015fair v\u0259 yaz\u0131\u00e7\u0131lar etiraz edirl\u0259r"},"content":{"rendered":"\n<p><\/p>\n\n\n\n<p><em><strong>Bir qrup yazar\u0131n m\u0259nzill\u0259 t\u0259min edilm\u0259si naraz\u0131l\u0131qla qar\u015f\u0131lan\u0131b<\/strong><\/em><\/p>\n\n\n\n<p>Az\u0259rbaycan Yaz\u0131\u00e7\u0131lar Birliyi t\u0259r\u0259find\u0259n (AYB) adlar\u0131 h\u0259l\u0259 ki a\u00e7\u0131qlanmayan bir qrup \u015f\u0259xs\u0259 m\u0259nzil verilm\u0259si il\u0259 ba\u011fl\u0131 qalmaqal yaran\u0131b.<\/p>\n\n\n\n<p>Qurumun bir s\u0131ra \u00fczvl\u0259ri bununla ba\u011fl\u0131 s\u0259rt ittihamlar s\u0259sl\u0259ndiribl\u0259r.<\/p>\n\n\n\n<p>\u015eair, yaz\u0131\u00e7\u0131 Zahid Sar\u0131torpaq m\u0259s\u0259l\u0259y\u0259 m\u00fcnasib\u0259t bildir\u0259rk\u0259n deyib ki, ill\u0259rdir AYB-d\u0259 m\u0259nzil <a href=\"https:\/\/www.facebook.com\/zahid.saritorpaq\/posts\/6912174198875941?ref=embed_post\">n\u00f6vb\u0259sind\u0259dir:<\/a><br><br>\u201c<em>M\u0259nim kimil\u0259rini h\u0259mi\u015f\u0259 g\u00f6rm\u0259zd\u0259n g\u0259ldil\u0259r. \u0130ll\u0259r uzunu susdum. \u018fziyy\u0259tl\u0259r\u0259 qatla\u015f\u0131b he\u00e7 kim\u0259 \u015fikay\u0259t etm\u0259dim, \u0259d\u0259biyyatla m\u0259\u015f\u011ful oldum. 80-ci ill\u0259rd\u0259 Maksim Qorki ad\u0131na \u018fd\u0259biyyat \u0130nstitutunu bitir\u0259nl\u0259r\u0259 Heyd\u0259r \u018fliyevin tap\u015f\u0131r\u0131\u011f\u0131yla m\u0259nzill\u0259r veril\u0259nd\u0259 yada d\u00fc\u015fm\u0259dim. Yen\u0259 susdum. Bak\u0131da kiray\u0259l\u0259rd\u0259 ya\u015fama\u011fa davam etdim\u201d.<\/em><\/p>\n\n\n<div class=\"wp-block-image\">\n<figure class=\"alignright size-large is-resized\"><img decoding=\"async\" width=\"1200\" height=\"675\" data-src=\"https:\/\/www.meydan.tv\/wp-content\/uploads\/copy-of-untitled-design-1-1-1200x675.jpg\" alt=\"\" class=\"wp-image-290743 lazyload\" style=\"--smush-placeholder-width: 1200px; --smush-placeholder-aspect-ratio: 1200\/675;width:400px;height:auto\" src=\"data:image\/svg+xml;base64,PHN2ZyB3aWR0aD0iMSIgaGVpZ2h0PSIxIiB4bWxucz0iaHR0cDovL3d3dy53My5vcmcvMjAwMC9zdmciPjwvc3ZnPg==\" \/><\/figure>\n<\/div>\n\n\n<p>\u201c<em>35 ildir ki, AYB \u00fczv\u00fcy\u0259m. Be\u015f il d\u0259 idar\u0259 hey\u0259tinin \u00fczv\u00fc olmu\u015fam. 1989-cu ild\u0259 evd\u0259n \u00f6tr\u00fc verdiyim \u0259riz\u0259ni \u00e7ox sonralar x\u0259b\u0259r tutdum ki, \u201citiribl\u0259r\u201d. 2000-ci ilin ortalar\u0131nda yen\u0259 \u0259riz\u0259 verdim. N\u0259 is\u0259, \u00f6vladlar\u0131m\u0131 kiray\u0259l\u0259rd\u0259 b\u00f6y\u00fctd\u00fcm. M\u0259cbur olub rayonda ev tik\u0259si oldum. Bu \u00fczd\u0259n maddi ehtiyaclara g\u00f6r\u0259, \u00f6mr\u00fcm\u00fcn 12 ilini Rusiyan\u0131n \u015faxtas\u0131nda-soyu\u011funda \u00e7\u00f6r\u0259k qazanmaqla ke\u00e7irdim. M\u0259nim ad\u0131mdan saxta z\u0259man\u0259t d\u00fcz\u0259ldib AYB-n\u0259 \u00fczv se\u00e7il\u0259n (bu bar\u0259d\u0259 sonralar x\u0259b\u0259r tutdum), Bak\u0131da evi olan, \u0259d\u0259bi m\u00fchitd\u0259 tan\u0131nmayan, t\u0259msilyazan, d\u00fc\u015f\u00fck birisin\u0259 m\u0259nzilpulu (?) verdil\u0259r (9 m\u0259nzili sat\u0131b pulunu 36 n\u0259f\u0259r aras\u0131nda b\u00f6lm\u00fc\u015fd\u00fcl\u0259r). Yen\u0259 m\u0259n yada d\u00fc\u015fm\u0259dim. 66 ya\u015f\u0131m var. G\u00fcn\u00fc bu g\u00fcn d\u0259 o\u011flumun \u00f6z g\u00fcc\u00fcn\u0259 Masaz\u0131rda in\u015fa etdiyi evd\u0259, onun himay\u0259sind\u0259 ya\u015fay\u0131ram. AYB-da da g\u00f6z\u0259l bilirl\u0259r ki, m\u0259n \u0259d\u0259biyyatla m\u0259\u015f\u011fulam. \u015eeirl\u0259rim \u00f6z yerind\u0259, son on ild\u0259 alt\u0131 roman n\u0259\u015fr etdirmi\u015f\u0259m. N\u0259y\u0259 g\u00f6r\u0259 haqqa g\u00f6z yumurlar. He\u00e7 olmasa, vikipediyama g\u00f6z yetirsinl\u0259r. Sonrak\u0131 \u0259d\u0259bi n\u0259slin i\u00e7ind\u0259 \u00e7ox istedadl\u0131 yazarlar var ki, v\u0259ziyy\u0259tl\u0259ri dil\u0259 g\u0259tiril\u0259si deyil. Yax\u015f\u0131, m\u0259ni g\u00f6rm\u00fcrs\u00fcn\u00fcz, b\u0259s onlar\u0131? B\u0259s onlar nec\u0259 olsun? Amerikan\u0131n ilk prezidentl\u0259rind\u0259n olan Avraam Linkolnun \u00e7ox g\u00f6z\u0259l bir fikri var. O, deyib: \u201cBir adam\u0131 h\u0259mi\u015f\u0259 aldatmaq olar. Bir qrup adam\u0131 m\u00fc\u0259yy\u0259n vaxta q\u0259d\u0259r aldatmaq olar. Amma b\u00fct\u00f6v bir xalq\u0131 aldatmaq m\u00fcmk\u00fcn deyil. Ay\u0131b olsun\u201d\u201d<\/em>.<\/p>\n\n\n\n<p>Bu ilin oktyabr\u0131nda evsizlik problemind\u0259n \u015fikay\u0259tl\u0259n\u0259n yazar C\u0259lil Cavan\u015fir d\u0259 m\u0259s\u0259l\u0259y\u0259 m\u00fcnasib\u0259tini <a href=\"https:\/\/d9mc3ts4czbpr.cloudfront.net\/az\/article\/dovlet-ve-senet-adamlari-veten-hem-de-evdir-soyuducudur\/\">a\u00e7\u0131qlay\u0131b:<\/a><\/p>\n\n\n<div class=\"wp-block-image\">\n<figure class=\"alignleft size-large is-resized\"><img decoding=\"async\" width=\"1200\" height=\"675\" data-src=\"https:\/\/www.meydan.tv\/wp-content\/uploads\/copy-of-untitled-design-5-1-1200x675.jpg\" alt=\"\" class=\"wp-image-290755 lazyload\" style=\"--smush-placeholder-width: 1200px; --smush-placeholder-aspect-ratio: 1200\/675;width:377px;height:auto\" src=\"data:image\/svg+xml;base64,PHN2ZyB3aWR0aD0iMSIgaGVpZ2h0PSIxIiB4bWxucz0iaHR0cDovL3d3dy53My5vcmcvMjAwMC9zdmciPjwvc3ZnPg==\" \/><figcaption class=\"wp-element-caption\">C\u0259lil Cavan\u015fir<\/figcaption><\/figure>\n<\/div>\n\n\n<p>\u201c<em>Az\u0259rbaycan Yaz\u0131\u00e7\u0131lar Birliyi 21 n\u0259f\u0259r yaz\u0131\u00e7\u0131ya ev paylay\u0131b. Y\u0259qin ham\u0131s\u0131 evsiz g\u0259ncl\u0259r, ya da \u201cBuker\u201din (Beyn\u0259lxalq Buker M\u00fckafat\u0131) uzun siyah\u0131s\u0131na d\u00fc\u015f\u0259nl\u0259rdir. Bilinm\u0259di d\u0259 bu AYB yarad\u0131c\u0131 t\u0259\u015fkilatd\u0131r, yoxsa sosial t\u0259minat idar\u0259si. \u018fmin\u0259m ki, 21 n\u0259f\u0259rd\u0259n 11-nin evi, 10 n\u0259f\u0259rin is\u0259 h\u0259tta ba\u011f evi d\u0259 var\u201d, <\/em>&#8211; dey\u0259 o qeyd <a href=\"https:\/\/www.facebook.com\/permalink.php?story_fbid=257710257288303&amp;id=100091479925272&amp;ref=embed_post\">edib.<\/a><\/p>\n\n\n\n<p><\/p>\n\n\n\n<p>AYB-nin orqan\u0131 olan \u201cUlduz\u201d jurnal\u0131n\u0131n \u0259m\u0259kda\u015f\u0131, \u015fair Taleh M\u0259nsur da m\u0259s\u0259l\u0259 il\u0259 \u0259laq\u0259dar naraz\u0131l\u0131\u011f\u0131n\u0131 ifad\u0259 edib:<\/p>\n\n\n<div class=\"wp-block-image\">\n<figure class=\"alignright size-large is-resized\"><img decoding=\"async\" width=\"1200\" height=\"675\" data-src=\"https:\/\/www.meydan.tv\/wp-content\/uploads\/copy-of-untitled-design-6-1-1200x675.jpg\" alt=\"\" class=\"wp-image-290758 lazyload\" style=\"--smush-placeholder-width: 1200px; --smush-placeholder-aspect-ratio: 1200\/675;width:314px;height:auto\" src=\"data:image\/svg+xml;base64,PHN2ZyB3aWR0aD0iMSIgaGVpZ2h0PSIxIiB4bWxucz0iaHR0cDovL3d3dy53My5vcmcvMjAwMC9zdmciPjwvc3ZnPg==\" \/><figcaption class=\"wp-element-caption\">Taleh M\u0259nsur<\/figcaption><\/figure>\n<\/div>\n\n\n<p><em>\u201cAz\u0259rbaycan Yaz\u0131\u00e7\u0131lar Birliyind\u0259 \u00e7al\u0131\u015fanlar aras\u0131nda yegan\u0259 kiray\u0259d\u0259 ya\u015fayan m\u0259n\u0259m. H\u0259m d\u0259 iki k\u00f6rp\u0259 u\u015faqla, \u015f\u0259raitsiz v\u0259 q\u0259bir kimi balaca bir evd\u0259. Sa\u011f olsunlar, bu g\u00fcn \u201c\u0259dal\u0259tli se\u00e7im \u0259sas\u0131nda\u201d 21 n\u0259f\u0259r\u0259 m\u0259nzil verildi. Uzun s\u00f6z\u00fcn q\u0131sas\u0131, gedim kiray\u0259haqq\u0131m\u0131 \u00f6d\u0259yim. M\u0259nliyiniz, ki\u015filiyiniz, vicdan\u0131n\u0131z olsun, he\u00e7 olmasa, <a href=\"https:\/\/www.facebook.com\/tmansurov2\/posts\/7271918656173465?ref=embed_post\">Allah\u0131n\u0131z\u201d.<\/a><\/em><\/p>\n\n\n\n<p><\/p>\n\n\n\n<p>T\u0259rc\u00fcm\u0259\u00e7i Sevil G\u00fclt\u0259n bildirib ki, m\u0259nzil veril\u0259nl\u0259rin ham\u0131s\u0131n\u0131n evi var:<\/p>\n\n\n\n<p><em>\u201c\u0130yirmi ildir ki, kiray\u0259 evl\u0259rd\u0259 iki yetim q\u0131z saxlay\u0131ram. M\u0259n d\u00f6vl\u0259td\u0259n ev ist\u0259m\u0259r\u0259m, amma haqq\u0131 olmayanlara ev verildiyini g\u00f6r\u0259nd\u0259, haqq\u0131m\u0131 t\u0259l\u0259b edir\u0259m. Bu g\u00fcn ev alanlar\u0131n kimliyi il\u0259 maraqland\u0131m. Onlar\u0131n ham\u0131s\u0131n\u0131n evi var. \u015e\u0259rt evi olub-olmamaq deyil. D\u00f6vl\u0259td\u0259n ev alan\u0131n \u0259d\u0259biyyatda \u00f6z yeri, \u00f6z imzas\u0131 olmal\u0131d\u0131r\u201d.<\/em><\/p>\n\n\n<div class=\"wp-block-image\">\n<figure class=\"alignleft size-large is-resized\"><img decoding=\"async\" width=\"1200\" height=\"675\" data-src=\"https:\/\/www.meydan.tv\/wp-content\/uploads\/copy-of-untitled-design-3-2-1200x675.jpg\" alt=\"\" class=\"wp-image-290749 lazyload\" style=\"--smush-placeholder-width: 1200px; --smush-placeholder-aspect-ratio: 1200\/675;width:350px;height:auto\" src=\"data:image\/svg+xml;base64,PHN2ZyB3aWR0aD0iMSIgaGVpZ2h0PSIxIiB4bWxucz0iaHR0cDovL3d3dy53My5vcmcvMjAwMC9zdmciPjwvc3ZnPg==\" \/><figcaption class=\"wp-element-caption\">Sevil G\u00fclt\u0259n<\/figcaption><\/figure>\n<\/div>\n\n\n<p>\u201c<em>Ev alanlar i\u00e7ind\u0259 iki qad\u0131n\u0131n ad\u0131n\u0131n e\u015fid\u0259nd\u0259 \u015fok oldum. Birinin iki o\u011flu, h\u0259r iki o\u011flunun \u0259m\u0259lli-ba\u015fl\u0131 evi var. \u00d6z\u00fc is\u0259 AYB \u00fczv\u00fc olan minl\u0259rl\u0259 \u015fairl\u0259rd\u0259n he\u00e7 n\u0259 il\u0259 f\u0259rql\u0259nmir. Dig\u0259r qad\u0131n\u0131n \u0259rinin biznesi var. Bir evl\u0259rini d\u0259 kiray\u0259 veribl\u0259r. Xan\u0259mir\u0259 (Telmano\u011flu) d\u0259 ev verildiyini dedil\u0259r. Xan\u0259mirin yazd\u0131qlar\u0131n\u0131 he\u00e7 \u00f6z\u00fc ba\u015fa d\u00fc\u015fm\u00fcr, n\u0259inki oxucular&#8230; O ki qald\u0131 onun evi olub-olmama\u011f\u0131na, evi oldu\u011funa tam \u0259min\u0259m. El\u0259 is\u0259 ev veril\u0259rk\u0259n hans\u0131 meyar \u0259sas g\u00f6t\u00fcr\u00fcl\u00fcr?\u201d<\/em>&#8211; Sevil G\u00fclt\u0259n <a href=\"https:\/\/www.facebook.com\/sevil.gulten.3\/posts\/6967843636605511?ref=embed_post\">vur\u011fulay\u0131b.<\/a><\/p>\n\n\n\n<p>M\u0259nzil alanlar siyah\u0131s\u0131nda Xan\u0259mir Telmano\u011flunu, D\u0259yan\u0259t Osmanl\u0131n\u0131n, Nar\u0131ng\u00fcl Nadirin, \u015e\u0259f\u0259q Sahibin, Arif\u0259 \u018fliyevan\u0131n, \u015e\u0259msiyy\u0259 Camalavan\u0131n, Ulucay Akifin, Elxan Zal\u0131n, Firuz Mustafan\u0131n, G\u00fcl\u0259mail Murad\u0131n, Rauf Aslanovun oldu\u011fu <a href=\"https:\/\/www.facebook.com\/rovshan.haciyev.7\/posts\/7621748974508651?ref=embed_post\">bildirilir.<\/a><\/p>\n\n\n\n<p>\u015eair Xan\u0259mir Telmano\u011flu da m\u0259s\u0259l\u0259y\u0259 m\u00fcnasib\u0259tini bildirib:<\/p>\n\n\n<div class=\"wp-block-image\">\n<figure class=\"alignright size-large is-resized\"><img decoding=\"async\" width=\"1200\" height=\"675\" data-src=\"https:\/\/www.meydan.tv\/wp-content\/uploads\/copy-of-untitled-design-4-2-1200x675.jpg\" alt=\"\" class=\"wp-image-290752 lazyload\" style=\"--smush-placeholder-width: 1200px; --smush-placeholder-aspect-ratio: 1200\/675;width:372px;height:auto\" src=\"data:image\/svg+xml;base64,PHN2ZyB3aWR0aD0iMSIgaGVpZ2h0PSIxIiB4bWxucz0iaHR0cDovL3d3dy53My5vcmcvMjAwMC9zdmciPjwvc3ZnPg==\" \/><figcaption class=\"wp-element-caption\">Xan\u0259mir Telmano\u011flu<\/figcaption><\/figure>\n<\/div>\n\n\n<p>\u201c<em>El\u0259 bildim AYB-d\u0259 kimis\u0259 vurub \u00f6ld\u00fcr\u00fcbl\u0259r. Sonra bil\u0259nd\u0259 ki \u00f6l\u00fcm hadis\u0259si yoxdur, yazarlara ev verilib, sevinm\u0259k yerin\u0259 b\u0259rk k\u0259d\u0259rl\u0259ndim ki, ey dili qafil, bu n\u0259 h\u0259ngam\u0259di qopar\u0131l\u0131r. Bel\u0259 durumlarda tolerantl\u0131q n\u00fcmayi\u015f etdirib, d\u00f6z\u00fcm g\u00f6st\u0259rm\u0259k <a href=\"https:\/\/www.facebook.com\/permalink.php?story_fbid=7092241664147209&amp;id=100000843361526&amp;ref=embed_post\">laz\u0131md\u0131r\u201d.<\/a><\/em><\/p>\n\n\n\n<p>AYB-nin s\u0259dr m\u00fcavini R\u0259\u015fad M\u0259cid Meydan TV-y\u0259 deyib ki, m\u0259nzil almaq \u00fc\u00e7\u00fcn 1200 n\u0259f\u0259r m\u00fcraci\u0259t edib.<\/p>\n\n\n\n<p>Onlardan 120 n\u0259f\u0259r se\u00e7ilib, n\u00f6vb\u0259d\u0259 dayan\u0131r:<\/p>\n\n\n\n<p>\u201c<em>Bir v\u0259 ikiotaql\u0131 12 m\u0259nzildir. \u0130st\u0259nil\u0259n halda naraz\u0131 qalan olacaq. \u00c7\u00fcnki 120 n\u0259f\u0259r d\u0259 n\u00f6vb\u0259d\u0259 dayan\u0131r. T\u0259ran\u0259 Vahid, Sevil G\u00fclt\u0259n, Taleh M\u0259nsurun ev\u0259 ehtiyac\u0131 olduqlar\u0131n\u0131 bilir\u0259m. M\u0259n d\u0259 ist\u0259y\u0259r\u0259m ki, h\u0259qiq\u0259t\u0259n d\u0259, onlar ev als\u0131nlar. M\u0259nzill\u0259rin verilm\u0259si bar\u0259d\u0259 yekun q\u0259rar yoxdur, sad\u0259c\u0259, s\u00f6hb\u0259t s\u0259viyy\u0259sind\u0259dir. Son q\u0259rar\u0131 Anar m\u00fc\u0259llim bilir\u201d.<\/em><\/p>\n\n\n<div class=\"wp-block-image\">\n<figure class=\"aligncenter size-large\"><img decoding=\"async\" width=\"1200\" height=\"675\" data-src=\"https:\/\/www.meydan.tv\/wp-content\/uploads\/copy-of-untitled-design-7-1200x675.jpg\" alt=\"\" class=\"wp-image-290761 lazyload\" src=\"data:image\/svg+xml;base64,PHN2ZyB3aWR0aD0iMSIgaGVpZ2h0PSIxIiB4bWxucz0iaHR0cDovL3d3dy53My5vcmcvMjAwMC9zdmciPjwvc3ZnPg==\" style=\"--smush-placeholder-width: 1200px; --smush-placeholder-aspect-ratio: 1200\/675;\" \/><\/figure>\n<\/div>\n\n\n<p>\u00d6nc\u0259ki ill\u0259rd\u0259 d\u0259 AYB t\u0259r\u0259find\u0259n m\u0259nzill\u0259rin b\u00f6l\u00fc\u015fd\u00fcr\u00fclm\u0259si zaman\u0131 qalmaqallar ya\u015fan\u0131b.<\/p>\n\n\n\n<p>H\u0259min vaxt m\u0259nzill\u0259rin evi olan, yaxud Yaz\u0131\u00e7\u0131lar Birliyinin r\u0259hb\u0259rliyin\u0259 yax\u0131n \u015f\u0259xsl\u0259r\u0259, el\u0259c\u0259 d\u0259 r\u0259hb\u0259rlikd\u0259 t\u0259msil edil\u0259nl\u0259rin \u00f6vladlar\u0131na verilm\u0259sin\u0259 dair ittihamlar ir\u0259li s\u00fcr\u00fcl\u00fcb.<\/p>\n","protected":false},"excerpt":{"rendered":"<p>Bir qrup yazar\u0131n m\u0259nzill\u0259 t\u0259min edilm\u0259si naraz\u0131l\u0131qla qar\u015f\u0131lan\u0131b Az\u0259rbaycan Yaz\u0131\u00e7\u0131lar &#8230; <\/p>\n<p class=\"read-more-container\"><a title=\"AYB-d\u0259 m\u0259nzil qalmaqal\u0131: \u015fair v\u0259 yaz\u0131\u00e7\u0131lar etiraz edirl\u0259r\" class=\"read-more button\" href=\"https:\/\/www.meydan.tv\/az\/article\/ayb-de-menzil-qalmaqali-sair-ve-yazicilar-etiraz-edirler\/#more-290739\" aria-label=\"Read more about AYB-d\u0259 m\u0259nzil qalmaqal\u0131: \u015fair v\u0259 yaz\u0131\u00e7\u0131lar etiraz edirl\u0259r\">Davam\u0131<\/a><\/p>\n","protected":false},"author":8,"featured_media":258204,"comment_status":"closed","ping_status":"closed","sticky":false,"template":"","format":"standard","meta":{"_acf_changed":false,"_sitemap_exclude":false,"_sitemap_priority":"","_sitemap_frequency":"","footnotes":""},"categories":[52,79,56],"tags":[],"class_list":["post-290739","post","type-post","status-publish","format-standard","has-post-thumbnail","hentry","category-medeniyyet","category-featured","category-xeberler","infinite-scroll-item","generate-columns","tablet-grid-50","mobile-grid-100","grid-parent","grid-33","no-featured-image-padding"],"acf":[],"yoast_head":"<!-- This site is optimized with the Yoast SEO plugin v27.4 - https:\/\/yoast.com\/product\/yoast-seo-wordpress\/ -->\n<title>AYB-d\u0259 m\u0259nzil qalmaqal\u0131: \u015fair v\u0259 yaz\u0131\u00e7\u0131lar etiraz edirl\u0259r - MEYDAN.TV<\/title>\n<meta name=\"robots\" content=\"index, follow, max-snippet:-1, max-image-preview:large, max-video-preview:-1\" \/>\n<link rel=\"canonical\" href=\"https:\/\/www.meydan.tv\/az\/article\/ayb-de-menzil-qalmaqali-sair-ve-yazicilar-etiraz-edirler\/\" \/>\n<meta property=\"og:locale\" content=\"az_AZ\" \/>\n<meta property=\"og:type\" content=\"article\" \/>\n<meta property=\"og:title\" content=\"AYB-d\u0259 m\u0259nzil qalmaqal\u0131: \u015fair v\u0259 yaz\u0131\u00e7\u0131lar etiraz edirl\u0259r - MEYDAN.TV\" \/>\n<meta property=\"og:description\" content=\"Bir qrup yazar\u0131n m\u0259nzill\u0259 t\u0259min edilm\u0259si naraz\u0131l\u0131qla qar\u015f\u0131lan\u0131b Az\u0259rbaycan Yaz\u0131\u00e7\u0131lar ... Davam\u0131\" \/>\n<meta property=\"og:url\" content=\"https:\/\/www.meydan.tv\/az\/article\/ayb-de-menzil-qalmaqali-sair-ve-yazicilar-etiraz-edirler\/\" \/>\n<meta property=\"og:site_name\" content=\"MEYDAN.TV\" \/>\n<meta property=\"article:published_time\" content=\"2023-11-18T14:35:28+00:00\" \/>\n<meta property=\"article:modified_time\" content=\"2023-11-18T19:34:48+00:00\" \/>\n<meta property=\"og:image\" content=\"https:\/\/www.meydan.tv\/wp-content\/uploads\/1-8-520x390-1.jpg\" \/>\n\t<meta property=\"og:image:width\" content=\"1200\" \/>\n\t<meta property=\"og:image:height\" content=\"900\" \/>\n\t<meta property=\"og:image:type\" content=\"image\/jpeg\" \/>\n<meta name=\"author\" content=\"elli\" \/>\n<meta name=\"twitter:card\" content=\"summary_large_image\" \/>\n<meta name=\"twitter:creator\" content=\"@elli\" \/>\n<script type=\"application\/ld+json\" class=\"yoast-schema-graph\">{\"@context\":\"https:\\\/\\\/schema.org\",\"@graph\":[{\"@type\":\"Article\",\"@id\":\"https:\\\/\\\/www.meydan.tv\\\/az\\\/article\\\/ayb-de-menzil-qalmaqali-sair-ve-yazicilar-etiraz-edirler\\\/#article\",\"isPartOf\":{\"@id\":\"https:\\\/\\\/www.meydan.tv\\\/az\\\/article\\\/ayb-de-menzil-qalmaqali-sair-ve-yazicilar-etiraz-edirler\\\/\"},\"author\":{\"name\":\"elli\",\"@id\":\"https:\\\/\\\/www.meydan.tv\\\/az\\\/#\\\/schema\\\/person\\\/9cdbecf90d17180ce1dfbd95b08dcf47\"},\"headline\":\"AYB-d\u0259 m\u0259nzil qalmaqal\u0131: \u015fair v\u0259 yaz\u0131\u00e7\u0131lar etiraz edirl\u0259r\",\"datePublished\":\"2023-11-18T14:35:28+00:00\",\"dateModified\":\"2023-11-18T19:34:48+00:00\",\"mainEntityOfPage\":{\"@id\":\"https:\\\/\\\/www.meydan.tv\\\/az\\\/article\\\/ayb-de-menzil-qalmaqali-sair-ve-yazicilar-etiraz-edirler\\\/\"},\"wordCount\":1210,\"publisher\":{\"@id\":\"https:\\\/\\\/www.meydan.tv\\\/az\\\/#organization\"},\"image\":{\"@id\":\"https:\\\/\\\/www.meydan.tv\\\/az\\\/article\\\/ayb-de-menzil-qalmaqali-sair-ve-yazicilar-etiraz-edirler\\\/#primaryimage\"},\"thumbnailUrl\":\"https:\\\/\\\/www.meydan.tv\\\/wp-content\\\/uploads\\\/1-8-520x390-1.jpg\",\"articleSection\":[\"M\u0259d\u0259niyy\u0259t\",\"T\u00f6vsiy\u0259\",\"X\u0259b\u0259rl\u0259r\"],\"inLanguage\":\"az\"},{\"@type\":\"WebPage\",\"@id\":\"https:\\\/\\\/www.meydan.tv\\\/az\\\/article\\\/ayb-de-menzil-qalmaqali-sair-ve-yazicilar-etiraz-edirler\\\/\",\"url\":\"https:\\\/\\\/www.meydan.tv\\\/az\\\/article\\\/ayb-de-menzil-qalmaqali-sair-ve-yazicilar-etiraz-edirler\\\/\",\"name\":\"AYB-d\u0259 m\u0259nzil qalmaqal\u0131: \u015fair v\u0259 yaz\u0131\u00e7\u0131lar etiraz edirl\u0259r - MEYDAN.TV\",\"isPartOf\":{\"@id\":\"https:\\\/\\\/www.meydan.tv\\\/az\\\/#website\"},\"primaryImageOfPage\":{\"@id\":\"https:\\\/\\\/www.meydan.tv\\\/az\\\/article\\\/ayb-de-menzil-qalmaqali-sair-ve-yazicilar-etiraz-edirler\\\/#primaryimage\"},\"image\":{\"@id\":\"https:\\\/\\\/www.meydan.tv\\\/az\\\/article\\\/ayb-de-menzil-qalmaqali-sair-ve-yazicilar-etiraz-edirler\\\/#primaryimage\"},\"thumbnailUrl\":\"https:\\\/\\\/www.meydan.tv\\\/wp-content\\\/uploads\\\/1-8-520x390-1.jpg\",\"datePublished\":\"2023-11-18T14:35:28+00:00\",\"dateModified\":\"2023-11-18T19:34:48+00:00\",\"breadcrumb\":{\"@id\":\"https:\\\/\\\/www.meydan.tv\\\/az\\\/article\\\/ayb-de-menzil-qalmaqali-sair-ve-yazicilar-etiraz-edirler\\\/#breadcrumb\"},\"inLanguage\":\"az\",\"potentialAction\":[{\"@type\":\"ReadAction\",\"target\":[\"https:\\\/\\\/www.meydan.tv\\\/az\\\/article\\\/ayb-de-menzil-qalmaqali-sair-ve-yazicilar-etiraz-edirler\\\/\"]}]},{\"@type\":\"ImageObject\",\"inLanguage\":\"az\",\"@id\":\"https:\\\/\\\/www.meydan.tv\\\/az\\\/article\\\/ayb-de-menzil-qalmaqali-sair-ve-yazicilar-etiraz-edirler\\\/#primaryimage\",\"url\":\"https:\\\/\\\/www.meydan.tv\\\/wp-content\\\/uploads\\\/1-8-520x390-1.jpg\",\"contentUrl\":\"https:\\\/\\\/www.meydan.tv\\\/wp-content\\\/uploads\\\/1-8-520x390-1.jpg\",\"width\":1200,\"height\":900,\"caption\":\"M\u0259nb\u0259: AYB\"},{\"@type\":\"BreadcrumbList\",\"@id\":\"https:\\\/\\\/www.meydan.tv\\\/az\\\/article\\\/ayb-de-menzil-qalmaqali-sair-ve-yazicilar-etiraz-edirler\\\/#breadcrumb\",\"itemListElement\":[{\"@type\":\"ListItem\",\"position\":1,\"name\":\"Ana s\u0259hif\u0259\",\"item\":\"https:\\\/\\\/www.meydan.tv\\\/az\\\/\"},{\"@type\":\"ListItem\",\"position\":2,\"name\":\"M\u0259d\u0259niyy\u0259t\",\"item\":\"https:\\\/\\\/www.meydan.tv\\\/az\\\/section\\\/medeniyyet\\\/\"},{\"@type\":\"ListItem\",\"position\":3,\"name\":\"AYB-d\u0259 m\u0259nzil qalmaqal\u0131: \u015fair v\u0259 yaz\u0131\u00e7\u0131lar etiraz edirl\u0259r\"}]},{\"@type\":\"WebSite\",\"@id\":\"https:\\\/\\\/www.meydan.tv\\\/az\\\/#website\",\"url\":\"https:\\\/\\\/www.meydan.tv\\\/az\\\/\",\"name\":\"MEYDAN.TV\",\"description\":\"Meydan TV Az\u0259rbaycan\u0131n media m\u0259kan\u0131ndak\u0131 alternativ s\u0259sidir\",\"publisher\":{\"@id\":\"https:\\\/\\\/www.meydan.tv\\\/az\\\/#organization\"},\"potentialAction\":[{\"@type\":\"SearchAction\",\"target\":{\"@type\":\"EntryPoint\",\"urlTemplate\":\"https:\\\/\\\/www.meydan.tv\\\/az\\\/?s={search_term_string}\"},\"query-input\":{\"@type\":\"PropertyValueSpecification\",\"valueRequired\":true,\"valueName\":\"search_term_string\"}}],\"inLanguage\":\"az\"},{\"@type\":\"Organization\",\"@id\":\"https:\\\/\\\/www.meydan.tv\\\/az\\\/#organization\",\"name\":\"Meydan TV\",\"url\":\"https:\\\/\\\/www.meydan.tv\\\/az\\\/\",\"logo\":{\"@type\":\"ImageObject\",\"inLanguage\":\"az\",\"@id\":\"https:\\\/\\\/www.meydan.tv\\\/az\\\/#\\\/schema\\\/logo\\\/image\\\/\",\"url\":\"https:\\\/\\\/www.meydan.tv\\\/wp-content\\\/uploads\\\/2021\\\/07\\\/meydan-logo.svg\",\"contentUrl\":\"https:\\\/\\\/www.meydan.tv\\\/wp-content\\\/uploads\\\/2021\\\/07\\\/meydan-logo.svg\",\"width\":195,\"height\":46,\"caption\":\"Meydan TV\"},\"image\":{\"@id\":\"https:\\\/\\\/www.meydan.tv\\\/az\\\/#\\\/schema\\\/logo\\\/image\\\/\"}},{\"@type\":\"Person\",\"@id\":\"https:\\\/\\\/www.meydan.tv\\\/az\\\/#\\\/schema\\\/person\\\/9cdbecf90d17180ce1dfbd95b08dcf47\",\"name\":\"elli\",\"sameAs\":[\"https:\\\/\\\/x.com\\\/elli\"]}]}<\/script>\n<!-- \/ Yoast SEO plugin. -->","yoast_head_json":{"title":"AYB-d\u0259 m\u0259nzil qalmaqal\u0131: \u015fair v\u0259 yaz\u0131\u00e7\u0131lar etiraz edirl\u0259r - MEYDAN.TV","robots":{"index":"index","follow":"follow","max-snippet":"max-snippet:-1","max-image-preview":"max-image-preview:large","max-video-preview":"max-video-preview:-1"},"canonical":"https:\/\/www.meydan.tv\/az\/article\/ayb-de-menzil-qalmaqali-sair-ve-yazicilar-etiraz-edirler\/","og_locale":"az_AZ","og_type":"article","og_title":"AYB-d\u0259 m\u0259nzil qalmaqal\u0131: \u015fair v\u0259 yaz\u0131\u00e7\u0131lar etiraz edirl\u0259r - MEYDAN.TV","og_description":"Bir qrup yazar\u0131n m\u0259nzill\u0259 t\u0259min edilm\u0259si naraz\u0131l\u0131qla qar\u015f\u0131lan\u0131b Az\u0259rbaycan Yaz\u0131\u00e7\u0131lar ... Davam\u0131","og_url":"https:\/\/www.meydan.tv\/az\/article\/ayb-de-menzil-qalmaqali-sair-ve-yazicilar-etiraz-edirler\/","og_site_name":"MEYDAN.TV","article_published_time":"2023-11-18T14:35:28+00:00","article_modified_time":"2023-11-18T19:34:48+00:00","og_image":[{"width":1200,"height":900,"url":"https:\/\/www.meydan.tv\/wp-content\/uploads\/1-8-520x390-1.jpg","type":"image\/jpeg"}],"author":"elli","twitter_card":"summary_large_image","twitter_creator":"@elli","schema":{"@context":"https:\/\/schema.org","@graph":[{"@type":"Article","@id":"https:\/\/www.meydan.tv\/az\/article\/ayb-de-menzil-qalmaqali-sair-ve-yazicilar-etiraz-edirler\/#article","isPartOf":{"@id":"https:\/\/www.meydan.tv\/az\/article\/ayb-de-menzil-qalmaqali-sair-ve-yazicilar-etiraz-edirler\/"},"author":{"name":"elli","@id":"https:\/\/www.meydan.tv\/az\/#\/schema\/person\/9cdbecf90d17180ce1dfbd95b08dcf47"},"headline":"AYB-d\u0259 m\u0259nzil qalmaqal\u0131: \u015fair v\u0259 yaz\u0131\u00e7\u0131lar etiraz edirl\u0259r","datePublished":"2023-11-18T14:35:28+00:00","dateModified":"2023-11-18T19:34:48+00:00","mainEntityOfPage":{"@id":"https:\/\/www.meydan.tv\/az\/article\/ayb-de-menzil-qalmaqali-sair-ve-yazicilar-etiraz-edirler\/"},"wordCount":1210,"publisher":{"@id":"https:\/\/www.meydan.tv\/az\/#organization"},"image":{"@id":"https:\/\/www.meydan.tv\/az\/article\/ayb-de-menzil-qalmaqali-sair-ve-yazicilar-etiraz-edirler\/#primaryimage"},"thumbnailUrl":"https:\/\/www.meydan.tv\/wp-content\/uploads\/1-8-520x390-1.jpg","articleSection":["M\u0259d\u0259niyy\u0259t","T\u00f6vsiy\u0259","X\u0259b\u0259rl\u0259r"],"inLanguage":"az"},{"@type":"WebPage","@id":"https:\/\/www.meydan.tv\/az\/article\/ayb-de-menzil-qalmaqali-sair-ve-yazicilar-etiraz-edirler\/","url":"https:\/\/www.meydan.tv\/az\/article\/ayb-de-menzil-qalmaqali-sair-ve-yazicilar-etiraz-edirler\/","name":"AYB-d\u0259 m\u0259nzil qalmaqal\u0131: \u015fair v\u0259 yaz\u0131\u00e7\u0131lar etiraz edirl\u0259r - MEYDAN.TV","isPartOf":{"@id":"https:\/\/www.meydan.tv\/az\/#website"},"primaryImageOfPage":{"@id":"https:\/\/www.meydan.tv\/az\/article\/ayb-de-menzil-qalmaqali-sair-ve-yazicilar-etiraz-edirler\/#primaryimage"},"image":{"@id":"https:\/\/www.meydan.tv\/az\/article\/ayb-de-menzil-qalmaqali-sair-ve-yazicilar-etiraz-edirler\/#primaryimage"},"thumbnailUrl":"https:\/\/www.meydan.tv\/wp-content\/uploads\/1-8-520x390-1.jpg","datePublished":"2023-11-18T14:35:28+00:00","dateModified":"2023-11-18T19:34:48+00:00","breadcrumb":{"@id":"https:\/\/www.meydan.tv\/az\/article\/ayb-de-menzil-qalmaqali-sair-ve-yazicilar-etiraz-edirler\/#breadcrumb"},"inLanguage":"az","potentialAction":[{"@type":"ReadAction","target":["https:\/\/www.meydan.tv\/az\/article\/ayb-de-menzil-qalmaqali-sair-ve-yazicilar-etiraz-edirler\/"]}]},{"@type":"ImageObject","inLanguage":"az","@id":"https:\/\/www.meydan.tv\/az\/article\/ayb-de-menzil-qalmaqali-sair-ve-yazicilar-etiraz-edirler\/#primaryimage","url":"https:\/\/www.meydan.tv\/wp-content\/uploads\/1-8-520x390-1.jpg","contentUrl":"https:\/\/www.meydan.tv\/wp-content\/uploads\/1-8-520x390-1.jpg","width":1200,"height":900,"caption":"M\u0259nb\u0259: AYB"},{"@type":"BreadcrumbList","@id":"https:\/\/www.meydan.tv\/az\/article\/ayb-de-menzil-qalmaqali-sair-ve-yazicilar-etiraz-edirler\/#breadcrumb","itemListElement":[{"@type":"ListItem","position":1,"name":"Ana s\u0259hif\u0259","item":"https:\/\/www.meydan.tv\/az\/"},{"@type":"ListItem","position":2,"name":"M\u0259d\u0259niyy\u0259t","item":"https:\/\/www.meydan.tv\/az\/section\/medeniyyet\/"},{"@type":"ListItem","position":3,"name":"AYB-d\u0259 m\u0259nzil qalmaqal\u0131: \u015fair v\u0259 yaz\u0131\u00e7\u0131lar etiraz edirl\u0259r"}]},{"@type":"WebSite","@id":"https:\/\/www.meydan.tv\/az\/#website","url":"https:\/\/www.meydan.tv\/az\/","name":"MEYDAN.TV","description":"Meydan TV Az\u0259rbaycan\u0131n media m\u0259kan\u0131ndak\u0131 alternativ s\u0259sidir","publisher":{"@id":"https:\/\/www.meydan.tv\/az\/#organization"},"potentialAction":[{"@type":"SearchAction","target":{"@type":"EntryPoint","urlTemplate":"https:\/\/www.meydan.tv\/az\/?s={search_term_string}"},"query-input":{"@type":"PropertyValueSpecification","valueRequired":true,"valueName":"search_term_string"}}],"inLanguage":"az"},{"@type":"Organization","@id":"https:\/\/www.meydan.tv\/az\/#organization","name":"Meydan TV","url":"https:\/\/www.meydan.tv\/az\/","logo":{"@type":"ImageObject","inLanguage":"az","@id":"https:\/\/www.meydan.tv\/az\/#\/schema\/logo\/image\/","url":"https:\/\/www.meydan.tv\/wp-content\/uploads\/2021\/07\/meydan-logo.svg","contentUrl":"https:\/\/www.meydan.tv\/wp-content\/uploads\/2021\/07\/meydan-logo.svg","width":195,"height":46,"caption":"Meydan TV"},"image":{"@id":"https:\/\/www.meydan.tv\/az\/#\/schema\/logo\/image\/"}},{"@type":"Person","@id":"https:\/\/www.meydan.tv\/az\/#\/schema\/person\/9cdbecf90d17180ce1dfbd95b08dcf47","name":"elli","sameAs":["https:\/\/x.com\/elli"]}]}},"_links":{"self":[{"href":"https:\/\/www.meydan.tv\/az\/wp-json\/wp\/v2\/posts\/290739","targetHints":{"allow":["GET"]}}],"collection":[{"href":"https:\/\/www.meydan.tv\/az\/wp-json\/wp\/v2\/posts"}],"about":[{"href":"https:\/\/www.meydan.tv\/az\/wp-json\/wp\/v2\/types\/post"}],"author":[{"embeddable":true,"href":"https:\/\/www.meydan.tv\/az\/wp-json\/wp\/v2\/users\/8"}],"replies":[{"embeddable":true,"href":"https:\/\/www.meydan.tv\/az\/wp-json\/wp\/v2\/comments?post=290739"}],"version-history":[{"count":5,"href":"https:\/\/www.meydan.tv\/az\/wp-json\/wp\/v2\/posts\/290739\/revisions"}],"predecessor-version":[{"id":290788,"href":"https:\/\/www.meydan.tv\/az\/wp-json\/wp\/v2\/posts\/290739\/revisions\/290788"}],"wp:featuredmedia":[{"embeddable":true,"href":"https:\/\/www.meydan.tv\/az\/wp-json\/wp\/v2\/media\/258204"}],"wp:attachment":[{"href":"https:\/\/www.meydan.tv\/az\/wp-json\/wp\/v2\/media?parent=290739"}],"wp:term":[{"taxonomy":"category","embeddable":true,"href":"https:\/\/www.meydan.tv\/az\/wp-json\/wp\/v2\/categories?post=290739"},{"taxonomy":"post_tag","embeddable":true,"href":"https:\/\/www.meydan.tv\/az\/wp-json\/wp\/v2\/tags?post=290739"}],"curies":[{"name":"wp","href":"https:\/\/api.w.org\/{rel}","templated":true}]}}