{"id":290675,"date":"2023-11-17T15:00:58","date_gmt":"2023-11-17T11:00:58","guid":{"rendered":"https:\/\/www.meydan.tv\/?p=290675"},"modified":"2023-11-17T15:01:03","modified_gmt":"2023-11-17T11:01:03","slug":"vardanyanin-filmi-qalib-oldu-azerbaycanli-kinosunaslar-hokumeti-tenqid-etdiler","status":"publish","type":"post","link":"https:\/\/www.meydan.tv\/az\/article\/vardanyanin-filmi-qalib-oldu-azerbaycanli-kinosunaslar-hokumeti-tenqid-etdiler\/","title":{"rendered":"Vardanyan\u0131n filmi qalib oldu, az\u0259rbaycanl\u0131 kino\u015f\u00fcnaslar h\u00f6kum\u0259ti t\u0259nqid etdil\u0259r"},"content":{"rendered":"\n<p><\/p>\n\n\n\n<p><strong><em>&#8220;G\u0259r\u0259k erm\u0259ni kinematoqraf\u00e7\u0131lar n\u00fcfuzlu m\u00fcsabiq\u0259l\u0259rd\u0259 qalib olsunlar ki, biz ay\u0131laq?&#8221;<\/em><\/strong><\/p>\n\n\n\n<p>Noyabr\u0131n 8-d\u0259n 19-d\u0259k Amsterdamda 36-c\u0131 Amsterdam S\u0259n\u0259dli Filml\u0259r Festival\u0131 \u2013 IDFA ke\u00e7irilir.<\/p>\n\n\n\n<p>Festival\u0131n \u201c\u018fn yax\u015f\u0131 film\u201d nominasiyas\u0131nda erm\u0259ni rejissor \u015eoqaqat Vardanyan \u201c1489\u201d filmi il\u0259 qalib <a href=\"https:\/\/www.idfa.nl\/en\/news\/idfa-award-for-best-film-naar-1489-en-canutos-transformation\/\">olub.<\/a><\/p>\n\n\n\n<p>Filmin m\u00f6vzusu rejissorun \u015f\u0259xsi hekay\u0259sidir.<\/p>\n\n\n\n<p>Onun qarda\u015f\u0131 \u0130kinci Qaraba\u011f m\u00fcharib\u0259si zaman\u0131 h\u0259rbiy\u0259 yollan\u0131b, sonra is\u0259 itkin d\u00fc\u015f\u00fcb, daha sonra is\u0259 n\u0259\u015finin qal\u0131qlar\u0131 tap\u0131l\u0131b.<\/p>\n\n\n\n<p>Rejissor bu prosesi \u00f6z telefonu il\u0259 \u00e7\u0259k\u0259r\u0259k film\u0259 \u00e7evirib.<\/p>\n\n\n\n<p>Bu, Az\u0259rbaycan\u0131n kino ictimaiyy\u0259ti t\u0259r\u0259find\u0259n naraz\u0131l\u0131qla qar\u015f\u0131lan\u0131b.<\/p>\n\n\n\n<p>Rejissor v\u0259 kino t\u0259nqid\u00e7il\u0259ri \u0130kinci Qaraba\u011f m\u00fcharib\u0259si haqq\u0131nda ist\u0259r b\u0259dii, ist\u0259rs\u0259 d\u0259 s\u0259n\u0259dli filml\u0259rin \u00e7\u0259kilm\u0259m\u0259si, beyn\u0259lxalq film festivallar\u0131nda n\u00fcmayi\u015f etdirilm\u0259m\u0259sind\u0259n \u015fikay\u0259t\u00e7idirl\u0259r.<\/p>\n\n\n<div class=\"wp-block-image\">\n<figure class=\"alignright size-large is-resized\"><img decoding=\"async\" width=\"1152\" height=\"821\" data-src=\"https:\/\/www.meydan.tv\/wp-content\/uploads\/seva-1152x821.jpg\" alt=\"\" class=\"wp-image-226742 lazyload\" style=\"--smush-placeholder-width: 1152px; --smush-placeholder-aspect-ratio: 1152\/821;width:361px;height:auto\" src=\"data:image\/svg+xml;base64,PHN2ZyB3aWR0aD0iMSIgaGVpZ2h0PSIxIiB4bWxucz0iaHR0cDovL3d3dy53My5vcmcvMjAwMC9zdmciPjwvc3ZnPg==\" \/><figcaption class=\"wp-element-caption\">Sevda Sultanova, Foto: Kulis.az<\/figcaption><\/figure>\n<\/div>\n\n\n<p>Kino t\u0259nqid\u00e7isi Sevda Sultanova m\u0259s\u0259l\u0259y\u0259 m\u00fcnasib\u0259tini &#8220;Telegram&#8221; kanal\u0131nda <a href=\"https:\/\/web.telegram.org\/a\/#-1001554493447\">bildirib.<\/a><\/p>\n\n\n\n<p><em>\u201cXarici siyas\u0259timizd\u0259 v\u0259 h\u0259rb meydan\u0131nda qazand\u0131\u011f\u0131m\u0131z u\u011furlar\u0131 kino sah\u0259sind\u0259 d\u0259 g\u00f6rm\u0259k ist\u0259yirik v\u0259 bunu Kino Agentliyind\u0259n t\u0259l\u0259b edirik. G\u0259r\u0259k erm\u0259ni kinematoqraf\u00e7\u0131lar n\u00fcfuzlu m\u00fcsabiq\u0259l\u0259rd\u0259 qalib olsunlar ki, biz ay\u0131laq?\u201d<\/em>&#8211; Sevda Sultanova yaz\u0131b.<\/p>\n\n\n\n<p><\/p>\n\n\n\n<p>Az\u0259rbaycan Kinematoqraf\u00e7\u0131lar \u0130ttifaq\u0131n\u0131n katibi, rejissor \u018fli \u0130sa Cabbarov da m\u0259s\u0259l\u0259y\u0259 bigan\u0259 <a href=\"https:\/\/www.facebook.com\/aliisa.jabbarov\/posts\/10227996054620885?ref=embed_post\">qalmay\u0131b:<\/a><\/p>\n\n\n<div class=\"wp-block-image\">\n<figure class=\"alignleft size-full is-resized\"><img decoding=\"async\" width=\"533\" height=\"400\" data-src=\"https:\/\/www.meydan.tv\/wp-content\/uploads\/24632.jpg\" alt=\"\u018fli \u0130sa Cabbarov\" class=\"wp-image-64571 lazyload\" style=\"--smush-placeholder-width: 533px; --smush-placeholder-aspect-ratio: 533\/400;width:309px;height:auto\" src=\"data:image\/svg+xml;base64,PHN2ZyB3aWR0aD0iMSIgaGVpZ2h0PSIxIiB4bWxucz0iaHR0cDovL3d3dy53My5vcmcvMjAwMC9zdmciPjwvc3ZnPg==\" \/><figcaption class=\"wp-element-caption\">Foto: sosial \u015f\u0259b\u0259k\u0259<\/figcaption><\/figure>\n<\/div>\n\n\n<p><\/p>\n\n\n\n<p>\u201c<em>Qaraba\u011fda itkin d\u00fc\u015f\u0259n, bir ild\u0259n sonra s\u00fcm\u00fckl\u0259ri tap\u0131lan erm\u0259ni \u0259sg\u0259ri haqda s\u0259n\u0259dli film, s\u0259n\u0259dli kinonun bir n\u00f6mr\u0259li festival\u0131nda, \u0130DFA-da ba\u015f m\u00fckafat\u0131 qazan\u0131b. Bu h\u0259l\u0259 \u0130DFA-d\u0131r, \u201cKann\u201d v\u0259 \u201cOskar\u201d\u0131 g\u00f6zl\u0259y\u0259c\u0259yik, yoxsa kino sah\u0259sind\u0259 d\u00f6vl\u0259t v\u0259saiti idar\u0259\u00e7iliyind\u0259 yaranm\u0131\u015f \u00e7a\u015fq\u0131nl\u0131\u011f\u0131 \u00e7evik l\u0259\u011fv edib, k\u0259miyy\u0259t v\u0259 keyfiyy\u0259tc\u0259 y\u00fcks\u0259k add\u0131mlar ataca\u011f\u0131q?\u201d<\/em>.<\/p>\n\n\n\n<p><\/p>\n\n\n\n<p>Kino t\u0259nqid\u00e7isi Hac\u0131 S\u0259f\u0259rov Meydan TV-y\u0259 deyir ki, IDFA d\u00fcnyan\u0131n \u0259n n\u00fcfuzli s\u0259n\u0259dli film festival\u0131 hesab edilir:<\/p>\n\n\n<div class=\"wp-block-image\">\n<figure class=\"alignright size-large is-resized\"><img decoding=\"async\" width=\"1200\" height=\"677\" data-src=\"https:\/\/www.meydan.tv\/wp-content\/uploads\/screenshot-2022-10-19-at-13.38.35-1200x677.png\" alt=\"\" class=\"wp-image-258708 lazyload\" style=\"--smush-placeholder-width: 1200px; --smush-placeholder-aspect-ratio: 1200\/677;width:417px;height:auto\" src=\"data:image\/svg+xml;base64,PHN2ZyB3aWR0aD0iMSIgaGVpZ2h0PSIxIiB4bWxucz0iaHR0cDovL3d3dy53My5vcmcvMjAwMC9zdmciPjwvc3ZnPg==\" \/><figcaption class=\"wp-element-caption\">Hac\u0131 S\u0259f\u0259rov<\/figcaption><\/figure>\n<\/div>\n\n\n<p>\u201c<em>H\u0259tta filmin festivalda n\u00fcmayi\u015fi \u00fc\u00e7\u00fcn se\u00e7ilm\u0259si bel\u0259 b\u00f6y\u00fck bir u\u011furdur. Bu h\u0259m d\u0259 \u00e7\u0131x\u0131\u015f ed\u0259n \u00f6lk\u0259nin ideyalar\u0131n\u0131n yay\u0131lmas\u0131, onu yans\u0131tmaq m\u0259s\u0259l\u0259sidir. IDFA festival\u0131nda \u201c\u018fn yax\u015f\u0131 rejissor\u201d m\u00fckafat\u0131na f\u0259l\u0259stinli rejissor (Mohammed Cabali \u201cH\u0259yat g\u00f6z\u0259ldir\u201d) layiq g\u00f6r\u00fcl\u00fcb. Bu da o dem\u0259kdir ki, d\u00fcnyada ba\u015f ver\u0259n hadis\u0259l\u0259ri bu festivallar d\u00fcnyaya g\u00f6st\u0259rirl\u0259r&#8221;.<\/em><\/p>\n\n\n\n<p><\/p>\n\n\n\n<p>&#8220;<em>\u0130nc\u0259s\u0259n\u0259tin \u0259traf\u0131m\u0131zda, d\u00fcnyam\u0131zda ba\u015f ver\u0259nl\u0259ri g\u00f6st\u0259rm\u0259k funksionall\u0131\u011f\u0131 da var. Bizd\u0259 laz\u0131mi mexanizml\u0259r yoxdur, qurulmur. Bu bar\u0259d\u0259 d\u0259f\u0259l\u0259rl\u0259 m\u00fczakir\u0259l\u0259r olub. G\u00f6r\u00fcn\u00fcr, onlar\u0131n \u00f6z bildikl\u0259ri var. \u00d6z bildikl\u0259rini edirl\u0259r. \u00d6z bildikl\u0259rinin d\u0259 n\u0259tic\u0259si g\u00f6z qaba\u011f\u0131ndad\u0131r. Bu ham\u0131s\u0131 kinoya cavabdeh olanlar\u0131n yar\u0131tmazl\u0131\u011f\u0131, i\u015fbilm\u0259zliyidir\u201d, <\/em>&#8211; dey\u0259 o bildirib.<\/p>\n\n\n\n<p>2020-ci ilin sentyabr\u0131nda Az\u0259rbaycan v\u0259 Erm\u0259nistan silahl\u0131 q\u00fcvv\u0259l\u0259ri aras\u0131nda 44 g\u00fcnl\u00fck \u0130kinci Qaraba\u011f m\u00fcharib\u0259si ba\u015f verib.<\/p>\n\n\n\n<p>Az\u0259rbaycan Qaraba\u011f\u0131n bir hiss\u0259sin\u0259 v\u0259 \u0259traf&nbsp; 7 rayona n\u0259zar\u0259ti b\u0259rpa edib.<\/p>\n\n\n\n<p>2023-c\u00fc ilin sentyabr\u0131n 19-da Az\u0259rbaycan Qaraba\u011fda anti-terror \u0259m\u0259liyyat ke\u00e7irib.<\/p>\n\n\n\n<p>Sentyabr\u0131n 28-d\u0259 separat\u00e7\u0131 \u201cDa\u011fl\u0131q Qaraba\u011f\u0131n (Artsax) Prezidenti\u201d Samvel \u015eahramanyan \u201crespublika\u201dn\u0131n burax\u0131lmas\u0131 bar\u0259d\u0259 f\u0259rman imzalay\u0131b.<\/p>\n\n\n\n<p>O, f\u0259rman\u0131 19 sentyabr 2023-c\u00fc ild\u0259n sonra yaranm\u0131\u015f v\u0259ziyy\u0259tl\u0259 \u0259laq\u0259l\u0259ndirib.<\/p>\n\n\n\n<p>Oktyabr\u0131n 15-d\u0259 is\u0259 Prezident \u0130lham \u018fliyev Xank\u0259ndi \u015f\u0259h\u0259rin\u0259 s\u0259f\u0259r edib.<\/p>\n\n\n\n<p>Prezident Xank\u0259ndid\u0259 Az\u0259rbaycan bayra\u011f\u0131n\u0131 qald\u0131r\u0131b v\u0259 \u00e7\u0131x\u0131\u015f edib.<\/p>\n\n\n\n<p>\u00c7\u0131x\u0131\u015f\u0131nda Az\u0259rbaycan\u0131n \u00f6z suverenliyini tam b\u0259rpa etdiyini, Qaraba\u011f probleminin bitdiyini, m\u00fcnaqi\u015f\u0259nin sona \u00e7atd\u0131\u011f\u0131n\u0131 deyib.&nbsp;<\/p>\n","protected":false},"excerpt":{"rendered":"<p>&#8220;G\u0259r\u0259k erm\u0259ni kinematoqraf\u00e7\u0131lar n\u00fcfuzlu m\u00fcsabiq\u0259l\u0259rd\u0259 qalib olsunlar ki, biz ay\u0131laq?&#8221; &#8230; <\/p>\n<p class=\"read-more-container\"><a title=\"Vardanyan\u0131n filmi qalib oldu, az\u0259rbaycanl\u0131 kino\u015f\u00fcnaslar h\u00f6kum\u0259ti t\u0259nqid etdil\u0259r\" class=\"read-more button\" href=\"https:\/\/www.meydan.tv\/az\/article\/vardanyanin-filmi-qalib-oldu-azerbaycanli-kinosunaslar-hokumeti-tenqid-etdiler\/#more-290675\" aria-label=\"Read more about Vardanyan\u0131n filmi qalib oldu, az\u0259rbaycanl\u0131 kino\u015f\u00fcnaslar h\u00f6kum\u0259ti t\u0259nqid etdil\u0259r\">Davam\u0131<\/a><\/p>\n","protected":false},"author":8,"featured_media":290676,"comment_status":"closed","ping_status":"closed","sticky":false,"template":"","format":"standard","meta":{"_acf_changed":false,"_sitemap_exclude":false,"_sitemap_priority":"","_sitemap_frequency":"","footnotes":""},"categories":[52,56],"tags":[],"class_list":["post-290675","post","type-post","status-publish","format-standard","has-post-thumbnail","hentry","category-medeniyyet","category-xeberler","infinite-scroll-item","generate-columns","tablet-grid-50","mobile-grid-100","grid-parent","grid-33","no-featured-image-padding"],"acf":[],"yoast_head":"<!-- This site is optimized with the Yoast SEO plugin v27.4 - https:\/\/yoast.com\/product\/yoast-seo-wordpress\/ -->\n<title>Vardanyan\u0131n filmi qalib oldu, az\u0259rbaycanl\u0131 kino\u015f\u00fcnaslar h\u00f6kum\u0259ti t\u0259nqid etdil\u0259r - MEYDAN.TV<\/title>\n<meta name=\"robots\" content=\"index, follow, max-snippet:-1, max-image-preview:large, max-video-preview:-1\" \/>\n<link rel=\"canonical\" href=\"https:\/\/www.meydan.tv\/az\/article\/vardanyanin-filmi-qalib-oldu-azerbaycanli-kinosunaslar-hokumeti-tenqid-etdiler\/\" \/>\n<meta property=\"og:locale\" content=\"az_AZ\" \/>\n<meta property=\"og:type\" content=\"article\" \/>\n<meta property=\"og:title\" content=\"Vardanyan\u0131n filmi qalib oldu, az\u0259rbaycanl\u0131 kino\u015f\u00fcnaslar h\u00f6kum\u0259ti t\u0259nqid etdil\u0259r - MEYDAN.TV\" \/>\n<meta property=\"og:description\" content=\"&#8220;G\u0259r\u0259k erm\u0259ni kinematoqraf\u00e7\u0131lar n\u00fcfuzlu m\u00fcsabiq\u0259l\u0259rd\u0259 qalib olsunlar ki, biz ay\u0131laq?&#8221; ... Davam\u0131\" \/>\n<meta property=\"og:url\" content=\"https:\/\/www.meydan.tv\/az\/article\/vardanyanin-filmi-qalib-oldu-azerbaycanli-kinosunaslar-hokumeti-tenqid-etdiler\/\" \/>\n<meta property=\"og:site_name\" content=\"MEYDAN.TV\" \/>\n<meta property=\"article:published_time\" content=\"2023-11-17T11:00:58+00:00\" \/>\n<meta property=\"article:modified_time\" content=\"2023-11-17T11:01:03+00:00\" \/>\n<meta property=\"og:image\" content=\"https:\/\/www.meydan.tv\/wp-content\/uploads\/copy-of-untitled-design-4.jpg\" \/>\n\t<meta property=\"og:image:width\" content=\"1520\" \/>\n\t<meta property=\"og:image:height\" content=\"855\" \/>\n\t<meta property=\"og:image:type\" content=\"image\/jpeg\" \/>\n<meta name=\"author\" content=\"elli\" \/>\n<meta name=\"twitter:card\" content=\"summary_large_image\" \/>\n<meta name=\"twitter:creator\" content=\"@elli\" \/>\n<script type=\"application\/ld+json\" class=\"yoast-schema-graph\">{\"@context\":\"https:\\\/\\\/schema.org\",\"@graph\":[{\"@type\":\"Article\",\"@id\":\"https:\\\/\\\/www.meydan.tv\\\/az\\\/article\\\/vardanyanin-filmi-qalib-oldu-azerbaycanli-kinosunaslar-hokumeti-tenqid-etdiler\\\/#article\",\"isPartOf\":{\"@id\":\"https:\\\/\\\/www.meydan.tv\\\/az\\\/article\\\/vardanyanin-filmi-qalib-oldu-azerbaycanli-kinosunaslar-hokumeti-tenqid-etdiler\\\/\"},\"author\":{\"name\":\"elli\",\"@id\":\"https:\\\/\\\/www.meydan.tv\\\/az\\\/#\\\/schema\\\/person\\\/9cdbecf90d17180ce1dfbd95b08dcf47\"},\"headline\":\"Vardanyan\u0131n filmi qalib oldu, az\u0259rbaycanl\u0131 kino\u015f\u00fcnaslar h\u00f6kum\u0259ti t\u0259nqid etdil\u0259r\",\"datePublished\":\"2023-11-17T11:00:58+00:00\",\"dateModified\":\"2023-11-17T11:01:03+00:00\",\"mainEntityOfPage\":{\"@id\":\"https:\\\/\\\/www.meydan.tv\\\/az\\\/article\\\/vardanyanin-filmi-qalib-oldu-azerbaycanli-kinosunaslar-hokumeti-tenqid-etdiler\\\/\"},\"wordCount\":706,\"publisher\":{\"@id\":\"https:\\\/\\\/www.meydan.tv\\\/az\\\/#organization\"},\"image\":{\"@id\":\"https:\\\/\\\/www.meydan.tv\\\/az\\\/article\\\/vardanyanin-filmi-qalib-oldu-azerbaycanli-kinosunaslar-hokumeti-tenqid-etdiler\\\/#primaryimage\"},\"thumbnailUrl\":\"https:\\\/\\\/www.meydan.tv\\\/wp-content\\\/uploads\\\/copy-of-untitled-design-4.jpg\",\"articleSection\":[\"M\u0259d\u0259niyy\u0259t\",\"X\u0259b\u0259rl\u0259r\"],\"inLanguage\":\"az\"},{\"@type\":\"WebPage\",\"@id\":\"https:\\\/\\\/www.meydan.tv\\\/az\\\/article\\\/vardanyanin-filmi-qalib-oldu-azerbaycanli-kinosunaslar-hokumeti-tenqid-etdiler\\\/\",\"url\":\"https:\\\/\\\/www.meydan.tv\\\/az\\\/article\\\/vardanyanin-filmi-qalib-oldu-azerbaycanli-kinosunaslar-hokumeti-tenqid-etdiler\\\/\",\"name\":\"Vardanyan\u0131n filmi qalib oldu, az\u0259rbaycanl\u0131 kino\u015f\u00fcnaslar h\u00f6kum\u0259ti t\u0259nqid etdil\u0259r - MEYDAN.TV\",\"isPartOf\":{\"@id\":\"https:\\\/\\\/www.meydan.tv\\\/az\\\/#website\"},\"primaryImageOfPage\":{\"@id\":\"https:\\\/\\\/www.meydan.tv\\\/az\\\/article\\\/vardanyanin-filmi-qalib-oldu-azerbaycanli-kinosunaslar-hokumeti-tenqid-etdiler\\\/#primaryimage\"},\"image\":{\"@id\":\"https:\\\/\\\/www.meydan.tv\\\/az\\\/article\\\/vardanyanin-filmi-qalib-oldu-azerbaycanli-kinosunaslar-hokumeti-tenqid-etdiler\\\/#primaryimage\"},\"thumbnailUrl\":\"https:\\\/\\\/www.meydan.tv\\\/wp-content\\\/uploads\\\/copy-of-untitled-design-4.jpg\",\"datePublished\":\"2023-11-17T11:00:58+00:00\",\"dateModified\":\"2023-11-17T11:01:03+00:00\",\"breadcrumb\":{\"@id\":\"https:\\\/\\\/www.meydan.tv\\\/az\\\/article\\\/vardanyanin-filmi-qalib-oldu-azerbaycanli-kinosunaslar-hokumeti-tenqid-etdiler\\\/#breadcrumb\"},\"inLanguage\":\"az\",\"potentialAction\":[{\"@type\":\"ReadAction\",\"target\":[\"https:\\\/\\\/www.meydan.tv\\\/az\\\/article\\\/vardanyanin-filmi-qalib-oldu-azerbaycanli-kinosunaslar-hokumeti-tenqid-etdiler\\\/\"]}]},{\"@type\":\"ImageObject\",\"inLanguage\":\"az\",\"@id\":\"https:\\\/\\\/www.meydan.tv\\\/az\\\/article\\\/vardanyanin-filmi-qalib-oldu-azerbaycanli-kinosunaslar-hokumeti-tenqid-etdiler\\\/#primaryimage\",\"url\":\"https:\\\/\\\/www.meydan.tv\\\/wp-content\\\/uploads\\\/copy-of-untitled-design-4.jpg\",\"contentUrl\":\"https:\\\/\\\/www.meydan.tv\\\/wp-content\\\/uploads\\\/copy-of-untitled-design-4.jpg\",\"width\":1520,\"height\":855,\"caption\":\"Erm\u0259nistan-film, Foto: AlexLMX\\\/shutterstock\"},{\"@type\":\"BreadcrumbList\",\"@id\":\"https:\\\/\\\/www.meydan.tv\\\/az\\\/article\\\/vardanyanin-filmi-qalib-oldu-azerbaycanli-kinosunaslar-hokumeti-tenqid-etdiler\\\/#breadcrumb\",\"itemListElement\":[{\"@type\":\"ListItem\",\"position\":1,\"name\":\"Ana s\u0259hif\u0259\",\"item\":\"https:\\\/\\\/www.meydan.tv\\\/az\\\/\"},{\"@type\":\"ListItem\",\"position\":2,\"name\":\"M\u0259d\u0259niyy\u0259t\",\"item\":\"https:\\\/\\\/www.meydan.tv\\\/az\\\/section\\\/medeniyyet\\\/\"},{\"@type\":\"ListItem\",\"position\":3,\"name\":\"Vardanyan\u0131n filmi qalib oldu, az\u0259rbaycanl\u0131 kino\u015f\u00fcnaslar h\u00f6kum\u0259ti t\u0259nqid etdil\u0259r\"}]},{\"@type\":\"WebSite\",\"@id\":\"https:\\\/\\\/www.meydan.tv\\\/az\\\/#website\",\"url\":\"https:\\\/\\\/www.meydan.tv\\\/az\\\/\",\"name\":\"MEYDAN.TV\",\"description\":\"Meydan TV Az\u0259rbaycan\u0131n media m\u0259kan\u0131ndak\u0131 alternativ s\u0259sidir\",\"publisher\":{\"@id\":\"https:\\\/\\\/www.meydan.tv\\\/az\\\/#organization\"},\"potentialAction\":[{\"@type\":\"SearchAction\",\"target\":{\"@type\":\"EntryPoint\",\"urlTemplate\":\"https:\\\/\\\/www.meydan.tv\\\/az\\\/?s={search_term_string}\"},\"query-input\":{\"@type\":\"PropertyValueSpecification\",\"valueRequired\":true,\"valueName\":\"search_term_string\"}}],\"inLanguage\":\"az\"},{\"@type\":\"Organization\",\"@id\":\"https:\\\/\\\/www.meydan.tv\\\/az\\\/#organization\",\"name\":\"Meydan TV\",\"url\":\"https:\\\/\\\/www.meydan.tv\\\/az\\\/\",\"logo\":{\"@type\":\"ImageObject\",\"inLanguage\":\"az\",\"@id\":\"https:\\\/\\\/www.meydan.tv\\\/az\\\/#\\\/schema\\\/logo\\\/image\\\/\",\"url\":\"https:\\\/\\\/www.meydan.tv\\\/wp-content\\\/uploads\\\/2021\\\/07\\\/meydan-logo.svg\",\"contentUrl\":\"https:\\\/\\\/www.meydan.tv\\\/wp-content\\\/uploads\\\/2021\\\/07\\\/meydan-logo.svg\",\"width\":195,\"height\":46,\"caption\":\"Meydan TV\"},\"image\":{\"@id\":\"https:\\\/\\\/www.meydan.tv\\\/az\\\/#\\\/schema\\\/logo\\\/image\\\/\"}},{\"@type\":\"Person\",\"@id\":\"https:\\\/\\\/www.meydan.tv\\\/az\\\/#\\\/schema\\\/person\\\/9cdbecf90d17180ce1dfbd95b08dcf47\",\"name\":\"elli\",\"sameAs\":[\"https:\\\/\\\/x.com\\\/elli\"]}]}<\/script>\n<!-- \/ Yoast SEO plugin. -->","yoast_head_json":{"title":"Vardanyan\u0131n filmi qalib oldu, az\u0259rbaycanl\u0131 kino\u015f\u00fcnaslar h\u00f6kum\u0259ti t\u0259nqid etdil\u0259r - MEYDAN.TV","robots":{"index":"index","follow":"follow","max-snippet":"max-snippet:-1","max-image-preview":"max-image-preview:large","max-video-preview":"max-video-preview:-1"},"canonical":"https:\/\/www.meydan.tv\/az\/article\/vardanyanin-filmi-qalib-oldu-azerbaycanli-kinosunaslar-hokumeti-tenqid-etdiler\/","og_locale":"az_AZ","og_type":"article","og_title":"Vardanyan\u0131n filmi qalib oldu, az\u0259rbaycanl\u0131 kino\u015f\u00fcnaslar h\u00f6kum\u0259ti t\u0259nqid etdil\u0259r - MEYDAN.TV","og_description":"&#8220;G\u0259r\u0259k erm\u0259ni kinematoqraf\u00e7\u0131lar n\u00fcfuzlu m\u00fcsabiq\u0259l\u0259rd\u0259 qalib olsunlar ki, biz ay\u0131laq?&#8221; ... Davam\u0131","og_url":"https:\/\/www.meydan.tv\/az\/article\/vardanyanin-filmi-qalib-oldu-azerbaycanli-kinosunaslar-hokumeti-tenqid-etdiler\/","og_site_name":"MEYDAN.TV","article_published_time":"2023-11-17T11:00:58+00:00","article_modified_time":"2023-11-17T11:01:03+00:00","og_image":[{"width":1520,"height":855,"url":"https:\/\/www.meydan.tv\/wp-content\/uploads\/copy-of-untitled-design-4.jpg","type":"image\/jpeg"}],"author":"elli","twitter_card":"summary_large_image","twitter_creator":"@elli","schema":{"@context":"https:\/\/schema.org","@graph":[{"@type":"Article","@id":"https:\/\/www.meydan.tv\/az\/article\/vardanyanin-filmi-qalib-oldu-azerbaycanli-kinosunaslar-hokumeti-tenqid-etdiler\/#article","isPartOf":{"@id":"https:\/\/www.meydan.tv\/az\/article\/vardanyanin-filmi-qalib-oldu-azerbaycanli-kinosunaslar-hokumeti-tenqid-etdiler\/"},"author":{"name":"elli","@id":"https:\/\/www.meydan.tv\/az\/#\/schema\/person\/9cdbecf90d17180ce1dfbd95b08dcf47"},"headline":"Vardanyan\u0131n filmi qalib oldu, az\u0259rbaycanl\u0131 kino\u015f\u00fcnaslar h\u00f6kum\u0259ti t\u0259nqid etdil\u0259r","datePublished":"2023-11-17T11:00:58+00:00","dateModified":"2023-11-17T11:01:03+00:00","mainEntityOfPage":{"@id":"https:\/\/www.meydan.tv\/az\/article\/vardanyanin-filmi-qalib-oldu-azerbaycanli-kinosunaslar-hokumeti-tenqid-etdiler\/"},"wordCount":706,"publisher":{"@id":"https:\/\/www.meydan.tv\/az\/#organization"},"image":{"@id":"https:\/\/www.meydan.tv\/az\/article\/vardanyanin-filmi-qalib-oldu-azerbaycanli-kinosunaslar-hokumeti-tenqid-etdiler\/#primaryimage"},"thumbnailUrl":"https:\/\/www.meydan.tv\/wp-content\/uploads\/copy-of-untitled-design-4.jpg","articleSection":["M\u0259d\u0259niyy\u0259t","X\u0259b\u0259rl\u0259r"],"inLanguage":"az"},{"@type":"WebPage","@id":"https:\/\/www.meydan.tv\/az\/article\/vardanyanin-filmi-qalib-oldu-azerbaycanli-kinosunaslar-hokumeti-tenqid-etdiler\/","url":"https:\/\/www.meydan.tv\/az\/article\/vardanyanin-filmi-qalib-oldu-azerbaycanli-kinosunaslar-hokumeti-tenqid-etdiler\/","name":"Vardanyan\u0131n filmi qalib oldu, az\u0259rbaycanl\u0131 kino\u015f\u00fcnaslar h\u00f6kum\u0259ti t\u0259nqid etdil\u0259r - MEYDAN.TV","isPartOf":{"@id":"https:\/\/www.meydan.tv\/az\/#website"},"primaryImageOfPage":{"@id":"https:\/\/www.meydan.tv\/az\/article\/vardanyanin-filmi-qalib-oldu-azerbaycanli-kinosunaslar-hokumeti-tenqid-etdiler\/#primaryimage"},"image":{"@id":"https:\/\/www.meydan.tv\/az\/article\/vardanyanin-filmi-qalib-oldu-azerbaycanli-kinosunaslar-hokumeti-tenqid-etdiler\/#primaryimage"},"thumbnailUrl":"https:\/\/www.meydan.tv\/wp-content\/uploads\/copy-of-untitled-design-4.jpg","datePublished":"2023-11-17T11:00:58+00:00","dateModified":"2023-11-17T11:01:03+00:00","breadcrumb":{"@id":"https:\/\/www.meydan.tv\/az\/article\/vardanyanin-filmi-qalib-oldu-azerbaycanli-kinosunaslar-hokumeti-tenqid-etdiler\/#breadcrumb"},"inLanguage":"az","potentialAction":[{"@type":"ReadAction","target":["https:\/\/www.meydan.tv\/az\/article\/vardanyanin-filmi-qalib-oldu-azerbaycanli-kinosunaslar-hokumeti-tenqid-etdiler\/"]}]},{"@type":"ImageObject","inLanguage":"az","@id":"https:\/\/www.meydan.tv\/az\/article\/vardanyanin-filmi-qalib-oldu-azerbaycanli-kinosunaslar-hokumeti-tenqid-etdiler\/#primaryimage","url":"https:\/\/www.meydan.tv\/wp-content\/uploads\/copy-of-untitled-design-4.jpg","contentUrl":"https:\/\/www.meydan.tv\/wp-content\/uploads\/copy-of-untitled-design-4.jpg","width":1520,"height":855,"caption":"Erm\u0259nistan-film, Foto: AlexLMX\/shutterstock"},{"@type":"BreadcrumbList","@id":"https:\/\/www.meydan.tv\/az\/article\/vardanyanin-filmi-qalib-oldu-azerbaycanli-kinosunaslar-hokumeti-tenqid-etdiler\/#breadcrumb","itemListElement":[{"@type":"ListItem","position":1,"name":"Ana s\u0259hif\u0259","item":"https:\/\/www.meydan.tv\/az\/"},{"@type":"ListItem","position":2,"name":"M\u0259d\u0259niyy\u0259t","item":"https:\/\/www.meydan.tv\/az\/section\/medeniyyet\/"},{"@type":"ListItem","position":3,"name":"Vardanyan\u0131n filmi qalib oldu, az\u0259rbaycanl\u0131 kino\u015f\u00fcnaslar h\u00f6kum\u0259ti t\u0259nqid etdil\u0259r"}]},{"@type":"WebSite","@id":"https:\/\/www.meydan.tv\/az\/#website","url":"https:\/\/www.meydan.tv\/az\/","name":"MEYDAN.TV","description":"Meydan TV Az\u0259rbaycan\u0131n media m\u0259kan\u0131ndak\u0131 alternativ s\u0259sidir","publisher":{"@id":"https:\/\/www.meydan.tv\/az\/#organization"},"potentialAction":[{"@type":"SearchAction","target":{"@type":"EntryPoint","urlTemplate":"https:\/\/www.meydan.tv\/az\/?s={search_term_string}"},"query-input":{"@type":"PropertyValueSpecification","valueRequired":true,"valueName":"search_term_string"}}],"inLanguage":"az"},{"@type":"Organization","@id":"https:\/\/www.meydan.tv\/az\/#organization","name":"Meydan TV","url":"https:\/\/www.meydan.tv\/az\/","logo":{"@type":"ImageObject","inLanguage":"az","@id":"https:\/\/www.meydan.tv\/az\/#\/schema\/logo\/image\/","url":"https:\/\/www.meydan.tv\/wp-content\/uploads\/2021\/07\/meydan-logo.svg","contentUrl":"https:\/\/www.meydan.tv\/wp-content\/uploads\/2021\/07\/meydan-logo.svg","width":195,"height":46,"caption":"Meydan TV"},"image":{"@id":"https:\/\/www.meydan.tv\/az\/#\/schema\/logo\/image\/"}},{"@type":"Person","@id":"https:\/\/www.meydan.tv\/az\/#\/schema\/person\/9cdbecf90d17180ce1dfbd95b08dcf47","name":"elli","sameAs":["https:\/\/x.com\/elli"]}]}},"_links":{"self":[{"href":"https:\/\/www.meydan.tv\/az\/wp-json\/wp\/v2\/posts\/290675","targetHints":{"allow":["GET"]}}],"collection":[{"href":"https:\/\/www.meydan.tv\/az\/wp-json\/wp\/v2\/posts"}],"about":[{"href":"https:\/\/www.meydan.tv\/az\/wp-json\/wp\/v2\/types\/post"}],"author":[{"embeddable":true,"href":"https:\/\/www.meydan.tv\/az\/wp-json\/wp\/v2\/users\/8"}],"replies":[{"embeddable":true,"href":"https:\/\/www.meydan.tv\/az\/wp-json\/wp\/v2\/comments?post=290675"}],"version-history":[{"count":3,"href":"https:\/\/www.meydan.tv\/az\/wp-json\/wp\/v2\/posts\/290675\/revisions"}],"predecessor-version":[{"id":290684,"href":"https:\/\/www.meydan.tv\/az\/wp-json\/wp\/v2\/posts\/290675\/revisions\/290684"}],"wp:featuredmedia":[{"embeddable":true,"href":"https:\/\/www.meydan.tv\/az\/wp-json\/wp\/v2\/media\/290676"}],"wp:attachment":[{"href":"https:\/\/www.meydan.tv\/az\/wp-json\/wp\/v2\/media?parent=290675"}],"wp:term":[{"taxonomy":"category","embeddable":true,"href":"https:\/\/www.meydan.tv\/az\/wp-json\/wp\/v2\/categories?post=290675"},{"taxonomy":"post_tag","embeddable":true,"href":"https:\/\/www.meydan.tv\/az\/wp-json\/wp\/v2\/tags?post=290675"}],"curies":[{"name":"wp","href":"https:\/\/api.w.org\/{rel}","templated":true}]}}