{"id":290646,"date":"2023-11-17T13:50:59","date_gmt":"2023-11-17T09:50:59","guid":{"rendered":"https:\/\/www.meydan.tv\/?p=290646"},"modified":"2023-11-22T15:23:55","modified_gmt":"2023-11-22T11:23:55","slug":"caykendliler-seraitlerinden-sikayetcidir","status":"publish","type":"post","link":"https:\/\/www.meydan.tv\/az\/article\/caykendliler-seraitlerinden-sikayetcidir\/","title":{"rendered":"Vaxtil\u0259 Erm\u0259nil\u0259rin ya\u015fad\u0131\u011f\u0131 k\u0259ndd\u0259n reportaj"},"content":{"rendered":"\n<figure class=\"wp-block-embed is-type-video is-provider-youtube wp-block-embed-youtube wp-embed-aspect-16-9 wp-has-aspect-ratio\"><div class=\"wp-block-embed__wrapper\">\n<iframe title=\"Vaxtil\u0259 Erm\u0259nil\u0259rin  ya\u015fad\u0131\u011f\u0131 k\u0259ndd\u0259n reportaj\" width=\"1200\" height=\"675\" data-src=\"https:\/\/www.youtube.com\/embed\/LNebf9lDCek?feature=oembed\" frameborder=\"0\" allow=\"accelerometer; autoplay; clipboard-write; encrypted-media; gyroscope; picture-in-picture; web-share\" allowfullscreen src=\"data:image\/svg+xml;base64,PHN2ZyB3aWR0aD0iMSIgaGVpZ2h0PSIxIiB4bWxucz0iaHR0cDovL3d3dy53My5vcmcvMjAwMC9zdmciPjwvc3ZnPg==\" class=\"lazyload\" data-load-mode=\"1\"><\/iframe>\n<\/div><\/figure>\n\n\n\n<p><\/p>\n\n\n\n<p>1991-ci il\u0259 q\u0259d\u0259r G\u00f6yg\u00f6l rayonunun \u00c7ayk\u0259nd k\u0259ndind\u0259 xeyli erm\u0259ni sakin ya\u015fay\u0131b. El\u0259 h\u0259min ilin 30 aprelind\u0259 OMON-un ke\u00e7irdiyi \u0259m\u0259liyyatla onlar buradan k\u00f6\u00e7\u00fcr\u00fcl\u00fcb, \u0259v\u0259zind\u0259 1988-89-cu ill\u0259rd\u0259 Erm\u0259nistandan Az\u0259rbaycana deportasiya edil\u0259n az\u0259rbaycanl\u0131lar h\u0259min k\u0259nd\u0259 yerl\u0259\u015fdirilib. <\/p>\n\n\n\n<p>\u00c7ayk\u0259ndd\u0259 xristan \u0259haliy\u0259 aid iki tarixi m\u0259kan da var, bunlardan biri XVI \u0259sr\u0259 aid Anaid m\u0259b\u0259di, dig\u0259ri is\u0259 M\u00fcq\u0259dd\u0259s M\u0259ry\u0259m kils\u0259sidir. Deyilir ki, vaxtil\u0259 k\u0259ndin erm\u0259ni \u0259halisi kils\u0259 v\u0259 m\u0259b\u0259dd\u0259 ibad\u0259t edibl\u0259r. <\/p>\n\n\n\n<p>H\u0259r iki abid\u0259nin \u00f6n\u00fcnd\u0259 \u201cD\u00f6vl\u0259t t\u0259r\u0259find\u0259n qorunur\u201d yaz\u0131lsa da, bax\u0131ms\u0131z haldad\u0131r. K\u0259ndd\u0259 vaxtil\u0259 erm\u0259ni sakinl\u0259r\u0259 xidm\u0259t g\u00f6st\u0259r\u0259n, indi is\u0259 istifad\u0259y\u0259 yarars\u0131z tibb m\u0259nt\u0259q\u0259si d\u0259 var. \u00a0 2009-cu ild\u0259ki siyah\u0131yaalmaya g\u00f6r\u0259, k\u0259ndd\u0259 2574 n\u0259f\u0259r ya\u015fay\u0131r.<a href=\"https:\/\/www.youtube.com\/@MeydanTelevision\"><\/a><\/p>\n","protected":false},"excerpt":{"rendered":"<p>1991-ci il\u0259 q\u0259d\u0259r G\u00f6yg\u00f6l rayonunun \u00c7ayk\u0259nd k\u0259ndind\u0259 xeyli erm\u0259ni sakin &#8230; <\/p>\n<p class=\"read-more-container\"><a title=\"Vaxtil\u0259 Erm\u0259nil\u0259rin ya\u015fad\u0131\u011f\u0131 k\u0259ndd\u0259n reportaj\" class=\"read-more button\" href=\"https:\/\/www.meydan.tv\/az\/article\/caykendliler-seraitlerinden-sikayetcidir\/#more-290646\" aria-label=\"Read more about Vaxtil\u0259 Erm\u0259nil\u0259rin ya\u015fad\u0131\u011f\u0131 k\u0259ndd\u0259n reportaj\">Davam\u0131<\/a><\/p>\n","protected":false},"author":12,"featured_media":290647,"comment_status":"closed","ping_status":"closed","sticky":false,"template":"","format":"standard","meta":{"_acf_changed":false,"_sitemap_exclude":false,"_sitemap_priority":"","_sitemap_frequency":"","footnotes":""},"categories":[60,63],"tags":[],"class_list":["post-290646","post","type-post","status-publish","format-standard","has-post-thumbnail","hentry","category-bolge","category-video-2","infinite-scroll-item","generate-columns","tablet-grid-50","mobile-grid-100","grid-parent","grid-33","no-featured-image-padding"],"acf":[],"yoast_head":"<!-- This site is optimized with the Yoast SEO plugin v27.4 - https:\/\/yoast.com\/product\/yoast-seo-wordpress\/ -->\n<title>Vaxtil\u0259 Erm\u0259nil\u0259rin ya\u015fad\u0131\u011f\u0131 k\u0259ndd\u0259n reportaj - MEYDAN.TV<\/title>\n<meta name=\"robots\" content=\"index, follow, max-snippet:-1, max-image-preview:large, max-video-preview:-1\" \/>\n<link rel=\"canonical\" href=\"https:\/\/www.meydan.tv\/az\/article\/caykendliler-seraitlerinden-sikayetcidir\/\" \/>\n<meta property=\"og:locale\" content=\"az_AZ\" \/>\n<meta property=\"og:type\" content=\"article\" \/>\n<meta property=\"og:title\" content=\"Vaxtil\u0259 Erm\u0259nil\u0259rin ya\u015fad\u0131\u011f\u0131 k\u0259ndd\u0259n reportaj - MEYDAN.TV\" \/>\n<meta property=\"og:description\" content=\"1991-ci il\u0259 q\u0259d\u0259r G\u00f6yg\u00f6l rayonunun \u00c7ayk\u0259nd k\u0259ndind\u0259 xeyli erm\u0259ni sakin ... Davam\u0131\" \/>\n<meta property=\"og:url\" content=\"https:\/\/www.meydan.tv\/az\/article\/caykendliler-seraitlerinden-sikayetcidir\/\" \/>\n<meta property=\"og:site_name\" content=\"MEYDAN.TV\" \/>\n<meta property=\"article:published_time\" content=\"2023-11-17T09:50:59+00:00\" \/>\n<meta property=\"article:modified_time\" content=\"2023-11-22T11:23:55+00:00\" \/>\n<meta property=\"og:image\" content=\"https:\/\/www.meydan.tv\/wp-content\/uploads\/reportaj-cover-2-13.png\" \/>\n\t<meta property=\"og:image:width\" content=\"1280\" \/>\n\t<meta property=\"og:image:height\" content=\"720\" \/>\n\t<meta property=\"og:image:type\" content=\"image\/png\" \/>\n<meta name=\"author\" content=\"aleks\" \/>\n<meta name=\"twitter:card\" content=\"summary_large_image\" \/>\n<script type=\"application\/ld+json\" class=\"yoast-schema-graph\">{\"@context\":\"https:\\\/\\\/schema.org\",\"@graph\":[{\"@type\":\"Article\",\"@id\":\"https:\\\/\\\/www.meydan.tv\\\/az\\\/article\\\/caykendliler-seraitlerinden-sikayetcidir\\\/#article\",\"isPartOf\":{\"@id\":\"https:\\\/\\\/www.meydan.tv\\\/az\\\/article\\\/caykendliler-seraitlerinden-sikayetcidir\\\/\"},\"author\":{\"name\":\"aleks\",\"@id\":\"https:\\\/\\\/www.meydan.tv\\\/az\\\/#\\\/schema\\\/person\\\/476e9360e593fa131d5d71d51866f8da\"},\"headline\":\"Vaxtil\u0259 Erm\u0259nil\u0259rin ya\u015fad\u0131\u011f\u0131 k\u0259ndd\u0259n reportaj\",\"datePublished\":\"2023-11-17T09:50:59+00:00\",\"dateModified\":\"2023-11-22T11:23:55+00:00\",\"mainEntityOfPage\":{\"@id\":\"https:\\\/\\\/www.meydan.tv\\\/az\\\/article\\\/caykendliler-seraitlerinden-sikayetcidir\\\/\"},\"wordCount\":189,\"publisher\":{\"@id\":\"https:\\\/\\\/www.meydan.tv\\\/az\\\/#organization\"},\"image\":{\"@id\":\"https:\\\/\\\/www.meydan.tv\\\/az\\\/article\\\/caykendliler-seraitlerinden-sikayetcidir\\\/#primaryimage\"},\"thumbnailUrl\":\"https:\\\/\\\/www.meydan.tv\\\/wp-content\\\/uploads\\\/reportaj-cover-2-13.png\",\"articleSection\":[\"B\u00f6lg\u0259\",\"Video\"],\"inLanguage\":\"az\"},{\"@type\":\"WebPage\",\"@id\":\"https:\\\/\\\/www.meydan.tv\\\/az\\\/article\\\/caykendliler-seraitlerinden-sikayetcidir\\\/\",\"url\":\"https:\\\/\\\/www.meydan.tv\\\/az\\\/article\\\/caykendliler-seraitlerinden-sikayetcidir\\\/\",\"name\":\"Vaxtil\u0259 Erm\u0259nil\u0259rin ya\u015fad\u0131\u011f\u0131 k\u0259ndd\u0259n reportaj - MEYDAN.TV\",\"isPartOf\":{\"@id\":\"https:\\\/\\\/www.meydan.tv\\\/az\\\/#website\"},\"primaryImageOfPage\":{\"@id\":\"https:\\\/\\\/www.meydan.tv\\\/az\\\/article\\\/caykendliler-seraitlerinden-sikayetcidir\\\/#primaryimage\"},\"image\":{\"@id\":\"https:\\\/\\\/www.meydan.tv\\\/az\\\/article\\\/caykendliler-seraitlerinden-sikayetcidir\\\/#primaryimage\"},\"thumbnailUrl\":\"https:\\\/\\\/www.meydan.tv\\\/wp-content\\\/uploads\\\/reportaj-cover-2-13.png\",\"datePublished\":\"2023-11-17T09:50:59+00:00\",\"dateModified\":\"2023-11-22T11:23:55+00:00\",\"breadcrumb\":{\"@id\":\"https:\\\/\\\/www.meydan.tv\\\/az\\\/article\\\/caykendliler-seraitlerinden-sikayetcidir\\\/#breadcrumb\"},\"inLanguage\":\"az\",\"potentialAction\":[{\"@type\":\"ReadAction\",\"target\":[\"https:\\\/\\\/www.meydan.tv\\\/az\\\/article\\\/caykendliler-seraitlerinden-sikayetcidir\\\/\"]}]},{\"@type\":\"ImageObject\",\"inLanguage\":\"az\",\"@id\":\"https:\\\/\\\/www.meydan.tv\\\/az\\\/article\\\/caykendliler-seraitlerinden-sikayetcidir\\\/#primaryimage\",\"url\":\"https:\\\/\\\/www.meydan.tv\\\/wp-content\\\/uploads\\\/reportaj-cover-2-13.png\",\"contentUrl\":\"https:\\\/\\\/www.meydan.tv\\\/wp-content\\\/uploads\\\/reportaj-cover-2-13.png\",\"width\":1280,\"height\":720},{\"@type\":\"BreadcrumbList\",\"@id\":\"https:\\\/\\\/www.meydan.tv\\\/az\\\/article\\\/caykendliler-seraitlerinden-sikayetcidir\\\/#breadcrumb\",\"itemListElement\":[{\"@type\":\"ListItem\",\"position\":1,\"name\":\"Ana s\u0259hif\u0259\",\"item\":\"https:\\\/\\\/www.meydan.tv\\\/az\\\/\"},{\"@type\":\"ListItem\",\"position\":2,\"name\":\"Video\",\"item\":\"https:\\\/\\\/www.meydan.tv\\\/az\\\/section\\\/video-2\\\/\"},{\"@type\":\"ListItem\",\"position\":3,\"name\":\"Vaxtil\u0259 Erm\u0259nil\u0259rin ya\u015fad\u0131\u011f\u0131 k\u0259ndd\u0259n reportaj\"}]},{\"@type\":\"WebSite\",\"@id\":\"https:\\\/\\\/www.meydan.tv\\\/az\\\/#website\",\"url\":\"https:\\\/\\\/www.meydan.tv\\\/az\\\/\",\"name\":\"MEYDAN.TV\",\"description\":\"Meydan TV Az\u0259rbaycan\u0131n media m\u0259kan\u0131ndak\u0131 alternativ s\u0259sidir\",\"publisher\":{\"@id\":\"https:\\\/\\\/www.meydan.tv\\\/az\\\/#organization\"},\"potentialAction\":[{\"@type\":\"SearchAction\",\"target\":{\"@type\":\"EntryPoint\",\"urlTemplate\":\"https:\\\/\\\/www.meydan.tv\\\/az\\\/?s={search_term_string}\"},\"query-input\":{\"@type\":\"PropertyValueSpecification\",\"valueRequired\":true,\"valueName\":\"search_term_string\"}}],\"inLanguage\":\"az\"},{\"@type\":\"Organization\",\"@id\":\"https:\\\/\\\/www.meydan.tv\\\/az\\\/#organization\",\"name\":\"Meydan TV\",\"url\":\"https:\\\/\\\/www.meydan.tv\\\/az\\\/\",\"logo\":{\"@type\":\"ImageObject\",\"inLanguage\":\"az\",\"@id\":\"https:\\\/\\\/www.meydan.tv\\\/az\\\/#\\\/schema\\\/logo\\\/image\\\/\",\"url\":\"https:\\\/\\\/www.meydan.tv\\\/wp-content\\\/uploads\\\/2021\\\/07\\\/meydan-logo.svg\",\"contentUrl\":\"https:\\\/\\\/www.meydan.tv\\\/wp-content\\\/uploads\\\/2021\\\/07\\\/meydan-logo.svg\",\"width\":195,\"height\":46,\"caption\":\"Meydan TV\"},\"image\":{\"@id\":\"https:\\\/\\\/www.meydan.tv\\\/az\\\/#\\\/schema\\\/logo\\\/image\\\/\"}},{\"@type\":\"Person\",\"@id\":\"https:\\\/\\\/www.meydan.tv\\\/az\\\/#\\\/schema\\\/person\\\/476e9360e593fa131d5d71d51866f8da\",\"name\":\"aleks\"}]}<\/script>\n<!-- \/ Yoast SEO plugin. -->","yoast_head_json":{"title":"Vaxtil\u0259 Erm\u0259nil\u0259rin ya\u015fad\u0131\u011f\u0131 k\u0259ndd\u0259n reportaj - MEYDAN.TV","robots":{"index":"index","follow":"follow","max-snippet":"max-snippet:-1","max-image-preview":"max-image-preview:large","max-video-preview":"max-video-preview:-1"},"canonical":"https:\/\/www.meydan.tv\/az\/article\/caykendliler-seraitlerinden-sikayetcidir\/","og_locale":"az_AZ","og_type":"article","og_title":"Vaxtil\u0259 Erm\u0259nil\u0259rin ya\u015fad\u0131\u011f\u0131 k\u0259ndd\u0259n reportaj - MEYDAN.TV","og_description":"1991-ci il\u0259 q\u0259d\u0259r G\u00f6yg\u00f6l rayonunun \u00c7ayk\u0259nd k\u0259ndind\u0259 xeyli erm\u0259ni sakin ... Davam\u0131","og_url":"https:\/\/www.meydan.tv\/az\/article\/caykendliler-seraitlerinden-sikayetcidir\/","og_site_name":"MEYDAN.TV","article_published_time":"2023-11-17T09:50:59+00:00","article_modified_time":"2023-11-22T11:23:55+00:00","og_image":[{"width":1280,"height":720,"url":"https:\/\/www.meydan.tv\/wp-content\/uploads\/reportaj-cover-2-13.png","type":"image\/png"}],"author":"aleks","twitter_card":"summary_large_image","schema":{"@context":"https:\/\/schema.org","@graph":[{"@type":"Article","@id":"https:\/\/www.meydan.tv\/az\/article\/caykendliler-seraitlerinden-sikayetcidir\/#article","isPartOf":{"@id":"https:\/\/www.meydan.tv\/az\/article\/caykendliler-seraitlerinden-sikayetcidir\/"},"author":{"name":"aleks","@id":"https:\/\/www.meydan.tv\/az\/#\/schema\/person\/476e9360e593fa131d5d71d51866f8da"},"headline":"Vaxtil\u0259 Erm\u0259nil\u0259rin ya\u015fad\u0131\u011f\u0131 k\u0259ndd\u0259n reportaj","datePublished":"2023-11-17T09:50:59+00:00","dateModified":"2023-11-22T11:23:55+00:00","mainEntityOfPage":{"@id":"https:\/\/www.meydan.tv\/az\/article\/caykendliler-seraitlerinden-sikayetcidir\/"},"wordCount":189,"publisher":{"@id":"https:\/\/www.meydan.tv\/az\/#organization"},"image":{"@id":"https:\/\/www.meydan.tv\/az\/article\/caykendliler-seraitlerinden-sikayetcidir\/#primaryimage"},"thumbnailUrl":"https:\/\/www.meydan.tv\/wp-content\/uploads\/reportaj-cover-2-13.png","articleSection":["B\u00f6lg\u0259","Video"],"inLanguage":"az"},{"@type":"WebPage","@id":"https:\/\/www.meydan.tv\/az\/article\/caykendliler-seraitlerinden-sikayetcidir\/","url":"https:\/\/www.meydan.tv\/az\/article\/caykendliler-seraitlerinden-sikayetcidir\/","name":"Vaxtil\u0259 Erm\u0259nil\u0259rin ya\u015fad\u0131\u011f\u0131 k\u0259ndd\u0259n reportaj - MEYDAN.TV","isPartOf":{"@id":"https:\/\/www.meydan.tv\/az\/#website"},"primaryImageOfPage":{"@id":"https:\/\/www.meydan.tv\/az\/article\/caykendliler-seraitlerinden-sikayetcidir\/#primaryimage"},"image":{"@id":"https:\/\/www.meydan.tv\/az\/article\/caykendliler-seraitlerinden-sikayetcidir\/#primaryimage"},"thumbnailUrl":"https:\/\/www.meydan.tv\/wp-content\/uploads\/reportaj-cover-2-13.png","datePublished":"2023-11-17T09:50:59+00:00","dateModified":"2023-11-22T11:23:55+00:00","breadcrumb":{"@id":"https:\/\/www.meydan.tv\/az\/article\/caykendliler-seraitlerinden-sikayetcidir\/#breadcrumb"},"inLanguage":"az","potentialAction":[{"@type":"ReadAction","target":["https:\/\/www.meydan.tv\/az\/article\/caykendliler-seraitlerinden-sikayetcidir\/"]}]},{"@type":"ImageObject","inLanguage":"az","@id":"https:\/\/www.meydan.tv\/az\/article\/caykendliler-seraitlerinden-sikayetcidir\/#primaryimage","url":"https:\/\/www.meydan.tv\/wp-content\/uploads\/reportaj-cover-2-13.png","contentUrl":"https:\/\/www.meydan.tv\/wp-content\/uploads\/reportaj-cover-2-13.png","width":1280,"height":720},{"@type":"BreadcrumbList","@id":"https:\/\/www.meydan.tv\/az\/article\/caykendliler-seraitlerinden-sikayetcidir\/#breadcrumb","itemListElement":[{"@type":"ListItem","position":1,"name":"Ana s\u0259hif\u0259","item":"https:\/\/www.meydan.tv\/az\/"},{"@type":"ListItem","position":2,"name":"Video","item":"https:\/\/www.meydan.tv\/az\/section\/video-2\/"},{"@type":"ListItem","position":3,"name":"Vaxtil\u0259 Erm\u0259nil\u0259rin ya\u015fad\u0131\u011f\u0131 k\u0259ndd\u0259n reportaj"}]},{"@type":"WebSite","@id":"https:\/\/www.meydan.tv\/az\/#website","url":"https:\/\/www.meydan.tv\/az\/","name":"MEYDAN.TV","description":"Meydan TV Az\u0259rbaycan\u0131n media m\u0259kan\u0131ndak\u0131 alternativ s\u0259sidir","publisher":{"@id":"https:\/\/www.meydan.tv\/az\/#organization"},"potentialAction":[{"@type":"SearchAction","target":{"@type":"EntryPoint","urlTemplate":"https:\/\/www.meydan.tv\/az\/?s={search_term_string}"},"query-input":{"@type":"PropertyValueSpecification","valueRequired":true,"valueName":"search_term_string"}}],"inLanguage":"az"},{"@type":"Organization","@id":"https:\/\/www.meydan.tv\/az\/#organization","name":"Meydan TV","url":"https:\/\/www.meydan.tv\/az\/","logo":{"@type":"ImageObject","inLanguage":"az","@id":"https:\/\/www.meydan.tv\/az\/#\/schema\/logo\/image\/","url":"https:\/\/www.meydan.tv\/wp-content\/uploads\/2021\/07\/meydan-logo.svg","contentUrl":"https:\/\/www.meydan.tv\/wp-content\/uploads\/2021\/07\/meydan-logo.svg","width":195,"height":46,"caption":"Meydan TV"},"image":{"@id":"https:\/\/www.meydan.tv\/az\/#\/schema\/logo\/image\/"}},{"@type":"Person","@id":"https:\/\/www.meydan.tv\/az\/#\/schema\/person\/476e9360e593fa131d5d71d51866f8da","name":"aleks"}]}},"_links":{"self":[{"href":"https:\/\/www.meydan.tv\/az\/wp-json\/wp\/v2\/posts\/290646","targetHints":{"allow":["GET"]}}],"collection":[{"href":"https:\/\/www.meydan.tv\/az\/wp-json\/wp\/v2\/posts"}],"about":[{"href":"https:\/\/www.meydan.tv\/az\/wp-json\/wp\/v2\/types\/post"}],"author":[{"embeddable":true,"href":"https:\/\/www.meydan.tv\/az\/wp-json\/wp\/v2\/users\/12"}],"replies":[{"embeddable":true,"href":"https:\/\/www.meydan.tv\/az\/wp-json\/wp\/v2\/comments?post=290646"}],"version-history":[{"count":5,"href":"https:\/\/www.meydan.tv\/az\/wp-json\/wp\/v2\/posts\/290646\/revisions"}],"predecessor-version":[{"id":291198,"href":"https:\/\/www.meydan.tv\/az\/wp-json\/wp\/v2\/posts\/290646\/revisions\/291198"}],"wp:featuredmedia":[{"embeddable":true,"href":"https:\/\/www.meydan.tv\/az\/wp-json\/wp\/v2\/media\/290647"}],"wp:attachment":[{"href":"https:\/\/www.meydan.tv\/az\/wp-json\/wp\/v2\/media?parent=290646"}],"wp:term":[{"taxonomy":"category","embeddable":true,"href":"https:\/\/www.meydan.tv\/az\/wp-json\/wp\/v2\/categories?post=290646"},{"taxonomy":"post_tag","embeddable":true,"href":"https:\/\/www.meydan.tv\/az\/wp-json\/wp\/v2\/tags?post=290646"}],"curies":[{"name":"wp","href":"https:\/\/api.w.org\/{rel}","templated":true}]}}