{"id":290547,"date":"2023-11-16T13:51:45","date_gmt":"2023-11-16T09:51:45","guid":{"rendered":"https:\/\/www.meydan.tv\/?p=290547"},"modified":"2023-11-16T13:51:51","modified_gmt":"2023-11-16T09:51:51","slug":"kitab-sergisinde-bas-verenler-nazir-gelir-yigisdirin-sohbeti-olmadi","status":"publish","type":"post","link":"https:\/\/www.meydan.tv\/az\/article\/kitab-sergisinde-bas-verenler-nazir-gelir-yigisdirin-sohbeti-olmadi\/","title":{"rendered":"Kitab s\u0259rgisind\u0259 ba\u015f ver\u0259nl\u0259r: &#8220;\u201cNazir g\u0259lir, y\u0131\u011f\u0131\u015fd\u0131r\u0131n\u201d s\u00f6hb\u0259ti olmad\u0131&#8221;"},"content":{"rendered":"\n<p><\/p>\n\n\n\n<p><strong><em>\u015eahbaz Xuduo\u011flu deyib ki, nazir \u201cT\u0259k\u0259rli kitab d\u00fckan\u0131\u201d\u0131 il\u0259 tan\u0131\u015f olub<\/em><\/strong><\/p>\n\n\n\n<p>IX Bak\u0131 Beyn\u0259lxalq Kitab S\u0259rgisi ba\u015fa \u00e7at\u0131b.<\/p>\n\n\n\n<p>T\u0259dbird\u0259 \u201c\u018fn f\u0259al n\u0259\u015friyyat\u201d nominasiyas\u0131nda qalib olan \u201cQanun\u201d N\u0259\u015friyyat\u0131n\u0131n r\u0259hb\u0259ri \u015eahbaz Xuduo\u011flu deyir ki, t\u0259dbir ke\u00e7iril\u0259n m\u00fcdd\u0259td\u0259 hans\u0131sa b\u00fcrokratik \u0259ng\u0259ll\u0259r, ayr\u0131se\u00e7kilik <a href=\"https:\/\/www.facebook.com\/shahbaz.xuduoglu\/posts\/10227297458375742?ref=embed_post\">olmay\u0131b:<\/a><\/p>\n\n\n\n<p>\u201c<em>Yalan\u00e7\u0131 pafos, \u201cnazir g\u0259lir, y\u0131\u011f\u0131\u015fd\u0131r\u0131n\u201d s\u00f6hb\u0259ti yox idi. M\u0259d\u0259niyy\u0259t naziri Adil K\u0259rimli t\u0259k-t\u0259k stendl\u0259r\u0259 ba\u015f \u00e7\u0259kdi, maraqland\u0131, yax\u015f\u0131 s\u00f6zl\u0259r dedi. H\u0259tta \u201cT\u0259k\u0259rli kitab d\u00fckan\u0131\u201dna da ba\u015f \u00e7\u0259kdi. \u201cT\u0259k\u0259rli\u201dnin qar\u015f\u0131s\u0131nda u\u015faq tama\u015fas\u0131na baxd\u0131. Sonra \u201cT\u0259k\u0259rli kitab d\u00fckan\u0131\u201d\u0131 il\u0259 tan\u0131\u015f oldu, sonra is\u0259: \u201cBunu i\u015fin\u0259 v\u0259 kitaba b\u00f6y\u00fck sevgisi olanlar ed\u0259 bil\u0259r, biz bu i\u015fi m\u00fctl\u0259q b\u00f6y\u00fctm\u0259liyik\u201d, &#8211;<\/em> dedi\u201d.<\/p>\n\n\n\n<p>S\u0259rgi ba\u015flamazdan \u00f6nc\u0259 noyabr\u0131n 6-da \u015eahbaz Xuduo\u011flu \u201cFacebook\u201d s\u0259hif\u0259sind\u0259 yazm\u0131\u015fd\u0131 ki, M\u0259d\u0259niyy\u0259t Nazirliyi \u201cT\u0259k\u0259rli kitab d\u00fckan\u0131\u201dn\u0131n Bak\u0131 Beyn\u0259lxalq Kitab s\u0259rgisind\u0259 n\u00fcmayi\u015fin\u0259 icaz\u0259 <a href=\"https:\/\/d9mc3ts4czbpr.cloudfront.net\/az\/article\/nasir-sergini-boykota-cagirdi-nazirlik-tekerli-dukaninin-istirakina-he-dedi\/\">vermir.<\/a><\/p>\n\n\n\n<p>Nazirlik is\u0259 q\u0259rar\u0131n t\u0259dbirin ke\u00e7irlidiyi Baku Ekspo M\u0259rk\u0259zi t\u0259r\u0259find\u0259n verildiyini a\u00e7\u0131qlam\u0131\u015fd\u0131.<\/p>\n\n\n\n<p>Na\u015fir is\u0259 qeyd etmi\u015fdi ki, Bak\u0131 Beyn\u0259lxalq Kitab S\u0259rgisind\u0259 i\u015ftirak \u00fc\u00e7\u00fcn \u00f6d\u0259ni\u015f edib:<\/p>\n\n\n\n<p>\u201c<em>74 kvadrat metrlik yer \u00fc\u00e7\u00fcn biz 12 min manat pul \u00f6d\u0259mi\u015fik. \u201cT\u0259k\u0259rli kitab d\u00fckan\u0131\u201dn\u0131n t\u0259qdimat\u0131n\u0131 da salonda yox, h\u0259y\u0259td\u0259, \u201cparkinq\u201d yerind\u0259 etm\u0259k ist\u0259yirik. Amma M\u0259d\u0259niyy\u0259t Nazirliyi buna icaz\u0259 vermir. Bu el\u0259 Fatmay\u0131da M\u0259d\u0259niyy\u0259t evinin m\u00fcdirinin davran\u0131\u015f\u0131na b\u0259nz\u0259yir\u201d.<\/em><\/p>\n\n\n<div class=\"wp-block-image\">\n<figure class=\"aligncenter size-large\"><img decoding=\"async\" width=\"1200\" height=\"675\" data-src=\"https:\/\/www.meydan.tv\/wp-content\/uploads\/untitled-design-4-100-1200x675.jpg\" alt=\"Foto: &quot;\u018fli v\u0259 Nino&quot; kitab ma\u011fazalar\u0131 \u015f\u0259b\u0259k\u0259si\" class=\"wp-image-289991 lazyload\" src=\"data:image\/svg+xml;base64,PHN2ZyB3aWR0aD0iMSIgaGVpZ2h0PSIxIiB4bWxucz0iaHR0cDovL3d3dy53My5vcmcvMjAwMC9zdmciPjwvc3ZnPg==\" style=\"--smush-placeholder-width: 1200px; --smush-placeholder-aspect-ratio: 1200\/675;\" \/><figcaption class=\"wp-element-caption\">Foto: &#8220;\u018fli v\u0259 Nino&#8221; kitab ma\u011fazalar\u0131 \u015f\u0259b\u0259k\u0259si<\/figcaption><\/figure>\n<\/div>\n\n\n<p>\u201cT\u0259k\u0259rli kitab d\u00fckan\u0131\u201d layih\u0259si bu ilin oktyabr\u0131nda yarad\u0131l\u0131b.<\/p>\n\n\n\n<p>M\u0259d\u0259niyy\u0259t Nazirliyinin t\u0259\u015fkilat\u00e7\u0131l\u0131\u011f\u0131 il\u0259 11-15 noyabrda Bak\u0131 Ekspo M\u0259rk\u0259zind\u0259 9-cu Bak\u0131 Beyn\u0259lxalq Kitab S\u0259rgisi (Baku International Book Fair 2023) ke\u00e7irilib.<\/p>\n\n\n\n<p>T\u0259dbirin qalibl\u0259rin\u0259 diplom v\u0259 pul m\u00fckafat\u0131 t\u0259qdim edilib.<\/p>\n\n\n\n<p>\u201c\u018fn kreativ stend t\u0259rtibat\u0131\u201d nominasiyas\u0131 \u00fczr\u0259 &#8220;Everest&#8221; v\u0259 &#8220;\u00c7inar&#8221;, &#8220;\u018fn f\u0259al n\u0259\u015friyyat&#8221; nominasiyas\u0131nda &#8220;Qanun&#8221; n\u0259\u015friyyatlar\u0131 qalib elan edilib.<\/p>\n\n\n\n<p>&#8220;\u018fn \u00e7ox oxunan m\u00fc\u0259llif&#8221; nominasiyas\u0131nda R\u00f6v\u015f\u0259n Abdullao\u011flu, K\u0259ram\u0259t B\u00f6y\u00fck\u00e7\u00f6l, &#8220;\u018fn f\u0259al oxucu&#8221; nominasiyas\u0131nda Dinara \u018fliyeva, \u015eamil R\u0259hmanzad\u0259, Ay\u015f\u0259n V\u0259liyeva, &#8220;\u018fn yax\u015f\u0131 qira\u0259t\u00e7i&#8221; nominasiyas\u0131nda is\u0259 X\u0259z\u0259r S\u00fcleymanl\u0131 qalib ad\u0131n\u0131 qazan\u0131b.<\/p>\n","protected":false},"excerpt":{"rendered":"<p>\u015eahbaz Xuduo\u011flu deyib ki, nazir \u201cT\u0259k\u0259rli kitab d\u00fckan\u0131\u201d\u0131 il\u0259 tan\u0131\u015f &#8230; <\/p>\n<p class=\"read-more-container\"><a title=\"Kitab s\u0259rgisind\u0259 ba\u015f ver\u0259nl\u0259r: &#8220;\u201cNazir g\u0259lir, y\u0131\u011f\u0131\u015fd\u0131r\u0131n\u201d s\u00f6hb\u0259ti olmad\u0131&#8221;\" class=\"read-more button\" href=\"https:\/\/www.meydan.tv\/az\/article\/kitab-sergisinde-bas-verenler-nazir-gelir-yigisdirin-sohbeti-olmadi\/#more-290547\" aria-label=\"Read more about Kitab s\u0259rgisind\u0259 ba\u015f ver\u0259nl\u0259r: &#8220;\u201cNazir g\u0259lir, y\u0131\u011f\u0131\u015fd\u0131r\u0131n\u201d s\u00f6hb\u0259ti olmad\u0131&#8221;\">Davam\u0131<\/a><\/p>\n","protected":false},"author":8,"featured_media":290544,"comment_status":"closed","ping_status":"closed","sticky":false,"template":"","format":"standard","meta":{"_acf_changed":false,"_sitemap_exclude":false,"_sitemap_priority":"","_sitemap_frequency":"","footnotes":""},"categories":[52,56],"tags":[],"class_list":["post-290547","post","type-post","status-publish","format-standard","has-post-thumbnail","hentry","category-medeniyyet","category-xeberler","infinite-scroll-item","generate-columns","tablet-grid-50","mobile-grid-100","grid-parent","grid-33","no-featured-image-padding"],"acf":[],"yoast_head":"<!-- This site is optimized with the Yoast SEO plugin v27.4 - https:\/\/yoast.com\/product\/yoast-seo-wordpress\/ -->\n<title>Kitab s\u0259rgisind\u0259 ba\u015f ver\u0259nl\u0259r: &quot;\u201cNazir g\u0259lir, y\u0131\u011f\u0131\u015fd\u0131r\u0131n\u201d s\u00f6hb\u0259ti olmad\u0131&quot; - MEYDAN.TV<\/title>\n<meta name=\"robots\" content=\"index, follow, max-snippet:-1, max-image-preview:large, max-video-preview:-1\" \/>\n<link rel=\"canonical\" href=\"https:\/\/www.meydan.tv\/az\/article\/kitab-sergisinde-bas-verenler-nazir-gelir-yigisdirin-sohbeti-olmadi\/\" \/>\n<meta property=\"og:locale\" content=\"az_AZ\" \/>\n<meta property=\"og:type\" content=\"article\" \/>\n<meta property=\"og:title\" content=\"Kitab s\u0259rgisind\u0259 ba\u015f ver\u0259nl\u0259r: &quot;\u201cNazir g\u0259lir, y\u0131\u011f\u0131\u015fd\u0131r\u0131n\u201d s\u00f6hb\u0259ti olmad\u0131&quot; - MEYDAN.TV\" \/>\n<meta property=\"og:description\" content=\"\u015eahbaz Xuduo\u011flu deyib ki, nazir \u201cT\u0259k\u0259rli kitab d\u00fckan\u0131\u201d\u0131 il\u0259 tan\u0131\u015f ... Davam\u0131\" \/>\n<meta property=\"og:url\" content=\"https:\/\/www.meydan.tv\/az\/article\/kitab-sergisinde-bas-verenler-nazir-gelir-yigisdirin-sohbeti-olmadi\/\" \/>\n<meta property=\"og:site_name\" content=\"MEYDAN.TV\" \/>\n<meta property=\"article:published_time\" content=\"2023-11-16T09:51:45+00:00\" \/>\n<meta property=\"article:modified_time\" content=\"2023-11-16T09:51:51+00:00\" \/>\n<meta property=\"og:image\" content=\"https:\/\/www.meydan.tv\/wp-content\/uploads\/copy-of-untitled-design-2.jpg\" \/>\n\t<meta property=\"og:image:width\" content=\"1500\" \/>\n\t<meta property=\"og:image:height\" content=\"844\" \/>\n\t<meta property=\"og:image:type\" content=\"image\/jpeg\" \/>\n<meta name=\"author\" content=\"elli\" \/>\n<meta name=\"twitter:card\" content=\"summary_large_image\" \/>\n<meta name=\"twitter:creator\" content=\"@elli\" \/>\n<script type=\"application\/ld+json\" class=\"yoast-schema-graph\">{\"@context\":\"https:\\\/\\\/schema.org\",\"@graph\":[{\"@type\":\"Article\",\"@id\":\"https:\\\/\\\/www.meydan.tv\\\/az\\\/article\\\/kitab-sergisinde-bas-verenler-nazir-gelir-yigisdirin-sohbeti-olmadi\\\/#article\",\"isPartOf\":{\"@id\":\"https:\\\/\\\/www.meydan.tv\\\/az\\\/article\\\/kitab-sergisinde-bas-verenler-nazir-gelir-yigisdirin-sohbeti-olmadi\\\/\"},\"author\":{\"name\":\"elli\",\"@id\":\"https:\\\/\\\/www.meydan.tv\\\/az\\\/#\\\/schema\\\/person\\\/9cdbecf90d17180ce1dfbd95b08dcf47\"},\"headline\":\"Kitab s\u0259rgisind\u0259 ba\u015f ver\u0259nl\u0259r: &#8220;\u201cNazir g\u0259lir, y\u0131\u011f\u0131\u015fd\u0131r\u0131n\u201d s\u00f6hb\u0259ti olmad\u0131&#8221;\",\"datePublished\":\"2023-11-16T09:51:45+00:00\",\"dateModified\":\"2023-11-16T09:51:51+00:00\",\"mainEntityOfPage\":{\"@id\":\"https:\\\/\\\/www.meydan.tv\\\/az\\\/article\\\/kitab-sergisinde-bas-verenler-nazir-gelir-yigisdirin-sohbeti-olmadi\\\/\"},\"wordCount\":469,\"publisher\":{\"@id\":\"https:\\\/\\\/www.meydan.tv\\\/az\\\/#organization\"},\"image\":{\"@id\":\"https:\\\/\\\/www.meydan.tv\\\/az\\\/article\\\/kitab-sergisinde-bas-verenler-nazir-gelir-yigisdirin-sohbeti-olmadi\\\/#primaryimage\"},\"thumbnailUrl\":\"https:\\\/\\\/www.meydan.tv\\\/wp-content\\\/uploads\\\/copy-of-untitled-design-2.jpg\",\"articleSection\":[\"M\u0259d\u0259niyy\u0259t\",\"X\u0259b\u0259rl\u0259r\"],\"inLanguage\":\"az\"},{\"@type\":\"WebPage\",\"@id\":\"https:\\\/\\\/www.meydan.tv\\\/az\\\/article\\\/kitab-sergisinde-bas-verenler-nazir-gelir-yigisdirin-sohbeti-olmadi\\\/\",\"url\":\"https:\\\/\\\/www.meydan.tv\\\/az\\\/article\\\/kitab-sergisinde-bas-verenler-nazir-gelir-yigisdirin-sohbeti-olmadi\\\/\",\"name\":\"Kitab s\u0259rgisind\u0259 ba\u015f ver\u0259nl\u0259r: \\\"\u201cNazir g\u0259lir, y\u0131\u011f\u0131\u015fd\u0131r\u0131n\u201d s\u00f6hb\u0259ti olmad\u0131\\\" - MEYDAN.TV\",\"isPartOf\":{\"@id\":\"https:\\\/\\\/www.meydan.tv\\\/az\\\/#website\"},\"primaryImageOfPage\":{\"@id\":\"https:\\\/\\\/www.meydan.tv\\\/az\\\/article\\\/kitab-sergisinde-bas-verenler-nazir-gelir-yigisdirin-sohbeti-olmadi\\\/#primaryimage\"},\"image\":{\"@id\":\"https:\\\/\\\/www.meydan.tv\\\/az\\\/article\\\/kitab-sergisinde-bas-verenler-nazir-gelir-yigisdirin-sohbeti-olmadi\\\/#primaryimage\"},\"thumbnailUrl\":\"https:\\\/\\\/www.meydan.tv\\\/wp-content\\\/uploads\\\/copy-of-untitled-design-2.jpg\",\"datePublished\":\"2023-11-16T09:51:45+00:00\",\"dateModified\":\"2023-11-16T09:51:51+00:00\",\"breadcrumb\":{\"@id\":\"https:\\\/\\\/www.meydan.tv\\\/az\\\/article\\\/kitab-sergisinde-bas-verenler-nazir-gelir-yigisdirin-sohbeti-olmadi\\\/#breadcrumb\"},\"inLanguage\":\"az\",\"potentialAction\":[{\"@type\":\"ReadAction\",\"target\":[\"https:\\\/\\\/www.meydan.tv\\\/az\\\/article\\\/kitab-sergisinde-bas-verenler-nazir-gelir-yigisdirin-sohbeti-olmadi\\\/\"]}]},{\"@type\":\"ImageObject\",\"inLanguage\":\"az\",\"@id\":\"https:\\\/\\\/www.meydan.tv\\\/az\\\/article\\\/kitab-sergisinde-bas-verenler-nazir-gelir-yigisdirin-sohbeti-olmadi\\\/#primaryimage\",\"url\":\"https:\\\/\\\/www.meydan.tv\\\/wp-content\\\/uploads\\\/copy-of-untitled-design-2.jpg\",\"contentUrl\":\"https:\\\/\\\/www.meydan.tv\\\/wp-content\\\/uploads\\\/copy-of-untitled-design-2.jpg\",\"width\":1500,\"height\":844,\"caption\":\"Foto: \\\"Facebook\\\"\"},{\"@type\":\"BreadcrumbList\",\"@id\":\"https:\\\/\\\/www.meydan.tv\\\/az\\\/article\\\/kitab-sergisinde-bas-verenler-nazir-gelir-yigisdirin-sohbeti-olmadi\\\/#breadcrumb\",\"itemListElement\":[{\"@type\":\"ListItem\",\"position\":1,\"name\":\"Ana s\u0259hif\u0259\",\"item\":\"https:\\\/\\\/www.meydan.tv\\\/az\\\/\"},{\"@type\":\"ListItem\",\"position\":2,\"name\":\"M\u0259d\u0259niyy\u0259t\",\"item\":\"https:\\\/\\\/www.meydan.tv\\\/az\\\/section\\\/medeniyyet\\\/\"},{\"@type\":\"ListItem\",\"position\":3,\"name\":\"Kitab s\u0259rgisind\u0259 ba\u015f ver\u0259nl\u0259r: &#8220;\u201cNazir g\u0259lir, y\u0131\u011f\u0131\u015fd\u0131r\u0131n\u201d s\u00f6hb\u0259ti olmad\u0131&#8221;\"}]},{\"@type\":\"WebSite\",\"@id\":\"https:\\\/\\\/www.meydan.tv\\\/az\\\/#website\",\"url\":\"https:\\\/\\\/www.meydan.tv\\\/az\\\/\",\"name\":\"MEYDAN.TV\",\"description\":\"Meydan TV Az\u0259rbaycan\u0131n media m\u0259kan\u0131ndak\u0131 alternativ s\u0259sidir\",\"publisher\":{\"@id\":\"https:\\\/\\\/www.meydan.tv\\\/az\\\/#organization\"},\"potentialAction\":[{\"@type\":\"SearchAction\",\"target\":{\"@type\":\"EntryPoint\",\"urlTemplate\":\"https:\\\/\\\/www.meydan.tv\\\/az\\\/?s={search_term_string}\"},\"query-input\":{\"@type\":\"PropertyValueSpecification\",\"valueRequired\":true,\"valueName\":\"search_term_string\"}}],\"inLanguage\":\"az\"},{\"@type\":\"Organization\",\"@id\":\"https:\\\/\\\/www.meydan.tv\\\/az\\\/#organization\",\"name\":\"Meydan TV\",\"url\":\"https:\\\/\\\/www.meydan.tv\\\/az\\\/\",\"logo\":{\"@type\":\"ImageObject\",\"inLanguage\":\"az\",\"@id\":\"https:\\\/\\\/www.meydan.tv\\\/az\\\/#\\\/schema\\\/logo\\\/image\\\/\",\"url\":\"https:\\\/\\\/www.meydan.tv\\\/wp-content\\\/uploads\\\/2021\\\/07\\\/meydan-logo.svg\",\"contentUrl\":\"https:\\\/\\\/www.meydan.tv\\\/wp-content\\\/uploads\\\/2021\\\/07\\\/meydan-logo.svg\",\"width\":195,\"height\":46,\"caption\":\"Meydan TV\"},\"image\":{\"@id\":\"https:\\\/\\\/www.meydan.tv\\\/az\\\/#\\\/schema\\\/logo\\\/image\\\/\"}},{\"@type\":\"Person\",\"@id\":\"https:\\\/\\\/www.meydan.tv\\\/az\\\/#\\\/schema\\\/person\\\/9cdbecf90d17180ce1dfbd95b08dcf47\",\"name\":\"elli\",\"sameAs\":[\"https:\\\/\\\/x.com\\\/elli\"]}]}<\/script>\n<!-- \/ Yoast SEO plugin. -->","yoast_head_json":{"title":"Kitab s\u0259rgisind\u0259 ba\u015f ver\u0259nl\u0259r: \"\u201cNazir g\u0259lir, y\u0131\u011f\u0131\u015fd\u0131r\u0131n\u201d s\u00f6hb\u0259ti olmad\u0131\" - MEYDAN.TV","robots":{"index":"index","follow":"follow","max-snippet":"max-snippet:-1","max-image-preview":"max-image-preview:large","max-video-preview":"max-video-preview:-1"},"canonical":"https:\/\/www.meydan.tv\/az\/article\/kitab-sergisinde-bas-verenler-nazir-gelir-yigisdirin-sohbeti-olmadi\/","og_locale":"az_AZ","og_type":"article","og_title":"Kitab s\u0259rgisind\u0259 ba\u015f ver\u0259nl\u0259r: \"\u201cNazir g\u0259lir, y\u0131\u011f\u0131\u015fd\u0131r\u0131n\u201d s\u00f6hb\u0259ti olmad\u0131\" - MEYDAN.TV","og_description":"\u015eahbaz Xuduo\u011flu deyib ki, nazir \u201cT\u0259k\u0259rli kitab d\u00fckan\u0131\u201d\u0131 il\u0259 tan\u0131\u015f ... Davam\u0131","og_url":"https:\/\/www.meydan.tv\/az\/article\/kitab-sergisinde-bas-verenler-nazir-gelir-yigisdirin-sohbeti-olmadi\/","og_site_name":"MEYDAN.TV","article_published_time":"2023-11-16T09:51:45+00:00","article_modified_time":"2023-11-16T09:51:51+00:00","og_image":[{"width":1500,"height":844,"url":"https:\/\/www.meydan.tv\/wp-content\/uploads\/copy-of-untitled-design-2.jpg","type":"image\/jpeg"}],"author":"elli","twitter_card":"summary_large_image","twitter_creator":"@elli","schema":{"@context":"https:\/\/schema.org","@graph":[{"@type":"Article","@id":"https:\/\/www.meydan.tv\/az\/article\/kitab-sergisinde-bas-verenler-nazir-gelir-yigisdirin-sohbeti-olmadi\/#article","isPartOf":{"@id":"https:\/\/www.meydan.tv\/az\/article\/kitab-sergisinde-bas-verenler-nazir-gelir-yigisdirin-sohbeti-olmadi\/"},"author":{"name":"elli","@id":"https:\/\/www.meydan.tv\/az\/#\/schema\/person\/9cdbecf90d17180ce1dfbd95b08dcf47"},"headline":"Kitab s\u0259rgisind\u0259 ba\u015f ver\u0259nl\u0259r: &#8220;\u201cNazir g\u0259lir, y\u0131\u011f\u0131\u015fd\u0131r\u0131n\u201d s\u00f6hb\u0259ti olmad\u0131&#8221;","datePublished":"2023-11-16T09:51:45+00:00","dateModified":"2023-11-16T09:51:51+00:00","mainEntityOfPage":{"@id":"https:\/\/www.meydan.tv\/az\/article\/kitab-sergisinde-bas-verenler-nazir-gelir-yigisdirin-sohbeti-olmadi\/"},"wordCount":469,"publisher":{"@id":"https:\/\/www.meydan.tv\/az\/#organization"},"image":{"@id":"https:\/\/www.meydan.tv\/az\/article\/kitab-sergisinde-bas-verenler-nazir-gelir-yigisdirin-sohbeti-olmadi\/#primaryimage"},"thumbnailUrl":"https:\/\/www.meydan.tv\/wp-content\/uploads\/copy-of-untitled-design-2.jpg","articleSection":["M\u0259d\u0259niyy\u0259t","X\u0259b\u0259rl\u0259r"],"inLanguage":"az"},{"@type":"WebPage","@id":"https:\/\/www.meydan.tv\/az\/article\/kitab-sergisinde-bas-verenler-nazir-gelir-yigisdirin-sohbeti-olmadi\/","url":"https:\/\/www.meydan.tv\/az\/article\/kitab-sergisinde-bas-verenler-nazir-gelir-yigisdirin-sohbeti-olmadi\/","name":"Kitab s\u0259rgisind\u0259 ba\u015f ver\u0259nl\u0259r: \"\u201cNazir g\u0259lir, y\u0131\u011f\u0131\u015fd\u0131r\u0131n\u201d s\u00f6hb\u0259ti olmad\u0131\" - MEYDAN.TV","isPartOf":{"@id":"https:\/\/www.meydan.tv\/az\/#website"},"primaryImageOfPage":{"@id":"https:\/\/www.meydan.tv\/az\/article\/kitab-sergisinde-bas-verenler-nazir-gelir-yigisdirin-sohbeti-olmadi\/#primaryimage"},"image":{"@id":"https:\/\/www.meydan.tv\/az\/article\/kitab-sergisinde-bas-verenler-nazir-gelir-yigisdirin-sohbeti-olmadi\/#primaryimage"},"thumbnailUrl":"https:\/\/www.meydan.tv\/wp-content\/uploads\/copy-of-untitled-design-2.jpg","datePublished":"2023-11-16T09:51:45+00:00","dateModified":"2023-11-16T09:51:51+00:00","breadcrumb":{"@id":"https:\/\/www.meydan.tv\/az\/article\/kitab-sergisinde-bas-verenler-nazir-gelir-yigisdirin-sohbeti-olmadi\/#breadcrumb"},"inLanguage":"az","potentialAction":[{"@type":"ReadAction","target":["https:\/\/www.meydan.tv\/az\/article\/kitab-sergisinde-bas-verenler-nazir-gelir-yigisdirin-sohbeti-olmadi\/"]}]},{"@type":"ImageObject","inLanguage":"az","@id":"https:\/\/www.meydan.tv\/az\/article\/kitab-sergisinde-bas-verenler-nazir-gelir-yigisdirin-sohbeti-olmadi\/#primaryimage","url":"https:\/\/www.meydan.tv\/wp-content\/uploads\/copy-of-untitled-design-2.jpg","contentUrl":"https:\/\/www.meydan.tv\/wp-content\/uploads\/copy-of-untitled-design-2.jpg","width":1500,"height":844,"caption":"Foto: \"Facebook\""},{"@type":"BreadcrumbList","@id":"https:\/\/www.meydan.tv\/az\/article\/kitab-sergisinde-bas-verenler-nazir-gelir-yigisdirin-sohbeti-olmadi\/#breadcrumb","itemListElement":[{"@type":"ListItem","position":1,"name":"Ana s\u0259hif\u0259","item":"https:\/\/www.meydan.tv\/az\/"},{"@type":"ListItem","position":2,"name":"M\u0259d\u0259niyy\u0259t","item":"https:\/\/www.meydan.tv\/az\/section\/medeniyyet\/"},{"@type":"ListItem","position":3,"name":"Kitab s\u0259rgisind\u0259 ba\u015f ver\u0259nl\u0259r: &#8220;\u201cNazir g\u0259lir, y\u0131\u011f\u0131\u015fd\u0131r\u0131n\u201d s\u00f6hb\u0259ti olmad\u0131&#8221;"}]},{"@type":"WebSite","@id":"https:\/\/www.meydan.tv\/az\/#website","url":"https:\/\/www.meydan.tv\/az\/","name":"MEYDAN.TV","description":"Meydan TV Az\u0259rbaycan\u0131n media m\u0259kan\u0131ndak\u0131 alternativ s\u0259sidir","publisher":{"@id":"https:\/\/www.meydan.tv\/az\/#organization"},"potentialAction":[{"@type":"SearchAction","target":{"@type":"EntryPoint","urlTemplate":"https:\/\/www.meydan.tv\/az\/?s={search_term_string}"},"query-input":{"@type":"PropertyValueSpecification","valueRequired":true,"valueName":"search_term_string"}}],"inLanguage":"az"},{"@type":"Organization","@id":"https:\/\/www.meydan.tv\/az\/#organization","name":"Meydan TV","url":"https:\/\/www.meydan.tv\/az\/","logo":{"@type":"ImageObject","inLanguage":"az","@id":"https:\/\/www.meydan.tv\/az\/#\/schema\/logo\/image\/","url":"https:\/\/www.meydan.tv\/wp-content\/uploads\/2021\/07\/meydan-logo.svg","contentUrl":"https:\/\/www.meydan.tv\/wp-content\/uploads\/2021\/07\/meydan-logo.svg","width":195,"height":46,"caption":"Meydan TV"},"image":{"@id":"https:\/\/www.meydan.tv\/az\/#\/schema\/logo\/image\/"}},{"@type":"Person","@id":"https:\/\/www.meydan.tv\/az\/#\/schema\/person\/9cdbecf90d17180ce1dfbd95b08dcf47","name":"elli","sameAs":["https:\/\/x.com\/elli"]}]}},"_links":{"self":[{"href":"https:\/\/www.meydan.tv\/az\/wp-json\/wp\/v2\/posts\/290547","targetHints":{"allow":["GET"]}}],"collection":[{"href":"https:\/\/www.meydan.tv\/az\/wp-json\/wp\/v2\/posts"}],"about":[{"href":"https:\/\/www.meydan.tv\/az\/wp-json\/wp\/v2\/types\/post"}],"author":[{"embeddable":true,"href":"https:\/\/www.meydan.tv\/az\/wp-json\/wp\/v2\/users\/8"}],"replies":[{"embeddable":true,"href":"https:\/\/www.meydan.tv\/az\/wp-json\/wp\/v2\/comments?post=290547"}],"version-history":[{"count":3,"href":"https:\/\/www.meydan.tv\/az\/wp-json\/wp\/v2\/posts\/290547\/revisions"}],"predecessor-version":[{"id":290552,"href":"https:\/\/www.meydan.tv\/az\/wp-json\/wp\/v2\/posts\/290547\/revisions\/290552"}],"wp:featuredmedia":[{"embeddable":true,"href":"https:\/\/www.meydan.tv\/az\/wp-json\/wp\/v2\/media\/290544"}],"wp:attachment":[{"href":"https:\/\/www.meydan.tv\/az\/wp-json\/wp\/v2\/media?parent=290547"}],"wp:term":[{"taxonomy":"category","embeddable":true,"href":"https:\/\/www.meydan.tv\/az\/wp-json\/wp\/v2\/categories?post=290547"},{"taxonomy":"post_tag","embeddable":true,"href":"https:\/\/www.meydan.tv\/az\/wp-json\/wp\/v2\/tags?post=290547"}],"curies":[{"name":"wp","href":"https:\/\/api.w.org\/{rel}","templated":true}]}}