{"id":290530,"date":"2023-11-16T13:18:00","date_gmt":"2023-11-16T09:18:00","guid":{"rendered":"https:\/\/www.meydan.tv\/?p=290530"},"modified":"2023-11-16T13:18:05","modified_gmt":"2023-11-16T09:18:05","slug":"kecmis-rektor-prorektorun-qetlini-sifaris-vermekde-teqsirlendilir","status":"publish","type":"post","link":"https:\/\/www.meydan.tv\/az\/article\/kecmis-rektor-prorektorun-qetlini-sifaris-vermekde-teqsirlendilir\/","title":{"rendered":"Ke\u00e7mi\u015f rektor prorektorun q\u0259tlini sifari\u015f verm\u0259kd\u0259 t\u0259qsirl\u0259ndirilir"},"content":{"rendered":"\n<p><\/p>\n\n\n\n<p><strong><em>Ba\u015f Prokurorluq 12 ild\u0259n sonra i\u015fin \u00fcst\u00fcn\u00fcn ac\u0131ld\u0131\u011f\u0131n\u0131 deyir<\/em><\/strong><\/p>\n\n\n\n<p>Elm v\u0259 T\u0259hsil Nazirliyinin tabeliyind\u0259ki \u0130qtisadiyyat \u0130nstitutunun icra\u00e7\u0131 direktoru M\u00fc\u015ffiq Ataki\u015fiyev h\u0259bs olunub.<\/p>\n\n\n\n<p>Eyni zamanda, institutun n\u0259zdind\u0259 iqtisad elml\u0259ri sah\u0259sind\u0259 doktorluq dissertasiya \u015furas\u0131n\u0131n s\u0259dri olan M\u00fc\u015ffiq Ataki\u015fiyev 12 il \u0259vv\u0259l ba\u015f vermi\u015f q\u0259tl hadis\u0259sind\u0259 t\u0259qsirl\u0259ndirilir.<\/p>\n\n\n\n<p>S\u00f6hb\u0259t T\u0259f\u0259kk\u00fcr Universitetinin prorektoru Tariyel \u018fhm\u0259dovun \u00f6ld\u00fcr\u00fclm\u0259sind\u0259n gedir.<\/p>\n\n\n\n<p>T\u0259f\u0259kk\u00fcr Universitetinin rektoru olmu\u015f M\u00fc\u015ffiq Ataki\u015fiyev prorektorun q\u0259tlini sifari\u015f etm\u0259kd\u0259 ittiham olunur.<\/p>\n\n\n\n<p>1942-ci il t\u0259v\u0259ll\u00fcdl\u00fc Tariyel \u018fhm\u0259dovun meyiti 2011-ci il sentyabr\u0131n 16-da ya\u015fad\u0131\u011f\u0131 binan\u0131n yax\u0131nl\u0131\u011f\u0131nda tap\u0131l\u0131b.<\/p>\n\n\n\n<p>Uzun m\u00fcdd\u0259t cinay\u0259tin \u00fcst\u00fc a\u00e7\u0131lmay\u0131b.<\/p>\n\n\n\n<p>12 il sonra &#8211; 2023-c\u00fc ilin aprelind\u0259 1977-ci il t\u0259v\u0259ll\u00fcdl\u00fc D\u0259yan\u0259t Quliyev bu cinay\u0259ti t\u00f6r\u0259tm\u0259kd\u0259 t\u0259qsirl\u0259ndiril\u0259r\u0259k h\u0259bs olunub.<\/p>\n\n\n\n<p>\u0130ddia edilib ki, D\u0259yan\u0259t Quliyev prorektoru tamah m\u0259qs\u0259dil\u0259 \u00f6ld\u00fcr\u00fcb.<\/p>\n\n\n\n<p>\u0130ndi is\u0259 iddia olunur ki, Tariyel \u018fhm\u0259dov o d\u00f6vrd\u0259 T\u0259f\u0259kk\u00fcr Universitetinin rektoru olan M\u00fc\u015ffiq Ataki\u015fiyevin sifari\u015fiyl\u0259 q\u0259tl\u0259 yetirilib.<\/p>\n\n\n\n<p>Ba\u015f Prokurorlu\u011fun yayd\u0131\u011f\u0131 m\u0259lumatda iddia olunur ki, Daxili \u0130\u015fl\u0259r Nazirliyi v\u0259 Penitensiar Xidm\u0259tl\u0259 birlikd\u0259 ke\u00e7irilmi\u015f \u0259m\u0259liyyat-istintaq t\u0259dbirl\u0259ri n\u0259tic\u0259sind\u0259 bu m\u0259s\u0259l\u0259 ayd\u0131nla\u015f\u0131b.<\/p>\n\n\n<div class=\"wp-block-image\">\n<figure class=\"alignright size-large is-resized\"><img decoding=\"async\" width=\"1200\" height=\"668\" data-src=\"https:\/\/www.meydan.tv\/wp-content\/uploads\/screenshot-at-aug-10-14-51-49-1200x668.png\" alt=\"\" class=\"wp-image-252941 lazyload\" style=\"--smush-placeholder-width: 1200px; --smush-placeholder-aspect-ratio: 1200\/668;width:448px;height:auto\" src=\"data:image\/svg+xml;base64,PHN2ZyB3aWR0aD0iMSIgaGVpZ2h0PSIxIiB4bWxucz0iaHR0cDovL3d3dy53My5vcmcvMjAwMC9zdmciPjwvc3ZnPg==\" \/><figcaption class=\"wp-element-caption\">Ba\u015f Prokurorluq. Foto: Meydan TV<\/figcaption><\/figure>\n<\/div>\n\n\n<p>\u0130ttihama g\u00f6r\u0259, M\u00fc\u015ffiq Ataki\u015fiyev Tariyel \u018fhm\u0259dovu i\u015fg\u00fczar n\u00fcfuzuna, rektor v\u0259zif\u0259sind\u0259 qalmas\u0131na mane\u0259 kimi q\u0259bul edib, buna g\u00f6r\u0259 d\u0259 onun q\u0259tlini sifari\u015f verib.<\/p>\n\n\n\n<p>Ba\u015f Prokurorlu\u011fun m\u0259lumat\u0131nda iddia edilir ki, M\u00fc\u015ffiq Ataki\u015fiyev qisas m\u0259qs\u0259dil\u0259 prorektorun \u00f6ld\u00fcr\u00fclm\u0259sini \u00f6z qohumu D\u0259yan\u0259t Quliyev\u0259 pul m\u00fcqabilind\u0259 sifari\u015f verib.<\/p>\n\n\n\n<p>D\u0259yan\u0259t Quliyev is\u0259 bu i\u015fi h\u0259mk\u0259ndlisi Samir Quliyevl\u0259 birlikd\u0259 g\u00f6r\u00fcb. H\u0259m M\u00fc\u015ffiq Ataki\u015fiyev, h\u0259m d\u0259 Samir Quliyev bug\u00fcnl\u0259rd\u0259 h\u0259bs olunub. Onlara Cinay\u0259t M\u0259c\u0259ll\u0259sinin 120.2.5-ci (tamah m\u0259qs\u0259dil\u0259 q\u0259sd\u0259n adam \u00f6ld\u00fcrm\u0259) madd\u0259sil\u0259 ittiham verilib.<\/p>\n\n\n\n<p>Tariyel \u018fhm\u0259dovun q\u0259tlin\u0259 g\u00f6r\u0259 h\u0259bs olunan \u015f\u0259xsl\u0259rin onlara qar\u015f\u0131 ir\u0259li s\u00fcr\u00fcl\u0259n ittihama m\u00fcnasib\u0259ti, \u00f6zl\u0259rini t\u0259qsirli bilib-bilm\u0259dikl\u0259ri m\u0259lum deyil.<\/p>\n\n\n\n<p>1966-c\u0131 il t\u0259v\u0259ll\u00fcdl\u00fc M\u00fc\u015ffiq Ataki\u015fiyev Az\u0259rbaycan Neft v\u0259 Kimya \u0130nstitutunu (haz\u0131rda Az\u0259rbaycan D\u00f6vl\u0259t Neft v\u0259 S\u0259naye Universiteti) bitirib.<\/p>\n\n\n\n<p>2005-ci ild\u0259 professor ad\u0131n\u0131 alan Ataki\u015fiyev 2008-2010-ci ill\u0259rd\u0259 Ali Attestasiya Komissiyas\u0131n\u0131n iqtisadiyyat \u00fczr\u0259 ekspert komissiyas\u0131n\u0131n s\u0259dri, eyni zamanda, 2000-2014-c\u00fc ill\u0259rd\u0259 Az\u0259rbaycan D\u00f6vl\u0259t Neft Akademiyas\u0131n\u0131n kafedra m\u00fcdiri olub.<\/p>\n\n\n\n<p>2022-ci ild\u0259n is\u0259 \u0130qtisadiyyat \u0130nstitutunun icra\u00e7\u0131 direktoru idi.<\/p>\n\n\n\n<p>\u201cT\u0259f\u0259kk\u00fcr\u201d Universiteti 2016-c\u0131 ild\u0259 f\u0259aliyy\u0259tini dayand\u0131r\u0131b.<\/p>\n","protected":false},"excerpt":{"rendered":"<p>Ba\u015f Prokurorluq 12 ild\u0259n sonra i\u015fin \u00fcst\u00fcn\u00fcn ac\u0131ld\u0131\u011f\u0131n\u0131 deyir Elm &#8230; <\/p>\n<p class=\"read-more-container\"><a title=\"Ke\u00e7mi\u015f rektor prorektorun q\u0259tlini sifari\u015f verm\u0259kd\u0259 t\u0259qsirl\u0259ndirilir\" class=\"read-more button\" href=\"https:\/\/www.meydan.tv\/az\/article\/kecmis-rektor-prorektorun-qetlini-sifaris-vermekde-teqsirlendilir\/#more-290530\" aria-label=\"Read more about Ke\u00e7mi\u015f rektor prorektorun q\u0259tlini sifari\u015f verm\u0259kd\u0259 t\u0259qsirl\u0259ndirilir\">Davam\u0131<\/a><\/p>\n","protected":false},"author":8,"featured_media":290523,"comment_status":"closed","ping_status":"closed","sticky":false,"template":"","format":"standard","meta":{"_acf_changed":false,"_sitemap_exclude":false,"_sitemap_priority":"","_sitemap_frequency":"","footnotes":""},"categories":[62,56],"tags":[],"class_list":["post-290530","post","type-post","status-publish","format-standard","has-post-thumbnail","hentry","category-sosial","category-xeberler","infinite-scroll-item","generate-columns","tablet-grid-50","mobile-grid-100","grid-parent","grid-33","no-featured-image-padding"],"acf":[],"yoast_head":"<!-- This site is optimized with the Yoast SEO plugin v27.5 - https:\/\/yoast.com\/product\/yoast-seo-wordpress\/ -->\n<title>Ke\u00e7mi\u015f rektor prorektorun q\u0259tlini sifari\u015f verm\u0259kd\u0259 t\u0259qsirl\u0259ndirilir - MEYDAN.TV<\/title>\n<meta name=\"robots\" content=\"index, follow, max-snippet:-1, max-image-preview:large, max-video-preview:-1\" \/>\n<link rel=\"canonical\" href=\"https:\/\/www.meydan.tv\/az\/article\/kecmis-rektor-prorektorun-qetlini-sifaris-vermekde-teqsirlendilir\/\" \/>\n<meta property=\"og:locale\" content=\"az_AZ\" \/>\n<meta property=\"og:type\" content=\"article\" \/>\n<meta property=\"og:title\" content=\"Ke\u00e7mi\u015f rektor prorektorun q\u0259tlini sifari\u015f verm\u0259kd\u0259 t\u0259qsirl\u0259ndirilir - MEYDAN.TV\" \/>\n<meta property=\"og:description\" content=\"Ba\u015f Prokurorluq 12 ild\u0259n sonra i\u015fin \u00fcst\u00fcn\u00fcn ac\u0131ld\u0131\u011f\u0131n\u0131 deyir Elm ... Davam\u0131\" \/>\n<meta property=\"og:url\" content=\"https:\/\/www.meydan.tv\/az\/article\/kecmis-rektor-prorektorun-qetlini-sifaris-vermekde-teqsirlendilir\/\" \/>\n<meta property=\"og:site_name\" content=\"MEYDAN.TV\" \/>\n<meta property=\"article:published_time\" content=\"2023-11-16T09:18:00+00:00\" \/>\n<meta property=\"article:modified_time\" content=\"2023-11-16T09:18:05+00:00\" \/>\n<meta property=\"og:image\" content=\"https:\/\/www.meydan.tv\/wp-content\/uploads\/copy-of-untitled-design-1-e1700126006966.jpg\" \/>\n\t<meta property=\"og:image:width\" content=\"1920\" \/>\n\t<meta property=\"og:image:height\" content=\"828\" \/>\n\t<meta property=\"og:image:type\" content=\"image\/jpeg\" \/>\n<meta name=\"author\" content=\"elli\" \/>\n<meta name=\"twitter:card\" content=\"summary_large_image\" \/>\n<meta name=\"twitter:creator\" content=\"@elli\" \/>\n<script type=\"application\/ld+json\" class=\"yoast-schema-graph\">{\"@context\":\"https:\\\/\\\/schema.org\",\"@graph\":[{\"@type\":\"Article\",\"@id\":\"https:\\\/\\\/www.meydan.tv\\\/az\\\/article\\\/kecmis-rektor-prorektorun-qetlini-sifaris-vermekde-teqsirlendilir\\\/#article\",\"isPartOf\":{\"@id\":\"https:\\\/\\\/www.meydan.tv\\\/az\\\/article\\\/kecmis-rektor-prorektorun-qetlini-sifaris-vermekde-teqsirlendilir\\\/\"},\"author\":{\"name\":\"elli\",\"@id\":\"https:\\\/\\\/www.meydan.tv\\\/az\\\/#\\\/schema\\\/person\\\/9cdbecf90d17180ce1dfbd95b08dcf47\"},\"headline\":\"Ke\u00e7mi\u015f rektor prorektorun q\u0259tlini sifari\u015f verm\u0259kd\u0259 t\u0259qsirl\u0259ndirilir\",\"datePublished\":\"2023-11-16T09:18:00+00:00\",\"dateModified\":\"2023-11-16T09:18:05+00:00\",\"mainEntityOfPage\":{\"@id\":\"https:\\\/\\\/www.meydan.tv\\\/az\\\/article\\\/kecmis-rektor-prorektorun-qetlini-sifaris-vermekde-teqsirlendilir\\\/\"},\"wordCount\":516,\"publisher\":{\"@id\":\"https:\\\/\\\/www.meydan.tv\\\/az\\\/#organization\"},\"image\":{\"@id\":\"https:\\\/\\\/www.meydan.tv\\\/az\\\/article\\\/kecmis-rektor-prorektorun-qetlini-sifaris-vermekde-teqsirlendilir\\\/#primaryimage\"},\"thumbnailUrl\":\"https:\\\/\\\/www.meydan.tv\\\/wp-content\\\/uploads\\\/copy-of-untitled-design-1-e1700126006966.jpg\",\"articleSection\":[\"Sosial\",\"X\u0259b\u0259rl\u0259r\"],\"inLanguage\":\"az\"},{\"@type\":\"WebPage\",\"@id\":\"https:\\\/\\\/www.meydan.tv\\\/az\\\/article\\\/kecmis-rektor-prorektorun-qetlini-sifaris-vermekde-teqsirlendilir\\\/\",\"url\":\"https:\\\/\\\/www.meydan.tv\\\/az\\\/article\\\/kecmis-rektor-prorektorun-qetlini-sifaris-vermekde-teqsirlendilir\\\/\",\"name\":\"Ke\u00e7mi\u015f rektor prorektorun q\u0259tlini sifari\u015f verm\u0259kd\u0259 t\u0259qsirl\u0259ndirilir - MEYDAN.TV\",\"isPartOf\":{\"@id\":\"https:\\\/\\\/www.meydan.tv\\\/az\\\/#website\"},\"primaryImageOfPage\":{\"@id\":\"https:\\\/\\\/www.meydan.tv\\\/az\\\/article\\\/kecmis-rektor-prorektorun-qetlini-sifaris-vermekde-teqsirlendilir\\\/#primaryimage\"},\"image\":{\"@id\":\"https:\\\/\\\/www.meydan.tv\\\/az\\\/article\\\/kecmis-rektor-prorektorun-qetlini-sifaris-vermekde-teqsirlendilir\\\/#primaryimage\"},\"thumbnailUrl\":\"https:\\\/\\\/www.meydan.tv\\\/wp-content\\\/uploads\\\/copy-of-untitled-design-1-e1700126006966.jpg\",\"datePublished\":\"2023-11-16T09:18:00+00:00\",\"dateModified\":\"2023-11-16T09:18:05+00:00\",\"breadcrumb\":{\"@id\":\"https:\\\/\\\/www.meydan.tv\\\/az\\\/article\\\/kecmis-rektor-prorektorun-qetlini-sifaris-vermekde-teqsirlendilir\\\/#breadcrumb\"},\"inLanguage\":\"az\",\"potentialAction\":[{\"@type\":\"ReadAction\",\"target\":[\"https:\\\/\\\/www.meydan.tv\\\/az\\\/article\\\/kecmis-rektor-prorektorun-qetlini-sifaris-vermekde-teqsirlendilir\\\/\"]}]},{\"@type\":\"ImageObject\",\"inLanguage\":\"az\",\"@id\":\"https:\\\/\\\/www.meydan.tv\\\/az\\\/article\\\/kecmis-rektor-prorektorun-qetlini-sifaris-vermekde-teqsirlendilir\\\/#primaryimage\",\"url\":\"https:\\\/\\\/www.meydan.tv\\\/wp-content\\\/uploads\\\/copy-of-untitled-design-1-e1700126006966.jpg\",\"contentUrl\":\"https:\\\/\\\/www.meydan.tv\\\/wp-content\\\/uploads\\\/copy-of-untitled-design-1-e1700126006966.jpg\",\"width\":1920,\"height\":828,\"caption\":\"M\u00fc\u015fviq Ataki\u015fiyev v\u0259 Tariyel \u018fhm\u0259dov. Foto: Wiki\"},{\"@type\":\"BreadcrumbList\",\"@id\":\"https:\\\/\\\/www.meydan.tv\\\/az\\\/article\\\/kecmis-rektor-prorektorun-qetlini-sifaris-vermekde-teqsirlendilir\\\/#breadcrumb\",\"itemListElement\":[{\"@type\":\"ListItem\",\"position\":1,\"name\":\"Ana s\u0259hif\u0259\",\"item\":\"https:\\\/\\\/www.meydan.tv\\\/az\\\/\"},{\"@type\":\"ListItem\",\"position\":2,\"name\":\"Sosial\",\"item\":\"https:\\\/\\\/www.meydan.tv\\\/az\\\/section\\\/sosial\\\/\"},{\"@type\":\"ListItem\",\"position\":3,\"name\":\"Ke\u00e7mi\u015f rektor prorektorun q\u0259tlini sifari\u015f verm\u0259kd\u0259 t\u0259qsirl\u0259ndirilir\"}]},{\"@type\":\"WebSite\",\"@id\":\"https:\\\/\\\/www.meydan.tv\\\/az\\\/#website\",\"url\":\"https:\\\/\\\/www.meydan.tv\\\/az\\\/\",\"name\":\"MEYDAN.TV\",\"description\":\"Meydan TV Az\u0259rbaycan\u0131n media m\u0259kan\u0131ndak\u0131 alternativ s\u0259sidir\",\"publisher\":{\"@id\":\"https:\\\/\\\/www.meydan.tv\\\/az\\\/#organization\"},\"potentialAction\":[{\"@type\":\"SearchAction\",\"target\":{\"@type\":\"EntryPoint\",\"urlTemplate\":\"https:\\\/\\\/www.meydan.tv\\\/az\\\/?s={search_term_string}\"},\"query-input\":{\"@type\":\"PropertyValueSpecification\",\"valueRequired\":true,\"valueName\":\"search_term_string\"}}],\"inLanguage\":\"az\"},{\"@type\":\"Organization\",\"@id\":\"https:\\\/\\\/www.meydan.tv\\\/az\\\/#organization\",\"name\":\"Meydan TV\",\"url\":\"https:\\\/\\\/www.meydan.tv\\\/az\\\/\",\"logo\":{\"@type\":\"ImageObject\",\"inLanguage\":\"az\",\"@id\":\"https:\\\/\\\/www.meydan.tv\\\/az\\\/#\\\/schema\\\/logo\\\/image\\\/\",\"url\":\"https:\\\/\\\/www.meydan.tv\\\/wp-content\\\/uploads\\\/2021\\\/07\\\/meydan-logo.svg\",\"contentUrl\":\"https:\\\/\\\/www.meydan.tv\\\/wp-content\\\/uploads\\\/2021\\\/07\\\/meydan-logo.svg\",\"width\":195,\"height\":46,\"caption\":\"Meydan TV\"},\"image\":{\"@id\":\"https:\\\/\\\/www.meydan.tv\\\/az\\\/#\\\/schema\\\/logo\\\/image\\\/\"}},{\"@type\":\"Person\",\"@id\":\"https:\\\/\\\/www.meydan.tv\\\/az\\\/#\\\/schema\\\/person\\\/9cdbecf90d17180ce1dfbd95b08dcf47\",\"name\":\"elli\",\"sameAs\":[\"https:\\\/\\\/x.com\\\/elli\"]}]}<\/script>\n<!-- \/ Yoast SEO plugin. -->","yoast_head_json":{"title":"Ke\u00e7mi\u015f rektor prorektorun q\u0259tlini sifari\u015f verm\u0259kd\u0259 t\u0259qsirl\u0259ndirilir - MEYDAN.TV","robots":{"index":"index","follow":"follow","max-snippet":"max-snippet:-1","max-image-preview":"max-image-preview:large","max-video-preview":"max-video-preview:-1"},"canonical":"https:\/\/www.meydan.tv\/az\/article\/kecmis-rektor-prorektorun-qetlini-sifaris-vermekde-teqsirlendilir\/","og_locale":"az_AZ","og_type":"article","og_title":"Ke\u00e7mi\u015f rektor prorektorun q\u0259tlini sifari\u015f verm\u0259kd\u0259 t\u0259qsirl\u0259ndirilir - MEYDAN.TV","og_description":"Ba\u015f Prokurorluq 12 ild\u0259n sonra i\u015fin \u00fcst\u00fcn\u00fcn ac\u0131ld\u0131\u011f\u0131n\u0131 deyir Elm ... Davam\u0131","og_url":"https:\/\/www.meydan.tv\/az\/article\/kecmis-rektor-prorektorun-qetlini-sifaris-vermekde-teqsirlendilir\/","og_site_name":"MEYDAN.TV","article_published_time":"2023-11-16T09:18:00+00:00","article_modified_time":"2023-11-16T09:18:05+00:00","og_image":[{"width":1920,"height":828,"url":"https:\/\/www.meydan.tv\/wp-content\/uploads\/copy-of-untitled-design-1-e1700126006966.jpg","type":"image\/jpeg"}],"author":"elli","twitter_card":"summary_large_image","twitter_creator":"@elli","schema":{"@context":"https:\/\/schema.org","@graph":[{"@type":"Article","@id":"https:\/\/www.meydan.tv\/az\/article\/kecmis-rektor-prorektorun-qetlini-sifaris-vermekde-teqsirlendilir\/#article","isPartOf":{"@id":"https:\/\/www.meydan.tv\/az\/article\/kecmis-rektor-prorektorun-qetlini-sifaris-vermekde-teqsirlendilir\/"},"author":{"name":"elli","@id":"https:\/\/www.meydan.tv\/az\/#\/schema\/person\/9cdbecf90d17180ce1dfbd95b08dcf47"},"headline":"Ke\u00e7mi\u015f rektor prorektorun q\u0259tlini sifari\u015f verm\u0259kd\u0259 t\u0259qsirl\u0259ndirilir","datePublished":"2023-11-16T09:18:00+00:00","dateModified":"2023-11-16T09:18:05+00:00","mainEntityOfPage":{"@id":"https:\/\/www.meydan.tv\/az\/article\/kecmis-rektor-prorektorun-qetlini-sifaris-vermekde-teqsirlendilir\/"},"wordCount":516,"publisher":{"@id":"https:\/\/www.meydan.tv\/az\/#organization"},"image":{"@id":"https:\/\/www.meydan.tv\/az\/article\/kecmis-rektor-prorektorun-qetlini-sifaris-vermekde-teqsirlendilir\/#primaryimage"},"thumbnailUrl":"https:\/\/www.meydan.tv\/wp-content\/uploads\/copy-of-untitled-design-1-e1700126006966.jpg","articleSection":["Sosial","X\u0259b\u0259rl\u0259r"],"inLanguage":"az"},{"@type":"WebPage","@id":"https:\/\/www.meydan.tv\/az\/article\/kecmis-rektor-prorektorun-qetlini-sifaris-vermekde-teqsirlendilir\/","url":"https:\/\/www.meydan.tv\/az\/article\/kecmis-rektor-prorektorun-qetlini-sifaris-vermekde-teqsirlendilir\/","name":"Ke\u00e7mi\u015f rektor prorektorun q\u0259tlini sifari\u015f verm\u0259kd\u0259 t\u0259qsirl\u0259ndirilir - MEYDAN.TV","isPartOf":{"@id":"https:\/\/www.meydan.tv\/az\/#website"},"primaryImageOfPage":{"@id":"https:\/\/www.meydan.tv\/az\/article\/kecmis-rektor-prorektorun-qetlini-sifaris-vermekde-teqsirlendilir\/#primaryimage"},"image":{"@id":"https:\/\/www.meydan.tv\/az\/article\/kecmis-rektor-prorektorun-qetlini-sifaris-vermekde-teqsirlendilir\/#primaryimage"},"thumbnailUrl":"https:\/\/www.meydan.tv\/wp-content\/uploads\/copy-of-untitled-design-1-e1700126006966.jpg","datePublished":"2023-11-16T09:18:00+00:00","dateModified":"2023-11-16T09:18:05+00:00","breadcrumb":{"@id":"https:\/\/www.meydan.tv\/az\/article\/kecmis-rektor-prorektorun-qetlini-sifaris-vermekde-teqsirlendilir\/#breadcrumb"},"inLanguage":"az","potentialAction":[{"@type":"ReadAction","target":["https:\/\/www.meydan.tv\/az\/article\/kecmis-rektor-prorektorun-qetlini-sifaris-vermekde-teqsirlendilir\/"]}]},{"@type":"ImageObject","inLanguage":"az","@id":"https:\/\/www.meydan.tv\/az\/article\/kecmis-rektor-prorektorun-qetlini-sifaris-vermekde-teqsirlendilir\/#primaryimage","url":"https:\/\/www.meydan.tv\/wp-content\/uploads\/copy-of-untitled-design-1-e1700126006966.jpg","contentUrl":"https:\/\/www.meydan.tv\/wp-content\/uploads\/copy-of-untitled-design-1-e1700126006966.jpg","width":1920,"height":828,"caption":"M\u00fc\u015fviq Ataki\u015fiyev v\u0259 Tariyel \u018fhm\u0259dov. Foto: Wiki"},{"@type":"BreadcrumbList","@id":"https:\/\/www.meydan.tv\/az\/article\/kecmis-rektor-prorektorun-qetlini-sifaris-vermekde-teqsirlendilir\/#breadcrumb","itemListElement":[{"@type":"ListItem","position":1,"name":"Ana s\u0259hif\u0259","item":"https:\/\/www.meydan.tv\/az\/"},{"@type":"ListItem","position":2,"name":"Sosial","item":"https:\/\/www.meydan.tv\/az\/section\/sosial\/"},{"@type":"ListItem","position":3,"name":"Ke\u00e7mi\u015f rektor prorektorun q\u0259tlini sifari\u015f verm\u0259kd\u0259 t\u0259qsirl\u0259ndirilir"}]},{"@type":"WebSite","@id":"https:\/\/www.meydan.tv\/az\/#website","url":"https:\/\/www.meydan.tv\/az\/","name":"MEYDAN.TV","description":"Meydan TV Az\u0259rbaycan\u0131n media m\u0259kan\u0131ndak\u0131 alternativ s\u0259sidir","publisher":{"@id":"https:\/\/www.meydan.tv\/az\/#organization"},"potentialAction":[{"@type":"SearchAction","target":{"@type":"EntryPoint","urlTemplate":"https:\/\/www.meydan.tv\/az\/?s={search_term_string}"},"query-input":{"@type":"PropertyValueSpecification","valueRequired":true,"valueName":"search_term_string"}}],"inLanguage":"az"},{"@type":"Organization","@id":"https:\/\/www.meydan.tv\/az\/#organization","name":"Meydan TV","url":"https:\/\/www.meydan.tv\/az\/","logo":{"@type":"ImageObject","inLanguage":"az","@id":"https:\/\/www.meydan.tv\/az\/#\/schema\/logo\/image\/","url":"https:\/\/www.meydan.tv\/wp-content\/uploads\/2021\/07\/meydan-logo.svg","contentUrl":"https:\/\/www.meydan.tv\/wp-content\/uploads\/2021\/07\/meydan-logo.svg","width":195,"height":46,"caption":"Meydan TV"},"image":{"@id":"https:\/\/www.meydan.tv\/az\/#\/schema\/logo\/image\/"}},{"@type":"Person","@id":"https:\/\/www.meydan.tv\/az\/#\/schema\/person\/9cdbecf90d17180ce1dfbd95b08dcf47","name":"elli","sameAs":["https:\/\/x.com\/elli"]}]}},"_links":{"self":[{"href":"https:\/\/www.meydan.tv\/az\/wp-json\/wp\/v2\/posts\/290530","targetHints":{"allow":["GET"]}}],"collection":[{"href":"https:\/\/www.meydan.tv\/az\/wp-json\/wp\/v2\/posts"}],"about":[{"href":"https:\/\/www.meydan.tv\/az\/wp-json\/wp\/v2\/types\/post"}],"author":[{"embeddable":true,"href":"https:\/\/www.meydan.tv\/az\/wp-json\/wp\/v2\/users\/8"}],"replies":[{"embeddable":true,"href":"https:\/\/www.meydan.tv\/az\/wp-json\/wp\/v2\/comments?post=290530"}],"version-history":[{"count":3,"href":"https:\/\/www.meydan.tv\/az\/wp-json\/wp\/v2\/posts\/290530\/revisions"}],"predecessor-version":[{"id":290537,"href":"https:\/\/www.meydan.tv\/az\/wp-json\/wp\/v2\/posts\/290530\/revisions\/290537"}],"wp:featuredmedia":[{"embeddable":true,"href":"https:\/\/www.meydan.tv\/az\/wp-json\/wp\/v2\/media\/290523"}],"wp:attachment":[{"href":"https:\/\/www.meydan.tv\/az\/wp-json\/wp\/v2\/media?parent=290530"}],"wp:term":[{"taxonomy":"category","embeddable":true,"href":"https:\/\/www.meydan.tv\/az\/wp-json\/wp\/v2\/categories?post=290530"},{"taxonomy":"post_tag","embeddable":true,"href":"https:\/\/www.meydan.tv\/az\/wp-json\/wp\/v2\/tags?post=290530"}],"curies":[{"name":"wp","href":"https:\/\/api.w.org\/{rel}","templated":true}]}}