{"id":290518,"date":"2023-11-16T12:50:01","date_gmt":"2023-11-16T08:50:01","guid":{"rendered":"https:\/\/www.meydan.tv\/?p=290518"},"modified":"2023-11-16T12:50:05","modified_gmt":"2023-11-16T08:50:05","slug":"qizil-nar-bu-defe-de-sahiblerini-tapib","status":"publish","type":"post","link":"https:\/\/www.meydan.tv\/az\/article\/qizil-nar-bu-defe-de-sahiblerini-tapib\/","title":{"rendered":"\u201cQ\u0131z\u0131l nar\u201d bu d\u0259f\u0259 d\u0259 sahibl\u0259rini tap\u0131b"},"content":{"rendered":"\n<p><\/p>\n\n\n\n<p><strong><em>Bak\u0131 Beyn\u0259lxalq Q\u0131sa Filml\u0259r Festival\u0131n\u0131n qalibl\u0259ri elan olunub<\/em><\/strong><\/p>\n\n\n\n<p>14-c\u00fc Bak\u0131 Beyn\u0259lxalq Q\u0131sa Filml\u0259r Festival\u0131n\u0131n (BBQFF) ba\u011flan\u0131\u015f\u0131 v\u0259 qalibl\u0259rin m\u00fckafatland\u0131r\u0131lmas\u0131 m\u0259rasimi ke\u00e7irilib.<\/p>\n\n\n\n<p>BBQFF-nin direktoru, G\u0259nc Kinematoqraf\u00e7\u0131lar M\u0259rk\u0259zinin s\u0259dri Fehruz \u015eam\u0131yev \u00e7\u0131x\u0131\u015f ed\u0259r\u0259k qalibl\u0259ri t\u0259brik edib, onlara yeni u\u011furlar arzulay\u0131b.<\/p>\n\n\n\n<p>Sonra qalibl\u0259r elan olunub.<\/p>\n\n\n\n<p>Festival\u0131n \u201cQ\u0131z\u0131l nar\u201d m\u00fckafat\u0131, h\u0259m\u00e7inin x\u00fcsusi m\u00fckafatlar v\u0259 diplomlar\u0131 sahibl\u0259rin\u0259 t\u0259qdim edilib.<\/p>\n\n\n\n<p>\u00dcmumilikd\u0259 3-\u00fc beyn\u0259lxalq, 2-si yerli olmaqla 5 film festival\u0131n ba\u015f m\u00fckafat\u0131na \u2013 \u201cQ\u0131z\u0131l nar\u201da layiq g\u00f6r\u00fcl\u00fcb.<\/p>\n\n\n\n<p>Bildirilib ki, m\u00fcsabiq\u0259nin beyn\u0259lxalq kateqoriyas\u0131 \u00fczr\u0259 rejissorlar Patrisio Martines v\u0259 Fransisko Kantonun (Argentina) \u201cHe\u00e7 biri\u201d filmi \u201c\u018fn yax\u015f\u0131 b\u0259dii film\u201d nominasiyas\u0131nda qalib olub.<\/p>\n\n\n\n<p>\u201c\u018fn yax\u015f\u0131 s\u0259n\u0259dli film\u201d nominasiyas\u0131 \u00fczr\u0259 Nikita Lovetskinin (Q\u0131r\u011f\u0131z\u0131stan) \u201cQalina Petrovna\u201d, \u201c\u018fn yax\u015f\u0131 animasiya filmi\u201d \u00fczr\u0259 Vuk Palibrk v\u0259 Tanja Brzakovi\u00e7in (Serbiya) \u201cFabuladak\u0131 canavar\u201d filml\u0259ri qalib olublar.<\/p>\n\n\n\n<p>\u201c\u018fn yax\u015f\u0131 b\u0259dii film rejissoru\u201d<strong> <\/strong>nominasiyas\u0131nda \u201cR\u0259fiq\u0259m\u201d filmi il\u0259 K\u00f6vs\u0259r Yunis (Misir), \u201c\u018fn yax\u015f\u0131 s\u0259n\u0259dli film rejissoru\u201d \u00fczr\u0259 \u201c\u00dc\u00e7 bac\u0131\u201d filmi il\u0259 \u0130man Behruzi (\u0130ran), \u201c\u018fn yax\u015f\u0131 animasiya filmi rejissoru\u201d nominasiyas\u0131nda is\u0259 \u201cCadug\u0259r-p\u0259ri\u201d ekran i\u015fi il\u0259 Sedrik Ayqat, Devid ven de Ueyer (Bel\u00e7ika-Bolqar\u0131stan) birinci olublar.<\/p>\n\n\n<div class=\"wp-block-image\">\n<figure class=\"aligncenter size-full\"><img decoding=\"async\" width=\"1200\" height=\"800\" data-src=\"https:\/\/www.meydan.tv\/wp-content\/uploads\/img-20231115-wa0078.jpg\" alt=\"\" class=\"wp-image-290512 lazyload\" src=\"data:image\/svg+xml;base64,PHN2ZyB3aWR0aD0iMSIgaGVpZ2h0PSIxIiB4bWxucz0iaHR0cDovL3d3dy53My5vcmcvMjAwMC9zdmciPjwvc3ZnPg==\" style=\"--smush-placeholder-width: 1200px; --smush-placeholder-aspect-ratio: 1200\/800;\" \/><\/figure>\n<\/div>\n\n\n<p>\u201c\u018fn yax\u015f\u0131 ssenari\u201d nominasiyas\u0131nda Yan Buynovskinin (Pol\u015fa) \u201c\u015eeytan\u201d, \u201c\u018fn yax\u015f\u0131 montaj\u201d \u00fczr\u0259 Andrea Slavi\u00e7ekin (Xorvatiya-\u0130spaniya) \u201cDava haqq\u0131nda \u0259sl h\u0259qiq\u0259t\u201d filml\u0259ri qalib g\u0259libl\u0259r.<\/p>\n\n\n\n<p>Rejissor Manuel Omontenin (\u0130spaniya) \u201cTeruel \u0259traf\u0131nda\u201d filmi \u201cm\u00fcnsifl\u0259r hey\u0259tinin x\u00fcsusi m\u00fckafat\u0131\u201d, N\u0259zrin A\u011famal\u0131yevan\u0131n (Az\u0259rbaycan) \u201cH\u0259dis\u201d, Bahau Liunun (\u00c7in-AB\u015e) \u201cRaket start meydan\u00e7as\u0131nda olanda\u201d, Evrim \u0130ncinin (T\u00fcrkiy\u0259) \u201cDivar\u201d, Ayal Adamovun (Rusiya) \u201cAykuo\u201d, Aycan Qas\u0131mb\u0259yin (Qazax\u0131stan) \u201cBir az sevgi\u201d filml\u0259ri is\u0259 \u201cm\u00fcnsifl\u0259r hey\u0259tinin x\u00fcsusi qeydi\u201d m\u00fckafatlar\u0131na layiq g\u00f6r\u00fcl\u00fcb.<\/p>\n\n\n\n<p>Festival\u0131n \u201cAsiya istedadlar\u0131\u201d m\u00fcsabiq\u0259si \u00fczr\u0259 \u018flirza Kaz\u0131mpurun (\u0130ran) \u201cHa\u00e7alanm\u0131\u015f uclar\u201d filmi \u201c\u018fn yax\u015f\u0131 film\u201d nominasiyas\u0131nda qalib olub.<\/p>\n\n\n\n<p>\u201c\u018fn yax\u015f\u0131 rejissor\u201d nominasiyas\u0131nda \u201cSat\u0131c\u0131n\u0131n bir g\u00fcn\u00fc\u201d filmi il\u0259 Erin\u00e7 Durlan\u0131k (T\u00fcrkiy\u0259), \u201c\u018fn yax\u015f\u0131 ssenari\u201d \u00fczr\u0259 is\u0259 \u018fdal\u0259t \u00d6m\u0259rovun (Q\u0131r\u011f\u0131z\u0131stan) \u201cToy mahn\u0131s\u0131\u201d filmi birinci yeri qazan\u0131b.<\/p>\n\n\n\n<p>Yerli m\u00fcsabiq\u0259nin \u201c\u018fn yax\u015f\u0131 b\u0259dii film\u201d nominasiyas\u0131nda S\u0259m\u0259d A\u011fayevin \u201cSalam, \u0130sa\u201d, \u201c\u018fn yax\u015f\u0131 s\u0259n\u0259dli film\u201d \u00fczr\u0259 K\u00fcr\u00e7ayl\u0131 M\u0259mm\u0259dovun \u201cSabah\u0131n xeyir, S\u00fcbh anas\u0131\u201d, \u201c\u018fn yax\u015f\u0131 sosial \u00e7arx\u201d nominasiyas\u0131nda V\u00fcsal H\u0259mdullayevin \u201cXocal\u0131\u201d, \u201c\u018fn yax\u015f\u0131 t\u0259l\u0259b\u0259 filmi\u201dnd\u0259 M\u0259mm\u0259d\u0259min \u018flizad\u0259nin \u201cPianist\u201d filml\u0259ri qalib olublar.<\/p>\n\n\n\n<p>Elmar Bayramovun \u201cN\u0259f\u0259s\u201d filmi \u201c\u018fn yax\u015f\u0131 rejissor\u201d, \u015eirin \u018fhm\u0259dov, Elmar F\u0259rz\u0259li is\u0259 \u201cQ\u00fctb ulduzu\u201d filmi il\u0259 \u201c\u018fn yax\u015f\u0131 ssenari\u201d nominasiyas\u0131nda qalib ad\u0131n\u0131 qazan\u0131blar.<\/p>\n\n\n\n<p>\u201cCinemobil\u201d nominasiyas\u0131nda H\u00fcseyna\u011fa Aslanovun \u201cSaatsaz\u201d filmi qalib olub.<\/p>\n\n\n\n<p>T\u00fcrkiy\u0259li rejissor Kas\u0131m \u00d6rdekin \u201cBirlikd\u0259, t\u0259k\u201d filmi \u201cAz\u0259rbaycanfilm\u201d kinostudiyas\u0131n\u0131n \u201cRasim Ocaqov\u201d m\u00fckafat\u0131na layiq g\u00f6r\u00fcl\u00fcb.<\/p>\n\n\n\n<p>Emil N\u0259c\u0259fov Az\u0259rbaycan Prod\u00fcserl\u0259r Gildiyas\u0131n\u0131n \u201c\u018fn yax\u015f\u0131 prod\u00fcser\u201d \u00fczr\u0259, G\u00fclay Babayeva is\u0259 \u201cArxa c\u0259bh\u0259\u201d filmi il\u0259 m\u00fcnsifl\u0259r hey\u0259tinin diplomlar\u0131n\u0131 qazan\u0131blar.<\/p>\n\n\n\n<p>Sonda S\u0259m\u0259d A\u011fayevin \u201cQ\u0131z\u0131l nar\u201da layiq g\u00f6r\u00fclm\u00fc\u015f \u201cSalam, \u0130sa\u201d filmi n\u00fcmayi\u015f olunub.<\/p>\n\n\n\n<p>Festival noyabr\u0131n 10-dan 15-d\u0259k ke\u00e7irilib.<\/p>\n\n\n\n<p>G\u0259nc Kinematoqraf\u00e7\u0131lar M\u0259rk\u0259zinin t\u0259sis etdiyi festival\u0131n r\u0259smi t\u0259r\u0259fda\u015f\u0131 Az\u0259rbaycan Respublikas\u0131 M\u0259d\u0259niyy\u0259t Nazirliyi v\u0259 Kino Agentliyidir.<\/p>\n","protected":false},"excerpt":{"rendered":"<p>Bak\u0131 Beyn\u0259lxalq Q\u0131sa Filml\u0259r Festival\u0131n\u0131n qalibl\u0259ri elan olunub 14-c\u00fc Bak\u0131 &#8230; <\/p>\n<p class=\"read-more-container\"><a title=\"\u201cQ\u0131z\u0131l nar\u201d bu d\u0259f\u0259 d\u0259 sahibl\u0259rini tap\u0131b\" class=\"read-more button\" href=\"https:\/\/www.meydan.tv\/az\/article\/qizil-nar-bu-defe-de-sahiblerini-tapib\/#more-290518\" aria-label=\"Read more about \u201cQ\u0131z\u0131l nar\u201d bu d\u0259f\u0259 d\u0259 sahibl\u0259rini tap\u0131b\">Davam\u0131<\/a><\/p>\n","protected":false},"author":8,"featured_media":290515,"comment_status":"closed","ping_status":"closed","sticky":false,"template":"","format":"standard","meta":{"_acf_changed":false,"_sitemap_exclude":false,"_sitemap_priority":"","_sitemap_frequency":"","footnotes":""},"categories":[52,56],"tags":[],"class_list":["post-290518","post","type-post","status-publish","format-standard","has-post-thumbnail","hentry","category-medeniyyet","category-xeberler","infinite-scroll-item","generate-columns","tablet-grid-50","mobile-grid-100","grid-parent","grid-33","no-featured-image-padding"],"acf":[],"yoast_head":"<!-- This site is optimized with the Yoast SEO plugin v27.4 - https:\/\/yoast.com\/product\/yoast-seo-wordpress\/ -->\n<title>\u201cQ\u0131z\u0131l nar\u201d bu d\u0259f\u0259 d\u0259 sahibl\u0259rini tap\u0131b - MEYDAN.TV<\/title>\n<meta name=\"robots\" content=\"index, follow, max-snippet:-1, max-image-preview:large, max-video-preview:-1\" \/>\n<link rel=\"canonical\" href=\"https:\/\/www.meydan.tv\/az\/article\/qizil-nar-bu-defe-de-sahiblerini-tapib\/\" \/>\n<meta property=\"og:locale\" content=\"az_AZ\" \/>\n<meta property=\"og:type\" content=\"article\" \/>\n<meta property=\"og:title\" content=\"\u201cQ\u0131z\u0131l nar\u201d bu d\u0259f\u0259 d\u0259 sahibl\u0259rini tap\u0131b - MEYDAN.TV\" \/>\n<meta property=\"og:description\" content=\"Bak\u0131 Beyn\u0259lxalq Q\u0131sa Filml\u0259r Festival\u0131n\u0131n qalibl\u0259ri elan olunub 14-c\u00fc Bak\u0131 ... Davam\u0131\" \/>\n<meta property=\"og:url\" content=\"https:\/\/www.meydan.tv\/az\/article\/qizil-nar-bu-defe-de-sahiblerini-tapib\/\" \/>\n<meta property=\"og:site_name\" content=\"MEYDAN.TV\" \/>\n<meta property=\"article:published_time\" content=\"2023-11-16T08:50:01+00:00\" \/>\n<meta property=\"article:modified_time\" content=\"2023-11-16T08:50:05+00:00\" \/>\n<meta property=\"og:image\" content=\"https:\/\/www.meydan.tv\/wp-content\/uploads\/img-20231115-wa0074.jpg\" \/>\n\t<meta property=\"og:image:width\" content=\"1200\" \/>\n\t<meta property=\"og:image:height\" content=\"800\" \/>\n\t<meta property=\"og:image:type\" content=\"image\/jpeg\" \/>\n<meta name=\"author\" content=\"elli\" \/>\n<meta name=\"twitter:card\" content=\"summary_large_image\" \/>\n<meta name=\"twitter:creator\" content=\"@elli\" \/>\n<script type=\"application\/ld+json\" class=\"yoast-schema-graph\">{\"@context\":\"https:\\\/\\\/schema.org\",\"@graph\":[{\"@type\":\"Article\",\"@id\":\"https:\\\/\\\/www.meydan.tv\\\/az\\\/article\\\/qizil-nar-bu-defe-de-sahiblerini-tapib\\\/#article\",\"isPartOf\":{\"@id\":\"https:\\\/\\\/www.meydan.tv\\\/az\\\/article\\\/qizil-nar-bu-defe-de-sahiblerini-tapib\\\/\"},\"author\":{\"name\":\"elli\",\"@id\":\"https:\\\/\\\/www.meydan.tv\\\/az\\\/#\\\/schema\\\/person\\\/9cdbecf90d17180ce1dfbd95b08dcf47\"},\"headline\":\"\u201cQ\u0131z\u0131l nar\u201d bu d\u0259f\u0259 d\u0259 sahibl\u0259rini tap\u0131b\",\"datePublished\":\"2023-11-16T08:50:01+00:00\",\"dateModified\":\"2023-11-16T08:50:05+00:00\",\"mainEntityOfPage\":{\"@id\":\"https:\\\/\\\/www.meydan.tv\\\/az\\\/article\\\/qizil-nar-bu-defe-de-sahiblerini-tapib\\\/\"},\"wordCount\":646,\"publisher\":{\"@id\":\"https:\\\/\\\/www.meydan.tv\\\/az\\\/#organization\"},\"image\":{\"@id\":\"https:\\\/\\\/www.meydan.tv\\\/az\\\/article\\\/qizil-nar-bu-defe-de-sahiblerini-tapib\\\/#primaryimage\"},\"thumbnailUrl\":\"https:\\\/\\\/www.meydan.tv\\\/wp-content\\\/uploads\\\/img-20231115-wa0074.jpg\",\"articleSection\":[\"M\u0259d\u0259niyy\u0259t\",\"X\u0259b\u0259rl\u0259r\"],\"inLanguage\":\"az\"},{\"@type\":\"WebPage\",\"@id\":\"https:\\\/\\\/www.meydan.tv\\\/az\\\/article\\\/qizil-nar-bu-defe-de-sahiblerini-tapib\\\/\",\"url\":\"https:\\\/\\\/www.meydan.tv\\\/az\\\/article\\\/qizil-nar-bu-defe-de-sahiblerini-tapib\\\/\",\"name\":\"\u201cQ\u0131z\u0131l nar\u201d bu d\u0259f\u0259 d\u0259 sahibl\u0259rini tap\u0131b - MEYDAN.TV\",\"isPartOf\":{\"@id\":\"https:\\\/\\\/www.meydan.tv\\\/az\\\/#website\"},\"primaryImageOfPage\":{\"@id\":\"https:\\\/\\\/www.meydan.tv\\\/az\\\/article\\\/qizil-nar-bu-defe-de-sahiblerini-tapib\\\/#primaryimage\"},\"image\":{\"@id\":\"https:\\\/\\\/www.meydan.tv\\\/az\\\/article\\\/qizil-nar-bu-defe-de-sahiblerini-tapib\\\/#primaryimage\"},\"thumbnailUrl\":\"https:\\\/\\\/www.meydan.tv\\\/wp-content\\\/uploads\\\/img-20231115-wa0074.jpg\",\"datePublished\":\"2023-11-16T08:50:01+00:00\",\"dateModified\":\"2023-11-16T08:50:05+00:00\",\"breadcrumb\":{\"@id\":\"https:\\\/\\\/www.meydan.tv\\\/az\\\/article\\\/qizil-nar-bu-defe-de-sahiblerini-tapib\\\/#breadcrumb\"},\"inLanguage\":\"az\",\"potentialAction\":[{\"@type\":\"ReadAction\",\"target\":[\"https:\\\/\\\/www.meydan.tv\\\/az\\\/article\\\/qizil-nar-bu-defe-de-sahiblerini-tapib\\\/\"]}]},{\"@type\":\"ImageObject\",\"inLanguage\":\"az\",\"@id\":\"https:\\\/\\\/www.meydan.tv\\\/az\\\/article\\\/qizil-nar-bu-defe-de-sahiblerini-tapib\\\/#primaryimage\",\"url\":\"https:\\\/\\\/www.meydan.tv\\\/wp-content\\\/uploads\\\/img-20231115-wa0074.jpg\",\"contentUrl\":\"https:\\\/\\\/www.meydan.tv\\\/wp-content\\\/uploads\\\/img-20231115-wa0074.jpg\",\"width\":1200,\"height\":800,\"caption\":\"Fehruz \u015eam\u0131yev. Fotolar: G\u0259nc Kinematoqraf\u00e7\u0131lar M\u0259rk\u0259zi.\"},{\"@type\":\"BreadcrumbList\",\"@id\":\"https:\\\/\\\/www.meydan.tv\\\/az\\\/article\\\/qizil-nar-bu-defe-de-sahiblerini-tapib\\\/#breadcrumb\",\"itemListElement\":[{\"@type\":\"ListItem\",\"position\":1,\"name\":\"Ana s\u0259hif\u0259\",\"item\":\"https:\\\/\\\/www.meydan.tv\\\/az\\\/\"},{\"@type\":\"ListItem\",\"position\":2,\"name\":\"M\u0259d\u0259niyy\u0259t\",\"item\":\"https:\\\/\\\/www.meydan.tv\\\/az\\\/section\\\/medeniyyet\\\/\"},{\"@type\":\"ListItem\",\"position\":3,\"name\":\"\u201cQ\u0131z\u0131l nar\u201d bu d\u0259f\u0259 d\u0259 sahibl\u0259rini tap\u0131b\"}]},{\"@type\":\"WebSite\",\"@id\":\"https:\\\/\\\/www.meydan.tv\\\/az\\\/#website\",\"url\":\"https:\\\/\\\/www.meydan.tv\\\/az\\\/\",\"name\":\"MEYDAN.TV\",\"description\":\"Meydan TV Az\u0259rbaycan\u0131n media m\u0259kan\u0131ndak\u0131 alternativ s\u0259sidir\",\"publisher\":{\"@id\":\"https:\\\/\\\/www.meydan.tv\\\/az\\\/#organization\"},\"potentialAction\":[{\"@type\":\"SearchAction\",\"target\":{\"@type\":\"EntryPoint\",\"urlTemplate\":\"https:\\\/\\\/www.meydan.tv\\\/az\\\/?s={search_term_string}\"},\"query-input\":{\"@type\":\"PropertyValueSpecification\",\"valueRequired\":true,\"valueName\":\"search_term_string\"}}],\"inLanguage\":\"az\"},{\"@type\":\"Organization\",\"@id\":\"https:\\\/\\\/www.meydan.tv\\\/az\\\/#organization\",\"name\":\"Meydan TV\",\"url\":\"https:\\\/\\\/www.meydan.tv\\\/az\\\/\",\"logo\":{\"@type\":\"ImageObject\",\"inLanguage\":\"az\",\"@id\":\"https:\\\/\\\/www.meydan.tv\\\/az\\\/#\\\/schema\\\/logo\\\/image\\\/\",\"url\":\"https:\\\/\\\/www.meydan.tv\\\/wp-content\\\/uploads\\\/2021\\\/07\\\/meydan-logo.svg\",\"contentUrl\":\"https:\\\/\\\/www.meydan.tv\\\/wp-content\\\/uploads\\\/2021\\\/07\\\/meydan-logo.svg\",\"width\":195,\"height\":46,\"caption\":\"Meydan TV\"},\"image\":{\"@id\":\"https:\\\/\\\/www.meydan.tv\\\/az\\\/#\\\/schema\\\/logo\\\/image\\\/\"}},{\"@type\":\"Person\",\"@id\":\"https:\\\/\\\/www.meydan.tv\\\/az\\\/#\\\/schema\\\/person\\\/9cdbecf90d17180ce1dfbd95b08dcf47\",\"name\":\"elli\",\"sameAs\":[\"https:\\\/\\\/x.com\\\/elli\"]}]}<\/script>\n<!-- \/ Yoast SEO plugin. -->","yoast_head_json":{"title":"\u201cQ\u0131z\u0131l nar\u201d bu d\u0259f\u0259 d\u0259 sahibl\u0259rini tap\u0131b - MEYDAN.TV","robots":{"index":"index","follow":"follow","max-snippet":"max-snippet:-1","max-image-preview":"max-image-preview:large","max-video-preview":"max-video-preview:-1"},"canonical":"https:\/\/www.meydan.tv\/az\/article\/qizil-nar-bu-defe-de-sahiblerini-tapib\/","og_locale":"az_AZ","og_type":"article","og_title":"\u201cQ\u0131z\u0131l nar\u201d bu d\u0259f\u0259 d\u0259 sahibl\u0259rini tap\u0131b - MEYDAN.TV","og_description":"Bak\u0131 Beyn\u0259lxalq Q\u0131sa Filml\u0259r Festival\u0131n\u0131n qalibl\u0259ri elan olunub 14-c\u00fc Bak\u0131 ... Davam\u0131","og_url":"https:\/\/www.meydan.tv\/az\/article\/qizil-nar-bu-defe-de-sahiblerini-tapib\/","og_site_name":"MEYDAN.TV","article_published_time":"2023-11-16T08:50:01+00:00","article_modified_time":"2023-11-16T08:50:05+00:00","og_image":[{"width":1200,"height":800,"url":"https:\/\/www.meydan.tv\/wp-content\/uploads\/img-20231115-wa0074.jpg","type":"image\/jpeg"}],"author":"elli","twitter_card":"summary_large_image","twitter_creator":"@elli","schema":{"@context":"https:\/\/schema.org","@graph":[{"@type":"Article","@id":"https:\/\/www.meydan.tv\/az\/article\/qizil-nar-bu-defe-de-sahiblerini-tapib\/#article","isPartOf":{"@id":"https:\/\/www.meydan.tv\/az\/article\/qizil-nar-bu-defe-de-sahiblerini-tapib\/"},"author":{"name":"elli","@id":"https:\/\/www.meydan.tv\/az\/#\/schema\/person\/9cdbecf90d17180ce1dfbd95b08dcf47"},"headline":"\u201cQ\u0131z\u0131l nar\u201d bu d\u0259f\u0259 d\u0259 sahibl\u0259rini tap\u0131b","datePublished":"2023-11-16T08:50:01+00:00","dateModified":"2023-11-16T08:50:05+00:00","mainEntityOfPage":{"@id":"https:\/\/www.meydan.tv\/az\/article\/qizil-nar-bu-defe-de-sahiblerini-tapib\/"},"wordCount":646,"publisher":{"@id":"https:\/\/www.meydan.tv\/az\/#organization"},"image":{"@id":"https:\/\/www.meydan.tv\/az\/article\/qizil-nar-bu-defe-de-sahiblerini-tapib\/#primaryimage"},"thumbnailUrl":"https:\/\/www.meydan.tv\/wp-content\/uploads\/img-20231115-wa0074.jpg","articleSection":["M\u0259d\u0259niyy\u0259t","X\u0259b\u0259rl\u0259r"],"inLanguage":"az"},{"@type":"WebPage","@id":"https:\/\/www.meydan.tv\/az\/article\/qizil-nar-bu-defe-de-sahiblerini-tapib\/","url":"https:\/\/www.meydan.tv\/az\/article\/qizil-nar-bu-defe-de-sahiblerini-tapib\/","name":"\u201cQ\u0131z\u0131l nar\u201d bu d\u0259f\u0259 d\u0259 sahibl\u0259rini tap\u0131b - MEYDAN.TV","isPartOf":{"@id":"https:\/\/www.meydan.tv\/az\/#website"},"primaryImageOfPage":{"@id":"https:\/\/www.meydan.tv\/az\/article\/qizil-nar-bu-defe-de-sahiblerini-tapib\/#primaryimage"},"image":{"@id":"https:\/\/www.meydan.tv\/az\/article\/qizil-nar-bu-defe-de-sahiblerini-tapib\/#primaryimage"},"thumbnailUrl":"https:\/\/www.meydan.tv\/wp-content\/uploads\/img-20231115-wa0074.jpg","datePublished":"2023-11-16T08:50:01+00:00","dateModified":"2023-11-16T08:50:05+00:00","breadcrumb":{"@id":"https:\/\/www.meydan.tv\/az\/article\/qizil-nar-bu-defe-de-sahiblerini-tapib\/#breadcrumb"},"inLanguage":"az","potentialAction":[{"@type":"ReadAction","target":["https:\/\/www.meydan.tv\/az\/article\/qizil-nar-bu-defe-de-sahiblerini-tapib\/"]}]},{"@type":"ImageObject","inLanguage":"az","@id":"https:\/\/www.meydan.tv\/az\/article\/qizil-nar-bu-defe-de-sahiblerini-tapib\/#primaryimage","url":"https:\/\/www.meydan.tv\/wp-content\/uploads\/img-20231115-wa0074.jpg","contentUrl":"https:\/\/www.meydan.tv\/wp-content\/uploads\/img-20231115-wa0074.jpg","width":1200,"height":800,"caption":"Fehruz \u015eam\u0131yev. Fotolar: G\u0259nc Kinematoqraf\u00e7\u0131lar M\u0259rk\u0259zi."},{"@type":"BreadcrumbList","@id":"https:\/\/www.meydan.tv\/az\/article\/qizil-nar-bu-defe-de-sahiblerini-tapib\/#breadcrumb","itemListElement":[{"@type":"ListItem","position":1,"name":"Ana s\u0259hif\u0259","item":"https:\/\/www.meydan.tv\/az\/"},{"@type":"ListItem","position":2,"name":"M\u0259d\u0259niyy\u0259t","item":"https:\/\/www.meydan.tv\/az\/section\/medeniyyet\/"},{"@type":"ListItem","position":3,"name":"\u201cQ\u0131z\u0131l nar\u201d bu d\u0259f\u0259 d\u0259 sahibl\u0259rini tap\u0131b"}]},{"@type":"WebSite","@id":"https:\/\/www.meydan.tv\/az\/#website","url":"https:\/\/www.meydan.tv\/az\/","name":"MEYDAN.TV","description":"Meydan TV Az\u0259rbaycan\u0131n media m\u0259kan\u0131ndak\u0131 alternativ s\u0259sidir","publisher":{"@id":"https:\/\/www.meydan.tv\/az\/#organization"},"potentialAction":[{"@type":"SearchAction","target":{"@type":"EntryPoint","urlTemplate":"https:\/\/www.meydan.tv\/az\/?s={search_term_string}"},"query-input":{"@type":"PropertyValueSpecification","valueRequired":true,"valueName":"search_term_string"}}],"inLanguage":"az"},{"@type":"Organization","@id":"https:\/\/www.meydan.tv\/az\/#organization","name":"Meydan TV","url":"https:\/\/www.meydan.tv\/az\/","logo":{"@type":"ImageObject","inLanguage":"az","@id":"https:\/\/www.meydan.tv\/az\/#\/schema\/logo\/image\/","url":"https:\/\/www.meydan.tv\/wp-content\/uploads\/2021\/07\/meydan-logo.svg","contentUrl":"https:\/\/www.meydan.tv\/wp-content\/uploads\/2021\/07\/meydan-logo.svg","width":195,"height":46,"caption":"Meydan TV"},"image":{"@id":"https:\/\/www.meydan.tv\/az\/#\/schema\/logo\/image\/"}},{"@type":"Person","@id":"https:\/\/www.meydan.tv\/az\/#\/schema\/person\/9cdbecf90d17180ce1dfbd95b08dcf47","name":"elli","sameAs":["https:\/\/x.com\/elli"]}]}},"_links":{"self":[{"href":"https:\/\/www.meydan.tv\/az\/wp-json\/wp\/v2\/posts\/290518","targetHints":{"allow":["GET"]}}],"collection":[{"href":"https:\/\/www.meydan.tv\/az\/wp-json\/wp\/v2\/posts"}],"about":[{"href":"https:\/\/www.meydan.tv\/az\/wp-json\/wp\/v2\/types\/post"}],"author":[{"embeddable":true,"href":"https:\/\/www.meydan.tv\/az\/wp-json\/wp\/v2\/users\/8"}],"replies":[{"embeddable":true,"href":"https:\/\/www.meydan.tv\/az\/wp-json\/wp\/v2\/comments?post=290518"}],"version-history":[{"count":4,"href":"https:\/\/www.meydan.tv\/az\/wp-json\/wp\/v2\/posts\/290518\/revisions"}],"predecessor-version":[{"id":290522,"href":"https:\/\/www.meydan.tv\/az\/wp-json\/wp\/v2\/posts\/290518\/revisions\/290522"}],"wp:featuredmedia":[{"embeddable":true,"href":"https:\/\/www.meydan.tv\/az\/wp-json\/wp\/v2\/media\/290515"}],"wp:attachment":[{"href":"https:\/\/www.meydan.tv\/az\/wp-json\/wp\/v2\/media?parent=290518"}],"wp:term":[{"taxonomy":"category","embeddable":true,"href":"https:\/\/www.meydan.tv\/az\/wp-json\/wp\/v2\/categories?post=290518"},{"taxonomy":"post_tag","embeddable":true,"href":"https:\/\/www.meydan.tv\/az\/wp-json\/wp\/v2\/tags?post=290518"}],"curies":[{"name":"wp","href":"https:\/\/api.w.org\/{rel}","templated":true}]}}