{"id":290495,"date":"2023-11-15T22:47:43","date_gmt":"2023-11-15T18:47:43","guid":{"rendered":"https:\/\/www.meydan.tv\/?p=290495"},"modified":"2023-11-15T22:47:48","modified_gmt":"2023-11-15T18:47:48","slug":"media-reyestri-ile-bagli-ilk-qerar-mehkeme-sayti-bloklayib","status":"publish","type":"post","link":"https:\/\/www.meydan.tv\/az\/article\/media-reyestri-ile-bagli-ilk-qerar-mehkeme-sayti-bloklayib\/","title":{"rendered":"Media reyestri il\u0259 ba\u011fl\u0131 ilk q\u0259rar: m\u0259hk\u0259m\u0259 sayt\u0131 bloklay\u0131b"},"content":{"rendered":"\n<p><\/p>\n\n\n\n<p><strong><em>Ekspert q\u0259rar\u0131 qanunsuz say\u0131r, ba\u015f redaktor \u015fikay\u0259t ver\u0259c\u0259yini deyir<\/em><\/strong><\/p>\n\n\n\n<p>Median\u0131n \u0130nki\u015faf\u0131 Agentliyinin m\u00fcraci\u0259ti \u0259sas\u0131nda \u201cdia.az\u201d sayt\u0131n\u0131n f\u0259aliyy\u0259tinin dayand\u0131r\u0131lmas\u0131na q\u0259rar verilib.<\/p>\n\n\n\n<p>Bu q\u0259rar\u0131 Bak\u0131 Apelyasiya M\u0259hk\u0259m\u0259sind\u0259 Ayt\u0259n Oruczad\u0259nin s\u0259drliyil\u0259, X\u0259yal\u0259 C\u0259milova v\u0259 R\u0259\u015fid S\u0259m\u0259dovdan ibar\u0259t hakiml\u0259r kollegiyas\u0131 \u00e7\u0131xar\u0131b.<\/p>\n\n\n\n<p>Median\u0131n \u0130nki\u015faf\u0131 Agentliyinin iddias\u0131 \u0259sas\u0131nda c\u0259mi bir m\u0259hk\u0259m\u0259 iclas\u0131 ke\u00e7irilib.<\/p>\n\n\n\n<p>Noyabr\u0131n 14-d\u0259 ke\u00e7iril\u0259n h\u0259min iclasda cavabdeh t\u0259r\u0259f \u2013 \u201cdia.az\u201d sayt\u0131n\u0131n r\u0259hb\u0259ri M\u0259h\u0259mm\u0259d Zamanov (\u018frsoy) i\u015ftirak etm\u0259yib.<\/p>\n\n\n\n<p>M\u0259h\u0259mm\u0259d \u018frsoyun s\u00f6zl\u0259rin\u0259 g\u00f6r\u0259, o, \u00f6nc\u0259d\u0259n m\u0259hk\u0259m\u0259ni x\u0259b\u0259rdar edib ki, noyabr\u0131n 14-n\u0259 t\u0259yin edilmi\u015f iclasda i\u015ftirak ed\u0259 bilm\u0259y\u0259c\u0259k.<\/p>\n\n\n\n<p>Bu s\u0259b\u0259bd\u0259n m\u0259hk\u0259m\u0259 iclas\u0131n\u0131n ba\u015fqa vaxta ke\u00e7irilm\u0259sini xahi\u015f edib, lakin buna \u0259h\u0259miyy\u0259t verilm\u0259yib.<\/p>\n\n\n\n<p>Sayt r\u0259hb\u0259ri Bak\u0131 Apelyasiya M\u0259hk\u0259m\u0259sinin q\u0259rar\u0131n\u0131 qanunsuz v\u0259 \u0259sass\u0131z say\u0131r.<\/p>\n\n\n<div class=\"wp-block-image\">\n<figure class=\"alignright size-large is-resized\"><img decoding=\"async\" width=\"1200\" height=\"675\" data-src=\"https:\/\/www.meydan.tv\/wp-content\/uploads\/copy-of-untitled-design-1200x675.jpg\" alt=\"\" class=\"wp-image-290496 lazyload\" style=\"--smush-placeholder-width: 1200px; --smush-placeholder-aspect-ratio: 1200\/675;width:410px;height:auto\" src=\"data:image\/svg+xml;base64,PHN2ZyB3aWR0aD0iMSIgaGVpZ2h0PSIxIiB4bWxucz0iaHR0cDovL3d3dy53My5vcmcvMjAwMC9zdmciPjwvc3ZnPg==\" \/><figcaption class=\"wp-element-caption\">Foto: M\u0259h\u0259mm\u0259d Zamanovun \u015f\u0259xsi arxivind\u0259n <\/figcaption><\/figure>\n<\/div>\n\n\n<p>O, Ali M\u0259hk\u0259m\u0259y\u0259 kassasiya \u015fikay\u0259ti ver\u0259c\u0259yini bildirib.<\/p>\n\n\n\n<p>Median\u0131n \u0130nki\u015faf\u0131 Agentliyi sayt\u0131n f\u0259aliyy\u0259tinin dayand\u0131r\u0131lmas\u0131 bar\u0259d\u0259 iddias\u0131n\u0131 onunla \u0259sasland\u0131r\u0131b ki, sayt\u0131n sahibi \u201cMedia haqq\u0131nda\u201d Qanuna g\u00f6r\u0259, 6 ay \u0259rzind\u0259 Media Reyestrind\u0259 qeydiyyatdan ke\u00e7m\u0259k \u00fc\u00e7\u00fcn m\u00fcraci\u0259t etm\u0259yib.<\/p>\n\n\n\n<p>Media h\u00fcququ \u00fczr\u0259 ekspert Xalid A\u011faliyev d\u0259 q\u0259rar\u0131 \u0259sass\u0131z say\u0131r.<\/p>\n\n\n\n<p>O h\u0259m\u00e7inin m\u0259hk\u0259m\u0259nin sayt\u0131n f\u0259aliyy\u0259tinin dayand\u0131r\u0131lmas\u0131 haqda iddian\u0131 t\u0259l\u0259sik t\u0259min etm\u0259sin\u0259 diqq\u0259t \u00e7\u0259kir.<\/p>\n\n\n\n<p>Deyir ki, 5-10 d\u0259qiq\u0259lik formal iclaslar vasit\u0259sil\u0259 mediaya qar\u015f\u0131 \u0259n s\u0259rt m\u00fcdaxil\u0259l\u0259r t\u0259tbiq ed\u0259n m\u0259hk\u0259m\u0259 t\u0259cr\u00fcb\u0259si t\u0259\u0259ss\u00fcf do\u011furur.<\/p>\n\n\n\n<p>\u201c<em>Bir media orqan\u0131n\u0131n f\u0259aliyy\u0259tin\u0259 bel\u0259 asanl\u0131qla xitam verilm\u0259m\u0259lidir. Bel\u0259 asanl\u0131qla m\u0259hk\u0259m\u0259 q\u0259rar\u0131n\u0131n \u00e7\u0131xar\u0131lmas\u0131 izaholunmazd\u0131r. Bu, ifad\u0259, media azadl\u0131\u011f\u0131 h\u00fcququnun a\u015fkar pozuntusudur. Bel\u0259 m\u00fcrt\u0259ce t\u0259cr\u00fcb\u0259l\u0259rin a\u011fr\u0131s\u0131n\u0131 gec-tez d\u00f6vl\u0259t, c\u0259miyy\u0259t \u00e7\u0259kir\u201d, <\/em>&#8211; h\u00fcquq\u015f\u00fcnas vur\u011fulay\u0131b.<\/p>\n\n\n<div class=\"wp-block-image\">\n<figure class=\"alignleft size-full is-resized\"><img decoding=\"async\" width=\"1200\" height=\"675\" data-src=\"https:\/\/www.meydan.tv\/wp-content\/uploads\/312214859_589167189565536_4376334466220600402_n.png\" alt=\"\" class=\"wp-image-259021 lazyload\" style=\"--smush-placeholder-width: 1200px; --smush-placeholder-aspect-ratio: 1200\/675;width:415px;height:auto\" src=\"data:image\/svg+xml;base64,PHN2ZyB3aWR0aD0iMSIgaGVpZ2h0PSIxIiB4bWxucz0iaHR0cDovL3d3dy53My5vcmcvMjAwMC9zdmciPjwvc3ZnPg==\" \/><figcaption class=\"wp-element-caption\">Xalid A\u011faliyev. Foto: Meydan TV<\/figcaption><\/figure>\n<\/div>\n\n\n<p>Onun s\u00f6zl\u0259rin\u0259 g\u00f6r\u0259, Media Reyestrind\u0259 qeydiyyatdan ke\u00e7m\u0259k ist\u0259y\u0259n, lakin imtina cavab\u0131 alan bir s\u0131ra saytlar\u0131n r\u0259hb\u0259rl\u0259ri uzun m\u00fcdd\u0259tdir ki, imtina cavab\u0131na g\u00f6r\u0259 Median\u0131n \u0130nki\u015faf\u0131 Agentliyini m\u0259hk\u0259m\u0259y\u0259 verib. Lakin onlar\u0131n \u015fikay\u0259ti il\u0259 ba\u011fl\u0131 bir ildir ki, q\u0259rar verilmir:<\/p>\n\n\n\n<p>\u201c<em>M\u0259s\u0259l\u0259n, az24saat onlayn media resursu \u00f6t\u0259n ilin noyabr\u0131nda m\u0259hk\u0259m\u0259y\u0259 \u015fikay\u0259t etmi\u015fdi. H\u0259min i\u015f \u00fczr\u0259 1 il \u0259rzind\u0259 yekun q\u0259rar verilm\u0259yib. \u201cMing\u0259\u00e7evir i\u015f\u0131qlar\u0131\u201d q\u0259zetinin m\u0259hk\u0259m\u0259 i\u015fi d\u0259 el\u0259c\u0259, bir ildir q\u0259rar verilm\u0259sini g\u00f6zl\u0259yir&#8230;\u201d.<\/em><\/p>\n\n\n\n<p>\u201cMing\u0259\u00e7evir i\u015f\u0131qlar\u0131\u201d q\u0259zetinin r\u0259hb\u0259ri F\u0259rman N\u0259biyev d\u0259 ekspertin dedikl\u0259rini t\u0259sdiql\u0259yib.<\/p>\n\n\n\n<p>\u201c<em>Q\u0259zetimizi Media Reyestrin\u0259 daxil etm\u0259diyi \u00fc\u00e7\u00fcn Media Agentliyini bir il \u0259vv\u0259l m\u0259hk\u0259m\u0259y\u0259 vermi\u015fik. H\u0259l\u0259 ki, s\u0259s-s\u0259mir yoxdur\u201d, <\/em>&#8211; F\u0259rman N\u0259biyevin s\u00f6zl\u0259ridir.<\/p>\n","protected":false},"excerpt":{"rendered":"<p>Ekspert q\u0259rar\u0131 qanunsuz say\u0131r, ba\u015f redaktor \u015fikay\u0259t ver\u0259c\u0259yini deyir Median\u0131n &#8230; <\/p>\n<p class=\"read-more-container\"><a title=\"Media reyestri il\u0259 ba\u011fl\u0131 ilk q\u0259rar: m\u0259hk\u0259m\u0259 sayt\u0131 bloklay\u0131b\" class=\"read-more button\" href=\"https:\/\/www.meydan.tv\/az\/article\/media-reyestri-ile-bagli-ilk-qerar-mehkeme-sayti-bloklayib\/#more-290495\" aria-label=\"Read more about Media reyestri il\u0259 ba\u011fl\u0131 ilk q\u0259rar: m\u0259hk\u0259m\u0259 sayt\u0131 bloklay\u0131b\">Davam\u0131<\/a><\/p>\n","protected":false},"author":8,"featured_media":279999,"comment_status":"closed","ping_status":"closed","sticky":false,"template":"","format":"standard","meta":{"_acf_changed":false,"_sitemap_exclude":false,"_sitemap_priority":"","_sitemap_frequency":"","footnotes":""},"categories":[59,56],"tags":[],"class_list":["post-290495","post","type-post","status-publish","format-standard","has-post-thumbnail","hentry","category-siyaset","category-xeberler","infinite-scroll-item","generate-columns","tablet-grid-50","mobile-grid-100","grid-parent","grid-33","no-featured-image-padding"],"acf":[],"yoast_head":"<!-- This site is optimized with the Yoast SEO plugin v27.4 - https:\/\/yoast.com\/product\/yoast-seo-wordpress\/ -->\n<title>Media reyestri il\u0259 ba\u011fl\u0131 ilk q\u0259rar: m\u0259hk\u0259m\u0259 sayt\u0131 bloklay\u0131b - MEYDAN.TV<\/title>\n<meta name=\"robots\" content=\"index, follow, max-snippet:-1, max-image-preview:large, max-video-preview:-1\" \/>\n<link rel=\"canonical\" href=\"https:\/\/www.meydan.tv\/az\/article\/media-reyestri-ile-bagli-ilk-qerar-mehkeme-sayti-bloklayib\/\" \/>\n<meta property=\"og:locale\" content=\"az_AZ\" \/>\n<meta property=\"og:type\" content=\"article\" \/>\n<meta property=\"og:title\" content=\"Media reyestri il\u0259 ba\u011fl\u0131 ilk q\u0259rar: m\u0259hk\u0259m\u0259 sayt\u0131 bloklay\u0131b - MEYDAN.TV\" \/>\n<meta property=\"og:description\" content=\"Ekspert q\u0259rar\u0131 qanunsuz say\u0131r, ba\u015f redaktor \u015fikay\u0259t ver\u0259c\u0259yini deyir Median\u0131n ... Davam\u0131\" \/>\n<meta property=\"og:url\" content=\"https:\/\/www.meydan.tv\/az\/article\/media-reyestri-ile-bagli-ilk-qerar-mehkeme-sayti-bloklayib\/\" \/>\n<meta property=\"og:site_name\" content=\"MEYDAN.TV\" \/>\n<meta property=\"article:published_time\" content=\"2023-11-15T18:47:43+00:00\" \/>\n<meta property=\"article:modified_time\" content=\"2023-11-15T18:47:48+00:00\" \/>\n<meta property=\"og:image\" content=\"https:\/\/www.meydan.tv\/wp-content\/uploads\/untitled-design-3-103.jpg\" \/>\n\t<meta property=\"og:image:width\" content=\"1200\" \/>\n\t<meta property=\"og:image:height\" content=\"800\" \/>\n\t<meta property=\"og:image:type\" content=\"image\/jpeg\" \/>\n<meta name=\"author\" content=\"elli\" \/>\n<meta name=\"twitter:card\" content=\"summary_large_image\" \/>\n<meta name=\"twitter:creator\" content=\"@elli\" \/>\n<script type=\"application\/ld+json\" class=\"yoast-schema-graph\">{\"@context\":\"https:\\\/\\\/schema.org\",\"@graph\":[{\"@type\":\"Article\",\"@id\":\"https:\\\/\\\/www.meydan.tv\\\/az\\\/article\\\/media-reyestri-ile-bagli-ilk-qerar-mehkeme-sayti-bloklayib\\\/#article\",\"isPartOf\":{\"@id\":\"https:\\\/\\\/www.meydan.tv\\\/az\\\/article\\\/media-reyestri-ile-bagli-ilk-qerar-mehkeme-sayti-bloklayib\\\/\"},\"author\":{\"name\":\"elli\",\"@id\":\"https:\\\/\\\/www.meydan.tv\\\/az\\\/#\\\/schema\\\/person\\\/9cdbecf90d17180ce1dfbd95b08dcf47\"},\"headline\":\"Media reyestri il\u0259 ba\u011fl\u0131 ilk q\u0259rar: m\u0259hk\u0259m\u0259 sayt\u0131 bloklay\u0131b\",\"datePublished\":\"2023-11-15T18:47:43+00:00\",\"dateModified\":\"2023-11-15T18:47:48+00:00\",\"mainEntityOfPage\":{\"@id\":\"https:\\\/\\\/www.meydan.tv\\\/az\\\/article\\\/media-reyestri-ile-bagli-ilk-qerar-mehkeme-sayti-bloklayib\\\/\"},\"wordCount\":605,\"publisher\":{\"@id\":\"https:\\\/\\\/www.meydan.tv\\\/az\\\/#organization\"},\"image\":{\"@id\":\"https:\\\/\\\/www.meydan.tv\\\/az\\\/article\\\/media-reyestri-ile-bagli-ilk-qerar-mehkeme-sayti-bloklayib\\\/#primaryimage\"},\"thumbnailUrl\":\"https:\\\/\\\/www.meydan.tv\\\/wp-content\\\/uploads\\\/untitled-design-3-103.jpg\",\"articleSection\":[\"Siyas\u0259t\",\"X\u0259b\u0259rl\u0259r\"],\"inLanguage\":\"az\"},{\"@type\":\"WebPage\",\"@id\":\"https:\\\/\\\/www.meydan.tv\\\/az\\\/article\\\/media-reyestri-ile-bagli-ilk-qerar-mehkeme-sayti-bloklayib\\\/\",\"url\":\"https:\\\/\\\/www.meydan.tv\\\/az\\\/article\\\/media-reyestri-ile-bagli-ilk-qerar-mehkeme-sayti-bloklayib\\\/\",\"name\":\"Media reyestri il\u0259 ba\u011fl\u0131 ilk q\u0259rar: m\u0259hk\u0259m\u0259 sayt\u0131 bloklay\u0131b - MEYDAN.TV\",\"isPartOf\":{\"@id\":\"https:\\\/\\\/www.meydan.tv\\\/az\\\/#website\"},\"primaryImageOfPage\":{\"@id\":\"https:\\\/\\\/www.meydan.tv\\\/az\\\/article\\\/media-reyestri-ile-bagli-ilk-qerar-mehkeme-sayti-bloklayib\\\/#primaryimage\"},\"image\":{\"@id\":\"https:\\\/\\\/www.meydan.tv\\\/az\\\/article\\\/media-reyestri-ile-bagli-ilk-qerar-mehkeme-sayti-bloklayib\\\/#primaryimage\"},\"thumbnailUrl\":\"https:\\\/\\\/www.meydan.tv\\\/wp-content\\\/uploads\\\/untitled-design-3-103.jpg\",\"datePublished\":\"2023-11-15T18:47:43+00:00\",\"dateModified\":\"2023-11-15T18:47:48+00:00\",\"breadcrumb\":{\"@id\":\"https:\\\/\\\/www.meydan.tv\\\/az\\\/article\\\/media-reyestri-ile-bagli-ilk-qerar-mehkeme-sayti-bloklayib\\\/#breadcrumb\"},\"inLanguage\":\"az\",\"potentialAction\":[{\"@type\":\"ReadAction\",\"target\":[\"https:\\\/\\\/www.meydan.tv\\\/az\\\/article\\\/media-reyestri-ile-bagli-ilk-qerar-mehkeme-sayti-bloklayib\\\/\"]}]},{\"@type\":\"ImageObject\",\"inLanguage\":\"az\",\"@id\":\"https:\\\/\\\/www.meydan.tv\\\/az\\\/article\\\/media-reyestri-ile-bagli-ilk-qerar-mehkeme-sayti-bloklayib\\\/#primaryimage\",\"url\":\"https:\\\/\\\/www.meydan.tv\\\/wp-content\\\/uploads\\\/untitled-design-3-103.jpg\",\"contentUrl\":\"https:\\\/\\\/www.meydan.tv\\\/wp-content\\\/uploads\\\/untitled-design-3-103.jpg\",\"width\":1200,\"height\":800,\"caption\":\"Bak\u0131 Apelyasiya M\u0259hk\u0259m\u0259si. Foto: \\\"e-huquq.az\\\"\"},{\"@type\":\"BreadcrumbList\",\"@id\":\"https:\\\/\\\/www.meydan.tv\\\/az\\\/article\\\/media-reyestri-ile-bagli-ilk-qerar-mehkeme-sayti-bloklayib\\\/#breadcrumb\",\"itemListElement\":[{\"@type\":\"ListItem\",\"position\":1,\"name\":\"Ana s\u0259hif\u0259\",\"item\":\"https:\\\/\\\/www.meydan.tv\\\/az\\\/\"},{\"@type\":\"ListItem\",\"position\":2,\"name\":\"Siyas\u0259t\",\"item\":\"https:\\\/\\\/www.meydan.tv\\\/az\\\/section\\\/siyaset\\\/\"},{\"@type\":\"ListItem\",\"position\":3,\"name\":\"Media reyestri il\u0259 ba\u011fl\u0131 ilk q\u0259rar: m\u0259hk\u0259m\u0259 sayt\u0131 bloklay\u0131b\"}]},{\"@type\":\"WebSite\",\"@id\":\"https:\\\/\\\/www.meydan.tv\\\/az\\\/#website\",\"url\":\"https:\\\/\\\/www.meydan.tv\\\/az\\\/\",\"name\":\"MEYDAN.TV\",\"description\":\"Meydan TV Az\u0259rbaycan\u0131n media m\u0259kan\u0131ndak\u0131 alternativ s\u0259sidir\",\"publisher\":{\"@id\":\"https:\\\/\\\/www.meydan.tv\\\/az\\\/#organization\"},\"potentialAction\":[{\"@type\":\"SearchAction\",\"target\":{\"@type\":\"EntryPoint\",\"urlTemplate\":\"https:\\\/\\\/www.meydan.tv\\\/az\\\/?s={search_term_string}\"},\"query-input\":{\"@type\":\"PropertyValueSpecification\",\"valueRequired\":true,\"valueName\":\"search_term_string\"}}],\"inLanguage\":\"az\"},{\"@type\":\"Organization\",\"@id\":\"https:\\\/\\\/www.meydan.tv\\\/az\\\/#organization\",\"name\":\"Meydan TV\",\"url\":\"https:\\\/\\\/www.meydan.tv\\\/az\\\/\",\"logo\":{\"@type\":\"ImageObject\",\"inLanguage\":\"az\",\"@id\":\"https:\\\/\\\/www.meydan.tv\\\/az\\\/#\\\/schema\\\/logo\\\/image\\\/\",\"url\":\"https:\\\/\\\/www.meydan.tv\\\/wp-content\\\/uploads\\\/2021\\\/07\\\/meydan-logo.svg\",\"contentUrl\":\"https:\\\/\\\/www.meydan.tv\\\/wp-content\\\/uploads\\\/2021\\\/07\\\/meydan-logo.svg\",\"width\":195,\"height\":46,\"caption\":\"Meydan TV\"},\"image\":{\"@id\":\"https:\\\/\\\/www.meydan.tv\\\/az\\\/#\\\/schema\\\/logo\\\/image\\\/\"}},{\"@type\":\"Person\",\"@id\":\"https:\\\/\\\/www.meydan.tv\\\/az\\\/#\\\/schema\\\/person\\\/9cdbecf90d17180ce1dfbd95b08dcf47\",\"name\":\"elli\",\"sameAs\":[\"https:\\\/\\\/x.com\\\/elli\"]}]}<\/script>\n<!-- \/ Yoast SEO plugin. -->","yoast_head_json":{"title":"Media reyestri il\u0259 ba\u011fl\u0131 ilk q\u0259rar: m\u0259hk\u0259m\u0259 sayt\u0131 bloklay\u0131b - MEYDAN.TV","robots":{"index":"index","follow":"follow","max-snippet":"max-snippet:-1","max-image-preview":"max-image-preview:large","max-video-preview":"max-video-preview:-1"},"canonical":"https:\/\/www.meydan.tv\/az\/article\/media-reyestri-ile-bagli-ilk-qerar-mehkeme-sayti-bloklayib\/","og_locale":"az_AZ","og_type":"article","og_title":"Media reyestri il\u0259 ba\u011fl\u0131 ilk q\u0259rar: m\u0259hk\u0259m\u0259 sayt\u0131 bloklay\u0131b - MEYDAN.TV","og_description":"Ekspert q\u0259rar\u0131 qanunsuz say\u0131r, ba\u015f redaktor \u015fikay\u0259t ver\u0259c\u0259yini deyir Median\u0131n ... Davam\u0131","og_url":"https:\/\/www.meydan.tv\/az\/article\/media-reyestri-ile-bagli-ilk-qerar-mehkeme-sayti-bloklayib\/","og_site_name":"MEYDAN.TV","article_published_time":"2023-11-15T18:47:43+00:00","article_modified_time":"2023-11-15T18:47:48+00:00","og_image":[{"width":1200,"height":800,"url":"https:\/\/www.meydan.tv\/wp-content\/uploads\/untitled-design-3-103.jpg","type":"image\/jpeg"}],"author":"elli","twitter_card":"summary_large_image","twitter_creator":"@elli","schema":{"@context":"https:\/\/schema.org","@graph":[{"@type":"Article","@id":"https:\/\/www.meydan.tv\/az\/article\/media-reyestri-ile-bagli-ilk-qerar-mehkeme-sayti-bloklayib\/#article","isPartOf":{"@id":"https:\/\/www.meydan.tv\/az\/article\/media-reyestri-ile-bagli-ilk-qerar-mehkeme-sayti-bloklayib\/"},"author":{"name":"elli","@id":"https:\/\/www.meydan.tv\/az\/#\/schema\/person\/9cdbecf90d17180ce1dfbd95b08dcf47"},"headline":"Media reyestri il\u0259 ba\u011fl\u0131 ilk q\u0259rar: m\u0259hk\u0259m\u0259 sayt\u0131 bloklay\u0131b","datePublished":"2023-11-15T18:47:43+00:00","dateModified":"2023-11-15T18:47:48+00:00","mainEntityOfPage":{"@id":"https:\/\/www.meydan.tv\/az\/article\/media-reyestri-ile-bagli-ilk-qerar-mehkeme-sayti-bloklayib\/"},"wordCount":605,"publisher":{"@id":"https:\/\/www.meydan.tv\/az\/#organization"},"image":{"@id":"https:\/\/www.meydan.tv\/az\/article\/media-reyestri-ile-bagli-ilk-qerar-mehkeme-sayti-bloklayib\/#primaryimage"},"thumbnailUrl":"https:\/\/www.meydan.tv\/wp-content\/uploads\/untitled-design-3-103.jpg","articleSection":["Siyas\u0259t","X\u0259b\u0259rl\u0259r"],"inLanguage":"az"},{"@type":"WebPage","@id":"https:\/\/www.meydan.tv\/az\/article\/media-reyestri-ile-bagli-ilk-qerar-mehkeme-sayti-bloklayib\/","url":"https:\/\/www.meydan.tv\/az\/article\/media-reyestri-ile-bagli-ilk-qerar-mehkeme-sayti-bloklayib\/","name":"Media reyestri il\u0259 ba\u011fl\u0131 ilk q\u0259rar: m\u0259hk\u0259m\u0259 sayt\u0131 bloklay\u0131b - MEYDAN.TV","isPartOf":{"@id":"https:\/\/www.meydan.tv\/az\/#website"},"primaryImageOfPage":{"@id":"https:\/\/www.meydan.tv\/az\/article\/media-reyestri-ile-bagli-ilk-qerar-mehkeme-sayti-bloklayib\/#primaryimage"},"image":{"@id":"https:\/\/www.meydan.tv\/az\/article\/media-reyestri-ile-bagli-ilk-qerar-mehkeme-sayti-bloklayib\/#primaryimage"},"thumbnailUrl":"https:\/\/www.meydan.tv\/wp-content\/uploads\/untitled-design-3-103.jpg","datePublished":"2023-11-15T18:47:43+00:00","dateModified":"2023-11-15T18:47:48+00:00","breadcrumb":{"@id":"https:\/\/www.meydan.tv\/az\/article\/media-reyestri-ile-bagli-ilk-qerar-mehkeme-sayti-bloklayib\/#breadcrumb"},"inLanguage":"az","potentialAction":[{"@type":"ReadAction","target":["https:\/\/www.meydan.tv\/az\/article\/media-reyestri-ile-bagli-ilk-qerar-mehkeme-sayti-bloklayib\/"]}]},{"@type":"ImageObject","inLanguage":"az","@id":"https:\/\/www.meydan.tv\/az\/article\/media-reyestri-ile-bagli-ilk-qerar-mehkeme-sayti-bloklayib\/#primaryimage","url":"https:\/\/www.meydan.tv\/wp-content\/uploads\/untitled-design-3-103.jpg","contentUrl":"https:\/\/www.meydan.tv\/wp-content\/uploads\/untitled-design-3-103.jpg","width":1200,"height":800,"caption":"Bak\u0131 Apelyasiya M\u0259hk\u0259m\u0259si. Foto: \"e-huquq.az\""},{"@type":"BreadcrumbList","@id":"https:\/\/www.meydan.tv\/az\/article\/media-reyestri-ile-bagli-ilk-qerar-mehkeme-sayti-bloklayib\/#breadcrumb","itemListElement":[{"@type":"ListItem","position":1,"name":"Ana s\u0259hif\u0259","item":"https:\/\/www.meydan.tv\/az\/"},{"@type":"ListItem","position":2,"name":"Siyas\u0259t","item":"https:\/\/www.meydan.tv\/az\/section\/siyaset\/"},{"@type":"ListItem","position":3,"name":"Media reyestri il\u0259 ba\u011fl\u0131 ilk q\u0259rar: m\u0259hk\u0259m\u0259 sayt\u0131 bloklay\u0131b"}]},{"@type":"WebSite","@id":"https:\/\/www.meydan.tv\/az\/#website","url":"https:\/\/www.meydan.tv\/az\/","name":"MEYDAN.TV","description":"Meydan TV Az\u0259rbaycan\u0131n media m\u0259kan\u0131ndak\u0131 alternativ s\u0259sidir","publisher":{"@id":"https:\/\/www.meydan.tv\/az\/#organization"},"potentialAction":[{"@type":"SearchAction","target":{"@type":"EntryPoint","urlTemplate":"https:\/\/www.meydan.tv\/az\/?s={search_term_string}"},"query-input":{"@type":"PropertyValueSpecification","valueRequired":true,"valueName":"search_term_string"}}],"inLanguage":"az"},{"@type":"Organization","@id":"https:\/\/www.meydan.tv\/az\/#organization","name":"Meydan TV","url":"https:\/\/www.meydan.tv\/az\/","logo":{"@type":"ImageObject","inLanguage":"az","@id":"https:\/\/www.meydan.tv\/az\/#\/schema\/logo\/image\/","url":"https:\/\/www.meydan.tv\/wp-content\/uploads\/2021\/07\/meydan-logo.svg","contentUrl":"https:\/\/www.meydan.tv\/wp-content\/uploads\/2021\/07\/meydan-logo.svg","width":195,"height":46,"caption":"Meydan TV"},"image":{"@id":"https:\/\/www.meydan.tv\/az\/#\/schema\/logo\/image\/"}},{"@type":"Person","@id":"https:\/\/www.meydan.tv\/az\/#\/schema\/person\/9cdbecf90d17180ce1dfbd95b08dcf47","name":"elli","sameAs":["https:\/\/x.com\/elli"]}]}},"_links":{"self":[{"href":"https:\/\/www.meydan.tv\/az\/wp-json\/wp\/v2\/posts\/290495","targetHints":{"allow":["GET"]}}],"collection":[{"href":"https:\/\/www.meydan.tv\/az\/wp-json\/wp\/v2\/posts"}],"about":[{"href":"https:\/\/www.meydan.tv\/az\/wp-json\/wp\/v2\/types\/post"}],"author":[{"embeddable":true,"href":"https:\/\/www.meydan.tv\/az\/wp-json\/wp\/v2\/users\/8"}],"replies":[{"embeddable":true,"href":"https:\/\/www.meydan.tv\/az\/wp-json\/wp\/v2\/comments?post=290495"}],"version-history":[{"count":3,"href":"https:\/\/www.meydan.tv\/az\/wp-json\/wp\/v2\/posts\/290495\/revisions"}],"predecessor-version":[{"id":290501,"href":"https:\/\/www.meydan.tv\/az\/wp-json\/wp\/v2\/posts\/290495\/revisions\/290501"}],"wp:featuredmedia":[{"embeddable":true,"href":"https:\/\/www.meydan.tv\/az\/wp-json\/wp\/v2\/media\/279999"}],"wp:attachment":[{"href":"https:\/\/www.meydan.tv\/az\/wp-json\/wp\/v2\/media?parent=290495"}],"wp:term":[{"taxonomy":"category","embeddable":true,"href":"https:\/\/www.meydan.tv\/az\/wp-json\/wp\/v2\/categories?post=290495"},{"taxonomy":"post_tag","embeddable":true,"href":"https:\/\/www.meydan.tv\/az\/wp-json\/wp\/v2\/tags?post=290495"}],"curies":[{"name":"wp","href":"https:\/\/api.w.org\/{rel}","templated":true}]}}