{"id":290491,"date":"2023-11-15T22:23:56","date_gmt":"2023-11-15T18:23:56","guid":{"rendered":"https:\/\/www.meydan.tv\/?p=290491"},"modified":"2023-11-15T22:24:00","modified_gmt":"2023-11-15T18:24:00","slug":"naxcivanda-hebs-edilen-memurlarin-mehkemesi-baslayir","status":"publish","type":"post","link":"https:\/\/www.meydan.tv\/az\/article\/naxcivanda-hebs-edilen-memurlarin-mehkemesi-baslayir\/","title":{"rendered":"Nax\u00e7\u0131vanda h\u0259bs edil\u0259n m\u0259murlar\u0131n m\u0259hk\u0259m\u0259si ba\u015flay\u0131r"},"content":{"rendered":"\n<p><strong><em>\u018fdliyy\u0259 general\u0131 hakim qar\u015f\u0131s\u0131na \u00e7\u0131xar\u0131l\u0131r<\/em><\/strong><\/p>\n\n\n\n<p>D\u00f6vl\u0259t T\u0259hl\u00fck\u0259sizliyi Xidm\u0259tinin (DTX) 2023-c\u00fc ilin \u0259vv\u0259lind\u0259 Nax\u00e7\u0131van Muxtar Respublikas\u0131nda h\u0259yata ke\u00e7irdiyi \u0259m\u0259liyyatlar n\u0259tic\u0259sind\u0259 h\u0259bs olunan y\u00fcks\u0259k v\u0259zif\u0259li \u015f\u0259xsl\u0259rin m\u0259hk\u0259m\u0259si ba\u015flay\u0131r.<\/p>\n\n\n\n<p>Nax\u00e7\u0131van\u0131n Penitensiar Xidm\u0259tinin ke\u00e7mi\u015f r\u0259isi, \u0259dliyy\u0259 general-mayoru Tofiq H\u0259s\u0259nov yax\u0131n g\u00fcnl\u0259rd\u0259 hakim qar\u015f\u0131s\u0131na \u00e7\u0131xar\u0131lacaq.<\/p>\n\n\n\n<p>Onun i\u015fin\u0259 Nax\u00e7\u0131van Muxtar Respublikas\u0131n\u0131n A\u011f\u0131r Cinay\u0259tl\u0259r M\u0259hk\u0259m\u0259sind\u0259 bax\u0131lacaq.<\/p>\n\n\n\n<p>T\u0259qsirl\u0259ndiril\u0259n general\u0131n i\u015fini ara\u015fd\u0131rmaq H\u00fcseyn M\u0259mm\u0259dovun s\u0259drliyil\u0259, S\u0259xav\u0259t H\u00fcseynov v\u0259 \u0130lham \u0130brahimovdan ibar\u0259t hakiml\u0259r kollegiyas\u0131na h\u0259val\u0259 olunub.<\/p>\n\n\n\n<p>Tofiq H\u0259s\u0259novun i\u015fi \u00fczr\u0259 m\u0259hk\u0259m\u0259nin ilkin haz\u0131rl\u0131q iclas\u0131 noyabr\u0131n 23-n\u0259 t\u0259yin olunub.<\/p>\n\n\n\n<p>Ona qar\u015f\u0131 Cinay\u0259t M\u0259c\u0259ll\u0259sinin 311.3.2 (r\u00fc\u015fv\u0259t alma \u2013 t\u0259krar t\u00f6r\u0259dildikd\u0259) v\u0259 ba\u015fqa madd\u0259l\u0259ril\u0259 ittiham ir\u0259li s\u00fcr\u00fcl\u00fcb.<\/p>\n\n\n\n<p>Tofiq H\u0259s\u0259nov bu v\u0259zif\u0259y\u0259 2016-c\u0131 il sentyabr\u0131n 19-da Nax\u00e7\u0131van MR Ali M\u0259clisinin o vaxtk\u0131 s\u0259dri Vasif Tal\u0131bovun s\u0259r\u0259ncam\u0131yla t\u0259yin olunmu\u015fdu.<\/p>\n\n\n\n<p>O, eyni zamanda, Nax\u00e7\u0131van MR \u018fdliyy\u0259 nazirinin m\u00fcavini idi.<\/p>\n\n\n\n<p>O, 2017-ci il noyabr\u0131n 29-da Prezident \u0130lham \u018fliyevin s\u0259r\u0259ncam\u0131yla general-mayor r\u00fctb\u0259si al\u0131b.<\/p>\n","protected":false},"excerpt":{"rendered":"<p>\u018fdliyy\u0259 general\u0131 hakim qar\u015f\u0131s\u0131na \u00e7\u0131xar\u0131l\u0131r D\u00f6vl\u0259t T\u0259hl\u00fck\u0259sizliyi Xidm\u0259tinin (DTX) 2023-c\u00fc &#8230; <\/p>\n<p class=\"read-more-container\"><a title=\"Nax\u00e7\u0131vanda h\u0259bs edil\u0259n m\u0259murlar\u0131n m\u0259hk\u0259m\u0259si ba\u015flay\u0131r\" class=\"read-more button\" href=\"https:\/\/www.meydan.tv\/az\/article\/naxcivanda-hebs-edilen-memurlarin-mehkemesi-baslayir\/#more-290491\" aria-label=\"Read more about Nax\u00e7\u0131vanda h\u0259bs edil\u0259n m\u0259murlar\u0131n m\u0259hk\u0259m\u0259si ba\u015flay\u0131r\">Davam\u0131<\/a><\/p>\n","protected":false},"author":8,"featured_media":134550,"comment_status":"closed","ping_status":"closed","sticky":false,"template":"","format":"standard","meta":{"_acf_changed":false,"_sitemap_exclude":false,"_sitemap_priority":"","_sitemap_frequency":"","footnotes":""},"categories":[60,56],"tags":[],"class_list":["post-290491","post","type-post","status-publish","format-standard","has-post-thumbnail","hentry","category-bolge","category-xeberler","infinite-scroll-item","generate-columns","tablet-grid-50","mobile-grid-100","grid-parent","grid-33","no-featured-image-padding"],"acf":[],"yoast_head":"<!-- This site is optimized with the Yoast SEO plugin v27.4 - https:\/\/yoast.com\/product\/yoast-seo-wordpress\/ -->\n<title>Nax\u00e7\u0131vanda h\u0259bs edil\u0259n m\u0259murlar\u0131n m\u0259hk\u0259m\u0259si ba\u015flay\u0131r - MEYDAN.TV<\/title>\n<meta name=\"robots\" content=\"index, follow, max-snippet:-1, max-image-preview:large, max-video-preview:-1\" \/>\n<link rel=\"canonical\" href=\"https:\/\/www.meydan.tv\/az\/article\/naxcivanda-hebs-edilen-memurlarin-mehkemesi-baslayir\/\" \/>\n<meta property=\"og:locale\" content=\"az_AZ\" \/>\n<meta property=\"og:type\" content=\"article\" \/>\n<meta property=\"og:title\" content=\"Nax\u00e7\u0131vanda h\u0259bs edil\u0259n m\u0259murlar\u0131n m\u0259hk\u0259m\u0259si ba\u015flay\u0131r - MEYDAN.TV\" \/>\n<meta property=\"og:description\" content=\"\u018fdliyy\u0259 general\u0131 hakim qar\u015f\u0131s\u0131na \u00e7\u0131xar\u0131l\u0131r D\u00f6vl\u0259t T\u0259hl\u00fck\u0259sizliyi Xidm\u0259tinin (DTX) 2023-c\u00fc ... Davam\u0131\" \/>\n<meta property=\"og:url\" content=\"https:\/\/www.meydan.tv\/az\/article\/naxcivanda-hebs-edilen-memurlarin-mehkemesi-baslayir\/\" \/>\n<meta property=\"og:site_name\" content=\"MEYDAN.TV\" \/>\n<meta property=\"article:published_time\" content=\"2023-11-15T18:23:56+00:00\" \/>\n<meta property=\"article:modified_time\" content=\"2023-11-15T18:24:00+00:00\" \/>\n<meta property=\"og:image\" content=\"https:\/\/www.meydan.tv\/wp-content\/uploads\/576c5672-d7a4-49ba-b318-e70fe16e860d-e1672247578266.jpeg\" \/>\n\t<meta property=\"og:image:width\" content=\"1032\" \/>\n\t<meta property=\"og:image:height\" content=\"681\" \/>\n\t<meta property=\"og:image:type\" content=\"image\/jpeg\" \/>\n<meta name=\"author\" content=\"elli\" \/>\n<meta name=\"twitter:card\" content=\"summary_large_image\" \/>\n<meta name=\"twitter:creator\" content=\"@elli\" \/>\n<script type=\"application\/ld+json\" class=\"yoast-schema-graph\">{\"@context\":\"https:\\\/\\\/schema.org\",\"@graph\":[{\"@type\":\"Article\",\"@id\":\"https:\\\/\\\/www.meydan.tv\\\/az\\\/article\\\/naxcivanda-hebs-edilen-memurlarin-mehkemesi-baslayir\\\/#article\",\"isPartOf\":{\"@id\":\"https:\\\/\\\/www.meydan.tv\\\/az\\\/article\\\/naxcivanda-hebs-edilen-memurlarin-mehkemesi-baslayir\\\/\"},\"author\":{\"name\":\"elli\",\"@id\":\"https:\\\/\\\/www.meydan.tv\\\/az\\\/#\\\/schema\\\/person\\\/9cdbecf90d17180ce1dfbd95b08dcf47\"},\"headline\":\"Nax\u00e7\u0131vanda h\u0259bs edil\u0259n m\u0259murlar\u0131n m\u0259hk\u0259m\u0259si ba\u015flay\u0131r\",\"datePublished\":\"2023-11-15T18:23:56+00:00\",\"dateModified\":\"2023-11-15T18:24:00+00:00\",\"mainEntityOfPage\":{\"@id\":\"https:\\\/\\\/www.meydan.tv\\\/az\\\/article\\\/naxcivanda-hebs-edilen-memurlarin-mehkemesi-baslayir\\\/\"},\"wordCount\":269,\"publisher\":{\"@id\":\"https:\\\/\\\/www.meydan.tv\\\/az\\\/#organization\"},\"image\":{\"@id\":\"https:\\\/\\\/www.meydan.tv\\\/az\\\/article\\\/naxcivanda-hebs-edilen-memurlarin-mehkemesi-baslayir\\\/#primaryimage\"},\"thumbnailUrl\":\"https:\\\/\\\/www.meydan.tv\\\/wp-content\\\/uploads\\\/576c5672-d7a4-49ba-b318-e70fe16e860d-e1716633523510.jpeg\",\"articleSection\":[\"B\u00f6lg\u0259\",\"X\u0259b\u0259rl\u0259r\"],\"inLanguage\":\"az\"},{\"@type\":\"WebPage\",\"@id\":\"https:\\\/\\\/www.meydan.tv\\\/az\\\/article\\\/naxcivanda-hebs-edilen-memurlarin-mehkemesi-baslayir\\\/\",\"url\":\"https:\\\/\\\/www.meydan.tv\\\/az\\\/article\\\/naxcivanda-hebs-edilen-memurlarin-mehkemesi-baslayir\\\/\",\"name\":\"Nax\u00e7\u0131vanda h\u0259bs edil\u0259n m\u0259murlar\u0131n m\u0259hk\u0259m\u0259si ba\u015flay\u0131r - MEYDAN.TV\",\"isPartOf\":{\"@id\":\"https:\\\/\\\/www.meydan.tv\\\/az\\\/#website\"},\"primaryImageOfPage\":{\"@id\":\"https:\\\/\\\/www.meydan.tv\\\/az\\\/article\\\/naxcivanda-hebs-edilen-memurlarin-mehkemesi-baslayir\\\/#primaryimage\"},\"image\":{\"@id\":\"https:\\\/\\\/www.meydan.tv\\\/az\\\/article\\\/naxcivanda-hebs-edilen-memurlarin-mehkemesi-baslayir\\\/#primaryimage\"},\"thumbnailUrl\":\"https:\\\/\\\/www.meydan.tv\\\/wp-content\\\/uploads\\\/576c5672-d7a4-49ba-b318-e70fe16e860d-e1716633523510.jpeg\",\"datePublished\":\"2023-11-15T18:23:56+00:00\",\"dateModified\":\"2023-11-15T18:24:00+00:00\",\"breadcrumb\":{\"@id\":\"https:\\\/\\\/www.meydan.tv\\\/az\\\/article\\\/naxcivanda-hebs-edilen-memurlarin-mehkemesi-baslayir\\\/#breadcrumb\"},\"inLanguage\":\"az\",\"potentialAction\":[{\"@type\":\"ReadAction\",\"target\":[\"https:\\\/\\\/www.meydan.tv\\\/az\\\/article\\\/naxcivanda-hebs-edilen-memurlarin-mehkemesi-baslayir\\\/\"]}]},{\"@type\":\"ImageObject\",\"inLanguage\":\"az\",\"@id\":\"https:\\\/\\\/www.meydan.tv\\\/az\\\/article\\\/naxcivanda-hebs-edilen-memurlarin-mehkemesi-baslayir\\\/#primaryimage\",\"url\":\"https:\\\/\\\/www.meydan.tv\\\/wp-content\\\/uploads\\\/576c5672-d7a4-49ba-b318-e70fe16e860d-e1716633523510.jpeg\",\"contentUrl\":\"https:\\\/\\\/www.meydan.tv\\\/wp-content\\\/uploads\\\/576c5672-d7a4-49ba-b318-e70fe16e860d-e1716633523510.jpeg\",\"width\":1032,\"height\":498,\"caption\":\"Fotolar: Meydan TV\"},{\"@type\":\"BreadcrumbList\",\"@id\":\"https:\\\/\\\/www.meydan.tv\\\/az\\\/article\\\/naxcivanda-hebs-edilen-memurlarin-mehkemesi-baslayir\\\/#breadcrumb\",\"itemListElement\":[{\"@type\":\"ListItem\",\"position\":1,\"name\":\"Ana s\u0259hif\u0259\",\"item\":\"https:\\\/\\\/www.meydan.tv\\\/az\\\/\"},{\"@type\":\"ListItem\",\"position\":2,\"name\":\"B\u00f6lg\u0259\",\"item\":\"https:\\\/\\\/www.meydan.tv\\\/az\\\/section\\\/bolge\\\/\"},{\"@type\":\"ListItem\",\"position\":3,\"name\":\"Nax\u00e7\u0131vanda h\u0259bs edil\u0259n m\u0259murlar\u0131n m\u0259hk\u0259m\u0259si ba\u015flay\u0131r\"}]},{\"@type\":\"WebSite\",\"@id\":\"https:\\\/\\\/www.meydan.tv\\\/az\\\/#website\",\"url\":\"https:\\\/\\\/www.meydan.tv\\\/az\\\/\",\"name\":\"MEYDAN.TV\",\"description\":\"Meydan TV Az\u0259rbaycan\u0131n media m\u0259kan\u0131ndak\u0131 alternativ s\u0259sidir\",\"publisher\":{\"@id\":\"https:\\\/\\\/www.meydan.tv\\\/az\\\/#organization\"},\"potentialAction\":[{\"@type\":\"SearchAction\",\"target\":{\"@type\":\"EntryPoint\",\"urlTemplate\":\"https:\\\/\\\/www.meydan.tv\\\/az\\\/?s={search_term_string}\"},\"query-input\":{\"@type\":\"PropertyValueSpecification\",\"valueRequired\":true,\"valueName\":\"search_term_string\"}}],\"inLanguage\":\"az\"},{\"@type\":\"Organization\",\"@id\":\"https:\\\/\\\/www.meydan.tv\\\/az\\\/#organization\",\"name\":\"Meydan TV\",\"url\":\"https:\\\/\\\/www.meydan.tv\\\/az\\\/\",\"logo\":{\"@type\":\"ImageObject\",\"inLanguage\":\"az\",\"@id\":\"https:\\\/\\\/www.meydan.tv\\\/az\\\/#\\\/schema\\\/logo\\\/image\\\/\",\"url\":\"https:\\\/\\\/www.meydan.tv\\\/wp-content\\\/uploads\\\/2021\\\/07\\\/meydan-logo.svg\",\"contentUrl\":\"https:\\\/\\\/www.meydan.tv\\\/wp-content\\\/uploads\\\/2021\\\/07\\\/meydan-logo.svg\",\"width\":195,\"height\":46,\"caption\":\"Meydan TV\"},\"image\":{\"@id\":\"https:\\\/\\\/www.meydan.tv\\\/az\\\/#\\\/schema\\\/logo\\\/image\\\/\"}},{\"@type\":\"Person\",\"@id\":\"https:\\\/\\\/www.meydan.tv\\\/az\\\/#\\\/schema\\\/person\\\/9cdbecf90d17180ce1dfbd95b08dcf47\",\"name\":\"elli\",\"sameAs\":[\"https:\\\/\\\/x.com\\\/elli\"]}]}<\/script>\n<!-- \/ Yoast SEO plugin. -->","yoast_head_json":{"title":"Nax\u00e7\u0131vanda h\u0259bs edil\u0259n m\u0259murlar\u0131n m\u0259hk\u0259m\u0259si ba\u015flay\u0131r - MEYDAN.TV","robots":{"index":"index","follow":"follow","max-snippet":"max-snippet:-1","max-image-preview":"max-image-preview:large","max-video-preview":"max-video-preview:-1"},"canonical":"https:\/\/www.meydan.tv\/az\/article\/naxcivanda-hebs-edilen-memurlarin-mehkemesi-baslayir\/","og_locale":"az_AZ","og_type":"article","og_title":"Nax\u00e7\u0131vanda h\u0259bs edil\u0259n m\u0259murlar\u0131n m\u0259hk\u0259m\u0259si ba\u015flay\u0131r - MEYDAN.TV","og_description":"\u018fdliyy\u0259 general\u0131 hakim qar\u015f\u0131s\u0131na \u00e7\u0131xar\u0131l\u0131r D\u00f6vl\u0259t T\u0259hl\u00fck\u0259sizliyi Xidm\u0259tinin (DTX) 2023-c\u00fc ... Davam\u0131","og_url":"https:\/\/www.meydan.tv\/az\/article\/naxcivanda-hebs-edilen-memurlarin-mehkemesi-baslayir\/","og_site_name":"MEYDAN.TV","article_published_time":"2023-11-15T18:23:56+00:00","article_modified_time":"2023-11-15T18:24:00+00:00","og_image":[{"width":1032,"height":681,"url":"https:\/\/www.meydan.tv\/wp-content\/uploads\/576c5672-d7a4-49ba-b318-e70fe16e860d-e1672247578266.jpeg","type":"image\/jpeg"}],"author":"elli","twitter_card":"summary_large_image","twitter_creator":"@elli","schema":{"@context":"https:\/\/schema.org","@graph":[{"@type":"Article","@id":"https:\/\/www.meydan.tv\/az\/article\/naxcivanda-hebs-edilen-memurlarin-mehkemesi-baslayir\/#article","isPartOf":{"@id":"https:\/\/www.meydan.tv\/az\/article\/naxcivanda-hebs-edilen-memurlarin-mehkemesi-baslayir\/"},"author":{"name":"elli","@id":"https:\/\/www.meydan.tv\/az\/#\/schema\/person\/9cdbecf90d17180ce1dfbd95b08dcf47"},"headline":"Nax\u00e7\u0131vanda h\u0259bs edil\u0259n m\u0259murlar\u0131n m\u0259hk\u0259m\u0259si ba\u015flay\u0131r","datePublished":"2023-11-15T18:23:56+00:00","dateModified":"2023-11-15T18:24:00+00:00","mainEntityOfPage":{"@id":"https:\/\/www.meydan.tv\/az\/article\/naxcivanda-hebs-edilen-memurlarin-mehkemesi-baslayir\/"},"wordCount":269,"publisher":{"@id":"https:\/\/www.meydan.tv\/az\/#organization"},"image":{"@id":"https:\/\/www.meydan.tv\/az\/article\/naxcivanda-hebs-edilen-memurlarin-mehkemesi-baslayir\/#primaryimage"},"thumbnailUrl":"https:\/\/www.meydan.tv\/wp-content\/uploads\/576c5672-d7a4-49ba-b318-e70fe16e860d-e1716633523510.jpeg","articleSection":["B\u00f6lg\u0259","X\u0259b\u0259rl\u0259r"],"inLanguage":"az"},{"@type":"WebPage","@id":"https:\/\/www.meydan.tv\/az\/article\/naxcivanda-hebs-edilen-memurlarin-mehkemesi-baslayir\/","url":"https:\/\/www.meydan.tv\/az\/article\/naxcivanda-hebs-edilen-memurlarin-mehkemesi-baslayir\/","name":"Nax\u00e7\u0131vanda h\u0259bs edil\u0259n m\u0259murlar\u0131n m\u0259hk\u0259m\u0259si ba\u015flay\u0131r - MEYDAN.TV","isPartOf":{"@id":"https:\/\/www.meydan.tv\/az\/#website"},"primaryImageOfPage":{"@id":"https:\/\/www.meydan.tv\/az\/article\/naxcivanda-hebs-edilen-memurlarin-mehkemesi-baslayir\/#primaryimage"},"image":{"@id":"https:\/\/www.meydan.tv\/az\/article\/naxcivanda-hebs-edilen-memurlarin-mehkemesi-baslayir\/#primaryimage"},"thumbnailUrl":"https:\/\/www.meydan.tv\/wp-content\/uploads\/576c5672-d7a4-49ba-b318-e70fe16e860d-e1716633523510.jpeg","datePublished":"2023-11-15T18:23:56+00:00","dateModified":"2023-11-15T18:24:00+00:00","breadcrumb":{"@id":"https:\/\/www.meydan.tv\/az\/article\/naxcivanda-hebs-edilen-memurlarin-mehkemesi-baslayir\/#breadcrumb"},"inLanguage":"az","potentialAction":[{"@type":"ReadAction","target":["https:\/\/www.meydan.tv\/az\/article\/naxcivanda-hebs-edilen-memurlarin-mehkemesi-baslayir\/"]}]},{"@type":"ImageObject","inLanguage":"az","@id":"https:\/\/www.meydan.tv\/az\/article\/naxcivanda-hebs-edilen-memurlarin-mehkemesi-baslayir\/#primaryimage","url":"https:\/\/www.meydan.tv\/wp-content\/uploads\/576c5672-d7a4-49ba-b318-e70fe16e860d-e1716633523510.jpeg","contentUrl":"https:\/\/www.meydan.tv\/wp-content\/uploads\/576c5672-d7a4-49ba-b318-e70fe16e860d-e1716633523510.jpeg","width":1032,"height":498,"caption":"Fotolar: Meydan TV"},{"@type":"BreadcrumbList","@id":"https:\/\/www.meydan.tv\/az\/article\/naxcivanda-hebs-edilen-memurlarin-mehkemesi-baslayir\/#breadcrumb","itemListElement":[{"@type":"ListItem","position":1,"name":"Ana s\u0259hif\u0259","item":"https:\/\/www.meydan.tv\/az\/"},{"@type":"ListItem","position":2,"name":"B\u00f6lg\u0259","item":"https:\/\/www.meydan.tv\/az\/section\/bolge\/"},{"@type":"ListItem","position":3,"name":"Nax\u00e7\u0131vanda h\u0259bs edil\u0259n m\u0259murlar\u0131n m\u0259hk\u0259m\u0259si ba\u015flay\u0131r"}]},{"@type":"WebSite","@id":"https:\/\/www.meydan.tv\/az\/#website","url":"https:\/\/www.meydan.tv\/az\/","name":"MEYDAN.TV","description":"Meydan TV Az\u0259rbaycan\u0131n media m\u0259kan\u0131ndak\u0131 alternativ s\u0259sidir","publisher":{"@id":"https:\/\/www.meydan.tv\/az\/#organization"},"potentialAction":[{"@type":"SearchAction","target":{"@type":"EntryPoint","urlTemplate":"https:\/\/www.meydan.tv\/az\/?s={search_term_string}"},"query-input":{"@type":"PropertyValueSpecification","valueRequired":true,"valueName":"search_term_string"}}],"inLanguage":"az"},{"@type":"Organization","@id":"https:\/\/www.meydan.tv\/az\/#organization","name":"Meydan TV","url":"https:\/\/www.meydan.tv\/az\/","logo":{"@type":"ImageObject","inLanguage":"az","@id":"https:\/\/www.meydan.tv\/az\/#\/schema\/logo\/image\/","url":"https:\/\/www.meydan.tv\/wp-content\/uploads\/2021\/07\/meydan-logo.svg","contentUrl":"https:\/\/www.meydan.tv\/wp-content\/uploads\/2021\/07\/meydan-logo.svg","width":195,"height":46,"caption":"Meydan TV"},"image":{"@id":"https:\/\/www.meydan.tv\/az\/#\/schema\/logo\/image\/"}},{"@type":"Person","@id":"https:\/\/www.meydan.tv\/az\/#\/schema\/person\/9cdbecf90d17180ce1dfbd95b08dcf47","name":"elli","sameAs":["https:\/\/x.com\/elli"]}]}},"_links":{"self":[{"href":"https:\/\/www.meydan.tv\/az\/wp-json\/wp\/v2\/posts\/290491","targetHints":{"allow":["GET"]}}],"collection":[{"href":"https:\/\/www.meydan.tv\/az\/wp-json\/wp\/v2\/posts"}],"about":[{"href":"https:\/\/www.meydan.tv\/az\/wp-json\/wp\/v2\/types\/post"}],"author":[{"embeddable":true,"href":"https:\/\/www.meydan.tv\/az\/wp-json\/wp\/v2\/users\/8"}],"replies":[{"embeddable":true,"href":"https:\/\/www.meydan.tv\/az\/wp-json\/wp\/v2\/comments?post=290491"}],"version-history":[{"count":1,"href":"https:\/\/www.meydan.tv\/az\/wp-json\/wp\/v2\/posts\/290491\/revisions"}],"predecessor-version":[{"id":290492,"href":"https:\/\/www.meydan.tv\/az\/wp-json\/wp\/v2\/posts\/290491\/revisions\/290492"}],"wp:featuredmedia":[{"embeddable":true,"href":"https:\/\/www.meydan.tv\/az\/wp-json\/wp\/v2\/media\/134550"}],"wp:attachment":[{"href":"https:\/\/www.meydan.tv\/az\/wp-json\/wp\/v2\/media?parent=290491"}],"wp:term":[{"taxonomy":"category","embeddable":true,"href":"https:\/\/www.meydan.tv\/az\/wp-json\/wp\/v2\/categories?post=290491"},{"taxonomy":"post_tag","embeddable":true,"href":"https:\/\/www.meydan.tv\/az\/wp-json\/wp\/v2\/tags?post=290491"}],"curies":[{"name":"wp","href":"https:\/\/api.w.org\/{rel}","templated":true}]}}