{"id":290457,"date":"2023-11-15T17:22:26","date_gmt":"2023-11-15T13:22:26","guid":{"rendered":"https:\/\/www.meydan.tv\/?p=290457"},"modified":"2023-11-15T19:54:53","modified_gmt":"2023-11-15T15:54:53","slug":"kitabci-hec-olmasa-bizi-cerimelemeyin-bize-sans-yaradin-imkan-yaradin","status":"publish","type":"post","link":"https:\/\/www.meydan.tv\/az\/article\/kitabci-hec-olmasa-bizi-cerimelemeyin-bize-sans-yaradin-imkan-yaradin\/","title":{"rendered":"Kitab\u00e7\u0131: &#8220;He\u00e7 olmasa bizi c\u0259rim\u0259l\u0259m\u0259yin, biz\u0259 \u015fans yarad\u0131n, imkan yarad\u0131n&#8221;"},"content":{"rendered":"\n<figure class=\"wp-block-embed is-type-video is-provider-youtube wp-block-embed-youtube wp-embed-aspect-16-9 wp-has-aspect-ratio\"><div class=\"wp-block-embed__wrapper\">\n<iframe title=\"Kitab\u00e7\u0131: He\u00e7 olmasa bizi c\u0259rim\u0259l\u0259m\u0259yin, biz\u0259 \u015fans yarad\u0131n, imkan yarad\u0131n\" width=\"1200\" height=\"675\" data-src=\"https:\/\/www.youtube.com\/embed\/2lhRlJaR8xU?feature=oembed\" frameborder=\"0\" allow=\"accelerometer; autoplay; clipboard-write; encrypted-media; gyroscope; picture-in-picture; web-share\" allowfullscreen src=\"data:image\/svg+xml;base64,PHN2ZyB3aWR0aD0iMSIgaGVpZ2h0PSIxIiB4bWxucz0iaHR0cDovL3d3dy53My5vcmcvMjAwMC9zdmciPjwvc3ZnPg==\" class=\"lazyload\" data-load-mode=\"1\"><\/iframe>\n<\/div><\/figure>\n\n\n\n<p><\/p>\n\n\n\n<p><em>\u201cBu kitab biznesind\u0259 b\u0259lk\u0259 10 d\u0259f\u0259 m\u0259ni c\u0259rim\u0259l\u0259yibl\u0259r. M\u0259n n\u0259inki qazanc \u0259ld\u0259 el\u0259dim, 8 il m\u00fcdd\u0259tind\u0259 10-15 min manat ziyan\u0131na i\u015fl\u0259dim, amma fikirl\u0259\u015firdim ki, xidm\u0259t edir\u0259m d\u0259\u201d.<\/em><\/p>\n\n\n\n<p> 61 ya\u015fl\u0131 Xan R\u0259sulo\u011flu 90-c\u0131 ill\u0259rd\u0259n ba\u015flayaraq kitab sat\u0131\u015f\u0131 il\u0259 m\u0259\u015f\u011fuldur. <\/p>\n\n\n\n<p><em>\u201cAz\u0259rbaycanda Avropadak\u0131 maa\u015flar al\u0131nm\u0131r ki, oradak\u0131 qiym\u0259tl\u0259r d\u0259 burada t\u0259tbiq olunsun. Birinci bu qiym\u0259t sar\u0131dan probleml\u0259rimiz var. N\u0259\u015friyyatlarda da pe\u015f\u0259karlar dem\u0259k olar ki, \u00e7ox azd\u0131r. Bizd\u0259 korrekt\u0259, redakt\u0259 i\u015fi \u00e7ox ac\u0131nacaql\u0131 s\u0259viyy\u0259d\u0259dir\u201d<\/em>, \u2013 kitab\u00e7\u0131 deyir. <\/p>\n\n\n\n<p>Bak\u0131dak\u0131 kitab d\u00fckan\u0131 z\u0259r\u0259rl\u0259 i\u015fl\u0259diyi \u00fc\u00e7\u00fcn, o, Sumqay\u0131ta \u00fcz tutub. <\/p>\n\n\n\n<p><em>\u201cAz\u0259rbaycanda bu sah\u0259d\u0259 az-\u00e7ox h\u00f6rm\u0259tim var, amma 20 kvadrat metrlik yerd\u0259 i\u015fl\u0259yir\u0259m. Bil\u0259nl\u0259r bilir ki, 8 il m\u0259n Bak\u0131da &#8220;Xan x\u0259zin\u0259si&#8221; kitab d\u00fckan\u0131n\u0131 i\u015fl\u0259tdim, qazancdan \u00e7ox ziyan el\u0259dim. Bir az yersiz \u00e7\u0131xmas\u0131n, h\u0259rd\u0259n bunu dey\u0259nd\u0259 m\u0259n\u0259 deyirl\u0259r ki, b\u0259s a\u011flama\u011fa ehtiyac yoxdur, amma fakt faktl\u0131\u011f\u0131ndad\u0131r ki, 61 ya\u015f\u0131ndayam v\u0259 h\u0259l\u0259 d\u0259 evim yoxdur, kiray\u0259d\u0259 qal\u0131ram. Bu, n\u0259 vaxta q\u0259d\u0259r bel\u0259 olacaq?\u201d<\/em>, &#8211; Xan R\u0259sulo\u011flu deyir.<\/p>\n\n\n\n<p>Kitab\u00e7\u0131 onu da deyir ki, d\u00f6vl\u0259td\u0259n he\u00e7 n\u0259 ist\u0259mir, he\u00e7 vaxt umaca\u011f\u0131 olmay\u0131b: <\/p>\n\n\n\n<p><em>\u201cHe\u00e7 olmasa bizi c\u0259rim\u0259l\u0259m\u0259yin, biz\u0259 \u015fans yarad\u0131n, imkan yarad\u0131n. H\u0259tta bel\u0259 d\u0259 deyir\u0259m, biz\u0259 d\u0259 yaratmay\u0131n, xalq \u00fc\u00e7\u00fcn edin. \u018fg\u0259r xalq\u0131n h\u0259yat s\u0259viyy\u0259si y\u00fcks\u0259l\u0259rs\u0259, xalq\u0131n al\u0131c\u0131l\u0131q qabiliyy\u0259ti d\u0259 y\u00fcks\u0259l\u0259r\u201d<\/em>. <\/p>\n\n\n\n<p>Kitab\u00e7\u0131 d\u0259rslikl\u0259rin d\u0259 keyfiyy\u0259tind\u0259n naraz\u0131d\u0131r: <\/p>\n\n\n\n<p><em>\u201cB\u00fct\u00fcn d\u00fcnyaya b\u0259yan el\u0259mi\u015fik ki, d\u0259rslikl\u0259r pulsuzdur, amma bir d\u0259rslikl\u0259 i\u015f bitmir. Testl\u0259r, \u0259lav\u0259 kitablar var, onlar\u0131 alma\u011fa da m\u0259cbursan. \u00c7\u00fcnki d\u0259rslikl\u0259rd\u0259 o informasiya tam verilmir. T\u0259hsil sistemind\u0259 el\u0259 \u015f\u0259rait yaratmaq laz\u0131md\u0131r ki, valdeynl\u0259rin, \u015fagirdl\u0259rin cibin\u0259 girilm\u0259sin\u201d<\/em>. <\/p>\n\n\n\n<p>10 ildir ki kitab\u00e7\u0131 kimi f\u0259aliyy\u0259t g\u00f6st\u0259r\u0259n \u0130lkin Tomar is\u0259 &#8220;kitabal&#8221; ma\u011fazas\u0131n\u0131n v\u0259 &#8220;kosmo&#8221; n\u0259\u015friyyat\u0131n\u0131n t\u0259sis\u00e7isidir. <\/p>\n\n\n\n<p><em>\u201cAz\u0259rbaycanda kitab bazar\u0131n\u0131n b\u0259lk\u0259 d\u0259 70-80 faizini dig\u0259r dill\u0259rd\u0259 olan kitablar t\u0259\u015fkil edir, \u0259slind\u0259 bu, bir &#8220;SOS&#8221; siqnal\u0131d\u0131r. \u00c7\u00fcnki bu, indi hiss olunmur, amma 10-15 il sonra bunun probleml\u0259ri \u00fcz\u0259 \u00e7\u0131xacaq. Probleml\u0259rd\u0259n biri dil m\u0259s\u0259l\u0259sidir. Bel\u0259 deyim, t\u00fcrkc\u0259 olan kitablar\u0131 \u0259g\u0259r oxuyuruqsa, bir az ke\u00e7\u0259nd\u0259n sonra art\u0131q biz fikrimizi az\u0259rbaycanca ifad\u0259 el\u0259y\u0259 bilmirik. Getdikc\u0259, 10-15 il sonra Az\u0259rbaycan dilind\u0259 s\u0259lis dan\u0131\u015fan v\u0259 d\u00fczg\u00fcn yazma\u011f\u0131 bacaran insanlar\u0131n say\u0131 barmaqla say\u0131lacaq q\u0259d\u0259r olacaq\u201d<\/em>, &#8211; \u0130lkin Tomar deyir. <\/p>\n\n\n\n<p><em>\u201cS\u0259hv el\u0259mir\u0259ms\u0259, bir 10 il bundan qabaq Seymur Baycan\u0131n yaz\u0131s\u0131nda oxumu\u015fdum, region \u00fczr\u0259 kitab oxuma faizi statistikas\u0131 var idi. Birinci yerd\u0259 s\u0259hv el\u0259mir\u0259ms\u0259, g\u00fcrc\u00fcl\u0259r idi, ikinci yerd\u0259 erm\u0259nil\u0259r, \u00fc\u00e7\u00fcnc\u00fc yerd\u0259 biz. Bizd\u0259 \u00fcmumi kitab m\u00fctali\u0259 faizi 9 faiz idi, o 9 faizin d\u0259 yar\u0131s\u0131 yaz\u0131\u00e7\u0131, \u015fairl\u0259rin \u00f6zl\u0259ridi, y\u0259ni bel\u0259 deyim d\u0259, biab\u0131r\u00e7\u0131 bir v\u0259ziyy\u0259t idi. Halbuki erm\u0259nil\u0259rd\u0259 v\u0259 g\u00fcrc\u00fcl\u0259rd\u0259, bu, 30 faizin \u00fcz\u0259rind\u0259 idi. Y\u0259ni bizd\u0259n 3 d\u0259f\u0259 \u00e7ox\u201d,<\/em> &#8211; kitab\u00e7\u0131 vur\u011fulay\u0131r. <\/p>\n\n\n\n<p>Onun s\u00f6zl\u0259rin\u0259 g\u00f6r\u0259, dig\u0259r bir problem pirat \u00e7aplarla ba\u011fl\u0131d\u0131r: <\/p>\n\n\n\n<p><em>\u201cM\u0259s\u0259l\u0259n, kitabd\u0131r, o kitab\u0131n g\u00f6t\u00fcr\u00fcb pirat\u0131n\u0131 \u00e7ap edib sat\u0131rlar. M\u00fc\u015ft\u0259ri d\u0259, ham\u0131s\u0131 yox, bir \u00e7oxu ucuzdu dey\u0259 gedib pirat \u00e7ap al\u0131r. Pirat \u00e7ap al\u0131nd\u0131\u011f\u0131na g\u00f6r\u0259 m\u0259hsulun orjinal\u0131 sat\u0131lm\u0131r v\u0259 o n\u0259\u015friyyata b\u00f6y\u00fck z\u0259r\u0259r vurur, bu t\u0259r\u0259fi d\u0259 var. Bilmir\u0259m bizd\u0259 pirat\u00e7\u0131l\u0131\u011fa qar\u015f\u0131, m\u00fc\u0259llif h\u00fcquqlar\u0131 il\u0259 ba\u011fl\u0131 qanun var, ya yox. Qar\u015f\u0131ma \u00e7\u0131xmay\u0131b. Bunun qar\u015f\u0131s\u0131 al\u0131nmal\u0131d\u0131r. \u018fn \u0259sas\u0131 kitab q\u0131tl\u0131\u011f\u0131 var, t\u0259rc\u00fcm\u0259 bax\u0131m\u0131ndan az\u0259rbaycanca ist\u0259diyin kitablar\u0131 \u0259ld\u0259 ed\u0259 bilmirs\u0259n\u201d<\/em>. <\/p>\n\n\n\n<p>\u0130lkin Tomar deyir ki, b\u0259dii v\u0259 f\u0259rdi inki\u015faf kitablar\u0131 \u00e7oxdur, amma psixologiya, f\u0259ls\u0259f\u0259, sosiologiya, biologiya, astronomiya il\u0259 ba\u011fl\u0131 kitablar\u0131n q\u0131tl\u0131\u011f\u0131ndan \u0259ziyy\u0259t \u00e7\u0259kirl\u0259r.<\/p>\n","protected":false},"excerpt":{"rendered":"<p>\u201cBu kitab biznesind\u0259 b\u0259lk\u0259 10 d\u0259f\u0259 m\u0259ni c\u0259rim\u0259l\u0259yibl\u0259r. M\u0259n n\u0259inki &#8230; <\/p>\n<p class=\"read-more-container\"><a title=\"Kitab\u00e7\u0131: &#8220;He\u00e7 olmasa bizi c\u0259rim\u0259l\u0259m\u0259yin, biz\u0259 \u015fans yarad\u0131n, imkan yarad\u0131n&#8221;\" class=\"read-more button\" href=\"https:\/\/www.meydan.tv\/az\/article\/kitabci-hec-olmasa-bizi-cerimelemeyin-bize-sans-yaradin-imkan-yaradin\/#more-290457\" aria-label=\"Read more about Kitab\u00e7\u0131: &#8220;He\u00e7 olmasa bizi c\u0259rim\u0259l\u0259m\u0259yin, biz\u0259 \u015fans yarad\u0131n, imkan yarad\u0131n&#8221;\">Davam\u0131<\/a><\/p>\n","protected":false},"author":12,"featured_media":290461,"comment_status":"closed","ping_status":"closed","sticky":false,"template":"","format":"standard","meta":{"_acf_changed":false,"_sitemap_exclude":false,"_sitemap_priority":"","_sitemap_frequency":"","footnotes":""},"categories":[52,63],"tags":[],"class_list":["post-290457","post","type-post","status-publish","format-standard","has-post-thumbnail","hentry","category-medeniyyet","category-video-2","infinite-scroll-item","generate-columns","tablet-grid-50","mobile-grid-100","grid-parent","grid-33","no-featured-image-padding"],"acf":[],"yoast_head":"<!-- This site is optimized with the Yoast SEO plugin v27.4 - https:\/\/yoast.com\/product\/yoast-seo-wordpress\/ -->\n<title>Kitab\u00e7\u0131: &quot;He\u00e7 olmasa bizi c\u0259rim\u0259l\u0259m\u0259yin, biz\u0259 \u015fans yarad\u0131n, imkan yarad\u0131n&quot; - MEYDAN.TV<\/title>\n<meta name=\"robots\" content=\"index, follow, max-snippet:-1, max-image-preview:large, max-video-preview:-1\" \/>\n<link rel=\"canonical\" href=\"https:\/\/www.meydan.tv\/az\/article\/kitabci-hec-olmasa-bizi-cerimelemeyin-bize-sans-yaradin-imkan-yaradin\/\" \/>\n<meta property=\"og:locale\" content=\"az_AZ\" \/>\n<meta property=\"og:type\" content=\"article\" \/>\n<meta property=\"og:title\" content=\"Kitab\u00e7\u0131: &quot;He\u00e7 olmasa bizi c\u0259rim\u0259l\u0259m\u0259yin, biz\u0259 \u015fans yarad\u0131n, imkan yarad\u0131n&quot; - MEYDAN.TV\" \/>\n<meta property=\"og:description\" content=\"\u201cBu kitab biznesind\u0259 b\u0259lk\u0259 10 d\u0259f\u0259 m\u0259ni c\u0259rim\u0259l\u0259yibl\u0259r. M\u0259n n\u0259inki ... Davam\u0131\" \/>\n<meta property=\"og:url\" content=\"https:\/\/www.meydan.tv\/az\/article\/kitabci-hec-olmasa-bizi-cerimelemeyin-bize-sans-yaradin-imkan-yaradin\/\" \/>\n<meta property=\"og:site_name\" content=\"MEYDAN.TV\" \/>\n<meta property=\"article:published_time\" content=\"2023-11-15T13:22:26+00:00\" \/>\n<meta property=\"article:modified_time\" content=\"2023-11-15T15:54:53+00:00\" \/>\n<meta property=\"og:image\" content=\"https:\/\/www.meydan.tv\/wp-content\/uploads\/reportaj-cover-2-12.png\" \/>\n\t<meta property=\"og:image:width\" content=\"1280\" \/>\n\t<meta property=\"og:image:height\" content=\"720\" \/>\n\t<meta property=\"og:image:type\" content=\"image\/png\" \/>\n<meta name=\"author\" content=\"aleks\" \/>\n<meta name=\"twitter:card\" content=\"summary_large_image\" \/>\n<script type=\"application\/ld+json\" class=\"yoast-schema-graph\">{\"@context\":\"https:\\\/\\\/schema.org\",\"@graph\":[{\"@type\":\"Article\",\"@id\":\"https:\\\/\\\/www.meydan.tv\\\/az\\\/article\\\/kitabci-hec-olmasa-bizi-cerimelemeyin-bize-sans-yaradin-imkan-yaradin\\\/#article\",\"isPartOf\":{\"@id\":\"https:\\\/\\\/www.meydan.tv\\\/az\\\/article\\\/kitabci-hec-olmasa-bizi-cerimelemeyin-bize-sans-yaradin-imkan-yaradin\\\/\"},\"author\":{\"name\":\"aleks\",\"@id\":\"https:\\\/\\\/www.meydan.tv\\\/az\\\/#\\\/schema\\\/person\\\/476e9360e593fa131d5d71d51866f8da\"},\"headline\":\"Kitab\u00e7\u0131: &#8220;He\u00e7 olmasa bizi c\u0259rim\u0259l\u0259m\u0259yin, biz\u0259 \u015fans yarad\u0131n, imkan yarad\u0131n&#8221;\",\"datePublished\":\"2023-11-15T13:22:26+00:00\",\"dateModified\":\"2023-11-15T15:54:53+00:00\",\"mainEntityOfPage\":{\"@id\":\"https:\\\/\\\/www.meydan.tv\\\/az\\\/article\\\/kitabci-hec-olmasa-bizi-cerimelemeyin-bize-sans-yaradin-imkan-yaradin\\\/\"},\"wordCount\":790,\"publisher\":{\"@id\":\"https:\\\/\\\/www.meydan.tv\\\/az\\\/#organization\"},\"image\":{\"@id\":\"https:\\\/\\\/www.meydan.tv\\\/az\\\/article\\\/kitabci-hec-olmasa-bizi-cerimelemeyin-bize-sans-yaradin-imkan-yaradin\\\/#primaryimage\"},\"thumbnailUrl\":\"https:\\\/\\\/www.meydan.tv\\\/wp-content\\\/uploads\\\/reportaj-cover-2-12.png\",\"articleSection\":[\"M\u0259d\u0259niyy\u0259t\",\"Video\"],\"inLanguage\":\"az\"},{\"@type\":\"WebPage\",\"@id\":\"https:\\\/\\\/www.meydan.tv\\\/az\\\/article\\\/kitabci-hec-olmasa-bizi-cerimelemeyin-bize-sans-yaradin-imkan-yaradin\\\/\",\"url\":\"https:\\\/\\\/www.meydan.tv\\\/az\\\/article\\\/kitabci-hec-olmasa-bizi-cerimelemeyin-bize-sans-yaradin-imkan-yaradin\\\/\",\"name\":\"Kitab\u00e7\u0131: \\\"He\u00e7 olmasa bizi c\u0259rim\u0259l\u0259m\u0259yin, biz\u0259 \u015fans yarad\u0131n, imkan yarad\u0131n\\\" - MEYDAN.TV\",\"isPartOf\":{\"@id\":\"https:\\\/\\\/www.meydan.tv\\\/az\\\/#website\"},\"primaryImageOfPage\":{\"@id\":\"https:\\\/\\\/www.meydan.tv\\\/az\\\/article\\\/kitabci-hec-olmasa-bizi-cerimelemeyin-bize-sans-yaradin-imkan-yaradin\\\/#primaryimage\"},\"image\":{\"@id\":\"https:\\\/\\\/www.meydan.tv\\\/az\\\/article\\\/kitabci-hec-olmasa-bizi-cerimelemeyin-bize-sans-yaradin-imkan-yaradin\\\/#primaryimage\"},\"thumbnailUrl\":\"https:\\\/\\\/www.meydan.tv\\\/wp-content\\\/uploads\\\/reportaj-cover-2-12.png\",\"datePublished\":\"2023-11-15T13:22:26+00:00\",\"dateModified\":\"2023-11-15T15:54:53+00:00\",\"breadcrumb\":{\"@id\":\"https:\\\/\\\/www.meydan.tv\\\/az\\\/article\\\/kitabci-hec-olmasa-bizi-cerimelemeyin-bize-sans-yaradin-imkan-yaradin\\\/#breadcrumb\"},\"inLanguage\":\"az\",\"potentialAction\":[{\"@type\":\"ReadAction\",\"target\":[\"https:\\\/\\\/www.meydan.tv\\\/az\\\/article\\\/kitabci-hec-olmasa-bizi-cerimelemeyin-bize-sans-yaradin-imkan-yaradin\\\/\"]}]},{\"@type\":\"ImageObject\",\"inLanguage\":\"az\",\"@id\":\"https:\\\/\\\/www.meydan.tv\\\/az\\\/article\\\/kitabci-hec-olmasa-bizi-cerimelemeyin-bize-sans-yaradin-imkan-yaradin\\\/#primaryimage\",\"url\":\"https:\\\/\\\/www.meydan.tv\\\/wp-content\\\/uploads\\\/reportaj-cover-2-12.png\",\"contentUrl\":\"https:\\\/\\\/www.meydan.tv\\\/wp-content\\\/uploads\\\/reportaj-cover-2-12.png\",\"width\":1280,\"height\":720},{\"@type\":\"BreadcrumbList\",\"@id\":\"https:\\\/\\\/www.meydan.tv\\\/az\\\/article\\\/kitabci-hec-olmasa-bizi-cerimelemeyin-bize-sans-yaradin-imkan-yaradin\\\/#breadcrumb\",\"itemListElement\":[{\"@type\":\"ListItem\",\"position\":1,\"name\":\"Ana s\u0259hif\u0259\",\"item\":\"https:\\\/\\\/www.meydan.tv\\\/az\\\/\"},{\"@type\":\"ListItem\",\"position\":2,\"name\":\"Video\",\"item\":\"https:\\\/\\\/www.meydan.tv\\\/az\\\/section\\\/video-2\\\/\"},{\"@type\":\"ListItem\",\"position\":3,\"name\":\"Kitab\u00e7\u0131: &#8220;He\u00e7 olmasa bizi c\u0259rim\u0259l\u0259m\u0259yin, biz\u0259 \u015fans yarad\u0131n, imkan yarad\u0131n&#8221;\"}]},{\"@type\":\"WebSite\",\"@id\":\"https:\\\/\\\/www.meydan.tv\\\/az\\\/#website\",\"url\":\"https:\\\/\\\/www.meydan.tv\\\/az\\\/\",\"name\":\"MEYDAN.TV\",\"description\":\"Meydan TV Az\u0259rbaycan\u0131n media m\u0259kan\u0131ndak\u0131 alternativ s\u0259sidir\",\"publisher\":{\"@id\":\"https:\\\/\\\/www.meydan.tv\\\/az\\\/#organization\"},\"potentialAction\":[{\"@type\":\"SearchAction\",\"target\":{\"@type\":\"EntryPoint\",\"urlTemplate\":\"https:\\\/\\\/www.meydan.tv\\\/az\\\/?s={search_term_string}\"},\"query-input\":{\"@type\":\"PropertyValueSpecification\",\"valueRequired\":true,\"valueName\":\"search_term_string\"}}],\"inLanguage\":\"az\"},{\"@type\":\"Organization\",\"@id\":\"https:\\\/\\\/www.meydan.tv\\\/az\\\/#organization\",\"name\":\"Meydan TV\",\"url\":\"https:\\\/\\\/www.meydan.tv\\\/az\\\/\",\"logo\":{\"@type\":\"ImageObject\",\"inLanguage\":\"az\",\"@id\":\"https:\\\/\\\/www.meydan.tv\\\/az\\\/#\\\/schema\\\/logo\\\/image\\\/\",\"url\":\"https:\\\/\\\/www.meydan.tv\\\/wp-content\\\/uploads\\\/2021\\\/07\\\/meydan-logo.svg\",\"contentUrl\":\"https:\\\/\\\/www.meydan.tv\\\/wp-content\\\/uploads\\\/2021\\\/07\\\/meydan-logo.svg\",\"width\":195,\"height\":46,\"caption\":\"Meydan TV\"},\"image\":{\"@id\":\"https:\\\/\\\/www.meydan.tv\\\/az\\\/#\\\/schema\\\/logo\\\/image\\\/\"}},{\"@type\":\"Person\",\"@id\":\"https:\\\/\\\/www.meydan.tv\\\/az\\\/#\\\/schema\\\/person\\\/476e9360e593fa131d5d71d51866f8da\",\"name\":\"aleks\"}]}<\/script>\n<!-- \/ Yoast SEO plugin. -->","yoast_head_json":{"title":"Kitab\u00e7\u0131: \"He\u00e7 olmasa bizi c\u0259rim\u0259l\u0259m\u0259yin, biz\u0259 \u015fans yarad\u0131n, imkan yarad\u0131n\" - MEYDAN.TV","robots":{"index":"index","follow":"follow","max-snippet":"max-snippet:-1","max-image-preview":"max-image-preview:large","max-video-preview":"max-video-preview:-1"},"canonical":"https:\/\/www.meydan.tv\/az\/article\/kitabci-hec-olmasa-bizi-cerimelemeyin-bize-sans-yaradin-imkan-yaradin\/","og_locale":"az_AZ","og_type":"article","og_title":"Kitab\u00e7\u0131: \"He\u00e7 olmasa bizi c\u0259rim\u0259l\u0259m\u0259yin, biz\u0259 \u015fans yarad\u0131n, imkan yarad\u0131n\" - MEYDAN.TV","og_description":"\u201cBu kitab biznesind\u0259 b\u0259lk\u0259 10 d\u0259f\u0259 m\u0259ni c\u0259rim\u0259l\u0259yibl\u0259r. M\u0259n n\u0259inki ... Davam\u0131","og_url":"https:\/\/www.meydan.tv\/az\/article\/kitabci-hec-olmasa-bizi-cerimelemeyin-bize-sans-yaradin-imkan-yaradin\/","og_site_name":"MEYDAN.TV","article_published_time":"2023-11-15T13:22:26+00:00","article_modified_time":"2023-11-15T15:54:53+00:00","og_image":[{"width":1280,"height":720,"url":"https:\/\/www.meydan.tv\/wp-content\/uploads\/reportaj-cover-2-12.png","type":"image\/png"}],"author":"aleks","twitter_card":"summary_large_image","schema":{"@context":"https:\/\/schema.org","@graph":[{"@type":"Article","@id":"https:\/\/www.meydan.tv\/az\/article\/kitabci-hec-olmasa-bizi-cerimelemeyin-bize-sans-yaradin-imkan-yaradin\/#article","isPartOf":{"@id":"https:\/\/www.meydan.tv\/az\/article\/kitabci-hec-olmasa-bizi-cerimelemeyin-bize-sans-yaradin-imkan-yaradin\/"},"author":{"name":"aleks","@id":"https:\/\/www.meydan.tv\/az\/#\/schema\/person\/476e9360e593fa131d5d71d51866f8da"},"headline":"Kitab\u00e7\u0131: &#8220;He\u00e7 olmasa bizi c\u0259rim\u0259l\u0259m\u0259yin, biz\u0259 \u015fans yarad\u0131n, imkan yarad\u0131n&#8221;","datePublished":"2023-11-15T13:22:26+00:00","dateModified":"2023-11-15T15:54:53+00:00","mainEntityOfPage":{"@id":"https:\/\/www.meydan.tv\/az\/article\/kitabci-hec-olmasa-bizi-cerimelemeyin-bize-sans-yaradin-imkan-yaradin\/"},"wordCount":790,"publisher":{"@id":"https:\/\/www.meydan.tv\/az\/#organization"},"image":{"@id":"https:\/\/www.meydan.tv\/az\/article\/kitabci-hec-olmasa-bizi-cerimelemeyin-bize-sans-yaradin-imkan-yaradin\/#primaryimage"},"thumbnailUrl":"https:\/\/www.meydan.tv\/wp-content\/uploads\/reportaj-cover-2-12.png","articleSection":["M\u0259d\u0259niyy\u0259t","Video"],"inLanguage":"az"},{"@type":"WebPage","@id":"https:\/\/www.meydan.tv\/az\/article\/kitabci-hec-olmasa-bizi-cerimelemeyin-bize-sans-yaradin-imkan-yaradin\/","url":"https:\/\/www.meydan.tv\/az\/article\/kitabci-hec-olmasa-bizi-cerimelemeyin-bize-sans-yaradin-imkan-yaradin\/","name":"Kitab\u00e7\u0131: \"He\u00e7 olmasa bizi c\u0259rim\u0259l\u0259m\u0259yin, biz\u0259 \u015fans yarad\u0131n, imkan yarad\u0131n\" - MEYDAN.TV","isPartOf":{"@id":"https:\/\/www.meydan.tv\/az\/#website"},"primaryImageOfPage":{"@id":"https:\/\/www.meydan.tv\/az\/article\/kitabci-hec-olmasa-bizi-cerimelemeyin-bize-sans-yaradin-imkan-yaradin\/#primaryimage"},"image":{"@id":"https:\/\/www.meydan.tv\/az\/article\/kitabci-hec-olmasa-bizi-cerimelemeyin-bize-sans-yaradin-imkan-yaradin\/#primaryimage"},"thumbnailUrl":"https:\/\/www.meydan.tv\/wp-content\/uploads\/reportaj-cover-2-12.png","datePublished":"2023-11-15T13:22:26+00:00","dateModified":"2023-11-15T15:54:53+00:00","breadcrumb":{"@id":"https:\/\/www.meydan.tv\/az\/article\/kitabci-hec-olmasa-bizi-cerimelemeyin-bize-sans-yaradin-imkan-yaradin\/#breadcrumb"},"inLanguage":"az","potentialAction":[{"@type":"ReadAction","target":["https:\/\/www.meydan.tv\/az\/article\/kitabci-hec-olmasa-bizi-cerimelemeyin-bize-sans-yaradin-imkan-yaradin\/"]}]},{"@type":"ImageObject","inLanguage":"az","@id":"https:\/\/www.meydan.tv\/az\/article\/kitabci-hec-olmasa-bizi-cerimelemeyin-bize-sans-yaradin-imkan-yaradin\/#primaryimage","url":"https:\/\/www.meydan.tv\/wp-content\/uploads\/reportaj-cover-2-12.png","contentUrl":"https:\/\/www.meydan.tv\/wp-content\/uploads\/reportaj-cover-2-12.png","width":1280,"height":720},{"@type":"BreadcrumbList","@id":"https:\/\/www.meydan.tv\/az\/article\/kitabci-hec-olmasa-bizi-cerimelemeyin-bize-sans-yaradin-imkan-yaradin\/#breadcrumb","itemListElement":[{"@type":"ListItem","position":1,"name":"Ana s\u0259hif\u0259","item":"https:\/\/www.meydan.tv\/az\/"},{"@type":"ListItem","position":2,"name":"Video","item":"https:\/\/www.meydan.tv\/az\/section\/video-2\/"},{"@type":"ListItem","position":3,"name":"Kitab\u00e7\u0131: &#8220;He\u00e7 olmasa bizi c\u0259rim\u0259l\u0259m\u0259yin, biz\u0259 \u015fans yarad\u0131n, imkan yarad\u0131n&#8221;"}]},{"@type":"WebSite","@id":"https:\/\/www.meydan.tv\/az\/#website","url":"https:\/\/www.meydan.tv\/az\/","name":"MEYDAN.TV","description":"Meydan TV Az\u0259rbaycan\u0131n media m\u0259kan\u0131ndak\u0131 alternativ s\u0259sidir","publisher":{"@id":"https:\/\/www.meydan.tv\/az\/#organization"},"potentialAction":[{"@type":"SearchAction","target":{"@type":"EntryPoint","urlTemplate":"https:\/\/www.meydan.tv\/az\/?s={search_term_string}"},"query-input":{"@type":"PropertyValueSpecification","valueRequired":true,"valueName":"search_term_string"}}],"inLanguage":"az"},{"@type":"Organization","@id":"https:\/\/www.meydan.tv\/az\/#organization","name":"Meydan TV","url":"https:\/\/www.meydan.tv\/az\/","logo":{"@type":"ImageObject","inLanguage":"az","@id":"https:\/\/www.meydan.tv\/az\/#\/schema\/logo\/image\/","url":"https:\/\/www.meydan.tv\/wp-content\/uploads\/2021\/07\/meydan-logo.svg","contentUrl":"https:\/\/www.meydan.tv\/wp-content\/uploads\/2021\/07\/meydan-logo.svg","width":195,"height":46,"caption":"Meydan TV"},"image":{"@id":"https:\/\/www.meydan.tv\/az\/#\/schema\/logo\/image\/"}},{"@type":"Person","@id":"https:\/\/www.meydan.tv\/az\/#\/schema\/person\/476e9360e593fa131d5d71d51866f8da","name":"aleks"}]}},"_links":{"self":[{"href":"https:\/\/www.meydan.tv\/az\/wp-json\/wp\/v2\/posts\/290457","targetHints":{"allow":["GET"]}}],"collection":[{"href":"https:\/\/www.meydan.tv\/az\/wp-json\/wp\/v2\/posts"}],"about":[{"href":"https:\/\/www.meydan.tv\/az\/wp-json\/wp\/v2\/types\/post"}],"author":[{"embeddable":true,"href":"https:\/\/www.meydan.tv\/az\/wp-json\/wp\/v2\/users\/12"}],"replies":[{"embeddable":true,"href":"https:\/\/www.meydan.tv\/az\/wp-json\/wp\/v2\/comments?post=290457"}],"version-history":[{"count":5,"href":"https:\/\/www.meydan.tv\/az\/wp-json\/wp\/v2\/posts\/290457\/revisions"}],"predecessor-version":[{"id":290488,"href":"https:\/\/www.meydan.tv\/az\/wp-json\/wp\/v2\/posts\/290457\/revisions\/290488"}],"wp:featuredmedia":[{"embeddable":true,"href":"https:\/\/www.meydan.tv\/az\/wp-json\/wp\/v2\/media\/290461"}],"wp:attachment":[{"href":"https:\/\/www.meydan.tv\/az\/wp-json\/wp\/v2\/media?parent=290457"}],"wp:term":[{"taxonomy":"category","embeddable":true,"href":"https:\/\/www.meydan.tv\/az\/wp-json\/wp\/v2\/categories?post=290457"},{"taxonomy":"post_tag","embeddable":true,"href":"https:\/\/www.meydan.tv\/az\/wp-json\/wp\/v2\/tags?post=290457"}],"curies":[{"name":"wp","href":"https:\/\/api.w.org\/{rel}","templated":true}]}}