{"id":290437,"date":"2023-11-15T16:19:23","date_gmt":"2023-11-15T12:19:23","guid":{"rendered":"https:\/\/www.meydan.tv\/?p=290437"},"modified":"2023-11-15T16:19:26","modified_gmt":"2023-11-15T12:19:26","slug":"deputat-ucuslar-zamani-aile-uzvlerinin-de-vip-salondan-istifade-etmesini-isteyir","status":"publish","type":"post","link":"https:\/\/www.meydan.tv\/az\/article\/deputat-ucuslar-zamani-aile-uzvlerinin-de-vip-salondan-istifade-etmesini-isteyir\/","title":{"rendered":"Deputat u\u00e7u\u015flar zaman\u0131 ail\u0259 \u00fczvl\u0259rinin d\u0259 V\u0130P salondan istifad\u0259 etm\u0259sini ist\u0259yir"},"content":{"rendered":"\n<p><strong><em>Sabir R\u00fcst\u0259mxanl\u0131: \u201cBu m\u0259s\u0259l\u0259 aidiyy\u0259ti qurumlar qar\u015f\u0131s\u0131nda qald\u0131r\u0131lmal\u0131d\u0131r\u201d<\/em><\/strong><\/p>\n\n\n\n<p>V\u0259t\u0259nda\u015f H\u0259mr\u0259yliyi Partiyas\u0131n\u0131n s\u0259dri, mill\u0259t v\u0259kili Sabir R\u00fcst\u0259mxanl\u0131 xaric\u0259 u\u00e7u\u015flar zaman\u0131 deputatlar\u0131n ail\u0259 \u00fczvl\u0259rinin d\u0259 V\u0130P (\u201cVery Important Person\u201d- x\u00fcsusi \u0259h\u0259miyy\u0259tli \u015f\u0259xs) salondan istifad\u0259 etm\u0259sini ist\u0259yir.<\/p>\n\n\n\n<p>\u201cAz\u0259rbaycan Respublikas\u0131 Milli M\u0259clisinin 2024-c\u00fc il \u00fc\u00e7\u00fcn x\u0259rcl\u0259r smetas\u0131 haqq\u0131nda\u201d Milli M\u0259clisin q\u0259rar layih\u0259sinin m\u00fczakir\u0259si zaman\u0131 deputat deyib ki, \u0259vv\u0259ll\u0259r bu qayda olub v\u0259 yenid\u0259n b\u0259rpa edilm\u0259lidir:<\/p>\n\n\n\n<p><em>\u201c\u018fvv\u0259ll\u0259r mill\u0259t v\u0259kill\u0259ri diplomatik pasportla xarici \u00f6lk\u0259l\u0259r\u0259 ged\u0259nd\u0259 ail\u0259 \u00fczvl\u0259rini d\u0259 \u00f6zl\u0259ri il\u0259 apara bilirdil\u0259r. Sonra onlar\u0131n \u00f6zl\u0259ri olmadan da \u00f6vladlar\u0131 v\u0259 h\u0259yat yolda\u015f\u0131 VIP salondan istifad\u0259 ed\u0259 bilirdi. Bu qanun h\u0259r yerd\u0259 eynidir. H\u0259tta \u0259vv\u0259l deputat olub, sonra olmayanlar da VIP salondan istifad\u0259 ed\u0259 bilirdi. \u0130ndi qayda bel\u0259dir ki, \u00f6z\u00fcn gedirs\u0259ns\u0259, istifad\u0259 ed\u0259 bil\u0259rs\u0259n, amma ail\u0259 \u00fczvl\u0259ri t\u0259k gedirs\u0259, VIP salona daxil ola bilm\u0259z\u201d.<\/em><\/p>\n\n\n\n<p>O bildirib ki, bu m\u0259s\u0259l\u0259d\u0259 deputatlara f\u0259rqli m\u00fcnasib\u0259t var:<\/p>\n\n\n\n<p><em>\u201cVIP salonlardan ticar\u0259t adamlar\u0131, v\u0259zif\u0259li \u015f\u0259xsl\u0259rin qohumlar\u0131 rahat istifad\u0259 ed\u0259 bilir, amma deputatlar bu h\u00fcquqdan istifad\u0259 ed\u0259 bilmir. Niy\u0259 bel\u0259 \u00f6gey m\u00fcnasib\u0259t olmal\u0131d\u0131r? M\u0259n ist\u0259yir\u0259m ki, bu m\u0259s\u0259l\u0259 bizim aidiyy\u0259ti orqanlar\u0131n qar\u015f\u0131s\u0131nda qald\u0131r\u0131ls\u0131n\u201d.<\/em><\/p>\n\n\n\n<p>Milli M\u0259clisin bu g\u00fcn ke\u00e7iril\u0259n plenar iclas\u0131nda 2024-c\u00fc ilin d\u00f6vl\u0259t b\u00fcdc\u0259si z\u0259rfinin ilk oxunu\u015fda m\u00fczakir\u0259si ba\u015fa \u00e7at\u0131b.<\/p>\n\n\n\n<p>Deputatlar g\u0259l\u0259n ilin b\u00fcdc\u0259si il\u0259 ba\u011fl\u0131 t\u0259klifl\u0259rini s\u0259sl\u0259ndiribl\u0259r.<\/p>\n\n\n\n<p>Daha sonra b\u00fcdc\u0259 z\u0259rfin\u0259 daxil olan qanunlar birinci oxunu\u015fda s\u0259sverm\u0259y\u0259 \u00e7\u0131xar\u0131laraq q\u0259bul olunub.<\/p>\n","protected":false},"excerpt":{"rendered":"<p>Sabir R\u00fcst\u0259mxanl\u0131: \u201cBu m\u0259s\u0259l\u0259 aidiyy\u0259ti qurumlar qar\u015f\u0131s\u0131nda qald\u0131r\u0131lmal\u0131d\u0131r\u201d V\u0259t\u0259nda\u015f H\u0259mr\u0259yliyi &#8230; <\/p>\n<p class=\"read-more-container\"><a title=\"Deputat u\u00e7u\u015flar zaman\u0131 ail\u0259 \u00fczvl\u0259rinin d\u0259 V\u0130P salondan istifad\u0259 etm\u0259sini ist\u0259yir\" class=\"read-more button\" href=\"https:\/\/www.meydan.tv\/az\/article\/deputat-ucuslar-zamani-aile-uzvlerinin-de-vip-salondan-istifade-etmesini-isteyir\/#more-290437\" aria-label=\"Read more about Deputat u\u00e7u\u015flar zaman\u0131 ail\u0259 \u00fczvl\u0259rinin d\u0259 V\u0130P salondan istifad\u0259 etm\u0259sini ist\u0259yir\">Davam\u0131<\/a><\/p>\n","protected":false},"author":8,"featured_media":226034,"comment_status":"closed","ping_status":"closed","sticky":false,"template":"","format":"standard","meta":{"_acf_changed":false,"_sitemap_exclude":false,"_sitemap_priority":"","_sitemap_frequency":"","footnotes":""},"categories":[62,56],"tags":[],"class_list":["post-290437","post","type-post","status-publish","format-standard","has-post-thumbnail","hentry","category-sosial","category-xeberler","infinite-scroll-item","generate-columns","tablet-grid-50","mobile-grid-100","grid-parent","grid-33","no-featured-image-padding"],"acf":[],"yoast_head":"<!-- This site is optimized with the Yoast SEO plugin v27.5 - https:\/\/yoast.com\/product\/yoast-seo-wordpress\/ -->\n<title>Deputat u\u00e7u\u015flar zaman\u0131 ail\u0259 \u00fczvl\u0259rinin d\u0259 V\u0130P salondan istifad\u0259 etm\u0259sini ist\u0259yir - MEYDAN.TV<\/title>\n<meta name=\"robots\" content=\"index, follow, max-snippet:-1, max-image-preview:large, max-video-preview:-1\" \/>\n<link rel=\"canonical\" href=\"https:\/\/www.meydan.tv\/az\/article\/deputat-ucuslar-zamani-aile-uzvlerinin-de-vip-salondan-istifade-etmesini-isteyir\/\" \/>\n<meta property=\"og:locale\" content=\"az_AZ\" \/>\n<meta property=\"og:type\" content=\"article\" \/>\n<meta property=\"og:title\" content=\"Deputat u\u00e7u\u015flar zaman\u0131 ail\u0259 \u00fczvl\u0259rinin d\u0259 V\u0130P salondan istifad\u0259 etm\u0259sini ist\u0259yir - MEYDAN.TV\" \/>\n<meta property=\"og:description\" content=\"Sabir R\u00fcst\u0259mxanl\u0131: \u201cBu m\u0259s\u0259l\u0259 aidiyy\u0259ti qurumlar qar\u015f\u0131s\u0131nda qald\u0131r\u0131lmal\u0131d\u0131r\u201d V\u0259t\u0259nda\u015f H\u0259mr\u0259yliyi ... Davam\u0131\" \/>\n<meta property=\"og:url\" content=\"https:\/\/www.meydan.tv\/az\/article\/deputat-ucuslar-zamani-aile-uzvlerinin-de-vip-salondan-istifade-etmesini-isteyir\/\" \/>\n<meta property=\"og:site_name\" content=\"MEYDAN.TV\" \/>\n<meta property=\"article:published_time\" content=\"2023-11-15T12:19:23+00:00\" \/>\n<meta property=\"article:modified_time\" content=\"2023-11-15T12:19:26+00:00\" \/>\n<meta property=\"og:image\" content=\"https:\/\/www.meydan.tv\/wp-content\/uploads\/untitled-design-11-1.png\" \/>\n\t<meta property=\"og:image:width\" content=\"1200\" \/>\n\t<meta property=\"og:image:height\" content=\"800\" \/>\n\t<meta property=\"og:image:type\" content=\"image\/png\" \/>\n<meta name=\"author\" content=\"elli\" \/>\n<meta name=\"twitter:card\" content=\"summary_large_image\" \/>\n<meta name=\"twitter:creator\" content=\"@elli\" \/>\n<script type=\"application\/ld+json\" class=\"yoast-schema-graph\">{\"@context\":\"https:\\\/\\\/schema.org\",\"@graph\":[{\"@type\":\"Article\",\"@id\":\"https:\\\/\\\/www.meydan.tv\\\/az\\\/article\\\/deputat-ucuslar-zamani-aile-uzvlerinin-de-vip-salondan-istifade-etmesini-isteyir\\\/#article\",\"isPartOf\":{\"@id\":\"https:\\\/\\\/www.meydan.tv\\\/az\\\/article\\\/deputat-ucuslar-zamani-aile-uzvlerinin-de-vip-salondan-istifade-etmesini-isteyir\\\/\"},\"author\":{\"name\":\"elli\",\"@id\":\"https:\\\/\\\/www.meydan.tv\\\/az\\\/#\\\/schema\\\/person\\\/9cdbecf90d17180ce1dfbd95b08dcf47\"},\"headline\":\"Deputat u\u00e7u\u015flar zaman\u0131 ail\u0259 \u00fczvl\u0259rinin d\u0259 V\u0130P salondan istifad\u0259 etm\u0259sini ist\u0259yir\",\"datePublished\":\"2023-11-15T12:19:23+00:00\",\"dateModified\":\"2023-11-15T12:19:26+00:00\",\"mainEntityOfPage\":{\"@id\":\"https:\\\/\\\/www.meydan.tv\\\/az\\\/article\\\/deputat-ucuslar-zamani-aile-uzvlerinin-de-vip-salondan-istifade-etmesini-isteyir\\\/\"},\"wordCount\":355,\"publisher\":{\"@id\":\"https:\\\/\\\/www.meydan.tv\\\/az\\\/#organization\"},\"image\":{\"@id\":\"https:\\\/\\\/www.meydan.tv\\\/az\\\/article\\\/deputat-ucuslar-zamani-aile-uzvlerinin-de-vip-salondan-istifade-etmesini-isteyir\\\/#primaryimage\"},\"thumbnailUrl\":\"https:\\\/\\\/www.meydan.tv\\\/wp-content\\\/uploads\\\/untitled-design-11-1.png\",\"articleSection\":[\"Sosial\",\"X\u0259b\u0259rl\u0259r\"],\"inLanguage\":\"az\"},{\"@type\":\"WebPage\",\"@id\":\"https:\\\/\\\/www.meydan.tv\\\/az\\\/article\\\/deputat-ucuslar-zamani-aile-uzvlerinin-de-vip-salondan-istifade-etmesini-isteyir\\\/\",\"url\":\"https:\\\/\\\/www.meydan.tv\\\/az\\\/article\\\/deputat-ucuslar-zamani-aile-uzvlerinin-de-vip-salondan-istifade-etmesini-isteyir\\\/\",\"name\":\"Deputat u\u00e7u\u015flar zaman\u0131 ail\u0259 \u00fczvl\u0259rinin d\u0259 V\u0130P salondan istifad\u0259 etm\u0259sini ist\u0259yir - MEYDAN.TV\",\"isPartOf\":{\"@id\":\"https:\\\/\\\/www.meydan.tv\\\/az\\\/#website\"},\"primaryImageOfPage\":{\"@id\":\"https:\\\/\\\/www.meydan.tv\\\/az\\\/article\\\/deputat-ucuslar-zamani-aile-uzvlerinin-de-vip-salondan-istifade-etmesini-isteyir\\\/#primaryimage\"},\"image\":{\"@id\":\"https:\\\/\\\/www.meydan.tv\\\/az\\\/article\\\/deputat-ucuslar-zamani-aile-uzvlerinin-de-vip-salondan-istifade-etmesini-isteyir\\\/#primaryimage\"},\"thumbnailUrl\":\"https:\\\/\\\/www.meydan.tv\\\/wp-content\\\/uploads\\\/untitled-design-11-1.png\",\"datePublished\":\"2023-11-15T12:19:23+00:00\",\"dateModified\":\"2023-11-15T12:19:26+00:00\",\"breadcrumb\":{\"@id\":\"https:\\\/\\\/www.meydan.tv\\\/az\\\/article\\\/deputat-ucuslar-zamani-aile-uzvlerinin-de-vip-salondan-istifade-etmesini-isteyir\\\/#breadcrumb\"},\"inLanguage\":\"az\",\"potentialAction\":[{\"@type\":\"ReadAction\",\"target\":[\"https:\\\/\\\/www.meydan.tv\\\/az\\\/article\\\/deputat-ucuslar-zamani-aile-uzvlerinin-de-vip-salondan-istifade-etmesini-isteyir\\\/\"]}]},{\"@type\":\"ImageObject\",\"inLanguage\":\"az\",\"@id\":\"https:\\\/\\\/www.meydan.tv\\\/az\\\/article\\\/deputat-ucuslar-zamani-aile-uzvlerinin-de-vip-salondan-istifade-etmesini-isteyir\\\/#primaryimage\",\"url\":\"https:\\\/\\\/www.meydan.tv\\\/wp-content\\\/uploads\\\/untitled-design-11-1.png\",\"contentUrl\":\"https:\\\/\\\/www.meydan.tv\\\/wp-content\\\/uploads\\\/untitled-design-11-1.png\",\"width\":1200,\"height\":800,\"caption\":\"Foto: Meydan TV\"},{\"@type\":\"BreadcrumbList\",\"@id\":\"https:\\\/\\\/www.meydan.tv\\\/az\\\/article\\\/deputat-ucuslar-zamani-aile-uzvlerinin-de-vip-salondan-istifade-etmesini-isteyir\\\/#breadcrumb\",\"itemListElement\":[{\"@type\":\"ListItem\",\"position\":1,\"name\":\"Ana s\u0259hif\u0259\",\"item\":\"https:\\\/\\\/www.meydan.tv\\\/az\\\/\"},{\"@type\":\"ListItem\",\"position\":2,\"name\":\"Sosial\",\"item\":\"https:\\\/\\\/www.meydan.tv\\\/az\\\/section\\\/sosial\\\/\"},{\"@type\":\"ListItem\",\"position\":3,\"name\":\"Deputat u\u00e7u\u015flar zaman\u0131 ail\u0259 \u00fczvl\u0259rinin d\u0259 V\u0130P salondan istifad\u0259 etm\u0259sini ist\u0259yir\"}]},{\"@type\":\"WebSite\",\"@id\":\"https:\\\/\\\/www.meydan.tv\\\/az\\\/#website\",\"url\":\"https:\\\/\\\/www.meydan.tv\\\/az\\\/\",\"name\":\"MEYDAN.TV\",\"description\":\"Meydan TV Az\u0259rbaycan\u0131n media m\u0259kan\u0131ndak\u0131 alternativ s\u0259sidir\",\"publisher\":{\"@id\":\"https:\\\/\\\/www.meydan.tv\\\/az\\\/#organization\"},\"potentialAction\":[{\"@type\":\"SearchAction\",\"target\":{\"@type\":\"EntryPoint\",\"urlTemplate\":\"https:\\\/\\\/www.meydan.tv\\\/az\\\/?s={search_term_string}\"},\"query-input\":{\"@type\":\"PropertyValueSpecification\",\"valueRequired\":true,\"valueName\":\"search_term_string\"}}],\"inLanguage\":\"az\"},{\"@type\":\"Organization\",\"@id\":\"https:\\\/\\\/www.meydan.tv\\\/az\\\/#organization\",\"name\":\"Meydan TV\",\"url\":\"https:\\\/\\\/www.meydan.tv\\\/az\\\/\",\"logo\":{\"@type\":\"ImageObject\",\"inLanguage\":\"az\",\"@id\":\"https:\\\/\\\/www.meydan.tv\\\/az\\\/#\\\/schema\\\/logo\\\/image\\\/\",\"url\":\"https:\\\/\\\/www.meydan.tv\\\/wp-content\\\/uploads\\\/2021\\\/07\\\/meydan-logo.svg\",\"contentUrl\":\"https:\\\/\\\/www.meydan.tv\\\/wp-content\\\/uploads\\\/2021\\\/07\\\/meydan-logo.svg\",\"width\":195,\"height\":46,\"caption\":\"Meydan TV\"},\"image\":{\"@id\":\"https:\\\/\\\/www.meydan.tv\\\/az\\\/#\\\/schema\\\/logo\\\/image\\\/\"}},{\"@type\":\"Person\",\"@id\":\"https:\\\/\\\/www.meydan.tv\\\/az\\\/#\\\/schema\\\/person\\\/9cdbecf90d17180ce1dfbd95b08dcf47\",\"name\":\"elli\",\"sameAs\":[\"https:\\\/\\\/x.com\\\/elli\"]}]}<\/script>\n<!-- \/ Yoast SEO plugin. -->","yoast_head_json":{"title":"Deputat u\u00e7u\u015flar zaman\u0131 ail\u0259 \u00fczvl\u0259rinin d\u0259 V\u0130P salondan istifad\u0259 etm\u0259sini ist\u0259yir - MEYDAN.TV","robots":{"index":"index","follow":"follow","max-snippet":"max-snippet:-1","max-image-preview":"max-image-preview:large","max-video-preview":"max-video-preview:-1"},"canonical":"https:\/\/www.meydan.tv\/az\/article\/deputat-ucuslar-zamani-aile-uzvlerinin-de-vip-salondan-istifade-etmesini-isteyir\/","og_locale":"az_AZ","og_type":"article","og_title":"Deputat u\u00e7u\u015flar zaman\u0131 ail\u0259 \u00fczvl\u0259rinin d\u0259 V\u0130P salondan istifad\u0259 etm\u0259sini ist\u0259yir - MEYDAN.TV","og_description":"Sabir R\u00fcst\u0259mxanl\u0131: \u201cBu m\u0259s\u0259l\u0259 aidiyy\u0259ti qurumlar qar\u015f\u0131s\u0131nda qald\u0131r\u0131lmal\u0131d\u0131r\u201d V\u0259t\u0259nda\u015f H\u0259mr\u0259yliyi ... Davam\u0131","og_url":"https:\/\/www.meydan.tv\/az\/article\/deputat-ucuslar-zamani-aile-uzvlerinin-de-vip-salondan-istifade-etmesini-isteyir\/","og_site_name":"MEYDAN.TV","article_published_time":"2023-11-15T12:19:23+00:00","article_modified_time":"2023-11-15T12:19:26+00:00","og_image":[{"width":1200,"height":800,"url":"https:\/\/www.meydan.tv\/wp-content\/uploads\/untitled-design-11-1.png","type":"image\/png"}],"author":"elli","twitter_card":"summary_large_image","twitter_creator":"@elli","schema":{"@context":"https:\/\/schema.org","@graph":[{"@type":"Article","@id":"https:\/\/www.meydan.tv\/az\/article\/deputat-ucuslar-zamani-aile-uzvlerinin-de-vip-salondan-istifade-etmesini-isteyir\/#article","isPartOf":{"@id":"https:\/\/www.meydan.tv\/az\/article\/deputat-ucuslar-zamani-aile-uzvlerinin-de-vip-salondan-istifade-etmesini-isteyir\/"},"author":{"name":"elli","@id":"https:\/\/www.meydan.tv\/az\/#\/schema\/person\/9cdbecf90d17180ce1dfbd95b08dcf47"},"headline":"Deputat u\u00e7u\u015flar zaman\u0131 ail\u0259 \u00fczvl\u0259rinin d\u0259 V\u0130P salondan istifad\u0259 etm\u0259sini ist\u0259yir","datePublished":"2023-11-15T12:19:23+00:00","dateModified":"2023-11-15T12:19:26+00:00","mainEntityOfPage":{"@id":"https:\/\/www.meydan.tv\/az\/article\/deputat-ucuslar-zamani-aile-uzvlerinin-de-vip-salondan-istifade-etmesini-isteyir\/"},"wordCount":355,"publisher":{"@id":"https:\/\/www.meydan.tv\/az\/#organization"},"image":{"@id":"https:\/\/www.meydan.tv\/az\/article\/deputat-ucuslar-zamani-aile-uzvlerinin-de-vip-salondan-istifade-etmesini-isteyir\/#primaryimage"},"thumbnailUrl":"https:\/\/www.meydan.tv\/wp-content\/uploads\/untitled-design-11-1.png","articleSection":["Sosial","X\u0259b\u0259rl\u0259r"],"inLanguage":"az"},{"@type":"WebPage","@id":"https:\/\/www.meydan.tv\/az\/article\/deputat-ucuslar-zamani-aile-uzvlerinin-de-vip-salondan-istifade-etmesini-isteyir\/","url":"https:\/\/www.meydan.tv\/az\/article\/deputat-ucuslar-zamani-aile-uzvlerinin-de-vip-salondan-istifade-etmesini-isteyir\/","name":"Deputat u\u00e7u\u015flar zaman\u0131 ail\u0259 \u00fczvl\u0259rinin d\u0259 V\u0130P salondan istifad\u0259 etm\u0259sini ist\u0259yir - MEYDAN.TV","isPartOf":{"@id":"https:\/\/www.meydan.tv\/az\/#website"},"primaryImageOfPage":{"@id":"https:\/\/www.meydan.tv\/az\/article\/deputat-ucuslar-zamani-aile-uzvlerinin-de-vip-salondan-istifade-etmesini-isteyir\/#primaryimage"},"image":{"@id":"https:\/\/www.meydan.tv\/az\/article\/deputat-ucuslar-zamani-aile-uzvlerinin-de-vip-salondan-istifade-etmesini-isteyir\/#primaryimage"},"thumbnailUrl":"https:\/\/www.meydan.tv\/wp-content\/uploads\/untitled-design-11-1.png","datePublished":"2023-11-15T12:19:23+00:00","dateModified":"2023-11-15T12:19:26+00:00","breadcrumb":{"@id":"https:\/\/www.meydan.tv\/az\/article\/deputat-ucuslar-zamani-aile-uzvlerinin-de-vip-salondan-istifade-etmesini-isteyir\/#breadcrumb"},"inLanguage":"az","potentialAction":[{"@type":"ReadAction","target":["https:\/\/www.meydan.tv\/az\/article\/deputat-ucuslar-zamani-aile-uzvlerinin-de-vip-salondan-istifade-etmesini-isteyir\/"]}]},{"@type":"ImageObject","inLanguage":"az","@id":"https:\/\/www.meydan.tv\/az\/article\/deputat-ucuslar-zamani-aile-uzvlerinin-de-vip-salondan-istifade-etmesini-isteyir\/#primaryimage","url":"https:\/\/www.meydan.tv\/wp-content\/uploads\/untitled-design-11-1.png","contentUrl":"https:\/\/www.meydan.tv\/wp-content\/uploads\/untitled-design-11-1.png","width":1200,"height":800,"caption":"Foto: Meydan TV"},{"@type":"BreadcrumbList","@id":"https:\/\/www.meydan.tv\/az\/article\/deputat-ucuslar-zamani-aile-uzvlerinin-de-vip-salondan-istifade-etmesini-isteyir\/#breadcrumb","itemListElement":[{"@type":"ListItem","position":1,"name":"Ana s\u0259hif\u0259","item":"https:\/\/www.meydan.tv\/az\/"},{"@type":"ListItem","position":2,"name":"Sosial","item":"https:\/\/www.meydan.tv\/az\/section\/sosial\/"},{"@type":"ListItem","position":3,"name":"Deputat u\u00e7u\u015flar zaman\u0131 ail\u0259 \u00fczvl\u0259rinin d\u0259 V\u0130P salondan istifad\u0259 etm\u0259sini ist\u0259yir"}]},{"@type":"WebSite","@id":"https:\/\/www.meydan.tv\/az\/#website","url":"https:\/\/www.meydan.tv\/az\/","name":"MEYDAN.TV","description":"Meydan TV Az\u0259rbaycan\u0131n media m\u0259kan\u0131ndak\u0131 alternativ s\u0259sidir","publisher":{"@id":"https:\/\/www.meydan.tv\/az\/#organization"},"potentialAction":[{"@type":"SearchAction","target":{"@type":"EntryPoint","urlTemplate":"https:\/\/www.meydan.tv\/az\/?s={search_term_string}"},"query-input":{"@type":"PropertyValueSpecification","valueRequired":true,"valueName":"search_term_string"}}],"inLanguage":"az"},{"@type":"Organization","@id":"https:\/\/www.meydan.tv\/az\/#organization","name":"Meydan TV","url":"https:\/\/www.meydan.tv\/az\/","logo":{"@type":"ImageObject","inLanguage":"az","@id":"https:\/\/www.meydan.tv\/az\/#\/schema\/logo\/image\/","url":"https:\/\/www.meydan.tv\/wp-content\/uploads\/2021\/07\/meydan-logo.svg","contentUrl":"https:\/\/www.meydan.tv\/wp-content\/uploads\/2021\/07\/meydan-logo.svg","width":195,"height":46,"caption":"Meydan TV"},"image":{"@id":"https:\/\/www.meydan.tv\/az\/#\/schema\/logo\/image\/"}},{"@type":"Person","@id":"https:\/\/www.meydan.tv\/az\/#\/schema\/person\/9cdbecf90d17180ce1dfbd95b08dcf47","name":"elli","sameAs":["https:\/\/x.com\/elli"]}]}},"_links":{"self":[{"href":"https:\/\/www.meydan.tv\/az\/wp-json\/wp\/v2\/posts\/290437","targetHints":{"allow":["GET"]}}],"collection":[{"href":"https:\/\/www.meydan.tv\/az\/wp-json\/wp\/v2\/posts"}],"about":[{"href":"https:\/\/www.meydan.tv\/az\/wp-json\/wp\/v2\/types\/post"}],"author":[{"embeddable":true,"href":"https:\/\/www.meydan.tv\/az\/wp-json\/wp\/v2\/users\/8"}],"replies":[{"embeddable":true,"href":"https:\/\/www.meydan.tv\/az\/wp-json\/wp\/v2\/comments?post=290437"}],"version-history":[{"count":3,"href":"https:\/\/www.meydan.tv\/az\/wp-json\/wp\/v2\/posts\/290437\/revisions"}],"predecessor-version":[{"id":290441,"href":"https:\/\/www.meydan.tv\/az\/wp-json\/wp\/v2\/posts\/290437\/revisions\/290441"}],"wp:featuredmedia":[{"embeddable":true,"href":"https:\/\/www.meydan.tv\/az\/wp-json\/wp\/v2\/media\/226034"}],"wp:attachment":[{"href":"https:\/\/www.meydan.tv\/az\/wp-json\/wp\/v2\/media?parent=290437"}],"wp:term":[{"taxonomy":"category","embeddable":true,"href":"https:\/\/www.meydan.tv\/az\/wp-json\/wp\/v2\/categories?post=290437"},{"taxonomy":"post_tag","embeddable":true,"href":"https:\/\/www.meydan.tv\/az\/wp-json\/wp\/v2\/tags?post=290437"}],"curies":[{"name":"wp","href":"https:\/\/api.w.org\/{rel}","templated":true}]}}