{"id":290418,"date":"2023-11-15T13:45:59","date_gmt":"2023-11-15T09:45:59","guid":{"rendered":"https:\/\/www.meydan.tv\/?p=290418"},"modified":"2023-11-15T13:46:02","modified_gmt":"2023-11-15T09:46:02","slug":"qurban-qurbanov-heyatindan-film-cekilib","status":"publish","type":"post","link":"https:\/\/www.meydan.tv\/az\/article\/qurban-qurbanov-heyatindan-film-cekilib\/","title":{"rendered":"Qurban Qurbanovun h\u0259yat\u0131ndan film \u00e7\u0259kilib"},"content":{"rendered":"\n<p><\/p>\n\n\n\n<p><strong><em>Filmd\u0259 futbol m\u00fct\u0259x\u0259ssisinin ayr\u0131-ayr\u0131 ya\u015f d\u00f6vr\u00fcn\u00fc 4 f\u0259rqli aktyor canland\u0131r\u0131b<\/em><\/strong><\/p>\n\n\n\n<p>\u201cQaraba\u011f\u201d\u0131n ba\u015f m\u0259\u015fq\u00e7isi Qurban Qurbanov haqq\u0131nda b\u0259dii film \u00e7\u0259kilib.<\/p>\n\n\n\n<p>\u201cStadionlar s\u0259ssiz olanda\u201d adl\u0131 tammetrajl\u0131 b\u0259dii filmin rejissoru \u018fli S\u0259ttar Quliyevdir.<\/p>\n\n\n\n<p>Rejissor Meydan TV-y\u0259 bildirib ki, filmd\u0259 Qurban Qurbanovun 1980-ci ill\u0259rd\u0259n ba\u015flayaraq h\u0259yat\u0131, futbol\u00e7u karyeras\u0131 v\u0259 \u00c7empionlar Liqas\u0131n\u0131n qrup m\u0259rh\u0259l\u0259sin\u0259 y\u00fcks\u0259lm\u0259sin\u0259 q\u0259d\u0259r m\u0259\u015fq\u00e7ilik f\u0259aliyy\u0259ti g\u00f6st\u0259rilib.<\/p>\n\n\n\n<p>M\u0259\u015fq\u00e7inin m\u00fcxt\u0259lif d\u00f6vrl\u0259rd\u0259 olan obrazlar\u0131n\u0131 S\u0259mimi F\u0259rhad, M\u0259mm\u0259d \u018flili, Na\u011f\u0131 \u018fmir, Amin Ad\u0131g\u00f6z\u0259lov canland\u0131r\u0131b.<\/p>\n\n\n\n<p>\u00c7\u0259kili\u015fl\u0259r Bak\u0131 v\u0259 Zaqatalada apar\u0131l\u0131b.<\/p>\n\n\n\n<p>G\u0259ncl\u0259r v\u0259 \u0130dman Nazirliyinin d\u0259st\u0259yi il\u0259 istehsal olunan film noyabr\u0131n 30-dan etibar\u0259n b\u00fct\u00fcn kinoteatrlarda n\u00fcmayi\u015f olunacaq.<\/p>\n","protected":false},"excerpt":{"rendered":"<p>Filmd\u0259 futbol m\u00fct\u0259x\u0259ssisinin ayr\u0131-ayr\u0131 ya\u015f d\u00f6vr\u00fcn\u00fc 4 f\u0259rqli aktyor canland\u0131r\u0131b &#8230; <\/p>\n<p class=\"read-more-container\"><a title=\"Qurban Qurbanovun h\u0259yat\u0131ndan film \u00e7\u0259kilib\" class=\"read-more button\" href=\"https:\/\/www.meydan.tv\/az\/article\/qurban-qurbanov-heyatindan-film-cekilib\/#more-290418\" aria-label=\"Read more about Qurban Qurbanovun h\u0259yat\u0131ndan film \u00e7\u0259kilib\">Davam\u0131<\/a><\/p>\n","protected":false},"author":8,"featured_media":263356,"comment_status":"closed","ping_status":"closed","sticky":false,"template":"","format":"standard","meta":{"_acf_changed":false,"_sitemap_exclude":false,"_sitemap_priority":"","_sitemap_frequency":"","footnotes":""},"categories":[52,56],"tags":[],"class_list":["post-290418","post","type-post","status-publish","format-standard","has-post-thumbnail","hentry","category-medeniyyet","category-xeberler","infinite-scroll-item","generate-columns","tablet-grid-50","mobile-grid-100","grid-parent","grid-33","no-featured-image-padding"],"acf":[],"yoast_head":"<!-- This site is optimized with the Yoast SEO plugin v27.4 - https:\/\/yoast.com\/product\/yoast-seo-wordpress\/ -->\n<title>Qurban Qurbanovun h\u0259yat\u0131ndan film \u00e7\u0259kilib - MEYDAN.TV<\/title>\n<meta name=\"robots\" content=\"index, follow, max-snippet:-1, max-image-preview:large, max-video-preview:-1\" \/>\n<link rel=\"canonical\" href=\"https:\/\/www.meydan.tv\/az\/article\/qurban-qurbanov-heyatindan-film-cekilib\/\" \/>\n<meta property=\"og:locale\" content=\"az_AZ\" \/>\n<meta property=\"og:type\" content=\"article\" \/>\n<meta property=\"og:title\" content=\"Qurban Qurbanovun h\u0259yat\u0131ndan film \u00e7\u0259kilib - MEYDAN.TV\" \/>\n<meta property=\"og:description\" content=\"Filmd\u0259 futbol m\u00fct\u0259x\u0259ssisinin ayr\u0131-ayr\u0131 ya\u015f d\u00f6vr\u00fcn\u00fc 4 f\u0259rqli aktyor canland\u0131r\u0131b ... Davam\u0131\" \/>\n<meta property=\"og:url\" content=\"https:\/\/www.meydan.tv\/az\/article\/qurban-qurbanov-heyatindan-film-cekilib\/\" \/>\n<meta property=\"og:site_name\" content=\"MEYDAN.TV\" \/>\n<meta property=\"article:published_time\" content=\"2023-11-15T09:45:59+00:00\" \/>\n<meta property=\"article:modified_time\" content=\"2023-11-15T09:46:02+00:00\" \/>\n<meta property=\"og:image\" content=\"https:\/\/www.meydan.tv\/wp-content\/uploads\/318808121_664143875198058_7201620433744168539_n-e1671014263406.jpg\" \/>\n\t<meta property=\"og:image:width\" content=\"1200\" \/>\n\t<meta property=\"og:image:height\" content=\"534\" \/>\n\t<meta property=\"og:image:type\" content=\"image\/jpeg\" \/>\n<meta name=\"author\" content=\"elli\" \/>\n<meta name=\"twitter:card\" content=\"summary_large_image\" \/>\n<meta name=\"twitter:creator\" content=\"@elli\" \/>\n<script type=\"application\/ld+json\" class=\"yoast-schema-graph\">{\"@context\":\"https:\\\/\\\/schema.org\",\"@graph\":[{\"@type\":\"Article\",\"@id\":\"https:\\\/\\\/www.meydan.tv\\\/az\\\/article\\\/qurban-qurbanov-heyatindan-film-cekilib\\\/#article\",\"isPartOf\":{\"@id\":\"https:\\\/\\\/www.meydan.tv\\\/az\\\/article\\\/qurban-qurbanov-heyatindan-film-cekilib\\\/\"},\"author\":{\"name\":\"elli\",\"@id\":\"https:\\\/\\\/www.meydan.tv\\\/az\\\/#\\\/schema\\\/person\\\/9cdbecf90d17180ce1dfbd95b08dcf47\"},\"headline\":\"Qurban Qurbanovun h\u0259yat\u0131ndan film \u00e7\u0259kilib\",\"datePublished\":\"2023-11-15T09:45:59+00:00\",\"dateModified\":\"2023-11-15T09:46:02+00:00\",\"mainEntityOfPage\":{\"@id\":\"https:\\\/\\\/www.meydan.tv\\\/az\\\/article\\\/qurban-qurbanov-heyatindan-film-cekilib\\\/\"},\"wordCount\":162,\"publisher\":{\"@id\":\"https:\\\/\\\/www.meydan.tv\\\/az\\\/#organization\"},\"image\":{\"@id\":\"https:\\\/\\\/www.meydan.tv\\\/az\\\/article\\\/qurban-qurbanov-heyatindan-film-cekilib\\\/#primaryimage\"},\"thumbnailUrl\":\"https:\\\/\\\/www.meydan.tv\\\/wp-content\\\/uploads\\\/318808121_664143875198058_7201620433744168539_n-e1671014263406.jpg\",\"articleSection\":[\"M\u0259d\u0259niyy\u0259t\",\"X\u0259b\u0259rl\u0259r\"],\"inLanguage\":\"az\"},{\"@type\":\"WebPage\",\"@id\":\"https:\\\/\\\/www.meydan.tv\\\/az\\\/article\\\/qurban-qurbanov-heyatindan-film-cekilib\\\/\",\"url\":\"https:\\\/\\\/www.meydan.tv\\\/az\\\/article\\\/qurban-qurbanov-heyatindan-film-cekilib\\\/\",\"name\":\"Qurban Qurbanovun h\u0259yat\u0131ndan film \u00e7\u0259kilib - MEYDAN.TV\",\"isPartOf\":{\"@id\":\"https:\\\/\\\/www.meydan.tv\\\/az\\\/#website\"},\"primaryImageOfPage\":{\"@id\":\"https:\\\/\\\/www.meydan.tv\\\/az\\\/article\\\/qurban-qurbanov-heyatindan-film-cekilib\\\/#primaryimage\"},\"image\":{\"@id\":\"https:\\\/\\\/www.meydan.tv\\\/az\\\/article\\\/qurban-qurbanov-heyatindan-film-cekilib\\\/#primaryimage\"},\"thumbnailUrl\":\"https:\\\/\\\/www.meydan.tv\\\/wp-content\\\/uploads\\\/318808121_664143875198058_7201620433744168539_n-e1671014263406.jpg\",\"datePublished\":\"2023-11-15T09:45:59+00:00\",\"dateModified\":\"2023-11-15T09:46:02+00:00\",\"breadcrumb\":{\"@id\":\"https:\\\/\\\/www.meydan.tv\\\/az\\\/article\\\/qurban-qurbanov-heyatindan-film-cekilib\\\/#breadcrumb\"},\"inLanguage\":\"az\",\"potentialAction\":[{\"@type\":\"ReadAction\",\"target\":[\"https:\\\/\\\/www.meydan.tv\\\/az\\\/article\\\/qurban-qurbanov-heyatindan-film-cekilib\\\/\"]}]},{\"@type\":\"ImageObject\",\"inLanguage\":\"az\",\"@id\":\"https:\\\/\\\/www.meydan.tv\\\/az\\\/article\\\/qurban-qurbanov-heyatindan-film-cekilib\\\/#primaryimage\",\"url\":\"https:\\\/\\\/www.meydan.tv\\\/wp-content\\\/uploads\\\/318808121_664143875198058_7201620433744168539_n-e1671014263406.jpg\",\"contentUrl\":\"https:\\\/\\\/www.meydan.tv\\\/wp-content\\\/uploads\\\/318808121_664143875198058_7201620433744168539_n-e1671014263406.jpg\",\"width\":1200,\"height\":534,\"caption\":\"Qurban Qurbanov. M\u0259nb\u0259: \\\"Qaraba\u011f\\\" klubunun sayt\u0131\"},{\"@type\":\"BreadcrumbList\",\"@id\":\"https:\\\/\\\/www.meydan.tv\\\/az\\\/article\\\/qurban-qurbanov-heyatindan-film-cekilib\\\/#breadcrumb\",\"itemListElement\":[{\"@type\":\"ListItem\",\"position\":1,\"name\":\"Ana s\u0259hif\u0259\",\"item\":\"https:\\\/\\\/www.meydan.tv\\\/az\\\/\"},{\"@type\":\"ListItem\",\"position\":2,\"name\":\"M\u0259d\u0259niyy\u0259t\",\"item\":\"https:\\\/\\\/www.meydan.tv\\\/az\\\/section\\\/medeniyyet\\\/\"},{\"@type\":\"ListItem\",\"position\":3,\"name\":\"Qurban Qurbanovun h\u0259yat\u0131ndan film \u00e7\u0259kilib\"}]},{\"@type\":\"WebSite\",\"@id\":\"https:\\\/\\\/www.meydan.tv\\\/az\\\/#website\",\"url\":\"https:\\\/\\\/www.meydan.tv\\\/az\\\/\",\"name\":\"MEYDAN.TV\",\"description\":\"Meydan TV Az\u0259rbaycan\u0131n media m\u0259kan\u0131ndak\u0131 alternativ s\u0259sidir\",\"publisher\":{\"@id\":\"https:\\\/\\\/www.meydan.tv\\\/az\\\/#organization\"},\"potentialAction\":[{\"@type\":\"SearchAction\",\"target\":{\"@type\":\"EntryPoint\",\"urlTemplate\":\"https:\\\/\\\/www.meydan.tv\\\/az\\\/?s={search_term_string}\"},\"query-input\":{\"@type\":\"PropertyValueSpecification\",\"valueRequired\":true,\"valueName\":\"search_term_string\"}}],\"inLanguage\":\"az\"},{\"@type\":\"Organization\",\"@id\":\"https:\\\/\\\/www.meydan.tv\\\/az\\\/#organization\",\"name\":\"Meydan TV\",\"url\":\"https:\\\/\\\/www.meydan.tv\\\/az\\\/\",\"logo\":{\"@type\":\"ImageObject\",\"inLanguage\":\"az\",\"@id\":\"https:\\\/\\\/www.meydan.tv\\\/az\\\/#\\\/schema\\\/logo\\\/image\\\/\",\"url\":\"https:\\\/\\\/www.meydan.tv\\\/wp-content\\\/uploads\\\/2021\\\/07\\\/meydan-logo.svg\",\"contentUrl\":\"https:\\\/\\\/www.meydan.tv\\\/wp-content\\\/uploads\\\/2021\\\/07\\\/meydan-logo.svg\",\"width\":195,\"height\":46,\"caption\":\"Meydan TV\"},\"image\":{\"@id\":\"https:\\\/\\\/www.meydan.tv\\\/az\\\/#\\\/schema\\\/logo\\\/image\\\/\"}},{\"@type\":\"Person\",\"@id\":\"https:\\\/\\\/www.meydan.tv\\\/az\\\/#\\\/schema\\\/person\\\/9cdbecf90d17180ce1dfbd95b08dcf47\",\"name\":\"elli\",\"sameAs\":[\"https:\\\/\\\/x.com\\\/elli\"]}]}<\/script>\n<!-- \/ Yoast SEO plugin. -->","yoast_head_json":{"title":"Qurban Qurbanovun h\u0259yat\u0131ndan film \u00e7\u0259kilib - MEYDAN.TV","robots":{"index":"index","follow":"follow","max-snippet":"max-snippet:-1","max-image-preview":"max-image-preview:large","max-video-preview":"max-video-preview:-1"},"canonical":"https:\/\/www.meydan.tv\/az\/article\/qurban-qurbanov-heyatindan-film-cekilib\/","og_locale":"az_AZ","og_type":"article","og_title":"Qurban Qurbanovun h\u0259yat\u0131ndan film \u00e7\u0259kilib - MEYDAN.TV","og_description":"Filmd\u0259 futbol m\u00fct\u0259x\u0259ssisinin ayr\u0131-ayr\u0131 ya\u015f d\u00f6vr\u00fcn\u00fc 4 f\u0259rqli aktyor canland\u0131r\u0131b ... Davam\u0131","og_url":"https:\/\/www.meydan.tv\/az\/article\/qurban-qurbanov-heyatindan-film-cekilib\/","og_site_name":"MEYDAN.TV","article_published_time":"2023-11-15T09:45:59+00:00","article_modified_time":"2023-11-15T09:46:02+00:00","og_image":[{"width":1200,"height":534,"url":"https:\/\/www.meydan.tv\/wp-content\/uploads\/318808121_664143875198058_7201620433744168539_n-e1671014263406.jpg","type":"image\/jpeg"}],"author":"elli","twitter_card":"summary_large_image","twitter_creator":"@elli","schema":{"@context":"https:\/\/schema.org","@graph":[{"@type":"Article","@id":"https:\/\/www.meydan.tv\/az\/article\/qurban-qurbanov-heyatindan-film-cekilib\/#article","isPartOf":{"@id":"https:\/\/www.meydan.tv\/az\/article\/qurban-qurbanov-heyatindan-film-cekilib\/"},"author":{"name":"elli","@id":"https:\/\/www.meydan.tv\/az\/#\/schema\/person\/9cdbecf90d17180ce1dfbd95b08dcf47"},"headline":"Qurban Qurbanovun h\u0259yat\u0131ndan film \u00e7\u0259kilib","datePublished":"2023-11-15T09:45:59+00:00","dateModified":"2023-11-15T09:46:02+00:00","mainEntityOfPage":{"@id":"https:\/\/www.meydan.tv\/az\/article\/qurban-qurbanov-heyatindan-film-cekilib\/"},"wordCount":162,"publisher":{"@id":"https:\/\/www.meydan.tv\/az\/#organization"},"image":{"@id":"https:\/\/www.meydan.tv\/az\/article\/qurban-qurbanov-heyatindan-film-cekilib\/#primaryimage"},"thumbnailUrl":"https:\/\/www.meydan.tv\/wp-content\/uploads\/318808121_664143875198058_7201620433744168539_n-e1671014263406.jpg","articleSection":["M\u0259d\u0259niyy\u0259t","X\u0259b\u0259rl\u0259r"],"inLanguage":"az"},{"@type":"WebPage","@id":"https:\/\/www.meydan.tv\/az\/article\/qurban-qurbanov-heyatindan-film-cekilib\/","url":"https:\/\/www.meydan.tv\/az\/article\/qurban-qurbanov-heyatindan-film-cekilib\/","name":"Qurban Qurbanovun h\u0259yat\u0131ndan film \u00e7\u0259kilib - MEYDAN.TV","isPartOf":{"@id":"https:\/\/www.meydan.tv\/az\/#website"},"primaryImageOfPage":{"@id":"https:\/\/www.meydan.tv\/az\/article\/qurban-qurbanov-heyatindan-film-cekilib\/#primaryimage"},"image":{"@id":"https:\/\/www.meydan.tv\/az\/article\/qurban-qurbanov-heyatindan-film-cekilib\/#primaryimage"},"thumbnailUrl":"https:\/\/www.meydan.tv\/wp-content\/uploads\/318808121_664143875198058_7201620433744168539_n-e1671014263406.jpg","datePublished":"2023-11-15T09:45:59+00:00","dateModified":"2023-11-15T09:46:02+00:00","breadcrumb":{"@id":"https:\/\/www.meydan.tv\/az\/article\/qurban-qurbanov-heyatindan-film-cekilib\/#breadcrumb"},"inLanguage":"az","potentialAction":[{"@type":"ReadAction","target":["https:\/\/www.meydan.tv\/az\/article\/qurban-qurbanov-heyatindan-film-cekilib\/"]}]},{"@type":"ImageObject","inLanguage":"az","@id":"https:\/\/www.meydan.tv\/az\/article\/qurban-qurbanov-heyatindan-film-cekilib\/#primaryimage","url":"https:\/\/www.meydan.tv\/wp-content\/uploads\/318808121_664143875198058_7201620433744168539_n-e1671014263406.jpg","contentUrl":"https:\/\/www.meydan.tv\/wp-content\/uploads\/318808121_664143875198058_7201620433744168539_n-e1671014263406.jpg","width":1200,"height":534,"caption":"Qurban Qurbanov. M\u0259nb\u0259: \"Qaraba\u011f\" klubunun sayt\u0131"},{"@type":"BreadcrumbList","@id":"https:\/\/www.meydan.tv\/az\/article\/qurban-qurbanov-heyatindan-film-cekilib\/#breadcrumb","itemListElement":[{"@type":"ListItem","position":1,"name":"Ana s\u0259hif\u0259","item":"https:\/\/www.meydan.tv\/az\/"},{"@type":"ListItem","position":2,"name":"M\u0259d\u0259niyy\u0259t","item":"https:\/\/www.meydan.tv\/az\/section\/medeniyyet\/"},{"@type":"ListItem","position":3,"name":"Qurban Qurbanovun h\u0259yat\u0131ndan film \u00e7\u0259kilib"}]},{"@type":"WebSite","@id":"https:\/\/www.meydan.tv\/az\/#website","url":"https:\/\/www.meydan.tv\/az\/","name":"MEYDAN.TV","description":"Meydan TV Az\u0259rbaycan\u0131n media m\u0259kan\u0131ndak\u0131 alternativ s\u0259sidir","publisher":{"@id":"https:\/\/www.meydan.tv\/az\/#organization"},"potentialAction":[{"@type":"SearchAction","target":{"@type":"EntryPoint","urlTemplate":"https:\/\/www.meydan.tv\/az\/?s={search_term_string}"},"query-input":{"@type":"PropertyValueSpecification","valueRequired":true,"valueName":"search_term_string"}}],"inLanguage":"az"},{"@type":"Organization","@id":"https:\/\/www.meydan.tv\/az\/#organization","name":"Meydan TV","url":"https:\/\/www.meydan.tv\/az\/","logo":{"@type":"ImageObject","inLanguage":"az","@id":"https:\/\/www.meydan.tv\/az\/#\/schema\/logo\/image\/","url":"https:\/\/www.meydan.tv\/wp-content\/uploads\/2021\/07\/meydan-logo.svg","contentUrl":"https:\/\/www.meydan.tv\/wp-content\/uploads\/2021\/07\/meydan-logo.svg","width":195,"height":46,"caption":"Meydan TV"},"image":{"@id":"https:\/\/www.meydan.tv\/az\/#\/schema\/logo\/image\/"}},{"@type":"Person","@id":"https:\/\/www.meydan.tv\/az\/#\/schema\/person\/9cdbecf90d17180ce1dfbd95b08dcf47","name":"elli","sameAs":["https:\/\/x.com\/elli"]}]}},"_links":{"self":[{"href":"https:\/\/www.meydan.tv\/az\/wp-json\/wp\/v2\/posts\/290418","targetHints":{"allow":["GET"]}}],"collection":[{"href":"https:\/\/www.meydan.tv\/az\/wp-json\/wp\/v2\/posts"}],"about":[{"href":"https:\/\/www.meydan.tv\/az\/wp-json\/wp\/v2\/types\/post"}],"author":[{"embeddable":true,"href":"https:\/\/www.meydan.tv\/az\/wp-json\/wp\/v2\/users\/8"}],"replies":[{"embeddable":true,"href":"https:\/\/www.meydan.tv\/az\/wp-json\/wp\/v2\/comments?post=290418"}],"version-history":[{"count":2,"href":"https:\/\/www.meydan.tv\/az\/wp-json\/wp\/v2\/posts\/290418\/revisions"}],"predecessor-version":[{"id":290420,"href":"https:\/\/www.meydan.tv\/az\/wp-json\/wp\/v2\/posts\/290418\/revisions\/290420"}],"wp:featuredmedia":[{"embeddable":true,"href":"https:\/\/www.meydan.tv\/az\/wp-json\/wp\/v2\/media\/263356"}],"wp:attachment":[{"href":"https:\/\/www.meydan.tv\/az\/wp-json\/wp\/v2\/media?parent=290418"}],"wp:term":[{"taxonomy":"category","embeddable":true,"href":"https:\/\/www.meydan.tv\/az\/wp-json\/wp\/v2\/categories?post=290418"},{"taxonomy":"post_tag","embeddable":true,"href":"https:\/\/www.meydan.tv\/az\/wp-json\/wp\/v2\/tags?post=290418"}],"curies":[{"name":"wp","href":"https:\/\/api.w.org\/{rel}","templated":true}]}}