{"id":290404,"date":"2023-11-14T21:30:44","date_gmt":"2023-11-14T17:30:44","guid":{"rendered":"https:\/\/www.meydan.tv\/?p=290404"},"modified":"2023-11-14T22:05:14","modified_gmt":"2023-11-14T18:05:14","slug":"anasina-192-bicaq-vurmaqda-ittiham-olunan-mekteblinin-mehkemesi-bu-bir-adamin-isi-deyil","status":"publish","type":"post","link":"https:\/\/www.meydan.tv\/az\/article\/anasina-192-bicaq-vurmaqda-ittiham-olunan-mekteblinin-mehkemesi-bu-bir-adamin-isi-deyil\/","title":{"rendered":"Anas\u0131na 192 b\u0131\u00e7aq vurmaqda ittiham olunan m\u0259kt\u0259blinin m\u0259hk\u0259m\u0259si: \u201cBu, bir adam\u0131n i\u015fi deyil\u201d"},"content":{"rendered":"\n<p><\/p>\n\n\n\n<p><em><strong>Z\u0259r\u0259r\u00e7\u0259kmi\u015f t\u0259r\u0259fin v\u0259kili istintaq\u0131n obyektiv apar\u0131lmad\u0131\u011f\u0131n\u0131 deyir<\/strong><\/em><\/p>\n\n\n\n<p>Fevral\u0131n 10-da Bak\u0131da ya\u015fad\u0131qlar\u0131 evd\u0259 anas\u0131n\u0131 192 b\u0131\u00e7aq z\u0259rb\u0259sil\u0259 q\u0259tl\u0259 yetirm\u0259kd\u0259 ittiham olunan m\u0259kt\u0259bli haz\u0131rda Bak\u0131 A\u011f\u0131r Cinay\u0259tl\u0259r M\u0259hk\u0259m\u0259sind\u0259 m\u00fchakim\u0259 olunur.<\/p>\n\n\n\n<p>2007-ci il t\u0259v\u0259ll\u00fcdl\u00fc Z.M. (yetkinlik ya\u015f\u0131na \u00e7atmad\u0131\u011f\u0131na g\u00f6r\u0259 ad-soyad\u0131 tam yaz\u0131lmay\u0131b-red.) Cinay\u0259t M\u0259c\u0259ll\u0259sinin 120.2.4-c\u00fc (x\u00fcsusi amans\u0131zl\u0131qla v\u0259 ya t\u0259hl\u00fck\u0259li \u00fcsulla adam \u00f6ld\u00fcrm\u0259) madd\u0259sil\u0259 ittiham olunur.<\/p>\n\n\n\n<p>Bu madd\u0259d\u0259 14 ild\u0259n 20 il\u0259 q\u0259d\u0259r v\u0259 ya \u00f6m\u00fcrl\u00fck azadl\u0131qdan m\u0259hrumetm\u0259 c\u0259zas\u0131 n\u0259z\u0259rd\u0259 tutulub. Lakin Az\u0259rbaycan\u0131n cinay\u0259t qanunvericiliyin\u0259 g\u00f6r\u0259, cinay\u0259t ba\u015f ver\u0259rk\u0259n yetkinlik ya\u015f\u0131na \u00e7atmayan \u015f\u0259xs\u0259 10 ild\u0259n yuxar\u0131 c\u0259za veril\u0259 bilm\u0259z.<\/p>\n\n\n\n<p>Z\u0259r\u0259r\u00e7\u0259kmi\u015f t\u0259r\u0259fin v\u0259kili hesab edir ki, bu cinay\u0259t i\u015fi istintaq zaman\u0131 \u0259trafl\u0131 ara\u015fd\u0131r\u0131lmay\u0131b.<\/p>\n\n\n\n<p>Onun fikrinc\u0259, 1977-ci il t\u0259v\u0259ll\u00fcdl\u00fc Solmaz Mansurovaya 192 b\u0131\u00e7aq z\u0259rb\u0259si vurmaq t\u0259k adam\u0131n i\u015fi deyil, cinay\u0259td\u0259 ba\u015fqalar\u0131n\u0131n da rolu olub.<\/p>\n\n\n\n<p>V\u0259kil noyabr\u0131n 14-d\u0259 m\u0259hk\u0259m\u0259 iclas\u0131nda yenid\u0259n istintaq apar\u0131lmas\u0131 \u00fc\u00e7\u00fcn cinay\u0259t i\u015finin prokurorlu\u011fa qaytar\u0131lmas\u0131 bar\u0259d\u0259 v\u0259sat\u0259t qald\u0131r\u0131b.<\/p>\n\n\n\n<p>\u201c<em>Z\u0259r\u0259r\u00e7\u0259kmi\u015f\u0259 192 b\u0131\u00e7aq z\u0259rb\u0259si vurulub. Bu, bir adam\u0131n i\u015fi deyil. Ba\u015fqa \u015f\u00fcbh\u0259li m\u0259qamlar da var. Hadis\u0259 ba\u015f ver\u0259nd\u0259 t\u0259qsirl\u0259ndiril\u0259n \u015f\u0259xsl\u0259 yana\u015f\u0131, iki bac\u0131s\u0131 da evd\u0259 olub. Onlar yetkinlik ya\u015f\u0131na \u00e7at\u0131blar. Bac\u0131lar evin m\u00fcxt\u0259lif yerl\u0259rind\u0259 olan qan l\u0259k\u0259l\u0259rini silibl\u0259r. Cinay\u0259tin izini itirm\u0259y\u0259 \u00e7al\u0131\u015f\u0131blar. Analar\u0131na k\u00f6m\u0259k etm\u0259yibl\u0259r. Hadis\u0259nin intihar olmas\u0131 bar\u0259d\u0259 yalan m\u0259lumat veribl\u0259r\u201d, &#8211; <\/em>z\u0259r\u0259r\u00e7\u0259kmi\u015f t\u0259r\u0259fin v\u0259kili bildirib.<\/p>\n\n\n\n<p>T\u0259qsirl\u0259ndiril\u0259n \u015f\u0259xsin bac\u0131lar\u0131ndan biri N\u0259rmin Mansurova qan l\u0259k\u0259l\u0259rini silm\u0259l\u0259ri haqda hakiml\u0259rin suallar\u0131n\u0131 cavabland\u0131rark\u0259n deyib ki, polisd\u0259n qorxduqlar\u0131na g\u00f6r\u0259 bunu edibl\u0259r.<\/p>\n\n\n\n<p>Onun s\u00f6zl\u0259rin\u0259 g\u00f6r\u0259, qarda\u015f\u0131 anas\u0131n\u0131 onun \u201cd\u00fcz olmayan h\u0259r\u0259k\u0259tl\u0259rin\u0259\u201d g\u00f6r\u0259 q\u0259tl\u0259 yetirib.<\/p>\n\n\n\n<p>Dig\u0259r bac\u0131 Nigar Mansurova \u00f6t\u0259n m\u0259hk\u0259m\u0259 iclaslar\u0131ndan birind\u0259 ifad\u0259 ver\u0259rk\u0259n deyib ki, anas\u0131 \u0259s\u0259bi idi, u\u015faqlar\u0131yla tez-tez k\u0259skin m\u00fcbahis\u0259l\u0259ri olurdu.<\/p>\n\n\n\n<p>Solmaz Mansurovan\u0131n \u00e7al\u0131\u015fqan oldu\u011funu, s\u0259h\u0259r i\u015f\u0259 gedib, ax\u015fam g\u0259ldiyini dey\u0259n q\u0131z\u0131n\u0131n s\u00f6zl\u0259rin\u0259 g\u00f6r\u0259, anas\u0131 \u0259s\u0259bini onlar\u0131n \u00fcst\u00fcn\u0259 t\u00f6k\u00fcrm\u00fc\u015f.<\/p>\n\n\n\n<p>Nigar Mansurova iddia edir ki, h\u0259tta anas\u0131n\u0131n b\u0131\u00e7aqla onlar\u0131 h\u0259d\u0259l\u0259diyi vaxtlar da olmu\u015fdu:<\/p>\n\n\n\n<p>\u201c<em>10 ya\u015f\u0131mdan b\u00fct\u00fcn ev i\u015fl\u0259rini m\u0259n g\u00f6rm\u00fc\u015f\u0259m. Biziml\u0259 davas\u0131 olanda yola verirdim. Qarda\u015f\u0131mla daha pis m\u00fcbahis\u0259l\u0259ri olurdu. Hadis\u0259 g\u00fcn\u00fc qarda\u015f\u0131mla anam o biri otaqda dala\u015f\u0131rd\u0131lar. Qap\u0131 ba\u011fl\u0131 idi dey\u0259, n\u0259 ba\u015f verdiyini g\u00f6rm\u0259dik. Bird\u0259n s\u0259s k\u0259sildi. Ota\u011f\u0131n qap\u0131s\u0131n\u0131 a\u00e7anda anam\u0131n \u00f6ld\u00fcy\u00fcn\u00fc g\u00f6rd\u00fcm\u201d.<\/em><\/p>\n\n\n\n<p>Onun s\u00f6zl\u0259rin\u0259 g\u00f6r\u0259, qarda\u015f\u0131ndan anas\u0131n\u0131 niy\u0259 \u00f6ld\u00fcrd\u00fcy\u00fcn\u00fc soru\u015fub:<\/p>\n\n\n\n<p>\u201c<em>Dedi ki, biz\u0259 verdiyi \u0259ziyy\u0259tl\u0259rd\u0259n bezmi\u015f\u0259m&#8230;\u201d.<\/em><\/p>\n\n\n\n<p>Solmaz Mansurovan\u0131n h\u0259yat yolda\u015f\u0131 Faiq Mansurov hadis\u0259 vaxt\u0131 evd\u0259 olmay\u0131b.<\/p>\n\n\n\n<p>Ona olanlar\u0131 u\u015faqlar\u0131 telefonla x\u0259b\u0259r verib.<\/p>\n\n\n\n<p>Faiq Mansurov da \u00f6t\u0259n m\u0259hk\u0259m\u0259 iclaslar\u0131ndan birind\u0259 dindiril\u0259rk\u0259n h\u0259yat yolda\u015f\u0131n\u0131n \u0259s\u0259bi oldu\u011funu, ona v\u0259 u\u015faqlar\u0131na qar\u015f\u0131 yax\u015f\u0131 davranmad\u0131\u011f\u0131n\u0131 deyib:<\/p>\n\n\n\n<p><em>\u201cU\u015faqlar\u0131m da ayr\u0131lma\u011f\u0131m\u0131z\u0131 ist\u0259yirdi. Amma m\u0259n el q\u0131na\u011f\u0131na g\u00f6r\u0259 ayr\u0131lmad\u0131m. U\u015faqlar\u0131 oxlovla d\u00f6y\u00fcrd\u00fc, \u00fcstl\u0259rin\u0259 b\u0131\u00e7aq \u00e7\u0259kirdi. Bir d\u0259f\u0259 m\u0259nim d\u0259 \u00fcst\u00fcm\u0259 b\u0131\u00e7aq \u00e7\u0259kmi\u015fdi&#8230;\u201d.<\/em><\/p>\n\n\n\n<p>Noyabr\u0131n 14-d\u0259 m\u0259hk\u0259m\u0259 iclas\u0131nda z\u0259r\u0259r\u00e7\u0259kmi\u015f t\u0259r\u0259fin v\u0259kili is\u0259 q\u0131zlarla ba\u011fl\u0131 ba\u015fqa problem oldu\u011funu iddia edib.<\/p>\n\n\n\n<p>Onun s\u00f6zl\u0259rin\u0259 g\u00f6r\u0259, Nigar v\u0259 N\u0259rmin Mansurovalar\u0131n h\u0259r ikisi t\u0259l\u0259b\u0259 olub. Biri universitetd\u0259, dig\u0259ri is\u0259 kollecd\u0259 t\u0259hsil al\u0131rd\u0131. Lakin h\u0259r ikisi t\u0259hsilini yar\u0131m\u00e7\u0131q qoyub.<\/p>\n\n\n\n<p>V\u0259kil h\u0259r iki t\u0259hsil m\u00fc\u0259ssis\u0259sind\u0259n Mansurova bac\u0131lar\u0131 haqq\u0131nda xasiyy\u0259tnam\u0259 al\u0131nmas\u0131 bar\u0259d\u0259 v\u0259sat\u0259t qald\u0131r\u0131b:<\/p>\n\n\n\n<p><em>\u201cBac\u0131lar\u0131n\u0131n h\u0259r ikisi dindard\u0131r. Hesab edirik ki, analar\u0131 buna g\u00f6r\u0259 onlara t\u0259sir g\u00f6st\u0259rm\u0259y\u0259 \u00e7al\u0131\u015f\u0131b, dini paltarlar\u0131n\u0131 yand\u0131r\u0131b&#8230;\u201d.<\/em><\/p>\n\n\n\n<p>T\u0259qsirl\u0259ndiril\u0259n Z.M. anas\u0131n\u0131n q\u0131zlar\u0131n paltarlar\u0131n\u0131 yand\u0131rmas\u0131 haqda iddian\u0131n do\u011fru olmad\u0131\u011f\u0131n\u0131 deyib.<\/p>\n\n\n\n<p>T\u0259qsirl\u0259ndiril\u0259n \u015f\u0259xsin istintaq zaman\u0131 hadis\u0259 yerind\u0259 \u00e7\u0259kilmi\u015f videosu da noyabr\u0131n 14-d\u0259 m\u0259hk\u0259m\u0259d\u0259 n\u00fcmayi\u015f etdirilib.<\/p>\n\n\n\n<p>Orada bildirir ki, anas\u0131n\u0131 ona verdiyi \u0259zab-\u0259ziyy\u0259t\u0259 g\u00f6r\u0259 q\u0259tl\u0259 yetirib. \u0130ddia edir ki, anas\u0131n\u0131 ona \u0259zab verdiyin\u0259 g\u00f6r\u0259 \u00f6ld\u00fcr\u00fcb.<\/p>\n\n\n\n<p>Videoya baxandan sonra Z.M. prokurorun sual\u0131na cavab olaraq bildirib ki, anas\u0131 onu \u015fi\u015fl\u0259 d\u00f6y\u00fcrd\u00fc, b\u0131\u00e7aqla h\u0259d\u0259l\u0259yirdi.<\/p>\n\n\n\n<p>O \u0259lav\u0259 edib ki, anas\u0131n\u0131n u\u015faqlar\u0131na qar\u015f\u0131 bu c\u00fcr davran\u0131\u015flar\u0131ndan qon\u015fular da x\u0259b\u0259rdard\u0131r.<\/p>\n\n\n\n<p>M\u0259hk\u0259m\u0259d\u0259 m\u0259lum olub ki, ekspertiza t\u0259qsirl\u0259ndiril\u0259n \u015f\u0259xsin b\u0259d\u0259nind\u0259 x\u0259sar\u0259t izl\u0259ri olmas\u0131 bar\u0259d\u0259 r\u0259y verib.<\/p>\n\n\n\n<p>H\u0259min izl\u0259rin hadis\u0259 vaxt\u0131 yarand\u0131\u011f\u0131 ehtimal olunur.<\/p>\n\n\n\n<p>Prokuror t\u0259klif edib ki, qon\u015fular da m\u0259hk\u0259m\u0259d\u0259 dindirilsin. H\u0259m\u00e7inin hadis\u0259d\u0259n \u0259vv\u0259l t\u0259qsirl\u0259ndiril\u0259n \u015f\u0259xsin b\u0259d\u0259nind\u0259 x\u0259sar\u0259t izl\u0259rinin olub-olmad\u0131\u011f\u0131 m\u00fc\u0259yy\u0259nl\u0259\u015fdirilsin.<\/p>\n\n\n\n<p>M\u0259hk\u0259m\u0259 q\u0259rar verib ki, qon\u015fular dindirilsin.<\/p>\n\n\n\n<p>H\u0259m\u00e7inin Nigar v\u0259 N\u0259rmin Mansurova bac\u0131lar\u0131n\u0131n t\u0259hsil ald\u0131qlar\u0131 universitet v\u0259 kollec\u0259 sor\u011fular g\u00f6nd\u0259rilsin.<\/p>\n\n\n\n<p>M\u0259hk\u0259m\u0259 prosesi dekabr\u0131n 12-d\u0259 davam ed\u0259c\u0259k.<\/p>\n","protected":false},"excerpt":{"rendered":"<p>Z\u0259r\u0259r\u00e7\u0259kmi\u015f t\u0259r\u0259fin v\u0259kili istintaq\u0131n obyektiv apar\u0131lmad\u0131\u011f\u0131n\u0131 deyir Fevral\u0131n 10-da Bak\u0131da &#8230; <\/p>\n<p class=\"read-more-container\"><a title=\"Anas\u0131na 192 b\u0131\u00e7aq vurmaqda ittiham olunan m\u0259kt\u0259blinin m\u0259hk\u0259m\u0259si: \u201cBu, bir adam\u0131n i\u015fi deyil\u201d\" class=\"read-more button\" href=\"https:\/\/www.meydan.tv\/az\/article\/anasina-192-bicaq-vurmaqda-ittiham-olunan-mekteblinin-mehkemesi-bu-bir-adamin-isi-deyil\/#more-290404\" aria-label=\"Read more about Anas\u0131na 192 b\u0131\u00e7aq vurmaqda ittiham olunan m\u0259kt\u0259blinin m\u0259hk\u0259m\u0259si: \u201cBu, bir adam\u0131n i\u015fi deyil\u201d\">Davam\u0131<\/a><\/p>\n","protected":false},"author":8,"featured_media":260251,"comment_status":"closed","ping_status":"closed","sticky":false,"template":"","format":"standard","meta":{"_acf_changed":false,"_sitemap_exclude":false,"_sitemap_priority":"","_sitemap_frequency":"","footnotes":""},"categories":[62,79,56],"tags":[],"class_list":["post-290404","post","type-post","status-publish","format-standard","has-post-thumbnail","hentry","category-sosial","category-featured","category-xeberler","infinite-scroll-item","generate-columns","tablet-grid-50","mobile-grid-100","grid-parent","grid-33","no-featured-image-padding"],"acf":[],"yoast_head":"<!-- This site is optimized with the Yoast SEO plugin v27.5 - https:\/\/yoast.com\/product\/yoast-seo-wordpress\/ -->\n<title>Anas\u0131na 192 b\u0131\u00e7aq vurmaqda ittiham olunan m\u0259kt\u0259blinin m\u0259hk\u0259m\u0259si: \u201cBu, bir adam\u0131n i\u015fi deyil\u201d - MEYDAN.TV<\/title>\n<meta name=\"robots\" content=\"index, follow, max-snippet:-1, max-image-preview:large, max-video-preview:-1\" \/>\n<link rel=\"canonical\" href=\"https:\/\/www.meydan.tv\/az\/article\/anasina-192-bicaq-vurmaqda-ittiham-olunan-mekteblinin-mehkemesi-bu-bir-adamin-isi-deyil\/\" \/>\n<meta property=\"og:locale\" content=\"az_AZ\" \/>\n<meta property=\"og:type\" content=\"article\" \/>\n<meta property=\"og:title\" content=\"Anas\u0131na 192 b\u0131\u00e7aq vurmaqda ittiham olunan m\u0259kt\u0259blinin m\u0259hk\u0259m\u0259si: \u201cBu, bir adam\u0131n i\u015fi deyil\u201d - MEYDAN.TV\" \/>\n<meta property=\"og:description\" content=\"Z\u0259r\u0259r\u00e7\u0259kmi\u015f t\u0259r\u0259fin v\u0259kili istintaq\u0131n obyektiv apar\u0131lmad\u0131\u011f\u0131n\u0131 deyir Fevral\u0131n 10-da Bak\u0131da ... Davam\u0131\" \/>\n<meta property=\"og:url\" content=\"https:\/\/www.meydan.tv\/az\/article\/anasina-192-bicaq-vurmaqda-ittiham-olunan-mekteblinin-mehkemesi-bu-bir-adamin-isi-deyil\/\" \/>\n<meta property=\"og:site_name\" content=\"MEYDAN.TV\" \/>\n<meta property=\"article:published_time\" content=\"2023-11-14T17:30:44+00:00\" \/>\n<meta property=\"article:modified_time\" content=\"2023-11-14T18:05:14+00:00\" \/>\n<meta property=\"og:image\" content=\"https:\/\/www.meydan.tv\/wp-content\/uploads\/image-from-ios-8.jpg\" \/>\n\t<meta property=\"og:image:width\" content=\"1500\" \/>\n\t<meta property=\"og:image:height\" content=\"844\" \/>\n\t<meta property=\"og:image:type\" content=\"image\/jpeg\" \/>\n<meta name=\"author\" content=\"elli\" \/>\n<meta name=\"twitter:card\" content=\"summary_large_image\" \/>\n<meta name=\"twitter:creator\" content=\"@elli\" \/>\n<script type=\"application\/ld+json\" class=\"yoast-schema-graph\">{\"@context\":\"https:\\\/\\\/schema.org\",\"@graph\":[{\"@type\":\"Article\",\"@id\":\"https:\\\/\\\/www.meydan.tv\\\/az\\\/article\\\/anasina-192-bicaq-vurmaqda-ittiham-olunan-mekteblinin-mehkemesi-bu-bir-adamin-isi-deyil\\\/#article\",\"isPartOf\":{\"@id\":\"https:\\\/\\\/www.meydan.tv\\\/az\\\/article\\\/anasina-192-bicaq-vurmaqda-ittiham-olunan-mekteblinin-mehkemesi-bu-bir-adamin-isi-deyil\\\/\"},\"author\":{\"name\":\"elli\",\"@id\":\"https:\\\/\\\/www.meydan.tv\\\/az\\\/#\\\/schema\\\/person\\\/9cdbecf90d17180ce1dfbd95b08dcf47\"},\"headline\":\"Anas\u0131na 192 b\u0131\u00e7aq vurmaqda ittiham olunan m\u0259kt\u0259blinin m\u0259hk\u0259m\u0259si: \u201cBu, bir adam\u0131n i\u015fi deyil\u201d\",\"datePublished\":\"2023-11-14T17:30:44+00:00\",\"dateModified\":\"2023-11-14T18:05:14+00:00\",\"mainEntityOfPage\":{\"@id\":\"https:\\\/\\\/www.meydan.tv\\\/az\\\/article\\\/anasina-192-bicaq-vurmaqda-ittiham-olunan-mekteblinin-mehkemesi-bu-bir-adamin-isi-deyil\\\/\"},\"wordCount\":1088,\"publisher\":{\"@id\":\"https:\\\/\\\/www.meydan.tv\\\/az\\\/#organization\"},\"image\":{\"@id\":\"https:\\\/\\\/www.meydan.tv\\\/az\\\/article\\\/anasina-192-bicaq-vurmaqda-ittiham-olunan-mekteblinin-mehkemesi-bu-bir-adamin-isi-deyil\\\/#primaryimage\"},\"thumbnailUrl\":\"https:\\\/\\\/www.meydan.tv\\\/wp-content\\\/uploads\\\/image-from-ios-8.jpg\",\"articleSection\":[\"Sosial\",\"T\u00f6vsiy\u0259\",\"X\u0259b\u0259rl\u0259r\"],\"inLanguage\":\"az\"},{\"@type\":\"WebPage\",\"@id\":\"https:\\\/\\\/www.meydan.tv\\\/az\\\/article\\\/anasina-192-bicaq-vurmaqda-ittiham-olunan-mekteblinin-mehkemesi-bu-bir-adamin-isi-deyil\\\/\",\"url\":\"https:\\\/\\\/www.meydan.tv\\\/az\\\/article\\\/anasina-192-bicaq-vurmaqda-ittiham-olunan-mekteblinin-mehkemesi-bu-bir-adamin-isi-deyil\\\/\",\"name\":\"Anas\u0131na 192 b\u0131\u00e7aq vurmaqda ittiham olunan m\u0259kt\u0259blinin m\u0259hk\u0259m\u0259si: \u201cBu, bir adam\u0131n i\u015fi deyil\u201d - MEYDAN.TV\",\"isPartOf\":{\"@id\":\"https:\\\/\\\/www.meydan.tv\\\/az\\\/#website\"},\"primaryImageOfPage\":{\"@id\":\"https:\\\/\\\/www.meydan.tv\\\/az\\\/article\\\/anasina-192-bicaq-vurmaqda-ittiham-olunan-mekteblinin-mehkemesi-bu-bir-adamin-isi-deyil\\\/#primaryimage\"},\"image\":{\"@id\":\"https:\\\/\\\/www.meydan.tv\\\/az\\\/article\\\/anasina-192-bicaq-vurmaqda-ittiham-olunan-mekteblinin-mehkemesi-bu-bir-adamin-isi-deyil\\\/#primaryimage\"},\"thumbnailUrl\":\"https:\\\/\\\/www.meydan.tv\\\/wp-content\\\/uploads\\\/image-from-ios-8.jpg\",\"datePublished\":\"2023-11-14T17:30:44+00:00\",\"dateModified\":\"2023-11-14T18:05:14+00:00\",\"breadcrumb\":{\"@id\":\"https:\\\/\\\/www.meydan.tv\\\/az\\\/article\\\/anasina-192-bicaq-vurmaqda-ittiham-olunan-mekteblinin-mehkemesi-bu-bir-adamin-isi-deyil\\\/#breadcrumb\"},\"inLanguage\":\"az\",\"potentialAction\":[{\"@type\":\"ReadAction\",\"target\":[\"https:\\\/\\\/www.meydan.tv\\\/az\\\/article\\\/anasina-192-bicaq-vurmaqda-ittiham-olunan-mekteblinin-mehkemesi-bu-bir-adamin-isi-deyil\\\/\"]}]},{\"@type\":\"ImageObject\",\"inLanguage\":\"az\",\"@id\":\"https:\\\/\\\/www.meydan.tv\\\/az\\\/article\\\/anasina-192-bicaq-vurmaqda-ittiham-olunan-mekteblinin-mehkemesi-bu-bir-adamin-isi-deyil\\\/#primaryimage\",\"url\":\"https:\\\/\\\/www.meydan.tv\\\/wp-content\\\/uploads\\\/image-from-ios-8.jpg\",\"contentUrl\":\"https:\\\/\\\/www.meydan.tv\\\/wp-content\\\/uploads\\\/image-from-ios-8.jpg\",\"width\":1500,\"height\":844,\"caption\":\"M\u0259hk\u0259m\u0259. \u0130ll\u00fcstrasiya: Meydan TV\"},{\"@type\":\"BreadcrumbList\",\"@id\":\"https:\\\/\\\/www.meydan.tv\\\/az\\\/article\\\/anasina-192-bicaq-vurmaqda-ittiham-olunan-mekteblinin-mehkemesi-bu-bir-adamin-isi-deyil\\\/#breadcrumb\",\"itemListElement\":[{\"@type\":\"ListItem\",\"position\":1,\"name\":\"Ana s\u0259hif\u0259\",\"item\":\"https:\\\/\\\/www.meydan.tv\\\/az\\\/\"},{\"@type\":\"ListItem\",\"position\":2,\"name\":\"Sosial\",\"item\":\"https:\\\/\\\/www.meydan.tv\\\/az\\\/section\\\/sosial\\\/\"},{\"@type\":\"ListItem\",\"position\":3,\"name\":\"Anas\u0131na 192 b\u0131\u00e7aq vurmaqda ittiham olunan m\u0259kt\u0259blinin m\u0259hk\u0259m\u0259si: \u201cBu, bir adam\u0131n i\u015fi deyil\u201d\"}]},{\"@type\":\"WebSite\",\"@id\":\"https:\\\/\\\/www.meydan.tv\\\/az\\\/#website\",\"url\":\"https:\\\/\\\/www.meydan.tv\\\/az\\\/\",\"name\":\"MEYDAN.TV\",\"description\":\"Meydan TV Az\u0259rbaycan\u0131n media m\u0259kan\u0131ndak\u0131 alternativ s\u0259sidir\",\"publisher\":{\"@id\":\"https:\\\/\\\/www.meydan.tv\\\/az\\\/#organization\"},\"potentialAction\":[{\"@type\":\"SearchAction\",\"target\":{\"@type\":\"EntryPoint\",\"urlTemplate\":\"https:\\\/\\\/www.meydan.tv\\\/az\\\/?s={search_term_string}\"},\"query-input\":{\"@type\":\"PropertyValueSpecification\",\"valueRequired\":true,\"valueName\":\"search_term_string\"}}],\"inLanguage\":\"az\"},{\"@type\":\"Organization\",\"@id\":\"https:\\\/\\\/www.meydan.tv\\\/az\\\/#organization\",\"name\":\"Meydan TV\",\"url\":\"https:\\\/\\\/www.meydan.tv\\\/az\\\/\",\"logo\":{\"@type\":\"ImageObject\",\"inLanguage\":\"az\",\"@id\":\"https:\\\/\\\/www.meydan.tv\\\/az\\\/#\\\/schema\\\/logo\\\/image\\\/\",\"url\":\"https:\\\/\\\/www.meydan.tv\\\/wp-content\\\/uploads\\\/2021\\\/07\\\/meydan-logo.svg\",\"contentUrl\":\"https:\\\/\\\/www.meydan.tv\\\/wp-content\\\/uploads\\\/2021\\\/07\\\/meydan-logo.svg\",\"width\":195,\"height\":46,\"caption\":\"Meydan TV\"},\"image\":{\"@id\":\"https:\\\/\\\/www.meydan.tv\\\/az\\\/#\\\/schema\\\/logo\\\/image\\\/\"}},{\"@type\":\"Person\",\"@id\":\"https:\\\/\\\/www.meydan.tv\\\/az\\\/#\\\/schema\\\/person\\\/9cdbecf90d17180ce1dfbd95b08dcf47\",\"name\":\"elli\",\"sameAs\":[\"https:\\\/\\\/x.com\\\/elli\"]}]}<\/script>\n<!-- \/ Yoast SEO plugin. -->","yoast_head_json":{"title":"Anas\u0131na 192 b\u0131\u00e7aq vurmaqda ittiham olunan m\u0259kt\u0259blinin m\u0259hk\u0259m\u0259si: \u201cBu, bir adam\u0131n i\u015fi deyil\u201d - MEYDAN.TV","robots":{"index":"index","follow":"follow","max-snippet":"max-snippet:-1","max-image-preview":"max-image-preview:large","max-video-preview":"max-video-preview:-1"},"canonical":"https:\/\/www.meydan.tv\/az\/article\/anasina-192-bicaq-vurmaqda-ittiham-olunan-mekteblinin-mehkemesi-bu-bir-adamin-isi-deyil\/","og_locale":"az_AZ","og_type":"article","og_title":"Anas\u0131na 192 b\u0131\u00e7aq vurmaqda ittiham olunan m\u0259kt\u0259blinin m\u0259hk\u0259m\u0259si: \u201cBu, bir adam\u0131n i\u015fi deyil\u201d - MEYDAN.TV","og_description":"Z\u0259r\u0259r\u00e7\u0259kmi\u015f t\u0259r\u0259fin v\u0259kili istintaq\u0131n obyektiv apar\u0131lmad\u0131\u011f\u0131n\u0131 deyir Fevral\u0131n 10-da Bak\u0131da ... Davam\u0131","og_url":"https:\/\/www.meydan.tv\/az\/article\/anasina-192-bicaq-vurmaqda-ittiham-olunan-mekteblinin-mehkemesi-bu-bir-adamin-isi-deyil\/","og_site_name":"MEYDAN.TV","article_published_time":"2023-11-14T17:30:44+00:00","article_modified_time":"2023-11-14T18:05:14+00:00","og_image":[{"width":1500,"height":844,"url":"https:\/\/www.meydan.tv\/wp-content\/uploads\/image-from-ios-8.jpg","type":"image\/jpeg"}],"author":"elli","twitter_card":"summary_large_image","twitter_creator":"@elli","schema":{"@context":"https:\/\/schema.org","@graph":[{"@type":"Article","@id":"https:\/\/www.meydan.tv\/az\/article\/anasina-192-bicaq-vurmaqda-ittiham-olunan-mekteblinin-mehkemesi-bu-bir-adamin-isi-deyil\/#article","isPartOf":{"@id":"https:\/\/www.meydan.tv\/az\/article\/anasina-192-bicaq-vurmaqda-ittiham-olunan-mekteblinin-mehkemesi-bu-bir-adamin-isi-deyil\/"},"author":{"name":"elli","@id":"https:\/\/www.meydan.tv\/az\/#\/schema\/person\/9cdbecf90d17180ce1dfbd95b08dcf47"},"headline":"Anas\u0131na 192 b\u0131\u00e7aq vurmaqda ittiham olunan m\u0259kt\u0259blinin m\u0259hk\u0259m\u0259si: \u201cBu, bir adam\u0131n i\u015fi deyil\u201d","datePublished":"2023-11-14T17:30:44+00:00","dateModified":"2023-11-14T18:05:14+00:00","mainEntityOfPage":{"@id":"https:\/\/www.meydan.tv\/az\/article\/anasina-192-bicaq-vurmaqda-ittiham-olunan-mekteblinin-mehkemesi-bu-bir-adamin-isi-deyil\/"},"wordCount":1088,"publisher":{"@id":"https:\/\/www.meydan.tv\/az\/#organization"},"image":{"@id":"https:\/\/www.meydan.tv\/az\/article\/anasina-192-bicaq-vurmaqda-ittiham-olunan-mekteblinin-mehkemesi-bu-bir-adamin-isi-deyil\/#primaryimage"},"thumbnailUrl":"https:\/\/www.meydan.tv\/wp-content\/uploads\/image-from-ios-8.jpg","articleSection":["Sosial","T\u00f6vsiy\u0259","X\u0259b\u0259rl\u0259r"],"inLanguage":"az"},{"@type":"WebPage","@id":"https:\/\/www.meydan.tv\/az\/article\/anasina-192-bicaq-vurmaqda-ittiham-olunan-mekteblinin-mehkemesi-bu-bir-adamin-isi-deyil\/","url":"https:\/\/www.meydan.tv\/az\/article\/anasina-192-bicaq-vurmaqda-ittiham-olunan-mekteblinin-mehkemesi-bu-bir-adamin-isi-deyil\/","name":"Anas\u0131na 192 b\u0131\u00e7aq vurmaqda ittiham olunan m\u0259kt\u0259blinin m\u0259hk\u0259m\u0259si: \u201cBu, bir adam\u0131n i\u015fi deyil\u201d - MEYDAN.TV","isPartOf":{"@id":"https:\/\/www.meydan.tv\/az\/#website"},"primaryImageOfPage":{"@id":"https:\/\/www.meydan.tv\/az\/article\/anasina-192-bicaq-vurmaqda-ittiham-olunan-mekteblinin-mehkemesi-bu-bir-adamin-isi-deyil\/#primaryimage"},"image":{"@id":"https:\/\/www.meydan.tv\/az\/article\/anasina-192-bicaq-vurmaqda-ittiham-olunan-mekteblinin-mehkemesi-bu-bir-adamin-isi-deyil\/#primaryimage"},"thumbnailUrl":"https:\/\/www.meydan.tv\/wp-content\/uploads\/image-from-ios-8.jpg","datePublished":"2023-11-14T17:30:44+00:00","dateModified":"2023-11-14T18:05:14+00:00","breadcrumb":{"@id":"https:\/\/www.meydan.tv\/az\/article\/anasina-192-bicaq-vurmaqda-ittiham-olunan-mekteblinin-mehkemesi-bu-bir-adamin-isi-deyil\/#breadcrumb"},"inLanguage":"az","potentialAction":[{"@type":"ReadAction","target":["https:\/\/www.meydan.tv\/az\/article\/anasina-192-bicaq-vurmaqda-ittiham-olunan-mekteblinin-mehkemesi-bu-bir-adamin-isi-deyil\/"]}]},{"@type":"ImageObject","inLanguage":"az","@id":"https:\/\/www.meydan.tv\/az\/article\/anasina-192-bicaq-vurmaqda-ittiham-olunan-mekteblinin-mehkemesi-bu-bir-adamin-isi-deyil\/#primaryimage","url":"https:\/\/www.meydan.tv\/wp-content\/uploads\/image-from-ios-8.jpg","contentUrl":"https:\/\/www.meydan.tv\/wp-content\/uploads\/image-from-ios-8.jpg","width":1500,"height":844,"caption":"M\u0259hk\u0259m\u0259. \u0130ll\u00fcstrasiya: Meydan TV"},{"@type":"BreadcrumbList","@id":"https:\/\/www.meydan.tv\/az\/article\/anasina-192-bicaq-vurmaqda-ittiham-olunan-mekteblinin-mehkemesi-bu-bir-adamin-isi-deyil\/#breadcrumb","itemListElement":[{"@type":"ListItem","position":1,"name":"Ana s\u0259hif\u0259","item":"https:\/\/www.meydan.tv\/az\/"},{"@type":"ListItem","position":2,"name":"Sosial","item":"https:\/\/www.meydan.tv\/az\/section\/sosial\/"},{"@type":"ListItem","position":3,"name":"Anas\u0131na 192 b\u0131\u00e7aq vurmaqda ittiham olunan m\u0259kt\u0259blinin m\u0259hk\u0259m\u0259si: \u201cBu, bir adam\u0131n i\u015fi deyil\u201d"}]},{"@type":"WebSite","@id":"https:\/\/www.meydan.tv\/az\/#website","url":"https:\/\/www.meydan.tv\/az\/","name":"MEYDAN.TV","description":"Meydan TV Az\u0259rbaycan\u0131n media m\u0259kan\u0131ndak\u0131 alternativ s\u0259sidir","publisher":{"@id":"https:\/\/www.meydan.tv\/az\/#organization"},"potentialAction":[{"@type":"SearchAction","target":{"@type":"EntryPoint","urlTemplate":"https:\/\/www.meydan.tv\/az\/?s={search_term_string}"},"query-input":{"@type":"PropertyValueSpecification","valueRequired":true,"valueName":"search_term_string"}}],"inLanguage":"az"},{"@type":"Organization","@id":"https:\/\/www.meydan.tv\/az\/#organization","name":"Meydan TV","url":"https:\/\/www.meydan.tv\/az\/","logo":{"@type":"ImageObject","inLanguage":"az","@id":"https:\/\/www.meydan.tv\/az\/#\/schema\/logo\/image\/","url":"https:\/\/www.meydan.tv\/wp-content\/uploads\/2021\/07\/meydan-logo.svg","contentUrl":"https:\/\/www.meydan.tv\/wp-content\/uploads\/2021\/07\/meydan-logo.svg","width":195,"height":46,"caption":"Meydan TV"},"image":{"@id":"https:\/\/www.meydan.tv\/az\/#\/schema\/logo\/image\/"}},{"@type":"Person","@id":"https:\/\/www.meydan.tv\/az\/#\/schema\/person\/9cdbecf90d17180ce1dfbd95b08dcf47","name":"elli","sameAs":["https:\/\/x.com\/elli"]}]}},"_links":{"self":[{"href":"https:\/\/www.meydan.tv\/az\/wp-json\/wp\/v2\/posts\/290404","targetHints":{"allow":["GET"]}}],"collection":[{"href":"https:\/\/www.meydan.tv\/az\/wp-json\/wp\/v2\/posts"}],"about":[{"href":"https:\/\/www.meydan.tv\/az\/wp-json\/wp\/v2\/types\/post"}],"author":[{"embeddable":true,"href":"https:\/\/www.meydan.tv\/az\/wp-json\/wp\/v2\/users\/8"}],"replies":[{"embeddable":true,"href":"https:\/\/www.meydan.tv\/az\/wp-json\/wp\/v2\/comments?post=290404"}],"version-history":[{"count":3,"href":"https:\/\/www.meydan.tv\/az\/wp-json\/wp\/v2\/posts\/290404\/revisions"}],"predecessor-version":[{"id":290407,"href":"https:\/\/www.meydan.tv\/az\/wp-json\/wp\/v2\/posts\/290404\/revisions\/290407"}],"wp:featuredmedia":[{"embeddable":true,"href":"https:\/\/www.meydan.tv\/az\/wp-json\/wp\/v2\/media\/260251"}],"wp:attachment":[{"href":"https:\/\/www.meydan.tv\/az\/wp-json\/wp\/v2\/media?parent=290404"}],"wp:term":[{"taxonomy":"category","embeddable":true,"href":"https:\/\/www.meydan.tv\/az\/wp-json\/wp\/v2\/categories?post=290404"},{"taxonomy":"post_tag","embeddable":true,"href":"https:\/\/www.meydan.tv\/az\/wp-json\/wp\/v2\/tags?post=290404"}],"curies":[{"name":"wp","href":"https:\/\/api.w.org\/{rel}","templated":true}]}}