{"id":290395,"date":"2023-11-14T20:32:41","date_gmt":"2023-11-14T16:32:41","guid":{"rendered":"https:\/\/www.meydan.tv\/?p=290395"},"modified":"2023-11-15T17:24:45","modified_gmt":"2023-11-15T13:24:45","slug":"kecmis-siyasi-mehbus-kimi-taninan-feal-3-ildir-ki-is-tapa-bilmediyini-deyir","status":"publish","type":"post","link":"https:\/\/www.meydan.tv\/az\/article\/kecmis-siyasi-mehbus-kimi-taninan-feal-3-ildir-ki-is-tapa-bilmediyini-deyir\/","title":{"rendered":"Ke\u00e7mi\u015f siyasi m\u0259hbus kimi tan\u0131nan f\u0259al 3 ildir ki, i\u015f tapa bilm\u0259diyini deyir"},"content":{"rendered":"\n<figure class=\"wp-block-embed is-type-video is-provider-youtube wp-block-embed-youtube wp-embed-aspect-16-9 wp-has-aspect-ratio\"><div class=\"wp-block-embed__wrapper\">\n<iframe title=\"Ke\u00e7mi\u015f siyasi m\u0259hbus 3 ildir ki, i\u015f tapa bilm\u0259diyini deyir\" width=\"1200\" height=\"675\" data-src=\"https:\/\/www.youtube.com\/embed\/3NVj2U5IlGU?feature=oembed\" frameborder=\"0\" allow=\"accelerometer; autoplay; clipboard-write; encrypted-media; gyroscope; picture-in-picture; web-share\" allowfullscreen src=\"data:image\/svg+xml;base64,PHN2ZyB3aWR0aD0iMSIgaGVpZ2h0PSIxIiB4bWxucz0iaHR0cDovL3d3dy53My5vcmcvMjAwMC9zdmciPjwvc3ZnPg==\" class=\"lazyload\" data-load-mode=\"1\"><\/iframe>\n<\/div><\/figure>\n\n\n\n<p><\/p>\n\n\n\n<p>Az\u0259rbaycan Xalq C\u0259bh\u0259si Partiyas\u0131n\u0131n \u00fczv\u00fc Fuad \u018fhm\u0259dli 2016-ci ild\u0259 h\u0259bs olunub v\u0259 4 ild\u0259n sonra azadl\u0131\u011fa burax\u0131l\u0131b. F.\u018fhm\u0259dli h\u00fcquq m\u00fcdafi\u0259\u00e7il\u0259ri t\u0259r\u0259find\u0259n siyasi m\u0259hbus kimi tan\u0131n\u0131b. O, h\u0259bs olunmazdan \u0259vv\u0259l \u201cAzerfon\u201d mobil rabit\u0259 \u015f\u0259b\u0259k\u0259sind\u0259 \u00e7al\u0131\u015f\u0131b. Azadl\u0131\u011fa burax\u0131landan b\u0259ri is\u0259 i\u015fsiz oldu\u011funu deyir:<em>\u00a0<\/em><\/p>\n\n\n\n<p><em>&#8220;M\u0259nim \u0259lav\u0259 c\u0259zam da var idi. 1 il 6 ay m\u00fcdd\u0259tind\u0259 d\u00f6vl\u0259t v\u0259 \u00f6z\u00fcn\u00fc idar\u0259etm\u0259 orqanlar\u0131nda v\u0259zif\u0259 tutmaq h\u00fcququndan m\u0259hrum edilmi\u015fdim. H\u0259tta h\u0259min c\u0259za bitdikd\u0259n sonra m\u0259n ixtisas\u0131ma uy\u011fun yerli v\u0259 beyn\u0259lxalq \u015firk\u0259tl\u0259r\u0259 CV g\u00f6nd\u0259rir\u0259m, amma m\u0259n\u0259 g\u00f6st\u0259ril\u0259n s\u0259b\u0259b o olur ki, s\u0259n \u0259g\u0259r h\u0259r hans\u0131 cinay\u0259t t\u00f6r\u0259d\u0259r\u0259k h\u0259bs olunsayd\u0131n, biz s\u0259ni i\u015f\u0259 ala bil\u0259rdik. M\u0259n bildir\u0259nd\u0259 ki, \u015f\u0259rl\u0259n\u0259r\u0259k h\u0259bs olunmu\u015fam, m\u0259n\u0259 veril\u0259n cavab o olur ki, biz s\u0259ni i\u015f\u0259 g\u00f6t\u00fcr\u0259 bilm\u0259y\u0259c\u0259yik&#8221;.<\/em><\/p>\n\n\n\n<p>Fuad \u018fhm\u0259dlinin s\u00f6zl\u0259rin\u0259 g\u00f6r\u0259, o D\u00f6vl\u0259t M\u0259\u015f\u011fulluq Agentliyin\u0259, DOST M\u0259rk\u0259zin\u0259 m\u00fcraci\u0259t edib, amma t\u0259klif edil\u0259n vakansiyalar \u00fczr\u0259 z\u0259ng vursa da, oradan ona bel\u0259 vakansiyalar olmad\u0131\u011f\u0131n\u0131 deyirl\u0259r:&nbsp;<\/p>\n\n\n\n<p><em>&#8220;M\u0259n ikinci d\u0259f\u0259 hans\u0131sa vakansiya \u00fc\u00e7\u00fcn m\u00fcraci\u0259t ed\u0259nd\u0259 m\u0259n\u0259 cavab verildi ki, biz s\u0259ni hans\u0131sa i\u015f\u0259 d\u0259 d\u00fcz\u0259ld\u0259rik, amma 1-2 aydan sonra \u201cFacebook\u201dda yazd\u0131\u011f\u0131n status xo\u015flar\u0131na g\u0259lm\u0259y\u0259c\u0259k v\u0259 s\u0259ni i\u015fd\u0259n uzaqla\u015fd\u0131racaqlar&#8221;.<\/em><\/p>\n\n\n\n<p>Onun s\u00f6zl\u0259rin\u0259 g\u00f6r\u0259, siyasi diskriminasiya b\u0259z\u0259n adam\u0131 ruhdan sal\u0131r: <em>&#8220;M\u0259nim \u0259lav\u0259 imtiyaza ehtiyac\u0131m yoxdur, \u00f6z\u0259l v\u0259t\u0259nda\u015f m\u00fcnasib\u0259tini g\u00f6rm\u0259k ist\u0259mir\u0259m, bu qorxu sistemini aradan qald\u0131r\u0131lmas\u0131n\u0131 ist\u0259yir\u0259m. Hakimiyy\u0259tin ba\u015f\u0131nda dayanan insanlar\u0131n \u00f6zl\u0259rinin umrunda deyil m\u0259n harada i\u015fl\u0259yir\u0259m, sad\u0259c\u0259 sahibkarlar \u00f6zl\u0259ri qorxur m\u0259ni i\u015f\u0259 g\u00f6t\u00fcrm\u0259y\u0259&#8221;.<\/em><em><br><\/em><em><br><\/em>D\u00f6vl\u0259t M\u0259\u015f\u011fulluq Agentliyi t\u0259r\u0259find\u0259n veril\u0259n m\u0259lumata g\u00f6r\u0259, 2022-ci ilin 6 ay\u0131 \u0259rzind\u0259 80-\u0259 yax\u0131n ke\u00e7mi\u015f m\u0259hbus i\u015fl\u0259 t\u0259min edilib. Qurumun m\u0259lumat\u0131na g\u00f6r\u0259, c\u0259za\u00e7\u0259km\u0259 yerl\u0259rind\u0259n azad olunan \u015f\u0259xsl\u0259rin m\u0259\u015f\u011fullu\u011funun t\u0259min olunmas\u0131 daim diqq\u0259t m\u0259rk\u0259zind\u0259 saxlan\u0131l\u0131r.&nbsp;<\/p>\n\n\n\n<p>M\u00fcqayis\u0259 \u00fc\u00e7\u00fcn qeyd olunan tarixd\u0259 ne\u00e7\u0259 n\u0259f\u0259rin h\u0259bsd\u0259n azad olunmas\u0131yla ba\u011fl\u0131 Penitensiar Xidm\u0259t\u0259 sor\u011fu g\u00f6nd\u0259rs\u0259k d\u0259, qurum r\u0259smil\u0259ri bu r\u0259q\u0259ml\u0259rin xidm\u0259ti istifad\u0259 \u00fc\u00e7\u00fcn n\u0259z\u0259rd\u0259 tutuldu\u011funu \u0259sas g\u0259tir\u0259r\u0259k, m\u0259lumatlar\u0131 a\u00e7\u0131qlam\u0131rlar.<\/p>\n\n\n\n<p>\u018fdliyy\u0259 Nazirliyi Penitensiar Xidm\u0259tind\u0259n veril\u0259n m\u0259lumata g\u00f6r\u0259, m\u0259hkum azad olunmam\u0131\u015fdan \u00fc\u00e7 ay \u0259vv\u0259l qeydiyyatda oldu\u011fu \u0259raziy\u0259 m\u00fcvafiq olaraq m\u0259\u015f\u011fulluq idar\u0259l\u0259ri v\u0259 dig\u0259r m\u00fcvafiq qurumlara sor\u011fular g\u00f6nd\u0259rilir ki, bu m\u0259hkum \u00fc\u00e7 ay sonra azad olunur, onlar\u0131n i\u015fl\u0259 t\u0259min olunmas\u0131 bar\u0259d\u0259 biz\u0259 m\u0259lumat verin. Eyni zamanda m\u0259hkumun sosial-m\u0259i\u015f\u0259t probleml\u0259rinin h\u0259lli \u00fc\u00e7\u00fcn d\u0259 aidiyyat\u0131 qurumlara m\u00fcraci\u0259t olunur.<\/p>\n\n\n\n<p>M\u0259hkum azad olunduqdan sonra i\u015f tapmaq \u00fc\u00e7\u00fcn D\u00f6vl\u0259t M\u0259\u015f\u011fulluq Xidm\u0259tinin yerli orqanlar\u0131na m\u00fcraci\u0259t ed\u0259 bil\u0259r.<\/p>\n\n\n\n<p>Penitensiar m\u00fc\u0259ssis\u0259l\u0259rd\u0259 c\u0259za \u00e7\u0259km\u0259kd\u0259n azad edilmi\u015f \u015f\u0259xsl\u0259rin sosial adaptasiyas\u0131 haqq\u0131nda qanuna \u0259sas\u0259n, sosial adaptasiya t\u0259dbirl\u0259rini \u00f6z s\u0259lahiyy\u0259tl\u0259ri daxilind\u0259 m\u00fcvafiq icra hakimiyy\u0259ti orqanlar\u0131 h\u0259yata ke\u00e7irm\u0259lidir.<\/p>\n\n\n\n<p>Qanuna \u0259sas\u0259n, c\u0259za \u00e7\u0259km\u0259kd\u0259n azad edilmi\u015f \u015f\u0259xsl\u0259r sosial adaptasiyas\u0131 m\u0259qs\u0259dil\u0259 qeydiyyata al\u0131nmal\u0131, onlarla haz\u0131rl\u0131q i\u015fl\u0259ri apar\u0131lmal\u0131d\u0131r.<br><br>Beyn\u0259lxalq v\u0259 yerli t\u0259\u015fkilatlar Az\u0259rbaycanda h\u00f6kum\u0259t t\u0259nqid\u00e7il\u0259rin\u0259 qar\u015f\u0131 siyasi motivli t\u0259qibl\u0259r v\u0259 h\u0259bsl\u0259r bar\u0259sind\u0259 narahatl\u0131q ifad\u0259 ets\u0259 d\u0259, r\u0259smi Bak\u0131 bir qayda olaraq bu ittihamlar\u0131 q\u0259bul etmir. Az\u0259rbaycan hakimiyy\u0259ti \u00f6lk\u0259d\u0259 b\u00fct\u00fcn \u0259sas h\u00fcquq v\u0259 azadl\u0131qlar\u0131n qorundu\u011funu, he\u00e7 kimin siyasi irad\u0259sin\u0259 g\u00f6r\u0259 t\u0259qib edilm\u0259diyini bildirir.<\/p>\n","protected":false},"excerpt":{"rendered":"<p>Az\u0259rbaycan Xalq C\u0259bh\u0259si Partiyas\u0131n\u0131n \u00fczv\u00fc Fuad \u018fhm\u0259dli 2016-ci ild\u0259 h\u0259bs &#8230; <\/p>\n<p class=\"read-more-container\"><a title=\"Ke\u00e7mi\u015f siyasi m\u0259hbus kimi tan\u0131nan f\u0259al 3 ildir ki, i\u015f tapa bilm\u0259diyini deyir\" class=\"read-more button\" href=\"https:\/\/www.meydan.tv\/az\/article\/kecmis-siyasi-mehbus-kimi-taninan-feal-3-ildir-ki-is-tapa-bilmediyini-deyir\/#more-290395\" aria-label=\"Read more about Ke\u00e7mi\u015f siyasi m\u0259hbus kimi tan\u0131nan f\u0259al 3 ildir ki, i\u015f tapa bilm\u0259diyini deyir\">Davam\u0131<\/a><\/p>\n","protected":false},"author":12,"featured_media":290396,"comment_status":"closed","ping_status":"closed","sticky":false,"template":"","format":"standard","meta":{"_acf_changed":false,"_sitemap_exclude":false,"_sitemap_priority":"","_sitemap_frequency":"","footnotes":""},"categories":[59,63],"tags":[],"class_list":["post-290395","post","type-post","status-publish","format-standard","has-post-thumbnail","hentry","category-siyaset","category-video-2","infinite-scroll-item","generate-columns","tablet-grid-50","mobile-grid-100","grid-parent","grid-33","no-featured-image-padding"],"acf":[],"yoast_head":"<!-- This site is optimized with the Yoast SEO plugin v27.4 - https:\/\/yoast.com\/product\/yoast-seo-wordpress\/ -->\n<title>Ke\u00e7mi\u015f siyasi m\u0259hbus kimi tan\u0131nan f\u0259al 3 ildir ki, i\u015f tapa bilm\u0259diyini deyir - MEYDAN.TV<\/title>\n<meta name=\"robots\" content=\"index, follow, max-snippet:-1, max-image-preview:large, max-video-preview:-1\" \/>\n<link rel=\"canonical\" href=\"https:\/\/www.meydan.tv\/az\/article\/kecmis-siyasi-mehbus-kimi-taninan-feal-3-ildir-ki-is-tapa-bilmediyini-deyir\/\" \/>\n<meta property=\"og:locale\" content=\"az_AZ\" \/>\n<meta property=\"og:type\" content=\"article\" \/>\n<meta property=\"og:title\" content=\"Ke\u00e7mi\u015f siyasi m\u0259hbus kimi tan\u0131nan f\u0259al 3 ildir ki, i\u015f tapa bilm\u0259diyini deyir - MEYDAN.TV\" \/>\n<meta property=\"og:description\" content=\"Az\u0259rbaycan Xalq C\u0259bh\u0259si Partiyas\u0131n\u0131n \u00fczv\u00fc Fuad \u018fhm\u0259dli 2016-ci ild\u0259 h\u0259bs ... Davam\u0131\" \/>\n<meta property=\"og:url\" content=\"https:\/\/www.meydan.tv\/az\/article\/kecmis-siyasi-mehbus-kimi-taninan-feal-3-ildir-ki-is-tapa-bilmediyini-deyir\/\" \/>\n<meta property=\"og:site_name\" content=\"MEYDAN.TV\" \/>\n<meta property=\"article:published_time\" content=\"2023-11-14T16:32:41+00:00\" \/>\n<meta property=\"article:modified_time\" content=\"2023-11-15T13:24:45+00:00\" \/>\n<meta property=\"og:image\" content=\"https:\/\/www.meydan.tv\/wp-content\/uploads\/reportaj-cover-2-11.png\" \/>\n\t<meta property=\"og:image:width\" content=\"1280\" \/>\n\t<meta property=\"og:image:height\" content=\"720\" \/>\n\t<meta property=\"og:image:type\" content=\"image\/png\" \/>\n<meta name=\"author\" content=\"aleks\" \/>\n<meta name=\"twitter:card\" content=\"summary_large_image\" \/>\n<script type=\"application\/ld+json\" class=\"yoast-schema-graph\">{\"@context\":\"https:\\\/\\\/schema.org\",\"@graph\":[{\"@type\":\"Article\",\"@id\":\"https:\\\/\\\/www.meydan.tv\\\/az\\\/article\\\/kecmis-siyasi-mehbus-kimi-taninan-feal-3-ildir-ki-is-tapa-bilmediyini-deyir\\\/#article\",\"isPartOf\":{\"@id\":\"https:\\\/\\\/www.meydan.tv\\\/az\\\/article\\\/kecmis-siyasi-mehbus-kimi-taninan-feal-3-ildir-ki-is-tapa-bilmediyini-deyir\\\/\"},\"author\":{\"name\":\"aleks\",\"@id\":\"https:\\\/\\\/www.meydan.tv\\\/az\\\/#\\\/schema\\\/person\\\/476e9360e593fa131d5d71d51866f8da\"},\"headline\":\"Ke\u00e7mi\u015f siyasi m\u0259hbus kimi tan\u0131nan f\u0259al 3 ildir ki, i\u015f tapa bilm\u0259diyini deyir\",\"datePublished\":\"2023-11-14T16:32:41+00:00\",\"dateModified\":\"2023-11-15T13:24:45+00:00\",\"mainEntityOfPage\":{\"@id\":\"https:\\\/\\\/www.meydan.tv\\\/az\\\/article\\\/kecmis-siyasi-mehbus-kimi-taninan-feal-3-ildir-ki-is-tapa-bilmediyini-deyir\\\/\"},\"wordCount\":776,\"publisher\":{\"@id\":\"https:\\\/\\\/www.meydan.tv\\\/az\\\/#organization\"},\"image\":{\"@id\":\"https:\\\/\\\/www.meydan.tv\\\/az\\\/article\\\/kecmis-siyasi-mehbus-kimi-taninan-feal-3-ildir-ki-is-tapa-bilmediyini-deyir\\\/#primaryimage\"},\"thumbnailUrl\":\"https:\\\/\\\/www.meydan.tv\\\/wp-content\\\/uploads\\\/reportaj-cover-2-11.png\",\"articleSection\":[\"Siyas\u0259t\",\"Video\"],\"inLanguage\":\"az\"},{\"@type\":\"WebPage\",\"@id\":\"https:\\\/\\\/www.meydan.tv\\\/az\\\/article\\\/kecmis-siyasi-mehbus-kimi-taninan-feal-3-ildir-ki-is-tapa-bilmediyini-deyir\\\/\",\"url\":\"https:\\\/\\\/www.meydan.tv\\\/az\\\/article\\\/kecmis-siyasi-mehbus-kimi-taninan-feal-3-ildir-ki-is-tapa-bilmediyini-deyir\\\/\",\"name\":\"Ke\u00e7mi\u015f siyasi m\u0259hbus kimi tan\u0131nan f\u0259al 3 ildir ki, i\u015f tapa bilm\u0259diyini deyir - MEYDAN.TV\",\"isPartOf\":{\"@id\":\"https:\\\/\\\/www.meydan.tv\\\/az\\\/#website\"},\"primaryImageOfPage\":{\"@id\":\"https:\\\/\\\/www.meydan.tv\\\/az\\\/article\\\/kecmis-siyasi-mehbus-kimi-taninan-feal-3-ildir-ki-is-tapa-bilmediyini-deyir\\\/#primaryimage\"},\"image\":{\"@id\":\"https:\\\/\\\/www.meydan.tv\\\/az\\\/article\\\/kecmis-siyasi-mehbus-kimi-taninan-feal-3-ildir-ki-is-tapa-bilmediyini-deyir\\\/#primaryimage\"},\"thumbnailUrl\":\"https:\\\/\\\/www.meydan.tv\\\/wp-content\\\/uploads\\\/reportaj-cover-2-11.png\",\"datePublished\":\"2023-11-14T16:32:41+00:00\",\"dateModified\":\"2023-11-15T13:24:45+00:00\",\"breadcrumb\":{\"@id\":\"https:\\\/\\\/www.meydan.tv\\\/az\\\/article\\\/kecmis-siyasi-mehbus-kimi-taninan-feal-3-ildir-ki-is-tapa-bilmediyini-deyir\\\/#breadcrumb\"},\"inLanguage\":\"az\",\"potentialAction\":[{\"@type\":\"ReadAction\",\"target\":[\"https:\\\/\\\/www.meydan.tv\\\/az\\\/article\\\/kecmis-siyasi-mehbus-kimi-taninan-feal-3-ildir-ki-is-tapa-bilmediyini-deyir\\\/\"]}]},{\"@type\":\"ImageObject\",\"inLanguage\":\"az\",\"@id\":\"https:\\\/\\\/www.meydan.tv\\\/az\\\/article\\\/kecmis-siyasi-mehbus-kimi-taninan-feal-3-ildir-ki-is-tapa-bilmediyini-deyir\\\/#primaryimage\",\"url\":\"https:\\\/\\\/www.meydan.tv\\\/wp-content\\\/uploads\\\/reportaj-cover-2-11.png\",\"contentUrl\":\"https:\\\/\\\/www.meydan.tv\\\/wp-content\\\/uploads\\\/reportaj-cover-2-11.png\",\"width\":1280,\"height\":720},{\"@type\":\"BreadcrumbList\",\"@id\":\"https:\\\/\\\/www.meydan.tv\\\/az\\\/article\\\/kecmis-siyasi-mehbus-kimi-taninan-feal-3-ildir-ki-is-tapa-bilmediyini-deyir\\\/#breadcrumb\",\"itemListElement\":[{\"@type\":\"ListItem\",\"position\":1,\"name\":\"Ana s\u0259hif\u0259\",\"item\":\"https:\\\/\\\/www.meydan.tv\\\/az\\\/\"},{\"@type\":\"ListItem\",\"position\":2,\"name\":\"Video\",\"item\":\"https:\\\/\\\/www.meydan.tv\\\/az\\\/section\\\/video-2\\\/\"},{\"@type\":\"ListItem\",\"position\":3,\"name\":\"Ke\u00e7mi\u015f siyasi m\u0259hbus kimi tan\u0131nan f\u0259al 3 ildir ki, i\u015f tapa bilm\u0259diyini deyir\"}]},{\"@type\":\"WebSite\",\"@id\":\"https:\\\/\\\/www.meydan.tv\\\/az\\\/#website\",\"url\":\"https:\\\/\\\/www.meydan.tv\\\/az\\\/\",\"name\":\"MEYDAN.TV\",\"description\":\"Meydan TV Az\u0259rbaycan\u0131n media m\u0259kan\u0131ndak\u0131 alternativ s\u0259sidir\",\"publisher\":{\"@id\":\"https:\\\/\\\/www.meydan.tv\\\/az\\\/#organization\"},\"potentialAction\":[{\"@type\":\"SearchAction\",\"target\":{\"@type\":\"EntryPoint\",\"urlTemplate\":\"https:\\\/\\\/www.meydan.tv\\\/az\\\/?s={search_term_string}\"},\"query-input\":{\"@type\":\"PropertyValueSpecification\",\"valueRequired\":true,\"valueName\":\"search_term_string\"}}],\"inLanguage\":\"az\"},{\"@type\":\"Organization\",\"@id\":\"https:\\\/\\\/www.meydan.tv\\\/az\\\/#organization\",\"name\":\"Meydan TV\",\"url\":\"https:\\\/\\\/www.meydan.tv\\\/az\\\/\",\"logo\":{\"@type\":\"ImageObject\",\"inLanguage\":\"az\",\"@id\":\"https:\\\/\\\/www.meydan.tv\\\/az\\\/#\\\/schema\\\/logo\\\/image\\\/\",\"url\":\"https:\\\/\\\/www.meydan.tv\\\/wp-content\\\/uploads\\\/2021\\\/07\\\/meydan-logo.svg\",\"contentUrl\":\"https:\\\/\\\/www.meydan.tv\\\/wp-content\\\/uploads\\\/2021\\\/07\\\/meydan-logo.svg\",\"width\":195,\"height\":46,\"caption\":\"Meydan TV\"},\"image\":{\"@id\":\"https:\\\/\\\/www.meydan.tv\\\/az\\\/#\\\/schema\\\/logo\\\/image\\\/\"}},{\"@type\":\"Person\",\"@id\":\"https:\\\/\\\/www.meydan.tv\\\/az\\\/#\\\/schema\\\/person\\\/476e9360e593fa131d5d71d51866f8da\",\"name\":\"aleks\"}]}<\/script>\n<!-- \/ Yoast SEO plugin. -->","yoast_head_json":{"title":"Ke\u00e7mi\u015f siyasi m\u0259hbus kimi tan\u0131nan f\u0259al 3 ildir ki, i\u015f tapa bilm\u0259diyini deyir - MEYDAN.TV","robots":{"index":"index","follow":"follow","max-snippet":"max-snippet:-1","max-image-preview":"max-image-preview:large","max-video-preview":"max-video-preview:-1"},"canonical":"https:\/\/www.meydan.tv\/az\/article\/kecmis-siyasi-mehbus-kimi-taninan-feal-3-ildir-ki-is-tapa-bilmediyini-deyir\/","og_locale":"az_AZ","og_type":"article","og_title":"Ke\u00e7mi\u015f siyasi m\u0259hbus kimi tan\u0131nan f\u0259al 3 ildir ki, i\u015f tapa bilm\u0259diyini deyir - MEYDAN.TV","og_description":"Az\u0259rbaycan Xalq C\u0259bh\u0259si Partiyas\u0131n\u0131n \u00fczv\u00fc Fuad \u018fhm\u0259dli 2016-ci ild\u0259 h\u0259bs ... Davam\u0131","og_url":"https:\/\/www.meydan.tv\/az\/article\/kecmis-siyasi-mehbus-kimi-taninan-feal-3-ildir-ki-is-tapa-bilmediyini-deyir\/","og_site_name":"MEYDAN.TV","article_published_time":"2023-11-14T16:32:41+00:00","article_modified_time":"2023-11-15T13:24:45+00:00","og_image":[{"width":1280,"height":720,"url":"https:\/\/www.meydan.tv\/wp-content\/uploads\/reportaj-cover-2-11.png","type":"image\/png"}],"author":"aleks","twitter_card":"summary_large_image","schema":{"@context":"https:\/\/schema.org","@graph":[{"@type":"Article","@id":"https:\/\/www.meydan.tv\/az\/article\/kecmis-siyasi-mehbus-kimi-taninan-feal-3-ildir-ki-is-tapa-bilmediyini-deyir\/#article","isPartOf":{"@id":"https:\/\/www.meydan.tv\/az\/article\/kecmis-siyasi-mehbus-kimi-taninan-feal-3-ildir-ki-is-tapa-bilmediyini-deyir\/"},"author":{"name":"aleks","@id":"https:\/\/www.meydan.tv\/az\/#\/schema\/person\/476e9360e593fa131d5d71d51866f8da"},"headline":"Ke\u00e7mi\u015f siyasi m\u0259hbus kimi tan\u0131nan f\u0259al 3 ildir ki, i\u015f tapa bilm\u0259diyini deyir","datePublished":"2023-11-14T16:32:41+00:00","dateModified":"2023-11-15T13:24:45+00:00","mainEntityOfPage":{"@id":"https:\/\/www.meydan.tv\/az\/article\/kecmis-siyasi-mehbus-kimi-taninan-feal-3-ildir-ki-is-tapa-bilmediyini-deyir\/"},"wordCount":776,"publisher":{"@id":"https:\/\/www.meydan.tv\/az\/#organization"},"image":{"@id":"https:\/\/www.meydan.tv\/az\/article\/kecmis-siyasi-mehbus-kimi-taninan-feal-3-ildir-ki-is-tapa-bilmediyini-deyir\/#primaryimage"},"thumbnailUrl":"https:\/\/www.meydan.tv\/wp-content\/uploads\/reportaj-cover-2-11.png","articleSection":["Siyas\u0259t","Video"],"inLanguage":"az"},{"@type":"WebPage","@id":"https:\/\/www.meydan.tv\/az\/article\/kecmis-siyasi-mehbus-kimi-taninan-feal-3-ildir-ki-is-tapa-bilmediyini-deyir\/","url":"https:\/\/www.meydan.tv\/az\/article\/kecmis-siyasi-mehbus-kimi-taninan-feal-3-ildir-ki-is-tapa-bilmediyini-deyir\/","name":"Ke\u00e7mi\u015f siyasi m\u0259hbus kimi tan\u0131nan f\u0259al 3 ildir ki, i\u015f tapa bilm\u0259diyini deyir - MEYDAN.TV","isPartOf":{"@id":"https:\/\/www.meydan.tv\/az\/#website"},"primaryImageOfPage":{"@id":"https:\/\/www.meydan.tv\/az\/article\/kecmis-siyasi-mehbus-kimi-taninan-feal-3-ildir-ki-is-tapa-bilmediyini-deyir\/#primaryimage"},"image":{"@id":"https:\/\/www.meydan.tv\/az\/article\/kecmis-siyasi-mehbus-kimi-taninan-feal-3-ildir-ki-is-tapa-bilmediyini-deyir\/#primaryimage"},"thumbnailUrl":"https:\/\/www.meydan.tv\/wp-content\/uploads\/reportaj-cover-2-11.png","datePublished":"2023-11-14T16:32:41+00:00","dateModified":"2023-11-15T13:24:45+00:00","breadcrumb":{"@id":"https:\/\/www.meydan.tv\/az\/article\/kecmis-siyasi-mehbus-kimi-taninan-feal-3-ildir-ki-is-tapa-bilmediyini-deyir\/#breadcrumb"},"inLanguage":"az","potentialAction":[{"@type":"ReadAction","target":["https:\/\/www.meydan.tv\/az\/article\/kecmis-siyasi-mehbus-kimi-taninan-feal-3-ildir-ki-is-tapa-bilmediyini-deyir\/"]}]},{"@type":"ImageObject","inLanguage":"az","@id":"https:\/\/www.meydan.tv\/az\/article\/kecmis-siyasi-mehbus-kimi-taninan-feal-3-ildir-ki-is-tapa-bilmediyini-deyir\/#primaryimage","url":"https:\/\/www.meydan.tv\/wp-content\/uploads\/reportaj-cover-2-11.png","contentUrl":"https:\/\/www.meydan.tv\/wp-content\/uploads\/reportaj-cover-2-11.png","width":1280,"height":720},{"@type":"BreadcrumbList","@id":"https:\/\/www.meydan.tv\/az\/article\/kecmis-siyasi-mehbus-kimi-taninan-feal-3-ildir-ki-is-tapa-bilmediyini-deyir\/#breadcrumb","itemListElement":[{"@type":"ListItem","position":1,"name":"Ana s\u0259hif\u0259","item":"https:\/\/www.meydan.tv\/az\/"},{"@type":"ListItem","position":2,"name":"Video","item":"https:\/\/www.meydan.tv\/az\/section\/video-2\/"},{"@type":"ListItem","position":3,"name":"Ke\u00e7mi\u015f siyasi m\u0259hbus kimi tan\u0131nan f\u0259al 3 ildir ki, i\u015f tapa bilm\u0259diyini deyir"}]},{"@type":"WebSite","@id":"https:\/\/www.meydan.tv\/az\/#website","url":"https:\/\/www.meydan.tv\/az\/","name":"MEYDAN.TV","description":"Meydan TV Az\u0259rbaycan\u0131n media m\u0259kan\u0131ndak\u0131 alternativ s\u0259sidir","publisher":{"@id":"https:\/\/www.meydan.tv\/az\/#organization"},"potentialAction":[{"@type":"SearchAction","target":{"@type":"EntryPoint","urlTemplate":"https:\/\/www.meydan.tv\/az\/?s={search_term_string}"},"query-input":{"@type":"PropertyValueSpecification","valueRequired":true,"valueName":"search_term_string"}}],"inLanguage":"az"},{"@type":"Organization","@id":"https:\/\/www.meydan.tv\/az\/#organization","name":"Meydan TV","url":"https:\/\/www.meydan.tv\/az\/","logo":{"@type":"ImageObject","inLanguage":"az","@id":"https:\/\/www.meydan.tv\/az\/#\/schema\/logo\/image\/","url":"https:\/\/www.meydan.tv\/wp-content\/uploads\/2021\/07\/meydan-logo.svg","contentUrl":"https:\/\/www.meydan.tv\/wp-content\/uploads\/2021\/07\/meydan-logo.svg","width":195,"height":46,"caption":"Meydan TV"},"image":{"@id":"https:\/\/www.meydan.tv\/az\/#\/schema\/logo\/image\/"}},{"@type":"Person","@id":"https:\/\/www.meydan.tv\/az\/#\/schema\/person\/476e9360e593fa131d5d71d51866f8da","name":"aleks"}]}},"_links":{"self":[{"href":"https:\/\/www.meydan.tv\/az\/wp-json\/wp\/v2\/posts\/290395","targetHints":{"allow":["GET"]}}],"collection":[{"href":"https:\/\/www.meydan.tv\/az\/wp-json\/wp\/v2\/posts"}],"about":[{"href":"https:\/\/www.meydan.tv\/az\/wp-json\/wp\/v2\/types\/post"}],"author":[{"embeddable":true,"href":"https:\/\/www.meydan.tv\/az\/wp-json\/wp\/v2\/users\/12"}],"replies":[{"embeddable":true,"href":"https:\/\/www.meydan.tv\/az\/wp-json\/wp\/v2\/comments?post=290395"}],"version-history":[{"count":5,"href":"https:\/\/www.meydan.tv\/az\/wp-json\/wp\/v2\/posts\/290395\/revisions"}],"predecessor-version":[{"id":290468,"href":"https:\/\/www.meydan.tv\/az\/wp-json\/wp\/v2\/posts\/290395\/revisions\/290468"}],"wp:featuredmedia":[{"embeddable":true,"href":"https:\/\/www.meydan.tv\/az\/wp-json\/wp\/v2\/media\/290396"}],"wp:attachment":[{"href":"https:\/\/www.meydan.tv\/az\/wp-json\/wp\/v2\/media?parent=290395"}],"wp:term":[{"taxonomy":"category","embeddable":true,"href":"https:\/\/www.meydan.tv\/az\/wp-json\/wp\/v2\/categories?post=290395"},{"taxonomy":"post_tag","embeddable":true,"href":"https:\/\/www.meydan.tv\/az\/wp-json\/wp\/v2\/tags?post=290395"}],"curies":[{"name":"wp","href":"https:\/\/api.w.org\/{rel}","templated":true}]}}