{"id":290391,"date":"2023-11-14T19:51:34","date_gmt":"2023-11-14T15:51:34","guid":{"rendered":"https:\/\/www.meydan.tv\/?p=290391"},"modified":"2023-11-14T19:51:40","modified_gmt":"2023-11-14T15:51:40","slug":"yolsuzluq-ismayillinin-bezi-kendlerinin-bosalmasina-sebeb-olur","status":"publish","type":"post","link":"https:\/\/www.meydan.tv\/az\/article\/yolsuzluq-ismayillinin-bezi-kendlerinin-bosalmasina-sebeb-olur\/","title":{"rendered":"Yolsuzluq \u0130smay\u0131ll\u0131n\u0131n b\u0259zi k\u0259ndl\u0259rinin bo\u015falmas\u0131na s\u0259b\u0259b olur"},"content":{"rendered":"\n<p><\/p>\n\n\n\n<p>\u201c<strong><em>Sonuncu d\u0259f\u0259 ke\u00e7mi\u015f n\u0259qliyyat naziri Ziya M\u0259mm\u0259dov 4 k\u0259ndin<\/em> <em>sakinl\u0259ri<\/em><\/strong><em><strong> il\u0259 g\u00f6r\u00fc\u015f\u00fcb\u201d<\/strong><\/em><\/p>\n\n\n\n<p>\u0130smay\u0131ll\u0131n\u0131n bir ne\u00e7\u0259 k\u0259ndi yol olmad\u0131\u011f\u0131 \u00fc\u00e7\u00fcn ya\u011f\u0131\u015fl\u0131-qarl\u0131 havalarda, pay\u0131zda-q\u0131\u015fda blokada v\u0259ziyy\u0259tind\u0259 qal\u0131r. K\u0259ndl\u0259r get-ged\u0259 bo\u015fal\u0131r. Burovdal, \u00c7\u0259ndahar, H\u0259ft\u0259sov, Zarat k\u0259ndind\u0259 evl\u0259rin \u00e7oxuna q\u0131f\u0131l vurulub.<\/p>\n\n\n\n<p>\u018fsl\u0259n Burovdal k\u0259ndind\u0259n olan \u018fnv\u0259r H\u0259s\u0259nov Meydan TV-y\u0259 dan\u0131\u015f\u0131r ki, bir ne\u00e7\u0259 il \u0259vv\u0259l k\u0259ndd\u0259n k\u00f6\u00e7m\u0259k m\u0259cburiyy\u0259tind\u0259 qal\u0131b. Haz\u0131rda do\u011fma k\u0259ndind\u0259 c\u0259mi 14 evd\u0259 ya\u015fay\u0131\u015f var. \u00c7\u00fcnki k\u0259nd\u0259 yol \u00e7aydan ke\u00e7ir:<\/p>\n\n\n\n<p>\u201c<em>Ya\u011f\u0131\u015fl\u0131-qarl\u0131 havalarda \u00e7ayda su art\u0131r, N\u0130VA, UAZ markal\u0131 ma\u015f\u0131nlar da qalxa bilmir. H\u0259min vaxtlar k\u0259ndd\u0259 kimins\u0259 v\u0259ziyy\u0259ti pisl\u0259\u015f\u0259rs\u0259, x\u0259st\u0259 Allah\u0131n \u00fcmidin\u0259 qal\u0131r, h\u0259kim \u00e7a\u011f\u0131rmaq v\u0259 ya x\u0259st\u0259ni x\u0259st\u0259xanaya \u00e7atd\u0131rmaq m\u00fcmk\u00fcn olmur\u201d.<\/em><\/p>\n\n\n\n<p>Burovdal k\u0259ndi \u0130smay\u0131ll\u0131n\u0131n ucqar k\u0259ndl\u0259rind\u0259ndir, k\u0259nd Babada\u011f\u0131n yax\u0131nl\u0131\u011f\u0131nda yerl\u0259\u015fir. <\/p>\n\n\n<div class=\"wp-block-image\">\n<figure class=\"alignright size-large is-resized\"><img decoding=\"async\" width=\"620\" height=\"821\" data-src=\"https:\/\/www.meydan.tv\/wp-content\/uploads\/44f71f42-a7d8-4f5d-8a83-84a927db04ba-620x821.jpg\" alt=\"\" class=\"wp-image-290382 lazyload\" style=\"--smush-placeholder-width: 620px; --smush-placeholder-aspect-ratio: 620\/821;width:407px;height:auto\" src=\"data:image\/svg+xml;base64,PHN2ZyB3aWR0aD0iMSIgaGVpZ2h0PSIxIiB4bWxucz0iaHR0cDovL3d3dy53My5vcmcvMjAwMC9zdmciPjwvc3ZnPg==\" \/><\/figure>\n<\/div>\n\n\n<p>\u018fnv\u0259r H\u0259s\u0259nov deyir ki, Burovdal s\u0259rin bulaqlar\u0131, ya\u015f\u0131ll\u0131\u011f\u0131 il\u0259 tan\u0131n\u0131r, amma k\u0259nd\u0259 gedi\u015f-g\u0259li\u015f m\u00fcmk\u00fcn olmad\u0131\u011f\u0131ndan k\u0259ndlil\u0259r he\u00e7 olmasa, t\u0259bi\u0259td\u0259n yararlanaraq turist qar\u015f\u0131laya, dolana bilmirl\u0259r. K\u0259nd ma\u011fazas\u0131nda g\u00fcnd\u0259lik t\u0259l\u0259bat mallar\u0131 h\u0259r zaman olmur: <em>\u201cK\u0259ndimiz bal\u0131 il\u0259 d\u0259 m\u0259\u015fhurdur. Yol olarsa, yayda turist c\u0259lb el\u0259m\u0259k, obyekt a\u00e7\u0131b dolanmaq olar. Ancaq k\u0259nd\u0259 g\u00fcc-b\u0259la il\u0259 gedib \u00e7\u0131xan turist havadan as\u0131l\u0131 olur, \u00e7ayda su qalxarsa, \u0259trafla \u0259laq\u0259 k\u0259silir\u201d,<\/em>-H\u0259s\u0259nov \u0259lav\u0259 edib.<\/p>\n\n\n\n<p>H\u0259ft\u0259sov k\u0259ndi d\u0259 bo\u015falan k\u0259ndl\u0259rd\u0259ndir. K\u0259ndlil\u0259r deyirl\u0259r ki, sonuncu d\u0259f\u0259 ke\u00e7mi\u015f n\u0259qliyyat naziri Ziya M\u0259mm\u0259dov 4 k\u0259ndin sakinl\u0259ri il\u0259 g\u00f6r\u00fc\u015f\u00fcb, \u00e7ay\u0131n \u00fcz\u0259rind\u0259 k\u00f6rp\u00fc tikil\u0259c\u0259yini s\u00f6yl\u0259yib. Z.M\u0259mm\u0259dovdan sonra ill\u0259r bir-birini \u0259v\u0259zl\u0259yib, amma k\u00f6rp\u00fc tikilm\u0259yib.<\/p>\n\n\n\n<p>Zarat k\u0259ndind\u0259 is\u0259 c\u0259mi 3 evd\u0259 ya\u015fay\u0131\u015f var. K\u0259ndlil\u0259r yaln\u0131z yay aylar\u0131nda, q\u0131zmar havalarda evl\u0259rin\u0259 geri d\u00f6n\u00fcrl\u0259r. Halbuki vaxtil\u0259 k\u0259ndd\u0259 y\u00fczd\u0259n \u00e7ox ail\u0259 ya\u015fay\u0131b.<\/p>\n\n\n\n<p>Burovdal K\u0259nd B\u0259l\u0259diyy\u0259sinin s\u0259dri A\u011fami A\u011fayev Meydan TV-y\u0259 bildirib ki, h\u0259min k\u0259ndl\u0259r\u0259 yol Girdiman \u00e7ay\u0131 \u00fcz\u0259rind\u0259n ke\u00e7ir. \u00c7ay\u0131n \u00fcz\u0259rind\u0259 k\u00f6rp\u00fc tikil\u0259rs\u0259, gedi\u015f-g\u0259li\u015f asanla\u015facaq. H\u0259l\u0259lik is\u0259 k\u0259ndl\u0259r\u0259 N\u0130VA, UAZ ma\u015f\u0131nlar\u0131 i\u015fl\u0259yir.<\/p>\n\n\n\n<p>\u201c<em>2014-c\u00fc ild\u0259 Ziya M\u0259mm\u0259dovla g\u00f6r\u00fc\u015f oldu, h\u0259min vaxtdan k\u00f6rp\u00fc \u00e7\u0259kili\u015fini g\u00f6zl\u0259yirik. Rayon r\u0259hb\u0259rliyi d\u0259 sakinl\u0259rl\u0259 g\u00f6r\u00fc\u015f\u00fcb, k\u00f6rp\u00fc tikintisi \u00fc\u00e7\u00fcn m\u00fcraci\u0259t edilib\u201d<\/em>,-b\u0259l\u0259diyy\u0259 s\u0259dri deyib.<\/p>\n\n\n\n<figure class=\"wp-block-image size-large\"><img decoding=\"async\" width=\"1122\" height=\"821\" data-src=\"https:\/\/www.meydan.tv\/wp-content\/uploads\/a3f9dad8-5e1e-4249-a62a-19c41b307c89-1122x821.jpg\" alt=\"\" class=\"wp-image-290385 lazyload\" src=\"data:image\/svg+xml;base64,PHN2ZyB3aWR0aD0iMSIgaGVpZ2h0PSIxIiB4bWxucz0iaHR0cDovL3d3dy53My5vcmcvMjAwMC9zdmciPjwvc3ZnPg==\" style=\"--smush-placeholder-width: 1122px; --smush-placeholder-aspect-ratio: 1122\/821;\" \/><\/figure>\n\n\n\n<p>A.A\u011fayevin s\u00f6zl\u0259rin\u0259 g\u00f6r\u0259, ax\u015fam ya\u011f\u0131\u015f ya\u011fan kimi \u00e7ayda su art\u0131r, gedi\u015f-g\u0259li\u015f \u00e7\u0259tinl\u0259\u015fir. K\u0259ndd\u0259 h\u0259kim m\u0259nt\u0259q\u0259si var, amma tibb bac\u0131s\u0131 yaln\u0131z a\u011fr\u0131k\u0259sici, q\u0131zd\u0131rmasal\u0131c\u0131 d\u0259rmanlardan istifad\u0259 ed\u0259 bilir. K\u0259nd\u0259 qaz da verilmir. Burovdalda 122 evd\u0259n 14 evd\u0259 ya\u015fay\u0131\u015f var. Zaratda 3 ev, \u00c7\u0259ndahar k\u0259ndind\u0259 16 ev qal\u0131b.<\/p>\n\n\n\n<p>\u0130smay\u0131ll\u0131 Rayon \u0130cra Hakimiyy\u0259tind\u0259n is\u0259 h\u0259min k\u0259ndl\u0259r\u0259 ged\u0259n yolun d\u00fcz\u0259ldilm\u0259si, \u00e7ay\u0131n \u00fcz\u0259rind\u0259 k\u00f6rp\u00fcn\u00fcn tikintisinin n\u0259 vaxt realla\u015faca\u011f\u0131 il\u0259 ba\u011fl\u0131 suala \u201cbilmirik\u201d cavab\u0131 verilib.<\/p>\n","protected":false},"excerpt":{"rendered":"<p>\u201cSonuncu d\u0259f\u0259 ke\u00e7mi\u015f n\u0259qliyyat naziri Ziya M\u0259mm\u0259dov 4 k\u0259ndin sakinl\u0259ri &#8230; <\/p>\n<p class=\"read-more-container\"><a title=\"Yolsuzluq \u0130smay\u0131ll\u0131n\u0131n b\u0259zi k\u0259ndl\u0259rinin bo\u015falmas\u0131na s\u0259b\u0259b olur\" class=\"read-more button\" href=\"https:\/\/www.meydan.tv\/az\/article\/yolsuzluq-ismayillinin-bezi-kendlerinin-bosalmasina-sebeb-olur\/#more-290391\" aria-label=\"Read more about Yolsuzluq \u0130smay\u0131ll\u0131n\u0131n b\u0259zi k\u0259ndl\u0259rinin bo\u015falmas\u0131na s\u0259b\u0259b olur\">Davam\u0131<\/a><\/p>\n","protected":false},"author":8,"featured_media":290388,"comment_status":"closed","ping_status":"closed","sticky":false,"template":"","format":"standard","meta":{"_acf_changed":false,"_sitemap_exclude":false,"_sitemap_priority":"","_sitemap_frequency":"","footnotes":""},"categories":[60,79,56],"tags":[],"class_list":["post-290391","post","type-post","status-publish","format-standard","has-post-thumbnail","hentry","category-bolge","category-featured","category-xeberler","infinite-scroll-item","generate-columns","tablet-grid-50","mobile-grid-100","grid-parent","grid-33","no-featured-image-padding"],"acf":[],"yoast_head":"<!-- This site is optimized with the Yoast SEO plugin v27.4 - https:\/\/yoast.com\/product\/yoast-seo-wordpress\/ -->\n<title>Yolsuzluq \u0130smay\u0131ll\u0131n\u0131n b\u0259zi k\u0259ndl\u0259rinin bo\u015falmas\u0131na s\u0259b\u0259b olur - MEYDAN.TV<\/title>\n<meta name=\"robots\" content=\"index, follow, max-snippet:-1, max-image-preview:large, max-video-preview:-1\" \/>\n<link rel=\"canonical\" href=\"https:\/\/www.meydan.tv\/az\/article\/yolsuzluq-ismayillinin-bezi-kendlerinin-bosalmasina-sebeb-olur\/\" \/>\n<meta property=\"og:locale\" content=\"az_AZ\" \/>\n<meta property=\"og:type\" content=\"article\" \/>\n<meta property=\"og:title\" content=\"Yolsuzluq \u0130smay\u0131ll\u0131n\u0131n b\u0259zi k\u0259ndl\u0259rinin bo\u015falmas\u0131na s\u0259b\u0259b olur - MEYDAN.TV\" \/>\n<meta property=\"og:description\" content=\"\u201cSonuncu d\u0259f\u0259 ke\u00e7mi\u015f n\u0259qliyyat naziri Ziya M\u0259mm\u0259dov 4 k\u0259ndin sakinl\u0259ri ... Davam\u0131\" \/>\n<meta property=\"og:url\" content=\"https:\/\/www.meydan.tv\/az\/article\/yolsuzluq-ismayillinin-bezi-kendlerinin-bosalmasina-sebeb-olur\/\" \/>\n<meta property=\"og:site_name\" content=\"MEYDAN.TV\" \/>\n<meta property=\"article:published_time\" content=\"2023-11-14T15:51:34+00:00\" \/>\n<meta property=\"article:modified_time\" content=\"2023-11-14T15:51:40+00:00\" \/>\n<meta property=\"og:image\" content=\"https:\/\/www.meydan.tv\/wp-content\/uploads\/40068b14-148a-4356-abfb-21e526be1d40.jpg\" \/>\n\t<meta property=\"og:image:width\" content=\"1200\" \/>\n\t<meta property=\"og:image:height\" content=\"892\" \/>\n\t<meta property=\"og:image:type\" content=\"image\/jpeg\" \/>\n<meta name=\"author\" content=\"elli\" \/>\n<meta name=\"twitter:card\" content=\"summary_large_image\" \/>\n<meta name=\"twitter:creator\" content=\"@elli\" \/>\n<script type=\"application\/ld+json\" class=\"yoast-schema-graph\">{\"@context\":\"https:\\\/\\\/schema.org\",\"@graph\":[{\"@type\":\"Article\",\"@id\":\"https:\\\/\\\/www.meydan.tv\\\/az\\\/article\\\/yolsuzluq-ismayillinin-bezi-kendlerinin-bosalmasina-sebeb-olur\\\/#article\",\"isPartOf\":{\"@id\":\"https:\\\/\\\/www.meydan.tv\\\/az\\\/article\\\/yolsuzluq-ismayillinin-bezi-kendlerinin-bosalmasina-sebeb-olur\\\/\"},\"author\":{\"name\":\"elli\",\"@id\":\"https:\\\/\\\/www.meydan.tv\\\/az\\\/#\\\/schema\\\/person\\\/9cdbecf90d17180ce1dfbd95b08dcf47\"},\"headline\":\"Yolsuzluq \u0130smay\u0131ll\u0131n\u0131n b\u0259zi k\u0259ndl\u0259rinin bo\u015falmas\u0131na s\u0259b\u0259b olur\",\"datePublished\":\"2023-11-14T15:51:34+00:00\",\"dateModified\":\"2023-11-14T15:51:40+00:00\",\"mainEntityOfPage\":{\"@id\":\"https:\\\/\\\/www.meydan.tv\\\/az\\\/article\\\/yolsuzluq-ismayillinin-bezi-kendlerinin-bosalmasina-sebeb-olur\\\/\"},\"wordCount\":634,\"publisher\":{\"@id\":\"https:\\\/\\\/www.meydan.tv\\\/az\\\/#organization\"},\"image\":{\"@id\":\"https:\\\/\\\/www.meydan.tv\\\/az\\\/article\\\/yolsuzluq-ismayillinin-bezi-kendlerinin-bosalmasina-sebeb-olur\\\/#primaryimage\"},\"thumbnailUrl\":\"https:\\\/\\\/www.meydan.tv\\\/wp-content\\\/uploads\\\/40068b14-148a-4356-abfb-21e526be1d40.jpg\",\"articleSection\":[\"B\u00f6lg\u0259\",\"T\u00f6vsiy\u0259\",\"X\u0259b\u0259rl\u0259r\"],\"inLanguage\":\"az\"},{\"@type\":\"WebPage\",\"@id\":\"https:\\\/\\\/www.meydan.tv\\\/az\\\/article\\\/yolsuzluq-ismayillinin-bezi-kendlerinin-bosalmasina-sebeb-olur\\\/\",\"url\":\"https:\\\/\\\/www.meydan.tv\\\/az\\\/article\\\/yolsuzluq-ismayillinin-bezi-kendlerinin-bosalmasina-sebeb-olur\\\/\",\"name\":\"Yolsuzluq \u0130smay\u0131ll\u0131n\u0131n b\u0259zi k\u0259ndl\u0259rinin bo\u015falmas\u0131na s\u0259b\u0259b olur - MEYDAN.TV\",\"isPartOf\":{\"@id\":\"https:\\\/\\\/www.meydan.tv\\\/az\\\/#website\"},\"primaryImageOfPage\":{\"@id\":\"https:\\\/\\\/www.meydan.tv\\\/az\\\/article\\\/yolsuzluq-ismayillinin-bezi-kendlerinin-bosalmasina-sebeb-olur\\\/#primaryimage\"},\"image\":{\"@id\":\"https:\\\/\\\/www.meydan.tv\\\/az\\\/article\\\/yolsuzluq-ismayillinin-bezi-kendlerinin-bosalmasina-sebeb-olur\\\/#primaryimage\"},\"thumbnailUrl\":\"https:\\\/\\\/www.meydan.tv\\\/wp-content\\\/uploads\\\/40068b14-148a-4356-abfb-21e526be1d40.jpg\",\"datePublished\":\"2023-11-14T15:51:34+00:00\",\"dateModified\":\"2023-11-14T15:51:40+00:00\",\"breadcrumb\":{\"@id\":\"https:\\\/\\\/www.meydan.tv\\\/az\\\/article\\\/yolsuzluq-ismayillinin-bezi-kendlerinin-bosalmasina-sebeb-olur\\\/#breadcrumb\"},\"inLanguage\":\"az\",\"potentialAction\":[{\"@type\":\"ReadAction\",\"target\":[\"https:\\\/\\\/www.meydan.tv\\\/az\\\/article\\\/yolsuzluq-ismayillinin-bezi-kendlerinin-bosalmasina-sebeb-olur\\\/\"]}]},{\"@type\":\"ImageObject\",\"inLanguage\":\"az\",\"@id\":\"https:\\\/\\\/www.meydan.tv\\\/az\\\/article\\\/yolsuzluq-ismayillinin-bezi-kendlerinin-bosalmasina-sebeb-olur\\\/#primaryimage\",\"url\":\"https:\\\/\\\/www.meydan.tv\\\/wp-content\\\/uploads\\\/40068b14-148a-4356-abfb-21e526be1d40.jpg\",\"contentUrl\":\"https:\\\/\\\/www.meydan.tv\\\/wp-content\\\/uploads\\\/40068b14-148a-4356-abfb-21e526be1d40.jpg\",\"width\":1200,\"height\":892,\"caption\":\"Fotolar: Meydan TV\"},{\"@type\":\"BreadcrumbList\",\"@id\":\"https:\\\/\\\/www.meydan.tv\\\/az\\\/article\\\/yolsuzluq-ismayillinin-bezi-kendlerinin-bosalmasina-sebeb-olur\\\/#breadcrumb\",\"itemListElement\":[{\"@type\":\"ListItem\",\"position\":1,\"name\":\"Ana s\u0259hif\u0259\",\"item\":\"https:\\\/\\\/www.meydan.tv\\\/az\\\/\"},{\"@type\":\"ListItem\",\"position\":2,\"name\":\"B\u00f6lg\u0259\",\"item\":\"https:\\\/\\\/www.meydan.tv\\\/az\\\/section\\\/bolge\\\/\"},{\"@type\":\"ListItem\",\"position\":3,\"name\":\"Yolsuzluq \u0130smay\u0131ll\u0131n\u0131n b\u0259zi k\u0259ndl\u0259rinin bo\u015falmas\u0131na s\u0259b\u0259b olur\"}]},{\"@type\":\"WebSite\",\"@id\":\"https:\\\/\\\/www.meydan.tv\\\/az\\\/#website\",\"url\":\"https:\\\/\\\/www.meydan.tv\\\/az\\\/\",\"name\":\"MEYDAN.TV\",\"description\":\"Meydan TV Az\u0259rbaycan\u0131n media m\u0259kan\u0131ndak\u0131 alternativ s\u0259sidir\",\"publisher\":{\"@id\":\"https:\\\/\\\/www.meydan.tv\\\/az\\\/#organization\"},\"potentialAction\":[{\"@type\":\"SearchAction\",\"target\":{\"@type\":\"EntryPoint\",\"urlTemplate\":\"https:\\\/\\\/www.meydan.tv\\\/az\\\/?s={search_term_string}\"},\"query-input\":{\"@type\":\"PropertyValueSpecification\",\"valueRequired\":true,\"valueName\":\"search_term_string\"}}],\"inLanguage\":\"az\"},{\"@type\":\"Organization\",\"@id\":\"https:\\\/\\\/www.meydan.tv\\\/az\\\/#organization\",\"name\":\"Meydan TV\",\"url\":\"https:\\\/\\\/www.meydan.tv\\\/az\\\/\",\"logo\":{\"@type\":\"ImageObject\",\"inLanguage\":\"az\",\"@id\":\"https:\\\/\\\/www.meydan.tv\\\/az\\\/#\\\/schema\\\/logo\\\/image\\\/\",\"url\":\"https:\\\/\\\/www.meydan.tv\\\/wp-content\\\/uploads\\\/2021\\\/07\\\/meydan-logo.svg\",\"contentUrl\":\"https:\\\/\\\/www.meydan.tv\\\/wp-content\\\/uploads\\\/2021\\\/07\\\/meydan-logo.svg\",\"width\":195,\"height\":46,\"caption\":\"Meydan TV\"},\"image\":{\"@id\":\"https:\\\/\\\/www.meydan.tv\\\/az\\\/#\\\/schema\\\/logo\\\/image\\\/\"}},{\"@type\":\"Person\",\"@id\":\"https:\\\/\\\/www.meydan.tv\\\/az\\\/#\\\/schema\\\/person\\\/9cdbecf90d17180ce1dfbd95b08dcf47\",\"name\":\"elli\",\"sameAs\":[\"https:\\\/\\\/x.com\\\/elli\"]}]}<\/script>\n<!-- \/ Yoast SEO plugin. -->","yoast_head_json":{"title":"Yolsuzluq \u0130smay\u0131ll\u0131n\u0131n b\u0259zi k\u0259ndl\u0259rinin bo\u015falmas\u0131na s\u0259b\u0259b olur - MEYDAN.TV","robots":{"index":"index","follow":"follow","max-snippet":"max-snippet:-1","max-image-preview":"max-image-preview:large","max-video-preview":"max-video-preview:-1"},"canonical":"https:\/\/www.meydan.tv\/az\/article\/yolsuzluq-ismayillinin-bezi-kendlerinin-bosalmasina-sebeb-olur\/","og_locale":"az_AZ","og_type":"article","og_title":"Yolsuzluq \u0130smay\u0131ll\u0131n\u0131n b\u0259zi k\u0259ndl\u0259rinin bo\u015falmas\u0131na s\u0259b\u0259b olur - MEYDAN.TV","og_description":"\u201cSonuncu d\u0259f\u0259 ke\u00e7mi\u015f n\u0259qliyyat naziri Ziya M\u0259mm\u0259dov 4 k\u0259ndin sakinl\u0259ri ... Davam\u0131","og_url":"https:\/\/www.meydan.tv\/az\/article\/yolsuzluq-ismayillinin-bezi-kendlerinin-bosalmasina-sebeb-olur\/","og_site_name":"MEYDAN.TV","article_published_time":"2023-11-14T15:51:34+00:00","article_modified_time":"2023-11-14T15:51:40+00:00","og_image":[{"width":1200,"height":892,"url":"https:\/\/www.meydan.tv\/wp-content\/uploads\/40068b14-148a-4356-abfb-21e526be1d40.jpg","type":"image\/jpeg"}],"author":"elli","twitter_card":"summary_large_image","twitter_creator":"@elli","schema":{"@context":"https:\/\/schema.org","@graph":[{"@type":"Article","@id":"https:\/\/www.meydan.tv\/az\/article\/yolsuzluq-ismayillinin-bezi-kendlerinin-bosalmasina-sebeb-olur\/#article","isPartOf":{"@id":"https:\/\/www.meydan.tv\/az\/article\/yolsuzluq-ismayillinin-bezi-kendlerinin-bosalmasina-sebeb-olur\/"},"author":{"name":"elli","@id":"https:\/\/www.meydan.tv\/az\/#\/schema\/person\/9cdbecf90d17180ce1dfbd95b08dcf47"},"headline":"Yolsuzluq \u0130smay\u0131ll\u0131n\u0131n b\u0259zi k\u0259ndl\u0259rinin bo\u015falmas\u0131na s\u0259b\u0259b olur","datePublished":"2023-11-14T15:51:34+00:00","dateModified":"2023-11-14T15:51:40+00:00","mainEntityOfPage":{"@id":"https:\/\/www.meydan.tv\/az\/article\/yolsuzluq-ismayillinin-bezi-kendlerinin-bosalmasina-sebeb-olur\/"},"wordCount":634,"publisher":{"@id":"https:\/\/www.meydan.tv\/az\/#organization"},"image":{"@id":"https:\/\/www.meydan.tv\/az\/article\/yolsuzluq-ismayillinin-bezi-kendlerinin-bosalmasina-sebeb-olur\/#primaryimage"},"thumbnailUrl":"https:\/\/www.meydan.tv\/wp-content\/uploads\/40068b14-148a-4356-abfb-21e526be1d40.jpg","articleSection":["B\u00f6lg\u0259","T\u00f6vsiy\u0259","X\u0259b\u0259rl\u0259r"],"inLanguage":"az"},{"@type":"WebPage","@id":"https:\/\/www.meydan.tv\/az\/article\/yolsuzluq-ismayillinin-bezi-kendlerinin-bosalmasina-sebeb-olur\/","url":"https:\/\/www.meydan.tv\/az\/article\/yolsuzluq-ismayillinin-bezi-kendlerinin-bosalmasina-sebeb-olur\/","name":"Yolsuzluq \u0130smay\u0131ll\u0131n\u0131n b\u0259zi k\u0259ndl\u0259rinin bo\u015falmas\u0131na s\u0259b\u0259b olur - MEYDAN.TV","isPartOf":{"@id":"https:\/\/www.meydan.tv\/az\/#website"},"primaryImageOfPage":{"@id":"https:\/\/www.meydan.tv\/az\/article\/yolsuzluq-ismayillinin-bezi-kendlerinin-bosalmasina-sebeb-olur\/#primaryimage"},"image":{"@id":"https:\/\/www.meydan.tv\/az\/article\/yolsuzluq-ismayillinin-bezi-kendlerinin-bosalmasina-sebeb-olur\/#primaryimage"},"thumbnailUrl":"https:\/\/www.meydan.tv\/wp-content\/uploads\/40068b14-148a-4356-abfb-21e526be1d40.jpg","datePublished":"2023-11-14T15:51:34+00:00","dateModified":"2023-11-14T15:51:40+00:00","breadcrumb":{"@id":"https:\/\/www.meydan.tv\/az\/article\/yolsuzluq-ismayillinin-bezi-kendlerinin-bosalmasina-sebeb-olur\/#breadcrumb"},"inLanguage":"az","potentialAction":[{"@type":"ReadAction","target":["https:\/\/www.meydan.tv\/az\/article\/yolsuzluq-ismayillinin-bezi-kendlerinin-bosalmasina-sebeb-olur\/"]}]},{"@type":"ImageObject","inLanguage":"az","@id":"https:\/\/www.meydan.tv\/az\/article\/yolsuzluq-ismayillinin-bezi-kendlerinin-bosalmasina-sebeb-olur\/#primaryimage","url":"https:\/\/www.meydan.tv\/wp-content\/uploads\/40068b14-148a-4356-abfb-21e526be1d40.jpg","contentUrl":"https:\/\/www.meydan.tv\/wp-content\/uploads\/40068b14-148a-4356-abfb-21e526be1d40.jpg","width":1200,"height":892,"caption":"Fotolar: Meydan TV"},{"@type":"BreadcrumbList","@id":"https:\/\/www.meydan.tv\/az\/article\/yolsuzluq-ismayillinin-bezi-kendlerinin-bosalmasina-sebeb-olur\/#breadcrumb","itemListElement":[{"@type":"ListItem","position":1,"name":"Ana s\u0259hif\u0259","item":"https:\/\/www.meydan.tv\/az\/"},{"@type":"ListItem","position":2,"name":"B\u00f6lg\u0259","item":"https:\/\/www.meydan.tv\/az\/section\/bolge\/"},{"@type":"ListItem","position":3,"name":"Yolsuzluq \u0130smay\u0131ll\u0131n\u0131n b\u0259zi k\u0259ndl\u0259rinin bo\u015falmas\u0131na s\u0259b\u0259b olur"}]},{"@type":"WebSite","@id":"https:\/\/www.meydan.tv\/az\/#website","url":"https:\/\/www.meydan.tv\/az\/","name":"MEYDAN.TV","description":"Meydan TV Az\u0259rbaycan\u0131n media m\u0259kan\u0131ndak\u0131 alternativ s\u0259sidir","publisher":{"@id":"https:\/\/www.meydan.tv\/az\/#organization"},"potentialAction":[{"@type":"SearchAction","target":{"@type":"EntryPoint","urlTemplate":"https:\/\/www.meydan.tv\/az\/?s={search_term_string}"},"query-input":{"@type":"PropertyValueSpecification","valueRequired":true,"valueName":"search_term_string"}}],"inLanguage":"az"},{"@type":"Organization","@id":"https:\/\/www.meydan.tv\/az\/#organization","name":"Meydan TV","url":"https:\/\/www.meydan.tv\/az\/","logo":{"@type":"ImageObject","inLanguage":"az","@id":"https:\/\/www.meydan.tv\/az\/#\/schema\/logo\/image\/","url":"https:\/\/www.meydan.tv\/wp-content\/uploads\/2021\/07\/meydan-logo.svg","contentUrl":"https:\/\/www.meydan.tv\/wp-content\/uploads\/2021\/07\/meydan-logo.svg","width":195,"height":46,"caption":"Meydan TV"},"image":{"@id":"https:\/\/www.meydan.tv\/az\/#\/schema\/logo\/image\/"}},{"@type":"Person","@id":"https:\/\/www.meydan.tv\/az\/#\/schema\/person\/9cdbecf90d17180ce1dfbd95b08dcf47","name":"elli","sameAs":["https:\/\/x.com\/elli"]}]}},"_links":{"self":[{"href":"https:\/\/www.meydan.tv\/az\/wp-json\/wp\/v2\/posts\/290391","targetHints":{"allow":["GET"]}}],"collection":[{"href":"https:\/\/www.meydan.tv\/az\/wp-json\/wp\/v2\/posts"}],"about":[{"href":"https:\/\/www.meydan.tv\/az\/wp-json\/wp\/v2\/types\/post"}],"author":[{"embeddable":true,"href":"https:\/\/www.meydan.tv\/az\/wp-json\/wp\/v2\/users\/8"}],"replies":[{"embeddable":true,"href":"https:\/\/www.meydan.tv\/az\/wp-json\/wp\/v2\/comments?post=290391"}],"version-history":[{"count":3,"href":"https:\/\/www.meydan.tv\/az\/wp-json\/wp\/v2\/posts\/290391\/revisions"}],"predecessor-version":[{"id":290394,"href":"https:\/\/www.meydan.tv\/az\/wp-json\/wp\/v2\/posts\/290391\/revisions\/290394"}],"wp:featuredmedia":[{"embeddable":true,"href":"https:\/\/www.meydan.tv\/az\/wp-json\/wp\/v2\/media\/290388"}],"wp:attachment":[{"href":"https:\/\/www.meydan.tv\/az\/wp-json\/wp\/v2\/media?parent=290391"}],"wp:term":[{"taxonomy":"category","embeddable":true,"href":"https:\/\/www.meydan.tv\/az\/wp-json\/wp\/v2\/categories?post=290391"},{"taxonomy":"post_tag","embeddable":true,"href":"https:\/\/www.meydan.tv\/az\/wp-json\/wp\/v2\/tags?post=290391"}],"curies":[{"name":"wp","href":"https:\/\/api.w.org\/{rel}","templated":true}]}}