{"id":290344,"date":"2023-11-14T16:15:20","date_gmt":"2023-11-14T12:15:20","guid":{"rendered":"https:\/\/www.meydan.tv\/?p=290344"},"modified":"2023-11-14T16:15:23","modified_gmt":"2023-11-14T12:15:23","slug":"efqan-miqrantlar-turkiyeden-ve-qonsu-olkelerden-oz-olkelerine-deport-olunur","status":"publish","type":"post","link":"https:\/\/www.meydan.tv\/az\/article\/efqan-miqrantlar-turkiyeden-ve-qonsu-olkelerden-oz-olkelerine-deport-olunur\/","title":{"rendered":"\u018ffqan miqrantlar T\u00fcrkiy\u0259d\u0259n v\u0259 qon\u015fu \u00f6lk\u0259l\u0259rd\u0259n \u00f6z \u00f6lk\u0259l\u0259rin\u0259 deport olunur"},"content":{"rendered":"\n<figure class=\"wp-block-embed is-type-video is-provider-youtube wp-block-embed-youtube wp-embed-aspect-16-9 wp-has-aspect-ratio\"><div class=\"wp-block-embed__wrapper\">\n<iframe title=\"\u018ffqan miqrantlar T\u00fcrkiy\u0259d\u0259n v\u0259 qon\u015fu \u00f6lk\u0259l\u0259rd\u0259n \u00f6z \u00f6lk\u0259l\u0259rin\u0259 deport olunur\" width=\"1200\" height=\"675\" data-src=\"https:\/\/www.youtube.com\/embed\/7LnGEYQnei4?feature=oembed\" frameborder=\"0\" allow=\"accelerometer; autoplay; clipboard-write; encrypted-media; gyroscope; picture-in-picture; web-share\" allowfullscreen src=\"data:image\/svg+xml;base64,PHN2ZyB3aWR0aD0iMSIgaGVpZ2h0PSIxIiB4bWxucz0iaHR0cDovL3d3dy53My5vcmcvMjAwMC9zdmciPjwvc3ZnPg==\" class=\"lazyload\" data-load-mode=\"1\"><\/iframe>\n<\/div><\/figure>\n\n\n\n<p><strong><em>Son h\u0259ft\u0259l\u0259r T\u00fcrkiy\u0259d\u0259n 4 min\u0259d\u0259k \u0259fqan\u0131n deportasiya olundu\u011fu bildirilir. <\/em><\/strong><\/p>\n\n\n\n<p>Ankara bildirib ki, Kabil\u0259 x\u00fcsusi reysl\u0259rl\u0259 3 min 900-d\u0259k \u0259fqan yola sal\u0131n\u0131b. \u018ffqanlar qon\u015fu Pakistan v\u0259 \u0130randan da deportasiya olunmaqdad\u0131r. Son bir ayda bu iki \u00f6lk\u0259d\u0259n 400 min \u0259fqan\u0131n repatriasiya olundu\u011fu x\u0259b\u0259r verilir. <\/p>\n\n\n\n<p>Taliban rejimi d\u00f6vr\u00fcnd\u0259 \u00e7\u0259tinl\u0259\u015f\u0259n h\u0259yat \u015f\u0259raiti \u0259fqan miqrantlar\u0131n daha yax\u015f\u0131 h\u0259yat \u00fcmidi il\u0259 \u00f6lk\u0259l\u0259rind\u0259n qa\u00e7mas\u0131na s\u0259b\u0259b olub. Onlar \u00f6z\u0259llikl\u0259 qon\u015fu \u00f6lk\u0259l\u0259r\u0259 \u00fcz tutublar. B\u0259zi \u0259fqanlar T\u00fcrkiy\u0259d\u0259n s\u0131\u011f\u0131nacaq ist\u0259yib, burada i\u015f tap\u0131b, b\u0259zil\u0259ri is\u0259 qon\u015fu Yunan\u0131stana, oradan da Avropa \u0130ttifaq\u0131n\u0131n dig\u0259r \u00f6lk\u0259l\u0259rin\u0259 ke\u00e7m\u0259k \u00fc\u00e7\u00fcn mar\u015frut kimi istifad\u0259 edibl\u0259r. <\/p>\n\n\n\n<p>BMT-nin Qa\u00e7q\u0131nlar \u00fczr\u0259 Ali Komissarl\u0131\u011f\u0131n\u0131n m\u0259lumat\u0131na g\u00f6r\u0259, T\u00fcrkiy\u0259d\u0259 d\u00fcnyan\u0131n \u0259n b\u00f6y\u00fck qa\u00e7q\u0131n icmalar\u0131ndan biri yerl\u0259\u015fir. Bu \u00f6lk\u0259d\u0259 3.6 milyon suriyal\u0131n\u0131n, 300 mind\u0259n \u00e7ox dig\u0259r mill\u0259tl\u0259rd\u0259n, \u0259sas\u0259n \u0259fqanlardan ibar\u0259t qa\u00e7q\u0131nlar\u0131n ya\u015fad\u0131\u011f\u0131 bildirilir. <\/p>\n\n\n\n<p>T\u00fcrkiy\u0259 \u00f6t\u0259n il 50 min\u0259d\u0259k \u0259fqan\u0131 \u00f6z \u00f6lk\u0259sin\u0259 deportasiya edib. <\/p>\n\n\n\n<p>&#8220;Human Rights Watch&#8221; Beyn\u0259lxalq \u0130nsan Haqlar\u0131 t\u0259\u015fkilat\u0131 2022-ci il hesabat\u0131nda Ankaran\u0131, \u0259sas\u0259n, s\u0259n\u0259dsiz olan 10 minl\u0259rl\u0259 \u0259fqan\u0131 m\u00fct\u0259madi olaraq \u0130ranla quru s\u0259rh\u0259din\u0259 y\u00f6n\u0259ltdiyin\u0259, onlar\u0131n beyn\u0259lxalq qoruma \u00fc\u00e7\u00fcn m\u00fcraci\u0259tl\u0259rini az hallarda, yaxud he\u00e7 n\u0259z\u0259r\u0259 almad\u0131\u011f\u0131na g\u00f6r\u0259 t\u0259nqid edib.<\/p>\n","protected":false},"excerpt":{"rendered":"<p>Son h\u0259ft\u0259l\u0259r T\u00fcrkiy\u0259d\u0259n 4 min\u0259d\u0259k \u0259fqan\u0131n deportasiya olundu\u011fu bildirilir. Ankara &#8230; <\/p>\n<p class=\"read-more-container\"><a title=\"\u018ffqan miqrantlar T\u00fcrkiy\u0259d\u0259n v\u0259 qon\u015fu \u00f6lk\u0259l\u0259rd\u0259n \u00f6z \u00f6lk\u0259l\u0259rin\u0259 deport olunur\" class=\"read-more button\" href=\"https:\/\/www.meydan.tv\/az\/article\/efqan-miqrantlar-turkiyeden-ve-qonsu-olkelerden-oz-olkelerine-deport-olunur\/#more-290344\" aria-label=\"Read more about \u018ffqan miqrantlar T\u00fcrkiy\u0259d\u0259n v\u0259 qon\u015fu \u00f6lk\u0259l\u0259rd\u0259n \u00f6z \u00f6lk\u0259l\u0259rin\u0259 deport olunur\">Davam\u0131<\/a><\/p>\n","protected":false},"author":12,"featured_media":290345,"comment_status":"closed","ping_status":"closed","sticky":false,"template":"","format":"standard","meta":{"_acf_changed":false,"_sitemap_exclude":false,"_sitemap_priority":"","_sitemap_frequency":"","footnotes":""},"categories":[64,63],"tags":[],"class_list":["post-290344","post","type-post","status-publish","format-standard","has-post-thumbnail","hentry","category-dunya","category-video-2","infinite-scroll-item","generate-columns","tablet-grid-50","mobile-grid-100","grid-parent","grid-33","no-featured-image-padding"],"acf":[],"yoast_head":"<!-- This site is optimized with the Yoast SEO plugin v27.4 - https:\/\/yoast.com\/product\/yoast-seo-wordpress\/ -->\n<title>\u018ffqan miqrantlar T\u00fcrkiy\u0259d\u0259n v\u0259 qon\u015fu \u00f6lk\u0259l\u0259rd\u0259n \u00f6z \u00f6lk\u0259l\u0259rin\u0259 deport olunur - MEYDAN.TV<\/title>\n<meta name=\"robots\" content=\"index, follow, max-snippet:-1, max-image-preview:large, max-video-preview:-1\" \/>\n<link rel=\"canonical\" href=\"https:\/\/www.meydan.tv\/az\/article\/efqan-miqrantlar-turkiyeden-ve-qonsu-olkelerden-oz-olkelerine-deport-olunur\/\" \/>\n<meta property=\"og:locale\" content=\"az_AZ\" \/>\n<meta property=\"og:type\" content=\"article\" \/>\n<meta property=\"og:title\" content=\"\u018ffqan miqrantlar T\u00fcrkiy\u0259d\u0259n v\u0259 qon\u015fu \u00f6lk\u0259l\u0259rd\u0259n \u00f6z \u00f6lk\u0259l\u0259rin\u0259 deport olunur - MEYDAN.TV\" \/>\n<meta property=\"og:description\" content=\"Son h\u0259ft\u0259l\u0259r T\u00fcrkiy\u0259d\u0259n 4 min\u0259d\u0259k \u0259fqan\u0131n deportasiya olundu\u011fu bildirilir. Ankara ... Davam\u0131\" \/>\n<meta property=\"og:url\" content=\"https:\/\/www.meydan.tv\/az\/article\/efqan-miqrantlar-turkiyeden-ve-qonsu-olkelerden-oz-olkelerine-deport-olunur\/\" \/>\n<meta property=\"og:site_name\" content=\"MEYDAN.TV\" \/>\n<meta property=\"article:published_time\" content=\"2023-11-14T12:15:20+00:00\" \/>\n<meta property=\"article:modified_time\" content=\"2023-11-14T12:15:23+00:00\" \/>\n<meta property=\"og:image\" content=\"https:\/\/www.meydan.tv\/wp-content\/uploads\/reportaj-cover-2-10.png\" \/>\n\t<meta property=\"og:image:width\" content=\"1280\" \/>\n\t<meta property=\"og:image:height\" content=\"720\" \/>\n\t<meta property=\"og:image:type\" content=\"image\/png\" \/>\n<meta name=\"author\" content=\"aleks\" \/>\n<meta name=\"twitter:card\" content=\"summary_large_image\" \/>\n<script type=\"application\/ld+json\" class=\"yoast-schema-graph\">{\"@context\":\"https:\\\/\\\/schema.org\",\"@graph\":[{\"@type\":\"Article\",\"@id\":\"https:\\\/\\\/www.meydan.tv\\\/az\\\/article\\\/efqan-miqrantlar-turkiyeden-ve-qonsu-olkelerden-oz-olkelerine-deport-olunur\\\/#article\",\"isPartOf\":{\"@id\":\"https:\\\/\\\/www.meydan.tv\\\/az\\\/article\\\/efqan-miqrantlar-turkiyeden-ve-qonsu-olkelerden-oz-olkelerine-deport-olunur\\\/\"},\"author\":{\"name\":\"aleks\",\"@id\":\"https:\\\/\\\/www.meydan.tv\\\/az\\\/#\\\/schema\\\/person\\\/476e9360e593fa131d5d71d51866f8da\"},\"headline\":\"\u018ffqan miqrantlar T\u00fcrkiy\u0259d\u0259n v\u0259 qon\u015fu \u00f6lk\u0259l\u0259rd\u0259n \u00f6z \u00f6lk\u0259l\u0259rin\u0259 deport olunur\",\"datePublished\":\"2023-11-14T12:15:20+00:00\",\"dateModified\":\"2023-11-14T12:15:23+00:00\",\"mainEntityOfPage\":{\"@id\":\"https:\\\/\\\/www.meydan.tv\\\/az\\\/article\\\/efqan-miqrantlar-turkiyeden-ve-qonsu-olkelerden-oz-olkelerine-deport-olunur\\\/\"},\"wordCount\":307,\"publisher\":{\"@id\":\"https:\\\/\\\/www.meydan.tv\\\/az\\\/#organization\"},\"image\":{\"@id\":\"https:\\\/\\\/www.meydan.tv\\\/az\\\/article\\\/efqan-miqrantlar-turkiyeden-ve-qonsu-olkelerden-oz-olkelerine-deport-olunur\\\/#primaryimage\"},\"thumbnailUrl\":\"https:\\\/\\\/www.meydan.tv\\\/wp-content\\\/uploads\\\/reportaj-cover-2-10.png\",\"articleSection\":[\"D\u00fcnya\",\"Video\"],\"inLanguage\":\"az\"},{\"@type\":\"WebPage\",\"@id\":\"https:\\\/\\\/www.meydan.tv\\\/az\\\/article\\\/efqan-miqrantlar-turkiyeden-ve-qonsu-olkelerden-oz-olkelerine-deport-olunur\\\/\",\"url\":\"https:\\\/\\\/www.meydan.tv\\\/az\\\/article\\\/efqan-miqrantlar-turkiyeden-ve-qonsu-olkelerden-oz-olkelerine-deport-olunur\\\/\",\"name\":\"\u018ffqan miqrantlar T\u00fcrkiy\u0259d\u0259n v\u0259 qon\u015fu \u00f6lk\u0259l\u0259rd\u0259n \u00f6z \u00f6lk\u0259l\u0259rin\u0259 deport olunur - MEYDAN.TV\",\"isPartOf\":{\"@id\":\"https:\\\/\\\/www.meydan.tv\\\/az\\\/#website\"},\"primaryImageOfPage\":{\"@id\":\"https:\\\/\\\/www.meydan.tv\\\/az\\\/article\\\/efqan-miqrantlar-turkiyeden-ve-qonsu-olkelerden-oz-olkelerine-deport-olunur\\\/#primaryimage\"},\"image\":{\"@id\":\"https:\\\/\\\/www.meydan.tv\\\/az\\\/article\\\/efqan-miqrantlar-turkiyeden-ve-qonsu-olkelerden-oz-olkelerine-deport-olunur\\\/#primaryimage\"},\"thumbnailUrl\":\"https:\\\/\\\/www.meydan.tv\\\/wp-content\\\/uploads\\\/reportaj-cover-2-10.png\",\"datePublished\":\"2023-11-14T12:15:20+00:00\",\"dateModified\":\"2023-11-14T12:15:23+00:00\",\"breadcrumb\":{\"@id\":\"https:\\\/\\\/www.meydan.tv\\\/az\\\/article\\\/efqan-miqrantlar-turkiyeden-ve-qonsu-olkelerden-oz-olkelerine-deport-olunur\\\/#breadcrumb\"},\"inLanguage\":\"az\",\"potentialAction\":[{\"@type\":\"ReadAction\",\"target\":[\"https:\\\/\\\/www.meydan.tv\\\/az\\\/article\\\/efqan-miqrantlar-turkiyeden-ve-qonsu-olkelerden-oz-olkelerine-deport-olunur\\\/\"]}]},{\"@type\":\"ImageObject\",\"inLanguage\":\"az\",\"@id\":\"https:\\\/\\\/www.meydan.tv\\\/az\\\/article\\\/efqan-miqrantlar-turkiyeden-ve-qonsu-olkelerden-oz-olkelerine-deport-olunur\\\/#primaryimage\",\"url\":\"https:\\\/\\\/www.meydan.tv\\\/wp-content\\\/uploads\\\/reportaj-cover-2-10.png\",\"contentUrl\":\"https:\\\/\\\/www.meydan.tv\\\/wp-content\\\/uploads\\\/reportaj-cover-2-10.png\",\"width\":1280,\"height\":720},{\"@type\":\"BreadcrumbList\",\"@id\":\"https:\\\/\\\/www.meydan.tv\\\/az\\\/article\\\/efqan-miqrantlar-turkiyeden-ve-qonsu-olkelerden-oz-olkelerine-deport-olunur\\\/#breadcrumb\",\"itemListElement\":[{\"@type\":\"ListItem\",\"position\":1,\"name\":\"Ana s\u0259hif\u0259\",\"item\":\"https:\\\/\\\/www.meydan.tv\\\/az\\\/\"},{\"@type\":\"ListItem\",\"position\":2,\"name\":\"Video\",\"item\":\"https:\\\/\\\/www.meydan.tv\\\/az\\\/section\\\/video-2\\\/\"},{\"@type\":\"ListItem\",\"position\":3,\"name\":\"\u018ffqan miqrantlar T\u00fcrkiy\u0259d\u0259n v\u0259 qon\u015fu \u00f6lk\u0259l\u0259rd\u0259n \u00f6z \u00f6lk\u0259l\u0259rin\u0259 deport olunur\"}]},{\"@type\":\"WebSite\",\"@id\":\"https:\\\/\\\/www.meydan.tv\\\/az\\\/#website\",\"url\":\"https:\\\/\\\/www.meydan.tv\\\/az\\\/\",\"name\":\"MEYDAN.TV\",\"description\":\"Meydan TV Az\u0259rbaycan\u0131n media m\u0259kan\u0131ndak\u0131 alternativ s\u0259sidir\",\"publisher\":{\"@id\":\"https:\\\/\\\/www.meydan.tv\\\/az\\\/#organization\"},\"potentialAction\":[{\"@type\":\"SearchAction\",\"target\":{\"@type\":\"EntryPoint\",\"urlTemplate\":\"https:\\\/\\\/www.meydan.tv\\\/az\\\/?s={search_term_string}\"},\"query-input\":{\"@type\":\"PropertyValueSpecification\",\"valueRequired\":true,\"valueName\":\"search_term_string\"}}],\"inLanguage\":\"az\"},{\"@type\":\"Organization\",\"@id\":\"https:\\\/\\\/www.meydan.tv\\\/az\\\/#organization\",\"name\":\"Meydan TV\",\"url\":\"https:\\\/\\\/www.meydan.tv\\\/az\\\/\",\"logo\":{\"@type\":\"ImageObject\",\"inLanguage\":\"az\",\"@id\":\"https:\\\/\\\/www.meydan.tv\\\/az\\\/#\\\/schema\\\/logo\\\/image\\\/\",\"url\":\"https:\\\/\\\/www.meydan.tv\\\/wp-content\\\/uploads\\\/2021\\\/07\\\/meydan-logo.svg\",\"contentUrl\":\"https:\\\/\\\/www.meydan.tv\\\/wp-content\\\/uploads\\\/2021\\\/07\\\/meydan-logo.svg\",\"width\":195,\"height\":46,\"caption\":\"Meydan TV\"},\"image\":{\"@id\":\"https:\\\/\\\/www.meydan.tv\\\/az\\\/#\\\/schema\\\/logo\\\/image\\\/\"}},{\"@type\":\"Person\",\"@id\":\"https:\\\/\\\/www.meydan.tv\\\/az\\\/#\\\/schema\\\/person\\\/476e9360e593fa131d5d71d51866f8da\",\"name\":\"aleks\"}]}<\/script>\n<!-- \/ Yoast SEO plugin. -->","yoast_head_json":{"title":"\u018ffqan miqrantlar T\u00fcrkiy\u0259d\u0259n v\u0259 qon\u015fu \u00f6lk\u0259l\u0259rd\u0259n \u00f6z \u00f6lk\u0259l\u0259rin\u0259 deport olunur - MEYDAN.TV","robots":{"index":"index","follow":"follow","max-snippet":"max-snippet:-1","max-image-preview":"max-image-preview:large","max-video-preview":"max-video-preview:-1"},"canonical":"https:\/\/www.meydan.tv\/az\/article\/efqan-miqrantlar-turkiyeden-ve-qonsu-olkelerden-oz-olkelerine-deport-olunur\/","og_locale":"az_AZ","og_type":"article","og_title":"\u018ffqan miqrantlar T\u00fcrkiy\u0259d\u0259n v\u0259 qon\u015fu \u00f6lk\u0259l\u0259rd\u0259n \u00f6z \u00f6lk\u0259l\u0259rin\u0259 deport olunur - MEYDAN.TV","og_description":"Son h\u0259ft\u0259l\u0259r T\u00fcrkiy\u0259d\u0259n 4 min\u0259d\u0259k \u0259fqan\u0131n deportasiya olundu\u011fu bildirilir. Ankara ... Davam\u0131","og_url":"https:\/\/www.meydan.tv\/az\/article\/efqan-miqrantlar-turkiyeden-ve-qonsu-olkelerden-oz-olkelerine-deport-olunur\/","og_site_name":"MEYDAN.TV","article_published_time":"2023-11-14T12:15:20+00:00","article_modified_time":"2023-11-14T12:15:23+00:00","og_image":[{"width":1280,"height":720,"url":"https:\/\/www.meydan.tv\/wp-content\/uploads\/reportaj-cover-2-10.png","type":"image\/png"}],"author":"aleks","twitter_card":"summary_large_image","schema":{"@context":"https:\/\/schema.org","@graph":[{"@type":"Article","@id":"https:\/\/www.meydan.tv\/az\/article\/efqan-miqrantlar-turkiyeden-ve-qonsu-olkelerden-oz-olkelerine-deport-olunur\/#article","isPartOf":{"@id":"https:\/\/www.meydan.tv\/az\/article\/efqan-miqrantlar-turkiyeden-ve-qonsu-olkelerden-oz-olkelerine-deport-olunur\/"},"author":{"name":"aleks","@id":"https:\/\/www.meydan.tv\/az\/#\/schema\/person\/476e9360e593fa131d5d71d51866f8da"},"headline":"\u018ffqan miqrantlar T\u00fcrkiy\u0259d\u0259n v\u0259 qon\u015fu \u00f6lk\u0259l\u0259rd\u0259n \u00f6z \u00f6lk\u0259l\u0259rin\u0259 deport olunur","datePublished":"2023-11-14T12:15:20+00:00","dateModified":"2023-11-14T12:15:23+00:00","mainEntityOfPage":{"@id":"https:\/\/www.meydan.tv\/az\/article\/efqan-miqrantlar-turkiyeden-ve-qonsu-olkelerden-oz-olkelerine-deport-olunur\/"},"wordCount":307,"publisher":{"@id":"https:\/\/www.meydan.tv\/az\/#organization"},"image":{"@id":"https:\/\/www.meydan.tv\/az\/article\/efqan-miqrantlar-turkiyeden-ve-qonsu-olkelerden-oz-olkelerine-deport-olunur\/#primaryimage"},"thumbnailUrl":"https:\/\/www.meydan.tv\/wp-content\/uploads\/reportaj-cover-2-10.png","articleSection":["D\u00fcnya","Video"],"inLanguage":"az"},{"@type":"WebPage","@id":"https:\/\/www.meydan.tv\/az\/article\/efqan-miqrantlar-turkiyeden-ve-qonsu-olkelerden-oz-olkelerine-deport-olunur\/","url":"https:\/\/www.meydan.tv\/az\/article\/efqan-miqrantlar-turkiyeden-ve-qonsu-olkelerden-oz-olkelerine-deport-olunur\/","name":"\u018ffqan miqrantlar T\u00fcrkiy\u0259d\u0259n v\u0259 qon\u015fu \u00f6lk\u0259l\u0259rd\u0259n \u00f6z \u00f6lk\u0259l\u0259rin\u0259 deport olunur - MEYDAN.TV","isPartOf":{"@id":"https:\/\/www.meydan.tv\/az\/#website"},"primaryImageOfPage":{"@id":"https:\/\/www.meydan.tv\/az\/article\/efqan-miqrantlar-turkiyeden-ve-qonsu-olkelerden-oz-olkelerine-deport-olunur\/#primaryimage"},"image":{"@id":"https:\/\/www.meydan.tv\/az\/article\/efqan-miqrantlar-turkiyeden-ve-qonsu-olkelerden-oz-olkelerine-deport-olunur\/#primaryimage"},"thumbnailUrl":"https:\/\/www.meydan.tv\/wp-content\/uploads\/reportaj-cover-2-10.png","datePublished":"2023-11-14T12:15:20+00:00","dateModified":"2023-11-14T12:15:23+00:00","breadcrumb":{"@id":"https:\/\/www.meydan.tv\/az\/article\/efqan-miqrantlar-turkiyeden-ve-qonsu-olkelerden-oz-olkelerine-deport-olunur\/#breadcrumb"},"inLanguage":"az","potentialAction":[{"@type":"ReadAction","target":["https:\/\/www.meydan.tv\/az\/article\/efqan-miqrantlar-turkiyeden-ve-qonsu-olkelerden-oz-olkelerine-deport-olunur\/"]}]},{"@type":"ImageObject","inLanguage":"az","@id":"https:\/\/www.meydan.tv\/az\/article\/efqan-miqrantlar-turkiyeden-ve-qonsu-olkelerden-oz-olkelerine-deport-olunur\/#primaryimage","url":"https:\/\/www.meydan.tv\/wp-content\/uploads\/reportaj-cover-2-10.png","contentUrl":"https:\/\/www.meydan.tv\/wp-content\/uploads\/reportaj-cover-2-10.png","width":1280,"height":720},{"@type":"BreadcrumbList","@id":"https:\/\/www.meydan.tv\/az\/article\/efqan-miqrantlar-turkiyeden-ve-qonsu-olkelerden-oz-olkelerine-deport-olunur\/#breadcrumb","itemListElement":[{"@type":"ListItem","position":1,"name":"Ana s\u0259hif\u0259","item":"https:\/\/www.meydan.tv\/az\/"},{"@type":"ListItem","position":2,"name":"Video","item":"https:\/\/www.meydan.tv\/az\/section\/video-2\/"},{"@type":"ListItem","position":3,"name":"\u018ffqan miqrantlar T\u00fcrkiy\u0259d\u0259n v\u0259 qon\u015fu \u00f6lk\u0259l\u0259rd\u0259n \u00f6z \u00f6lk\u0259l\u0259rin\u0259 deport olunur"}]},{"@type":"WebSite","@id":"https:\/\/www.meydan.tv\/az\/#website","url":"https:\/\/www.meydan.tv\/az\/","name":"MEYDAN.TV","description":"Meydan TV Az\u0259rbaycan\u0131n media m\u0259kan\u0131ndak\u0131 alternativ s\u0259sidir","publisher":{"@id":"https:\/\/www.meydan.tv\/az\/#organization"},"potentialAction":[{"@type":"SearchAction","target":{"@type":"EntryPoint","urlTemplate":"https:\/\/www.meydan.tv\/az\/?s={search_term_string}"},"query-input":{"@type":"PropertyValueSpecification","valueRequired":true,"valueName":"search_term_string"}}],"inLanguage":"az"},{"@type":"Organization","@id":"https:\/\/www.meydan.tv\/az\/#organization","name":"Meydan TV","url":"https:\/\/www.meydan.tv\/az\/","logo":{"@type":"ImageObject","inLanguage":"az","@id":"https:\/\/www.meydan.tv\/az\/#\/schema\/logo\/image\/","url":"https:\/\/www.meydan.tv\/wp-content\/uploads\/2021\/07\/meydan-logo.svg","contentUrl":"https:\/\/www.meydan.tv\/wp-content\/uploads\/2021\/07\/meydan-logo.svg","width":195,"height":46,"caption":"Meydan TV"},"image":{"@id":"https:\/\/www.meydan.tv\/az\/#\/schema\/logo\/image\/"}},{"@type":"Person","@id":"https:\/\/www.meydan.tv\/az\/#\/schema\/person\/476e9360e593fa131d5d71d51866f8da","name":"aleks"}]}},"_links":{"self":[{"href":"https:\/\/www.meydan.tv\/az\/wp-json\/wp\/v2\/posts\/290344","targetHints":{"allow":["GET"]}}],"collection":[{"href":"https:\/\/www.meydan.tv\/az\/wp-json\/wp\/v2\/posts"}],"about":[{"href":"https:\/\/www.meydan.tv\/az\/wp-json\/wp\/v2\/types\/post"}],"author":[{"embeddable":true,"href":"https:\/\/www.meydan.tv\/az\/wp-json\/wp\/v2\/users\/12"}],"replies":[{"embeddable":true,"href":"https:\/\/www.meydan.tv\/az\/wp-json\/wp\/v2\/comments?post=290344"}],"version-history":[{"count":3,"href":"https:\/\/www.meydan.tv\/az\/wp-json\/wp\/v2\/posts\/290344\/revisions"}],"predecessor-version":[{"id":290350,"href":"https:\/\/www.meydan.tv\/az\/wp-json\/wp\/v2\/posts\/290344\/revisions\/290350"}],"wp:featuredmedia":[{"embeddable":true,"href":"https:\/\/www.meydan.tv\/az\/wp-json\/wp\/v2\/media\/290345"}],"wp:attachment":[{"href":"https:\/\/www.meydan.tv\/az\/wp-json\/wp\/v2\/media?parent=290344"}],"wp:term":[{"taxonomy":"category","embeddable":true,"href":"https:\/\/www.meydan.tv\/az\/wp-json\/wp\/v2\/categories?post=290344"},{"taxonomy":"post_tag","embeddable":true,"href":"https:\/\/www.meydan.tv\/az\/wp-json\/wp\/v2\/tags?post=290344"}],"curies":[{"name":"wp","href":"https:\/\/api.w.org\/{rel}","templated":true}]}}