{"id":290313,"date":"2023-11-14T13:42:58","date_gmt":"2023-11-14T09:42:58","guid":{"rendered":"https:\/\/www.meydan.tv\/?p=290313"},"modified":"2023-11-14T13:43:03","modified_gmt":"2023-11-14T09:43:03","slug":"cozep-borelin-azerbaycana-xeberdarligi-esassiz-deyil","status":"publish","type":"post","link":"https:\/\/www.meydan.tv\/az\/article\/cozep-borelin-azerbaycana-xeberdarligi-esassiz-deyil\/","title":{"rendered":"Cozep Borelin Az\u0259rbaycana x\u0259b\u0259rdarl\u0131\u011f\u0131: &#8220;\u018fsass\u0131z deyil&#8221;"},"content":{"rendered":"\n<p><\/p>\n\n\n\n<p><strong><em>&#8220;Rusiya Az\u0259rbaycan\u0131n Xank\u0259ndid\u0259 h\u0259rbi parad ke\u00e7irm\u0259sin\u0259 el\u0259-bel\u0259 g\u00f6z yummam\u0131\u015fd\u0131&#8221;<\/em><\/strong><\/p>\n\n\n\n<p>Oktyabrda Avropa \u0130ttifaq\u0131 Erm\u0259nistan\u0131n demokratik yolla se\u00e7ilmi\u015f h\u00f6kum\u0259ti v\u0259 t\u0259hl\u00fck\u0259sizliyini d\u0259st\u0259kl\u0259m\u0259k \u00fc\u00e7\u00fcn Yerevanla \u0259m\u0259kda\u015fl\u0131\u011f\u0131n g\u00fccl\u0259ndirilm\u0259sini m\u00fczakir\u0259 edib.<\/p>\n\n\n\n<p>Bunu noyabr\u0131n 13-d\u0259 Br\u00fcsseld\u0259 Avropa \u0130ttifaq\u0131 xarici i\u015fl\u0259r nazirl\u0259rinin g\u00f6r\u00fc\u015f\u00fcnd\u0259 qurumun xarici siyas\u0259t v\u0259 t\u0259hl\u00fck\u0259sizlik siyas\u0259ti \u00fczr\u0259 ali n\u00fcmay\u0259nd\u0259si Cozep Borel deyib.<\/p>\n\n\n\n<p>Diplomat Erm\u0259nistanla viza rejiminin liberalla\u015fmas\u0131n\u0131 \u00f6yr\u0259n\u0259c\u0259kl\u0259rini deyib:<\/p>\n\n\n\n<p><em>\u201cBiz Erm\u0259nistandak\u0131 missiyam\u0131z\u0131 g\u00fccl\u0259ndirm\u0259k q\u0259rar\u0131na g\u0259ldik: s\u0259rh\u0259din t\u0259hl\u00fck\u0259li hiss\u0259l\u0259rind\u0259 daha \u00e7ox m\u00fc\u015fahid\u0259\u00e7i v\u0259 daha \u00e7ox patrul olacaq. Biz h\u0259m\u00e7inin Avropa S\u00fclh Fondu \u00e7\u0259r\u00e7iv\u0259sind\u0259 Erm\u0259nistana m\u00fcmk\u00fcn d\u0259st\u0259yi v\u0259 Erm\u0259nistan \u00fc\u00e7\u00fcn viza rejiminin liberalla\u015fd\u0131r\u0131lmas\u0131n\u0131 \u00f6yr\u0259n\u0259c\u0259yik\u201d.<\/em><\/p>\n\n\n\n<p>Cozep Borel Erm\u0259nistan\u0131n \u0259razi b\u00fct\u00f6vl\u00fcy\u00fcn\u00fcn pozulmas\u0131n\u0131 q\u0259buledilm\u0259z hesab ed\u0259r\u0259k Az\u0259rbaycana da mesaj verib:<\/p>\n\n\n\n<p>&#8220;<em>Erm\u0259nistan\u0131 daxild\u0259n v\u0259 xaricd\u0259n sabitliyi pozmaq c\u0259hdl\u0259rin\u0259 qar\u015f\u0131 say\u0131q olma\u011fa \u00e7a\u011f\u0131r\u0131r\u0131q. Bizim Az\u0259rbaycana mesaj\u0131m\u0131z ayd\u0131nd\u0131r: Erm\u0259nistan\u0131n \u0259razi b\u00fct\u00f6vl\u00fcy\u00fcn\u00fcn h\u0259r hans\u0131 formada pozulmas\u0131 q\u0259buledilm\u0259zdir v\u0259 m\u00fcnasib\u0259tl\u0259rimizin keyfiyy\u0259ti \u00fc\u00e7\u00fcn ciddi n\u0259tic\u0259l\u0259r\u0259 s\u0259b\u0259b olacaq\u201d.<\/em><\/p>\n\n\n\n<p>O, Avropa \u0130ttifaq\u0131 \u015euras\u0131n\u0131n Prezidenti \u015earl Mi\u015feli Bak\u0131yla Yerevan aras\u0131nda dan\u0131\u015f\u0131qlar\u0131 b\u0259rpa etm\u0259y\u0259 \u00e7a\u011f\u0131r\u0131b:<\/p>\n\n\n\n<p>&#8220;<em>Biz s\u00fclh m\u00fcqavil\u0259si ba\u011flamal\u0131y\u0131q v\u0259 vasit\u0259\u00e7ilik rolumuzu davam etdirm\u0259k <a href=\"https:\/\/turan.az\/az\/siyaset\/borrell-azerbaycana-ermenistanin-erazi-butovluyunu-pozmamaq-barede-xeberdarliq-edib-774336\">\u0259zmind\u0259yik\u201d.<\/a><\/em><\/p>\n\n\n\n<p>Az\u0259rbaycan Xarici \u0130\u015fl\u0259r Nazirliyi Cozep Borelin fikirl\u0259rini <em>&#8220;regiondak\u0131 reall\u0131qlar\u0131 q\u0259sd\u0259n t\u0259hrif ed\u0259n ittihamlar tamamil\u0259 qeyri-adekvat v\u0259 q\u0259buledilm\u0259zdir&#8221;<\/em> &#8211; dey\u0259 qiym\u0259tl\u0259ndirib.<\/p>\n\n\n\n<p>Nazirlik noyabr\u0131n 14-d\u0259 yayd\u0131\u011f\u0131 \u015f\u0259rhind\u0259 qeyd edib ki, Avropa \u0130ttifaq\u0131 30 il\u0259 yax\u0131n m\u00fcdd\u0259td\u0259 Az\u0259rbaycan\u0131n suveren \u0259razil\u0259rinin Erm\u0259nistan t\u0259r\u0259find\u0259n h\u0259rbi t\u0259cav\u00fcz\u0259 m\u0259ruz qalmas\u0131na bigan\u0259 yana\u015f\u0131b:<\/p>\n\n\n\n<p>&#8220;<em>Borelin az\u0259rbaycanl\u0131lara qar\u015f\u0131 etnik t\u0259mizl\u0259m\u0259 siyas\u0259ti v\u0259 insanl\u0131q \u0259leyhin\u0259 cinay\u0259tl\u0259ri, 1 milyondan \u00e7ox az\u0259rbaycanl\u0131n\u0131n m\u0259cburi k\u00f6\u00e7k\u00fcn v\u0259 qa\u00e7q\u0131n v\u0259ziyy\u0259tin\u0259 d\u00fc\u015fm\u0259si fakt\u0131n\u0131 q\u0131namaqdan \u00e7\u0259kinm\u0259si fonunda, Erm\u0259nistana ifad\u0259 olunan d\u0259st\u0259k v\u0259 Az\u0259rbaycana qar\u015f\u0131 t\u0259hdid dolu ifad\u0259l\u0259r bu qurumun q\u0259r\u0259zli siyas\u0259tinin v\u0259 ikili standartlar\u0131n\u0131n bariz n\u00fcmun\u0259sidir. A\u0130 Xarici F\u0259aliyy\u0259t Xidm\u0259tinin bu v\u0259 dig\u0259r b\u00f6lg\u0259l\u0259rd\u0259 s\u0259rgil\u0259diyi riyakar yana\u015fmalardan da g\u00f6r\u00fcnd\u00fcy\u00fc kimi, bu qurum yanl\u0131\u015f add\u0131mlar\u0131n qurban\u0131na \u00e7evrilib&#8221;.<\/em><\/p>\n\n\n\n<p>X\u0130N hesab edir ki, Erm\u0259nistan\u0131 beyn\u0259lxalq h\u00fcququn norma v\u0259 prinsipl\u0259rin\u0259 uy\u011fun h\u0259r\u0259k\u0259t etm\u0259y\u0259 t\u0259\u015fviq etm\u0259k \u00fc\u00e7\u00fcn he\u00e7 bir add\u0131m atmayan A\u0130-nin n\u00fcmay\u0259nd\u0259sinin s\u0259sl\u0259ndirdiyi ittihamlar Az\u0259rbaycan\u0131n \u0259razi b\u00fct\u00f6vl\u00fcy\u00fc v\u0259 suverenliyin\u0259 qar\u015f\u0131 t\u0259hdiddir.<\/p>\n\n\n<div class=\"wp-block-image\">\n<figure class=\"aligncenter size-full\"><img decoding=\"async\" width=\"1199\" height=\"797\" data-src=\"https:\/\/www.meydan.tv\/wp-content\/uploads\/xinxariciisler_dsc0018_238.jpg\" alt=\"\" class=\"wp-image-230171 lazyload\" src=\"data:image\/svg+xml;base64,PHN2ZyB3aWR0aD0iMSIgaGVpZ2h0PSIxIiB4bWxucz0iaHR0cDovL3d3dy53My5vcmcvMjAwMC9zdmciPjwvc3ZnPg==\" style=\"--smush-placeholder-width: 1199px; --smush-placeholder-aspect-ratio: 1199\/797;\" \/><figcaption class=\"wp-element-caption\">Foto: X\u0130N<\/figcaption><\/figure>\n<\/div>\n\n\n<p>&#8220;<em>A\u0130-in Erm\u0259nistan\u0131 silahland\u0131rmaq v\u0259 bununla b\u00f6lg\u0259mizd\u0259 s\u00fclh v\u0259 sabitliy\u0259 mane olan m\u0259krli h\u0259rbil\u0259\u015fm\u0259 siyas\u0259tini d\u0259st\u0259kl\u0259m\u0259k s\u0259yl\u0259ri, b\u00f6lg\u0259mizd\u0259 yeni qar\u015f\u0131durmalara s\u00fcr\u00fckl\u0259y\u0259n siyas\u0259tin t\u0259\u015fviq olunmas\u0131d\u0131r. Bunun m\u0259suliyy\u0259ti eyni zamanda A\u0130-nin \u00fcz\u0259rin\u0259 d\u00fc\u015f\u00fcr. Bu m\u0259qs\u0259dl\u0259, dig\u0259r sah\u0259l\u0259rl\u0259 yana\u015f\u0131 h\u0259rbi potensial\u0131n g\u00fccl\u0259ndirilm\u0259sini n\u0259z\u0259rd\u0259 tutan Avropa S\u00fclh T\u0259\u015f\u0259bb\u00fcs\u00fcnd\u0259n istifad\u0259 edilm\u0259si planlar\u0131 b\u00f6lg\u0259d\u0259 g\u0259rginliyin artmas\u0131na xidm\u0259t edir. Az\u0259rbaycanla t\u0259hdid dili il\u0259 dan\u0131\u015fmaq q\u0259buledilm\u0259zdir v\u0259 h\u0259r hans\u0131 qeyri-dost h\u0259r\u0259k\u0259t m\u00fcsb\u0259t n\u0259tic\u0259l\u0259nm\u0259m\u0259kl\u0259 yana\u015f\u0131, adekvat \u015f\u0259kild\u0259 cavabland\u0131r\u0131lacaqd\u0131r&#8221;, <\/em>&#8211; dey\u0259 nazirlik \u0259lav\u0259 <a href=\"https:\/\/www.mfa.gov.az\/az\/news\/no65123\">edib<\/a>.<\/p>\n\n\n\n<p>Bundan ba\u015fqa noyabr\u0131n 8-d\u0259 Az\u0259rbaycan Prezidenti \u0130lham \u018fliyev Xank\u0259ndi \u015f\u0259h\u0259rind\u0259 h\u0259rbi paradda \u00e7\u0131x\u0131\u015f\u0131 zaman\u0131 <em>&#8220;Biz\u0259 yeni m\u00fcharib\u0259 laz\u0131m deyil&#8221; <\/em>bildirmi\u015fdi:<\/p>\n\n\n\n<p>\u00a0<em>&#8220;Biz ist\u0259diyimiz\u0259 nail olduq, beyn\u0259lxalq h\u00fcququ b\u0259rpa etdik, tarixi \u0259dal\u0259ti b\u0259rpa etdik&#8221;<\/em>.<\/p>\n\n\n\n<p>&#8220;<em>Biz b\u00fct\u00fcn v\u0259zif\u0259l\u0259ri icra etmi\u015fik, ancaq bununla b\u0259rab\u0259r, bundan sonra da ordu quruculu\u011fu m\u0259s\u0259l\u0259l\u0259ri bizim \u00fc\u00e7\u00fcn prioritet m\u0259s\u0259l\u0259l\u0259rd\u0259n biri olacaq. Bunu ham\u0131 bilsin&#8230;&#8221;, &#8211;<\/em> dey\u0259 \u018fliyev <a href=\"https:\/\/president.az\/az\/articles\/view\/62139\">vur\u011fulam\u0131\u015fd\u0131.<\/a><\/p>\n\n\n\n<p>Noyabr\u0131n 13-d\u0259 Az\u0259rbaycan\u0131n d\u00f6vl\u0259t ba\u015f\u00e7\u0131s\u0131 AT\u018fT Parlament Assambleyas\u0131n\u0131n prezidenti Pia Kaumayla g\u00f6r\u00fc\u015fd\u0259 deyib ki, regiondak\u0131 son hadis\u0259l\u0259r Erm\u0259nistan\u0131n Az\u0259rbaycana qar\u015f\u0131 30 il\u0259 yax\u0131n davam etmi\u015f i\u015f\u011fal\u0131 v\u0259 h\u0259rbi t\u0259cav\u00fcz\u00fc kontekstind\u0259 n\u0259z\u0259rd\u0259n ke\u00e7irilm\u0259lidir:<\/p>\n\n\n<div class=\"wp-block-image\">\n<figure class=\"aligncenter size-full\"><img decoding=\"async\" width=\"1200\" height=\"608\" data-src=\"https:\/\/www.meydan.tv\/wp-content\/uploads\/2c90b5bd67d4449d036a94233601adf5_6178426.jpg\" alt=\"\" class=\"wp-image-290201 lazyload\" src=\"data:image\/svg+xml;base64,PHN2ZyB3aWR0aD0iMSIgaGVpZ2h0PSIxIiB4bWxucz0iaHR0cDovL3d3dy53My5vcmcvMjAwMC9zdmciPjwvc3ZnPg==\" style=\"--smush-placeholder-width: 1200px; --smush-placeholder-aspect-ratio: 1200\/608;\" \/><figcaption class=\"wp-element-caption\">Foto: president.az<\/figcaption><\/figure>\n<\/div>\n\n\n<p>\u201c<em>Bu i\u015f\u011fal v\u0259 t\u0259cav\u00fcz\u00fcn n\u0259tic\u0259l\u0259rin\u0259 bax\u0131lmadan regionun g\u0259l\u0259c\u0259yi il\u0259 ba\u011fl\u0131 bax\u0131\u015flar\u0131n ir\u0259li s\u00fcr\u00fclm\u0259si d\u00fczg\u00fcn yana\u015fma olmaz. Erm\u0259nistan Az\u0259rbaycan torpaqlar\u0131n\u0131n i\u015f\u011fal\u0131n\u0131 \u0259b\u0259dil\u0259\u015fdirm\u0259y\u0259 \u00e7al\u0131\u015f\u0131rd\u0131. \u0130\u015f\u011fal d\u00f6vr\u00fcnd\u0259 h\u0259yata ke\u00e7irilmi\u015f vasit\u0259\u00e7ilik missiyalar\u0131 tamamil\u0259 u\u011fursuz olub, i\u015f\u011fal v\u0259 t\u0259cav\u00fcz\u00fcn n\u0259tic\u0259l\u0259rini aradan qald\u0131rmay\u0131b\u201d.<\/em><\/p>\n\n\n\n<p>\u00d6lk\u0259 ba\u015f\u00e7\u0131s\u0131 s\u00fclh m\u00fcqavil\u0259si v\u0259 onun \u0259sas\u0131n\u0131 t\u0259\u015fkil ed\u0259n prinsipl\u0259rin t\u0259\u015f\u0259bb\u00fcs\u00fc il\u0259 d\u0259 m\u0259hz Az\u0259rbaycan\u0131n \u00e7\u0131x\u0131\u015f etdiyini demi\u015fdi:<\/p>\n\n\n\n<p><em>\u201cAz\u0259rbaycan C\u0259nubi Qafqazda davaml\u0131 s\u00fclh\u00fcn t\u0259r\u0259fdar\u0131d\u0131r v\u0259 regional s\u00fclh g\u00fcnd\u0259liyini, Erm\u0259nistanla m\u00fcnasib\u0259tl\u0259rin normalla\u015fd\u0131r\u0131lmas\u0131n\u0131 v\u0259 s\u00fclh m\u00fcqavil\u0259sinin imzalanmas\u0131n\u0131 d\u0259st\u0259kl\u0259yir. Az\u0259rbaycan haz\u0131rda birg\u0259ya\u015fay\u0131\u015f v\u0259 geriqay\u0131tma h\u00fcququ il\u0259 \u0259laq\u0259dar ayd\u0131n v\u0259 \u015f\u0259ffaf proqram\u0131 t\u0259qdim ets\u0259 d\u0259, az\u0259rbaycanl\u0131lar\u0131n Erm\u0259nistana geri qay\u0131d\u0131\u015f\u0131 il\u0259 ba\u011fl\u0131 geriqay\u0131tma h\u00fcququnu Erm\u0259nistan inkar edir v\u0259 bununla \u0259laq\u0259dar olaraq h\u0259r hans\u0131 bir bax\u0131\u015f ortaya <a href=\"https:\/\/www.meydan.tv\/az\/article\/eliyev-cenubi-qafqazda-yeni-realliqlarin-yarandigini-deyir\/\">qoymay\u0131b\u201d.<\/a><\/em><\/p>\n\n\n\n<p>O c\u00fcml\u0259d\u0259n, oktyabr\u0131n 17-d\u0259 \u0130lham \u018fliyev F\u00fczuli rayonunda yerli \u0259haliyl\u0259 g\u00f6r\u00fc\u015f\u00fcnd\u0259 demi\u015fdi ki, az\u0259rbaycanl\u0131lar Z\u0259ng\u0259zura s\u00fclhl\u0259 qay\u0131dacaqlar:<\/p>\n\n\n\n<p><em>&#8220;Z\u0259ng\u0259zura da, \u0259lb\u0259tt\u0259 ki, qay\u0131daca\u011f\u0131q, amma s\u00fclh yolu il\u0259. M\u0259n demi\u015f\u0259m, m\u0259ni b\u0259zil\u0259ri ittiham etm\u0259y\u0259 \u00e7al\u0131\u015f\u0131rlar, m\u0259n dedim ki, biz oraya tanklarla yox, minik ma\u015f\u0131nlar\u0131 il\u0259 <a href=\"https:\/\/report.az\/daxili-siyaset\/prezident-ilham-eliyev-fuzuli-seheri-gunu-nde-fuzuli-seherine-kocmus-sakinler-ve-rayon-ictimaiyyetinin-numayendeleri-ile-gorusub\/\">qay\u0131daca\u011f\u0131q&#8221;.<\/a><\/em><\/p>\n\n\n\n<p>Siyasi \u015f\u0259rh\u00e7i S\u00fcca\u0259t \u018fhm\u0259dzad\u0259 Meydan TV-y\u0259 deyib ki, Az\u0259rbaycan\u0131n Erm\u0259nistana h\u00fccum ed\u0259c\u0259yi bar\u0259d\u0259 m\u0259lumatlar son vaxtlar m\u00fcxt\u0259lif platformalarda tezis\u0259 \u00e7evrilib:<\/p>\n\n\n\n<p>&#8220;<em>N\u0259 q\u0259d\u0259r \u0259sasl\u0131 olub-olmamas\u0131 ba\u015fqa m\u0259s\u0259l\u0259dir. Amma Avropa \u0130ttifaq\u0131 il\u0259 Erm\u0259nistan aras\u0131nda m\u00fcnasib\u0259tl\u0259rin intensivl\u0259\u015fm\u0259sind\u0259 bu m\u0259lumat \u0259sas amil olaraq g\u00f6st\u0259rilir. X\u00fcsus\u0259n d\u0259 Yerevan f\u0259al \u015f\u0259kild\u0259 real t\u0259hdid qar\u015f\u0131s\u0131nda oldu\u011funu vur\u011fulayaraq Avropa \u0130ttifaq\u0131n\u0131n d\u0259st\u0259yin\u0259 ehtiyac hiss etdikl\u0259rini bildirir. G\u00f6r\u00fcn\u00fcr, Avropa \u0130ttifaq\u0131n\u0131n \u00fczv d\u00f6vl\u0259tl\u0259rinin m\u00fc\u0259yy\u0259n qismi d\u0259 Erm\u0259nistanla \u0259laq\u0259l\u0259rin art\u0131r\u0131lmas\u0131nda maraql\u0131d\u0131rlar&#8221;.<\/em><\/p>\n\n\n<div class=\"wp-block-image\">\n<figure class=\"alignright size-full is-resized\"><img decoding=\"async\" width=\"1200\" height=\"800\" data-src=\"https:\/\/www.meydan.tv\/wp-content\/uploads\/untitled-design-3-72.jpg\" alt=\"\" class=\"wp-image-272216 lazyload\" style=\"--smush-placeholder-width: 1200px; --smush-placeholder-aspect-ratio: 1200\/800;width:397px;height:auto\" src=\"data:image\/svg+xml;base64,PHN2ZyB3aWR0aD0iMSIgaGVpZ2h0PSIxIiB4bWxucz0iaHR0cDovL3d3dy53My5vcmcvMjAwMC9zdmciPjwvc3ZnPg==\" \/><figcaption class=\"wp-element-caption\">S\u00fcca\u0259t \u018fhm\u0259dzad\u0259. Foto: Meydan TV<\/figcaption><\/figure>\n<\/div>\n\n\n<p>S.\u018fhm\u0259dzad\u0259 haz\u0131rda Avropa \u0130ttifaq\u0131n\u0131n C\u0259nubi Qafqaz siyas\u0259tind\u0259 Erm\u0259nistan-G\u00fcrc\u00fcstan x\u0259ttinin daha da prioritetl\u0259\u015fdiyini d\u00fc\u015f\u00fcn\u00fcr:<\/p>\n\n\n\n<p>&#8220;<em>Erm\u0259nistanda Avropa \u0130ttifaq\u0131n\u0131n missiyas\u0131n\u0131n say\u0131n\u0131 art\u0131rmaq planla\u015fd\u0131r\u0131l\u0131r, s\u00fclh t\u0259\u015f\u0259bb\u00fcs\u00fc \u00e7\u0259r\u00e7iv\u0259sind\u0259 m\u00fc\u0259yy\u0259n yard\u0131mlar n\u0259z\u0259rd\u0259 tutulur, h\u0259m\u00e7inin, humanitar yard\u0131mlarda m\u00fc\u0259yy\u0259n art\u0131mlar var. Sadalad\u0131qlar\u0131m Br\u00fcssel-Yerevan yax\u0131nla\u015fmas\u0131n\u0131n g\u00f6st\u0259ricisidir, Borel d\u0259 buna \u0259sas\u0259n bel\u0259 b\u0259yanat verib&#8221;.<\/em><\/p>\n\n\n\n<p>Siyasi Menecment \u0130nstitutunun r\u0259hb\u0259ri Az\u0259r Qas\u0131ml\u0131 Meydan TV-y\u0259 a\u00e7\u0131qlamas\u0131nda Borelin b\u0259yanat\u0131n\u0131n \u0259sass\u0131z olmad\u0131\u011f\u0131n\u0131 qeyd edib:<\/p>\n\n\n<div class=\"wp-block-image\">\n<figure class=\"alignleft size-large is-resized\"><img decoding=\"async\" data-src=\"https:\/\/www.meydan.tv\/wp-content\/uploads\/img_7646-1200x800.jpg\" alt=\"Az\u0259r Qas\u0131ml\u0131\" class=\"wp-image-210058 lazyload\" style=\"--smush-placeholder-width: 1200px; --smush-placeholder-aspect-ratio: 1200\/800;width:350px;height:auto\" src=\"data:image\/svg+xml;base64,PHN2ZyB3aWR0aD0iMSIgaGVpZ2h0PSIxIiB4bWxucz0iaHR0cDovL3d3dy53My5vcmcvMjAwMC9zdmciPjwvc3ZnPg==\" \/><figcaption class=\"wp-element-caption\">Az\u0259r Qas\u0131ml\u0131, Foto: Meydan Tv<\/figcaption><\/figure>\n<\/div>\n\n\n<p>&#8220;<em>M\u0259s\u0259l\u0259 ondad\u0131r ki, Q\u0259rbin k\u0259\u015ffiyyat\u0131 i\u015fl\u0259yir v\u0259 onlar Bak\u0131-Moskva \u0259laq\u0259l\u0259rind\u0259n, m\u00fc\u0259yy\u0259n planlar\u0131n bir yerd\u0259 haz\u0131rlanmas\u0131ndan tam x\u0259b\u0259rdard\u0131lar. D\u0259f\u0259l\u0259rl\u0259 demi\u015fik ki, Qaraba\u011fdak\u0131 h\u0259rbi-siyasi prosesl\u0259r yaln\u0131z \u0130lham \u018fliyevin \u015f\u0259xsi irad\u0259si n\u0259tic\u0259sind\u0259 ba\u015f verm\u0259yib. Rusiya &#8220;ya\u015f\u0131l i\u015f\u0131q&#8221; yand\u0131r\u0131b v\u0259 Az\u0259rbaycandan da n\u0259l\u0259rs\u0259 qopar\u0131b. H\u0259l\u0259 tam olaraq bunlar\u0131n n\u0259d\u0259n ibar\u0259t oldu\u011funu bilmirik. Ehtimallardan biri d\u0259 odur ki, Erm\u0259nistana Az\u0259rbaycan vasit\u0259sil\u0259 t\u0259zyiq g\u00f6st\u0259rsin. Bunun \u00fc\u00e7\u00fcn d\u0259 yenid\u0259n m\u00fcharib\u0259nin olmas\u0131 m\u00fcmk\u00fcnd\u00fcr. \u018flb\u0259tt\u0259, b\u00fct\u00fcn sadalad\u0131qlar\u0131m \u00f6lk\u0259 televiziyalar\u0131nda h\u00f6kum\u0259tin apard\u0131\u011f\u0131 t\u0259bli\u011fat v\u0259 &#8220;cib m\u00fcxalif\u0259ti&#8221;nin \u00e7\u0131x\u0131\u015flar\u0131ndan do\u011fan ehtimallard\u0131r. G\u00fcman ki, Borel ba\u015fda olmaqla Avropa \u0130ttifaq\u0131n\u0131n dig\u0259r r\u0259smil\u0259ri v\u0259ziyy\u0259td\u0259n x\u0259b\u0259rdar olsalar da, son n\u00f6qt\u0259 qoyulmay\u0131b&#8221;.<\/em><\/p>\n\n\n\n<p>Az\u0259r Qas\u0131ml\u0131n\u0131n s\u00f6zl\u0259rin\u0259 g\u00f6r\u0259, Rusiya Az\u0259rbaycan\u0131n Xank\u0259ndid\u0259 h\u0259rbi parad ke\u00e7irm\u0259sin\u0259 el\u0259-bel\u0259 g\u00f6z yummam\u0131\u015fd\u0131:<\/p>\n\n\n\n<p>&#8220;<em>Bunun qar\u015f\u0131l\u0131\u011f\u0131nda n\u0259s\u0259 var. T\u0259bii ki, Xank\u0259ndinin Az\u0259rbaycan \u0259razisi olmas\u0131n\u0131 he\u00e7 k\u0259s m\u00fcbahis\u0259l\u0259ndir\u0259 bilm\u0259z. Amma bunun \u0259v\u0259zind\u0259 bizd\u0259n n\u0259 ist\u0259yibl\u0259r, m\u0259n\u0259 maraql\u0131d\u0131r. M\u0259s\u0259l\u0259 ondad\u0131r ki, pulsuz pendir yaln\u0131z t\u0259l\u0259d\u0259 olur&#8221;.<\/em><\/p>\n","protected":false},"excerpt":{"rendered":"<p>&#8220;Rusiya Az\u0259rbaycan\u0131n Xank\u0259ndid\u0259 h\u0259rbi parad ke\u00e7irm\u0259sin\u0259 el\u0259-bel\u0259 g\u00f6z yummam\u0131\u015fd\u0131&#8221; Oktyabrda &#8230; <\/p>\n<p class=\"read-more-container\"><a title=\"Cozep Borelin Az\u0259rbaycana x\u0259b\u0259rdarl\u0131\u011f\u0131: &#8220;\u018fsass\u0131z deyil&#8221;\" class=\"read-more button\" href=\"https:\/\/www.meydan.tv\/az\/article\/cozep-borelin-azerbaycana-xeberdarligi-esassiz-deyil\/#more-290313\" aria-label=\"Read more about Cozep Borelin Az\u0259rbaycana x\u0259b\u0259rdarl\u0131\u011f\u0131: &#8220;\u018fsass\u0131z deyil&#8221;\">Davam\u0131<\/a><\/p>\n","protected":false},"author":8,"featured_media":290283,"comment_status":"closed","ping_status":"closed","sticky":false,"template":"","format":"standard","meta":{"_acf_changed":false,"_sitemap_exclude":false,"_sitemap_priority":"","_sitemap_frequency":"","footnotes":""},"categories":[59,79,56],"tags":[],"class_list":["post-290313","post","type-post","status-publish","format-standard","has-post-thumbnail","hentry","category-siyaset","category-featured","category-xeberler","infinite-scroll-item","generate-columns","tablet-grid-50","mobile-grid-100","grid-parent","grid-33","no-featured-image-padding"],"acf":[],"yoast_head":"<!-- This site is optimized with the Yoast SEO plugin v27.4 - https:\/\/yoast.com\/product\/yoast-seo-wordpress\/ -->\n<title>Cozep Borelin Az\u0259rbaycana x\u0259b\u0259rdarl\u0131\u011f\u0131: &quot;\u018fsass\u0131z deyil&quot; - MEYDAN.TV<\/title>\n<meta name=\"robots\" content=\"index, follow, max-snippet:-1, max-image-preview:large, max-video-preview:-1\" \/>\n<link rel=\"canonical\" href=\"https:\/\/www.meydan.tv\/az\/article\/cozep-borelin-azerbaycana-xeberdarligi-esassiz-deyil\/\" \/>\n<meta property=\"og:locale\" content=\"az_AZ\" \/>\n<meta property=\"og:type\" content=\"article\" \/>\n<meta property=\"og:title\" content=\"Cozep Borelin Az\u0259rbaycana x\u0259b\u0259rdarl\u0131\u011f\u0131: &quot;\u018fsass\u0131z deyil&quot; - MEYDAN.TV\" \/>\n<meta property=\"og:description\" content=\"&#8220;Rusiya Az\u0259rbaycan\u0131n Xank\u0259ndid\u0259 h\u0259rbi parad ke\u00e7irm\u0259sin\u0259 el\u0259-bel\u0259 g\u00f6z yummam\u0131\u015fd\u0131&#8221; Oktyabrda ... Davam\u0131\" \/>\n<meta property=\"og:url\" content=\"https:\/\/www.meydan.tv\/az\/article\/cozep-borelin-azerbaycana-xeberdarligi-esassiz-deyil\/\" \/>\n<meta property=\"og:site_name\" content=\"MEYDAN.TV\" \/>\n<meta property=\"article:published_time\" content=\"2023-11-14T09:42:58+00:00\" \/>\n<meta property=\"article:modified_time\" content=\"2023-11-14T09:43:03+00:00\" \/>\n<meta property=\"og:image\" content=\"https:\/\/www.meydan.tv\/wp-content\/uploads\/shutterstock_1491958286.jpg\" \/>\n\t<meta property=\"og:image:width\" content=\"1000\" \/>\n\t<meta property=\"og:image:height\" content=\"668\" \/>\n\t<meta property=\"og:image:type\" content=\"image\/jpeg\" \/>\n<meta name=\"author\" content=\"elli\" \/>\n<meta name=\"twitter:card\" content=\"summary_large_image\" \/>\n<meta name=\"twitter:creator\" content=\"@elli\" \/>\n<script type=\"application\/ld+json\" class=\"yoast-schema-graph\">{\"@context\":\"https:\\\/\\\/schema.org\",\"@graph\":[{\"@type\":\"Article\",\"@id\":\"https:\\\/\\\/www.meydan.tv\\\/az\\\/article\\\/cozep-borelin-azerbaycana-xeberdarligi-esassiz-deyil\\\/#article\",\"isPartOf\":{\"@id\":\"https:\\\/\\\/www.meydan.tv\\\/az\\\/article\\\/cozep-borelin-azerbaycana-xeberdarligi-esassiz-deyil\\\/\"},\"author\":{\"name\":\"elli\",\"@id\":\"https:\\\/\\\/www.meydan.tv\\\/az\\\/#\\\/schema\\\/person\\\/9cdbecf90d17180ce1dfbd95b08dcf47\"},\"headline\":\"Cozep Borelin Az\u0259rbaycana x\u0259b\u0259rdarl\u0131\u011f\u0131: &#8220;\u018fsass\u0131z deyil&#8221;\",\"datePublished\":\"2023-11-14T09:42:58+00:00\",\"dateModified\":\"2023-11-14T09:43:03+00:00\",\"mainEntityOfPage\":{\"@id\":\"https:\\\/\\\/www.meydan.tv\\\/az\\\/article\\\/cozep-borelin-azerbaycana-xeberdarligi-esassiz-deyil\\\/\"},\"wordCount\":1690,\"publisher\":{\"@id\":\"https:\\\/\\\/www.meydan.tv\\\/az\\\/#organization\"},\"image\":{\"@id\":\"https:\\\/\\\/www.meydan.tv\\\/az\\\/article\\\/cozep-borelin-azerbaycana-xeberdarligi-esassiz-deyil\\\/#primaryimage\"},\"thumbnailUrl\":\"https:\\\/\\\/www.meydan.tv\\\/wp-content\\\/uploads\\\/shutterstock_1491958286.jpg\",\"articleSection\":[\"Siyas\u0259t\",\"T\u00f6vsiy\u0259\",\"X\u0259b\u0259rl\u0259r\"],\"inLanguage\":\"az\"},{\"@type\":\"WebPage\",\"@id\":\"https:\\\/\\\/www.meydan.tv\\\/az\\\/article\\\/cozep-borelin-azerbaycana-xeberdarligi-esassiz-deyil\\\/\",\"url\":\"https:\\\/\\\/www.meydan.tv\\\/az\\\/article\\\/cozep-borelin-azerbaycana-xeberdarligi-esassiz-deyil\\\/\",\"name\":\"Cozep Borelin Az\u0259rbaycana x\u0259b\u0259rdarl\u0131\u011f\u0131: \\\"\u018fsass\u0131z deyil\\\" - MEYDAN.TV\",\"isPartOf\":{\"@id\":\"https:\\\/\\\/www.meydan.tv\\\/az\\\/#website\"},\"primaryImageOfPage\":{\"@id\":\"https:\\\/\\\/www.meydan.tv\\\/az\\\/article\\\/cozep-borelin-azerbaycana-xeberdarligi-esassiz-deyil\\\/#primaryimage\"},\"image\":{\"@id\":\"https:\\\/\\\/www.meydan.tv\\\/az\\\/article\\\/cozep-borelin-azerbaycana-xeberdarligi-esassiz-deyil\\\/#primaryimage\"},\"thumbnailUrl\":\"https:\\\/\\\/www.meydan.tv\\\/wp-content\\\/uploads\\\/shutterstock_1491958286.jpg\",\"datePublished\":\"2023-11-14T09:42:58+00:00\",\"dateModified\":\"2023-11-14T09:43:03+00:00\",\"breadcrumb\":{\"@id\":\"https:\\\/\\\/www.meydan.tv\\\/az\\\/article\\\/cozep-borelin-azerbaycana-xeberdarligi-esassiz-deyil\\\/#breadcrumb\"},\"inLanguage\":\"az\",\"potentialAction\":[{\"@type\":\"ReadAction\",\"target\":[\"https:\\\/\\\/www.meydan.tv\\\/az\\\/article\\\/cozep-borelin-azerbaycana-xeberdarligi-esassiz-deyil\\\/\"]}]},{\"@type\":\"ImageObject\",\"inLanguage\":\"az\",\"@id\":\"https:\\\/\\\/www.meydan.tv\\\/az\\\/article\\\/cozep-borelin-azerbaycana-xeberdarligi-esassiz-deyil\\\/#primaryimage\",\"url\":\"https:\\\/\\\/www.meydan.tv\\\/wp-content\\\/uploads\\\/shutterstock_1491958286.jpg\",\"contentUrl\":\"https:\\\/\\\/www.meydan.tv\\\/wp-content\\\/uploads\\\/shutterstock_1491958286.jpg\",\"width\":1000,\"height\":668,\"caption\":\"\u0424\u043e\u0442\u043e: shutterstock\\\\Gints Ivuskans\"},{\"@type\":\"BreadcrumbList\",\"@id\":\"https:\\\/\\\/www.meydan.tv\\\/az\\\/article\\\/cozep-borelin-azerbaycana-xeberdarligi-esassiz-deyil\\\/#breadcrumb\",\"itemListElement\":[{\"@type\":\"ListItem\",\"position\":1,\"name\":\"Ana s\u0259hif\u0259\",\"item\":\"https:\\\/\\\/www.meydan.tv\\\/az\\\/\"},{\"@type\":\"ListItem\",\"position\":2,\"name\":\"Siyas\u0259t\",\"item\":\"https:\\\/\\\/www.meydan.tv\\\/az\\\/section\\\/siyaset\\\/\"},{\"@type\":\"ListItem\",\"position\":3,\"name\":\"Cozep Borelin Az\u0259rbaycana x\u0259b\u0259rdarl\u0131\u011f\u0131: &#8220;\u018fsass\u0131z deyil&#8221;\"}]},{\"@type\":\"WebSite\",\"@id\":\"https:\\\/\\\/www.meydan.tv\\\/az\\\/#website\",\"url\":\"https:\\\/\\\/www.meydan.tv\\\/az\\\/\",\"name\":\"MEYDAN.TV\",\"description\":\"Meydan TV Az\u0259rbaycan\u0131n media m\u0259kan\u0131ndak\u0131 alternativ s\u0259sidir\",\"publisher\":{\"@id\":\"https:\\\/\\\/www.meydan.tv\\\/az\\\/#organization\"},\"potentialAction\":[{\"@type\":\"SearchAction\",\"target\":{\"@type\":\"EntryPoint\",\"urlTemplate\":\"https:\\\/\\\/www.meydan.tv\\\/az\\\/?s={search_term_string}\"},\"query-input\":{\"@type\":\"PropertyValueSpecification\",\"valueRequired\":true,\"valueName\":\"search_term_string\"}}],\"inLanguage\":\"az\"},{\"@type\":\"Organization\",\"@id\":\"https:\\\/\\\/www.meydan.tv\\\/az\\\/#organization\",\"name\":\"Meydan TV\",\"url\":\"https:\\\/\\\/www.meydan.tv\\\/az\\\/\",\"logo\":{\"@type\":\"ImageObject\",\"inLanguage\":\"az\",\"@id\":\"https:\\\/\\\/www.meydan.tv\\\/az\\\/#\\\/schema\\\/logo\\\/image\\\/\",\"url\":\"https:\\\/\\\/www.meydan.tv\\\/wp-content\\\/uploads\\\/2021\\\/07\\\/meydan-logo.svg\",\"contentUrl\":\"https:\\\/\\\/www.meydan.tv\\\/wp-content\\\/uploads\\\/2021\\\/07\\\/meydan-logo.svg\",\"width\":195,\"height\":46,\"caption\":\"Meydan TV\"},\"image\":{\"@id\":\"https:\\\/\\\/www.meydan.tv\\\/az\\\/#\\\/schema\\\/logo\\\/image\\\/\"}},{\"@type\":\"Person\",\"@id\":\"https:\\\/\\\/www.meydan.tv\\\/az\\\/#\\\/schema\\\/person\\\/9cdbecf90d17180ce1dfbd95b08dcf47\",\"name\":\"elli\",\"sameAs\":[\"https:\\\/\\\/x.com\\\/elli\"]}]}<\/script>\n<!-- \/ Yoast SEO plugin. -->","yoast_head_json":{"title":"Cozep Borelin Az\u0259rbaycana x\u0259b\u0259rdarl\u0131\u011f\u0131: \"\u018fsass\u0131z deyil\" - MEYDAN.TV","robots":{"index":"index","follow":"follow","max-snippet":"max-snippet:-1","max-image-preview":"max-image-preview:large","max-video-preview":"max-video-preview:-1"},"canonical":"https:\/\/www.meydan.tv\/az\/article\/cozep-borelin-azerbaycana-xeberdarligi-esassiz-deyil\/","og_locale":"az_AZ","og_type":"article","og_title":"Cozep Borelin Az\u0259rbaycana x\u0259b\u0259rdarl\u0131\u011f\u0131: \"\u018fsass\u0131z deyil\" - MEYDAN.TV","og_description":"&#8220;Rusiya Az\u0259rbaycan\u0131n Xank\u0259ndid\u0259 h\u0259rbi parad ke\u00e7irm\u0259sin\u0259 el\u0259-bel\u0259 g\u00f6z yummam\u0131\u015fd\u0131&#8221; Oktyabrda ... Davam\u0131","og_url":"https:\/\/www.meydan.tv\/az\/article\/cozep-borelin-azerbaycana-xeberdarligi-esassiz-deyil\/","og_site_name":"MEYDAN.TV","article_published_time":"2023-11-14T09:42:58+00:00","article_modified_time":"2023-11-14T09:43:03+00:00","og_image":[{"width":1000,"height":668,"url":"https:\/\/www.meydan.tv\/wp-content\/uploads\/shutterstock_1491958286.jpg","type":"image\/jpeg"}],"author":"elli","twitter_card":"summary_large_image","twitter_creator":"@elli","schema":{"@context":"https:\/\/schema.org","@graph":[{"@type":"Article","@id":"https:\/\/www.meydan.tv\/az\/article\/cozep-borelin-azerbaycana-xeberdarligi-esassiz-deyil\/#article","isPartOf":{"@id":"https:\/\/www.meydan.tv\/az\/article\/cozep-borelin-azerbaycana-xeberdarligi-esassiz-deyil\/"},"author":{"name":"elli","@id":"https:\/\/www.meydan.tv\/az\/#\/schema\/person\/9cdbecf90d17180ce1dfbd95b08dcf47"},"headline":"Cozep Borelin Az\u0259rbaycana x\u0259b\u0259rdarl\u0131\u011f\u0131: &#8220;\u018fsass\u0131z deyil&#8221;","datePublished":"2023-11-14T09:42:58+00:00","dateModified":"2023-11-14T09:43:03+00:00","mainEntityOfPage":{"@id":"https:\/\/www.meydan.tv\/az\/article\/cozep-borelin-azerbaycana-xeberdarligi-esassiz-deyil\/"},"wordCount":1690,"publisher":{"@id":"https:\/\/www.meydan.tv\/az\/#organization"},"image":{"@id":"https:\/\/www.meydan.tv\/az\/article\/cozep-borelin-azerbaycana-xeberdarligi-esassiz-deyil\/#primaryimage"},"thumbnailUrl":"https:\/\/www.meydan.tv\/wp-content\/uploads\/shutterstock_1491958286.jpg","articleSection":["Siyas\u0259t","T\u00f6vsiy\u0259","X\u0259b\u0259rl\u0259r"],"inLanguage":"az"},{"@type":"WebPage","@id":"https:\/\/www.meydan.tv\/az\/article\/cozep-borelin-azerbaycana-xeberdarligi-esassiz-deyil\/","url":"https:\/\/www.meydan.tv\/az\/article\/cozep-borelin-azerbaycana-xeberdarligi-esassiz-deyil\/","name":"Cozep Borelin Az\u0259rbaycana x\u0259b\u0259rdarl\u0131\u011f\u0131: \"\u018fsass\u0131z deyil\" - MEYDAN.TV","isPartOf":{"@id":"https:\/\/www.meydan.tv\/az\/#website"},"primaryImageOfPage":{"@id":"https:\/\/www.meydan.tv\/az\/article\/cozep-borelin-azerbaycana-xeberdarligi-esassiz-deyil\/#primaryimage"},"image":{"@id":"https:\/\/www.meydan.tv\/az\/article\/cozep-borelin-azerbaycana-xeberdarligi-esassiz-deyil\/#primaryimage"},"thumbnailUrl":"https:\/\/www.meydan.tv\/wp-content\/uploads\/shutterstock_1491958286.jpg","datePublished":"2023-11-14T09:42:58+00:00","dateModified":"2023-11-14T09:43:03+00:00","breadcrumb":{"@id":"https:\/\/www.meydan.tv\/az\/article\/cozep-borelin-azerbaycana-xeberdarligi-esassiz-deyil\/#breadcrumb"},"inLanguage":"az","potentialAction":[{"@type":"ReadAction","target":["https:\/\/www.meydan.tv\/az\/article\/cozep-borelin-azerbaycana-xeberdarligi-esassiz-deyil\/"]}]},{"@type":"ImageObject","inLanguage":"az","@id":"https:\/\/www.meydan.tv\/az\/article\/cozep-borelin-azerbaycana-xeberdarligi-esassiz-deyil\/#primaryimage","url":"https:\/\/www.meydan.tv\/wp-content\/uploads\/shutterstock_1491958286.jpg","contentUrl":"https:\/\/www.meydan.tv\/wp-content\/uploads\/shutterstock_1491958286.jpg","width":1000,"height":668,"caption":"\u0424\u043e\u0442\u043e: shutterstock\\Gints Ivuskans"},{"@type":"BreadcrumbList","@id":"https:\/\/www.meydan.tv\/az\/article\/cozep-borelin-azerbaycana-xeberdarligi-esassiz-deyil\/#breadcrumb","itemListElement":[{"@type":"ListItem","position":1,"name":"Ana s\u0259hif\u0259","item":"https:\/\/www.meydan.tv\/az\/"},{"@type":"ListItem","position":2,"name":"Siyas\u0259t","item":"https:\/\/www.meydan.tv\/az\/section\/siyaset\/"},{"@type":"ListItem","position":3,"name":"Cozep Borelin Az\u0259rbaycana x\u0259b\u0259rdarl\u0131\u011f\u0131: &#8220;\u018fsass\u0131z deyil&#8221;"}]},{"@type":"WebSite","@id":"https:\/\/www.meydan.tv\/az\/#website","url":"https:\/\/www.meydan.tv\/az\/","name":"MEYDAN.TV","description":"Meydan TV Az\u0259rbaycan\u0131n media m\u0259kan\u0131ndak\u0131 alternativ s\u0259sidir","publisher":{"@id":"https:\/\/www.meydan.tv\/az\/#organization"},"potentialAction":[{"@type":"SearchAction","target":{"@type":"EntryPoint","urlTemplate":"https:\/\/www.meydan.tv\/az\/?s={search_term_string}"},"query-input":{"@type":"PropertyValueSpecification","valueRequired":true,"valueName":"search_term_string"}}],"inLanguage":"az"},{"@type":"Organization","@id":"https:\/\/www.meydan.tv\/az\/#organization","name":"Meydan TV","url":"https:\/\/www.meydan.tv\/az\/","logo":{"@type":"ImageObject","inLanguage":"az","@id":"https:\/\/www.meydan.tv\/az\/#\/schema\/logo\/image\/","url":"https:\/\/www.meydan.tv\/wp-content\/uploads\/2021\/07\/meydan-logo.svg","contentUrl":"https:\/\/www.meydan.tv\/wp-content\/uploads\/2021\/07\/meydan-logo.svg","width":195,"height":46,"caption":"Meydan TV"},"image":{"@id":"https:\/\/www.meydan.tv\/az\/#\/schema\/logo\/image\/"}},{"@type":"Person","@id":"https:\/\/www.meydan.tv\/az\/#\/schema\/person\/9cdbecf90d17180ce1dfbd95b08dcf47","name":"elli","sameAs":["https:\/\/x.com\/elli"]}]}},"_links":{"self":[{"href":"https:\/\/www.meydan.tv\/az\/wp-json\/wp\/v2\/posts\/290313","targetHints":{"allow":["GET"]}}],"collection":[{"href":"https:\/\/www.meydan.tv\/az\/wp-json\/wp\/v2\/posts"}],"about":[{"href":"https:\/\/www.meydan.tv\/az\/wp-json\/wp\/v2\/types\/post"}],"author":[{"embeddable":true,"href":"https:\/\/www.meydan.tv\/az\/wp-json\/wp\/v2\/users\/8"}],"replies":[{"embeddable":true,"href":"https:\/\/www.meydan.tv\/az\/wp-json\/wp\/v2\/comments?post=290313"}],"version-history":[{"count":3,"href":"https:\/\/www.meydan.tv\/az\/wp-json\/wp\/v2\/posts\/290313\/revisions"}],"predecessor-version":[{"id":290321,"href":"https:\/\/www.meydan.tv\/az\/wp-json\/wp\/v2\/posts\/290313\/revisions\/290321"}],"wp:featuredmedia":[{"embeddable":true,"href":"https:\/\/www.meydan.tv\/az\/wp-json\/wp\/v2\/media\/290283"}],"wp:attachment":[{"href":"https:\/\/www.meydan.tv\/az\/wp-json\/wp\/v2\/media?parent=290313"}],"wp:term":[{"taxonomy":"category","embeddable":true,"href":"https:\/\/www.meydan.tv\/az\/wp-json\/wp\/v2\/categories?post=290313"},{"taxonomy":"post_tag","embeddable":true,"href":"https:\/\/www.meydan.tv\/az\/wp-json\/wp\/v2\/tags?post=290313"}],"curies":[{"name":"wp","href":"https:\/\/api.w.org\/{rel}","templated":true}]}}