{"id":290291,"date":"2023-11-14T11:20:54","date_gmt":"2023-11-14T07:20:54","guid":{"rendered":"https:\/\/www.meydan.tv\/?p=290291"},"modified":"2023-11-14T11:20:58","modified_gmt":"2023-11-14T07:20:58","slug":"goytepede-qezali-evveller-at-tovlesi-olan-mektebler","status":"publish","type":"post","link":"https:\/\/www.meydan.tv\/az\/article\/goytepede-qezali-evveller-at-tovlesi-olan-mektebler\/","title":{"rendered":"G\u00f6yt\u0259p\u0259d\u0259: Q\u0259zal\u0131, \u0259vv\u0259ll\u0259r at t\u00f6vl\u0259si olan m\u0259kt\u0259bl\u0259r"},"content":{"rendered":"\n<p><\/p>\n\n\n\n<p><em><strong>\u201cBel\u0259 anti-sanitariya \u015f\u0259raitind\u0259 hans\u0131 t\u0259hsild\u0259n s\u00f6hb\u0259t ged\u0259 bil\u0259r?\u201d<\/strong><\/em><br><\/p>\n\n\n\n<p>C\u0259lilabad\u0131n 15 mind\u0259n \u00e7ox \u0259halisi olan G\u00f6yt\u0259p\u0259 \u015f\u0259h\u0259rind\u0259 \u00fc\u00e7 m\u0259kt\u0259b f\u0259aliyy\u0259t g\u00f6st\u0259rir. Amma h\u0259r \u00fc\u00e7 m\u0259kt\u0259bin binas\u0131n\u0131n q\u0259zal\u0131 v\u0259ziyy\u0259td\u0259 oldu\u011fu deyilir.<\/p>\n\n\n\n<p>Bu bar\u0259d\u0259 Meydan TV-y\u0259 G\u00f6yt\u0259p\u0259 sakinl\u0259ri m\u0259lumat veribl\u0259r. Sakinl\u0259r deyirl\u0259r ki, 1 v\u0259 3 sayl\u0131 m\u0259kt\u0259bl\u0259r 2 sayl\u0131 m\u0259kt\u0259b\u0259 nisb\u0259t\u0259n yax\u015f\u0131 hesab oluna bil\u0259r. Baxmayaraq ki, h\u0259min m\u0259kt\u0259bl\u0259r d\u0259 q\u0259zald\u0131r, h\u0259r an t\u0259hl\u00fck\u0259 ba\u015f ver\u0259r. \u0130ki sayl\u0131 m\u0259kt\u0259b is\u0259 \u00fcmumiyy\u0259tl\u0259, \u00fc\u00e7-d\u00f6rd ball\u0131q z\u0259lz\u0259l\u0259y\u0259 davaml\u0131 deyil. Onlar\u0131n s\u00f6zl\u0259rin\u0259 g\u00f6r\u0259, savad dal\u0131nca m\u0259kt\u0259b\u0259 ged\u0259n u\u015faqlar x\u0259st\u0259lik tap\u0131rlar.<\/p>\n\n\n\n<p>Sakinl\u0259rd\u0259n biri &#8211; Zaur X\u0259lilov bildirib ki, h\u0259min m\u0259kt\u0259bi ill\u0259r \u0259vv\u0259l bitirib. Haz\u0131rda \u00f6vlad\u0131 2 sayl\u0131 m\u0259kt\u0259d\u0259 t\u0259hsil al\u0131r. Son on-on be\u015f ild\u0259 he\u00e7 n\u0259 d\u0259yi\u015fm\u0259yib, \u0259ksin\u0259 bina getdic\u0259 daha da b\u0259rbad hala d\u00fc\u015f\u00fcb. M\u0259kt\u0259bin tavan\u0131, d\u00f6\u015f\u0259m\u0259si \u00e7\u00f6k\u00fcb, divarlar\u0131 n\u0259mi\u015flikd\u0259n qaral\u0131b. Ya\u011f\u0131\u015f ya\u011fark\u0259n su sinifl\u0259r\u0259 dolur. Q\u0131\u015fda u\u015faqlar\u0131 m\u0259kt\u0259b\u0259 g\u00f6nd\u0259r\u0259 bilmirl\u0259r.<\/p>\n\n\n\n<p><em>\u201cM\u0259kt\u0259bd\u0259 istilik sistemi yoxdur, odun sobas\u0131 il\u0259 q\u0131zd\u0131rma\u011fa \u00e7al\u0131\u015f\u0131rlar. Qap\u0131s\u0131, p\u0259nc\u0259r\u0259si \u00f6rt\u00fclm\u0259y\u0259n, yamaq-yamaq olmu\u015f m\u0259kt\u0259bi odun sobas\u0131 q\u0131zd\u0131ra bilmir. Sinif otaqlar\u0131nda taxta d\u00f6\u015f\u0259m\u0259 \u00e7\u00fcr\u00fcy\u00fcb, u\u015fa\u011f\u0131n aya\u011f\u0131 \u00e7alaya d\u00fc\u015f\u00fcr. Binan\u0131n t\u0259miri m\u00fcmk\u00fcn deyil, s\u00f6k\u00fcb, yerind\u0259 yenisini tikm\u0259k laz\u0131md\u0131r\u201d,<\/em> &#8211; X\u0259lilov bildirib.<\/p>\n\n\n<div class=\"wp-block-image\">\n<figure class=\"alignleft size-large is-resized\"><img decoding=\"async\" width=\"462\" height=\"821\" data-src=\"https:\/\/www.meydan.tv\/wp-content\/uploads\/11921706_759143934211838_7608725835262232005_n-462x821.jpg\" alt=\"\" class=\"wp-image-290285 lazyload\" style=\"--smush-placeholder-width: 462px; --smush-placeholder-aspect-ratio: 462\/821;width:328px;height:auto\" src=\"data:image\/svg+xml;base64,PHN2ZyB3aWR0aD0iMSIgaGVpZ2h0PSIxIiB4bWxucz0iaHR0cDovL3d3dy53My5vcmcvMjAwMC9zdmciPjwvc3ZnPg==\" \/><\/figure>\n<\/div>\n\n\n<p>M\u0259kt\u0259bd\u0259 600-d\u0259n \u00e7ox \u015fagird t\u0259hsil al\u0131r. Bu t\u0259hsil oca\u011f\u0131n\u0131n binas\u0131 50 ild\u0259n \u00e7oxdur \u0259sasl\u0131 t\u0259mir edilmir. Sonuncu d\u0259f\u0259 bir-iki il \u0259vv\u0259l valideynl\u0259r\u0259 yeni m\u0259kt\u0259b binas\u0131 tikil\u0259c\u0259yin\u0259 s\u00f6z verilib.<br>1 v\u0259 3 sayl\u0131 m\u0259kt\u0259bl\u0259rin d\u0259 t\u0259mir\u0259 ehtiyac\u0131 var. P\u0259nc\u0259r\u0259l\u0259r sellofan torbalarla qapad\u0131l\u0131b, divarlarda iri \u00e7atlar yaran\u0131b. Sakinl\u0259r deyirl\u0259r ki, rayon m\u0259rk\u0259zind\u0259n sonra ikinci \u0259n b\u00f6y\u00fck \u015f\u0259h\u0259r hesab edil\u0259n G\u00f6yt\u0259p\u0259d\u0259 g\u0259ncl\u0259rin vaxt ke\u00e7irm\u0259l\u0259ri \u00fc\u00e7\u00fcn m\u0259d\u0259niyy\u0259t evi, idman meydan\u00e7as\u0131 yoxdur.<\/p>\n\n\n\n<p><em>\u201cHe\u00e7 olmasa m\u0259kt\u0259bl\u0259r\u0259 diqq\u0259t ay\u0131rs\u0131nlar. El\u0259 bil G\u00f6yt\u0259p\u0259 unudulub, he\u00e7 kimin yad\u0131na d\u00fc\u015fm\u00fcr. U\u015fa\u011f\u0131 m\u0259kt\u0259b\u0259 g\u00f6nd\u0259ririk, ya x\u0259st\u0259l\u0259nir, ya da ba\u015f\u0131na hans\u0131sa f\u0259lak\u0259t g\u0259l\u0259c\u0259yind\u0259n narahat ola-ola ya\u015fay\u0131r\u0131q. Bel\u0259 anti-sanitariya \u015f\u0259raitind\u0259 hans\u0131 t\u0259hsild\u0259n s\u00f6hb\u0259t ged\u0259 bil\u0259r?\u201d &#8211;<\/em> X\u0259lilov qeyd edib.<\/p>\n\n\n\n<p>G\u00f6yt\u0259p\u0259 \u015e\u0259h\u0259r B\u0259l\u0259diyy\u0259sinin s\u0259dri \u0130lqar H\u0259s\u0259nov Meydan TV-y\u0259 bildirib ki, 2 sayl\u0131 m\u0259kt\u0259b \u0259vv\u0259ll\u0259r kils\u0259nin at t\u00f6vl\u0259si olan binada yerl\u0259\u015fir. Binada 40 ild\u0259n \u00e7oxdur d\u0259rs ke\u00e7irilir.<\/p>\n\n\n\n<p><em>\u201cOra m\u0259kt\u0259b dey\u0259 bilm\u0259r\u0259m, at t\u00f6vl\u0259si kimi d\u0259 yararl\u0131 deyil. M\u0259kt\u0259bl\u0259rin t\u0259mir\u0259 ehtiyac\u0131 olmas\u0131 il\u0259 ba\u011fl\u0131 rayon r\u0259hb\u0259rliyi s\u0259viyy\u0259sind\u0259 aidiyyat\u0131 qurumlara m\u00fcraci\u0259t olunub. Amma h\u0259l\u0259 ki, m\u0259kt\u0259b tikintisin\u0259 ba\u015flan\u0131lmay\u0131b. G\u00f6yt\u0259p\u0259d\u0259 qaz, i\u015f\u0131q var, amma m\u0259kt\u0259bl\u0259r q\u0259zal\u0131 v\u0259ziyy\u0259td\u0259 oldu\u011fundan qazla deyil, odun sobas\u0131 il\u0259 q\u0131zd\u0131r\u0131l\u0131r. H\u0259r \u00fc\u00e7 m\u0259kt\u0259bin t\u0259mir\u0259 ehtiyac\u0131 var\u201d,<\/em> &#8211; b\u0259l\u0259diyy\u0259 s\u0259dri deyib.<\/p>\n\n\n\n<p>M\u0259kt\u0259bd\u0259n is\u0259 bildiribl\u0259r ki, binan\u0131n v\u0259ziyy\u0259tind\u0259n Elm v\u0259 T\u0259hsil Nazirliyi x\u0259b\u0259rdard\u0131r. Onlara tezlikl\u0259 yeni binan\u0131n tikintisin\u0259 ba\u015flan\u0131laca\u011f\u0131n\u0131 deyibl\u0259r.<\/p>\n\n\n\n<p>Elm v\u0259 T\u0259hsil Nazirliyind\u0259n m\u00fcnasib\u0259t \u00f6yr\u0259nm\u0259k m\u00fcmk\u00fcn olmay\u0131b.<\/p>\n","protected":false},"excerpt":{"rendered":"<p>\u201cBel\u0259 anti-sanitariya \u015f\u0259raitind\u0259 hans\u0131 t\u0259hsild\u0259n s\u00f6hb\u0259t ged\u0259 bil\u0259r?\u201d C\u0259lilabad\u0131n 15 &#8230; <\/p>\n<p class=\"read-more-container\"><a title=\"G\u00f6yt\u0259p\u0259d\u0259: Q\u0259zal\u0131, \u0259vv\u0259ll\u0259r at t\u00f6vl\u0259si olan m\u0259kt\u0259bl\u0259r\" class=\"read-more button\" href=\"https:\/\/www.meydan.tv\/az\/article\/goytepede-qezali-evveller-at-tovlesi-olan-mektebler\/#more-290291\" aria-label=\"Read more about G\u00f6yt\u0259p\u0259d\u0259: Q\u0259zal\u0131, \u0259vv\u0259ll\u0259r at t\u00f6vl\u0259si olan m\u0259kt\u0259bl\u0259r\">Davam\u0131<\/a><\/p>\n","protected":false},"author":8,"featured_media":290288,"comment_status":"closed","ping_status":"closed","sticky":false,"template":"","format":"standard","meta":{"_acf_changed":false,"_sitemap_exclude":false,"_sitemap_priority":"","_sitemap_frequency":"","footnotes":""},"categories":[60,56],"tags":[],"class_list":["post-290291","post","type-post","status-publish","format-standard","has-post-thumbnail","hentry","category-bolge","category-xeberler","infinite-scroll-item","generate-columns","tablet-grid-50","mobile-grid-100","grid-parent","grid-33","no-featured-image-padding"],"acf":[],"yoast_head":"<!-- This site is optimized with the Yoast SEO plugin v27.4 - https:\/\/yoast.com\/product\/yoast-seo-wordpress\/ -->\n<title>G\u00f6yt\u0259p\u0259d\u0259: Q\u0259zal\u0131, \u0259vv\u0259ll\u0259r at t\u00f6vl\u0259si olan m\u0259kt\u0259bl\u0259r - MEYDAN.TV<\/title>\n<meta name=\"robots\" content=\"index, follow, max-snippet:-1, max-image-preview:large, max-video-preview:-1\" \/>\n<link rel=\"canonical\" href=\"https:\/\/www.meydan.tv\/az\/article\/goytepede-qezali-evveller-at-tovlesi-olan-mektebler\/\" \/>\n<meta property=\"og:locale\" content=\"az_AZ\" \/>\n<meta property=\"og:type\" content=\"article\" \/>\n<meta property=\"og:title\" content=\"G\u00f6yt\u0259p\u0259d\u0259: Q\u0259zal\u0131, \u0259vv\u0259ll\u0259r at t\u00f6vl\u0259si olan m\u0259kt\u0259bl\u0259r - MEYDAN.TV\" \/>\n<meta property=\"og:description\" content=\"\u201cBel\u0259 anti-sanitariya \u015f\u0259raitind\u0259 hans\u0131 t\u0259hsild\u0259n s\u00f6hb\u0259t ged\u0259 bil\u0259r?\u201d C\u0259lilabad\u0131n 15 ... Davam\u0131\" \/>\n<meta property=\"og:url\" content=\"https:\/\/www.meydan.tv\/az\/article\/goytepede-qezali-evveller-at-tovlesi-olan-mektebler\/\" \/>\n<meta property=\"og:site_name\" content=\"MEYDAN.TV\" \/>\n<meta property=\"article:published_time\" content=\"2023-11-14T07:20:54+00:00\" \/>\n<meta property=\"article:modified_time\" content=\"2023-11-14T07:20:58+00:00\" \/>\n<meta property=\"og:image\" content=\"https:\/\/www.meydan.tv\/wp-content\/uploads\/11219327_759143790878519_8093534524982306464_n.jpg\" \/>\n\t<meta property=\"og:image:width\" content=\"1500\" \/>\n\t<meta property=\"og:image:height\" content=\"842\" \/>\n\t<meta property=\"og:image:type\" content=\"image\/jpeg\" \/>\n<meta name=\"author\" content=\"elli\" \/>\n<meta name=\"twitter:card\" content=\"summary_large_image\" \/>\n<meta name=\"twitter:creator\" content=\"@elli\" \/>\n<script type=\"application\/ld+json\" class=\"yoast-schema-graph\">{\"@context\":\"https:\\\/\\\/schema.org\",\"@graph\":[{\"@type\":\"Article\",\"@id\":\"https:\\\/\\\/www.meydan.tv\\\/az\\\/article\\\/goytepede-qezali-evveller-at-tovlesi-olan-mektebler\\\/#article\",\"isPartOf\":{\"@id\":\"https:\\\/\\\/www.meydan.tv\\\/az\\\/article\\\/goytepede-qezali-evveller-at-tovlesi-olan-mektebler\\\/\"},\"author\":{\"name\":\"elli\",\"@id\":\"https:\\\/\\\/www.meydan.tv\\\/az\\\/#\\\/schema\\\/person\\\/9cdbecf90d17180ce1dfbd95b08dcf47\"},\"headline\":\"G\u00f6yt\u0259p\u0259d\u0259: Q\u0259zal\u0131, \u0259vv\u0259ll\u0259r at t\u00f6vl\u0259si olan m\u0259kt\u0259bl\u0259r\",\"datePublished\":\"2023-11-14T07:20:54+00:00\",\"dateModified\":\"2023-11-14T07:20:58+00:00\",\"mainEntityOfPage\":{\"@id\":\"https:\\\/\\\/www.meydan.tv\\\/az\\\/article\\\/goytepede-qezali-evveller-at-tovlesi-olan-mektebler\\\/\"},\"wordCount\":712,\"publisher\":{\"@id\":\"https:\\\/\\\/www.meydan.tv\\\/az\\\/#organization\"},\"image\":{\"@id\":\"https:\\\/\\\/www.meydan.tv\\\/az\\\/article\\\/goytepede-qezali-evveller-at-tovlesi-olan-mektebler\\\/#primaryimage\"},\"thumbnailUrl\":\"https:\\\/\\\/www.meydan.tv\\\/wp-content\\\/uploads\\\/11219327_759143790878519_8093534524982306464_n.jpg\",\"articleSection\":[\"B\u00f6lg\u0259\",\"X\u0259b\u0259rl\u0259r\"],\"inLanguage\":\"az\"},{\"@type\":\"WebPage\",\"@id\":\"https:\\\/\\\/www.meydan.tv\\\/az\\\/article\\\/goytepede-qezali-evveller-at-tovlesi-olan-mektebler\\\/\",\"url\":\"https:\\\/\\\/www.meydan.tv\\\/az\\\/article\\\/goytepede-qezali-evveller-at-tovlesi-olan-mektebler\\\/\",\"name\":\"G\u00f6yt\u0259p\u0259d\u0259: Q\u0259zal\u0131, \u0259vv\u0259ll\u0259r at t\u00f6vl\u0259si olan m\u0259kt\u0259bl\u0259r - MEYDAN.TV\",\"isPartOf\":{\"@id\":\"https:\\\/\\\/www.meydan.tv\\\/az\\\/#website\"},\"primaryImageOfPage\":{\"@id\":\"https:\\\/\\\/www.meydan.tv\\\/az\\\/article\\\/goytepede-qezali-evveller-at-tovlesi-olan-mektebler\\\/#primaryimage\"},\"image\":{\"@id\":\"https:\\\/\\\/www.meydan.tv\\\/az\\\/article\\\/goytepede-qezali-evveller-at-tovlesi-olan-mektebler\\\/#primaryimage\"},\"thumbnailUrl\":\"https:\\\/\\\/www.meydan.tv\\\/wp-content\\\/uploads\\\/11219327_759143790878519_8093534524982306464_n.jpg\",\"datePublished\":\"2023-11-14T07:20:54+00:00\",\"dateModified\":\"2023-11-14T07:20:58+00:00\",\"breadcrumb\":{\"@id\":\"https:\\\/\\\/www.meydan.tv\\\/az\\\/article\\\/goytepede-qezali-evveller-at-tovlesi-olan-mektebler\\\/#breadcrumb\"},\"inLanguage\":\"az\",\"potentialAction\":[{\"@type\":\"ReadAction\",\"target\":[\"https:\\\/\\\/www.meydan.tv\\\/az\\\/article\\\/goytepede-qezali-evveller-at-tovlesi-olan-mektebler\\\/\"]}]},{\"@type\":\"ImageObject\",\"inLanguage\":\"az\",\"@id\":\"https:\\\/\\\/www.meydan.tv\\\/az\\\/article\\\/goytepede-qezali-evveller-at-tovlesi-olan-mektebler\\\/#primaryimage\",\"url\":\"https:\\\/\\\/www.meydan.tv\\\/wp-content\\\/uploads\\\/11219327_759143790878519_8093534524982306464_n.jpg\",\"contentUrl\":\"https:\\\/\\\/www.meydan.tv\\\/wp-content\\\/uploads\\\/11219327_759143790878519_8093534524982306464_n.jpg\",\"width\":1500,\"height\":842,\"caption\":\"Fotolar: Meydan TV\"},{\"@type\":\"BreadcrumbList\",\"@id\":\"https:\\\/\\\/www.meydan.tv\\\/az\\\/article\\\/goytepede-qezali-evveller-at-tovlesi-olan-mektebler\\\/#breadcrumb\",\"itemListElement\":[{\"@type\":\"ListItem\",\"position\":1,\"name\":\"Ana s\u0259hif\u0259\",\"item\":\"https:\\\/\\\/www.meydan.tv\\\/az\\\/\"},{\"@type\":\"ListItem\",\"position\":2,\"name\":\"B\u00f6lg\u0259\",\"item\":\"https:\\\/\\\/www.meydan.tv\\\/az\\\/section\\\/bolge\\\/\"},{\"@type\":\"ListItem\",\"position\":3,\"name\":\"G\u00f6yt\u0259p\u0259d\u0259: Q\u0259zal\u0131, \u0259vv\u0259ll\u0259r at t\u00f6vl\u0259si olan m\u0259kt\u0259bl\u0259r\"}]},{\"@type\":\"WebSite\",\"@id\":\"https:\\\/\\\/www.meydan.tv\\\/az\\\/#website\",\"url\":\"https:\\\/\\\/www.meydan.tv\\\/az\\\/\",\"name\":\"MEYDAN.TV\",\"description\":\"Meydan TV Az\u0259rbaycan\u0131n media m\u0259kan\u0131ndak\u0131 alternativ s\u0259sidir\",\"publisher\":{\"@id\":\"https:\\\/\\\/www.meydan.tv\\\/az\\\/#organization\"},\"potentialAction\":[{\"@type\":\"SearchAction\",\"target\":{\"@type\":\"EntryPoint\",\"urlTemplate\":\"https:\\\/\\\/www.meydan.tv\\\/az\\\/?s={search_term_string}\"},\"query-input\":{\"@type\":\"PropertyValueSpecification\",\"valueRequired\":true,\"valueName\":\"search_term_string\"}}],\"inLanguage\":\"az\"},{\"@type\":\"Organization\",\"@id\":\"https:\\\/\\\/www.meydan.tv\\\/az\\\/#organization\",\"name\":\"Meydan TV\",\"url\":\"https:\\\/\\\/www.meydan.tv\\\/az\\\/\",\"logo\":{\"@type\":\"ImageObject\",\"inLanguage\":\"az\",\"@id\":\"https:\\\/\\\/www.meydan.tv\\\/az\\\/#\\\/schema\\\/logo\\\/image\\\/\",\"url\":\"https:\\\/\\\/www.meydan.tv\\\/wp-content\\\/uploads\\\/2021\\\/07\\\/meydan-logo.svg\",\"contentUrl\":\"https:\\\/\\\/www.meydan.tv\\\/wp-content\\\/uploads\\\/2021\\\/07\\\/meydan-logo.svg\",\"width\":195,\"height\":46,\"caption\":\"Meydan TV\"},\"image\":{\"@id\":\"https:\\\/\\\/www.meydan.tv\\\/az\\\/#\\\/schema\\\/logo\\\/image\\\/\"}},{\"@type\":\"Person\",\"@id\":\"https:\\\/\\\/www.meydan.tv\\\/az\\\/#\\\/schema\\\/person\\\/9cdbecf90d17180ce1dfbd95b08dcf47\",\"name\":\"elli\",\"sameAs\":[\"https:\\\/\\\/x.com\\\/elli\"]}]}<\/script>\n<!-- \/ Yoast SEO plugin. -->","yoast_head_json":{"title":"G\u00f6yt\u0259p\u0259d\u0259: Q\u0259zal\u0131, \u0259vv\u0259ll\u0259r at t\u00f6vl\u0259si olan m\u0259kt\u0259bl\u0259r - MEYDAN.TV","robots":{"index":"index","follow":"follow","max-snippet":"max-snippet:-1","max-image-preview":"max-image-preview:large","max-video-preview":"max-video-preview:-1"},"canonical":"https:\/\/www.meydan.tv\/az\/article\/goytepede-qezali-evveller-at-tovlesi-olan-mektebler\/","og_locale":"az_AZ","og_type":"article","og_title":"G\u00f6yt\u0259p\u0259d\u0259: Q\u0259zal\u0131, \u0259vv\u0259ll\u0259r at t\u00f6vl\u0259si olan m\u0259kt\u0259bl\u0259r - MEYDAN.TV","og_description":"\u201cBel\u0259 anti-sanitariya \u015f\u0259raitind\u0259 hans\u0131 t\u0259hsild\u0259n s\u00f6hb\u0259t ged\u0259 bil\u0259r?\u201d C\u0259lilabad\u0131n 15 ... Davam\u0131","og_url":"https:\/\/www.meydan.tv\/az\/article\/goytepede-qezali-evveller-at-tovlesi-olan-mektebler\/","og_site_name":"MEYDAN.TV","article_published_time":"2023-11-14T07:20:54+00:00","article_modified_time":"2023-11-14T07:20:58+00:00","og_image":[{"width":1500,"height":842,"url":"https:\/\/www.meydan.tv\/wp-content\/uploads\/11219327_759143790878519_8093534524982306464_n.jpg","type":"image\/jpeg"}],"author":"elli","twitter_card":"summary_large_image","twitter_creator":"@elli","schema":{"@context":"https:\/\/schema.org","@graph":[{"@type":"Article","@id":"https:\/\/www.meydan.tv\/az\/article\/goytepede-qezali-evveller-at-tovlesi-olan-mektebler\/#article","isPartOf":{"@id":"https:\/\/www.meydan.tv\/az\/article\/goytepede-qezali-evveller-at-tovlesi-olan-mektebler\/"},"author":{"name":"elli","@id":"https:\/\/www.meydan.tv\/az\/#\/schema\/person\/9cdbecf90d17180ce1dfbd95b08dcf47"},"headline":"G\u00f6yt\u0259p\u0259d\u0259: Q\u0259zal\u0131, \u0259vv\u0259ll\u0259r at t\u00f6vl\u0259si olan m\u0259kt\u0259bl\u0259r","datePublished":"2023-11-14T07:20:54+00:00","dateModified":"2023-11-14T07:20:58+00:00","mainEntityOfPage":{"@id":"https:\/\/www.meydan.tv\/az\/article\/goytepede-qezali-evveller-at-tovlesi-olan-mektebler\/"},"wordCount":712,"publisher":{"@id":"https:\/\/www.meydan.tv\/az\/#organization"},"image":{"@id":"https:\/\/www.meydan.tv\/az\/article\/goytepede-qezali-evveller-at-tovlesi-olan-mektebler\/#primaryimage"},"thumbnailUrl":"https:\/\/www.meydan.tv\/wp-content\/uploads\/11219327_759143790878519_8093534524982306464_n.jpg","articleSection":["B\u00f6lg\u0259","X\u0259b\u0259rl\u0259r"],"inLanguage":"az"},{"@type":"WebPage","@id":"https:\/\/www.meydan.tv\/az\/article\/goytepede-qezali-evveller-at-tovlesi-olan-mektebler\/","url":"https:\/\/www.meydan.tv\/az\/article\/goytepede-qezali-evveller-at-tovlesi-olan-mektebler\/","name":"G\u00f6yt\u0259p\u0259d\u0259: Q\u0259zal\u0131, \u0259vv\u0259ll\u0259r at t\u00f6vl\u0259si olan m\u0259kt\u0259bl\u0259r - MEYDAN.TV","isPartOf":{"@id":"https:\/\/www.meydan.tv\/az\/#website"},"primaryImageOfPage":{"@id":"https:\/\/www.meydan.tv\/az\/article\/goytepede-qezali-evveller-at-tovlesi-olan-mektebler\/#primaryimage"},"image":{"@id":"https:\/\/www.meydan.tv\/az\/article\/goytepede-qezali-evveller-at-tovlesi-olan-mektebler\/#primaryimage"},"thumbnailUrl":"https:\/\/www.meydan.tv\/wp-content\/uploads\/11219327_759143790878519_8093534524982306464_n.jpg","datePublished":"2023-11-14T07:20:54+00:00","dateModified":"2023-11-14T07:20:58+00:00","breadcrumb":{"@id":"https:\/\/www.meydan.tv\/az\/article\/goytepede-qezali-evveller-at-tovlesi-olan-mektebler\/#breadcrumb"},"inLanguage":"az","potentialAction":[{"@type":"ReadAction","target":["https:\/\/www.meydan.tv\/az\/article\/goytepede-qezali-evveller-at-tovlesi-olan-mektebler\/"]}]},{"@type":"ImageObject","inLanguage":"az","@id":"https:\/\/www.meydan.tv\/az\/article\/goytepede-qezali-evveller-at-tovlesi-olan-mektebler\/#primaryimage","url":"https:\/\/www.meydan.tv\/wp-content\/uploads\/11219327_759143790878519_8093534524982306464_n.jpg","contentUrl":"https:\/\/www.meydan.tv\/wp-content\/uploads\/11219327_759143790878519_8093534524982306464_n.jpg","width":1500,"height":842,"caption":"Fotolar: Meydan TV"},{"@type":"BreadcrumbList","@id":"https:\/\/www.meydan.tv\/az\/article\/goytepede-qezali-evveller-at-tovlesi-olan-mektebler\/#breadcrumb","itemListElement":[{"@type":"ListItem","position":1,"name":"Ana s\u0259hif\u0259","item":"https:\/\/www.meydan.tv\/az\/"},{"@type":"ListItem","position":2,"name":"B\u00f6lg\u0259","item":"https:\/\/www.meydan.tv\/az\/section\/bolge\/"},{"@type":"ListItem","position":3,"name":"G\u00f6yt\u0259p\u0259d\u0259: Q\u0259zal\u0131, \u0259vv\u0259ll\u0259r at t\u00f6vl\u0259si olan m\u0259kt\u0259bl\u0259r"}]},{"@type":"WebSite","@id":"https:\/\/www.meydan.tv\/az\/#website","url":"https:\/\/www.meydan.tv\/az\/","name":"MEYDAN.TV","description":"Meydan TV Az\u0259rbaycan\u0131n media m\u0259kan\u0131ndak\u0131 alternativ s\u0259sidir","publisher":{"@id":"https:\/\/www.meydan.tv\/az\/#organization"},"potentialAction":[{"@type":"SearchAction","target":{"@type":"EntryPoint","urlTemplate":"https:\/\/www.meydan.tv\/az\/?s={search_term_string}"},"query-input":{"@type":"PropertyValueSpecification","valueRequired":true,"valueName":"search_term_string"}}],"inLanguage":"az"},{"@type":"Organization","@id":"https:\/\/www.meydan.tv\/az\/#organization","name":"Meydan TV","url":"https:\/\/www.meydan.tv\/az\/","logo":{"@type":"ImageObject","inLanguage":"az","@id":"https:\/\/www.meydan.tv\/az\/#\/schema\/logo\/image\/","url":"https:\/\/www.meydan.tv\/wp-content\/uploads\/2021\/07\/meydan-logo.svg","contentUrl":"https:\/\/www.meydan.tv\/wp-content\/uploads\/2021\/07\/meydan-logo.svg","width":195,"height":46,"caption":"Meydan TV"},"image":{"@id":"https:\/\/www.meydan.tv\/az\/#\/schema\/logo\/image\/"}},{"@type":"Person","@id":"https:\/\/www.meydan.tv\/az\/#\/schema\/person\/9cdbecf90d17180ce1dfbd95b08dcf47","name":"elli","sameAs":["https:\/\/x.com\/elli"]}]}},"_links":{"self":[{"href":"https:\/\/www.meydan.tv\/az\/wp-json\/wp\/v2\/posts\/290291","targetHints":{"allow":["GET"]}}],"collection":[{"href":"https:\/\/www.meydan.tv\/az\/wp-json\/wp\/v2\/posts"}],"about":[{"href":"https:\/\/www.meydan.tv\/az\/wp-json\/wp\/v2\/types\/post"}],"author":[{"embeddable":true,"href":"https:\/\/www.meydan.tv\/az\/wp-json\/wp\/v2\/users\/8"}],"replies":[{"embeddable":true,"href":"https:\/\/www.meydan.tv\/az\/wp-json\/wp\/v2\/comments?post=290291"}],"version-history":[{"count":3,"href":"https:\/\/www.meydan.tv\/az\/wp-json\/wp\/v2\/posts\/290291\/revisions"}],"predecessor-version":[{"id":290296,"href":"https:\/\/www.meydan.tv\/az\/wp-json\/wp\/v2\/posts\/290291\/revisions\/290296"}],"wp:featuredmedia":[{"embeddable":true,"href":"https:\/\/www.meydan.tv\/az\/wp-json\/wp\/v2\/media\/290288"}],"wp:attachment":[{"href":"https:\/\/www.meydan.tv\/az\/wp-json\/wp\/v2\/media?parent=290291"}],"wp:term":[{"taxonomy":"category","embeddable":true,"href":"https:\/\/www.meydan.tv\/az\/wp-json\/wp\/v2\/categories?post=290291"},{"taxonomy":"post_tag","embeddable":true,"href":"https:\/\/www.meydan.tv\/az\/wp-json\/wp\/v2\/tags?post=290291"}],"curies":[{"name":"wp","href":"https:\/\/api.w.org\/{rel}","templated":true}]}}