{"id":290276,"date":"2023-11-13T22:25:45","date_gmt":"2023-11-13T18:25:45","guid":{"rendered":"https:\/\/www.meydan.tv\/?p=290276"},"modified":"2023-11-13T22:27:47","modified_gmt":"2023-11-13T18:27:47","slug":"selim-muslumovun-mehkemesi-teyin-olunur-amma-kecirilmir","status":"publish","type":"post","link":"https:\/\/www.meydan.tv\/az\/article\/selim-muslumovun-mehkemesi-teyin-olunur-amma-kecirilmir\/","title":{"rendered":"S\u0259lim M\u00fcsl\u00fcmovun m\u0259hk\u0259m\u0259si t\u0259yin olunur, amma ke\u00e7irilmir"},"content":{"rendered":"\n<p><\/p>\n\n\n\n<p><strong><em>Sabiq nazirin m\u0259hk\u0259m\u0259y\u0259 g\u0259lm\u0259m\u0259si s\u0259hh\u0259tind\u0259ki probleml\u0259rl\u0259 \u0259laq\u0259l\u0259ndirilir<\/em><\/strong><\/p>\n\n\n\n<p>27 milyon manatl\u0131q m\u0259nims\u0259m\u0259 v\u0259 r\u00fc\u015fv\u0259t almaqda ittiham olunan ke\u00e7mi\u015f \u018fm\u0259k v\u0259 \u018fhalinin Sosial M\u00fcdafi\u0259si naziri S\u0259lim M\u00fcsl\u00fcmovun il yar\u0131ma yax\u0131nd\u0131r ki, m\u0259hk\u0259m\u0259si gedir.<\/p>\n\n\n\n<p>Onun i\u015fin\u0259 Bak\u0131 A\u011f\u0131r Cinay\u0259tl\u0259r M\u0259hk\u0259m\u0259sind\u0259 Faiq Q\u0259niyevin s\u0259drlik etdiyi hakiml\u0259r kollegiyas\u0131 bax\u0131r.<\/p>\n\n\n\n<p>2021-ci ilin fevral\u0131nda h\u0259bs olunan v\u0259 2022-ci ilin may\u0131nda ev dustaql\u0131\u011f\u0131na burax\u0131lan S\u0259lim M\u00fcsl\u00fcmovun m\u0259hk\u0259m\u0259si aylard\u0131r ki, h\u0259r d\u0259f\u0259 t\u0259yin olunur, amma ke\u00e7irilmir.<\/p>\n\n\n\n<p>H\u0259r d\u0259f\u0259 bir s\u0259b\u0259b \u0259sas g\u0259tiril\u0259r\u0259k sabiq nazirin m\u0259hk\u0259m\u0259si ba\u015f tutmur.<\/p>\n\n\n\n<p>Noyabr\u0131n 13-n\u0259 t\u0259yin olunan n\u00f6vb\u0259ti m\u0259hk\u0259m\u0259 iclas\u0131 da ba\u015f tutmay\u0131b.<\/p>\n\n\n\n<p>Bu d\u0259f\u0259 ke\u00e7mi\u015f nazirin s\u0259hh\u0259tind\u0259 problem oldu\u011fu bildirilib.<\/p>\n\n\n\n<p>M\u0259hk\u0259m\u0259 prosesin\u0259 s\u0259drlik ed\u0259n hakim Faiq Q\u0259niyev bildirib ki, m\u0259hk\u0259m\u0259 iclas\u0131ndan az \u00f6nc\u0259 sabiq nazirin v\u0259kili m\u00fcv\u0259kkilinin s\u0259hh\u0259tind\u0259 problem yarand\u0131\u011f\u0131n\u0131, bu \u00fczd\u0259n onun m\u0259hk\u0259m\u0259y\u0259 g\u0259l\u0259 bilm\u0259diyini x\u0259b\u0259r verib.<\/p>\n\n\n\n<p>Ke\u00e7mi\u015f nazirin k\u0259skin respirator x\u0259st\u0259liy\u0259 (t\u0259n\u0259ff\u00fcs yollar\u0131n\u0131n iltihab\u0131-red.) yoluxdu\u011fu bildirilib.<\/p>\n\n\n\n<p>Bu \u0259sasla da m\u0259hk\u0259m\u0259 prosesi noyabr\u0131n 20-n\u0259 t\u0259xir\u0259 sal\u0131n\u0131b.<\/p>\n\n\n\n<p>S\u0259lim M\u00fcsl\u00fcmovun m\u0259hk\u0259m\u0259sind\u0259 \u015fahidl\u0259rin dindirilm\u0259si, s\u0259n\u0259dl\u0259rin t\u0259dqiqi m\u0259rh\u0259l\u0259si ba\u015fa \u00e7at\u0131b.<\/p>\n\n\n\n<p>N\u00f6vb\u0259ti m\u0259hk\u0259m\u0259 iclas\u0131nda prokurorun \u00e7\u0131x\u0131\u015f\u0131 g\u00f6zl\u0259nilir.<\/p>\n\n\n\n<p>S\u0259lim M\u00fcsl\u00fcmov m\u0259hk\u0259m\u0259d\u0259 geni\u015f ifad\u0259 verm\u0259s\u0259 d\u0259, q\u0131saca \u00f6z\u00fcn\u00fc qism\u0259n t\u0259qsirli bildiyini demi\u015fdi.<\/p>\n\n\n\n<p>O bildirmi\u015fdi ki, m\u0259nims\u0259m\u0259 v\u0259 r\u00fc\u015fv\u0259talma ittihamlar\u0131n\u0131 q\u0259bul ets\u0259 d\u0259, israfetm\u0259 ittiham\u0131yla raz\u0131la\u015fm\u0131r.<\/p>\n\n\n\n<p>Ona g\u00f6r\u0259 d\u0259 27 milyondan 20-sini \u00f6d\u0259s\u0259 d\u0259, 7 milyonu \u00f6d\u0259m\u0259kd\u0259n imtina edirdi.<\/p>\n\n\n\n<p>Lakin cinay\u0259t i\u015find\u0259 b\u0259hs olunan israfetm\u0259, tenderl\u0259rd\u0259ki qanunsuzluqlar v\u0259 s.<\/p>\n\n\n\n<p>S\u0259lim M\u00fcsl\u00fcmovun r\u0259hb\u0259rliyi d\u00f6vr\u00fcnd\u0259 ba\u015f verdiyin\u0259 g\u00f6r\u0259 iddia olunur ki, b\u00fct\u00fcn bunlardan onun x\u0259b\u0259ri olub.<\/p>\n\n\n\n<p>Bu s\u0259b\u0259bd\u0259n ona 7 milyonla ba\u011fl\u0131 ittiham verilib.<\/p>\n\n\n\n<p>62 ya\u015fl\u0131 S\u0259lim M\u00fcsl\u00fcmov 2000-2002-ci ill\u0259rd\u0259 D\u00f6vl\u0259t G\u00f6mr\u00fck Komit\u0259sinin s\u0259dr m\u00fcavini, ard\u0131nca 11 il D\u00f6vl\u0259t Sosial M\u00fcdafi\u0259 Fondunun s\u0259dri v\u0259zif\u0259sind\u0259 i\u015fl\u0259yib.<\/p>\n\n\n\n<p>2013-c\u00fc ild\u0259 \u018fm\u0259k v\u0259 \u018fhalinin Sosial M\u00fcdafi\u0259si naziri t\u0259yin edilib.<\/p>\n\n\n\n<p>H\u0259min vaxt D\u00f6vl\u0259t Sosial M\u00fcdafi\u0259 Fondu da bu nazirliyin tabeliyin\u0259 verilib.<\/p>\n\n\n\n<p>O, 2018-ci ild\u0259 nazir v\u0259zif\u0259sind\u0259n azad edilib.<\/p>\n\n\n\n<p>2021-ci ilin fevral\u0131nda D\u00f6vl\u0259t T\u0259hl\u00fck\u0259sizliyi Xidm\u0259tinin \u0259m\u0259kda\u015flar\u0131 t\u0259r\u0259find\u0259n saxlan\u0131lan sabiq nazir 2022-ci ilin may\u0131nda ev dustaql\u0131\u011f\u0131na burax\u0131l\u0131b.<\/p>\n\n\n\n<p>S\u0259lim M\u00fcsl\u00fcmova qar\u015f\u0131 Cinay\u0259t M\u0259c\u0259ll\u0259sinin 179.4 (x\u00fcsusil\u0259 k\u00fclli miqdarda m\u0259nims\u0259m\u0259 v\u0259 ya israfetm\u0259), 308.2 (a\u011f\u0131r n\u0259tic\u0259l\u0259r\u0259 s\u0259b\u0259b olan v\u0259zif\u0259 s\u0259lahiyy\u0259tl\u0259rind\u0259n sui-istifad\u0259), 311.3.2 v\u0259 311.3.3 (t\u0259krar k\u00fclli miqdarda r\u00fc\u015fv\u0259t alma) madd\u0259l\u0259ril\u0259 ittiham ir\u0259li s\u00fcr\u00fcl\u00fcb.<\/p>\n\n\n\n<p>Bu madd\u0259l\u0259rd\u0259 14 il\u0259 q\u0259d\u0259r h\u0259bs c\u0259zas\u0131 n\u0259z\u0259rd\u0259 tutulub.<\/p>\n\n\n\n<p>S\u0259lim M\u00fcsl\u00fcmov 27 milyon manatl\u0131q ziyan\u0131n 20 milyonunu istintaq d\u00f6vr\u00fcnd\u0259 \u00f6d\u0259yib.<\/p>\n\n\n\n<p>O, h\u0259min \u00f6d\u0259ni\u015fd\u0259n sonra ev dustaql\u0131\u011f\u0131na burax\u0131l\u0131b. Lakin r\u0259smi s\u0259b\u0259b kimi, onun s\u0259hh\u0259tind\u0259ki probleml\u0259r g\u00f6st\u0259rilib.<\/p>\n","protected":false},"excerpt":{"rendered":"<p>Sabiq nazirin m\u0259hk\u0259m\u0259y\u0259 g\u0259lm\u0259m\u0259si s\u0259hh\u0259tind\u0259ki probleml\u0259rl\u0259 \u0259laq\u0259l\u0259ndirilir 27 milyon manatl\u0131q &#8230; <\/p>\n<p class=\"read-more-container\"><a title=\"S\u0259lim M\u00fcsl\u00fcmovun m\u0259hk\u0259m\u0259si t\u0259yin olunur, amma ke\u00e7irilmir\" class=\"read-more button\" href=\"https:\/\/www.meydan.tv\/az\/article\/selim-muslumovun-mehkemesi-teyin-olunur-amma-kecirilmir\/#more-290276\" aria-label=\"Read more about S\u0259lim M\u00fcsl\u00fcmovun m\u0259hk\u0259m\u0259si t\u0259yin olunur, amma ke\u00e7irilmir\">Davam\u0131<\/a><\/p>\n","protected":false},"author":8,"featured_media":255446,"comment_status":"closed","ping_status":"closed","sticky":false,"template":"","format":"standard","meta":{"_acf_changed":false,"_sitemap_exclude":false,"_sitemap_priority":"","_sitemap_frequency":"","footnotes":""},"categories":[62,56],"tags":[],"class_list":["post-290276","post","type-post","status-publish","format-standard","has-post-thumbnail","hentry","category-sosial","category-xeberler","infinite-scroll-item","generate-columns","tablet-grid-50","mobile-grid-100","grid-parent","grid-33","no-featured-image-padding"],"acf":[],"yoast_head":"<!-- This site is optimized with the Yoast SEO plugin v27.5 - https:\/\/yoast.com\/product\/yoast-seo-wordpress\/ -->\n<title>S\u0259lim M\u00fcsl\u00fcmovun m\u0259hk\u0259m\u0259si t\u0259yin olunur, amma ke\u00e7irilmir - MEYDAN.TV<\/title>\n<meta name=\"robots\" content=\"index, follow, max-snippet:-1, max-image-preview:large, max-video-preview:-1\" \/>\n<link rel=\"canonical\" href=\"https:\/\/www.meydan.tv\/az\/article\/selim-muslumovun-mehkemesi-teyin-olunur-amma-kecirilmir\/\" \/>\n<meta property=\"og:locale\" content=\"az_AZ\" \/>\n<meta property=\"og:type\" content=\"article\" \/>\n<meta property=\"og:title\" content=\"S\u0259lim M\u00fcsl\u00fcmovun m\u0259hk\u0259m\u0259si t\u0259yin olunur, amma ke\u00e7irilmir - MEYDAN.TV\" \/>\n<meta property=\"og:description\" content=\"Sabiq nazirin m\u0259hk\u0259m\u0259y\u0259 g\u0259lm\u0259m\u0259si s\u0259hh\u0259tind\u0259ki probleml\u0259rl\u0259 \u0259laq\u0259l\u0259ndirilir 27 milyon manatl\u0131q ... Davam\u0131\" \/>\n<meta property=\"og:url\" content=\"https:\/\/www.meydan.tv\/az\/article\/selim-muslumovun-mehkemesi-teyin-olunur-amma-kecirilmir\/\" \/>\n<meta property=\"og:site_name\" content=\"MEYDAN.TV\" \/>\n<meta property=\"article:published_time\" content=\"2023-11-13T18:25:45+00:00\" \/>\n<meta property=\"article:modified_time\" content=\"2023-11-13T18:27:47+00:00\" \/>\n<meta property=\"og:image\" content=\"https:\/\/www.meydan.tv\/wp-content\/uploads\/selim-muslumov-nazir-4-e1699900055681.jpg\" \/>\n\t<meta property=\"og:image:width\" content=\"1500\" \/>\n\t<meta property=\"og:image:height\" content=\"587\" \/>\n\t<meta property=\"og:image:type\" content=\"image\/jpeg\" \/>\n<meta name=\"author\" content=\"elli\" \/>\n<meta name=\"twitter:card\" content=\"summary_large_image\" \/>\n<meta name=\"twitter:creator\" content=\"@elli\" \/>\n<script type=\"application\/ld+json\" class=\"yoast-schema-graph\">{\"@context\":\"https:\\\/\\\/schema.org\",\"@graph\":[{\"@type\":\"Article\",\"@id\":\"https:\\\/\\\/www.meydan.tv\\\/az\\\/article\\\/selim-muslumovun-mehkemesi-teyin-olunur-amma-kecirilmir\\\/#article\",\"isPartOf\":{\"@id\":\"https:\\\/\\\/www.meydan.tv\\\/az\\\/article\\\/selim-muslumovun-mehkemesi-teyin-olunur-amma-kecirilmir\\\/\"},\"author\":{\"name\":\"elli\",\"@id\":\"https:\\\/\\\/www.meydan.tv\\\/az\\\/#\\\/schema\\\/person\\\/9cdbecf90d17180ce1dfbd95b08dcf47\"},\"headline\":\"S\u0259lim M\u00fcsl\u00fcmovun m\u0259hk\u0259m\u0259si t\u0259yin olunur, amma ke\u00e7irilmir\",\"datePublished\":\"2023-11-13T18:25:45+00:00\",\"dateModified\":\"2023-11-13T18:27:47+00:00\",\"mainEntityOfPage\":{\"@id\":\"https:\\\/\\\/www.meydan.tv\\\/az\\\/article\\\/selim-muslumovun-mehkemesi-teyin-olunur-amma-kecirilmir\\\/\"},\"wordCount\":672,\"publisher\":{\"@id\":\"https:\\\/\\\/www.meydan.tv\\\/az\\\/#organization\"},\"image\":{\"@id\":\"https:\\\/\\\/www.meydan.tv\\\/az\\\/article\\\/selim-muslumovun-mehkemesi-teyin-olunur-amma-kecirilmir\\\/#primaryimage\"},\"thumbnailUrl\":\"https:\\\/\\\/www.meydan.tv\\\/wp-content\\\/uploads\\\/selim-muslumov-nazir-4-e1705521926322.jpg\",\"articleSection\":[\"Sosial\",\"X\u0259b\u0259rl\u0259r\"],\"inLanguage\":\"az\"},{\"@type\":\"WebPage\",\"@id\":\"https:\\\/\\\/www.meydan.tv\\\/az\\\/article\\\/selim-muslumovun-mehkemesi-teyin-olunur-amma-kecirilmir\\\/\",\"url\":\"https:\\\/\\\/www.meydan.tv\\\/az\\\/article\\\/selim-muslumovun-mehkemesi-teyin-olunur-amma-kecirilmir\\\/\",\"name\":\"S\u0259lim M\u00fcsl\u00fcmovun m\u0259hk\u0259m\u0259si t\u0259yin olunur, amma ke\u00e7irilmir - MEYDAN.TV\",\"isPartOf\":{\"@id\":\"https:\\\/\\\/www.meydan.tv\\\/az\\\/#website\"},\"primaryImageOfPage\":{\"@id\":\"https:\\\/\\\/www.meydan.tv\\\/az\\\/article\\\/selim-muslumovun-mehkemesi-teyin-olunur-amma-kecirilmir\\\/#primaryimage\"},\"image\":{\"@id\":\"https:\\\/\\\/www.meydan.tv\\\/az\\\/article\\\/selim-muslumovun-mehkemesi-teyin-olunur-amma-kecirilmir\\\/#primaryimage\"},\"thumbnailUrl\":\"https:\\\/\\\/www.meydan.tv\\\/wp-content\\\/uploads\\\/selim-muslumov-nazir-4-e1705521926322.jpg\",\"datePublished\":\"2023-11-13T18:25:45+00:00\",\"dateModified\":\"2023-11-13T18:27:47+00:00\",\"breadcrumb\":{\"@id\":\"https:\\\/\\\/www.meydan.tv\\\/az\\\/article\\\/selim-muslumovun-mehkemesi-teyin-olunur-amma-kecirilmir\\\/#breadcrumb\"},\"inLanguage\":\"az\",\"potentialAction\":[{\"@type\":\"ReadAction\",\"target\":[\"https:\\\/\\\/www.meydan.tv\\\/az\\\/article\\\/selim-muslumovun-mehkemesi-teyin-olunur-amma-kecirilmir\\\/\"]}]},{\"@type\":\"ImageObject\",\"inLanguage\":\"az\",\"@id\":\"https:\\\/\\\/www.meydan.tv\\\/az\\\/article\\\/selim-muslumovun-mehkemesi-teyin-olunur-amma-kecirilmir\\\/#primaryimage\",\"url\":\"https:\\\/\\\/www.meydan.tv\\\/wp-content\\\/uploads\\\/selim-muslumov-nazir-4-e1705521926322.jpg\",\"contentUrl\":\"https:\\\/\\\/www.meydan.tv\\\/wp-content\\\/uploads\\\/selim-muslumov-nazir-4-e1705521926322.jpg\",\"width\":1500,\"height\":810,\"caption\":\"S\u0259lim M\u00fcsl\u00fcmov, Foto: arxiv\"},{\"@type\":\"BreadcrumbList\",\"@id\":\"https:\\\/\\\/www.meydan.tv\\\/az\\\/article\\\/selim-muslumovun-mehkemesi-teyin-olunur-amma-kecirilmir\\\/#breadcrumb\",\"itemListElement\":[{\"@type\":\"ListItem\",\"position\":1,\"name\":\"Ana s\u0259hif\u0259\",\"item\":\"https:\\\/\\\/www.meydan.tv\\\/az\\\/\"},{\"@type\":\"ListItem\",\"position\":2,\"name\":\"Sosial\",\"item\":\"https:\\\/\\\/www.meydan.tv\\\/az\\\/section\\\/sosial\\\/\"},{\"@type\":\"ListItem\",\"position\":3,\"name\":\"S\u0259lim M\u00fcsl\u00fcmovun m\u0259hk\u0259m\u0259si t\u0259yin olunur, amma ke\u00e7irilmir\"}]},{\"@type\":\"WebSite\",\"@id\":\"https:\\\/\\\/www.meydan.tv\\\/az\\\/#website\",\"url\":\"https:\\\/\\\/www.meydan.tv\\\/az\\\/\",\"name\":\"MEYDAN.TV\",\"description\":\"Meydan TV Az\u0259rbaycan\u0131n media m\u0259kan\u0131ndak\u0131 alternativ s\u0259sidir\",\"publisher\":{\"@id\":\"https:\\\/\\\/www.meydan.tv\\\/az\\\/#organization\"},\"potentialAction\":[{\"@type\":\"SearchAction\",\"target\":{\"@type\":\"EntryPoint\",\"urlTemplate\":\"https:\\\/\\\/www.meydan.tv\\\/az\\\/?s={search_term_string}\"},\"query-input\":{\"@type\":\"PropertyValueSpecification\",\"valueRequired\":true,\"valueName\":\"search_term_string\"}}],\"inLanguage\":\"az\"},{\"@type\":\"Organization\",\"@id\":\"https:\\\/\\\/www.meydan.tv\\\/az\\\/#organization\",\"name\":\"Meydan TV\",\"url\":\"https:\\\/\\\/www.meydan.tv\\\/az\\\/\",\"logo\":{\"@type\":\"ImageObject\",\"inLanguage\":\"az\",\"@id\":\"https:\\\/\\\/www.meydan.tv\\\/az\\\/#\\\/schema\\\/logo\\\/image\\\/\",\"url\":\"https:\\\/\\\/www.meydan.tv\\\/wp-content\\\/uploads\\\/2021\\\/07\\\/meydan-logo.svg\",\"contentUrl\":\"https:\\\/\\\/www.meydan.tv\\\/wp-content\\\/uploads\\\/2021\\\/07\\\/meydan-logo.svg\",\"width\":195,\"height\":46,\"caption\":\"Meydan TV\"},\"image\":{\"@id\":\"https:\\\/\\\/www.meydan.tv\\\/az\\\/#\\\/schema\\\/logo\\\/image\\\/\"}},{\"@type\":\"Person\",\"@id\":\"https:\\\/\\\/www.meydan.tv\\\/az\\\/#\\\/schema\\\/person\\\/9cdbecf90d17180ce1dfbd95b08dcf47\",\"name\":\"elli\",\"sameAs\":[\"https:\\\/\\\/x.com\\\/elli\"]}]}<\/script>\n<!-- \/ Yoast SEO plugin. -->","yoast_head_json":{"title":"S\u0259lim M\u00fcsl\u00fcmovun m\u0259hk\u0259m\u0259si t\u0259yin olunur, amma ke\u00e7irilmir - MEYDAN.TV","robots":{"index":"index","follow":"follow","max-snippet":"max-snippet:-1","max-image-preview":"max-image-preview:large","max-video-preview":"max-video-preview:-1"},"canonical":"https:\/\/www.meydan.tv\/az\/article\/selim-muslumovun-mehkemesi-teyin-olunur-amma-kecirilmir\/","og_locale":"az_AZ","og_type":"article","og_title":"S\u0259lim M\u00fcsl\u00fcmovun m\u0259hk\u0259m\u0259si t\u0259yin olunur, amma ke\u00e7irilmir - MEYDAN.TV","og_description":"Sabiq nazirin m\u0259hk\u0259m\u0259y\u0259 g\u0259lm\u0259m\u0259si s\u0259hh\u0259tind\u0259ki probleml\u0259rl\u0259 \u0259laq\u0259l\u0259ndirilir 27 milyon manatl\u0131q ... Davam\u0131","og_url":"https:\/\/www.meydan.tv\/az\/article\/selim-muslumovun-mehkemesi-teyin-olunur-amma-kecirilmir\/","og_site_name":"MEYDAN.TV","article_published_time":"2023-11-13T18:25:45+00:00","article_modified_time":"2023-11-13T18:27:47+00:00","og_image":[{"width":1500,"height":587,"url":"https:\/\/www.meydan.tv\/wp-content\/uploads\/selim-muslumov-nazir-4-e1699900055681.jpg","type":"image\/jpeg"}],"author":"elli","twitter_card":"summary_large_image","twitter_creator":"@elli","schema":{"@context":"https:\/\/schema.org","@graph":[{"@type":"Article","@id":"https:\/\/www.meydan.tv\/az\/article\/selim-muslumovun-mehkemesi-teyin-olunur-amma-kecirilmir\/#article","isPartOf":{"@id":"https:\/\/www.meydan.tv\/az\/article\/selim-muslumovun-mehkemesi-teyin-olunur-amma-kecirilmir\/"},"author":{"name":"elli","@id":"https:\/\/www.meydan.tv\/az\/#\/schema\/person\/9cdbecf90d17180ce1dfbd95b08dcf47"},"headline":"S\u0259lim M\u00fcsl\u00fcmovun m\u0259hk\u0259m\u0259si t\u0259yin olunur, amma ke\u00e7irilmir","datePublished":"2023-11-13T18:25:45+00:00","dateModified":"2023-11-13T18:27:47+00:00","mainEntityOfPage":{"@id":"https:\/\/www.meydan.tv\/az\/article\/selim-muslumovun-mehkemesi-teyin-olunur-amma-kecirilmir\/"},"wordCount":672,"publisher":{"@id":"https:\/\/www.meydan.tv\/az\/#organization"},"image":{"@id":"https:\/\/www.meydan.tv\/az\/article\/selim-muslumovun-mehkemesi-teyin-olunur-amma-kecirilmir\/#primaryimage"},"thumbnailUrl":"https:\/\/www.meydan.tv\/wp-content\/uploads\/selim-muslumov-nazir-4-e1705521926322.jpg","articleSection":["Sosial","X\u0259b\u0259rl\u0259r"],"inLanguage":"az"},{"@type":"WebPage","@id":"https:\/\/www.meydan.tv\/az\/article\/selim-muslumovun-mehkemesi-teyin-olunur-amma-kecirilmir\/","url":"https:\/\/www.meydan.tv\/az\/article\/selim-muslumovun-mehkemesi-teyin-olunur-amma-kecirilmir\/","name":"S\u0259lim M\u00fcsl\u00fcmovun m\u0259hk\u0259m\u0259si t\u0259yin olunur, amma ke\u00e7irilmir - MEYDAN.TV","isPartOf":{"@id":"https:\/\/www.meydan.tv\/az\/#website"},"primaryImageOfPage":{"@id":"https:\/\/www.meydan.tv\/az\/article\/selim-muslumovun-mehkemesi-teyin-olunur-amma-kecirilmir\/#primaryimage"},"image":{"@id":"https:\/\/www.meydan.tv\/az\/article\/selim-muslumovun-mehkemesi-teyin-olunur-amma-kecirilmir\/#primaryimage"},"thumbnailUrl":"https:\/\/www.meydan.tv\/wp-content\/uploads\/selim-muslumov-nazir-4-e1705521926322.jpg","datePublished":"2023-11-13T18:25:45+00:00","dateModified":"2023-11-13T18:27:47+00:00","breadcrumb":{"@id":"https:\/\/www.meydan.tv\/az\/article\/selim-muslumovun-mehkemesi-teyin-olunur-amma-kecirilmir\/#breadcrumb"},"inLanguage":"az","potentialAction":[{"@type":"ReadAction","target":["https:\/\/www.meydan.tv\/az\/article\/selim-muslumovun-mehkemesi-teyin-olunur-amma-kecirilmir\/"]}]},{"@type":"ImageObject","inLanguage":"az","@id":"https:\/\/www.meydan.tv\/az\/article\/selim-muslumovun-mehkemesi-teyin-olunur-amma-kecirilmir\/#primaryimage","url":"https:\/\/www.meydan.tv\/wp-content\/uploads\/selim-muslumov-nazir-4-e1705521926322.jpg","contentUrl":"https:\/\/www.meydan.tv\/wp-content\/uploads\/selim-muslumov-nazir-4-e1705521926322.jpg","width":1500,"height":810,"caption":"S\u0259lim M\u00fcsl\u00fcmov, Foto: arxiv"},{"@type":"BreadcrumbList","@id":"https:\/\/www.meydan.tv\/az\/article\/selim-muslumovun-mehkemesi-teyin-olunur-amma-kecirilmir\/#breadcrumb","itemListElement":[{"@type":"ListItem","position":1,"name":"Ana s\u0259hif\u0259","item":"https:\/\/www.meydan.tv\/az\/"},{"@type":"ListItem","position":2,"name":"Sosial","item":"https:\/\/www.meydan.tv\/az\/section\/sosial\/"},{"@type":"ListItem","position":3,"name":"S\u0259lim M\u00fcsl\u00fcmovun m\u0259hk\u0259m\u0259si t\u0259yin olunur, amma ke\u00e7irilmir"}]},{"@type":"WebSite","@id":"https:\/\/www.meydan.tv\/az\/#website","url":"https:\/\/www.meydan.tv\/az\/","name":"MEYDAN.TV","description":"Meydan TV Az\u0259rbaycan\u0131n media m\u0259kan\u0131ndak\u0131 alternativ s\u0259sidir","publisher":{"@id":"https:\/\/www.meydan.tv\/az\/#organization"},"potentialAction":[{"@type":"SearchAction","target":{"@type":"EntryPoint","urlTemplate":"https:\/\/www.meydan.tv\/az\/?s={search_term_string}"},"query-input":{"@type":"PropertyValueSpecification","valueRequired":true,"valueName":"search_term_string"}}],"inLanguage":"az"},{"@type":"Organization","@id":"https:\/\/www.meydan.tv\/az\/#organization","name":"Meydan TV","url":"https:\/\/www.meydan.tv\/az\/","logo":{"@type":"ImageObject","inLanguage":"az","@id":"https:\/\/www.meydan.tv\/az\/#\/schema\/logo\/image\/","url":"https:\/\/www.meydan.tv\/wp-content\/uploads\/2021\/07\/meydan-logo.svg","contentUrl":"https:\/\/www.meydan.tv\/wp-content\/uploads\/2021\/07\/meydan-logo.svg","width":195,"height":46,"caption":"Meydan TV"},"image":{"@id":"https:\/\/www.meydan.tv\/az\/#\/schema\/logo\/image\/"}},{"@type":"Person","@id":"https:\/\/www.meydan.tv\/az\/#\/schema\/person\/9cdbecf90d17180ce1dfbd95b08dcf47","name":"elli","sameAs":["https:\/\/x.com\/elli"]}]}},"_links":{"self":[{"href":"https:\/\/www.meydan.tv\/az\/wp-json\/wp\/v2\/posts\/290276","targetHints":{"allow":["GET"]}}],"collection":[{"href":"https:\/\/www.meydan.tv\/az\/wp-json\/wp\/v2\/posts"}],"about":[{"href":"https:\/\/www.meydan.tv\/az\/wp-json\/wp\/v2\/types\/post"}],"author":[{"embeddable":true,"href":"https:\/\/www.meydan.tv\/az\/wp-json\/wp\/v2\/users\/8"}],"replies":[{"embeddable":true,"href":"https:\/\/www.meydan.tv\/az\/wp-json\/wp\/v2\/comments?post=290276"}],"version-history":[{"count":2,"href":"https:\/\/www.meydan.tv\/az\/wp-json\/wp\/v2\/posts\/290276\/revisions"}],"predecessor-version":[{"id":290278,"href":"https:\/\/www.meydan.tv\/az\/wp-json\/wp\/v2\/posts\/290276\/revisions\/290278"}],"wp:featuredmedia":[{"embeddable":true,"href":"https:\/\/www.meydan.tv\/az\/wp-json\/wp\/v2\/media\/255446"}],"wp:attachment":[{"href":"https:\/\/www.meydan.tv\/az\/wp-json\/wp\/v2\/media?parent=290276"}],"wp:term":[{"taxonomy":"category","embeddable":true,"href":"https:\/\/www.meydan.tv\/az\/wp-json\/wp\/v2\/categories?post=290276"},{"taxonomy":"post_tag","embeddable":true,"href":"https:\/\/www.meydan.tv\/az\/wp-json\/wp\/v2\/tags?post=290276"}],"curies":[{"name":"wp","href":"https:\/\/api.w.org\/{rel}","templated":true}]}}