{"id":290253,"date":"2023-11-13T18:34:42","date_gmt":"2023-11-13T14:34:42","guid":{"rendered":"https:\/\/www.meydan.tv\/?p=290253"},"modified":"2023-11-13T18:34:47","modified_gmt":"2023-11-13T14:34:47","slug":"azerbaycanda-alimentin-meblegi-artirildi-hebs-cixis-yolu-deyil","status":"publish","type":"post","link":"https:\/\/www.meydan.tv\/az\/article\/azerbaycanda-alimentin-meblegi-artirildi-hebs-cixis-yolu-deyil\/","title":{"rendered":"Az\u0259rbaycanda alimentin m\u0259bl\u0259\u011fi art\u0131r\u0131ld\u0131: &#8220;&#8230;h\u0259bs \u00e7\u0131x\u0131\u015f yolu deyil&#8221;"},"content":{"rendered":"\n<p><\/p>\n\n\n\n<p><strong><em>V\u0259kil deyir ki, d\u00f6vl\u0259t Aliment Fondu yaratmal\u0131d\u0131r<\/em><\/strong><\/p>\n\n\n\n<p>2024-c\u00fc il yanvar\u0131n 1-d\u0259n Az\u0259rbaycanda alimentl\u0259rin m\u0259bl\u0259\u011fi bir u\u015faq \u00fc\u00e7\u00fcn 220 manatdan 235 manata qald\u0131r\u0131lacaq.<\/p>\n\n\n\n<p>\u201cAz\u0259rbaycan Respublikas\u0131nda 2024-c\u00fc il \u00fc\u00e7\u00fcn ya\u015fay\u0131\u015f minimumu haqq\u0131nda\u201d Qanununa \u0259sas\u0259n, g\u0259l\u0259n il ya\u015fay\u0131\u015f minimumu 270, \u0259m\u0259kqabiliyy\u0259tli \u0259halid\u0259 287, pensiya\u00e7\u0131larda 222, u\u015faqlar \u00fc\u00e7\u00fcn is\u0259 235 manat m\u00fc\u0259yy\u0259n edilib.<\/p>\n\n\n\n<p>Bu da alimentl\u0259rin c\u0259mi 15 manat art\u0131m\u0131 dem\u0259kdir.<\/p>\n\n\n\n<p>D\u00f6vl\u0259t Statistika Komit\u0259sinin son m\u0259lumat\u0131na g\u00f6r\u0259, \u00f6t\u0259n ill\u0259 m\u00fcqayis\u0259d\u0259 bo\u015fanmalar\u0131n say\u0131 1,5-d\u0259n 2,1 faiz\u0259 q\u0259d\u0259r art\u0131b.<\/p>\n\n\n<div class=\"wp-block-image\">\n<figure class=\"aligncenter size-full\"><img decoding=\"async\" width=\"1200\" height=\"600\" data-src=\"https:\/\/www.meydan.tv\/wp-content\/uploads\/default.jpg\" alt=\"D\u00f6vl\u0259t Statistika Komit\u0259si\" class=\"wp-image-126896 lazyload\" src=\"data:image\/svg+xml;base64,PHN2ZyB3aWR0aD0iMSIgaGVpZ2h0PSIxIiB4bWxucz0iaHR0cDovL3d3dy53My5vcmcvMjAwMC9zdmciPjwvc3ZnPg==\" style=\"--smush-placeholder-width: 1200px; --smush-placeholder-aspect-ratio: 1200\/600;\" \/><figcaption class=\"wp-element-caption\">M\u0259nb\u0259: stat.gov.az<\/figcaption><\/figure>\n<\/div>\n\n\n<p>Bo\u015fananlar\u0131n say\u0131 ild\u0259n-il\u0259 artsa da, m\u00fc\u0259yy\u0259n edilmi\u015f alimentl\u0259r \u00f6d\u0259nilmir.<\/p>\n\n\n\n<p>M\u0259s\u0259l\u0259 m\u0259hk\u0259m\u0259y\u0259 q\u0259d\u0259r gedib \u00e7\u0131xsa da, yen\u0259 d\u0259 h\u0259ll olunmam\u0131\u015f qal\u0131r.<\/p>\n\n\n\n<p>Haz\u0131rda m\u0259hk\u0259m\u0259l\u0259rd\u0259 aliment \u00f6d\u0259ni\u015find\u0259n boyun qa\u00e7\u0131rma il\u0259 ba\u011fl\u0131 y\u00fczl\u0259rl\u0259 m\u00fcbahis\u0259l\u0259r\u0259 bax\u0131l\u0131r.<\/p>\n\n\n\n<p>Aliment \u00f6d\u0259ni\u015fin\u0259 g\u00f6r\u0259 h\u0259m inzibati qaydada, h\u0259m d\u0259 cinay\u0259t m\u0259suliyy\u0259tin\u0259 c\u0259lb olunan, h\u0259bs edil\u0259nl\u0259rin say\u0131 da kifay\u0259t q\u0259d\u0259r \u00e7oxdur.<\/p>\n\n\n\n<figure class=\"wp-block-image size-full\"><img decoding=\"async\" width=\"1200\" height=\"820\" data-src=\"https:\/\/www.meydan.tv\/wp-content\/uploads\/16106339473819012223_1200x630.jpg\" alt=\"\" class=\"wp-image-290254 lazyload\" src=\"data:image\/svg+xml;base64,PHN2ZyB3aWR0aD0iMSIgaGVpZ2h0PSIxIiB4bWxucz0iaHR0cDovL3d3dy53My5vcmcvMjAwMC9zdmciPjwvc3ZnPg==\" style=\"--smush-placeholder-width: 1200px; --smush-placeholder-aspect-ratio: 1200\/820;\" \/><figcaption class=\"wp-element-caption\">Ail\u0259, Qad\u0131n v\u0259 U\u015faq Probleml\u0259ri \u00fczr\u0259 D\u00f6vl\u0259t Komit\u0259si. Foto: &#8220;Az\u0259rtac&#8221;<\/figcaption><\/figure>\n\n\n\n<p>Ail\u0259, Qad\u0131n v\u0259 U\u015faq Probleml\u0259ri \u00fczr\u0259 D\u00f6vl\u0259t Komit\u0259sinin 2022-ci il \u00fczr\u0259 m\u0259lumat\u0131na \u0259sas\u0259n, Az\u0259rbaycanda 84 620 n\u0259f\u0259r aliment \u00f6d\u0259yir.<\/p>\n\n\n\n<p>Bak\u0131n\u0131n 12 rayonu \u00fczr\u0259 26463, Az\u0259rbaycan\u0131n b\u00f6lg\u0259l\u0259ri \u00fczr\u0259 58157 aliment \u00f6d\u0259yicisi var.<\/p>\n\n\n\n<p>\u201c<em>Aliment \u00f6d\u0259ni\u015find\u0259 yaranan \u0259n ba\u015fl\u0131ca problem aliment \u00f6d\u0259yicisinin daimi i\u015f yerinin olmamas\u0131 il\u0259 ba\u011fl\u0131d\u0131r. Bundan ba\u015fqa borclunun ald\u0131\u011f\u0131 m\u0259vacibl\u0259 \u00f6d\u0259m\u0259 m\u0259bl\u0259\u011finin adekvat olmamas\u0131, faktiki ya\u015fay\u0131\u015f yerl\u0259rinin qeyd edilm\u0259m\u0259si, aliment \u00f6d\u0259yicil\u0259rinin \u00f6zl\u0259rini s\u00fcni \u015f\u0259kild\u0259 i\u015fsiz t\u0259qdim etm\u0259l\u0259ri d\u0259 \u00f6d\u0259ni\u015fl\u0259rin gecikm\u0259sin\u0259 s\u0259b\u0259b olur\u201d,<\/em> &#8211; Komit\u0259nin m\u0259lumat\u0131nda bildirilir.<\/p>\n\n\n\n<p>V\u0259kil \u015e\u0259hla H\u00fcmb\u0259tova Meydan TV-y\u0259 deyir ki, aliment \u00f6d\u0259ni\u015find\u0259 \u0259sas problem i\u015fsizlik, maddi imkans\u0131zl\u0131qd\u0131r:<\/p>\n\n\n\n<p>\u201c<em>Az\u0259rbaycanda ki\u015fil\u0259rin \u0259ks\u0259riyy\u0259ti ya g\u00fcn\u0259muzd i\u015fl\u0259yir, r\u0259smi i\u015fi yoxdur, ya \u00fcmumiyy\u0259tl\u0259, i\u015fsizdir. Bel\u0259 olanda da alimenti \u00f6d\u0259m\u0259k onun \u00f6z insaf\u0131na qal\u0131r. B\u0259z\u0259n d\u0259 el\u0259 olur ki, ki\u015fi he\u00e7 birinin alimentini \u00f6d\u0259y\u0259 bilmir, gedib ikinci nikahdan da u\u015faqlar d\u00fcnyaya g\u0259tirir. Sonra da deyir ki, pulum yoxdur. H\u0259r bir halda u\u015faq ziyan \u00e7\u0259kir\u201d.<\/em><\/p>\n\n\n<div class=\"wp-block-image\">\n<figure class=\"aligncenter size-large\"><img decoding=\"async\" width=\"1200\" height=\"675\" data-src=\"https:\/\/www.meydan.tv\/wp-content\/uploads\/untitled_design_-_2021-03-05t152905.814-1200x675.png\" alt=\"\u015e\u0259hla H\u00fcmb\u0259tova\" class=\"wp-image-157424 lazyload\" src=\"data:image\/svg+xml;base64,PHN2ZyB3aWR0aD0iMSIgaGVpZ2h0PSIxIiB4bWxucz0iaHR0cDovL3d3dy53My5vcmcvMjAwMC9zdmciPjwvc3ZnPg==\" style=\"--smush-placeholder-width: 1200px; --smush-placeholder-aspect-ratio: 1200\/675;\" \/><figcaption class=\"wp-element-caption\">Foto: Meydan TV<\/figcaption><\/figure>\n<\/div>\n\n\n<p>Bir s\u0131ra \u00f6lk\u0259l\u0259rd\u0259 borclu alimenti \u00f6d\u0259y\u0259 bilm\u0259y\u0259nd\u0259 u\u015fa\u011f\u0131n maddi bax\u0131mdan ehtiyac i\u00e7ind\u0259 qalmamas\u0131 \u00fc\u00e7\u00fcn \u00e7\u0131x\u0131\u015f yolu tap\u0131l\u0131b.<\/p>\n\n\n\n<p>Fransada D\u00f6vl\u0259t Aliment Fondu, Niderlandda Federal Aliment B\u00fcrosu, Pol\u015fada Aliment Fondu f\u0259aliyy\u0259t g\u00f6st\u0259rir.<\/p>\n\n\n\n<p>Az\u0259rbaycanda da Aliment Fondunun yarad\u0131lmas\u0131 m\u00fczakir\u0259 olunur.<\/p>\n\n\n\n<p>\u0130nsan H\u00fcquqlar\u0131 \u00fczr\u0259 M\u00fcv\u0259kkilin (Ombudsman) 2020-ci il \u00fczr\u0259 m\u0259ruz\u0259sind\u0259 d\u0259 bu m\u0259s\u0259l\u0259 \u0259ksini tap\u0131b.<\/p>\n\n\n\n<p>M\u0259ruz\u0259d\u0259 vur\u011fulan\u0131b ki, aliment \u00f6d\u0259ni\u015fi il\u0259 ba\u011fl\u0131 ciddi probleml\u0259r var.<\/p>\n\n\n\n<p>Bu m\u0259s\u0259l\u0259d\u0259 u\u015faqlar\u0131n m\u0259nafeyini n\u0259z\u0259r\u0259 alaraq, alimentin d\u00f6vl\u0259t t\u0259r\u0259find\u0259n \u00f6d\u0259nilm\u0259si mexanizmi \u2013 Aliment Fondunun yarad\u0131lmas\u0131na ehtiyac var.<\/p>\n\n\n\n<p>Sonradan d\u00f6vl\u0259t h\u0259min v\u0259saiti borcludan m\u0259cburi qaydada \u00f6z\u00fc ala bil\u0259r.<\/p>\n\n\n\n<p>\u015e\u0259hla H\u00fcmb\u0259tova deyir ki, d\u00f6vl\u0259t u\u015fa\u011f\u0131n mara\u011f\u0131n\u0131 n\u0259z\u0259r\u0259 al\u0131b, Aliment Fondu yaratmal\u0131d\u0131r:<\/p>\n\n\n\n<p>\u201c<em>Burada u\u015faq, onun sa\u011flaml\u0131\u011f\u0131, maddi t\u0259labat\u0131 \u0259sas g\u00f6t\u00fcr\u00fclm\u0259lidir. Problemli alimentl\u0259r d\u00f6vl\u0259tin resurslar\u0131ndan \u00f6d\u0259nilm\u0259lidir. Sonra da d\u00f6vl\u0259t \u00f6z\u00fc h\u0259min borclulardan hans\u0131sa qaydada pulu t\u0259l\u0259b ed\u0259r\u201d.<\/em><\/p>\n\n\n\n<p>V\u0259kil hesab edir ki, alimenti \u00f6d\u0259y\u0259 bilm\u0259y\u0259n borclunun h\u0259bsi m\u0259s\u0259l\u0259nin \u00e7\u0131x\u0131\u015f yolu deyil:<\/p>\n\n\n\n<p>\u201c<em>\u0130nsanlar\u0131n normal g\u0259liri, yax\u015f\u0131 i\u015f yeri olsa, aliment problemi d\u0259 bu q\u0259d\u0259r k\u0259skin olmaz. \u0130cra\u00e7\u0131lar alimentin alt\u0131nda bat\u0131rlar. \u00c7\u00fcnki \u00f6d\u0259tdir\u0259 bilmirl\u0259r. N\u0259 q\u0259d\u0259r adam tutub, h\u0259bs etsinl\u0259r. \u00c7\u00fcnki bu da \u00e7\u0131x\u0131\u015f yolu deyil. Borclu h\u0259bs olunub, i\u00e7\u0259rid\u0259 yatanda da aliment yen\u0259 d\u0259 y\u0131\u011f\u0131lmaqda davam edir. H\u0259bsd\u0259n \u00e7\u0131xandan sonra da daha \u00e7ox borcun alt\u0131nda bat\u0131r\u201d<\/em>.<\/p>\n\n\n<div class=\"wp-block-image\">\n<figure class=\"aligncenter size-full\"><img decoding=\"async\" width=\"1200\" height=\"555\" data-src=\"https:\/\/www.meydan.tv\/wp-content\/uploads\/fazil_mustafa_2504-e1680029419145.jpg\" alt=\"Deputat Fazil Mustafa\" class=\"wp-image-131519 lazyload\" src=\"data:image\/svg+xml;base64,PHN2ZyB3aWR0aD0iMSIgaGVpZ2h0PSIxIiB4bWxucz0iaHR0cDovL3d3dy53My5vcmcvMjAwMC9zdmciPjwvc3ZnPg==\" style=\"--smush-placeholder-width: 1200px; --smush-placeholder-aspect-ratio: 1200\/555;\" \/><figcaption class=\"wp-element-caption\">Foto: Meydan TV<\/figcaption><\/figure>\n<\/div>\n\n\n<p>Milli M\u0259clisin \u0130nsan h\u00fcquqlar\u0131 komit\u0259sinin \u00fczv\u00fc Fazil Mustafa \u201cTuran\u201da deyib ki, alimentin 15 manat art\u0131r\u0131lmas\u0131, ki\u00e7ik m\u0259bl\u0259\u011f kimi g\u00f6r\u00fcns\u0259 d\u0259, \u00f6d\u0259y\u0259nl\u0259r \u00fc\u00e7\u00fcn \u0259h\u0259miyy\u0259tli m\u0259bl\u0259\u011fdir.<\/p>\n\n\n\n<p>Deputat deyib ki, aliment \u00f6d\u0259m\u0259y\u0259 m\u0259cbur etm\u0259k \u00fc\u00e7\u00fcn insanlar\u0131n rifah\u0131n\u0131 yax\u015f\u0131la\u015fd\u0131rmaq laz\u0131md\u0131r:<\/p>\n\n\n\n<p><em>\u201cAdamlar \u00e7al\u0131\u015faraq, yax\u015f\u0131 maa\u015f alaraq bunu etm\u0259lidirl\u0259r\u201d.<\/em><\/p>\n","protected":false},"excerpt":{"rendered":"<p>V\u0259kil deyir ki, d\u00f6vl\u0259t Aliment Fondu yaratmal\u0131d\u0131r 2024-c\u00fc il yanvar\u0131n &#8230; <\/p>\n<p class=\"read-more-container\"><a title=\"Az\u0259rbaycanda alimentin m\u0259bl\u0259\u011fi art\u0131r\u0131ld\u0131: &#8220;&#8230;h\u0259bs \u00e7\u0131x\u0131\u015f yolu deyil&#8221;\" class=\"read-more button\" href=\"https:\/\/www.meydan.tv\/az\/article\/azerbaycanda-alimentin-meblegi-artirildi-hebs-cixis-yolu-deyil\/#more-290253\" aria-label=\"Read more about Az\u0259rbaycanda alimentin m\u0259bl\u0259\u011fi art\u0131r\u0131ld\u0131: &#8220;&#8230;h\u0259bs \u00e7\u0131x\u0131\u015f yolu deyil&#8221;\">Davam\u0131<\/a><\/p>\n","protected":false},"author":8,"featured_media":290257,"comment_status":"closed","ping_status":"closed","sticky":false,"template":"","format":"standard","meta":{"_acf_changed":false,"_sitemap_exclude":false,"_sitemap_priority":"","_sitemap_frequency":"","footnotes":""},"categories":[62,56],"tags":[],"class_list":["post-290253","post","type-post","status-publish","format-standard","has-post-thumbnail","hentry","category-sosial","category-xeberler","infinite-scroll-item","generate-columns","tablet-grid-50","mobile-grid-100","grid-parent","grid-33","no-featured-image-padding"],"acf":[],"yoast_head":"<!-- This site is optimized with the Yoast SEO plugin v27.5 - https:\/\/yoast.com\/product\/yoast-seo-wordpress\/ -->\n<title>Az\u0259rbaycanda alimentin m\u0259bl\u0259\u011fi art\u0131r\u0131ld\u0131: &quot;...h\u0259bs \u00e7\u0131x\u0131\u015f yolu deyil&quot; - MEYDAN.TV<\/title>\n<meta name=\"robots\" content=\"index, follow, max-snippet:-1, max-image-preview:large, max-video-preview:-1\" \/>\n<link rel=\"canonical\" href=\"https:\/\/www.meydan.tv\/az\/article\/azerbaycanda-alimentin-meblegi-artirildi-hebs-cixis-yolu-deyil\/\" \/>\n<meta property=\"og:locale\" content=\"az_AZ\" \/>\n<meta property=\"og:type\" content=\"article\" \/>\n<meta property=\"og:title\" content=\"Az\u0259rbaycanda alimentin m\u0259bl\u0259\u011fi art\u0131r\u0131ld\u0131: &quot;...h\u0259bs \u00e7\u0131x\u0131\u015f yolu deyil&quot; - MEYDAN.TV\" \/>\n<meta property=\"og:description\" content=\"V\u0259kil deyir ki, d\u00f6vl\u0259t Aliment Fondu yaratmal\u0131d\u0131r 2024-c\u00fc il yanvar\u0131n ... Davam\u0131\" \/>\n<meta property=\"og:url\" content=\"https:\/\/www.meydan.tv\/az\/article\/azerbaycanda-alimentin-meblegi-artirildi-hebs-cixis-yolu-deyil\/\" \/>\n<meta property=\"og:site_name\" content=\"MEYDAN.TV\" \/>\n<meta property=\"article:published_time\" content=\"2023-11-13T14:34:42+00:00\" \/>\n<meta property=\"article:modified_time\" content=\"2023-11-13T14:34:47+00:00\" \/>\n<meta property=\"og:image\" content=\"https:\/\/www.meydan.tv\/wp-content\/uploads\/shutterstock_1388237297.jpg\" \/>\n\t<meta property=\"og:image:width\" content=\"1200\" \/>\n\t<meta property=\"og:image:height\" content=\"746\" \/>\n\t<meta property=\"og:image:type\" content=\"image\/jpeg\" \/>\n<meta name=\"author\" content=\"elli\" \/>\n<meta name=\"twitter:card\" content=\"summary_large_image\" \/>\n<meta name=\"twitter:creator\" content=\"@elli\" \/>\n<script type=\"application\/ld+json\" class=\"yoast-schema-graph\">{\"@context\":\"https:\\\/\\\/schema.org\",\"@graph\":[{\"@type\":\"Article\",\"@id\":\"https:\\\/\\\/www.meydan.tv\\\/az\\\/article\\\/azerbaycanda-alimentin-meblegi-artirildi-hebs-cixis-yolu-deyil\\\/#article\",\"isPartOf\":{\"@id\":\"https:\\\/\\\/www.meydan.tv\\\/az\\\/article\\\/azerbaycanda-alimentin-meblegi-artirildi-hebs-cixis-yolu-deyil\\\/\"},\"author\":{\"name\":\"elli\",\"@id\":\"https:\\\/\\\/www.meydan.tv\\\/az\\\/#\\\/schema\\\/person\\\/9cdbecf90d17180ce1dfbd95b08dcf47\"},\"headline\":\"Az\u0259rbaycanda alimentin m\u0259bl\u0259\u011fi art\u0131r\u0131ld\u0131: &#8220;&#8230;h\u0259bs \u00e7\u0131x\u0131\u015f yolu deyil&#8221;\",\"datePublished\":\"2023-11-13T14:34:42+00:00\",\"dateModified\":\"2023-11-13T14:34:47+00:00\",\"mainEntityOfPage\":{\"@id\":\"https:\\\/\\\/www.meydan.tv\\\/az\\\/article\\\/azerbaycanda-alimentin-meblegi-artirildi-hebs-cixis-yolu-deyil\\\/\"},\"wordCount\":864,\"publisher\":{\"@id\":\"https:\\\/\\\/www.meydan.tv\\\/az\\\/#organization\"},\"image\":{\"@id\":\"https:\\\/\\\/www.meydan.tv\\\/az\\\/article\\\/azerbaycanda-alimentin-meblegi-artirildi-hebs-cixis-yolu-deyil\\\/#primaryimage\"},\"thumbnailUrl\":\"https:\\\/\\\/www.meydan.tv\\\/wp-content\\\/uploads\\\/shutterstock_1388237297.jpg\",\"articleSection\":[\"Sosial\",\"X\u0259b\u0259rl\u0259r\"],\"inLanguage\":\"az\"},{\"@type\":\"WebPage\",\"@id\":\"https:\\\/\\\/www.meydan.tv\\\/az\\\/article\\\/azerbaycanda-alimentin-meblegi-artirildi-hebs-cixis-yolu-deyil\\\/\",\"url\":\"https:\\\/\\\/www.meydan.tv\\\/az\\\/article\\\/azerbaycanda-alimentin-meblegi-artirildi-hebs-cixis-yolu-deyil\\\/\",\"name\":\"Az\u0259rbaycanda alimentin m\u0259bl\u0259\u011fi art\u0131r\u0131ld\u0131: \\\"...h\u0259bs \u00e7\u0131x\u0131\u015f yolu deyil\\\" - MEYDAN.TV\",\"isPartOf\":{\"@id\":\"https:\\\/\\\/www.meydan.tv\\\/az\\\/#website\"},\"primaryImageOfPage\":{\"@id\":\"https:\\\/\\\/www.meydan.tv\\\/az\\\/article\\\/azerbaycanda-alimentin-meblegi-artirildi-hebs-cixis-yolu-deyil\\\/#primaryimage\"},\"image\":{\"@id\":\"https:\\\/\\\/www.meydan.tv\\\/az\\\/article\\\/azerbaycanda-alimentin-meblegi-artirildi-hebs-cixis-yolu-deyil\\\/#primaryimage\"},\"thumbnailUrl\":\"https:\\\/\\\/www.meydan.tv\\\/wp-content\\\/uploads\\\/shutterstock_1388237297.jpg\",\"datePublished\":\"2023-11-13T14:34:42+00:00\",\"dateModified\":\"2023-11-13T14:34:47+00:00\",\"breadcrumb\":{\"@id\":\"https:\\\/\\\/www.meydan.tv\\\/az\\\/article\\\/azerbaycanda-alimentin-meblegi-artirildi-hebs-cixis-yolu-deyil\\\/#breadcrumb\"},\"inLanguage\":\"az\",\"potentialAction\":[{\"@type\":\"ReadAction\",\"target\":[\"https:\\\/\\\/www.meydan.tv\\\/az\\\/article\\\/azerbaycanda-alimentin-meblegi-artirildi-hebs-cixis-yolu-deyil\\\/\"]}]},{\"@type\":\"ImageObject\",\"inLanguage\":\"az\",\"@id\":\"https:\\\/\\\/www.meydan.tv\\\/az\\\/article\\\/azerbaycanda-alimentin-meblegi-artirildi-hebs-cixis-yolu-deyil\\\/#primaryimage\",\"url\":\"https:\\\/\\\/www.meydan.tv\\\/wp-content\\\/uploads\\\/shutterstock_1388237297.jpg\",\"contentUrl\":\"https:\\\/\\\/www.meydan.tv\\\/wp-content\\\/uploads\\\/shutterstock_1388237297.jpg\",\"width\":1200,\"height\":746,\"caption\":\"Aliment m\u00fcbahis\u0259si. Foto: Tero Vesalainen\\\/shutterstock\"},{\"@type\":\"BreadcrumbList\",\"@id\":\"https:\\\/\\\/www.meydan.tv\\\/az\\\/article\\\/azerbaycanda-alimentin-meblegi-artirildi-hebs-cixis-yolu-deyil\\\/#breadcrumb\",\"itemListElement\":[{\"@type\":\"ListItem\",\"position\":1,\"name\":\"Ana s\u0259hif\u0259\",\"item\":\"https:\\\/\\\/www.meydan.tv\\\/az\\\/\"},{\"@type\":\"ListItem\",\"position\":2,\"name\":\"Sosial\",\"item\":\"https:\\\/\\\/www.meydan.tv\\\/az\\\/section\\\/sosial\\\/\"},{\"@type\":\"ListItem\",\"position\":3,\"name\":\"Az\u0259rbaycanda alimentin m\u0259bl\u0259\u011fi art\u0131r\u0131ld\u0131: &#8220;&#8230;h\u0259bs \u00e7\u0131x\u0131\u015f yolu deyil&#8221;\"}]},{\"@type\":\"WebSite\",\"@id\":\"https:\\\/\\\/www.meydan.tv\\\/az\\\/#website\",\"url\":\"https:\\\/\\\/www.meydan.tv\\\/az\\\/\",\"name\":\"MEYDAN.TV\",\"description\":\"Meydan TV Az\u0259rbaycan\u0131n media m\u0259kan\u0131ndak\u0131 alternativ s\u0259sidir\",\"publisher\":{\"@id\":\"https:\\\/\\\/www.meydan.tv\\\/az\\\/#organization\"},\"potentialAction\":[{\"@type\":\"SearchAction\",\"target\":{\"@type\":\"EntryPoint\",\"urlTemplate\":\"https:\\\/\\\/www.meydan.tv\\\/az\\\/?s={search_term_string}\"},\"query-input\":{\"@type\":\"PropertyValueSpecification\",\"valueRequired\":true,\"valueName\":\"search_term_string\"}}],\"inLanguage\":\"az\"},{\"@type\":\"Organization\",\"@id\":\"https:\\\/\\\/www.meydan.tv\\\/az\\\/#organization\",\"name\":\"Meydan TV\",\"url\":\"https:\\\/\\\/www.meydan.tv\\\/az\\\/\",\"logo\":{\"@type\":\"ImageObject\",\"inLanguage\":\"az\",\"@id\":\"https:\\\/\\\/www.meydan.tv\\\/az\\\/#\\\/schema\\\/logo\\\/image\\\/\",\"url\":\"https:\\\/\\\/www.meydan.tv\\\/wp-content\\\/uploads\\\/2021\\\/07\\\/meydan-logo.svg\",\"contentUrl\":\"https:\\\/\\\/www.meydan.tv\\\/wp-content\\\/uploads\\\/2021\\\/07\\\/meydan-logo.svg\",\"width\":195,\"height\":46,\"caption\":\"Meydan TV\"},\"image\":{\"@id\":\"https:\\\/\\\/www.meydan.tv\\\/az\\\/#\\\/schema\\\/logo\\\/image\\\/\"}},{\"@type\":\"Person\",\"@id\":\"https:\\\/\\\/www.meydan.tv\\\/az\\\/#\\\/schema\\\/person\\\/9cdbecf90d17180ce1dfbd95b08dcf47\",\"name\":\"elli\",\"sameAs\":[\"https:\\\/\\\/x.com\\\/elli\"]}]}<\/script>\n<!-- \/ Yoast SEO plugin. -->","yoast_head_json":{"title":"Az\u0259rbaycanda alimentin m\u0259bl\u0259\u011fi art\u0131r\u0131ld\u0131: \"...h\u0259bs \u00e7\u0131x\u0131\u015f yolu deyil\" - MEYDAN.TV","robots":{"index":"index","follow":"follow","max-snippet":"max-snippet:-1","max-image-preview":"max-image-preview:large","max-video-preview":"max-video-preview:-1"},"canonical":"https:\/\/www.meydan.tv\/az\/article\/azerbaycanda-alimentin-meblegi-artirildi-hebs-cixis-yolu-deyil\/","og_locale":"az_AZ","og_type":"article","og_title":"Az\u0259rbaycanda alimentin m\u0259bl\u0259\u011fi art\u0131r\u0131ld\u0131: \"...h\u0259bs \u00e7\u0131x\u0131\u015f yolu deyil\" - MEYDAN.TV","og_description":"V\u0259kil deyir ki, d\u00f6vl\u0259t Aliment Fondu yaratmal\u0131d\u0131r 2024-c\u00fc il yanvar\u0131n ... Davam\u0131","og_url":"https:\/\/www.meydan.tv\/az\/article\/azerbaycanda-alimentin-meblegi-artirildi-hebs-cixis-yolu-deyil\/","og_site_name":"MEYDAN.TV","article_published_time":"2023-11-13T14:34:42+00:00","article_modified_time":"2023-11-13T14:34:47+00:00","og_image":[{"width":1200,"height":746,"url":"https:\/\/www.meydan.tv\/wp-content\/uploads\/shutterstock_1388237297.jpg","type":"image\/jpeg"}],"author":"elli","twitter_card":"summary_large_image","twitter_creator":"@elli","schema":{"@context":"https:\/\/schema.org","@graph":[{"@type":"Article","@id":"https:\/\/www.meydan.tv\/az\/article\/azerbaycanda-alimentin-meblegi-artirildi-hebs-cixis-yolu-deyil\/#article","isPartOf":{"@id":"https:\/\/www.meydan.tv\/az\/article\/azerbaycanda-alimentin-meblegi-artirildi-hebs-cixis-yolu-deyil\/"},"author":{"name":"elli","@id":"https:\/\/www.meydan.tv\/az\/#\/schema\/person\/9cdbecf90d17180ce1dfbd95b08dcf47"},"headline":"Az\u0259rbaycanda alimentin m\u0259bl\u0259\u011fi art\u0131r\u0131ld\u0131: &#8220;&#8230;h\u0259bs \u00e7\u0131x\u0131\u015f yolu deyil&#8221;","datePublished":"2023-11-13T14:34:42+00:00","dateModified":"2023-11-13T14:34:47+00:00","mainEntityOfPage":{"@id":"https:\/\/www.meydan.tv\/az\/article\/azerbaycanda-alimentin-meblegi-artirildi-hebs-cixis-yolu-deyil\/"},"wordCount":864,"publisher":{"@id":"https:\/\/www.meydan.tv\/az\/#organization"},"image":{"@id":"https:\/\/www.meydan.tv\/az\/article\/azerbaycanda-alimentin-meblegi-artirildi-hebs-cixis-yolu-deyil\/#primaryimage"},"thumbnailUrl":"https:\/\/www.meydan.tv\/wp-content\/uploads\/shutterstock_1388237297.jpg","articleSection":["Sosial","X\u0259b\u0259rl\u0259r"],"inLanguage":"az"},{"@type":"WebPage","@id":"https:\/\/www.meydan.tv\/az\/article\/azerbaycanda-alimentin-meblegi-artirildi-hebs-cixis-yolu-deyil\/","url":"https:\/\/www.meydan.tv\/az\/article\/azerbaycanda-alimentin-meblegi-artirildi-hebs-cixis-yolu-deyil\/","name":"Az\u0259rbaycanda alimentin m\u0259bl\u0259\u011fi art\u0131r\u0131ld\u0131: \"...h\u0259bs \u00e7\u0131x\u0131\u015f yolu deyil\" - MEYDAN.TV","isPartOf":{"@id":"https:\/\/www.meydan.tv\/az\/#website"},"primaryImageOfPage":{"@id":"https:\/\/www.meydan.tv\/az\/article\/azerbaycanda-alimentin-meblegi-artirildi-hebs-cixis-yolu-deyil\/#primaryimage"},"image":{"@id":"https:\/\/www.meydan.tv\/az\/article\/azerbaycanda-alimentin-meblegi-artirildi-hebs-cixis-yolu-deyil\/#primaryimage"},"thumbnailUrl":"https:\/\/www.meydan.tv\/wp-content\/uploads\/shutterstock_1388237297.jpg","datePublished":"2023-11-13T14:34:42+00:00","dateModified":"2023-11-13T14:34:47+00:00","breadcrumb":{"@id":"https:\/\/www.meydan.tv\/az\/article\/azerbaycanda-alimentin-meblegi-artirildi-hebs-cixis-yolu-deyil\/#breadcrumb"},"inLanguage":"az","potentialAction":[{"@type":"ReadAction","target":["https:\/\/www.meydan.tv\/az\/article\/azerbaycanda-alimentin-meblegi-artirildi-hebs-cixis-yolu-deyil\/"]}]},{"@type":"ImageObject","inLanguage":"az","@id":"https:\/\/www.meydan.tv\/az\/article\/azerbaycanda-alimentin-meblegi-artirildi-hebs-cixis-yolu-deyil\/#primaryimage","url":"https:\/\/www.meydan.tv\/wp-content\/uploads\/shutterstock_1388237297.jpg","contentUrl":"https:\/\/www.meydan.tv\/wp-content\/uploads\/shutterstock_1388237297.jpg","width":1200,"height":746,"caption":"Aliment m\u00fcbahis\u0259si. Foto: Tero Vesalainen\/shutterstock"},{"@type":"BreadcrumbList","@id":"https:\/\/www.meydan.tv\/az\/article\/azerbaycanda-alimentin-meblegi-artirildi-hebs-cixis-yolu-deyil\/#breadcrumb","itemListElement":[{"@type":"ListItem","position":1,"name":"Ana s\u0259hif\u0259","item":"https:\/\/www.meydan.tv\/az\/"},{"@type":"ListItem","position":2,"name":"Sosial","item":"https:\/\/www.meydan.tv\/az\/section\/sosial\/"},{"@type":"ListItem","position":3,"name":"Az\u0259rbaycanda alimentin m\u0259bl\u0259\u011fi art\u0131r\u0131ld\u0131: &#8220;&#8230;h\u0259bs \u00e7\u0131x\u0131\u015f yolu deyil&#8221;"}]},{"@type":"WebSite","@id":"https:\/\/www.meydan.tv\/az\/#website","url":"https:\/\/www.meydan.tv\/az\/","name":"MEYDAN.TV","description":"Meydan TV Az\u0259rbaycan\u0131n media m\u0259kan\u0131ndak\u0131 alternativ s\u0259sidir","publisher":{"@id":"https:\/\/www.meydan.tv\/az\/#organization"},"potentialAction":[{"@type":"SearchAction","target":{"@type":"EntryPoint","urlTemplate":"https:\/\/www.meydan.tv\/az\/?s={search_term_string}"},"query-input":{"@type":"PropertyValueSpecification","valueRequired":true,"valueName":"search_term_string"}}],"inLanguage":"az"},{"@type":"Organization","@id":"https:\/\/www.meydan.tv\/az\/#organization","name":"Meydan TV","url":"https:\/\/www.meydan.tv\/az\/","logo":{"@type":"ImageObject","inLanguage":"az","@id":"https:\/\/www.meydan.tv\/az\/#\/schema\/logo\/image\/","url":"https:\/\/www.meydan.tv\/wp-content\/uploads\/2021\/07\/meydan-logo.svg","contentUrl":"https:\/\/www.meydan.tv\/wp-content\/uploads\/2021\/07\/meydan-logo.svg","width":195,"height":46,"caption":"Meydan TV"},"image":{"@id":"https:\/\/www.meydan.tv\/az\/#\/schema\/logo\/image\/"}},{"@type":"Person","@id":"https:\/\/www.meydan.tv\/az\/#\/schema\/person\/9cdbecf90d17180ce1dfbd95b08dcf47","name":"elli","sameAs":["https:\/\/x.com\/elli"]}]}},"_links":{"self":[{"href":"https:\/\/www.meydan.tv\/az\/wp-json\/wp\/v2\/posts\/290253","targetHints":{"allow":["GET"]}}],"collection":[{"href":"https:\/\/www.meydan.tv\/az\/wp-json\/wp\/v2\/posts"}],"about":[{"href":"https:\/\/www.meydan.tv\/az\/wp-json\/wp\/v2\/types\/post"}],"author":[{"embeddable":true,"href":"https:\/\/www.meydan.tv\/az\/wp-json\/wp\/v2\/users\/8"}],"replies":[{"embeddable":true,"href":"https:\/\/www.meydan.tv\/az\/wp-json\/wp\/v2\/comments?post=290253"}],"version-history":[{"count":3,"href":"https:\/\/www.meydan.tv\/az\/wp-json\/wp\/v2\/posts\/290253\/revisions"}],"predecessor-version":[{"id":290266,"href":"https:\/\/www.meydan.tv\/az\/wp-json\/wp\/v2\/posts\/290253\/revisions\/290266"}],"wp:featuredmedia":[{"embeddable":true,"href":"https:\/\/www.meydan.tv\/az\/wp-json\/wp\/v2\/media\/290257"}],"wp:attachment":[{"href":"https:\/\/www.meydan.tv\/az\/wp-json\/wp\/v2\/media?parent=290253"}],"wp:term":[{"taxonomy":"category","embeddable":true,"href":"https:\/\/www.meydan.tv\/az\/wp-json\/wp\/v2\/categories?post=290253"},{"taxonomy":"post_tag","embeddable":true,"href":"https:\/\/www.meydan.tv\/az\/wp-json\/wp\/v2\/tags?post=290253"}],"curies":[{"name":"wp","href":"https:\/\/api.w.org\/{rel}","templated":true}]}}