{"id":290246,"date":"2023-11-13T17:24:53","date_gmt":"2023-11-13T13:24:53","guid":{"rendered":"https:\/\/www.meydan.tv\/?p=290246"},"modified":"2023-11-13T17:24:58","modified_gmt":"2023-11-13T13:24:58","slug":"ata-18-yasina-qeder-pensiya-alan-oglunun-herbiye-yararsiz-oldugunu-tesdiqlede-bilmediyini-deyir","status":"publish","type":"post","link":"https:\/\/www.meydan.tv\/az\/article\/ata-18-yasina-qeder-pensiya-alan-oglunun-herbiye-yararsiz-oldugunu-tesdiqlede-bilmediyini-deyir\/","title":{"rendered":"Ata 18 ya\u015f\u0131na q\u0259d\u0259r pensiya alan o\u011flunun h\u0259rbiy\u0259 yarars\u0131z oldu\u011funu t\u0259sdiql\u0259d\u0259 bilm\u0259diyini deyir"},"content":{"rendered":"\n<p><\/p>\n\n\n\n<p><strong><em>\u201cBir d\u0259f\u0259 \u0259m\u0259liyyat olunub, \u015f\u0259k\u0259rli diabet\u0259 g\u00f6r\u0259 daimi d\u0259rman q\u0259bul edir\u201d<\/em><\/strong><br><\/p>\n\n\n\n<p>\u201c<em>O\u011flum Camulla \u0130smay\u0131lov ill\u0259rdir \u015f\u0259k\u0259rli diabet, qaraciy\u0259r, zob x\u0259st\u0259likl\u0259rind\u0259n \u0259ziyy\u0259t \u00e7\u0259ks\u0259 d\u0259, h\u0259rbi xidm\u0259t\u0259 yararsz oldu\u011funu s\u00fcbut ed\u0259 bilmir\u0259m. Halbuki 18 ya\u015f\u0131na \u00e7atanad\u0259k pensiya al\u0131b\u201d.<\/em><\/p>\n\n\n\n<p>Bunu Meydan TV-y\u0259 \u015eamax\u0131 sakini, 2005-ci il t\u0259v\u0259ll\u00fcdl\u00fc Camullan\u0131n atas\u0131 Zavur \u0130smay\u0131lov deyib. Onun s\u00f6zl\u0259rin\u0259 g\u00f6r\u0259, o\u011flu 2017-ci ild\u0259n \u015eamax\u0131 Rayon M\u0259rk\u0259zi X\u0259st\u0259xanas\u0131n\u0131n poliklinika \u015f\u00f6b\u0259sinin endokrinoloji kabinetind\u0259 dispanser qeydiyyat\u0131ndad\u0131r.<\/p>\n\n\n<div class=\"wp-block-image\">\n<figure class=\"aligncenter size-large\"><img decoding=\"async\" width=\"1091\" height=\"821\" data-src=\"https:\/\/www.meydan.tv\/wp-content\/uploads\/0f355e1c-9d62-47cc-b45c-1ae21c902ba6-1091x821.jpg\" alt=\"\" class=\"wp-image-290229 lazyload\" src=\"data:image\/svg+xml;base64,PHN2ZyB3aWR0aD0iMSIgaGVpZ2h0PSIxIiB4bWxucz0iaHR0cDovL3d3dy53My5vcmcvMjAwMC9zdmciPjwvc3ZnPg==\" style=\"--smush-placeholder-width: 1091px; --smush-placeholder-aspect-ratio: 1091\/821;\" \/><\/figure>\n<\/div>\n\n\n<p><em>\u201cBir d\u0259f\u0259 \u0259m\u0259liyyat olunub, \u015f\u0259k\u0259rli diabet\u0259 g\u00f6r\u0259 daimi d\u0259rman q\u0259bul edir. Bak\u0131dak\u0131 6 n\u00f6mr\u0259li x\u0259st\u0259xanada m\u00fcalic\u0259 al\u0131b. D\u00f6rd d\u0259f\u0259 h\u0259kim m\u00fcayin\u0259sind\u0259n ke\u00e7irilib. Ona ikinci d\u0259r\u0259c\u0259li piyl\u0259nm\u0259 diaqnozu qoyulub. Bu diaqnozla guya ki, h\u0259rbi xidm\u0259t\u0259 yararl\u0131d\u0131r. Yararl\u0131 olsayd\u0131, onu h\u0259rbi xidm\u0259t\u0259 g\u00f6nd\u0259r\u0259rdim\u201d,<\/em>&#8211; Z.\u0130smay\u0131lov deyib.<\/p>\n\n\n\n<p>\u015eikay\u0259t\u00e7i bildirib ki, \u015eamax\u0131 Rayon M\u0259rk\u0259zi X\u0259st\u0259xanas\u0131nda m\u00fcayin\u0259 zaman\u0131 \u015f\u0259k\u0259r a\u015fkarlan\u0131r, amma komissiyada \u015f\u0259k\u0259ri a\u015fkarlaya bilmirl\u0259r. Aidiyyat\u0131 orqanlarda Camullan\u0131n x\u0259st\u0259liy\u0259 g\u00f6r\u0259 pensiya ald\u0131\u011f\u0131n\u0131 t\u0259sdiql\u0259y\u0259n s\u0259n\u0259dl\u0259r m\u00f6vcuddur:<\/p>\n\n\n\n<p><em>\u201cH\u0259min s\u0259n\u0259dl\u0259ri ortaya \u00e7\u0131xara bil\u0259rl\u0259r\u201d<\/em>.<\/p>\n\n\n<div class=\"wp-block-image\">\n<figure class=\"aligncenter size-large\"><img decoding=\"async\" width=\"1200\" height=\"675\" data-src=\"https:\/\/www.meydan.tv\/wp-content\/uploads\/untitled-design-6-56-1200x675.jpg\" alt=\"\" class=\"wp-image-290232 lazyload\" src=\"data:image\/svg+xml;base64,PHN2ZyB3aWR0aD0iMSIgaGVpZ2h0PSIxIiB4bWxucz0iaHR0cDovL3d3dy53My5vcmcvMjAwMC9zdmciPjwvc3ZnPg==\" style=\"--smush-placeholder-width: 1200px; --smush-placeholder-aspect-ratio: 1200\/675;\" \/><\/figure>\n<\/div>\n\n\n<p>Ail\u0259y\u0259 \u015eamax\u0131 Rayon M\u0259rk\u0259zi X\u0259st\u0259xanas\u0131 t\u0259r\u0259find\u0259n veril\u0259n 25 iyun 2023-il tarixli aray\u0131\u015fda da \u015eamax\u0131 \u015f\u0259h\u0259ri, X\u0259tai k\u00fc\u00e7\u0259si, ev 44 \u00fcnvanda qeydiyyatda olan 2005-ci il t\u0259v\u0259ll\u00fcdl\u00fc Camulla \u0130smay\u0131lovun \u015f\u0259k\u0259rli diabet orta a\u011f\u0131r forma II tip, Adipoza genitral sindrom diaqnozu il\u0259 dispanserd\u0259 qeydiyyatda oldu\u011fu qeyd edilib.<\/p>\n\n\n\n<p>\u015eamax\u0131 Rayon M\u0259rk\u0259zi X\u0259st\u0259xanas\u0131 Publik H\u00fcquqi \u015e\u0259xsin direktoru Emil H\u00fcseyn ail\u0259nin m\u00fcraci\u0259ti il\u0259 ba\u011fl\u0131 ara\u015fd\u0131rma aparaca\u011f\u0131n\u0131 bildirib.<\/p>\n\n\n\n<p>T\u018fB\u0130B-in m\u0259tbuat xidm\u0259tind\u0259n is\u0259 Meydan TV-nin analizl\u0259rin f\u0259rqli n\u0259tic\u0259l\u0259ri, o c\u00fcml\u0259d\u0259n C.\u0130smay\u0131lovun x\u0259st\u0259liyi il\u0259 ba\u011fl\u0131 sor\u011fusu cavabland\u0131r\u0131lmay\u0131b. El\u0259c\u0259 d\u0259 S\u0259f\u0259rb\u0259rlik v\u0259 H\u0259rbi Xidm\u0259t\u0259 \u00c7a\u011f\u0131r\u0131\u015f \u00fczr\u0259 D\u00f6vl\u0259t Xidm\u0259ti t\u0259r\u0259find\u0259n sor\u011fu cavabland\u0131r\u0131lmay\u0131b.<\/p>\n","protected":false},"excerpt":{"rendered":"<p>\u201cBir d\u0259f\u0259 \u0259m\u0259liyyat olunub, \u015f\u0259k\u0259rli diabet\u0259 g\u00f6r\u0259 daimi d\u0259rman q\u0259bul &#8230; <\/p>\n<p class=\"read-more-container\"><a title=\"Ata 18 ya\u015f\u0131na q\u0259d\u0259r pensiya alan o\u011flunun h\u0259rbiy\u0259 yarars\u0131z oldu\u011funu t\u0259sdiql\u0259d\u0259 bilm\u0259diyini deyir\" class=\"read-more button\" href=\"https:\/\/www.meydan.tv\/az\/article\/ata-18-yasina-qeder-pensiya-alan-oglunun-herbiye-yararsiz-oldugunu-tesdiqlede-bilmediyini-deyir\/#more-290246\" aria-label=\"Read more about Ata 18 ya\u015f\u0131na q\u0259d\u0259r pensiya alan o\u011flunun h\u0259rbiy\u0259 yarars\u0131z oldu\u011funu t\u0259sdiql\u0259d\u0259 bilm\u0259diyini deyir\">Davam\u0131<\/a><\/p>\n","protected":false},"author":8,"featured_media":290240,"comment_status":"closed","ping_status":"closed","sticky":false,"template":"","format":"standard","meta":{"_acf_changed":false,"_sitemap_exclude":false,"_sitemap_priority":"","_sitemap_frequency":"","footnotes":""},"categories":[62,56],"tags":[],"class_list":["post-290246","post","type-post","status-publish","format-standard","has-post-thumbnail","hentry","category-sosial","category-xeberler","infinite-scroll-item","generate-columns","tablet-grid-50","mobile-grid-100","grid-parent","grid-33","no-featured-image-padding"],"acf":[],"yoast_head":"<!-- This site is optimized with the Yoast SEO plugin v27.5 - https:\/\/yoast.com\/product\/yoast-seo-wordpress\/ -->\n<title>Ata 18 ya\u015f\u0131na q\u0259d\u0259r pensiya alan o\u011flunun h\u0259rbiy\u0259 yarars\u0131z oldu\u011funu t\u0259sdiql\u0259d\u0259 bilm\u0259diyini deyir - MEYDAN.TV<\/title>\n<meta name=\"robots\" content=\"index, follow, max-snippet:-1, max-image-preview:large, max-video-preview:-1\" \/>\n<link rel=\"canonical\" href=\"https:\/\/www.meydan.tv\/az\/article\/ata-18-yasina-qeder-pensiya-alan-oglunun-herbiye-yararsiz-oldugunu-tesdiqlede-bilmediyini-deyir\/\" \/>\n<meta property=\"og:locale\" content=\"az_AZ\" \/>\n<meta property=\"og:type\" content=\"article\" \/>\n<meta property=\"og:title\" content=\"Ata 18 ya\u015f\u0131na q\u0259d\u0259r pensiya alan o\u011flunun h\u0259rbiy\u0259 yarars\u0131z oldu\u011funu t\u0259sdiql\u0259d\u0259 bilm\u0259diyini deyir - MEYDAN.TV\" \/>\n<meta property=\"og:description\" content=\"\u201cBir d\u0259f\u0259 \u0259m\u0259liyyat olunub, \u015f\u0259k\u0259rli diabet\u0259 g\u00f6r\u0259 daimi d\u0259rman q\u0259bul ... Davam\u0131\" \/>\n<meta property=\"og:url\" content=\"https:\/\/www.meydan.tv\/az\/article\/ata-18-yasina-qeder-pensiya-alan-oglunun-herbiye-yararsiz-oldugunu-tesdiqlede-bilmediyini-deyir\/\" \/>\n<meta property=\"og:site_name\" content=\"MEYDAN.TV\" \/>\n<meta property=\"article:published_time\" content=\"2023-11-13T13:24:53+00:00\" \/>\n<meta property=\"article:modified_time\" content=\"2023-11-13T13:24:58+00:00\" \/>\n<meta property=\"og:image\" content=\"https:\/\/www.meydan.tv\/wp-content\/uploads\/1-11.jpg\" \/>\n\t<meta property=\"og:image:width\" content=\"1920\" \/>\n\t<meta property=\"og:image:height\" content=\"1080\" \/>\n\t<meta property=\"og:image:type\" content=\"image\/jpeg\" \/>\n<meta name=\"author\" content=\"elli\" \/>\n<meta name=\"twitter:card\" content=\"summary_large_image\" \/>\n<meta name=\"twitter:creator\" content=\"@elli\" \/>\n<script type=\"application\/ld+json\" class=\"yoast-schema-graph\">{\"@context\":\"https:\\\/\\\/schema.org\",\"@graph\":[{\"@type\":\"Article\",\"@id\":\"https:\\\/\\\/www.meydan.tv\\\/az\\\/article\\\/ata-18-yasina-qeder-pensiya-alan-oglunun-herbiye-yararsiz-oldugunu-tesdiqlede-bilmediyini-deyir\\\/#article\",\"isPartOf\":{\"@id\":\"https:\\\/\\\/www.meydan.tv\\\/az\\\/article\\\/ata-18-yasina-qeder-pensiya-alan-oglunun-herbiye-yararsiz-oldugunu-tesdiqlede-bilmediyini-deyir\\\/\"},\"author\":{\"name\":\"elli\",\"@id\":\"https:\\\/\\\/www.meydan.tv\\\/az\\\/#\\\/schema\\\/person\\\/9cdbecf90d17180ce1dfbd95b08dcf47\"},\"headline\":\"Ata 18 ya\u015f\u0131na q\u0259d\u0259r pensiya alan o\u011flunun h\u0259rbiy\u0259 yarars\u0131z oldu\u011funu t\u0259sdiql\u0259d\u0259 bilm\u0259diyini deyir\",\"datePublished\":\"2023-11-13T13:24:53+00:00\",\"dateModified\":\"2023-11-13T13:24:58+00:00\",\"mainEntityOfPage\":{\"@id\":\"https:\\\/\\\/www.meydan.tv\\\/az\\\/article\\\/ata-18-yasina-qeder-pensiya-alan-oglunun-herbiye-yararsiz-oldugunu-tesdiqlede-bilmediyini-deyir\\\/\"},\"wordCount\":431,\"publisher\":{\"@id\":\"https:\\\/\\\/www.meydan.tv\\\/az\\\/#organization\"},\"image\":{\"@id\":\"https:\\\/\\\/www.meydan.tv\\\/az\\\/article\\\/ata-18-yasina-qeder-pensiya-alan-oglunun-herbiye-yararsiz-oldugunu-tesdiqlede-bilmediyini-deyir\\\/#primaryimage\"},\"thumbnailUrl\":\"https:\\\/\\\/www.meydan.tv\\\/wp-content\\\/uploads\\\/1-11.jpg\",\"articleSection\":[\"Sosial\",\"X\u0259b\u0259rl\u0259r\"],\"inLanguage\":\"az\"},{\"@type\":\"WebPage\",\"@id\":\"https:\\\/\\\/www.meydan.tv\\\/az\\\/article\\\/ata-18-yasina-qeder-pensiya-alan-oglunun-herbiye-yararsiz-oldugunu-tesdiqlede-bilmediyini-deyir\\\/\",\"url\":\"https:\\\/\\\/www.meydan.tv\\\/az\\\/article\\\/ata-18-yasina-qeder-pensiya-alan-oglunun-herbiye-yararsiz-oldugunu-tesdiqlede-bilmediyini-deyir\\\/\",\"name\":\"Ata 18 ya\u015f\u0131na q\u0259d\u0259r pensiya alan o\u011flunun h\u0259rbiy\u0259 yarars\u0131z oldu\u011funu t\u0259sdiql\u0259d\u0259 bilm\u0259diyini deyir - MEYDAN.TV\",\"isPartOf\":{\"@id\":\"https:\\\/\\\/www.meydan.tv\\\/az\\\/#website\"},\"primaryImageOfPage\":{\"@id\":\"https:\\\/\\\/www.meydan.tv\\\/az\\\/article\\\/ata-18-yasina-qeder-pensiya-alan-oglunun-herbiye-yararsiz-oldugunu-tesdiqlede-bilmediyini-deyir\\\/#primaryimage\"},\"image\":{\"@id\":\"https:\\\/\\\/www.meydan.tv\\\/az\\\/article\\\/ata-18-yasina-qeder-pensiya-alan-oglunun-herbiye-yararsiz-oldugunu-tesdiqlede-bilmediyini-deyir\\\/#primaryimage\"},\"thumbnailUrl\":\"https:\\\/\\\/www.meydan.tv\\\/wp-content\\\/uploads\\\/1-11.jpg\",\"datePublished\":\"2023-11-13T13:24:53+00:00\",\"dateModified\":\"2023-11-13T13:24:58+00:00\",\"breadcrumb\":{\"@id\":\"https:\\\/\\\/www.meydan.tv\\\/az\\\/article\\\/ata-18-yasina-qeder-pensiya-alan-oglunun-herbiye-yararsiz-oldugunu-tesdiqlede-bilmediyini-deyir\\\/#breadcrumb\"},\"inLanguage\":\"az\",\"potentialAction\":[{\"@type\":\"ReadAction\",\"target\":[\"https:\\\/\\\/www.meydan.tv\\\/az\\\/article\\\/ata-18-yasina-qeder-pensiya-alan-oglunun-herbiye-yararsiz-oldugunu-tesdiqlede-bilmediyini-deyir\\\/\"]}]},{\"@type\":\"ImageObject\",\"inLanguage\":\"az\",\"@id\":\"https:\\\/\\\/www.meydan.tv\\\/az\\\/article\\\/ata-18-yasina-qeder-pensiya-alan-oglunun-herbiye-yararsiz-oldugunu-tesdiqlede-bilmediyini-deyir\\\/#primaryimage\",\"url\":\"https:\\\/\\\/www.meydan.tv\\\/wp-content\\\/uploads\\\/1-11.jpg\",\"contentUrl\":\"https:\\\/\\\/www.meydan.tv\\\/wp-content\\\/uploads\\\/1-11.jpg\",\"width\":1920,\"height\":1080,\"caption\":\"\u015eamax\u0131 Rayon M\u0259rk\u0259zi X\u0259st\u0259xanas\u0131. Foto: arxiv\"},{\"@type\":\"BreadcrumbList\",\"@id\":\"https:\\\/\\\/www.meydan.tv\\\/az\\\/article\\\/ata-18-yasina-qeder-pensiya-alan-oglunun-herbiye-yararsiz-oldugunu-tesdiqlede-bilmediyini-deyir\\\/#breadcrumb\",\"itemListElement\":[{\"@type\":\"ListItem\",\"position\":1,\"name\":\"Ana s\u0259hif\u0259\",\"item\":\"https:\\\/\\\/www.meydan.tv\\\/az\\\/\"},{\"@type\":\"ListItem\",\"position\":2,\"name\":\"Sosial\",\"item\":\"https:\\\/\\\/www.meydan.tv\\\/az\\\/section\\\/sosial\\\/\"},{\"@type\":\"ListItem\",\"position\":3,\"name\":\"Ata 18 ya\u015f\u0131na q\u0259d\u0259r pensiya alan o\u011flunun h\u0259rbiy\u0259 yarars\u0131z oldu\u011funu t\u0259sdiql\u0259d\u0259 bilm\u0259diyini deyir\"}]},{\"@type\":\"WebSite\",\"@id\":\"https:\\\/\\\/www.meydan.tv\\\/az\\\/#website\",\"url\":\"https:\\\/\\\/www.meydan.tv\\\/az\\\/\",\"name\":\"MEYDAN.TV\",\"description\":\"Meydan TV Az\u0259rbaycan\u0131n media m\u0259kan\u0131ndak\u0131 alternativ s\u0259sidir\",\"publisher\":{\"@id\":\"https:\\\/\\\/www.meydan.tv\\\/az\\\/#organization\"},\"potentialAction\":[{\"@type\":\"SearchAction\",\"target\":{\"@type\":\"EntryPoint\",\"urlTemplate\":\"https:\\\/\\\/www.meydan.tv\\\/az\\\/?s={search_term_string}\"},\"query-input\":{\"@type\":\"PropertyValueSpecification\",\"valueRequired\":true,\"valueName\":\"search_term_string\"}}],\"inLanguage\":\"az\"},{\"@type\":\"Organization\",\"@id\":\"https:\\\/\\\/www.meydan.tv\\\/az\\\/#organization\",\"name\":\"Meydan TV\",\"url\":\"https:\\\/\\\/www.meydan.tv\\\/az\\\/\",\"logo\":{\"@type\":\"ImageObject\",\"inLanguage\":\"az\",\"@id\":\"https:\\\/\\\/www.meydan.tv\\\/az\\\/#\\\/schema\\\/logo\\\/image\\\/\",\"url\":\"https:\\\/\\\/www.meydan.tv\\\/wp-content\\\/uploads\\\/2021\\\/07\\\/meydan-logo.svg\",\"contentUrl\":\"https:\\\/\\\/www.meydan.tv\\\/wp-content\\\/uploads\\\/2021\\\/07\\\/meydan-logo.svg\",\"width\":195,\"height\":46,\"caption\":\"Meydan TV\"},\"image\":{\"@id\":\"https:\\\/\\\/www.meydan.tv\\\/az\\\/#\\\/schema\\\/logo\\\/image\\\/\"}},{\"@type\":\"Person\",\"@id\":\"https:\\\/\\\/www.meydan.tv\\\/az\\\/#\\\/schema\\\/person\\\/9cdbecf90d17180ce1dfbd95b08dcf47\",\"name\":\"elli\",\"sameAs\":[\"https:\\\/\\\/x.com\\\/elli\"]}]}<\/script>\n<!-- \/ Yoast SEO plugin. -->","yoast_head_json":{"title":"Ata 18 ya\u015f\u0131na q\u0259d\u0259r pensiya alan o\u011flunun h\u0259rbiy\u0259 yarars\u0131z oldu\u011funu t\u0259sdiql\u0259d\u0259 bilm\u0259diyini deyir - MEYDAN.TV","robots":{"index":"index","follow":"follow","max-snippet":"max-snippet:-1","max-image-preview":"max-image-preview:large","max-video-preview":"max-video-preview:-1"},"canonical":"https:\/\/www.meydan.tv\/az\/article\/ata-18-yasina-qeder-pensiya-alan-oglunun-herbiye-yararsiz-oldugunu-tesdiqlede-bilmediyini-deyir\/","og_locale":"az_AZ","og_type":"article","og_title":"Ata 18 ya\u015f\u0131na q\u0259d\u0259r pensiya alan o\u011flunun h\u0259rbiy\u0259 yarars\u0131z oldu\u011funu t\u0259sdiql\u0259d\u0259 bilm\u0259diyini deyir - MEYDAN.TV","og_description":"\u201cBir d\u0259f\u0259 \u0259m\u0259liyyat olunub, \u015f\u0259k\u0259rli diabet\u0259 g\u00f6r\u0259 daimi d\u0259rman q\u0259bul ... Davam\u0131","og_url":"https:\/\/www.meydan.tv\/az\/article\/ata-18-yasina-qeder-pensiya-alan-oglunun-herbiye-yararsiz-oldugunu-tesdiqlede-bilmediyini-deyir\/","og_site_name":"MEYDAN.TV","article_published_time":"2023-11-13T13:24:53+00:00","article_modified_time":"2023-11-13T13:24:58+00:00","og_image":[{"width":1920,"height":1080,"url":"https:\/\/www.meydan.tv\/wp-content\/uploads\/1-11.jpg","type":"image\/jpeg"}],"author":"elli","twitter_card":"summary_large_image","twitter_creator":"@elli","schema":{"@context":"https:\/\/schema.org","@graph":[{"@type":"Article","@id":"https:\/\/www.meydan.tv\/az\/article\/ata-18-yasina-qeder-pensiya-alan-oglunun-herbiye-yararsiz-oldugunu-tesdiqlede-bilmediyini-deyir\/#article","isPartOf":{"@id":"https:\/\/www.meydan.tv\/az\/article\/ata-18-yasina-qeder-pensiya-alan-oglunun-herbiye-yararsiz-oldugunu-tesdiqlede-bilmediyini-deyir\/"},"author":{"name":"elli","@id":"https:\/\/www.meydan.tv\/az\/#\/schema\/person\/9cdbecf90d17180ce1dfbd95b08dcf47"},"headline":"Ata 18 ya\u015f\u0131na q\u0259d\u0259r pensiya alan o\u011flunun h\u0259rbiy\u0259 yarars\u0131z oldu\u011funu t\u0259sdiql\u0259d\u0259 bilm\u0259diyini deyir","datePublished":"2023-11-13T13:24:53+00:00","dateModified":"2023-11-13T13:24:58+00:00","mainEntityOfPage":{"@id":"https:\/\/www.meydan.tv\/az\/article\/ata-18-yasina-qeder-pensiya-alan-oglunun-herbiye-yararsiz-oldugunu-tesdiqlede-bilmediyini-deyir\/"},"wordCount":431,"publisher":{"@id":"https:\/\/www.meydan.tv\/az\/#organization"},"image":{"@id":"https:\/\/www.meydan.tv\/az\/article\/ata-18-yasina-qeder-pensiya-alan-oglunun-herbiye-yararsiz-oldugunu-tesdiqlede-bilmediyini-deyir\/#primaryimage"},"thumbnailUrl":"https:\/\/www.meydan.tv\/wp-content\/uploads\/1-11.jpg","articleSection":["Sosial","X\u0259b\u0259rl\u0259r"],"inLanguage":"az"},{"@type":"WebPage","@id":"https:\/\/www.meydan.tv\/az\/article\/ata-18-yasina-qeder-pensiya-alan-oglunun-herbiye-yararsiz-oldugunu-tesdiqlede-bilmediyini-deyir\/","url":"https:\/\/www.meydan.tv\/az\/article\/ata-18-yasina-qeder-pensiya-alan-oglunun-herbiye-yararsiz-oldugunu-tesdiqlede-bilmediyini-deyir\/","name":"Ata 18 ya\u015f\u0131na q\u0259d\u0259r pensiya alan o\u011flunun h\u0259rbiy\u0259 yarars\u0131z oldu\u011funu t\u0259sdiql\u0259d\u0259 bilm\u0259diyini deyir - MEYDAN.TV","isPartOf":{"@id":"https:\/\/www.meydan.tv\/az\/#website"},"primaryImageOfPage":{"@id":"https:\/\/www.meydan.tv\/az\/article\/ata-18-yasina-qeder-pensiya-alan-oglunun-herbiye-yararsiz-oldugunu-tesdiqlede-bilmediyini-deyir\/#primaryimage"},"image":{"@id":"https:\/\/www.meydan.tv\/az\/article\/ata-18-yasina-qeder-pensiya-alan-oglunun-herbiye-yararsiz-oldugunu-tesdiqlede-bilmediyini-deyir\/#primaryimage"},"thumbnailUrl":"https:\/\/www.meydan.tv\/wp-content\/uploads\/1-11.jpg","datePublished":"2023-11-13T13:24:53+00:00","dateModified":"2023-11-13T13:24:58+00:00","breadcrumb":{"@id":"https:\/\/www.meydan.tv\/az\/article\/ata-18-yasina-qeder-pensiya-alan-oglunun-herbiye-yararsiz-oldugunu-tesdiqlede-bilmediyini-deyir\/#breadcrumb"},"inLanguage":"az","potentialAction":[{"@type":"ReadAction","target":["https:\/\/www.meydan.tv\/az\/article\/ata-18-yasina-qeder-pensiya-alan-oglunun-herbiye-yararsiz-oldugunu-tesdiqlede-bilmediyini-deyir\/"]}]},{"@type":"ImageObject","inLanguage":"az","@id":"https:\/\/www.meydan.tv\/az\/article\/ata-18-yasina-qeder-pensiya-alan-oglunun-herbiye-yararsiz-oldugunu-tesdiqlede-bilmediyini-deyir\/#primaryimage","url":"https:\/\/www.meydan.tv\/wp-content\/uploads\/1-11.jpg","contentUrl":"https:\/\/www.meydan.tv\/wp-content\/uploads\/1-11.jpg","width":1920,"height":1080,"caption":"\u015eamax\u0131 Rayon M\u0259rk\u0259zi X\u0259st\u0259xanas\u0131. Foto: arxiv"},{"@type":"BreadcrumbList","@id":"https:\/\/www.meydan.tv\/az\/article\/ata-18-yasina-qeder-pensiya-alan-oglunun-herbiye-yararsiz-oldugunu-tesdiqlede-bilmediyini-deyir\/#breadcrumb","itemListElement":[{"@type":"ListItem","position":1,"name":"Ana s\u0259hif\u0259","item":"https:\/\/www.meydan.tv\/az\/"},{"@type":"ListItem","position":2,"name":"Sosial","item":"https:\/\/www.meydan.tv\/az\/section\/sosial\/"},{"@type":"ListItem","position":3,"name":"Ata 18 ya\u015f\u0131na q\u0259d\u0259r pensiya alan o\u011flunun h\u0259rbiy\u0259 yarars\u0131z oldu\u011funu t\u0259sdiql\u0259d\u0259 bilm\u0259diyini deyir"}]},{"@type":"WebSite","@id":"https:\/\/www.meydan.tv\/az\/#website","url":"https:\/\/www.meydan.tv\/az\/","name":"MEYDAN.TV","description":"Meydan TV Az\u0259rbaycan\u0131n media m\u0259kan\u0131ndak\u0131 alternativ s\u0259sidir","publisher":{"@id":"https:\/\/www.meydan.tv\/az\/#organization"},"potentialAction":[{"@type":"SearchAction","target":{"@type":"EntryPoint","urlTemplate":"https:\/\/www.meydan.tv\/az\/?s={search_term_string}"},"query-input":{"@type":"PropertyValueSpecification","valueRequired":true,"valueName":"search_term_string"}}],"inLanguage":"az"},{"@type":"Organization","@id":"https:\/\/www.meydan.tv\/az\/#organization","name":"Meydan TV","url":"https:\/\/www.meydan.tv\/az\/","logo":{"@type":"ImageObject","inLanguage":"az","@id":"https:\/\/www.meydan.tv\/az\/#\/schema\/logo\/image\/","url":"https:\/\/www.meydan.tv\/wp-content\/uploads\/2021\/07\/meydan-logo.svg","contentUrl":"https:\/\/www.meydan.tv\/wp-content\/uploads\/2021\/07\/meydan-logo.svg","width":195,"height":46,"caption":"Meydan TV"},"image":{"@id":"https:\/\/www.meydan.tv\/az\/#\/schema\/logo\/image\/"}},{"@type":"Person","@id":"https:\/\/www.meydan.tv\/az\/#\/schema\/person\/9cdbecf90d17180ce1dfbd95b08dcf47","name":"elli","sameAs":["https:\/\/x.com\/elli"]}]}},"_links":{"self":[{"href":"https:\/\/www.meydan.tv\/az\/wp-json\/wp\/v2\/posts\/290246","targetHints":{"allow":["GET"]}}],"collection":[{"href":"https:\/\/www.meydan.tv\/az\/wp-json\/wp\/v2\/posts"}],"about":[{"href":"https:\/\/www.meydan.tv\/az\/wp-json\/wp\/v2\/types\/post"}],"author":[{"embeddable":true,"href":"https:\/\/www.meydan.tv\/az\/wp-json\/wp\/v2\/users\/8"}],"replies":[{"embeddable":true,"href":"https:\/\/www.meydan.tv\/az\/wp-json\/wp\/v2\/comments?post=290246"}],"version-history":[{"count":4,"href":"https:\/\/www.meydan.tv\/az\/wp-json\/wp\/v2\/posts\/290246\/revisions"}],"predecessor-version":[{"id":290251,"href":"https:\/\/www.meydan.tv\/az\/wp-json\/wp\/v2\/posts\/290246\/revisions\/290251"}],"wp:featuredmedia":[{"embeddable":true,"href":"https:\/\/www.meydan.tv\/az\/wp-json\/wp\/v2\/media\/290240"}],"wp:attachment":[{"href":"https:\/\/www.meydan.tv\/az\/wp-json\/wp\/v2\/media?parent=290246"}],"wp:term":[{"taxonomy":"category","embeddable":true,"href":"https:\/\/www.meydan.tv\/az\/wp-json\/wp\/v2\/categories?post=290246"},{"taxonomy":"post_tag","embeddable":true,"href":"https:\/\/www.meydan.tv\/az\/wp-json\/wp\/v2\/tags?post=290246"}],"curies":[{"name":"wp","href":"https:\/\/api.w.org\/{rel}","templated":true}]}}