{"id":290204,"date":"2023-11-13T15:43:53","date_gmt":"2023-11-13T11:43:53","guid":{"rendered":"https:\/\/www.meydan.tv\/?p=290204"},"modified":"2023-11-13T15:43:57","modified_gmt":"2023-11-13T11:43:57","slug":"eliyev-cenubi-qafqazda-yeni-realliqlarin-yarandigini-deyir","status":"publish","type":"post","link":"https:\/\/www.meydan.tv\/az\/article\/eliyev-cenubi-qafqazda-yeni-realliqlarin-yarandigini-deyir\/","title":{"rendered":"\u018fliyev C\u0259nubi Qafqazda yeni reall\u0131qlar\u0131n yarand\u0131\u011f\u0131n\u0131 deyir"},"content":{"rendered":"\n<p><\/p>\n\n\n\n<p><strong><em>Az\u0259rbaycan Prezidenti Pia Kaumayla g\u00f6r\u00fc\u015f\u00fcb<\/em><\/strong><\/p>\n\n\n\n<p>Az\u0259rbaycan\u0131n d\u00f6vl\u0259t ba\u015f\u00e7\u0131s\u0131 \u0130lham \u018fliyev C\u0259nubi Qafqazda art\u0131q yeni reall\u0131qlar\u0131n yarand\u0131\u011f\u0131n\u0131 bildirib.<\/p>\n\n\n\n<p>Bunu noyabr\u0131n 13-d\u0259 Prezident \u0130lham \u018fliyev AT\u018fT Parlament Assambleyas\u0131n\u0131n prezidenti Pia Kaumayla g\u00f6r\u00fc\u015fd\u0259 deyib.<\/p>\n\n\n\n<p>Bu bar\u0259d\u0259 &#8220;<a href=\"https:\/\/president.az\/az\/articles\/view\/62174\">president.az<\/a>&#8221; m\u0259lumat yay\u0131b.<\/p>\n\n\n\n<p>\u018fliyev vur\u011fulay\u0131b ki, regionda ba\u015f vermi\u015f son hadis\u0259l\u0259r Erm\u0259nistan\u0131n Az\u0259rbaycana qar\u015f\u0131 30 il\u0259 yax\u0131n davam etmi\u015f i\u015f\u011fal\u0131 v\u0259 h\u0259rbi t\u0259cav\u00fcz\u00fc kontekstind\u0259 n\u0259z\u0259rd\u0259n ke\u00e7irilm\u0259lidir:<\/p>\n\n\n\n<p>&#8220;<em>Bu i\u015f\u011fal v\u0259 t\u0259cav\u00fcz\u00fcn n\u0259tic\u0259l\u0259rin\u0259 bax\u0131lmadan regionun g\u0259l\u0259c\u0259yi il\u0259 ba\u011fl\u0131 bax\u0131\u015flar\u0131n ir\u0259li s\u00fcr\u00fclm\u0259si d\u00fczg\u00fcn yana\u015fma olmaz. Erm\u0259nistan Az\u0259rbaycan torpaqlar\u0131n\u0131n i\u015f\u011fal\u0131n\u0131 \u0259b\u0259dil\u0259\u015fdirm\u0259y\u0259 \u00e7al\u0131\u015f\u0131rd\u0131. \u0130\u015f\u011fal d\u00f6vr\u00fcnd\u0259 h\u0259yata ke\u00e7irilmi\u015f vasit\u0259\u00e7ilik missiyalar\u0131 tamamil\u0259 u\u011fursuz olub, i\u015f\u011fal v\u0259 t\u0259cav\u00fcz\u00fcn n\u0259tic\u0259l\u0259rini aradan qald\u0131rmay\u0131b&#8221;.<\/em><\/p>\n\n\n\n<p>&#8220;<em>Erm\u0259nistan 2020-ci il 10 noyabr B\u0259yanat\u0131ndan ir\u0259li g\u0259l\u0259n \u00f6hd\u0259likl\u0259ri yerin\u0259 yetirm\u0259di. Bel\u0259 ki, Erm\u0259nistan n\u0259inki Qaraba\u011fdak\u0131 silahl\u0131 q\u00fcvv\u0259l\u0259rini \u0259razid\u0259n \u00e7\u0131xarmad\u0131, h\u0259tta h\u0259min \u0259razini h\u0259rbi texnikan\u0131n, silahl\u0131 q\u00fcvv\u0259l\u0259rinin \u015f\u0259xsi hey\u0259tinin v\u0259 minalar\u0131n da\u015f\u0131nmas\u0131 \u00fc\u00e7\u00fcn m\u0259qs\u0259dy\u00f6nl\u00fc \u015f\u0259kild\u0259 istifad\u0259 edirdi. H\u0259m\u00e7inin Erm\u0259nistan \u015e\u0259rqi Z\u0259ng\u0259zurla Nax\u00e7\u0131van aras\u0131nda \u0259laq\u0259nin yarad\u0131lmas\u0131 il\u0259 ba\u011fl\u0131 \u00f6z \u00f6hd\u0259likl\u0259rini yerin\u0259 yetirm\u0259di. Art\u0131q bu m\u0259s\u0259l\u0259l\u0259r ke\u00e7mi\u015fd\u0259 qald\u0131. Haz\u0131rda regionun s\u00fclh g\u00fcnd\u0259liyi \u00fc\u00e7\u00fcn \u00e7ox yax\u015f\u0131 imkanlar var&#8221;,<\/em> &#8211; dey\u0259 \u018fliyev \u0259lav\u0259 edib.<\/p>\n\n\n\n<p>\u00d6lk\u0259 ba\u015f\u00e7\u0131s\u0131n\u0131n s\u00f6zl\u0259rin\u0259 g\u00f6r\u0259, s\u00fclh m\u00fcqavil\u0259si v\u0259 onun \u0259sas\u0131n\u0131 t\u0259\u015fkil ed\u0259n prinsipl\u0259rin t\u0259\u015f\u0259bb\u00fcs\u00fc il\u0259 d\u0259 m\u0259hz Az\u0259rbaycan \u00e7\u0131x\u0131\u015f edib:<\/p>\n\n\n\n<p>&#8220;<em>Az\u0259rbaycan C\u0259nubi Qafqazda davaml\u0131 s\u00fclh\u00fcn t\u0259r\u0259fdar\u0131d\u0131r v\u0259 regional s\u00fclh g\u00fcnd\u0259liyini, Erm\u0259nistanla m\u00fcnasib\u0259tl\u0259rin normalla\u015fd\u0131r\u0131lmas\u0131n\u0131 v\u0259 s\u00fclh m\u00fcqavil\u0259sinin imzalanmas\u0131n\u0131 d\u0259st\u0259kl\u0259yir. Az\u0259rbaycan haz\u0131rda birg\u0259ya\u015fay\u0131\u015f v\u0259 geriqay\u0131tma h\u00fcququ il\u0259 \u0259laq\u0259dar ayd\u0131n v\u0259 \u015f\u0259ffaf proqram\u0131 t\u0259qdim ets\u0259 d\u0259, az\u0259rbaycanl\u0131lar\u0131n Erm\u0259nistana geri qay\u0131d\u0131\u015f\u0131 il\u0259 ba\u011fl\u0131 geriqay\u0131tma h\u00fcququnu Erm\u0259nistan inkar edir v\u0259 bununla \u0259laq\u0259dar olaraq h\u0259r hans\u0131 bir bax\u0131\u015f ortaya qoymay\u0131b&#8221;.<\/em><\/p>\n\n\n\n<p>G\u00f6r\u00fc\u015fd\u0259 bildirilib ki, AT\u018fT Parlament Assambleyas\u0131 Erm\u0259nistan v\u0259 Az\u0259rbaycan n\u00fcmay\u0259nd\u0259 hey\u0259tl\u0259ri aras\u0131nda etimad\u0131n qurulmas\u0131 bax\u0131m\u0131ndan s\u0259m\u0259r\u0259li platforma ola bil\u0259r.<\/p>\n\n\n\n<p>Pia Kauma noyabr\u0131n 12-d\u0259n 20-d\u0259k Az\u0259rbaycan, G\u00fcrc\u00fcstan v\u0259 Erm\u0259nistanda s\u0259f\u0259rd\u0259 olacaq.<\/p>\n\n\n\n<p>AT\u018fT PA-n\u0131n yayd\u0131\u011f\u0131 m\u0259lumatda qeyd olunur ki, Pia Kauman\u0131n s\u0259f\u0259rind\u0259 m\u0259qs\u0259d AT\u018fT Parlament Assambleyas\u0131 vasit\u0259sil\u0259 Erm\u0259nistanla Az\u0259rbaycan aras\u0131nda s\u00fclh prosesin\u0259 yard\u0131m etm\u0259kdir.<\/p>\n\n\n\n<p>&#8220;<em>Bir t\u0259\u015fkilat olaraq AT\u018fT Da\u011fl\u0131q Qaraba\u011f m\u00fcnaqi\u015f\u0259si \u00fczr\u0259 dialoq \u00fc\u00e7\u00fcn t\u0259bii meydan\u00e7a kimi \u00e7\u0131x\u0131\u015f ed\u0259 bil\u0259r&#8221;, &#8211; <\/em>Kauma\u00a0deyib.<\/p>\n\n\n\n<p>Bu g\u00fcn o h\u0259m\u00e7inin xarici i\u015fl\u0259r naziri v\u0259 Az\u0259rbaycan parlamentinin spikeri il\u0259 g\u00f6r\u00fc\u015f\u0259c\u0259k.<\/p>\n\n\n\n<p>P.Kauma Az\u0259rbaycandan G\u00fcrc\u00fcstana v\u0259 Erm\u0259nistana ged\u0259c\u0259k, bu \u00f6lk\u0259l\u0259rd\u0259 Prezident Salome Zurabi\u015fvili, Ba\u015f nazir Nikol Pa\u015finyanla v\u0259 parlamentin spikeri, h\u0259m\u00e7inin bir ne\u00e7\u0259 nazirl\u0259 g\u00f6r\u00fc\u015f\u0259c\u0259k.<\/p>\n\n\n\n<p>Onun h\u0259m\u00e7inin Qaraba\u011f qa\u00e7q\u0131nlar\u0131 il\u0259 g\u00f6r\u00fc\u015f\u0259c\u0259yi d\u0259 bildirilir.<\/p>\n","protected":false},"excerpt":{"rendered":"<p>Az\u0259rbaycan Prezidenti Pia Kaumayla g\u00f6r\u00fc\u015f\u00fcb Az\u0259rbaycan\u0131n d\u00f6vl\u0259t ba\u015f\u00e7\u0131s\u0131 \u0130lham \u018fliyev &#8230; <\/p>\n<p class=\"read-more-container\"><a title=\"\u018fliyev C\u0259nubi Qafqazda yeni reall\u0131qlar\u0131n yarand\u0131\u011f\u0131n\u0131 deyir\" class=\"read-more button\" href=\"https:\/\/www.meydan.tv\/az\/article\/eliyev-cenubi-qafqazda-yeni-realliqlarin-yarandigini-deyir\/#more-290204\" aria-label=\"Read more about \u018fliyev C\u0259nubi Qafqazda yeni reall\u0131qlar\u0131n yarand\u0131\u011f\u0131n\u0131 deyir\">Davam\u0131<\/a><\/p>\n","protected":false},"author":8,"featured_media":290201,"comment_status":"closed","ping_status":"closed","sticky":false,"template":"","format":"standard","meta":{"_acf_changed":false,"_sitemap_exclude":false,"_sitemap_priority":"","_sitemap_frequency":"","footnotes":""},"categories":[59,56],"tags":[],"class_list":["post-290204","post","type-post","status-publish","format-standard","has-post-thumbnail","hentry","category-siyaset","category-xeberler","infinite-scroll-item","generate-columns","tablet-grid-50","mobile-grid-100","grid-parent","grid-33","no-featured-image-padding"],"acf":[],"yoast_head":"<!-- This site is optimized with the Yoast SEO plugin v27.4 - https:\/\/yoast.com\/product\/yoast-seo-wordpress\/ -->\n<title>\u018fliyev C\u0259nubi Qafqazda yeni reall\u0131qlar\u0131n yarand\u0131\u011f\u0131n\u0131 deyir - MEYDAN.TV<\/title>\n<meta name=\"robots\" content=\"index, follow, max-snippet:-1, max-image-preview:large, max-video-preview:-1\" \/>\n<link rel=\"canonical\" href=\"https:\/\/www.meydan.tv\/az\/article\/eliyev-cenubi-qafqazda-yeni-realliqlarin-yarandigini-deyir\/\" \/>\n<meta property=\"og:locale\" content=\"az_AZ\" \/>\n<meta property=\"og:type\" content=\"article\" \/>\n<meta property=\"og:title\" content=\"\u018fliyev C\u0259nubi Qafqazda yeni reall\u0131qlar\u0131n yarand\u0131\u011f\u0131n\u0131 deyir - MEYDAN.TV\" \/>\n<meta property=\"og:description\" content=\"Az\u0259rbaycan Prezidenti Pia Kaumayla g\u00f6r\u00fc\u015f\u00fcb Az\u0259rbaycan\u0131n d\u00f6vl\u0259t ba\u015f\u00e7\u0131s\u0131 \u0130lham \u018fliyev ... Davam\u0131\" \/>\n<meta property=\"og:url\" content=\"https:\/\/www.meydan.tv\/az\/article\/eliyev-cenubi-qafqazda-yeni-realliqlarin-yarandigini-deyir\/\" \/>\n<meta property=\"og:site_name\" content=\"MEYDAN.TV\" \/>\n<meta property=\"article:published_time\" content=\"2023-11-13T11:43:53+00:00\" \/>\n<meta property=\"article:modified_time\" content=\"2023-11-13T11:43:57+00:00\" \/>\n<meta property=\"og:image\" content=\"https:\/\/www.meydan.tv\/wp-content\/uploads\/2c90b5bd67d4449d036a94233601adf5_6178426.jpg\" \/>\n\t<meta property=\"og:image:width\" content=\"1200\" \/>\n\t<meta property=\"og:image:height\" content=\"608\" \/>\n\t<meta property=\"og:image:type\" content=\"image\/jpeg\" \/>\n<meta name=\"author\" content=\"elli\" \/>\n<meta name=\"twitter:card\" content=\"summary_large_image\" \/>\n<meta name=\"twitter:creator\" content=\"@elli\" \/>\n<script type=\"application\/ld+json\" class=\"yoast-schema-graph\">{\"@context\":\"https:\\\/\\\/schema.org\",\"@graph\":[{\"@type\":\"Article\",\"@id\":\"https:\\\/\\\/www.meydan.tv\\\/az\\\/article\\\/eliyev-cenubi-qafqazda-yeni-realliqlarin-yarandigini-deyir\\\/#article\",\"isPartOf\":{\"@id\":\"https:\\\/\\\/www.meydan.tv\\\/az\\\/article\\\/eliyev-cenubi-qafqazda-yeni-realliqlarin-yarandigini-deyir\\\/\"},\"author\":{\"name\":\"elli\",\"@id\":\"https:\\\/\\\/www.meydan.tv\\\/az\\\/#\\\/schema\\\/person\\\/9cdbecf90d17180ce1dfbd95b08dcf47\"},\"headline\":\"\u018fliyev C\u0259nubi Qafqazda yeni reall\u0131qlar\u0131n yarand\u0131\u011f\u0131n\u0131 deyir\",\"datePublished\":\"2023-11-13T11:43:53+00:00\",\"dateModified\":\"2023-11-13T11:43:57+00:00\",\"mainEntityOfPage\":{\"@id\":\"https:\\\/\\\/www.meydan.tv\\\/az\\\/article\\\/eliyev-cenubi-qafqazda-yeni-realliqlarin-yarandigini-deyir\\\/\"},\"wordCount\":649,\"publisher\":{\"@id\":\"https:\\\/\\\/www.meydan.tv\\\/az\\\/#organization\"},\"image\":{\"@id\":\"https:\\\/\\\/www.meydan.tv\\\/az\\\/article\\\/eliyev-cenubi-qafqazda-yeni-realliqlarin-yarandigini-deyir\\\/#primaryimage\"},\"thumbnailUrl\":\"https:\\\/\\\/www.meydan.tv\\\/wp-content\\\/uploads\\\/2c90b5bd67d4449d036a94233601adf5_6178426.jpg\",\"articleSection\":[\"Siyas\u0259t\",\"X\u0259b\u0259rl\u0259r\"],\"inLanguage\":\"az\"},{\"@type\":\"WebPage\",\"@id\":\"https:\\\/\\\/www.meydan.tv\\\/az\\\/article\\\/eliyev-cenubi-qafqazda-yeni-realliqlarin-yarandigini-deyir\\\/\",\"url\":\"https:\\\/\\\/www.meydan.tv\\\/az\\\/article\\\/eliyev-cenubi-qafqazda-yeni-realliqlarin-yarandigini-deyir\\\/\",\"name\":\"\u018fliyev C\u0259nubi Qafqazda yeni reall\u0131qlar\u0131n yarand\u0131\u011f\u0131n\u0131 deyir - MEYDAN.TV\",\"isPartOf\":{\"@id\":\"https:\\\/\\\/www.meydan.tv\\\/az\\\/#website\"},\"primaryImageOfPage\":{\"@id\":\"https:\\\/\\\/www.meydan.tv\\\/az\\\/article\\\/eliyev-cenubi-qafqazda-yeni-realliqlarin-yarandigini-deyir\\\/#primaryimage\"},\"image\":{\"@id\":\"https:\\\/\\\/www.meydan.tv\\\/az\\\/article\\\/eliyev-cenubi-qafqazda-yeni-realliqlarin-yarandigini-deyir\\\/#primaryimage\"},\"thumbnailUrl\":\"https:\\\/\\\/www.meydan.tv\\\/wp-content\\\/uploads\\\/2c90b5bd67d4449d036a94233601adf5_6178426.jpg\",\"datePublished\":\"2023-11-13T11:43:53+00:00\",\"dateModified\":\"2023-11-13T11:43:57+00:00\",\"breadcrumb\":{\"@id\":\"https:\\\/\\\/www.meydan.tv\\\/az\\\/article\\\/eliyev-cenubi-qafqazda-yeni-realliqlarin-yarandigini-deyir\\\/#breadcrumb\"},\"inLanguage\":\"az\",\"potentialAction\":[{\"@type\":\"ReadAction\",\"target\":[\"https:\\\/\\\/www.meydan.tv\\\/az\\\/article\\\/eliyev-cenubi-qafqazda-yeni-realliqlarin-yarandigini-deyir\\\/\"]}]},{\"@type\":\"ImageObject\",\"inLanguage\":\"az\",\"@id\":\"https:\\\/\\\/www.meydan.tv\\\/az\\\/article\\\/eliyev-cenubi-qafqazda-yeni-realliqlarin-yarandigini-deyir\\\/#primaryimage\",\"url\":\"https:\\\/\\\/www.meydan.tv\\\/wp-content\\\/uploads\\\/2c90b5bd67d4449d036a94233601adf5_6178426.jpg\",\"contentUrl\":\"https:\\\/\\\/www.meydan.tv\\\/wp-content\\\/uploads\\\/2c90b5bd67d4449d036a94233601adf5_6178426.jpg\",\"width\":1200,\"height\":608,\"caption\":\"Foto: president.az\"},{\"@type\":\"BreadcrumbList\",\"@id\":\"https:\\\/\\\/www.meydan.tv\\\/az\\\/article\\\/eliyev-cenubi-qafqazda-yeni-realliqlarin-yarandigini-deyir\\\/#breadcrumb\",\"itemListElement\":[{\"@type\":\"ListItem\",\"position\":1,\"name\":\"Ana s\u0259hif\u0259\",\"item\":\"https:\\\/\\\/www.meydan.tv\\\/az\\\/\"},{\"@type\":\"ListItem\",\"position\":2,\"name\":\"Siyas\u0259t\",\"item\":\"https:\\\/\\\/www.meydan.tv\\\/az\\\/section\\\/siyaset\\\/\"},{\"@type\":\"ListItem\",\"position\":3,\"name\":\"\u018fliyev C\u0259nubi Qafqazda yeni reall\u0131qlar\u0131n yarand\u0131\u011f\u0131n\u0131 deyir\"}]},{\"@type\":\"WebSite\",\"@id\":\"https:\\\/\\\/www.meydan.tv\\\/az\\\/#website\",\"url\":\"https:\\\/\\\/www.meydan.tv\\\/az\\\/\",\"name\":\"MEYDAN.TV\",\"description\":\"Meydan TV Az\u0259rbaycan\u0131n media m\u0259kan\u0131ndak\u0131 alternativ s\u0259sidir\",\"publisher\":{\"@id\":\"https:\\\/\\\/www.meydan.tv\\\/az\\\/#organization\"},\"potentialAction\":[{\"@type\":\"SearchAction\",\"target\":{\"@type\":\"EntryPoint\",\"urlTemplate\":\"https:\\\/\\\/www.meydan.tv\\\/az\\\/?s={search_term_string}\"},\"query-input\":{\"@type\":\"PropertyValueSpecification\",\"valueRequired\":true,\"valueName\":\"search_term_string\"}}],\"inLanguage\":\"az\"},{\"@type\":\"Organization\",\"@id\":\"https:\\\/\\\/www.meydan.tv\\\/az\\\/#organization\",\"name\":\"Meydan TV\",\"url\":\"https:\\\/\\\/www.meydan.tv\\\/az\\\/\",\"logo\":{\"@type\":\"ImageObject\",\"inLanguage\":\"az\",\"@id\":\"https:\\\/\\\/www.meydan.tv\\\/az\\\/#\\\/schema\\\/logo\\\/image\\\/\",\"url\":\"https:\\\/\\\/www.meydan.tv\\\/wp-content\\\/uploads\\\/2021\\\/07\\\/meydan-logo.svg\",\"contentUrl\":\"https:\\\/\\\/www.meydan.tv\\\/wp-content\\\/uploads\\\/2021\\\/07\\\/meydan-logo.svg\",\"width\":195,\"height\":46,\"caption\":\"Meydan TV\"},\"image\":{\"@id\":\"https:\\\/\\\/www.meydan.tv\\\/az\\\/#\\\/schema\\\/logo\\\/image\\\/\"}},{\"@type\":\"Person\",\"@id\":\"https:\\\/\\\/www.meydan.tv\\\/az\\\/#\\\/schema\\\/person\\\/9cdbecf90d17180ce1dfbd95b08dcf47\",\"name\":\"elli\",\"sameAs\":[\"https:\\\/\\\/x.com\\\/elli\"]}]}<\/script>\n<!-- \/ Yoast SEO plugin. -->","yoast_head_json":{"title":"\u018fliyev C\u0259nubi Qafqazda yeni reall\u0131qlar\u0131n yarand\u0131\u011f\u0131n\u0131 deyir - MEYDAN.TV","robots":{"index":"index","follow":"follow","max-snippet":"max-snippet:-1","max-image-preview":"max-image-preview:large","max-video-preview":"max-video-preview:-1"},"canonical":"https:\/\/www.meydan.tv\/az\/article\/eliyev-cenubi-qafqazda-yeni-realliqlarin-yarandigini-deyir\/","og_locale":"az_AZ","og_type":"article","og_title":"\u018fliyev C\u0259nubi Qafqazda yeni reall\u0131qlar\u0131n yarand\u0131\u011f\u0131n\u0131 deyir - MEYDAN.TV","og_description":"Az\u0259rbaycan Prezidenti Pia Kaumayla g\u00f6r\u00fc\u015f\u00fcb Az\u0259rbaycan\u0131n d\u00f6vl\u0259t ba\u015f\u00e7\u0131s\u0131 \u0130lham \u018fliyev ... Davam\u0131","og_url":"https:\/\/www.meydan.tv\/az\/article\/eliyev-cenubi-qafqazda-yeni-realliqlarin-yarandigini-deyir\/","og_site_name":"MEYDAN.TV","article_published_time":"2023-11-13T11:43:53+00:00","article_modified_time":"2023-11-13T11:43:57+00:00","og_image":[{"width":1200,"height":608,"url":"https:\/\/www.meydan.tv\/wp-content\/uploads\/2c90b5bd67d4449d036a94233601adf5_6178426.jpg","type":"image\/jpeg"}],"author":"elli","twitter_card":"summary_large_image","twitter_creator":"@elli","schema":{"@context":"https:\/\/schema.org","@graph":[{"@type":"Article","@id":"https:\/\/www.meydan.tv\/az\/article\/eliyev-cenubi-qafqazda-yeni-realliqlarin-yarandigini-deyir\/#article","isPartOf":{"@id":"https:\/\/www.meydan.tv\/az\/article\/eliyev-cenubi-qafqazda-yeni-realliqlarin-yarandigini-deyir\/"},"author":{"name":"elli","@id":"https:\/\/www.meydan.tv\/az\/#\/schema\/person\/9cdbecf90d17180ce1dfbd95b08dcf47"},"headline":"\u018fliyev C\u0259nubi Qafqazda yeni reall\u0131qlar\u0131n yarand\u0131\u011f\u0131n\u0131 deyir","datePublished":"2023-11-13T11:43:53+00:00","dateModified":"2023-11-13T11:43:57+00:00","mainEntityOfPage":{"@id":"https:\/\/www.meydan.tv\/az\/article\/eliyev-cenubi-qafqazda-yeni-realliqlarin-yarandigini-deyir\/"},"wordCount":649,"publisher":{"@id":"https:\/\/www.meydan.tv\/az\/#organization"},"image":{"@id":"https:\/\/www.meydan.tv\/az\/article\/eliyev-cenubi-qafqazda-yeni-realliqlarin-yarandigini-deyir\/#primaryimage"},"thumbnailUrl":"https:\/\/www.meydan.tv\/wp-content\/uploads\/2c90b5bd67d4449d036a94233601adf5_6178426.jpg","articleSection":["Siyas\u0259t","X\u0259b\u0259rl\u0259r"],"inLanguage":"az"},{"@type":"WebPage","@id":"https:\/\/www.meydan.tv\/az\/article\/eliyev-cenubi-qafqazda-yeni-realliqlarin-yarandigini-deyir\/","url":"https:\/\/www.meydan.tv\/az\/article\/eliyev-cenubi-qafqazda-yeni-realliqlarin-yarandigini-deyir\/","name":"\u018fliyev C\u0259nubi Qafqazda yeni reall\u0131qlar\u0131n yarand\u0131\u011f\u0131n\u0131 deyir - MEYDAN.TV","isPartOf":{"@id":"https:\/\/www.meydan.tv\/az\/#website"},"primaryImageOfPage":{"@id":"https:\/\/www.meydan.tv\/az\/article\/eliyev-cenubi-qafqazda-yeni-realliqlarin-yarandigini-deyir\/#primaryimage"},"image":{"@id":"https:\/\/www.meydan.tv\/az\/article\/eliyev-cenubi-qafqazda-yeni-realliqlarin-yarandigini-deyir\/#primaryimage"},"thumbnailUrl":"https:\/\/www.meydan.tv\/wp-content\/uploads\/2c90b5bd67d4449d036a94233601adf5_6178426.jpg","datePublished":"2023-11-13T11:43:53+00:00","dateModified":"2023-11-13T11:43:57+00:00","breadcrumb":{"@id":"https:\/\/www.meydan.tv\/az\/article\/eliyev-cenubi-qafqazda-yeni-realliqlarin-yarandigini-deyir\/#breadcrumb"},"inLanguage":"az","potentialAction":[{"@type":"ReadAction","target":["https:\/\/www.meydan.tv\/az\/article\/eliyev-cenubi-qafqazda-yeni-realliqlarin-yarandigini-deyir\/"]}]},{"@type":"ImageObject","inLanguage":"az","@id":"https:\/\/www.meydan.tv\/az\/article\/eliyev-cenubi-qafqazda-yeni-realliqlarin-yarandigini-deyir\/#primaryimage","url":"https:\/\/www.meydan.tv\/wp-content\/uploads\/2c90b5bd67d4449d036a94233601adf5_6178426.jpg","contentUrl":"https:\/\/www.meydan.tv\/wp-content\/uploads\/2c90b5bd67d4449d036a94233601adf5_6178426.jpg","width":1200,"height":608,"caption":"Foto: president.az"},{"@type":"BreadcrumbList","@id":"https:\/\/www.meydan.tv\/az\/article\/eliyev-cenubi-qafqazda-yeni-realliqlarin-yarandigini-deyir\/#breadcrumb","itemListElement":[{"@type":"ListItem","position":1,"name":"Ana s\u0259hif\u0259","item":"https:\/\/www.meydan.tv\/az\/"},{"@type":"ListItem","position":2,"name":"Siyas\u0259t","item":"https:\/\/www.meydan.tv\/az\/section\/siyaset\/"},{"@type":"ListItem","position":3,"name":"\u018fliyev C\u0259nubi Qafqazda yeni reall\u0131qlar\u0131n yarand\u0131\u011f\u0131n\u0131 deyir"}]},{"@type":"WebSite","@id":"https:\/\/www.meydan.tv\/az\/#website","url":"https:\/\/www.meydan.tv\/az\/","name":"MEYDAN.TV","description":"Meydan TV Az\u0259rbaycan\u0131n media m\u0259kan\u0131ndak\u0131 alternativ s\u0259sidir","publisher":{"@id":"https:\/\/www.meydan.tv\/az\/#organization"},"potentialAction":[{"@type":"SearchAction","target":{"@type":"EntryPoint","urlTemplate":"https:\/\/www.meydan.tv\/az\/?s={search_term_string}"},"query-input":{"@type":"PropertyValueSpecification","valueRequired":true,"valueName":"search_term_string"}}],"inLanguage":"az"},{"@type":"Organization","@id":"https:\/\/www.meydan.tv\/az\/#organization","name":"Meydan TV","url":"https:\/\/www.meydan.tv\/az\/","logo":{"@type":"ImageObject","inLanguage":"az","@id":"https:\/\/www.meydan.tv\/az\/#\/schema\/logo\/image\/","url":"https:\/\/www.meydan.tv\/wp-content\/uploads\/2021\/07\/meydan-logo.svg","contentUrl":"https:\/\/www.meydan.tv\/wp-content\/uploads\/2021\/07\/meydan-logo.svg","width":195,"height":46,"caption":"Meydan TV"},"image":{"@id":"https:\/\/www.meydan.tv\/az\/#\/schema\/logo\/image\/"}},{"@type":"Person","@id":"https:\/\/www.meydan.tv\/az\/#\/schema\/person\/9cdbecf90d17180ce1dfbd95b08dcf47","name":"elli","sameAs":["https:\/\/x.com\/elli"]}]}},"_links":{"self":[{"href":"https:\/\/www.meydan.tv\/az\/wp-json\/wp\/v2\/posts\/290204","targetHints":{"allow":["GET"]}}],"collection":[{"href":"https:\/\/www.meydan.tv\/az\/wp-json\/wp\/v2\/posts"}],"about":[{"href":"https:\/\/www.meydan.tv\/az\/wp-json\/wp\/v2\/types\/post"}],"author":[{"embeddable":true,"href":"https:\/\/www.meydan.tv\/az\/wp-json\/wp\/v2\/users\/8"}],"replies":[{"embeddable":true,"href":"https:\/\/www.meydan.tv\/az\/wp-json\/wp\/v2\/comments?post=290204"}],"version-history":[{"count":3,"href":"https:\/\/www.meydan.tv\/az\/wp-json\/wp\/v2\/posts\/290204\/revisions"}],"predecessor-version":[{"id":290208,"href":"https:\/\/www.meydan.tv\/az\/wp-json\/wp\/v2\/posts\/290204\/revisions\/290208"}],"wp:featuredmedia":[{"embeddable":true,"href":"https:\/\/www.meydan.tv\/az\/wp-json\/wp\/v2\/media\/290201"}],"wp:attachment":[{"href":"https:\/\/www.meydan.tv\/az\/wp-json\/wp\/v2\/media?parent=290204"}],"wp:term":[{"taxonomy":"category","embeddable":true,"href":"https:\/\/www.meydan.tv\/az\/wp-json\/wp\/v2\/categories?post=290204"},{"taxonomy":"post_tag","embeddable":true,"href":"https:\/\/www.meydan.tv\/az\/wp-json\/wp\/v2\/tags?post=290204"}],"curies":[{"name":"wp","href":"https:\/\/api.w.org\/{rel}","templated":true}]}}