{"id":290179,"date":"2023-11-13T12:38:05","date_gmt":"2023-11-13T08:38:05","guid":{"rendered":"https:\/\/www.meydan.tv\/?p=290179"},"modified":"2023-11-13T17:23:29","modified_gmt":"2023-11-13T13:23:29","slug":"azerbaycan-turkiyenin-zelzele-bolgesinde-tikinti-aparacaq","status":"publish","type":"post","link":"https:\/\/www.meydan.tv\/az\/article\/azerbaycan-turkiyenin-zelzele-bolgesinde-tikinti-aparacaq\/","title":{"rendered":"Az\u0259rbaycan T\u00fcrkiy\u0259nin z\u0259lz\u0259l\u0259 b\u00f6lg\u0259sind\u0259 tikinti aparacaq"},"content":{"rendered":"\n<figure class=\"wp-block-embed is-type-video is-provider-youtube wp-block-embed-youtube wp-embed-aspect-16-9 wp-has-aspect-ratio\"><div class=\"wp-block-embed__wrapper\">\n<iframe title=\"Az\u0259rbaycan T\u00fcrkiy\u0259nin z\u0259lz\u0259l\u0259 b\u00f6lg\u0259sind\u0259 tikinti aparacaq\" width=\"1200\" height=\"675\" data-src=\"https:\/\/www.youtube.com\/embed\/VBbRY-AQdN8?feature=oembed\" frameborder=\"0\" allow=\"accelerometer; autoplay; clipboard-write; encrypted-media; gyroscope; picture-in-picture; web-share\" allowfullscreen src=\"data:image\/svg+xml;base64,PHN2ZyB3aWR0aD0iMSIgaGVpZ2h0PSIxIiB4bWxucz0iaHR0cDovL3d3dy53My5vcmcvMjAwMC9zdmciPjwvc3ZnPg==\" class=\"lazyload\" data-load-mode=\"1\"><\/iframe>\n<\/div><\/figure>\n\n\n\n<p><strong><em>Bunun \u00fc\u00e7\u00fcn 100 milyon dollar x\u0259rcl\u0259nm\u0259si n\u0259z\u0259rd\u0259 tutulub<\/em><\/strong><\/p>\n\n\n\n<p>Az\u0259rbaycan T\u00fcrkiy\u0259nin z\u0259lz\u0259l\u0259d\u0259n z\u0259r\u0259r g\u00f6r\u0259n b\u00f6lg\u0259si Kahramanmara\u015fda ya\u015fay\u0131\u015f m\u0259nzill\u0259ri, m\u0259kt\u0259b, ba\u011f\u00e7a, m\u0259d\u0259niyy\u0259t m\u0259rk\u0259zi tik\u0259c\u0259k.<\/p>\n\n\n\n<p>Bunun \u00fc\u00e7\u00fcn 100 milyon dollar x\u0259rcl\u0259y\u0259c\u0259yi qeyd edilib.<\/p>\n\n\n\n<p>Bu bar\u0259d\u0259 T\u00fcrkiy\u0259nin \u201cResmi Gazete\u201d n\u0259\u015fri yaz\u0131b. M\u0259tbu orqan h\u0259m\u00e7inin, tikinti il\u0259 ba\u011fl\u0131 T\u00fcrkiy\u0259 v\u0259 Az\u0259rbaycan aras\u0131nda sentyabr\u0131n 25-d\u0259 Nax\u00e7\u0131vanda imzalanan raz\u0131la\u015fman\u0131n m\u0259tnini d\u0259 d\u0259rc <a href=\"https:\/\/www.resmigazete.gov.tr\/eskiler\/2023\/11\/20231111-8.pdf\">edib<\/a>.<\/p>\n\n\n\n<p>T\u00fcrkiy\u0259nin Kahramanmara\u015f b\u00f6lg\u0259sind\u0259 2023-c\u00fc il fevral\u0131n 6-da birincisi 7.7, ikincisi 7.6 bal g\u00fcc\u00fcnd\u0259 ard-arda iki z\u0259lz\u0259l\u0259 ba\u015f verib.<\/p>\n\n\n\n<p>Birinin episentiri Pazarc\u0131k, dig\u0259rinin Elbistan olan z\u0259lz\u0259l\u0259l\u0259r Hatay, Qaziantep, Osmaniye, Malatya, Adana, Diyarbek\u0131r, \u015eanl\u0131urfa, Ad\u0131yaman v\u0259 Kilisi sars\u0131d\u0131b. Minl\u0259rl\u0259 ev da\u011f\u0131l\u0131b v\u0259 on minl\u0259rl\u0259 insan h\u0259lak olub.<\/p>\n\n\n\n<p>S\u0259n\u0259dd\u0259 qeyd edilir ki, bu \u0259m\u0259kda\u015fl\u0131q sazi\u015fini T\u00fcrkiy\u0259 t\u0259r\u0259fd\u0259n T\u00fcrkiy\u0259nin \u018ftraf, \u015e\u0259h\u0259rsalma v\u0259 \u0130qlim d\u0259yi\u015fikliyi Nazirliyinin M\u0259nzil \u0130nki\u015faf \u0130dar\u0259si (TOK\u0130), Az\u0259rbaycan t\u0259r\u0259fd\u0259n is\u0259 M\u0259nzil \u0130n\u015faat\u0131 D\u00f6vl\u0259t Agentliyi (M\u0130DA) h\u0259yata ke\u00e7ir\u0259c\u0259k.<\/p>\n\n\n\n<p>M\u0259lumatda h\u0259m\u00e7inin, qeyd edilir ki, bu iki qurum m\u0259sul \u015f\u0259xsl\u0259rd\u0259n ibar\u0259t \u0130\u015f\u00e7i qrup formala\u015fd\u0131racaq. H\u0259min qrup layih\u0259ni n\u0259z\u0259rd\u0259 tutulan vaxt \u00e7\u0259r\u00e7iv\u0259sind\u0259 bitirm\u0259k v\u0259 i\u015f prosesind\u0259 yarana bil\u0259c\u0259k t\u0259\u015fkilati v\u0259 h\u00fcquqi problemleri aradan qald\u0131rmaq \u00fc\u00e7\u00fcn birg\u0259 \u00e7al\u0131\u015facaqlar.<\/p>\n\n\n\n<p>Layih\u0259 m\u00fcdd\u0259ti \u00fc\u00e7\u00fcn 2 il n\u0259z\u0259rd\u0259 tutulub.<\/p>\n\n\n\n<p>S\u0259n\u0259di Az\u0259rbaycan t\u0259r\u0259fd\u0259n D\u00f6vl\u0259t \u015e\u0259h\u0259rsalma v\u0259 Arxitektura Komit\u0259sinin s\u0259dri Anar Quliyev, T\u00fcrkiy\u0259 t\u0259r\u0259fd\u0259n \u0259traf, \u015f\u0259h\u0259rsalma v\u0259 iqlim d\u0259yi\u015fikliyi naziri Mehmet \u00d6zhaseki imzalay\u0131b.<\/p>\n","protected":false},"excerpt":{"rendered":"<p>Bunun \u00fc\u00e7\u00fcn 100 milyon dollar x\u0259rcl\u0259nm\u0259si n\u0259z\u0259rd\u0259 tutulub Az\u0259rbaycan T\u00fcrkiy\u0259nin &#8230; <\/p>\n<p class=\"read-more-container\"><a title=\"Az\u0259rbaycan T\u00fcrkiy\u0259nin z\u0259lz\u0259l\u0259 b\u00f6lg\u0259sind\u0259 tikinti aparacaq\" class=\"read-more button\" href=\"https:\/\/www.meydan.tv\/az\/article\/azerbaycan-turkiyenin-zelzele-bolgesinde-tikinti-aparacaq\/#more-290179\" aria-label=\"Read more about Az\u0259rbaycan T\u00fcrkiy\u0259nin z\u0259lz\u0259l\u0259 b\u00f6lg\u0259sind\u0259 tikinti aparacaq\">Davam\u0131<\/a><\/p>\n","protected":false},"author":8,"featured_media":268091,"comment_status":"closed","ping_status":"closed","sticky":false,"template":"","format":"standard","meta":{"_acf_changed":false,"_sitemap_exclude":false,"_sitemap_priority":"","_sitemap_frequency":"","footnotes":""},"categories":[62,63,56],"tags":[],"class_list":["post-290179","post","type-post","status-publish","format-standard","has-post-thumbnail","hentry","category-sosial","category-video-2","category-xeberler","infinite-scroll-item","generate-columns","tablet-grid-50","mobile-grid-100","grid-parent","grid-33","no-featured-image-padding"],"acf":[],"yoast_head":"<!-- This site is optimized with the Yoast SEO plugin v27.4 - https:\/\/yoast.com\/product\/yoast-seo-wordpress\/ -->\n<title>Az\u0259rbaycan T\u00fcrkiy\u0259nin z\u0259lz\u0259l\u0259 b\u00f6lg\u0259sind\u0259 tikinti aparacaq - MEYDAN.TV<\/title>\n<meta name=\"robots\" content=\"index, follow, max-snippet:-1, max-image-preview:large, max-video-preview:-1\" \/>\n<link rel=\"canonical\" href=\"https:\/\/www.meydan.tv\/az\/article\/azerbaycan-turkiyenin-zelzele-bolgesinde-tikinti-aparacaq\/\" \/>\n<meta property=\"og:locale\" content=\"az_AZ\" \/>\n<meta property=\"og:type\" content=\"article\" \/>\n<meta property=\"og:title\" content=\"Az\u0259rbaycan T\u00fcrkiy\u0259nin z\u0259lz\u0259l\u0259 b\u00f6lg\u0259sind\u0259 tikinti aparacaq - MEYDAN.TV\" \/>\n<meta property=\"og:description\" content=\"Bunun \u00fc\u00e7\u00fcn 100 milyon dollar x\u0259rcl\u0259nm\u0259si n\u0259z\u0259rd\u0259 tutulub Az\u0259rbaycan T\u00fcrkiy\u0259nin ... Davam\u0131\" \/>\n<meta property=\"og:url\" content=\"https:\/\/www.meydan.tv\/az\/article\/azerbaycan-turkiyenin-zelzele-bolgesinde-tikinti-aparacaq\/\" \/>\n<meta property=\"og:site_name\" content=\"MEYDAN.TV\" \/>\n<meta property=\"article:published_time\" content=\"2023-11-13T08:38:05+00:00\" \/>\n<meta property=\"article:modified_time\" content=\"2023-11-13T13:23:29+00:00\" \/>\n<meta property=\"og:image\" content=\"https:\/\/www.meydan.tv\/wp-content\/uploads\/untitled-design-4-59.jpg\" \/>\n\t<meta property=\"og:image:width\" content=\"1200\" \/>\n\t<meta property=\"og:image:height\" content=\"800\" \/>\n\t<meta property=\"og:image:type\" content=\"image\/jpeg\" \/>\n<meta name=\"author\" content=\"elli\" \/>\n<meta name=\"twitter:card\" content=\"summary_large_image\" \/>\n<meta name=\"twitter:creator\" content=\"@elli\" \/>\n<script type=\"application\/ld+json\" class=\"yoast-schema-graph\">{\"@context\":\"https:\\\/\\\/schema.org\",\"@graph\":[{\"@type\":\"Article\",\"@id\":\"https:\\\/\\\/www.meydan.tv\\\/az\\\/article\\\/azerbaycan-turkiyenin-zelzele-bolgesinde-tikinti-aparacaq\\\/#article\",\"isPartOf\":{\"@id\":\"https:\\\/\\\/www.meydan.tv\\\/az\\\/article\\\/azerbaycan-turkiyenin-zelzele-bolgesinde-tikinti-aparacaq\\\/\"},\"author\":{\"name\":\"elli\",\"@id\":\"https:\\\/\\\/www.meydan.tv\\\/az\\\/#\\\/schema\\\/person\\\/9cdbecf90d17180ce1dfbd95b08dcf47\"},\"headline\":\"Az\u0259rbaycan T\u00fcrkiy\u0259nin z\u0259lz\u0259l\u0259 b\u00f6lg\u0259sind\u0259 tikinti aparacaq\",\"datePublished\":\"2023-11-13T08:38:05+00:00\",\"dateModified\":\"2023-11-13T13:23:29+00:00\",\"mainEntityOfPage\":{\"@id\":\"https:\\\/\\\/www.meydan.tv\\\/az\\\/article\\\/azerbaycan-turkiyenin-zelzele-bolgesinde-tikinti-aparacaq\\\/\"},\"wordCount\":364,\"publisher\":{\"@id\":\"https:\\\/\\\/www.meydan.tv\\\/az\\\/#organization\"},\"image\":{\"@id\":\"https:\\\/\\\/www.meydan.tv\\\/az\\\/article\\\/azerbaycan-turkiyenin-zelzele-bolgesinde-tikinti-aparacaq\\\/#primaryimage\"},\"thumbnailUrl\":\"https:\\\/\\\/www.meydan.tv\\\/wp-content\\\/uploads\\\/untitled-design-4-59.jpg\",\"articleSection\":[\"Sosial\",\"Video\",\"X\u0259b\u0259rl\u0259r\"],\"inLanguage\":\"az\"},{\"@type\":\"WebPage\",\"@id\":\"https:\\\/\\\/www.meydan.tv\\\/az\\\/article\\\/azerbaycan-turkiyenin-zelzele-bolgesinde-tikinti-aparacaq\\\/\",\"url\":\"https:\\\/\\\/www.meydan.tv\\\/az\\\/article\\\/azerbaycan-turkiyenin-zelzele-bolgesinde-tikinti-aparacaq\\\/\",\"name\":\"Az\u0259rbaycan T\u00fcrkiy\u0259nin z\u0259lz\u0259l\u0259 b\u00f6lg\u0259sind\u0259 tikinti aparacaq - MEYDAN.TV\",\"isPartOf\":{\"@id\":\"https:\\\/\\\/www.meydan.tv\\\/az\\\/#website\"},\"primaryImageOfPage\":{\"@id\":\"https:\\\/\\\/www.meydan.tv\\\/az\\\/article\\\/azerbaycan-turkiyenin-zelzele-bolgesinde-tikinti-aparacaq\\\/#primaryimage\"},\"image\":{\"@id\":\"https:\\\/\\\/www.meydan.tv\\\/az\\\/article\\\/azerbaycan-turkiyenin-zelzele-bolgesinde-tikinti-aparacaq\\\/#primaryimage\"},\"thumbnailUrl\":\"https:\\\/\\\/www.meydan.tv\\\/wp-content\\\/uploads\\\/untitled-design-4-59.jpg\",\"datePublished\":\"2023-11-13T08:38:05+00:00\",\"dateModified\":\"2023-11-13T13:23:29+00:00\",\"breadcrumb\":{\"@id\":\"https:\\\/\\\/www.meydan.tv\\\/az\\\/article\\\/azerbaycan-turkiyenin-zelzele-bolgesinde-tikinti-aparacaq\\\/#breadcrumb\"},\"inLanguage\":\"az\",\"potentialAction\":[{\"@type\":\"ReadAction\",\"target\":[\"https:\\\/\\\/www.meydan.tv\\\/az\\\/article\\\/azerbaycan-turkiyenin-zelzele-bolgesinde-tikinti-aparacaq\\\/\"]}]},{\"@type\":\"ImageObject\",\"inLanguage\":\"az\",\"@id\":\"https:\\\/\\\/www.meydan.tv\\\/az\\\/article\\\/azerbaycan-turkiyenin-zelzele-bolgesinde-tikinti-aparacaq\\\/#primaryimage\",\"url\":\"https:\\\/\\\/www.meydan.tv\\\/wp-content\\\/uploads\\\/untitled-design-4-59.jpg\",\"contentUrl\":\"https:\\\/\\\/www.meydan.tv\\\/wp-content\\\/uploads\\\/untitled-design-4-59.jpg\",\"width\":1200,\"height\":800,\"caption\":\"Kahramanmara\u015f. Foto: \u018fziz Elxano\u011flu\"},{\"@type\":\"BreadcrumbList\",\"@id\":\"https:\\\/\\\/www.meydan.tv\\\/az\\\/article\\\/azerbaycan-turkiyenin-zelzele-bolgesinde-tikinti-aparacaq\\\/#breadcrumb\",\"itemListElement\":[{\"@type\":\"ListItem\",\"position\":1,\"name\":\"Ana s\u0259hif\u0259\",\"item\":\"https:\\\/\\\/www.meydan.tv\\\/az\\\/\"},{\"@type\":\"ListItem\",\"position\":2,\"name\":\"Sosial\",\"item\":\"https:\\\/\\\/www.meydan.tv\\\/az\\\/section\\\/sosial\\\/\"},{\"@type\":\"ListItem\",\"position\":3,\"name\":\"Az\u0259rbaycan T\u00fcrkiy\u0259nin z\u0259lz\u0259l\u0259 b\u00f6lg\u0259sind\u0259 tikinti aparacaq\"}]},{\"@type\":\"WebSite\",\"@id\":\"https:\\\/\\\/www.meydan.tv\\\/az\\\/#website\",\"url\":\"https:\\\/\\\/www.meydan.tv\\\/az\\\/\",\"name\":\"MEYDAN.TV\",\"description\":\"Meydan TV Az\u0259rbaycan\u0131n media m\u0259kan\u0131ndak\u0131 alternativ s\u0259sidir\",\"publisher\":{\"@id\":\"https:\\\/\\\/www.meydan.tv\\\/az\\\/#organization\"},\"potentialAction\":[{\"@type\":\"SearchAction\",\"target\":{\"@type\":\"EntryPoint\",\"urlTemplate\":\"https:\\\/\\\/www.meydan.tv\\\/az\\\/?s={search_term_string}\"},\"query-input\":{\"@type\":\"PropertyValueSpecification\",\"valueRequired\":true,\"valueName\":\"search_term_string\"}}],\"inLanguage\":\"az\"},{\"@type\":\"Organization\",\"@id\":\"https:\\\/\\\/www.meydan.tv\\\/az\\\/#organization\",\"name\":\"Meydan TV\",\"url\":\"https:\\\/\\\/www.meydan.tv\\\/az\\\/\",\"logo\":{\"@type\":\"ImageObject\",\"inLanguage\":\"az\",\"@id\":\"https:\\\/\\\/www.meydan.tv\\\/az\\\/#\\\/schema\\\/logo\\\/image\\\/\",\"url\":\"https:\\\/\\\/www.meydan.tv\\\/wp-content\\\/uploads\\\/2021\\\/07\\\/meydan-logo.svg\",\"contentUrl\":\"https:\\\/\\\/www.meydan.tv\\\/wp-content\\\/uploads\\\/2021\\\/07\\\/meydan-logo.svg\",\"width\":195,\"height\":46,\"caption\":\"Meydan TV\"},\"image\":{\"@id\":\"https:\\\/\\\/www.meydan.tv\\\/az\\\/#\\\/schema\\\/logo\\\/image\\\/\"}},{\"@type\":\"Person\",\"@id\":\"https:\\\/\\\/www.meydan.tv\\\/az\\\/#\\\/schema\\\/person\\\/9cdbecf90d17180ce1dfbd95b08dcf47\",\"name\":\"elli\",\"sameAs\":[\"https:\\\/\\\/x.com\\\/elli\"]}]}<\/script>\n<!-- \/ Yoast SEO plugin. -->","yoast_head_json":{"title":"Az\u0259rbaycan T\u00fcrkiy\u0259nin z\u0259lz\u0259l\u0259 b\u00f6lg\u0259sind\u0259 tikinti aparacaq - MEYDAN.TV","robots":{"index":"index","follow":"follow","max-snippet":"max-snippet:-1","max-image-preview":"max-image-preview:large","max-video-preview":"max-video-preview:-1"},"canonical":"https:\/\/www.meydan.tv\/az\/article\/azerbaycan-turkiyenin-zelzele-bolgesinde-tikinti-aparacaq\/","og_locale":"az_AZ","og_type":"article","og_title":"Az\u0259rbaycan T\u00fcrkiy\u0259nin z\u0259lz\u0259l\u0259 b\u00f6lg\u0259sind\u0259 tikinti aparacaq - MEYDAN.TV","og_description":"Bunun \u00fc\u00e7\u00fcn 100 milyon dollar x\u0259rcl\u0259nm\u0259si n\u0259z\u0259rd\u0259 tutulub Az\u0259rbaycan T\u00fcrkiy\u0259nin ... Davam\u0131","og_url":"https:\/\/www.meydan.tv\/az\/article\/azerbaycan-turkiyenin-zelzele-bolgesinde-tikinti-aparacaq\/","og_site_name":"MEYDAN.TV","article_published_time":"2023-11-13T08:38:05+00:00","article_modified_time":"2023-11-13T13:23:29+00:00","og_image":[{"width":1200,"height":800,"url":"https:\/\/www.meydan.tv\/wp-content\/uploads\/untitled-design-4-59.jpg","type":"image\/jpeg"}],"author":"elli","twitter_card":"summary_large_image","twitter_creator":"@elli","schema":{"@context":"https:\/\/schema.org","@graph":[{"@type":"Article","@id":"https:\/\/www.meydan.tv\/az\/article\/azerbaycan-turkiyenin-zelzele-bolgesinde-tikinti-aparacaq\/#article","isPartOf":{"@id":"https:\/\/www.meydan.tv\/az\/article\/azerbaycan-turkiyenin-zelzele-bolgesinde-tikinti-aparacaq\/"},"author":{"name":"elli","@id":"https:\/\/www.meydan.tv\/az\/#\/schema\/person\/9cdbecf90d17180ce1dfbd95b08dcf47"},"headline":"Az\u0259rbaycan T\u00fcrkiy\u0259nin z\u0259lz\u0259l\u0259 b\u00f6lg\u0259sind\u0259 tikinti aparacaq","datePublished":"2023-11-13T08:38:05+00:00","dateModified":"2023-11-13T13:23:29+00:00","mainEntityOfPage":{"@id":"https:\/\/www.meydan.tv\/az\/article\/azerbaycan-turkiyenin-zelzele-bolgesinde-tikinti-aparacaq\/"},"wordCount":364,"publisher":{"@id":"https:\/\/www.meydan.tv\/az\/#organization"},"image":{"@id":"https:\/\/www.meydan.tv\/az\/article\/azerbaycan-turkiyenin-zelzele-bolgesinde-tikinti-aparacaq\/#primaryimage"},"thumbnailUrl":"https:\/\/www.meydan.tv\/wp-content\/uploads\/untitled-design-4-59.jpg","articleSection":["Sosial","Video","X\u0259b\u0259rl\u0259r"],"inLanguage":"az"},{"@type":"WebPage","@id":"https:\/\/www.meydan.tv\/az\/article\/azerbaycan-turkiyenin-zelzele-bolgesinde-tikinti-aparacaq\/","url":"https:\/\/www.meydan.tv\/az\/article\/azerbaycan-turkiyenin-zelzele-bolgesinde-tikinti-aparacaq\/","name":"Az\u0259rbaycan T\u00fcrkiy\u0259nin z\u0259lz\u0259l\u0259 b\u00f6lg\u0259sind\u0259 tikinti aparacaq - MEYDAN.TV","isPartOf":{"@id":"https:\/\/www.meydan.tv\/az\/#website"},"primaryImageOfPage":{"@id":"https:\/\/www.meydan.tv\/az\/article\/azerbaycan-turkiyenin-zelzele-bolgesinde-tikinti-aparacaq\/#primaryimage"},"image":{"@id":"https:\/\/www.meydan.tv\/az\/article\/azerbaycan-turkiyenin-zelzele-bolgesinde-tikinti-aparacaq\/#primaryimage"},"thumbnailUrl":"https:\/\/www.meydan.tv\/wp-content\/uploads\/untitled-design-4-59.jpg","datePublished":"2023-11-13T08:38:05+00:00","dateModified":"2023-11-13T13:23:29+00:00","breadcrumb":{"@id":"https:\/\/www.meydan.tv\/az\/article\/azerbaycan-turkiyenin-zelzele-bolgesinde-tikinti-aparacaq\/#breadcrumb"},"inLanguage":"az","potentialAction":[{"@type":"ReadAction","target":["https:\/\/www.meydan.tv\/az\/article\/azerbaycan-turkiyenin-zelzele-bolgesinde-tikinti-aparacaq\/"]}]},{"@type":"ImageObject","inLanguage":"az","@id":"https:\/\/www.meydan.tv\/az\/article\/azerbaycan-turkiyenin-zelzele-bolgesinde-tikinti-aparacaq\/#primaryimage","url":"https:\/\/www.meydan.tv\/wp-content\/uploads\/untitled-design-4-59.jpg","contentUrl":"https:\/\/www.meydan.tv\/wp-content\/uploads\/untitled-design-4-59.jpg","width":1200,"height":800,"caption":"Kahramanmara\u015f. Foto: \u018fziz Elxano\u011flu"},{"@type":"BreadcrumbList","@id":"https:\/\/www.meydan.tv\/az\/article\/azerbaycan-turkiyenin-zelzele-bolgesinde-tikinti-aparacaq\/#breadcrumb","itemListElement":[{"@type":"ListItem","position":1,"name":"Ana s\u0259hif\u0259","item":"https:\/\/www.meydan.tv\/az\/"},{"@type":"ListItem","position":2,"name":"Sosial","item":"https:\/\/www.meydan.tv\/az\/section\/sosial\/"},{"@type":"ListItem","position":3,"name":"Az\u0259rbaycan T\u00fcrkiy\u0259nin z\u0259lz\u0259l\u0259 b\u00f6lg\u0259sind\u0259 tikinti aparacaq"}]},{"@type":"WebSite","@id":"https:\/\/www.meydan.tv\/az\/#website","url":"https:\/\/www.meydan.tv\/az\/","name":"MEYDAN.TV","description":"Meydan TV Az\u0259rbaycan\u0131n media m\u0259kan\u0131ndak\u0131 alternativ s\u0259sidir","publisher":{"@id":"https:\/\/www.meydan.tv\/az\/#organization"},"potentialAction":[{"@type":"SearchAction","target":{"@type":"EntryPoint","urlTemplate":"https:\/\/www.meydan.tv\/az\/?s={search_term_string}"},"query-input":{"@type":"PropertyValueSpecification","valueRequired":true,"valueName":"search_term_string"}}],"inLanguage":"az"},{"@type":"Organization","@id":"https:\/\/www.meydan.tv\/az\/#organization","name":"Meydan TV","url":"https:\/\/www.meydan.tv\/az\/","logo":{"@type":"ImageObject","inLanguage":"az","@id":"https:\/\/www.meydan.tv\/az\/#\/schema\/logo\/image\/","url":"https:\/\/www.meydan.tv\/wp-content\/uploads\/2021\/07\/meydan-logo.svg","contentUrl":"https:\/\/www.meydan.tv\/wp-content\/uploads\/2021\/07\/meydan-logo.svg","width":195,"height":46,"caption":"Meydan TV"},"image":{"@id":"https:\/\/www.meydan.tv\/az\/#\/schema\/logo\/image\/"}},{"@type":"Person","@id":"https:\/\/www.meydan.tv\/az\/#\/schema\/person\/9cdbecf90d17180ce1dfbd95b08dcf47","name":"elli","sameAs":["https:\/\/x.com\/elli"]}]}},"_links":{"self":[{"href":"https:\/\/www.meydan.tv\/az\/wp-json\/wp\/v2\/posts\/290179","targetHints":{"allow":["GET"]}}],"collection":[{"href":"https:\/\/www.meydan.tv\/az\/wp-json\/wp\/v2\/posts"}],"about":[{"href":"https:\/\/www.meydan.tv\/az\/wp-json\/wp\/v2\/types\/post"}],"author":[{"embeddable":true,"href":"https:\/\/www.meydan.tv\/az\/wp-json\/wp\/v2\/users\/8"}],"replies":[{"embeddable":true,"href":"https:\/\/www.meydan.tv\/az\/wp-json\/wp\/v2\/comments?post=290179"}],"version-history":[{"count":4,"href":"https:\/\/www.meydan.tv\/az\/wp-json\/wp\/v2\/posts\/290179\/revisions"}],"predecessor-version":[{"id":290252,"href":"https:\/\/www.meydan.tv\/az\/wp-json\/wp\/v2\/posts\/290179\/revisions\/290252"}],"wp:featuredmedia":[{"embeddable":true,"href":"https:\/\/www.meydan.tv\/az\/wp-json\/wp\/v2\/media\/268091"}],"wp:attachment":[{"href":"https:\/\/www.meydan.tv\/az\/wp-json\/wp\/v2\/media?parent=290179"}],"wp:term":[{"taxonomy":"category","embeddable":true,"href":"https:\/\/www.meydan.tv\/az\/wp-json\/wp\/v2\/categories?post=290179"},{"taxonomy":"post_tag","embeddable":true,"href":"https:\/\/www.meydan.tv\/az\/wp-json\/wp\/v2\/tags?post=290179"}],"curies":[{"name":"wp","href":"https:\/\/api.w.org\/{rel}","templated":true}]}}