{"id":290113,"date":"2023-11-12T10:30:23","date_gmt":"2023-11-12T06:30:23","guid":{"rendered":"https:\/\/www.meydan.tv\/?p=290113"},"modified":"2023-11-12T10:30:26","modified_gmt":"2023-11-12T06:30:26","slug":"nizami-rayonunun-sakinleri-narahatdir-yasilliq-erazide-tikinti-baslayib","status":"publish","type":"post","link":"https:\/\/www.meydan.tv\/az\/article\/nizami-rayonunun-sakinleri-narahatdir-yasilliq-erazide-tikinti-baslayib\/","title":{"rendered":"Nizami rayonunun sakinl\u0259ri narahatd\u0131r: Ya\u015f\u0131ll\u0131q \u0259razid\u0259 tikinti ba\u015flay\u0131b"},"content":{"rendered":"\n<p><\/p>\n\n\n\n<p><strong><em>Sakinl\u0259rin 102 xidm\u0259tin\u0259 \u015fikay\u0259tind\u0259n sonra \u0259raziy\u0259 g\u0259l\u0259n polisl\u0259r tikintini dayand\u0131r\u0131blar<\/em><\/strong><\/p>\n\n\n\n<p>Paytaxtn Nizami rayonu, El\u015f\u0259n S\u00fcleymanov k\u00fc\u00e7\u0259si 72 A \u00fcnvan\u0131nda, bir ne\u00e7\u0259 binan\u0131n v\u0259 220 sayl\u0131 m\u0259kt\u0259bin \u0259hat\u0259sind\u0259 yerl\u0259\u015f\u0259n ya\u015f\u0131ll\u0131q \u0259razisi hasara al\u0131naraq, tikinti i\u015fl\u0259rin\u0259 ba\u015flan\u0131l\u0131b.<\/p>\n\n\n\n<p>Bu bar\u0259d\u0259 Meydan TV-y\u0259 yax\u0131nl\u0131qdak\u0131 binan\u0131n sakinl\u0259ri m\u0259lumat veribl\u0259r. Sakinl\u0259rd\u0259n Orxan Babayev bildirib ki, ya\u015f\u0131ll\u0131q \u0259razisind\u0259 hans\u0131sa obyektin tikil\u0259c\u0259yi g\u00f6zl\u0259nilir. \u00c7\u00fcnki tikinti i\u015fl\u0259rin\u0259 bayram g\u00fcnl\u0259rind\u0259 ba\u015flan\u0131l\u0131b. \u018frazid\u0259 hans\u0131sa obyektin tikintisi x\u00fcsusil\u0259 m\u0259kt\u0259blil\u0259rin gedi\u015f-g\u0259li\u015fin\u0259 mane olacaq.<\/p>\n\n\n\n<p>Sakinl\u0259rin s\u00f6zl\u0259rin\u0259 g\u00f6r\u0259, yax\u0131nl\u0131qdak\u0131 yeni tikilid\u0259 ev alark\u0259n onlara ya\u015f\u0131ll\u0131q \u0259razisind\u0259 park sal\u0131naca\u011f\u0131, sakinl\u0259rin h\u0259min \u0259razid\u0259 istirah\u0259ti \u00fc\u00e7\u00fcn \u015f\u0259rait yarad\u0131laca\u011f\u0131 v\u0259d olunub.<\/p>\n\n\n\n<p><em>\u201cD\u0259rs \u00e7\u0131x\u0131\u015f\u0131nda m\u0259kt\u0259bin \u0259traf\u0131nda s\u0131xl\u0131q yaran\u0131r, az qala yolun ortas\u0131nda avtomobill\u0259r park edilir. Hans\u0131sa obyekt, kafe, yaxud restoran tikil\u0259nd\u0259n sonra \u00fcmumiyy\u0259tl\u0259, saatlarla s\u0131xl\u0131q olacaq. Valideynl\u0259rin \u00e7oxu parkdan ke\u00e7\u0259r\u0259k m\u0259kt\u0259b\u0259 u\u015faq yola sal\u0131rlar\u201d,<\/em>-sakinl\u0259r bildiribl\u0259r.<\/p>\n\n\n\n<figure class=\"wp-block-image size-large\"><img decoding=\"async\" width=\"1200\" height=\"675\" data-src=\"https:\/\/www.meydan.tv\/wp-content\/uploads\/untitled-design-3-127-1200x675.jpg\" alt=\"\" class=\"wp-image-290107 lazyload\" src=\"data:image\/svg+xml;base64,PHN2ZyB3aWR0aD0iMSIgaGVpZ2h0PSIxIiB4bWxucz0iaHR0cDovL3d3dy53My5vcmcvMjAwMC9zdmciPjwvc3ZnPg==\" style=\"--smush-placeholder-width: 1200px; --smush-placeholder-aspect-ratio: 1200\/675;\" \/><\/figure>\n\n\n\n<p>\u015eikay\u0259t\u00e7il\u0259r \u0259razi polis b\u00f6lm\u0259sin\u0259 v\u0259 102 xidm\u0259tin\u0259 \u015fikay\u0259t ed\u0259nd\u0259n sonra \u0259raziy\u0259 g\u0259l\u0259n polisl\u0259r tikintini dayand\u0131r\u0131blar. Bundan sonra park\u0131n giri\u015fin\u0259 u\u015faq park\u0131 sal\u0131naca\u011f\u0131na dair elan yerl\u0259\u015fdirilib. Lakin sakinl\u0259r bunun do\u011fru olmad\u0131\u011f\u0131na inan\u0131rlar: <\/p>\n\n\n\n<p><em>\u201cNizami, X\u0259tai rayon \u0259razisind\u0259 yol k\u0259narlar\u0131n\u0131n, yol ayr\u0131clar\u0131n\u0131n, ya\u015f\u0131ll\u0131q \u0259razil\u0259rinin m\u00fcxt\u0259lif sosial layih\u0259 ad\u0131na z\u0259bt edil\u0259r\u0259k yerind\u0259 kafe, restoran tikilm\u0259sin\u0259 dair onlarla faktlar var, m\u0259tbuat yaz\u0131b. \u00d6z balkonunda tikinti aparmaq ist\u0259y\u0259n kimi y\u00fcz yerd\u0259n t\u00f6k\u00fcl\u00fcb g\u0259lirl\u0259r. Nec\u0259 olur ki, bu boyda tikinti gedir, maraqlanan yoxdur\u201d.<\/em><\/p>\n\n\n\n<p>D\u00f6vl\u0259t \u015e\u0259h\u0259rsalma v\u0259 Arxitektura Komit\u0259si yan\u0131nda Bak\u0131 \u015e\u0259h\u0259r Memarl\u0131q v\u0259 \u015e\u0259h\u0259rsalma Ba\u015f \u0130dar\u0259sind\u0259n is\u0259 bildirilib ki, Nizami rayonu, El\u015f\u0259n S\u00fcleymanov 24 \u00fcnvan\u0131nda \u015f\u0259h\u0259rsalma n\u0259zar\u0259ti qaydas\u0131nda monitorinq ke\u00e7irilib, 5 v\u0259 16 m\u0259rt\u0259b\u0259li ya\u015fay\u0131\u015f binalar\u0131n\u0131n \u0259traf\u0131nda istifad\u0259d\u0259 olan park\u0131n hasara al\u0131nmas\u0131 fakt\u0131 a\u015fkarlan\u0131b. Ba\u015f idar\u0259 t\u0259r\u0259find\u0259n s\u00f6z\u00fcged\u0259n tikinti i\u015fl\u0259ri d\u0259rhal dayand\u0131r\u0131l\u0131b.<\/p>\n","protected":false},"excerpt":{"rendered":"<p>Sakinl\u0259rin 102 xidm\u0259tin\u0259 \u015fikay\u0259tind\u0259n sonra \u0259raziy\u0259 g\u0259l\u0259n polisl\u0259r tikintini dayand\u0131r\u0131blar &#8230; <\/p>\n<p class=\"read-more-container\"><a title=\"Nizami rayonunun sakinl\u0259ri narahatd\u0131r: Ya\u015f\u0131ll\u0131q \u0259razid\u0259 tikinti ba\u015flay\u0131b\" class=\"read-more button\" href=\"https:\/\/www.meydan.tv\/az\/article\/nizami-rayonunun-sakinleri-narahatdir-yasilliq-erazide-tikinti-baslayib\/#more-290113\" aria-label=\"Read more about Nizami rayonunun sakinl\u0259ri narahatd\u0131r: Ya\u015f\u0131ll\u0131q \u0259razid\u0259 tikinti ba\u015flay\u0131b\">Davam\u0131<\/a><\/p>\n","protected":false},"author":8,"featured_media":290114,"comment_status":"closed","ping_status":"closed","sticky":false,"template":"","format":"standard","meta":{"_acf_changed":false,"_sitemap_exclude":false,"_sitemap_priority":"","_sitemap_frequency":"","footnotes":""},"categories":[62,79,56],"tags":[],"class_list":["post-290113","post","type-post","status-publish","format-standard","has-post-thumbnail","hentry","category-sosial","category-featured","category-xeberler","infinite-scroll-item","generate-columns","tablet-grid-50","mobile-grid-100","grid-parent","grid-33","no-featured-image-padding"],"acf":[],"yoast_head":"<!-- This site is optimized with the Yoast SEO plugin v27.5 - https:\/\/yoast.com\/product\/yoast-seo-wordpress\/ -->\n<title>Nizami rayonunun sakinl\u0259ri narahatd\u0131r: Ya\u015f\u0131ll\u0131q \u0259razid\u0259 tikinti ba\u015flay\u0131b - MEYDAN.TV<\/title>\n<meta name=\"robots\" content=\"index, follow, max-snippet:-1, max-image-preview:large, max-video-preview:-1\" \/>\n<link rel=\"canonical\" href=\"https:\/\/www.meydan.tv\/az\/article\/nizami-rayonunun-sakinleri-narahatdir-yasilliq-erazide-tikinti-baslayib\/\" \/>\n<meta property=\"og:locale\" content=\"az_AZ\" \/>\n<meta property=\"og:type\" content=\"article\" \/>\n<meta property=\"og:title\" content=\"Nizami rayonunun sakinl\u0259ri narahatd\u0131r: Ya\u015f\u0131ll\u0131q \u0259razid\u0259 tikinti ba\u015flay\u0131b - MEYDAN.TV\" \/>\n<meta property=\"og:description\" content=\"Sakinl\u0259rin 102 xidm\u0259tin\u0259 \u015fikay\u0259tind\u0259n sonra \u0259raziy\u0259 g\u0259l\u0259n polisl\u0259r tikintini dayand\u0131r\u0131blar ... Davam\u0131\" \/>\n<meta property=\"og:url\" content=\"https:\/\/www.meydan.tv\/az\/article\/nizami-rayonunun-sakinleri-narahatdir-yasilliq-erazide-tikinti-baslayib\/\" \/>\n<meta property=\"og:site_name\" content=\"MEYDAN.TV\" \/>\n<meta property=\"article:published_time\" content=\"2023-11-12T06:30:23+00:00\" \/>\n<meta property=\"article:modified_time\" content=\"2023-11-12T06:30:26+00:00\" \/>\n<meta property=\"og:image\" content=\"https:\/\/www.meydan.tv\/wp-content\/uploads\/7c6bb1b6-7737-435a-a8cb-56d43cb1c7ca-1.jpg\" \/>\n\t<meta property=\"og:image:width\" content=\"1200\" \/>\n\t<meta property=\"og:image:height\" content=\"681\" \/>\n\t<meta property=\"og:image:type\" content=\"image\/jpeg\" \/>\n<meta name=\"author\" content=\"elli\" \/>\n<meta name=\"twitter:card\" content=\"summary_large_image\" \/>\n<meta name=\"twitter:creator\" content=\"@elli\" \/>\n<script type=\"application\/ld+json\" class=\"yoast-schema-graph\">{\"@context\":\"https:\\\/\\\/schema.org\",\"@graph\":[{\"@type\":\"Article\",\"@id\":\"https:\\\/\\\/www.meydan.tv\\\/az\\\/article\\\/nizami-rayonunun-sakinleri-narahatdir-yasilliq-erazide-tikinti-baslayib\\\/#article\",\"isPartOf\":{\"@id\":\"https:\\\/\\\/www.meydan.tv\\\/az\\\/article\\\/nizami-rayonunun-sakinleri-narahatdir-yasilliq-erazide-tikinti-baslayib\\\/\"},\"author\":{\"name\":\"elli\",\"@id\":\"https:\\\/\\\/www.meydan.tv\\\/az\\\/#\\\/schema\\\/person\\\/9cdbecf90d17180ce1dfbd95b08dcf47\"},\"headline\":\"Nizami rayonunun sakinl\u0259ri narahatd\u0131r: Ya\u015f\u0131ll\u0131q \u0259razid\u0259 tikinti ba\u015flay\u0131b\",\"datePublished\":\"2023-11-12T06:30:23+00:00\",\"dateModified\":\"2023-11-12T06:30:26+00:00\",\"mainEntityOfPage\":{\"@id\":\"https:\\\/\\\/www.meydan.tv\\\/az\\\/article\\\/nizami-rayonunun-sakinleri-narahatdir-yasilliq-erazide-tikinti-baslayib\\\/\"},\"wordCount\":449,\"publisher\":{\"@id\":\"https:\\\/\\\/www.meydan.tv\\\/az\\\/#organization\"},\"image\":{\"@id\":\"https:\\\/\\\/www.meydan.tv\\\/az\\\/article\\\/nizami-rayonunun-sakinleri-narahatdir-yasilliq-erazide-tikinti-baslayib\\\/#primaryimage\"},\"thumbnailUrl\":\"https:\\\/\\\/www.meydan.tv\\\/wp-content\\\/uploads\\\/7c6bb1b6-7737-435a-a8cb-56d43cb1c7ca-1.jpg\",\"articleSection\":[\"Sosial\",\"T\u00f6vsiy\u0259\",\"X\u0259b\u0259rl\u0259r\"],\"inLanguage\":\"az\"},{\"@type\":\"WebPage\",\"@id\":\"https:\\\/\\\/www.meydan.tv\\\/az\\\/article\\\/nizami-rayonunun-sakinleri-narahatdir-yasilliq-erazide-tikinti-baslayib\\\/\",\"url\":\"https:\\\/\\\/www.meydan.tv\\\/az\\\/article\\\/nizami-rayonunun-sakinleri-narahatdir-yasilliq-erazide-tikinti-baslayib\\\/\",\"name\":\"Nizami rayonunun sakinl\u0259ri narahatd\u0131r: Ya\u015f\u0131ll\u0131q \u0259razid\u0259 tikinti ba\u015flay\u0131b - MEYDAN.TV\",\"isPartOf\":{\"@id\":\"https:\\\/\\\/www.meydan.tv\\\/az\\\/#website\"},\"primaryImageOfPage\":{\"@id\":\"https:\\\/\\\/www.meydan.tv\\\/az\\\/article\\\/nizami-rayonunun-sakinleri-narahatdir-yasilliq-erazide-tikinti-baslayib\\\/#primaryimage\"},\"image\":{\"@id\":\"https:\\\/\\\/www.meydan.tv\\\/az\\\/article\\\/nizami-rayonunun-sakinleri-narahatdir-yasilliq-erazide-tikinti-baslayib\\\/#primaryimage\"},\"thumbnailUrl\":\"https:\\\/\\\/www.meydan.tv\\\/wp-content\\\/uploads\\\/7c6bb1b6-7737-435a-a8cb-56d43cb1c7ca-1.jpg\",\"datePublished\":\"2023-11-12T06:30:23+00:00\",\"dateModified\":\"2023-11-12T06:30:26+00:00\",\"breadcrumb\":{\"@id\":\"https:\\\/\\\/www.meydan.tv\\\/az\\\/article\\\/nizami-rayonunun-sakinleri-narahatdir-yasilliq-erazide-tikinti-baslayib\\\/#breadcrumb\"},\"inLanguage\":\"az\",\"potentialAction\":[{\"@type\":\"ReadAction\",\"target\":[\"https:\\\/\\\/www.meydan.tv\\\/az\\\/article\\\/nizami-rayonunun-sakinleri-narahatdir-yasilliq-erazide-tikinti-baslayib\\\/\"]}]},{\"@type\":\"ImageObject\",\"inLanguage\":\"az\",\"@id\":\"https:\\\/\\\/www.meydan.tv\\\/az\\\/article\\\/nizami-rayonunun-sakinleri-narahatdir-yasilliq-erazide-tikinti-baslayib\\\/#primaryimage\",\"url\":\"https:\\\/\\\/www.meydan.tv\\\/wp-content\\\/uploads\\\/7c6bb1b6-7737-435a-a8cb-56d43cb1c7ca-1.jpg\",\"contentUrl\":\"https:\\\/\\\/www.meydan.tv\\\/wp-content\\\/uploads\\\/7c6bb1b6-7737-435a-a8cb-56d43cb1c7ca-1.jpg\",\"width\":1200,\"height\":681,\"caption\":\"Fotolar: Meydan TV\"},{\"@type\":\"BreadcrumbList\",\"@id\":\"https:\\\/\\\/www.meydan.tv\\\/az\\\/article\\\/nizami-rayonunun-sakinleri-narahatdir-yasilliq-erazide-tikinti-baslayib\\\/#breadcrumb\",\"itemListElement\":[{\"@type\":\"ListItem\",\"position\":1,\"name\":\"Ana s\u0259hif\u0259\",\"item\":\"https:\\\/\\\/www.meydan.tv\\\/az\\\/\"},{\"@type\":\"ListItem\",\"position\":2,\"name\":\"Sosial\",\"item\":\"https:\\\/\\\/www.meydan.tv\\\/az\\\/section\\\/sosial\\\/\"},{\"@type\":\"ListItem\",\"position\":3,\"name\":\"Nizami rayonunun sakinl\u0259ri narahatd\u0131r: Ya\u015f\u0131ll\u0131q \u0259razid\u0259 tikinti ba\u015flay\u0131b\"}]},{\"@type\":\"WebSite\",\"@id\":\"https:\\\/\\\/www.meydan.tv\\\/az\\\/#website\",\"url\":\"https:\\\/\\\/www.meydan.tv\\\/az\\\/\",\"name\":\"MEYDAN.TV\",\"description\":\"Meydan TV Az\u0259rbaycan\u0131n media m\u0259kan\u0131ndak\u0131 alternativ s\u0259sidir\",\"publisher\":{\"@id\":\"https:\\\/\\\/www.meydan.tv\\\/az\\\/#organization\"},\"potentialAction\":[{\"@type\":\"SearchAction\",\"target\":{\"@type\":\"EntryPoint\",\"urlTemplate\":\"https:\\\/\\\/www.meydan.tv\\\/az\\\/?s={search_term_string}\"},\"query-input\":{\"@type\":\"PropertyValueSpecification\",\"valueRequired\":true,\"valueName\":\"search_term_string\"}}],\"inLanguage\":\"az\"},{\"@type\":\"Organization\",\"@id\":\"https:\\\/\\\/www.meydan.tv\\\/az\\\/#organization\",\"name\":\"Meydan TV\",\"url\":\"https:\\\/\\\/www.meydan.tv\\\/az\\\/\",\"logo\":{\"@type\":\"ImageObject\",\"inLanguage\":\"az\",\"@id\":\"https:\\\/\\\/www.meydan.tv\\\/az\\\/#\\\/schema\\\/logo\\\/image\\\/\",\"url\":\"https:\\\/\\\/www.meydan.tv\\\/wp-content\\\/uploads\\\/2021\\\/07\\\/meydan-logo.svg\",\"contentUrl\":\"https:\\\/\\\/www.meydan.tv\\\/wp-content\\\/uploads\\\/2021\\\/07\\\/meydan-logo.svg\",\"width\":195,\"height\":46,\"caption\":\"Meydan TV\"},\"image\":{\"@id\":\"https:\\\/\\\/www.meydan.tv\\\/az\\\/#\\\/schema\\\/logo\\\/image\\\/\"}},{\"@type\":\"Person\",\"@id\":\"https:\\\/\\\/www.meydan.tv\\\/az\\\/#\\\/schema\\\/person\\\/9cdbecf90d17180ce1dfbd95b08dcf47\",\"name\":\"elli\",\"sameAs\":[\"https:\\\/\\\/x.com\\\/elli\"]}]}<\/script>\n<!-- \/ Yoast SEO plugin. -->","yoast_head_json":{"title":"Nizami rayonunun sakinl\u0259ri narahatd\u0131r: Ya\u015f\u0131ll\u0131q \u0259razid\u0259 tikinti ba\u015flay\u0131b - MEYDAN.TV","robots":{"index":"index","follow":"follow","max-snippet":"max-snippet:-1","max-image-preview":"max-image-preview:large","max-video-preview":"max-video-preview:-1"},"canonical":"https:\/\/www.meydan.tv\/az\/article\/nizami-rayonunun-sakinleri-narahatdir-yasilliq-erazide-tikinti-baslayib\/","og_locale":"az_AZ","og_type":"article","og_title":"Nizami rayonunun sakinl\u0259ri narahatd\u0131r: Ya\u015f\u0131ll\u0131q \u0259razid\u0259 tikinti ba\u015flay\u0131b - MEYDAN.TV","og_description":"Sakinl\u0259rin 102 xidm\u0259tin\u0259 \u015fikay\u0259tind\u0259n sonra \u0259raziy\u0259 g\u0259l\u0259n polisl\u0259r tikintini dayand\u0131r\u0131blar ... Davam\u0131","og_url":"https:\/\/www.meydan.tv\/az\/article\/nizami-rayonunun-sakinleri-narahatdir-yasilliq-erazide-tikinti-baslayib\/","og_site_name":"MEYDAN.TV","article_published_time":"2023-11-12T06:30:23+00:00","article_modified_time":"2023-11-12T06:30:26+00:00","og_image":[{"width":1200,"height":681,"url":"https:\/\/www.meydan.tv\/wp-content\/uploads\/7c6bb1b6-7737-435a-a8cb-56d43cb1c7ca-1.jpg","type":"image\/jpeg"}],"author":"elli","twitter_card":"summary_large_image","twitter_creator":"@elli","schema":{"@context":"https:\/\/schema.org","@graph":[{"@type":"Article","@id":"https:\/\/www.meydan.tv\/az\/article\/nizami-rayonunun-sakinleri-narahatdir-yasilliq-erazide-tikinti-baslayib\/#article","isPartOf":{"@id":"https:\/\/www.meydan.tv\/az\/article\/nizami-rayonunun-sakinleri-narahatdir-yasilliq-erazide-tikinti-baslayib\/"},"author":{"name":"elli","@id":"https:\/\/www.meydan.tv\/az\/#\/schema\/person\/9cdbecf90d17180ce1dfbd95b08dcf47"},"headline":"Nizami rayonunun sakinl\u0259ri narahatd\u0131r: Ya\u015f\u0131ll\u0131q \u0259razid\u0259 tikinti ba\u015flay\u0131b","datePublished":"2023-11-12T06:30:23+00:00","dateModified":"2023-11-12T06:30:26+00:00","mainEntityOfPage":{"@id":"https:\/\/www.meydan.tv\/az\/article\/nizami-rayonunun-sakinleri-narahatdir-yasilliq-erazide-tikinti-baslayib\/"},"wordCount":449,"publisher":{"@id":"https:\/\/www.meydan.tv\/az\/#organization"},"image":{"@id":"https:\/\/www.meydan.tv\/az\/article\/nizami-rayonunun-sakinleri-narahatdir-yasilliq-erazide-tikinti-baslayib\/#primaryimage"},"thumbnailUrl":"https:\/\/www.meydan.tv\/wp-content\/uploads\/7c6bb1b6-7737-435a-a8cb-56d43cb1c7ca-1.jpg","articleSection":["Sosial","T\u00f6vsiy\u0259","X\u0259b\u0259rl\u0259r"],"inLanguage":"az"},{"@type":"WebPage","@id":"https:\/\/www.meydan.tv\/az\/article\/nizami-rayonunun-sakinleri-narahatdir-yasilliq-erazide-tikinti-baslayib\/","url":"https:\/\/www.meydan.tv\/az\/article\/nizami-rayonunun-sakinleri-narahatdir-yasilliq-erazide-tikinti-baslayib\/","name":"Nizami rayonunun sakinl\u0259ri narahatd\u0131r: Ya\u015f\u0131ll\u0131q \u0259razid\u0259 tikinti ba\u015flay\u0131b - MEYDAN.TV","isPartOf":{"@id":"https:\/\/www.meydan.tv\/az\/#website"},"primaryImageOfPage":{"@id":"https:\/\/www.meydan.tv\/az\/article\/nizami-rayonunun-sakinleri-narahatdir-yasilliq-erazide-tikinti-baslayib\/#primaryimage"},"image":{"@id":"https:\/\/www.meydan.tv\/az\/article\/nizami-rayonunun-sakinleri-narahatdir-yasilliq-erazide-tikinti-baslayib\/#primaryimage"},"thumbnailUrl":"https:\/\/www.meydan.tv\/wp-content\/uploads\/7c6bb1b6-7737-435a-a8cb-56d43cb1c7ca-1.jpg","datePublished":"2023-11-12T06:30:23+00:00","dateModified":"2023-11-12T06:30:26+00:00","breadcrumb":{"@id":"https:\/\/www.meydan.tv\/az\/article\/nizami-rayonunun-sakinleri-narahatdir-yasilliq-erazide-tikinti-baslayib\/#breadcrumb"},"inLanguage":"az","potentialAction":[{"@type":"ReadAction","target":["https:\/\/www.meydan.tv\/az\/article\/nizami-rayonunun-sakinleri-narahatdir-yasilliq-erazide-tikinti-baslayib\/"]}]},{"@type":"ImageObject","inLanguage":"az","@id":"https:\/\/www.meydan.tv\/az\/article\/nizami-rayonunun-sakinleri-narahatdir-yasilliq-erazide-tikinti-baslayib\/#primaryimage","url":"https:\/\/www.meydan.tv\/wp-content\/uploads\/7c6bb1b6-7737-435a-a8cb-56d43cb1c7ca-1.jpg","contentUrl":"https:\/\/www.meydan.tv\/wp-content\/uploads\/7c6bb1b6-7737-435a-a8cb-56d43cb1c7ca-1.jpg","width":1200,"height":681,"caption":"Fotolar: Meydan TV"},{"@type":"BreadcrumbList","@id":"https:\/\/www.meydan.tv\/az\/article\/nizami-rayonunun-sakinleri-narahatdir-yasilliq-erazide-tikinti-baslayib\/#breadcrumb","itemListElement":[{"@type":"ListItem","position":1,"name":"Ana s\u0259hif\u0259","item":"https:\/\/www.meydan.tv\/az\/"},{"@type":"ListItem","position":2,"name":"Sosial","item":"https:\/\/www.meydan.tv\/az\/section\/sosial\/"},{"@type":"ListItem","position":3,"name":"Nizami rayonunun sakinl\u0259ri narahatd\u0131r: Ya\u015f\u0131ll\u0131q \u0259razid\u0259 tikinti ba\u015flay\u0131b"}]},{"@type":"WebSite","@id":"https:\/\/www.meydan.tv\/az\/#website","url":"https:\/\/www.meydan.tv\/az\/","name":"MEYDAN.TV","description":"Meydan TV Az\u0259rbaycan\u0131n media m\u0259kan\u0131ndak\u0131 alternativ s\u0259sidir","publisher":{"@id":"https:\/\/www.meydan.tv\/az\/#organization"},"potentialAction":[{"@type":"SearchAction","target":{"@type":"EntryPoint","urlTemplate":"https:\/\/www.meydan.tv\/az\/?s={search_term_string}"},"query-input":{"@type":"PropertyValueSpecification","valueRequired":true,"valueName":"search_term_string"}}],"inLanguage":"az"},{"@type":"Organization","@id":"https:\/\/www.meydan.tv\/az\/#organization","name":"Meydan TV","url":"https:\/\/www.meydan.tv\/az\/","logo":{"@type":"ImageObject","inLanguage":"az","@id":"https:\/\/www.meydan.tv\/az\/#\/schema\/logo\/image\/","url":"https:\/\/www.meydan.tv\/wp-content\/uploads\/2021\/07\/meydan-logo.svg","contentUrl":"https:\/\/www.meydan.tv\/wp-content\/uploads\/2021\/07\/meydan-logo.svg","width":195,"height":46,"caption":"Meydan TV"},"image":{"@id":"https:\/\/www.meydan.tv\/az\/#\/schema\/logo\/image\/"}},{"@type":"Person","@id":"https:\/\/www.meydan.tv\/az\/#\/schema\/person\/9cdbecf90d17180ce1dfbd95b08dcf47","name":"elli","sameAs":["https:\/\/x.com\/elli"]}]}},"_links":{"self":[{"href":"https:\/\/www.meydan.tv\/az\/wp-json\/wp\/v2\/posts\/290113","targetHints":{"allow":["GET"]}}],"collection":[{"href":"https:\/\/www.meydan.tv\/az\/wp-json\/wp\/v2\/posts"}],"about":[{"href":"https:\/\/www.meydan.tv\/az\/wp-json\/wp\/v2\/types\/post"}],"author":[{"embeddable":true,"href":"https:\/\/www.meydan.tv\/az\/wp-json\/wp\/v2\/users\/8"}],"replies":[{"embeddable":true,"href":"https:\/\/www.meydan.tv\/az\/wp-json\/wp\/v2\/comments?post=290113"}],"version-history":[{"count":1,"href":"https:\/\/www.meydan.tv\/az\/wp-json\/wp\/v2\/posts\/290113\/revisions"}],"predecessor-version":[{"id":290117,"href":"https:\/\/www.meydan.tv\/az\/wp-json\/wp\/v2\/posts\/290113\/revisions\/290117"}],"wp:featuredmedia":[{"embeddable":true,"href":"https:\/\/www.meydan.tv\/az\/wp-json\/wp\/v2\/media\/290114"}],"wp:attachment":[{"href":"https:\/\/www.meydan.tv\/az\/wp-json\/wp\/v2\/media?parent=290113"}],"wp:term":[{"taxonomy":"category","embeddable":true,"href":"https:\/\/www.meydan.tv\/az\/wp-json\/wp\/v2\/categories?post=290113"},{"taxonomy":"post_tag","embeddable":true,"href":"https:\/\/www.meydan.tv\/az\/wp-json\/wp\/v2\/tags?post=290113"}],"curies":[{"name":"wp","href":"https:\/\/api.w.org\/{rel}","templated":true}]}}