{"id":290084,"date":"2023-11-10T12:27:25","date_gmt":"2023-11-10T08:27:25","guid":{"rendered":"https:\/\/www.meydan.tv\/?p=290084"},"modified":"2023-11-10T12:27:29","modified_gmt":"2023-11-10T08:27:29","slug":"reyestrden-kecmeyen-saytlara-qarsi-tezyiqler-baslayib-saytlardan-biri-mehkemeye-verilib","status":"publish","type":"post","link":"https:\/\/www.meydan.tv\/az\/article\/reyestrden-kecmeyen-saytlara-qarsi-tezyiqler-baslayib-saytlardan-biri-mehkemeye-verilib\/","title":{"rendered":"Reyestrd\u0259n ke\u00e7m\u0259y\u0259n saytlara qar\u015f\u0131 t\u0259zyiql\u0259r ba\u015flay\u0131b: Saytlardan biri m\u0259hk\u0259m\u0259y\u0259 verilib"},"content":{"rendered":"\n<p><\/p>\n\n\n\n<p><strong><em>H\u00fcquq\u015f\u00fcnas bunu ifad\u0259 azadl\u0131\u011f\u0131 pozuntusu kimi qiym\u0259tl\u0259ndirir<\/em><\/strong><\/p>\n\n\n\n<p>Median\u0131n \u0130nki\u015faf\u0131 Agentliyi (MED\u0130A) ilk d\u0259f\u0259 bir media qurumunu m\u0259hk\u0259m\u0259y\u0259 verib. S\u0259b\u0259b media reyestrind\u0259n qeydiyyatdan ke\u00e7m\u0259k \u00fc\u00e7\u00fcn m\u00fcraci\u0259t etm\u0259m\u0259sidir.<\/p>\n\n\n\n<p>Bar\u0259sind\u0259 m\u0259hk\u0259m\u0259y\u0259 m\u00fcraci\u0259t edil\u0259n sayt \u201c<a href=\"http:\/\/dia.az\/\" target=\"_blank\" rel=\"noreferrer noopener\">dia.az<\/a>\u201d-d\u0131r. R\u0259hb\u0259ri M\u0259h\u0259mm\u0259d Zamanov (\u018frsoy) deyir ki, internet resursu art\u0131q sayt yox, bloq kimi f\u0259aliyy\u0259t g\u00f6st\u0259rir.<\/p>\n\n\n\n<p>M\u0259hk\u0259m\u0259y\u0259 g\u0259linc\u0259, \u018frsoy deyir ki, Median\u0131n \u0130nki\u015faf\u0131 Agentliyi \u201c<a href=\"http:\/\/dia.az\/\" target=\"_blank\" rel=\"noreferrer noopener\">dia.az<\/a>\u201d bloquna qar\u015f\u0131 &#8220;Media subyektinin v\u0259 onun redaksiyas\u0131n\u0131n f\u0259aliyy\u0259tin\u0259 xitam verilm\u0259si&#8221; iddias\u0131 il\u0259 Bak\u0131 Apelyasiya M\u0259hk\u0259m\u0259sin\u0259 m\u00fcraci\u0259t edib:<\/p>\n\n\n\n<p>&#8220;<em>M\u0259n\u0259 m\u0259hk\u0259m\u0259d\u0259n m\u0259ktub g\u0259lib. Orada bildirilir ki, noyabr\u0131n 14-d\u0259 m\u0259hk\u0259m\u0259dir. T\u0259l\u0259b reyestr \u00fc\u00e7\u00fcn m\u00fcraci\u0259t etm\u0259diyimiz \u00fc\u00e7\u00fcn m\u0259nim jurnalist, sayt\u0131n da media qurumu kimi f\u0259aliyy\u0259tin\u0259 icaz\u0259 verilm\u0259m\u0259sidir\u201d.<\/em><\/p>\n\n\n\n<p>Median\u0131n \u0130nki\u015faf\u0131 Agentliyind\u0259n &#8220;Turan&#8221; \u0130nformasiya Agentliyin\u0259 bildirilib ki, qurum nizamnam\u0259sin\u0259 uy\u011fun olaraq, &#8220;Media haqq\u0131nda&#8221; Qanunun t\u0259l\u0259bl\u0259rini pozan media subyektl\u0259ri bar\u0259d\u0259 qanunvericilikl\u0259 m\u00fc\u0259yy\u0259n olunmu\u015f t\u0259dbirl\u0259ri h\u0259yata ke\u00e7irir.<\/p>\n\n\n\n<p>Media h\u00fcququ \u00fczr\u0259 ekspert Xalid A\u011f\u0259liyev Meydan TV-y\u0259 bildirib ki, &#8220;Media haqq\u0131nda&#8221; qanun \u00f6lk\u0259 Konstitusiyas\u0131na uy\u011fun deyil. \u018fvv\u0259la, qanun Konstitusiya il\u0259 t\u0259minat alt\u0131na al\u0131nan ifad\u0259 azadl\u0131\u011f\u0131, m\u0259lumat alma, yayma azadl\u0131\u011f\u0131 h\u00fcququna \u0259sas qanunun icaz\u0259 verdiyind\u0259n daha geni\u015f m\u0259hdudiyy\u0259tl\u0259r n\u0259z\u0259rd\u0259 tutur. Dig\u0259r t\u0259r\u0259fd\u0259n, Konstitusiyaya g\u00f6r\u0259, qanunlar \u0259sas qanuna v\u0259 \u00f6lk\u0259nin t\u0259r\u0259fdar \u00e7\u0131xd\u0131\u011f\u0131 beyn\u0259lxalq m\u00fcqavil\u0259l\u0259r\u0259 uy\u011fun olmal\u0131d\u0131r:<\/p>\n\n\n\n<p>\u201c<em>\u018fg\u0259r uy\u011fun deyils\u0259, beyn\u0259lxalq m\u00fcqavil\u0259l\u0259r daha \u00fcst\u00fcn h\u00fcquqi q\u00fcvv\u0259y\u0259 malikdir. Az\u0259rbaycan\u0131n qo\u015fuldu\u011fu \u0259sas beyn\u0259lxalq m\u00fcqavil\u0259l\u0259rin ba\u015f\u0131nda Avropa Konvensiyas\u0131 g\u0259lir. Avropa \u015euras\u0131n\u0131n Venesiya Komissiyas\u0131 art\u0131q qanunun konvensiyaya uy\u011fun olmamas\u0131 haqda r\u0259y verib\u201d.<\/em><\/p>\n\n\n<div class=\"wp-block-image\">\n<figure class=\"alignleft size-full is-resized\"><img decoding=\"async\" width=\"1200\" height=\"675\" data-src=\"https:\/\/www.meydan.tv\/wp-content\/uploads\/312215888_5569776356393192_3558032749285961189_n.png\" alt=\"\" class=\"wp-image-259027 lazyload\" style=\"--smush-placeholder-width: 1200px; --smush-placeholder-aspect-ratio: 1200\/675;aspect-ratio:1.7777777777777777;width:380px;height:auto\" src=\"data:image\/svg+xml;base64,PHN2ZyB3aWR0aD0iMSIgaGVpZ2h0PSIxIiB4bWxucz0iaHR0cDovL3d3dy53My5vcmcvMjAwMC9zdmciPjwvc3ZnPg==\" \/><figcaption class=\"wp-element-caption\">Xalid A\u011faliyev. Foto: Meydan TV<\/figcaption><\/figure>\n<\/div>\n\n\n<p>H\u00fcquq\u015f\u00fcnas bildirir ki, bu bax\u0131mdan, haz\u0131rda &#8220;Media haqq\u0131nda&#8221; qanunun t\u0259tbiq edilm\u0259si il\u0259 media subyektl\u0259rinin ba\u015f\u0131na g\u0259l\u0259nl\u0259r ifad\u0259 azadl\u0131\u011f\u0131 h\u00fcququnun pozuntusunu t\u0259\u015fkil edir. Onun s\u00f6zl\u0259rin\u0259 g\u00f6r\u0259, gec-tez Avropa \u0130nsan H\u00fcquqlar\u0131 M\u0259hk\u0259m\u0259si bel\u0259 pozuntular\u0131 \u00f6z q\u0259rarlar\u0131nda tan\u0131yacaq:<\/p>\n\n\n\n<p>\u201c<em>Ona g\u00f6r\u0259, \u0259n do\u011frusu, qanunun Venesiya Komissiyas\u0131n\u0131n r\u0259yind\u0259, Avropa \u015euras\u0131 Nazirl\u0259r Komit\u0259sinin q\u0259tnam\u0259l\u0259rind\u0259 vur\u011fuland\u0131\u011f\u0131 kimi d\u0259yi\u015fdirilm\u0259sidir\u201d.<\/em><\/p>\n\n\n\n<p>Bundan \u00f6nc\u0259 daha \u00e7ox media qurumlar\u0131 m\u0259hk\u0259m\u0259y\u0259 m\u00fcraci\u0259t ed\u0259r\u0259k, Median\u0131n \u0130nki\u015faf\u0131 Agentliyinin reyestrd\u0259n ke\u00e7m\u0259kl\u0259 ba\u011fl\u0131 m\u00fcraci\u0259tl\u0259rin\u0259 r\u0259dd cavab\u0131 verm\u0259sind\u0259n \u015fikay\u0259t edirdi. \u0130ndi is\u0259 \u0259ksin\u0259, Median\u0131n \u0130nki\u015faf\u0131 Agentliyi saytlar\u0131 m\u0259hk\u0259m\u0259y\u0259 verm\u0259y\u0259 ba\u015flay\u0131b.<br>M\u0259hk\u0259m\u0259l\u0259r \u201c<a href=\"http:\/\/24saat.org\/\" target=\"_blank\" rel=\"noreferrer noopener\">24saat.org<\/a>\u201d, \u201c<a href=\"http:\/\/dogruxeber.az\/\" target=\"_blank\" rel=\"noreferrer noopener\">dogruxeber.az<\/a>\u201d saytlar\u0131n\u0131n, \u201cG\u00fcnd\u0259m X\u0259b\u0259r\u201d <a href=\"https:\/\/www.meydan.tv\/az\/article\/mehkeme-daha-bir-medianin-reyestrle-bagli-sikayetini-redd-etdi\/\">q\u0259zetinin<\/a> bu bar\u0259d\u0259ki \u015fikay\u0259tl\u0259rini r\u0259dd edib.<\/p>\n\n\n\n<p>\u0130mtina m\u0259ktublar\u0131n\u0131n h\u0259r birind\u0259 \u201cf\u0259aliyy\u0259t davaml\u0131 deyil\u201d, &#8211; \u0259sas\u0131 g\u00f6st\u0259rilib.<br>Agentlik h\u0259r saytdan onlayn media resursuna h\u0259r g\u00fcn az\u0131 20 \u00f6z\u0259l x\u0259b\u0259r yerl\u0259\u015fdirm\u0259yi t\u0259l\u0259b edir.<\/p>\n\n\n\n<p>2021-ci ilin sonunda Az\u0259rbaycanda \u201cMedia haqq\u0131nda\u201d Qanun parlamentd\u0259 m\u00fczakir\u0259y\u0259 \u00e7\u0131xar\u0131l\u0131b v\u0259 q\u0259bul edilib.<\/p>\n\n\n\n<p>2022-ci ilin fevral\u0131nda \u00f6lk\u0259 ba\u015f\u00e7\u0131s\u0131n\u0131n t\u0259sdiql\u0259m\u0259sil\u0259 qanun q\u00fcvv\u0259y\u0259 minib.<\/p>\n\n\n\n<p>Yeni qanun h\u0259m\u00e7inin media v\u0259 jurnalistl\u0259rin vahid reyestrinin yarad\u0131lmas\u0131n\u0131 n\u0259z\u0259rd\u0259 tutur.<br>Reyestrin apar\u0131lmas\u0131 qaydalar\u0131 \u00f6lk\u0259 ba\u015f\u00e7\u0131s\u0131n\u0131n 26 sentyabr 2022-ci il\u0259 tarixli F\u0259rman\u0131 il\u0259 t\u0259sdiq edilib.<\/p>\n\n\n\n<p>\u00d6lk\u0259nin m\u00fcst\u0259qil jurnalistl\u0259ri v\u0259 media sah\u0259sinin m\u00fct\u0259x\u0259ssisl\u0259ri d\u00fc\u015f\u00fcn\u00fcr ki, \u201cMedia haqq\u0131nda\u201d Qanunun q\u0259bulu, Media Reyestrinin yarad\u0131lmas\u0131 il\u0259 ba\u011fl\u0131 m\u00fcdd\u0259alar\u0131n t\u0259tbiqi ifad\u0259, media azadl\u0131\u011f\u0131na ziddir.<\/p>\n\n\n\n<p>Beyn\u0259lxalq t\u0259\u015fkilatlar v\u0259 o c\u00fcml\u0259d\u0259n, Venesiya Komissiyas\u0131 da qanunla ba\u011fl\u0131 m\u0259nfi r\u0259y verib, bunu ifad\u0259 azadl\u0131\u011f\u0131na m\u00fcdaxil\u0259 say\u0131b.<\/p>\n","protected":false},"excerpt":{"rendered":"<p>H\u00fcquq\u015f\u00fcnas bunu ifad\u0259 azadl\u0131\u011f\u0131 pozuntusu kimi qiym\u0259tl\u0259ndirir Median\u0131n \u0130nki\u015faf\u0131 Agentliyi &#8230; <\/p>\n<p class=\"read-more-container\"><a title=\"Reyestrd\u0259n ke\u00e7m\u0259y\u0259n saytlara qar\u015f\u0131 t\u0259zyiql\u0259r ba\u015flay\u0131b: Saytlardan biri m\u0259hk\u0259m\u0259y\u0259 verilib\" class=\"read-more button\" href=\"https:\/\/www.meydan.tv\/az\/article\/reyestrden-kecmeyen-saytlara-qarsi-tezyiqler-baslayib-saytlardan-biri-mehkemeye-verilib\/#more-290084\" aria-label=\"Read more about Reyestrd\u0259n ke\u00e7m\u0259y\u0259n saytlara qar\u015f\u0131 t\u0259zyiql\u0259r ba\u015flay\u0131b: Saytlardan biri m\u0259hk\u0259m\u0259y\u0259 verilib\">Davam\u0131<\/a><\/p>\n","protected":false},"author":8,"featured_media":258831,"comment_status":"closed","ping_status":"closed","sticky":false,"template":"","format":"standard","meta":{"_acf_changed":false,"_sitemap_exclude":false,"_sitemap_priority":"","_sitemap_frequency":"","footnotes":""},"categories":[59,56],"tags":[],"class_list":["post-290084","post","type-post","status-publish","format-standard","has-post-thumbnail","hentry","category-siyaset","category-xeberler","infinite-scroll-item","generate-columns","tablet-grid-50","mobile-grid-100","grid-parent","grid-33","no-featured-image-padding"],"acf":[],"yoast_head":"<!-- This site is optimized with the Yoast SEO plugin v27.4 - https:\/\/yoast.com\/product\/yoast-seo-wordpress\/ -->\n<title>Reyestrd\u0259n ke\u00e7m\u0259y\u0259n saytlara qar\u015f\u0131 t\u0259zyiql\u0259r ba\u015flay\u0131b: Saytlardan biri m\u0259hk\u0259m\u0259y\u0259 verilib - MEYDAN.TV<\/title>\n<meta name=\"robots\" content=\"index, follow, max-snippet:-1, max-image-preview:large, max-video-preview:-1\" \/>\n<link rel=\"canonical\" href=\"https:\/\/www.meydan.tv\/az\/article\/reyestrden-kecmeyen-saytlara-qarsi-tezyiqler-baslayib-saytlardan-biri-mehkemeye-verilib\/\" \/>\n<meta property=\"og:locale\" content=\"az_AZ\" \/>\n<meta property=\"og:type\" content=\"article\" \/>\n<meta property=\"og:title\" content=\"Reyestrd\u0259n ke\u00e7m\u0259y\u0259n saytlara qar\u015f\u0131 t\u0259zyiql\u0259r ba\u015flay\u0131b: Saytlardan biri m\u0259hk\u0259m\u0259y\u0259 verilib - MEYDAN.TV\" \/>\n<meta property=\"og:description\" content=\"H\u00fcquq\u015f\u00fcnas bunu ifad\u0259 azadl\u0131\u011f\u0131 pozuntusu kimi qiym\u0259tl\u0259ndirir Median\u0131n \u0130nki\u015faf\u0131 Agentliyi ... Davam\u0131\" \/>\n<meta property=\"og:url\" content=\"https:\/\/www.meydan.tv\/az\/article\/reyestrden-kecmeyen-saytlara-qarsi-tezyiqler-baslayib-saytlardan-biri-mehkemeye-verilib\/\" \/>\n<meta property=\"og:site_name\" content=\"MEYDAN.TV\" \/>\n<meta property=\"article:published_time\" content=\"2023-11-10T08:27:25+00:00\" \/>\n<meta property=\"article:modified_time\" content=\"2023-11-10T08:27:29+00:00\" \/>\n<meta property=\"og:image\" content=\"https:\/\/www.meydan.tv\/wp-content\/uploads\/untitled-design-8-17.jpg\" \/>\n\t<meta property=\"og:image:width\" content=\"1200\" \/>\n\t<meta property=\"og:image:height\" content=\"800\" \/>\n\t<meta property=\"og:image:type\" content=\"image\/jpeg\" \/>\n<meta name=\"author\" content=\"elli\" \/>\n<meta name=\"twitter:card\" content=\"summary_large_image\" \/>\n<meta name=\"twitter:creator\" content=\"@elli\" \/>\n<script type=\"application\/ld+json\" class=\"yoast-schema-graph\">{\"@context\":\"https:\\\/\\\/schema.org\",\"@graph\":[{\"@type\":\"Article\",\"@id\":\"https:\\\/\\\/www.meydan.tv\\\/az\\\/article\\\/reyestrden-kecmeyen-saytlara-qarsi-tezyiqler-baslayib-saytlardan-biri-mehkemeye-verilib\\\/#article\",\"isPartOf\":{\"@id\":\"https:\\\/\\\/www.meydan.tv\\\/az\\\/article\\\/reyestrden-kecmeyen-saytlara-qarsi-tezyiqler-baslayib-saytlardan-biri-mehkemeye-verilib\\\/\"},\"author\":{\"name\":\"elli\",\"@id\":\"https:\\\/\\\/www.meydan.tv\\\/az\\\/#\\\/schema\\\/person\\\/9cdbecf90d17180ce1dfbd95b08dcf47\"},\"headline\":\"Reyestrd\u0259n ke\u00e7m\u0259y\u0259n saytlara qar\u015f\u0131 t\u0259zyiql\u0259r ba\u015flay\u0131b: Saytlardan biri m\u0259hk\u0259m\u0259y\u0259 verilib\",\"datePublished\":\"2023-11-10T08:27:25+00:00\",\"dateModified\":\"2023-11-10T08:27:29+00:00\",\"mainEntityOfPage\":{\"@id\":\"https:\\\/\\\/www.meydan.tv\\\/az\\\/article\\\/reyestrden-kecmeyen-saytlara-qarsi-tezyiqler-baslayib-saytlardan-biri-mehkemeye-verilib\\\/\"},\"wordCount\":759,\"publisher\":{\"@id\":\"https:\\\/\\\/www.meydan.tv\\\/az\\\/#organization\"},\"image\":{\"@id\":\"https:\\\/\\\/www.meydan.tv\\\/az\\\/article\\\/reyestrden-kecmeyen-saytlara-qarsi-tezyiqler-baslayib-saytlardan-biri-mehkemeye-verilib\\\/#primaryimage\"},\"thumbnailUrl\":\"https:\\\/\\\/www.meydan.tv\\\/wp-content\\\/uploads\\\/untitled-design-8-17.jpg\",\"articleSection\":[\"Siyas\u0259t\",\"X\u0259b\u0259rl\u0259r\"],\"inLanguage\":\"az\"},{\"@type\":\"WebPage\",\"@id\":\"https:\\\/\\\/www.meydan.tv\\\/az\\\/article\\\/reyestrden-kecmeyen-saytlara-qarsi-tezyiqler-baslayib-saytlardan-biri-mehkemeye-verilib\\\/\",\"url\":\"https:\\\/\\\/www.meydan.tv\\\/az\\\/article\\\/reyestrden-kecmeyen-saytlara-qarsi-tezyiqler-baslayib-saytlardan-biri-mehkemeye-verilib\\\/\",\"name\":\"Reyestrd\u0259n ke\u00e7m\u0259y\u0259n saytlara qar\u015f\u0131 t\u0259zyiql\u0259r ba\u015flay\u0131b: Saytlardan biri m\u0259hk\u0259m\u0259y\u0259 verilib - MEYDAN.TV\",\"isPartOf\":{\"@id\":\"https:\\\/\\\/www.meydan.tv\\\/az\\\/#website\"},\"primaryImageOfPage\":{\"@id\":\"https:\\\/\\\/www.meydan.tv\\\/az\\\/article\\\/reyestrden-kecmeyen-saytlara-qarsi-tezyiqler-baslayib-saytlardan-biri-mehkemeye-verilib\\\/#primaryimage\"},\"image\":{\"@id\":\"https:\\\/\\\/www.meydan.tv\\\/az\\\/article\\\/reyestrden-kecmeyen-saytlara-qarsi-tezyiqler-baslayib-saytlardan-biri-mehkemeye-verilib\\\/#primaryimage\"},\"thumbnailUrl\":\"https:\\\/\\\/www.meydan.tv\\\/wp-content\\\/uploads\\\/untitled-design-8-17.jpg\",\"datePublished\":\"2023-11-10T08:27:25+00:00\",\"dateModified\":\"2023-11-10T08:27:29+00:00\",\"breadcrumb\":{\"@id\":\"https:\\\/\\\/www.meydan.tv\\\/az\\\/article\\\/reyestrden-kecmeyen-saytlara-qarsi-tezyiqler-baslayib-saytlardan-biri-mehkemeye-verilib\\\/#breadcrumb\"},\"inLanguage\":\"az\",\"potentialAction\":[{\"@type\":\"ReadAction\",\"target\":[\"https:\\\/\\\/www.meydan.tv\\\/az\\\/article\\\/reyestrden-kecmeyen-saytlara-qarsi-tezyiqler-baslayib-saytlardan-biri-mehkemeye-verilib\\\/\"]}]},{\"@type\":\"ImageObject\",\"inLanguage\":\"az\",\"@id\":\"https:\\\/\\\/www.meydan.tv\\\/az\\\/article\\\/reyestrden-kecmeyen-saytlara-qarsi-tezyiqler-baslayib-saytlardan-biri-mehkemeye-verilib\\\/#primaryimage\",\"url\":\"https:\\\/\\\/www.meydan.tv\\\/wp-content\\\/uploads\\\/untitled-design-8-17.jpg\",\"contentUrl\":\"https:\\\/\\\/www.meydan.tv\\\/wp-content\\\/uploads\\\/untitled-design-8-17.jpg\",\"width\":1200,\"height\":800,\"caption\":\"Median\u0131n \u0130nki\u015faf\u0131 Agentliyi\"},{\"@type\":\"BreadcrumbList\",\"@id\":\"https:\\\/\\\/www.meydan.tv\\\/az\\\/article\\\/reyestrden-kecmeyen-saytlara-qarsi-tezyiqler-baslayib-saytlardan-biri-mehkemeye-verilib\\\/#breadcrumb\",\"itemListElement\":[{\"@type\":\"ListItem\",\"position\":1,\"name\":\"Ana s\u0259hif\u0259\",\"item\":\"https:\\\/\\\/www.meydan.tv\\\/az\\\/\"},{\"@type\":\"ListItem\",\"position\":2,\"name\":\"Siyas\u0259t\",\"item\":\"https:\\\/\\\/www.meydan.tv\\\/az\\\/section\\\/siyaset\\\/\"},{\"@type\":\"ListItem\",\"position\":3,\"name\":\"Reyestrd\u0259n ke\u00e7m\u0259y\u0259n saytlara qar\u015f\u0131 t\u0259zyiql\u0259r ba\u015flay\u0131b: Saytlardan biri m\u0259hk\u0259m\u0259y\u0259 verilib\"}]},{\"@type\":\"WebSite\",\"@id\":\"https:\\\/\\\/www.meydan.tv\\\/az\\\/#website\",\"url\":\"https:\\\/\\\/www.meydan.tv\\\/az\\\/\",\"name\":\"MEYDAN.TV\",\"description\":\"Meydan TV Az\u0259rbaycan\u0131n media m\u0259kan\u0131ndak\u0131 alternativ s\u0259sidir\",\"publisher\":{\"@id\":\"https:\\\/\\\/www.meydan.tv\\\/az\\\/#organization\"},\"potentialAction\":[{\"@type\":\"SearchAction\",\"target\":{\"@type\":\"EntryPoint\",\"urlTemplate\":\"https:\\\/\\\/www.meydan.tv\\\/az\\\/?s={search_term_string}\"},\"query-input\":{\"@type\":\"PropertyValueSpecification\",\"valueRequired\":true,\"valueName\":\"search_term_string\"}}],\"inLanguage\":\"az\"},{\"@type\":\"Organization\",\"@id\":\"https:\\\/\\\/www.meydan.tv\\\/az\\\/#organization\",\"name\":\"Meydan TV\",\"url\":\"https:\\\/\\\/www.meydan.tv\\\/az\\\/\",\"logo\":{\"@type\":\"ImageObject\",\"inLanguage\":\"az\",\"@id\":\"https:\\\/\\\/www.meydan.tv\\\/az\\\/#\\\/schema\\\/logo\\\/image\\\/\",\"url\":\"https:\\\/\\\/www.meydan.tv\\\/wp-content\\\/uploads\\\/2021\\\/07\\\/meydan-logo.svg\",\"contentUrl\":\"https:\\\/\\\/www.meydan.tv\\\/wp-content\\\/uploads\\\/2021\\\/07\\\/meydan-logo.svg\",\"width\":195,\"height\":46,\"caption\":\"Meydan TV\"},\"image\":{\"@id\":\"https:\\\/\\\/www.meydan.tv\\\/az\\\/#\\\/schema\\\/logo\\\/image\\\/\"}},{\"@type\":\"Person\",\"@id\":\"https:\\\/\\\/www.meydan.tv\\\/az\\\/#\\\/schema\\\/person\\\/9cdbecf90d17180ce1dfbd95b08dcf47\",\"name\":\"elli\",\"sameAs\":[\"https:\\\/\\\/x.com\\\/elli\"]}]}<\/script>\n<!-- \/ Yoast SEO plugin. -->","yoast_head_json":{"title":"Reyestrd\u0259n ke\u00e7m\u0259y\u0259n saytlara qar\u015f\u0131 t\u0259zyiql\u0259r ba\u015flay\u0131b: Saytlardan biri m\u0259hk\u0259m\u0259y\u0259 verilib - MEYDAN.TV","robots":{"index":"index","follow":"follow","max-snippet":"max-snippet:-1","max-image-preview":"max-image-preview:large","max-video-preview":"max-video-preview:-1"},"canonical":"https:\/\/www.meydan.tv\/az\/article\/reyestrden-kecmeyen-saytlara-qarsi-tezyiqler-baslayib-saytlardan-biri-mehkemeye-verilib\/","og_locale":"az_AZ","og_type":"article","og_title":"Reyestrd\u0259n ke\u00e7m\u0259y\u0259n saytlara qar\u015f\u0131 t\u0259zyiql\u0259r ba\u015flay\u0131b: Saytlardan biri m\u0259hk\u0259m\u0259y\u0259 verilib - MEYDAN.TV","og_description":"H\u00fcquq\u015f\u00fcnas bunu ifad\u0259 azadl\u0131\u011f\u0131 pozuntusu kimi qiym\u0259tl\u0259ndirir Median\u0131n \u0130nki\u015faf\u0131 Agentliyi ... Davam\u0131","og_url":"https:\/\/www.meydan.tv\/az\/article\/reyestrden-kecmeyen-saytlara-qarsi-tezyiqler-baslayib-saytlardan-biri-mehkemeye-verilib\/","og_site_name":"MEYDAN.TV","article_published_time":"2023-11-10T08:27:25+00:00","article_modified_time":"2023-11-10T08:27:29+00:00","og_image":[{"width":1200,"height":800,"url":"https:\/\/www.meydan.tv\/wp-content\/uploads\/untitled-design-8-17.jpg","type":"image\/jpeg"}],"author":"elli","twitter_card":"summary_large_image","twitter_creator":"@elli","schema":{"@context":"https:\/\/schema.org","@graph":[{"@type":"Article","@id":"https:\/\/www.meydan.tv\/az\/article\/reyestrden-kecmeyen-saytlara-qarsi-tezyiqler-baslayib-saytlardan-biri-mehkemeye-verilib\/#article","isPartOf":{"@id":"https:\/\/www.meydan.tv\/az\/article\/reyestrden-kecmeyen-saytlara-qarsi-tezyiqler-baslayib-saytlardan-biri-mehkemeye-verilib\/"},"author":{"name":"elli","@id":"https:\/\/www.meydan.tv\/az\/#\/schema\/person\/9cdbecf90d17180ce1dfbd95b08dcf47"},"headline":"Reyestrd\u0259n ke\u00e7m\u0259y\u0259n saytlara qar\u015f\u0131 t\u0259zyiql\u0259r ba\u015flay\u0131b: Saytlardan biri m\u0259hk\u0259m\u0259y\u0259 verilib","datePublished":"2023-11-10T08:27:25+00:00","dateModified":"2023-11-10T08:27:29+00:00","mainEntityOfPage":{"@id":"https:\/\/www.meydan.tv\/az\/article\/reyestrden-kecmeyen-saytlara-qarsi-tezyiqler-baslayib-saytlardan-biri-mehkemeye-verilib\/"},"wordCount":759,"publisher":{"@id":"https:\/\/www.meydan.tv\/az\/#organization"},"image":{"@id":"https:\/\/www.meydan.tv\/az\/article\/reyestrden-kecmeyen-saytlara-qarsi-tezyiqler-baslayib-saytlardan-biri-mehkemeye-verilib\/#primaryimage"},"thumbnailUrl":"https:\/\/www.meydan.tv\/wp-content\/uploads\/untitled-design-8-17.jpg","articleSection":["Siyas\u0259t","X\u0259b\u0259rl\u0259r"],"inLanguage":"az"},{"@type":"WebPage","@id":"https:\/\/www.meydan.tv\/az\/article\/reyestrden-kecmeyen-saytlara-qarsi-tezyiqler-baslayib-saytlardan-biri-mehkemeye-verilib\/","url":"https:\/\/www.meydan.tv\/az\/article\/reyestrden-kecmeyen-saytlara-qarsi-tezyiqler-baslayib-saytlardan-biri-mehkemeye-verilib\/","name":"Reyestrd\u0259n ke\u00e7m\u0259y\u0259n saytlara qar\u015f\u0131 t\u0259zyiql\u0259r ba\u015flay\u0131b: Saytlardan biri m\u0259hk\u0259m\u0259y\u0259 verilib - MEYDAN.TV","isPartOf":{"@id":"https:\/\/www.meydan.tv\/az\/#website"},"primaryImageOfPage":{"@id":"https:\/\/www.meydan.tv\/az\/article\/reyestrden-kecmeyen-saytlara-qarsi-tezyiqler-baslayib-saytlardan-biri-mehkemeye-verilib\/#primaryimage"},"image":{"@id":"https:\/\/www.meydan.tv\/az\/article\/reyestrden-kecmeyen-saytlara-qarsi-tezyiqler-baslayib-saytlardan-biri-mehkemeye-verilib\/#primaryimage"},"thumbnailUrl":"https:\/\/www.meydan.tv\/wp-content\/uploads\/untitled-design-8-17.jpg","datePublished":"2023-11-10T08:27:25+00:00","dateModified":"2023-11-10T08:27:29+00:00","breadcrumb":{"@id":"https:\/\/www.meydan.tv\/az\/article\/reyestrden-kecmeyen-saytlara-qarsi-tezyiqler-baslayib-saytlardan-biri-mehkemeye-verilib\/#breadcrumb"},"inLanguage":"az","potentialAction":[{"@type":"ReadAction","target":["https:\/\/www.meydan.tv\/az\/article\/reyestrden-kecmeyen-saytlara-qarsi-tezyiqler-baslayib-saytlardan-biri-mehkemeye-verilib\/"]}]},{"@type":"ImageObject","inLanguage":"az","@id":"https:\/\/www.meydan.tv\/az\/article\/reyestrden-kecmeyen-saytlara-qarsi-tezyiqler-baslayib-saytlardan-biri-mehkemeye-verilib\/#primaryimage","url":"https:\/\/www.meydan.tv\/wp-content\/uploads\/untitled-design-8-17.jpg","contentUrl":"https:\/\/www.meydan.tv\/wp-content\/uploads\/untitled-design-8-17.jpg","width":1200,"height":800,"caption":"Median\u0131n \u0130nki\u015faf\u0131 Agentliyi"},{"@type":"BreadcrumbList","@id":"https:\/\/www.meydan.tv\/az\/article\/reyestrden-kecmeyen-saytlara-qarsi-tezyiqler-baslayib-saytlardan-biri-mehkemeye-verilib\/#breadcrumb","itemListElement":[{"@type":"ListItem","position":1,"name":"Ana s\u0259hif\u0259","item":"https:\/\/www.meydan.tv\/az\/"},{"@type":"ListItem","position":2,"name":"Siyas\u0259t","item":"https:\/\/www.meydan.tv\/az\/section\/siyaset\/"},{"@type":"ListItem","position":3,"name":"Reyestrd\u0259n ke\u00e7m\u0259y\u0259n saytlara qar\u015f\u0131 t\u0259zyiql\u0259r ba\u015flay\u0131b: Saytlardan biri m\u0259hk\u0259m\u0259y\u0259 verilib"}]},{"@type":"WebSite","@id":"https:\/\/www.meydan.tv\/az\/#website","url":"https:\/\/www.meydan.tv\/az\/","name":"MEYDAN.TV","description":"Meydan TV Az\u0259rbaycan\u0131n media m\u0259kan\u0131ndak\u0131 alternativ s\u0259sidir","publisher":{"@id":"https:\/\/www.meydan.tv\/az\/#organization"},"potentialAction":[{"@type":"SearchAction","target":{"@type":"EntryPoint","urlTemplate":"https:\/\/www.meydan.tv\/az\/?s={search_term_string}"},"query-input":{"@type":"PropertyValueSpecification","valueRequired":true,"valueName":"search_term_string"}}],"inLanguage":"az"},{"@type":"Organization","@id":"https:\/\/www.meydan.tv\/az\/#organization","name":"Meydan TV","url":"https:\/\/www.meydan.tv\/az\/","logo":{"@type":"ImageObject","inLanguage":"az","@id":"https:\/\/www.meydan.tv\/az\/#\/schema\/logo\/image\/","url":"https:\/\/www.meydan.tv\/wp-content\/uploads\/2021\/07\/meydan-logo.svg","contentUrl":"https:\/\/www.meydan.tv\/wp-content\/uploads\/2021\/07\/meydan-logo.svg","width":195,"height":46,"caption":"Meydan TV"},"image":{"@id":"https:\/\/www.meydan.tv\/az\/#\/schema\/logo\/image\/"}},{"@type":"Person","@id":"https:\/\/www.meydan.tv\/az\/#\/schema\/person\/9cdbecf90d17180ce1dfbd95b08dcf47","name":"elli","sameAs":["https:\/\/x.com\/elli"]}]}},"_links":{"self":[{"href":"https:\/\/www.meydan.tv\/az\/wp-json\/wp\/v2\/posts\/290084","targetHints":{"allow":["GET"]}}],"collection":[{"href":"https:\/\/www.meydan.tv\/az\/wp-json\/wp\/v2\/posts"}],"about":[{"href":"https:\/\/www.meydan.tv\/az\/wp-json\/wp\/v2\/types\/post"}],"author":[{"embeddable":true,"href":"https:\/\/www.meydan.tv\/az\/wp-json\/wp\/v2\/users\/8"}],"replies":[{"embeddable":true,"href":"https:\/\/www.meydan.tv\/az\/wp-json\/wp\/v2\/comments?post=290084"}],"version-history":[{"count":3,"href":"https:\/\/www.meydan.tv\/az\/wp-json\/wp\/v2\/posts\/290084\/revisions"}],"predecessor-version":[{"id":290094,"href":"https:\/\/www.meydan.tv\/az\/wp-json\/wp\/v2\/posts\/290084\/revisions\/290094"}],"wp:featuredmedia":[{"embeddable":true,"href":"https:\/\/www.meydan.tv\/az\/wp-json\/wp\/v2\/media\/258831"}],"wp:attachment":[{"href":"https:\/\/www.meydan.tv\/az\/wp-json\/wp\/v2\/media?parent=290084"}],"wp:term":[{"taxonomy":"category","embeddable":true,"href":"https:\/\/www.meydan.tv\/az\/wp-json\/wp\/v2\/categories?post=290084"},{"taxonomy":"post_tag","embeddable":true,"href":"https:\/\/www.meydan.tv\/az\/wp-json\/wp\/v2\/tags?post=290084"}],"curies":[{"name":"wp","href":"https:\/\/api.w.org\/{rel}","templated":true}]}}