{"id":290013,"date":"2023-11-08T13:34:44","date_gmt":"2023-11-08T09:34:44","guid":{"rendered":"https:\/\/www.meydan.tv\/?p=290013"},"modified":"2023-11-08T13:34:47","modified_gmt":"2023-11-08T09:34:47","slug":"azerbaycan-ordusu-xankendide-herbi-parad-kecirib-eliyev-de-istirak-edib","status":"publish","type":"post","link":"https:\/\/www.meydan.tv\/az\/article\/azerbaycan-ordusu-xankendide-herbi-parad-kecirib-eliyev-de-istirak-edib\/","title":{"rendered":"Az\u0259rbaycan ordusu Xank\u0259ndid\u0259 h\u0259rbi parad ke\u00e7irib, \u018fliyev d\u0259 i\u015ftirak edib"},"content":{"rendered":"\n<p><\/p>\n\n\n\n<p><strong><em>Parad\u0131n Z\u0259f\u0259r G\u00fcn\u00fc il\u0259 ba\u011fl\u0131 ke\u00e7irildiyi a\u00e7\u0131qlan\u0131b<\/em><\/strong><\/p>\n\n\n\n<p>Bu g\u00fcn, noyabr\u0131n 8-d\u0259 Z\u0259f\u0259r G\u00fcn\u00fc il\u0259 \u0259laq\u0259dar Az\u0259rbaycan ordusunun Xank\u0259ndid\u0259 h\u0259rbi parad ke\u00e7irdiyi bildirilir.<\/p>\n\n\n\n<p>Paradda Prezident \u0130lham \u018fliyev v\u0259 Birinci vitse-prezident Mehriban \u018fliyeva da i\u015ftirak edib.<\/p>\n\n\n\n<p>3 ildir ki, Az\u0259rbaycanda II Qaraba\u011f m\u00fcharib\u0259sinin n\u0259tic\u0259si olaraq 8 Noyabr Z\u0259f\u0259r G\u00fcn\u00fc kimi qeyd olunur.<\/p>\n\n\n\n<p>Z\u0259f\u0259r G\u00fcn\u00fc Az\u0259rbaycan Prezidenti \u0130lham \u018fliyevin 2 dekabr 2020-ci il tarixli F\u0259rman\u0131 il\u0259 \u015eu\u015fa \u015f\u0259h\u0259rinin noyabr\u0131n 8-d\u0259 azad edilm\u0259si il\u0259 \u0259laq\u0259dar elan edilib.<\/p>\n\n\n\n<p>2020-ci ild\u0259 Az\u0259rbaycan\u0131n 1992-1994-c\u00fc ill\u0259rd\u0259 Erm\u0259nistan t\u0259r\u0259find\u0259n i\u015f\u011fal olunan \u0259razil\u0259rinin bir hiss\u0259si azad edilib.<\/p>\n\n\n\n<p>27 sentyabrda ba\u015flayan v\u0259 44 g\u00fcn davam ed\u0259n m\u00fcharib\u0259 Az\u0259rbaycan, Rusiya v\u0259 Erm\u0259nistan\u0131n d\u00f6vl\u0259t ba\u015f\u00e7\u0131lar\u0131n\u0131n noyabr\u0131n 10-da imzalad\u0131\u011f\u0131 \u00fc\u00e7t\u0259r\u0259fli b\u0259yannam\u0259 il\u0259 dayand\u0131r\u0131l\u0131b.<\/p>\n\n\n\n<p>Ard\u0131nca Erm\u0259nistan \u00f6z qo\u015funlar\u0131n\u0131 A\u011fdam, La\u00e7\u0131n v\u0259 K\u0259lb\u0259c\u0259r rayonlar\u0131ndan \u00e7\u0131xar\u0131b.<\/p>\n\n\n\n<p>Az\u0259rbaycan M\u00fcdafi\u0259 Nazirliyi 2023-c\u00fc ilin sentyabr\u0131n 19-da Qaraba\u011fda lokal h\u0259rbi \u0259m\u0259liyyatlara ba\u015flad\u0131\u011f\u0131n\u0131 a\u00e7\u0131qlay\u0131b.<\/p>\n\n\n\n<p>Qurumun yayd\u0131\u011f\u0131 r\u0259smi m\u0259lumatda deyilirdi ki, s\u0259b\u0259b t\u00f6r\u0259dil\u0259n geni\u015fmiqyasl\u0131 t\u0259xribatlar\u0131n qar\u015f\u0131s\u0131n\u0131n al\u0131nmas\u0131, Erm\u0259nistan silahl\u0131 q\u00fcvv\u0259l\u0259rinin birl\u0259\u015fm\u0259l\u0259rinin t\u0259rksilah edil\u0259r\u0259k \u0259razid\u0259n \u00e7\u0131xar\u0131lmas\u0131, onlar\u0131n h\u0259rbi infrastrukturunun z\u0259r\u0259rsizl\u0259\u015fdirilm\u0259sidir.<\/p>\n\n\n\n<p>Sentyabr\u0131n 28-d\u0259 is\u0259 Qaraba\u011fda f\u0259aliyy\u0259t g\u00f6st\u0259r\u0259n separat\u00e7\u0131 rejimin r\u0259hb\u0259ri Samvel \u015eahramanyan \u201crespublika\u201dn\u0131n burax\u0131lmas\u0131 bar\u0259d\u0259 f\u0259rman imzalay\u0131b.<\/p>\n\n\n\n<p>O, f\u0259rman\u0131 19 sentyabr 2023-c\u00fc ild\u0259n sonra yaranm\u0131\u015f v\u0259ziyy\u0259tl\u0259 \u0259laq\u0259l\u0259ndirib.<\/p>\n\n\n\n<p>Oktyabr\u0131n 15-d\u0259 is\u0259 Prezident \u0130lham \u018fliyev Xank\u0259ndi \u015f\u0259h\u0259rin\u0259 s\u0259f\u0259r edib.<\/p>\n\n\n\n<p>D\u00f6vl\u0259t ba\u015f\u00e7\u0131s\u0131 Xank\u0259ndid\u0259 Az\u0259rbaycan bayra\u011f\u0131n\u0131 qald\u0131r\u0131b v\u0259 \u00e7\u0131x\u0131\u015f edib.<\/p>\n\n\n\n<p>Prezident Az\u0259rbaycan\u0131n \u00f6z suverenliyini tam b\u0259rpa etdiyini, Qaraba\u011f probleminin bitdiyini, m\u00fcnaqi\u015f\u0259nin ba\u015fa \u00e7atd\u0131\u011f\u0131n\u0131 deyib.<\/p>\n\n\n\n<p>Az\u0259rbaycan v\u0259 Erm\u0259nistan aras\u0131nda indiy\u0259 kimi h\u0259l\u0259 d\u0259 s\u00fclh sazi\u015fi imzalanmay\u0131b.<\/p>\n","protected":false},"excerpt":{"rendered":"<p>Parad\u0131n Z\u0259f\u0259r G\u00fcn\u00fc il\u0259 ba\u011fl\u0131 ke\u00e7irildiyi a\u00e7\u0131qlan\u0131b Bu g\u00fcn, noyabr\u0131n &#8230; <\/p>\n<p class=\"read-more-container\"><a title=\"Az\u0259rbaycan ordusu Xank\u0259ndid\u0259 h\u0259rbi parad ke\u00e7irib, \u018fliyev d\u0259 i\u015ftirak edib\" class=\"read-more button\" href=\"https:\/\/www.meydan.tv\/az\/article\/azerbaycan-ordusu-xankendide-herbi-parad-kecirib-eliyev-de-istirak-edib\/#more-290013\" aria-label=\"Read more about Az\u0259rbaycan ordusu Xank\u0259ndid\u0259 h\u0259rbi parad ke\u00e7irib, \u018fliyev d\u0259 i\u015ftirak edib\">Davam\u0131<\/a><\/p>\n","protected":false},"author":8,"featured_media":290010,"comment_status":"closed","ping_status":"closed","sticky":false,"template":"","format":"standard","meta":{"_acf_changed":false,"_sitemap_exclude":false,"_sitemap_priority":"","_sitemap_frequency":"","footnotes":""},"categories":[59,79,56],"tags":[],"class_list":["post-290013","post","type-post","status-publish","format-standard","has-post-thumbnail","hentry","category-siyaset","category-featured","category-xeberler","infinite-scroll-item","generate-columns","tablet-grid-50","mobile-grid-100","grid-parent","grid-33","no-featured-image-padding"],"acf":[],"yoast_head":"<!-- This site is optimized with the Yoast SEO plugin v27.4 - https:\/\/yoast.com\/product\/yoast-seo-wordpress\/ -->\n<title>Az\u0259rbaycan ordusu Xank\u0259ndid\u0259 h\u0259rbi parad ke\u00e7irib, \u018fliyev d\u0259 i\u015ftirak edib - MEYDAN.TV<\/title>\n<meta name=\"robots\" content=\"index, follow, max-snippet:-1, max-image-preview:large, max-video-preview:-1\" \/>\n<link rel=\"canonical\" href=\"https:\/\/www.meydan.tv\/az\/article\/azerbaycan-ordusu-xankendide-herbi-parad-kecirib-eliyev-de-istirak-edib\/\" \/>\n<meta property=\"og:locale\" content=\"az_AZ\" \/>\n<meta property=\"og:type\" content=\"article\" \/>\n<meta property=\"og:title\" content=\"Az\u0259rbaycan ordusu Xank\u0259ndid\u0259 h\u0259rbi parad ke\u00e7irib, \u018fliyev d\u0259 i\u015ftirak edib - MEYDAN.TV\" \/>\n<meta property=\"og:description\" content=\"Parad\u0131n Z\u0259f\u0259r G\u00fcn\u00fc il\u0259 ba\u011fl\u0131 ke\u00e7irildiyi a\u00e7\u0131qlan\u0131b Bu g\u00fcn, noyabr\u0131n ... Davam\u0131\" \/>\n<meta property=\"og:url\" content=\"https:\/\/www.meydan.tv\/az\/article\/azerbaycan-ordusu-xankendide-herbi-parad-kecirib-eliyev-de-istirak-edib\/\" \/>\n<meta property=\"og:site_name\" content=\"MEYDAN.TV\" \/>\n<meta property=\"article:published_time\" content=\"2023-11-08T09:34:44+00:00\" \/>\n<meta property=\"article:modified_time\" content=\"2023-11-08T09:34:47+00:00\" \/>\n<meta property=\"og:image\" content=\"https:\/\/www.meydan.tv\/wp-content\/uploads\/16994327412778154419_1200x630.jpg\" \/>\n\t<meta property=\"og:image:width\" content=\"1200\" \/>\n\t<meta property=\"og:image:height\" content=\"680\" \/>\n\t<meta property=\"og:image:type\" content=\"image\/jpeg\" \/>\n<meta name=\"author\" content=\"elli\" \/>\n<meta name=\"twitter:card\" content=\"summary_large_image\" \/>\n<meta name=\"twitter:creator\" content=\"@elli\" \/>\n<script type=\"application\/ld+json\" class=\"yoast-schema-graph\">{\"@context\":\"https:\\\/\\\/schema.org\",\"@graph\":[{\"@type\":\"Article\",\"@id\":\"https:\\\/\\\/www.meydan.tv\\\/az\\\/article\\\/azerbaycan-ordusu-xankendide-herbi-parad-kecirib-eliyev-de-istirak-edib\\\/#article\",\"isPartOf\":{\"@id\":\"https:\\\/\\\/www.meydan.tv\\\/az\\\/article\\\/azerbaycan-ordusu-xankendide-herbi-parad-kecirib-eliyev-de-istirak-edib\\\/\"},\"author\":{\"name\":\"elli\",\"@id\":\"https:\\\/\\\/www.meydan.tv\\\/az\\\/#\\\/schema\\\/person\\\/9cdbecf90d17180ce1dfbd95b08dcf47\"},\"headline\":\"Az\u0259rbaycan ordusu Xank\u0259ndid\u0259 h\u0259rbi parad ke\u00e7irib, \u018fliyev d\u0259 i\u015ftirak edib\",\"datePublished\":\"2023-11-08T09:34:44+00:00\",\"dateModified\":\"2023-11-08T09:34:47+00:00\",\"mainEntityOfPage\":{\"@id\":\"https:\\\/\\\/www.meydan.tv\\\/az\\\/article\\\/azerbaycan-ordusu-xankendide-herbi-parad-kecirib-eliyev-de-istirak-edib\\\/\"},\"wordCount\":403,\"publisher\":{\"@id\":\"https:\\\/\\\/www.meydan.tv\\\/az\\\/#organization\"},\"image\":{\"@id\":\"https:\\\/\\\/www.meydan.tv\\\/az\\\/article\\\/azerbaycan-ordusu-xankendide-herbi-parad-kecirib-eliyev-de-istirak-edib\\\/#primaryimage\"},\"thumbnailUrl\":\"https:\\\/\\\/www.meydan.tv\\\/wp-content\\\/uploads\\\/16994327412778154419_1200x630.jpg\",\"articleSection\":[\"Siyas\u0259t\",\"T\u00f6vsiy\u0259\",\"X\u0259b\u0259rl\u0259r\"],\"inLanguage\":\"az\"},{\"@type\":\"WebPage\",\"@id\":\"https:\\\/\\\/www.meydan.tv\\\/az\\\/article\\\/azerbaycan-ordusu-xankendide-herbi-parad-kecirib-eliyev-de-istirak-edib\\\/\",\"url\":\"https:\\\/\\\/www.meydan.tv\\\/az\\\/article\\\/azerbaycan-ordusu-xankendide-herbi-parad-kecirib-eliyev-de-istirak-edib\\\/\",\"name\":\"Az\u0259rbaycan ordusu Xank\u0259ndid\u0259 h\u0259rbi parad ke\u00e7irib, \u018fliyev d\u0259 i\u015ftirak edib - MEYDAN.TV\",\"isPartOf\":{\"@id\":\"https:\\\/\\\/www.meydan.tv\\\/az\\\/#website\"},\"primaryImageOfPage\":{\"@id\":\"https:\\\/\\\/www.meydan.tv\\\/az\\\/article\\\/azerbaycan-ordusu-xankendide-herbi-parad-kecirib-eliyev-de-istirak-edib\\\/#primaryimage\"},\"image\":{\"@id\":\"https:\\\/\\\/www.meydan.tv\\\/az\\\/article\\\/azerbaycan-ordusu-xankendide-herbi-parad-kecirib-eliyev-de-istirak-edib\\\/#primaryimage\"},\"thumbnailUrl\":\"https:\\\/\\\/www.meydan.tv\\\/wp-content\\\/uploads\\\/16994327412778154419_1200x630.jpg\",\"datePublished\":\"2023-11-08T09:34:44+00:00\",\"dateModified\":\"2023-11-08T09:34:47+00:00\",\"breadcrumb\":{\"@id\":\"https:\\\/\\\/www.meydan.tv\\\/az\\\/article\\\/azerbaycan-ordusu-xankendide-herbi-parad-kecirib-eliyev-de-istirak-edib\\\/#breadcrumb\"},\"inLanguage\":\"az\",\"potentialAction\":[{\"@type\":\"ReadAction\",\"target\":[\"https:\\\/\\\/www.meydan.tv\\\/az\\\/article\\\/azerbaycan-ordusu-xankendide-herbi-parad-kecirib-eliyev-de-istirak-edib\\\/\"]}]},{\"@type\":\"ImageObject\",\"inLanguage\":\"az\",\"@id\":\"https:\\\/\\\/www.meydan.tv\\\/az\\\/article\\\/azerbaycan-ordusu-xankendide-herbi-parad-kecirib-eliyev-de-istirak-edib\\\/#primaryimage\",\"url\":\"https:\\\/\\\/www.meydan.tv\\\/wp-content\\\/uploads\\\/16994327412778154419_1200x630.jpg\",\"contentUrl\":\"https:\\\/\\\/www.meydan.tv\\\/wp-content\\\/uploads\\\/16994327412778154419_1200x630.jpg\",\"width\":1200,\"height\":680,\"caption\":\"Foto: \\\"Az\u0259rtac\\\"\"},{\"@type\":\"BreadcrumbList\",\"@id\":\"https:\\\/\\\/www.meydan.tv\\\/az\\\/article\\\/azerbaycan-ordusu-xankendide-herbi-parad-kecirib-eliyev-de-istirak-edib\\\/#breadcrumb\",\"itemListElement\":[{\"@type\":\"ListItem\",\"position\":1,\"name\":\"Ana s\u0259hif\u0259\",\"item\":\"https:\\\/\\\/www.meydan.tv\\\/az\\\/\"},{\"@type\":\"ListItem\",\"position\":2,\"name\":\"Siyas\u0259t\",\"item\":\"https:\\\/\\\/www.meydan.tv\\\/az\\\/section\\\/siyaset\\\/\"},{\"@type\":\"ListItem\",\"position\":3,\"name\":\"Az\u0259rbaycan ordusu Xank\u0259ndid\u0259 h\u0259rbi parad ke\u00e7irib, \u018fliyev d\u0259 i\u015ftirak edib\"}]},{\"@type\":\"WebSite\",\"@id\":\"https:\\\/\\\/www.meydan.tv\\\/az\\\/#website\",\"url\":\"https:\\\/\\\/www.meydan.tv\\\/az\\\/\",\"name\":\"MEYDAN.TV\",\"description\":\"Meydan TV Az\u0259rbaycan\u0131n media m\u0259kan\u0131ndak\u0131 alternativ s\u0259sidir\",\"publisher\":{\"@id\":\"https:\\\/\\\/www.meydan.tv\\\/az\\\/#organization\"},\"potentialAction\":[{\"@type\":\"SearchAction\",\"target\":{\"@type\":\"EntryPoint\",\"urlTemplate\":\"https:\\\/\\\/www.meydan.tv\\\/az\\\/?s={search_term_string}\"},\"query-input\":{\"@type\":\"PropertyValueSpecification\",\"valueRequired\":true,\"valueName\":\"search_term_string\"}}],\"inLanguage\":\"az\"},{\"@type\":\"Organization\",\"@id\":\"https:\\\/\\\/www.meydan.tv\\\/az\\\/#organization\",\"name\":\"Meydan TV\",\"url\":\"https:\\\/\\\/www.meydan.tv\\\/az\\\/\",\"logo\":{\"@type\":\"ImageObject\",\"inLanguage\":\"az\",\"@id\":\"https:\\\/\\\/www.meydan.tv\\\/az\\\/#\\\/schema\\\/logo\\\/image\\\/\",\"url\":\"https:\\\/\\\/www.meydan.tv\\\/wp-content\\\/uploads\\\/2021\\\/07\\\/meydan-logo.svg\",\"contentUrl\":\"https:\\\/\\\/www.meydan.tv\\\/wp-content\\\/uploads\\\/2021\\\/07\\\/meydan-logo.svg\",\"width\":195,\"height\":46,\"caption\":\"Meydan TV\"},\"image\":{\"@id\":\"https:\\\/\\\/www.meydan.tv\\\/az\\\/#\\\/schema\\\/logo\\\/image\\\/\"}},{\"@type\":\"Person\",\"@id\":\"https:\\\/\\\/www.meydan.tv\\\/az\\\/#\\\/schema\\\/person\\\/9cdbecf90d17180ce1dfbd95b08dcf47\",\"name\":\"elli\",\"sameAs\":[\"https:\\\/\\\/x.com\\\/elli\"]}]}<\/script>\n<!-- \/ Yoast SEO plugin. -->","yoast_head_json":{"title":"Az\u0259rbaycan ordusu Xank\u0259ndid\u0259 h\u0259rbi parad ke\u00e7irib, \u018fliyev d\u0259 i\u015ftirak edib - MEYDAN.TV","robots":{"index":"index","follow":"follow","max-snippet":"max-snippet:-1","max-image-preview":"max-image-preview:large","max-video-preview":"max-video-preview:-1"},"canonical":"https:\/\/www.meydan.tv\/az\/article\/azerbaycan-ordusu-xankendide-herbi-parad-kecirib-eliyev-de-istirak-edib\/","og_locale":"az_AZ","og_type":"article","og_title":"Az\u0259rbaycan ordusu Xank\u0259ndid\u0259 h\u0259rbi parad ke\u00e7irib, \u018fliyev d\u0259 i\u015ftirak edib - MEYDAN.TV","og_description":"Parad\u0131n Z\u0259f\u0259r G\u00fcn\u00fc il\u0259 ba\u011fl\u0131 ke\u00e7irildiyi a\u00e7\u0131qlan\u0131b Bu g\u00fcn, noyabr\u0131n ... Davam\u0131","og_url":"https:\/\/www.meydan.tv\/az\/article\/azerbaycan-ordusu-xankendide-herbi-parad-kecirib-eliyev-de-istirak-edib\/","og_site_name":"MEYDAN.TV","article_published_time":"2023-11-08T09:34:44+00:00","article_modified_time":"2023-11-08T09:34:47+00:00","og_image":[{"width":1200,"height":680,"url":"https:\/\/www.meydan.tv\/wp-content\/uploads\/16994327412778154419_1200x630.jpg","type":"image\/jpeg"}],"author":"elli","twitter_card":"summary_large_image","twitter_creator":"@elli","schema":{"@context":"https:\/\/schema.org","@graph":[{"@type":"Article","@id":"https:\/\/www.meydan.tv\/az\/article\/azerbaycan-ordusu-xankendide-herbi-parad-kecirib-eliyev-de-istirak-edib\/#article","isPartOf":{"@id":"https:\/\/www.meydan.tv\/az\/article\/azerbaycan-ordusu-xankendide-herbi-parad-kecirib-eliyev-de-istirak-edib\/"},"author":{"name":"elli","@id":"https:\/\/www.meydan.tv\/az\/#\/schema\/person\/9cdbecf90d17180ce1dfbd95b08dcf47"},"headline":"Az\u0259rbaycan ordusu Xank\u0259ndid\u0259 h\u0259rbi parad ke\u00e7irib, \u018fliyev d\u0259 i\u015ftirak edib","datePublished":"2023-11-08T09:34:44+00:00","dateModified":"2023-11-08T09:34:47+00:00","mainEntityOfPage":{"@id":"https:\/\/www.meydan.tv\/az\/article\/azerbaycan-ordusu-xankendide-herbi-parad-kecirib-eliyev-de-istirak-edib\/"},"wordCount":403,"publisher":{"@id":"https:\/\/www.meydan.tv\/az\/#organization"},"image":{"@id":"https:\/\/www.meydan.tv\/az\/article\/azerbaycan-ordusu-xankendide-herbi-parad-kecirib-eliyev-de-istirak-edib\/#primaryimage"},"thumbnailUrl":"https:\/\/www.meydan.tv\/wp-content\/uploads\/16994327412778154419_1200x630.jpg","articleSection":["Siyas\u0259t","T\u00f6vsiy\u0259","X\u0259b\u0259rl\u0259r"],"inLanguage":"az"},{"@type":"WebPage","@id":"https:\/\/www.meydan.tv\/az\/article\/azerbaycan-ordusu-xankendide-herbi-parad-kecirib-eliyev-de-istirak-edib\/","url":"https:\/\/www.meydan.tv\/az\/article\/azerbaycan-ordusu-xankendide-herbi-parad-kecirib-eliyev-de-istirak-edib\/","name":"Az\u0259rbaycan ordusu Xank\u0259ndid\u0259 h\u0259rbi parad ke\u00e7irib, \u018fliyev d\u0259 i\u015ftirak edib - MEYDAN.TV","isPartOf":{"@id":"https:\/\/www.meydan.tv\/az\/#website"},"primaryImageOfPage":{"@id":"https:\/\/www.meydan.tv\/az\/article\/azerbaycan-ordusu-xankendide-herbi-parad-kecirib-eliyev-de-istirak-edib\/#primaryimage"},"image":{"@id":"https:\/\/www.meydan.tv\/az\/article\/azerbaycan-ordusu-xankendide-herbi-parad-kecirib-eliyev-de-istirak-edib\/#primaryimage"},"thumbnailUrl":"https:\/\/www.meydan.tv\/wp-content\/uploads\/16994327412778154419_1200x630.jpg","datePublished":"2023-11-08T09:34:44+00:00","dateModified":"2023-11-08T09:34:47+00:00","breadcrumb":{"@id":"https:\/\/www.meydan.tv\/az\/article\/azerbaycan-ordusu-xankendide-herbi-parad-kecirib-eliyev-de-istirak-edib\/#breadcrumb"},"inLanguage":"az","potentialAction":[{"@type":"ReadAction","target":["https:\/\/www.meydan.tv\/az\/article\/azerbaycan-ordusu-xankendide-herbi-parad-kecirib-eliyev-de-istirak-edib\/"]}]},{"@type":"ImageObject","inLanguage":"az","@id":"https:\/\/www.meydan.tv\/az\/article\/azerbaycan-ordusu-xankendide-herbi-parad-kecirib-eliyev-de-istirak-edib\/#primaryimage","url":"https:\/\/www.meydan.tv\/wp-content\/uploads\/16994327412778154419_1200x630.jpg","contentUrl":"https:\/\/www.meydan.tv\/wp-content\/uploads\/16994327412778154419_1200x630.jpg","width":1200,"height":680,"caption":"Foto: \"Az\u0259rtac\""},{"@type":"BreadcrumbList","@id":"https:\/\/www.meydan.tv\/az\/article\/azerbaycan-ordusu-xankendide-herbi-parad-kecirib-eliyev-de-istirak-edib\/#breadcrumb","itemListElement":[{"@type":"ListItem","position":1,"name":"Ana s\u0259hif\u0259","item":"https:\/\/www.meydan.tv\/az\/"},{"@type":"ListItem","position":2,"name":"Siyas\u0259t","item":"https:\/\/www.meydan.tv\/az\/section\/siyaset\/"},{"@type":"ListItem","position":3,"name":"Az\u0259rbaycan ordusu Xank\u0259ndid\u0259 h\u0259rbi parad ke\u00e7irib, \u018fliyev d\u0259 i\u015ftirak edib"}]},{"@type":"WebSite","@id":"https:\/\/www.meydan.tv\/az\/#website","url":"https:\/\/www.meydan.tv\/az\/","name":"MEYDAN.TV","description":"Meydan TV Az\u0259rbaycan\u0131n media m\u0259kan\u0131ndak\u0131 alternativ s\u0259sidir","publisher":{"@id":"https:\/\/www.meydan.tv\/az\/#organization"},"potentialAction":[{"@type":"SearchAction","target":{"@type":"EntryPoint","urlTemplate":"https:\/\/www.meydan.tv\/az\/?s={search_term_string}"},"query-input":{"@type":"PropertyValueSpecification","valueRequired":true,"valueName":"search_term_string"}}],"inLanguage":"az"},{"@type":"Organization","@id":"https:\/\/www.meydan.tv\/az\/#organization","name":"Meydan TV","url":"https:\/\/www.meydan.tv\/az\/","logo":{"@type":"ImageObject","inLanguage":"az","@id":"https:\/\/www.meydan.tv\/az\/#\/schema\/logo\/image\/","url":"https:\/\/www.meydan.tv\/wp-content\/uploads\/2021\/07\/meydan-logo.svg","contentUrl":"https:\/\/www.meydan.tv\/wp-content\/uploads\/2021\/07\/meydan-logo.svg","width":195,"height":46,"caption":"Meydan TV"},"image":{"@id":"https:\/\/www.meydan.tv\/az\/#\/schema\/logo\/image\/"}},{"@type":"Person","@id":"https:\/\/www.meydan.tv\/az\/#\/schema\/person\/9cdbecf90d17180ce1dfbd95b08dcf47","name":"elli","sameAs":["https:\/\/x.com\/elli"]}]}},"_links":{"self":[{"href":"https:\/\/www.meydan.tv\/az\/wp-json\/wp\/v2\/posts\/290013","targetHints":{"allow":["GET"]}}],"collection":[{"href":"https:\/\/www.meydan.tv\/az\/wp-json\/wp\/v2\/posts"}],"about":[{"href":"https:\/\/www.meydan.tv\/az\/wp-json\/wp\/v2\/types\/post"}],"author":[{"embeddable":true,"href":"https:\/\/www.meydan.tv\/az\/wp-json\/wp\/v2\/users\/8"}],"replies":[{"embeddable":true,"href":"https:\/\/www.meydan.tv\/az\/wp-json\/wp\/v2\/comments?post=290013"}],"version-history":[{"count":3,"href":"https:\/\/www.meydan.tv\/az\/wp-json\/wp\/v2\/posts\/290013\/revisions"}],"predecessor-version":[{"id":290016,"href":"https:\/\/www.meydan.tv\/az\/wp-json\/wp\/v2\/posts\/290013\/revisions\/290016"}],"wp:featuredmedia":[{"embeddable":true,"href":"https:\/\/www.meydan.tv\/az\/wp-json\/wp\/v2\/media\/290010"}],"wp:attachment":[{"href":"https:\/\/www.meydan.tv\/az\/wp-json\/wp\/v2\/media?parent=290013"}],"wp:term":[{"taxonomy":"category","embeddable":true,"href":"https:\/\/www.meydan.tv\/az\/wp-json\/wp\/v2\/categories?post=290013"},{"taxonomy":"post_tag","embeddable":true,"href":"https:\/\/www.meydan.tv\/az\/wp-json\/wp\/v2\/tags?post=290013"}],"curies":[{"name":"wp","href":"https:\/\/api.w.org\/{rel}","templated":true}]}}