{"id":290000,"date":"2023-11-07T19:39:30","date_gmt":"2023-11-07T15:39:30","guid":{"rendered":"https:\/\/www.meydan.tv\/?p=290000"},"modified":"2023-11-07T19:52:33","modified_gmt":"2023-11-07T15:52:33","slug":"arif-hacilinin-oglu-hebsde-qaldi","status":"publish","type":"post","link":"https:\/\/www.meydan.tv\/az\/article\/arif-hacilinin-oglu-hebsde-qaldi\/","title":{"rendered":"Arif Hac\u0131l\u0131n\u0131n o\u011flu h\u0259bsd\u0259 qald\u0131"},"content":{"rendered":"\n<figure class=\"wp-block-embed is-type-video is-provider-youtube wp-block-embed-youtube wp-embed-aspect-16-9 wp-has-aspect-ratio\"><div class=\"wp-block-embed__wrapper\">\n<iframe title=\"M\u0259hk\u0259m\u0259 M\u00fcsavat ba\u015fqan\u0131n\u0131n o\u011flunu h\u0259bsd\u0259 saxlad\u0131\" width=\"1200\" height=\"675\" data-src=\"https:\/\/www.youtube.com\/embed\/tVmkFhc3bwE?feature=oembed\" frameborder=\"0\" allow=\"accelerometer; autoplay; clipboard-write; encrypted-media; gyroscope; picture-in-picture; web-share\" allowfullscreen src=\"data:image\/svg+xml;base64,PHN2ZyB3aWR0aD0iMSIgaGVpZ2h0PSIxIiB4bWxucz0iaHR0cDovL3d3dy53My5vcmcvMjAwMC9zdmciPjwvc3ZnPg==\" class=\"lazyload\" data-load-mode=\"1\"><\/iframe>\n<\/div><\/figure>\n\n\n\n<p><strong><em>Orxan Hac\u0131l\u0131n\u0131n \u015fikay\u0259ti t\u0259min olunmad\u0131<\/em><\/strong><\/p>\n\n\n\n<p>M\u00fcsavat Partiyas\u0131n\u0131n ba\u015fqan\u0131 Arif Hac\u0131l\u0131n\u0131n o\u011flu Orxan Hac\u0131l\u0131n\u0131n \u015fikay\u0259ti t\u0259min olunmay\u0131b. Onun istintaq d\u00f6vr\u00fcnd\u0259 h\u0259bsd\u0259 saxlanmas\u0131 bar\u0259d\u0259 Yasamal Rayon M\u0259hk\u0259m\u0259sinin q\u0259rar\u0131ndan veril\u0259n apelyasiya \u015fikay\u0259tin\u0259 noyabr\u0131n 7-d\u0259 Bak\u0131 Apelyasiya M\u0259hk\u0259m\u0259sind\u0259 bax\u0131l\u0131b v\u0259 t\u0259min olunmay\u0131b. Orxan Hac\u0131l\u0131 bar\u0259sind\u0259 2 ayl\u0131q h\u0259bs q\u0259timkan t\u0259dbiri se\u00e7ilm\u0259si haqda q\u0259rar q\u00fcvv\u0259d\u0259 saxlan\u0131b.<\/p>\n\n\n\n<p>V\u0259kil Nem\u0259t K\u0259rimli q\u0259rar\u0131 qanunsuz v\u0259 \u0259sass\u0131z say\u0131r. M\u00fcdafi\u0259\u00e7i deyir ki, Orxan Hac\u0131l\u0131ya ittiham veril\u0259n Cinay\u0259t M\u0259c\u0259ll\u0259sinin 263.1 (yol h\u0259r\u0259k\u0259ti v\u0259 n\u0259qliyyat vasit\u0259l\u0259rinin istismar\u0131 qaydalar\u0131n\u0131 pozma, ehtiyats\u0131zl\u0131qdan z\u0259r\u0259r\u00e7\u0259kmi\u015f \u015f\u0259xsin sa\u011flaml\u0131\u011f\u0131na az a\u011f\u0131r v\u0259 ya a\u011f\u0131r z\u0259r\u0259r vurduqda) v\u0259 264-c\u00fc (hadis\u0259 yerind\u0259n qa\u00e7ma) madd\u0259l\u0259ri b\u00f6y\u00fck ictimai t\u0259hl\u00fck\u0259 t\u00f6r\u0259tm\u0259y\u0259n cinay\u0259tl\u0259r kateqoriyas\u0131na aiddir. Bu madd\u0259l\u0259rd\u0259 c\u0259rim\u0259 v\u0259 ba\u015fqa alternativ c\u0259zalarla yana\u015f\u0131, 2 il\u0259 q\u0259d\u0259r azadl\u0131qdan m\u0259hrumetm\u0259 n\u0259z\u0259rd\u0259 tutulub:<\/p>\n\n\n\n<p><em>\u201cQanun da deyir ki, b\u00f6y\u00fck ictimai t\u0259hl\u00fck\u0259 t\u00f6r\u0259tm\u0259y\u0259n cinay\u0259tl\u0259rd\u0259 ittiham olunan \u015f\u0259xsl\u0259r haqq\u0131nda yaln\u0131z onun cinay\u0259t t\u0259qibi orqan\u0131ndan qa\u00e7\u0131b gizl\u0259nm\u0259siyl\u0259 ba\u011fl\u0131 \u0259sasl\u0131 \u015f\u00fcbh\u0259l\u0259r olanda h\u0259bs q\u0259timkan t\u0259dbiri se\u00e7il\u0259 bil\u0259r. Orxan Hac\u0131l\u0131 hadis\u0259d\u0259n sonra bir ne\u00e7\u0259 d\u0259f\u0259 Yasamal R\u011fayon Polis \u0130dar\u0259sin\u0259 \u00e7a\u011f\u0131r\u0131l\u0131b v\u0259 h\u0259r d\u0259f\u0259 d\u0259 gedib, izahat\u0131n\u0131 verib. Bu da s\u00fcbut edir ki, o, yay\u0131nmay\u0131b. Onun haqq\u0131nda h\u0259bs q\u0259timkan t\u0259dbiri se\u00e7ilm\u0259si d\u0259, bu g\u00fcn h\u0259min q\u0259rar\u0131n q\u00fcvv\u0259d\u0259 saxlanmas\u0131 da tam \u0259sass\u0131z v\u0259 qanunsuz q\u0259rarlard\u0131r\u201d.<\/em><\/p>\n\n\n\n<p>Nem\u0259t K\u0259rimli m\u00fcv\u0259kkilinin t\u0259qsirsiz oldu\u011funu deyir. V\u0259kilin s\u00f6zl\u0259rin\u0259 g\u00f6r\u0259, hadis\u0259 yerinin videog\u00f6r\u00fcnt\u00fcl\u0259ri sosial \u015f\u0259b\u0259k\u0259l\u0259rd\u0259 v\u0259 m\u00fcxt\u0259lif saytlarda yay\u0131l\u0131b:<\/p>\n\n\n\n<p><em>\u201cYay\u0131lan videoda da a\u00e7\u0131q \u015f\u0259kild\u0259 g\u00f6r\u00fcn\u00fcr ki, Orxan Hac\u0131l\u0131n\u0131n idar\u0259 etdiyi avtomobilin qar\u015f\u0131s\u0131na q\u0259fild\u0259n, x\u0259b\u0259rdarl\u0131q i\u015f\u0131\u011f\u0131n\u0131 yand\u0131rmadan ma\u015f\u0131n \u00e7\u0131x\u0131r v\u0259 sola d\u00f6n\u00fcr. Bu zaman q\u0259za ba\u015f verir. Orxan Hac\u0131l\u0131 hadis\u0259d\u0259n sonra d\u00fc\u015f\u00fcb, orada ziyan d\u0259y\u0259n avtomobill\u0259rin s\u00fcr\u00fcc\u00fcl\u0259ril\u0259 g\u00f6r\u00fc\u015f\u00fcb. Y\u0259ni hadis\u0259 yerind\u0259n qa\u00e7ma ittiham\u0131n\u0131n da he\u00e7 bir \u0259sas\u0131 yoxdur. O g\u00f6r\u00fcnt\u00fcl\u0259rd\u0259 hadis\u0259 vaxt\u0131 kimins\u0259 x\u0259sar\u0259t ald\u0131\u011f\u0131 g\u00f6r\u00fcnm\u00fcr. \u0130ndi deyirl\u0259r ki, h\u0259min vaxt s\u0259kid\u0259 oturubmu\u015f, hadis\u0259d\u0259n 2 saat sonra x\u0259st\u0259xanaya gedib. O zaman niy\u0259 20 g\u00fcn \u0259rzind\u0259 Orxan Hac\u0131l\u0131ya deyilmirdi ki, hadis\u0259 n\u0259tic\u0259sind\u0259 x\u0259sar\u0259t alm\u0131\u015f bel\u0259 bir z\u0259r\u0259r\u00e7\u0259kmi\u015f var?\u201d<\/em><\/p>\n\n\n\n<p>V\u0259kil Nem\u0259t K\u0259rimli n\u00f6vb\u0259ti h\u00fcquqi add\u0131m olaraq, m\u00fcv\u0259kkilinin ev dustaql\u0131\u011f\u0131na burax\u0131lmas\u0131 \u00fc\u00e7\u00fcn v\u0259sat\u0259t verm\u0259k niyy\u0259tind\u0259dir.<\/p>\n\n\n\n<p>Orxan Hac\u0131l\u0131 \u00f6z\u00fc d\u0259 ittihamlar\u0131 q\u0259bul etmir, t\u0259qsirsiz oldu\u011funu deyir. O, atas\u0131n\u0131n siyasi f\u0259aliyy\u0259tin\u0259 g\u00f6r\u0259 qisas m\u0259qs\u0259dil\u0259 c\u0259zaland\u0131r\u0131ld\u0131\u011f\u0131n\u0131 d\u00fc\u015f\u00fcn\u00fcr.<\/p>\n\n\n\n<p>El\u0259 M\u00fcsavat ba\u015fqan\u0131 Arif Hac\u0131l\u0131n\u0131n \u00f6z\u00fc d\u0259 bu fikird\u0259dir. O bildirib ki, o\u011flu M\u00fcsavat partiyas\u0131n\u0131n \u00fczv\u00fc olsa da, aktiv siyasi f\u0259aliyy\u0259tl\u0259 m\u0259\u015f\u011ful deyildi. M\u00fcsavat ba\u015fqan\u0131 hesab edir ki, o\u011flu onun siyasi f\u0259aliyy\u0259tin\u0259 g\u00f6r\u0259 h\u0259bs olunub:<\/p>\n\n\n\n<p><em>\u201cM\u0259n 30 ild\u0259n art\u0131qd\u0131r ki, siyasi f\u0259aliyy\u0259tl\u0259 m\u0259\u015f\u011fulam. Uzun ill\u0259rdir ki, m\u0259nim yax\u0131nlar\u0131m t\u0259zyiq alt\u0131nda olub. Qarda\u015flar\u0131m d\u0259f\u0259l\u0259rl\u0259 h\u0259bs edilib. Bir qarda\u015f\u0131m \u2013 Mustafa Hac\u0131b\u0259ylinin \u00fcz\u0259rind\u0259 bu g\u00fcn d\u0259 saxta ittihamla \u015f\u0259rti c\u0259za var, \u00f6lk\u0259d\u0259n \u00e7\u0131xa bilmir\u201d.<\/em><\/p>\n\n\n\n<p>Arif Hac\u0131l\u0131 bildirir ki, Bak\u0131da bu c\u00fcr avtomobil q\u0259zalar\u0131 tez-tez olur. Bel\u0259 q\u0259zaya g\u00f6r\u0259 h\u0259bs hallar\u0131 dem\u0259k olar, yoxdur:<\/p>\n\n\n\n<p><em>\u201cYol q\u0259zalar\u0131nda \u00f6l\u00fcm hal\u0131 yoxdursa, ad\u0259t\u0259n istintaq d\u00f6vr\u00fcnd\u0259 h\u0259bs q\u0259timkan t\u0259dbiri se\u00e7ilmir. Orxan hadis\u0259d\u0259n sonra 4-5 d\u0259f\u0259 Yasamal rayon Polis \u0130dar\u0259sind\u0259 olub, n\u0259 vaxt \u00e7a\u011f\u0131r\u0131blarsa, gedib. Onun bar\u0259sind\u0259 h\u0259bs q\u0259timkan t\u0259dbiri se\u00e7m\u0259y\u0259 n\u0259 ehtiyac vard\u0131? Bu i\u015f o q\u0259d\u0259r a\u011f saplarla tikilib ki, siyasi sifari\u015f oldu\u011funu g\u00f6rm\u0259m\u0259k m\u00fcmk\u00fcn deyil\u201d.<\/em><\/p>\n\n\n\n<p>Hadis\u0259 paytaxt\u0131n Yasamal rayonu, H\u00fcseyn Cavid prospektind\u0259 &#8211; metronun \u201cElml\u0259r Akademiyas\u0131\u201d stansiyas\u0131n\u0131n yax\u0131nl\u0131\u011f\u0131nda ba\u015f verib. Yay\u0131lan videoda g\u00f6r\u00fcn\u00fcr ki, Orxan Hac\u0131l\u0131n\u0131n idar\u0259 etdiyi avtomobil onun \u00f6n\u00fcnd\u0259 manevr ed\u0259r\u0259k, sola d\u00f6n\u0259n ba\u015fqa bir avtomobil\u0259 \u00e7\u0131rp\u0131l\u0131r. Daha sonra z\u0259rb\u0259nin t\u0259sirind\u0259n yolun k\u0259nar\u0131nda dayanm\u0131\u015f ba\u015fqa ma\u015f\u0131nlara d\u0259yir.<\/p>\n","protected":false},"excerpt":{"rendered":"<p>Orxan Hac\u0131l\u0131n\u0131n \u015fikay\u0259ti t\u0259min olunmad\u0131 M\u00fcsavat Partiyas\u0131n\u0131n ba\u015fqan\u0131 Arif Hac\u0131l\u0131n\u0131n &#8230; <\/p>\n<p class=\"read-more-container\"><a title=\"Arif Hac\u0131l\u0131n\u0131n o\u011flu h\u0259bsd\u0259 qald\u0131\" class=\"read-more button\" href=\"https:\/\/www.meydan.tv\/az\/article\/arif-hacilinin-oglu-hebsde-qaldi\/#more-290000\" aria-label=\"Read more about Arif Hac\u0131l\u0131n\u0131n o\u011flu h\u0259bsd\u0259 qald\u0131\">Davam\u0131<\/a><\/p>\n","protected":false},"author":21,"featured_media":289427,"comment_status":"closed","ping_status":"closed","sticky":false,"template":"","format":"standard","meta":{"_acf_changed":false,"_sitemap_exclude":false,"_sitemap_priority":"","_sitemap_frequency":"","footnotes":""},"categories":[59,63,56],"tags":[],"class_list":["post-290000","post","type-post","status-publish","format-standard","has-post-thumbnail","hentry","category-siyaset","category-video-2","category-xeberler","infinite-scroll-item","generate-columns","tablet-grid-50","mobile-grid-100","grid-parent","grid-33","no-featured-image-padding"],"acf":[],"yoast_head":"<!-- This site is optimized with the Yoast SEO plugin v27.4 - https:\/\/yoast.com\/product\/yoast-seo-wordpress\/ -->\n<title>Arif Hac\u0131l\u0131n\u0131n o\u011flu h\u0259bsd\u0259 qald\u0131 - MEYDAN.TV<\/title>\n<meta name=\"robots\" content=\"index, follow, max-snippet:-1, max-image-preview:large, max-video-preview:-1\" \/>\n<link rel=\"canonical\" href=\"https:\/\/www.meydan.tv\/az\/article\/arif-hacilinin-oglu-hebsde-qaldi\/\" \/>\n<meta property=\"og:locale\" content=\"az_AZ\" \/>\n<meta property=\"og:type\" content=\"article\" \/>\n<meta property=\"og:title\" content=\"Arif Hac\u0131l\u0131n\u0131n o\u011flu h\u0259bsd\u0259 qald\u0131 - MEYDAN.TV\" \/>\n<meta property=\"og:description\" content=\"Orxan Hac\u0131l\u0131n\u0131n \u015fikay\u0259ti t\u0259min olunmad\u0131 M\u00fcsavat Partiyas\u0131n\u0131n ba\u015fqan\u0131 Arif Hac\u0131l\u0131n\u0131n ... Davam\u0131\" \/>\n<meta property=\"og:url\" content=\"https:\/\/www.meydan.tv\/az\/article\/arif-hacilinin-oglu-hebsde-qaldi\/\" \/>\n<meta property=\"og:site_name\" content=\"MEYDAN.TV\" \/>\n<meta property=\"article:published_time\" content=\"2023-11-07T15:39:30+00:00\" \/>\n<meta property=\"article:modified_time\" content=\"2023-11-07T15:52:33+00:00\" \/>\n<meta property=\"og:image\" content=\"https:\/\/www.meydan.tv\/wp-content\/uploads\/398051631_852757979824406_2198195926141839758_n-e1698779091906.jpg\" \/>\n\t<meta property=\"og:image:width\" content=\"1200\" \/>\n\t<meta property=\"og:image:height\" content=\"572\" \/>\n\t<meta property=\"og:image:type\" content=\"image\/jpeg\" \/>\n<meta name=\"author\" content=\"mahmud\" \/>\n<meta name=\"twitter:card\" content=\"summary_large_image\" \/>\n<script type=\"application\/ld+json\" class=\"yoast-schema-graph\">{\"@context\":\"https:\\\/\\\/schema.org\",\"@graph\":[{\"@type\":\"Article\",\"@id\":\"https:\\\/\\\/www.meydan.tv\\\/az\\\/article\\\/arif-hacilinin-oglu-hebsde-qaldi\\\/#article\",\"isPartOf\":{\"@id\":\"https:\\\/\\\/www.meydan.tv\\\/az\\\/article\\\/arif-hacilinin-oglu-hebsde-qaldi\\\/\"},\"author\":{\"name\":\"mahmud\",\"@id\":\"https:\\\/\\\/www.meydan.tv\\\/az\\\/#\\\/schema\\\/person\\\/09863e516102a829e72bedcf3f84c6b0\"},\"headline\":\"Arif Hac\u0131l\u0131n\u0131n o\u011flu h\u0259bsd\u0259 qald\u0131\",\"datePublished\":\"2023-11-07T15:39:30+00:00\",\"dateModified\":\"2023-11-07T15:52:33+00:00\",\"mainEntityOfPage\":{\"@id\":\"https:\\\/\\\/www.meydan.tv\\\/az\\\/article\\\/arif-hacilinin-oglu-hebsde-qaldi\\\/\"},\"wordCount\":924,\"publisher\":{\"@id\":\"https:\\\/\\\/www.meydan.tv\\\/az\\\/#organization\"},\"image\":{\"@id\":\"https:\\\/\\\/www.meydan.tv\\\/az\\\/article\\\/arif-hacilinin-oglu-hebsde-qaldi\\\/#primaryimage\"},\"thumbnailUrl\":\"https:\\\/\\\/www.meydan.tv\\\/wp-content\\\/uploads\\\/398051631_852757979824406_2198195926141839758_n-e1698779091906.jpg\",\"articleSection\":[\"Siyas\u0259t\",\"Video\",\"X\u0259b\u0259rl\u0259r\"],\"inLanguage\":\"az\"},{\"@type\":\"WebPage\",\"@id\":\"https:\\\/\\\/www.meydan.tv\\\/az\\\/article\\\/arif-hacilinin-oglu-hebsde-qaldi\\\/\",\"url\":\"https:\\\/\\\/www.meydan.tv\\\/az\\\/article\\\/arif-hacilinin-oglu-hebsde-qaldi\\\/\",\"name\":\"Arif Hac\u0131l\u0131n\u0131n o\u011flu h\u0259bsd\u0259 qald\u0131 - MEYDAN.TV\",\"isPartOf\":{\"@id\":\"https:\\\/\\\/www.meydan.tv\\\/az\\\/#website\"},\"primaryImageOfPage\":{\"@id\":\"https:\\\/\\\/www.meydan.tv\\\/az\\\/article\\\/arif-hacilinin-oglu-hebsde-qaldi\\\/#primaryimage\"},\"image\":{\"@id\":\"https:\\\/\\\/www.meydan.tv\\\/az\\\/article\\\/arif-hacilinin-oglu-hebsde-qaldi\\\/#primaryimage\"},\"thumbnailUrl\":\"https:\\\/\\\/www.meydan.tv\\\/wp-content\\\/uploads\\\/398051631_852757979824406_2198195926141839758_n-e1698779091906.jpg\",\"datePublished\":\"2023-11-07T15:39:30+00:00\",\"dateModified\":\"2023-11-07T15:52:33+00:00\",\"breadcrumb\":{\"@id\":\"https:\\\/\\\/www.meydan.tv\\\/az\\\/article\\\/arif-hacilinin-oglu-hebsde-qaldi\\\/#breadcrumb\"},\"inLanguage\":\"az\",\"potentialAction\":[{\"@type\":\"ReadAction\",\"target\":[\"https:\\\/\\\/www.meydan.tv\\\/az\\\/article\\\/arif-hacilinin-oglu-hebsde-qaldi\\\/\"]}]},{\"@type\":\"ImageObject\",\"inLanguage\":\"az\",\"@id\":\"https:\\\/\\\/www.meydan.tv\\\/az\\\/article\\\/arif-hacilinin-oglu-hebsde-qaldi\\\/#primaryimage\",\"url\":\"https:\\\/\\\/www.meydan.tv\\\/wp-content\\\/uploads\\\/398051631_852757979824406_2198195926141839758_n-e1698779091906.jpg\",\"contentUrl\":\"https:\\\/\\\/www.meydan.tv\\\/wp-content\\\/uploads\\\/398051631_852757979824406_2198195926141839758_n-e1698779091906.jpg\",\"width\":1200,\"height\":572,\"caption\":\"Arif Hac\u0131l\u0131 v\u0259 Orxan Hac\u0131l\u0131. Foto: \\\"Facebook\\\"\"},{\"@type\":\"BreadcrumbList\",\"@id\":\"https:\\\/\\\/www.meydan.tv\\\/az\\\/article\\\/arif-hacilinin-oglu-hebsde-qaldi\\\/#breadcrumb\",\"itemListElement\":[{\"@type\":\"ListItem\",\"position\":1,\"name\":\"Ana s\u0259hif\u0259\",\"item\":\"https:\\\/\\\/www.meydan.tv\\\/az\\\/\"},{\"@type\":\"ListItem\",\"position\":2,\"name\":\"Siyas\u0259t\",\"item\":\"https:\\\/\\\/www.meydan.tv\\\/az\\\/section\\\/siyaset\\\/\"},{\"@type\":\"ListItem\",\"position\":3,\"name\":\"Arif Hac\u0131l\u0131n\u0131n o\u011flu h\u0259bsd\u0259 qald\u0131\"}]},{\"@type\":\"WebSite\",\"@id\":\"https:\\\/\\\/www.meydan.tv\\\/az\\\/#website\",\"url\":\"https:\\\/\\\/www.meydan.tv\\\/az\\\/\",\"name\":\"MEYDAN.TV\",\"description\":\"Meydan TV Az\u0259rbaycan\u0131n media m\u0259kan\u0131ndak\u0131 alternativ s\u0259sidir\",\"publisher\":{\"@id\":\"https:\\\/\\\/www.meydan.tv\\\/az\\\/#organization\"},\"potentialAction\":[{\"@type\":\"SearchAction\",\"target\":{\"@type\":\"EntryPoint\",\"urlTemplate\":\"https:\\\/\\\/www.meydan.tv\\\/az\\\/?s={search_term_string}\"},\"query-input\":{\"@type\":\"PropertyValueSpecification\",\"valueRequired\":true,\"valueName\":\"search_term_string\"}}],\"inLanguage\":\"az\"},{\"@type\":\"Organization\",\"@id\":\"https:\\\/\\\/www.meydan.tv\\\/az\\\/#organization\",\"name\":\"Meydan TV\",\"url\":\"https:\\\/\\\/www.meydan.tv\\\/az\\\/\",\"logo\":{\"@type\":\"ImageObject\",\"inLanguage\":\"az\",\"@id\":\"https:\\\/\\\/www.meydan.tv\\\/az\\\/#\\\/schema\\\/logo\\\/image\\\/\",\"url\":\"https:\\\/\\\/www.meydan.tv\\\/wp-content\\\/uploads\\\/2021\\\/07\\\/meydan-logo.svg\",\"contentUrl\":\"https:\\\/\\\/www.meydan.tv\\\/wp-content\\\/uploads\\\/2021\\\/07\\\/meydan-logo.svg\",\"width\":195,\"height\":46,\"caption\":\"Meydan TV\"},\"image\":{\"@id\":\"https:\\\/\\\/www.meydan.tv\\\/az\\\/#\\\/schema\\\/logo\\\/image\\\/\"}},{\"@type\":\"Person\",\"@id\":\"https:\\\/\\\/www.meydan.tv\\\/az\\\/#\\\/schema\\\/person\\\/09863e516102a829e72bedcf3f84c6b0\",\"name\":\"mahmud\"}]}<\/script>\n<!-- \/ Yoast SEO plugin. -->","yoast_head_json":{"title":"Arif Hac\u0131l\u0131n\u0131n o\u011flu h\u0259bsd\u0259 qald\u0131 - MEYDAN.TV","robots":{"index":"index","follow":"follow","max-snippet":"max-snippet:-1","max-image-preview":"max-image-preview:large","max-video-preview":"max-video-preview:-1"},"canonical":"https:\/\/www.meydan.tv\/az\/article\/arif-hacilinin-oglu-hebsde-qaldi\/","og_locale":"az_AZ","og_type":"article","og_title":"Arif Hac\u0131l\u0131n\u0131n o\u011flu h\u0259bsd\u0259 qald\u0131 - MEYDAN.TV","og_description":"Orxan Hac\u0131l\u0131n\u0131n \u015fikay\u0259ti t\u0259min olunmad\u0131 M\u00fcsavat Partiyas\u0131n\u0131n ba\u015fqan\u0131 Arif Hac\u0131l\u0131n\u0131n ... Davam\u0131","og_url":"https:\/\/www.meydan.tv\/az\/article\/arif-hacilinin-oglu-hebsde-qaldi\/","og_site_name":"MEYDAN.TV","article_published_time":"2023-11-07T15:39:30+00:00","article_modified_time":"2023-11-07T15:52:33+00:00","og_image":[{"width":1200,"height":572,"url":"https:\/\/www.meydan.tv\/wp-content\/uploads\/398051631_852757979824406_2198195926141839758_n-e1698779091906.jpg","type":"image\/jpeg"}],"author":"mahmud","twitter_card":"summary_large_image","schema":{"@context":"https:\/\/schema.org","@graph":[{"@type":"Article","@id":"https:\/\/www.meydan.tv\/az\/article\/arif-hacilinin-oglu-hebsde-qaldi\/#article","isPartOf":{"@id":"https:\/\/www.meydan.tv\/az\/article\/arif-hacilinin-oglu-hebsde-qaldi\/"},"author":{"name":"mahmud","@id":"https:\/\/www.meydan.tv\/az\/#\/schema\/person\/09863e516102a829e72bedcf3f84c6b0"},"headline":"Arif Hac\u0131l\u0131n\u0131n o\u011flu h\u0259bsd\u0259 qald\u0131","datePublished":"2023-11-07T15:39:30+00:00","dateModified":"2023-11-07T15:52:33+00:00","mainEntityOfPage":{"@id":"https:\/\/www.meydan.tv\/az\/article\/arif-hacilinin-oglu-hebsde-qaldi\/"},"wordCount":924,"publisher":{"@id":"https:\/\/www.meydan.tv\/az\/#organization"},"image":{"@id":"https:\/\/www.meydan.tv\/az\/article\/arif-hacilinin-oglu-hebsde-qaldi\/#primaryimage"},"thumbnailUrl":"https:\/\/www.meydan.tv\/wp-content\/uploads\/398051631_852757979824406_2198195926141839758_n-e1698779091906.jpg","articleSection":["Siyas\u0259t","Video","X\u0259b\u0259rl\u0259r"],"inLanguage":"az"},{"@type":"WebPage","@id":"https:\/\/www.meydan.tv\/az\/article\/arif-hacilinin-oglu-hebsde-qaldi\/","url":"https:\/\/www.meydan.tv\/az\/article\/arif-hacilinin-oglu-hebsde-qaldi\/","name":"Arif Hac\u0131l\u0131n\u0131n o\u011flu h\u0259bsd\u0259 qald\u0131 - MEYDAN.TV","isPartOf":{"@id":"https:\/\/www.meydan.tv\/az\/#website"},"primaryImageOfPage":{"@id":"https:\/\/www.meydan.tv\/az\/article\/arif-hacilinin-oglu-hebsde-qaldi\/#primaryimage"},"image":{"@id":"https:\/\/www.meydan.tv\/az\/article\/arif-hacilinin-oglu-hebsde-qaldi\/#primaryimage"},"thumbnailUrl":"https:\/\/www.meydan.tv\/wp-content\/uploads\/398051631_852757979824406_2198195926141839758_n-e1698779091906.jpg","datePublished":"2023-11-07T15:39:30+00:00","dateModified":"2023-11-07T15:52:33+00:00","breadcrumb":{"@id":"https:\/\/www.meydan.tv\/az\/article\/arif-hacilinin-oglu-hebsde-qaldi\/#breadcrumb"},"inLanguage":"az","potentialAction":[{"@type":"ReadAction","target":["https:\/\/www.meydan.tv\/az\/article\/arif-hacilinin-oglu-hebsde-qaldi\/"]}]},{"@type":"ImageObject","inLanguage":"az","@id":"https:\/\/www.meydan.tv\/az\/article\/arif-hacilinin-oglu-hebsde-qaldi\/#primaryimage","url":"https:\/\/www.meydan.tv\/wp-content\/uploads\/398051631_852757979824406_2198195926141839758_n-e1698779091906.jpg","contentUrl":"https:\/\/www.meydan.tv\/wp-content\/uploads\/398051631_852757979824406_2198195926141839758_n-e1698779091906.jpg","width":1200,"height":572,"caption":"Arif Hac\u0131l\u0131 v\u0259 Orxan Hac\u0131l\u0131. Foto: \"Facebook\""},{"@type":"BreadcrumbList","@id":"https:\/\/www.meydan.tv\/az\/article\/arif-hacilinin-oglu-hebsde-qaldi\/#breadcrumb","itemListElement":[{"@type":"ListItem","position":1,"name":"Ana s\u0259hif\u0259","item":"https:\/\/www.meydan.tv\/az\/"},{"@type":"ListItem","position":2,"name":"Siyas\u0259t","item":"https:\/\/www.meydan.tv\/az\/section\/siyaset\/"},{"@type":"ListItem","position":3,"name":"Arif Hac\u0131l\u0131n\u0131n o\u011flu h\u0259bsd\u0259 qald\u0131"}]},{"@type":"WebSite","@id":"https:\/\/www.meydan.tv\/az\/#website","url":"https:\/\/www.meydan.tv\/az\/","name":"MEYDAN.TV","description":"Meydan TV Az\u0259rbaycan\u0131n media m\u0259kan\u0131ndak\u0131 alternativ s\u0259sidir","publisher":{"@id":"https:\/\/www.meydan.tv\/az\/#organization"},"potentialAction":[{"@type":"SearchAction","target":{"@type":"EntryPoint","urlTemplate":"https:\/\/www.meydan.tv\/az\/?s={search_term_string}"},"query-input":{"@type":"PropertyValueSpecification","valueRequired":true,"valueName":"search_term_string"}}],"inLanguage":"az"},{"@type":"Organization","@id":"https:\/\/www.meydan.tv\/az\/#organization","name":"Meydan TV","url":"https:\/\/www.meydan.tv\/az\/","logo":{"@type":"ImageObject","inLanguage":"az","@id":"https:\/\/www.meydan.tv\/az\/#\/schema\/logo\/image\/","url":"https:\/\/www.meydan.tv\/wp-content\/uploads\/2021\/07\/meydan-logo.svg","contentUrl":"https:\/\/www.meydan.tv\/wp-content\/uploads\/2021\/07\/meydan-logo.svg","width":195,"height":46,"caption":"Meydan TV"},"image":{"@id":"https:\/\/www.meydan.tv\/az\/#\/schema\/logo\/image\/"}},{"@type":"Person","@id":"https:\/\/www.meydan.tv\/az\/#\/schema\/person\/09863e516102a829e72bedcf3f84c6b0","name":"mahmud"}]}},"_links":{"self":[{"href":"https:\/\/www.meydan.tv\/az\/wp-json\/wp\/v2\/posts\/290000","targetHints":{"allow":["GET"]}}],"collection":[{"href":"https:\/\/www.meydan.tv\/az\/wp-json\/wp\/v2\/posts"}],"about":[{"href":"https:\/\/www.meydan.tv\/az\/wp-json\/wp\/v2\/types\/post"}],"author":[{"embeddable":true,"href":"https:\/\/www.meydan.tv\/az\/wp-json\/wp\/v2\/users\/21"}],"replies":[{"embeddable":true,"href":"https:\/\/www.meydan.tv\/az\/wp-json\/wp\/v2\/comments?post=290000"}],"version-history":[{"count":2,"href":"https:\/\/www.meydan.tv\/az\/wp-json\/wp\/v2\/posts\/290000\/revisions"}],"predecessor-version":[{"id":290002,"href":"https:\/\/www.meydan.tv\/az\/wp-json\/wp\/v2\/posts\/290000\/revisions\/290002"}],"wp:featuredmedia":[{"embeddable":true,"href":"https:\/\/www.meydan.tv\/az\/wp-json\/wp\/v2\/media\/289427"}],"wp:attachment":[{"href":"https:\/\/www.meydan.tv\/az\/wp-json\/wp\/v2\/media?parent=290000"}],"wp:term":[{"taxonomy":"category","embeddable":true,"href":"https:\/\/www.meydan.tv\/az\/wp-json\/wp\/v2\/categories?post=290000"},{"taxonomy":"post_tag","embeddable":true,"href":"https:\/\/www.meydan.tv\/az\/wp-json\/wp\/v2\/tags?post=290000"}],"curies":[{"name":"wp","href":"https:\/\/api.w.org\/{rel}","templated":true}]}}