{"id":289994,"date":"2023-11-07T19:10:56","date_gmt":"2023-11-07T15:10:56","guid":{"rendered":"https:\/\/www.meydan.tv\/?p=289994"},"modified":"2023-11-07T19:10:59","modified_gmt":"2023-11-07T15:10:59","slug":"nasir-sergini-boykota-cagirdi-nazirlik-tekerli-dukaninin-istirakina-he-dedi","status":"publish","type":"post","link":"https:\/\/www.meydan.tv\/az\/article\/nasir-sergini-boykota-cagirdi-nazirlik-tekerli-dukaninin-istirakina-he-dedi\/","title":{"rendered":"Na\u015fir s\u0259rgini boykota \u00e7a\u011f\u0131rd\u0131, nazirlik \u201cT\u0259k\u0259rli d\u00fckan\u0131\u201dn\u0131n i\u015ftirak\u0131na \u201ch\u0259\u201d dedi"},"content":{"rendered":"\n<p><em><strong>\u015eahbaz Xuduo\u011flu m\u0259d\u0259niyy\u0259t nazirinin m\u00fcavini il\u0259 g\u00f6r\u00fc\u015f\u00fcb<\/strong><\/em><\/p>\n\n\n\n<p>M\u0259d\u0259niyy\u0259t Nazirliyi \u201c\u018fli v\u0259 Nino\u201d kitab ma\u011fazalar\u0131 \u015f\u0259b\u0259k\u0259sinin r\u0259hb\u0259ri Nigar K\u00f6\u00e7\u0259rli v\u0259 \u201cQanun\u201d N\u0259\u015friyyat\u0131n\u0131n direktoru \u015eahbaz Xuduo\u011flunun birg\u0259 layih\u0259si olan \u201cT\u0259k\u0259rli kitab d\u00fckan\u0131\u201dn\u0131n Bak\u0131 Beyn\u0259lxalq Kitab s\u0259rgisind\u0259 n\u00fcmayi\u015fin\u0259 icaz\u0259 verib.<\/p>\n\n\n\n<p>\u015eahbaz Xuduo\u011flu Meydan TV-y\u0259 bildirib ki, m\u0259s\u0259l\u0259 il\u0259 \u0259laq\u0259dar M\u0259d\u0259niyy\u0259t nazirinin m\u00fcavini F\u0259rid C\u0259f\u0259rovla g\u00f6r\u00fc\u015f\u00fcb:<\/p>\n\n\n\n<p><em>\u201cG\u00f6r\u00fc\u015f zaman\u0131 nazirlik bel\u0259 bir \u0259sas g\u0259tirdi ki, s\u0259rginin ke\u00e7irilm\u0259si n\u0259z\u0259rd\u0259 tutulan Bak\u0131 Ekspo M\u0259rk\u0259zi biz\u0259 icaz\u0259 vermir. Nazirlik bildirdi ki, binan\u0131 kiray\u0259 g\u00f6t\u00fcr\u00fcbl\u0259r, s\u0259rgini binada ke\u00e7ir\u0259c\u0259kl\u0259r. Amma dedi ki, binan\u0131n qar\u015f\u0131s\u0131 il\u0259 ba\u011fl\u0131 bizim s\u0259r\u0259ncamverici h\u00fcququmuz yoxdur\u201d.<\/em><\/p>\n\n\n\n<p><em>\u201cM\u0259n \u00e7ox sad\u0259 m\u0259ntiql\u0259 \u00e7\u0131x\u0131\u015f etdim ki, \u0259g\u0259r siz \u015fadl\u0131q evini kiray\u0259 g\u00f6t\u00fcr\u00fcrs\u00fcn\u00fczs\u0259, toya g\u0259l\u0259nl\u0259rin \u201cparkovka\u201ds\u0131 il\u0259 ba\u011fl\u0131 da \u015fadl\u0131q evi il\u0259 ayr\u0131ca raz\u0131la\u015fm\u0131rs\u0131n\u0131z. Bu, art\u0131q avtomatik h\u0259ll olunur. Bak\u0131 Ekspo M\u0259rk\u0259zi nec\u0259 qada\u011fan ed\u0259 bil\u0259r ki, s\u0259rgi ke\u00e7iril\u0259n binan\u0131n qar\u015f\u0131s\u0131nda ma\u015f\u0131n saxlamaq olmaz. Bu, d\u00fczg\u00fcn deyil. Onlar Bak\u0131 Ekspo M\u0259rk\u0259zi il\u0259 t\u0259krar dan\u0131\u015fandan sonra binan\u0131n qar\u015f\u0131s\u0131nda layih\u0259mizi t\u0259qdim etm\u0259y\u0259 icaz\u0259 verdil\u0259r. Bizim \u015f\u0259rtimiz q\u0259ti idi. Ya biz bu layih\u0259ni t\u0259qdim edirik, ya da \u00fcmumiyy\u0259tl\u0259, s\u0259rgiy\u0259 qat\u0131lm\u0131r\u0131q\u201d<\/em>, &#8211; dey\u0259 \u015eahbaz Xuduo\u011flu bildirib.<\/p>\n\n\n\n<p>Noyabr\u0131n 6-da \u015eahbaz Xuduo\u011flu \u201cFacebook\u201d s\u0259hif\u0259sind\u0259 yazm\u0131\u015fd\u0131 ki, M\u0259d\u0259niyy\u0259t Nazirliyi \u201cT\u0259k\u0259rli kitab d\u00fckan\u0131\u201dn\u0131n Bak\u0131 Beyn\u0259lxalq Kitab s\u0259rgisind\u0259 n\u00fcmayi\u015fin\u0259 icaz\u0259 <a href=\"https:\/\/www.facebook.com\/shahbaz.xuduoglu\/posts\/10227256756598223?ref=embed_post\">vermir<\/a>:<\/p>\n\n\n\n<p><em>\u201cBu, sosial layih\u0259dir, \u00f6z hesab\u0131m\u0131za ba\u015fa g\u0259lib. K\u0259nar bir q\u0259pik d\u0259st\u0259k olmay\u0131b. Oxucular\u0131n t\u0259\u015f\u0259kk\u00fcr\u00fc, u\u015faqlar\u0131n sevin\u0259n bax\u0131\u015flar\u0131ndan ba\u015fqa he\u00e7 kimd\u0259n he\u00e7 n\u0259 g\u00f6zl\u0259mirik. M\u0259qs\u0259dimiz regionlara, k\u0259ndl\u0259r\u0259 gedib kitab\u0131 t\u0259bli\u011f etm\u0259kdir. Bu, v\u0259t\u0259nimiz\u0259, insan\u0131m\u0131za, m\u0259d\u0259niyy\u0259timiz\u0259 v\u0259 d\u00f6vl\u0259timiz\u0259 sevgid\u0259n ir\u0259li g\u0259lir\u201d.<\/em><\/p>\n\n\n\n<p>Na\u015fir h\u0259m\u00e7inin qeyd etmi\u015fdi ki, Bak\u0131 Beyn\u0259lxalq Kitab S\u0259rgisind\u0259 i\u015ftirak \u00fc\u00e7\u00fcn \u00f6d\u0259ni\u015f edib:<\/p>\n\n\n\n<p><em>\u201c74 kvadrat metrlik yer \u00fc\u00e7\u00fcn biz 12 min manat pul \u00f6d\u0259mi\u015fik. \u201cT\u0259k\u0259rli kitab d\u00fckan\u0131\u201dn\u0131n t\u0259qdimat\u0131n\u0131 da salonda yox, h\u0259y\u0259td\u0259, \u201cparkinq\u201d yerind\u0259 etm\u0259k ist\u0259yirik. Amma M\u0259d\u0259niyy\u0259t Nazirliyi buna icaz\u0259 vermir. Bu el\u0259 Fatmayid\u0259 M\u0259d\u0259niyy\u0259t evinin m\u00fcdirinin davran\u0131\u015f\u0131na b\u0259nz\u0259yir\u201d.<\/em><\/p>\n\n\n\n<p>\u201cT\u0259k\u0259rli kitab d\u00fckan\u0131\u201d layih\u0259si bu ilin oktyabr\u0131nda yarad\u0131l\u0131b.<\/p>\n\n\n\n<p>Nigar K\u00f6\u00e7\u0259rli layih\u0259 haqq\u0131nda dan\u0131\u015fark\u0259n deyib ki, ucqar k\u0259ndl\u0259rd\u0259 kitab ma\u011fazalar\u0131 v\u0259 kitabxanalar <a href=\"https:\/\/alinino.az\/blogs\/news\/yeni-layihe-baslayir-tekerli-kitab-dukani\">yoxdur<\/a>.<\/p>\n\n\n\n<p>Layih\u0259nin m\u0259qs\u0259di ucqar rayonlarda da kitablar\u0131n \u0259l\u00e7atan edilm\u0259sidir:<\/p>\n\n\n\n<p><em>\u201cM\u0259qs\u0259dimiz o k\u0259ndl\u0259r v\u0259 oralarda ya\u015fayanlar \u00fc\u00e7\u00fcn kitab\u0131 \u0259l\u00e7atan etm\u0259kdir. Ya\u015fay\u0131\u015f yeri insan\u0131n inki\u015faf\u0131na \u0259ng\u0259l olmal\u0131 deyil. Ucqarlarda ya\u015fad\u0131qlar\u0131 \u00fc\u00e7\u00fcn kitab\u0131 \u0259ld\u0259 ed\u0259 bilmirl\u0259rs\u0259, dem\u0259k biz kitabla onlara do\u011fru getm\u0259liyik. O k\u0259ndl\u0259ri 1-2 manatl\u0131q kitabla t\u0259min etm\u0259kl\u0259 yana\u015f\u0131, s\u00f6z v\u0259 s\u0259n\u0259t adamlar\u0131n\u0131, yazarlar\u0131, \u015fairl\u0259ri \u00f6z\u00fcm\u00fczl\u0259 apar\u0131b, ulduzlu s\u0259ma alt\u0131nda, bir tonqal \u0259traf\u0131nda maraql\u0131 m\u00fczakir\u0259l\u0259r a\u00e7maqla kitab\u0131 insanlara daha \u00e7ox sevdir\u0259c\u0259yik\u201d.<\/em><\/p>\n\n\n\n<p>M\u0259d\u0259niyy\u0259t Nazirliyinin t\u0259\u015fkilat\u00e7\u0131l\u0131\u011f\u0131 il\u0259 11-15 noyabrda Bak\u0131 Ekspo M\u0259rk\u0259zind\u0259 9-cu Bak\u0131 Beyn\u0259lxalq Kitab S\u0259rgisi (Baku International Book Fair 2023) ke\u00e7iril\u0259c\u0259k.<\/p>\n","protected":false},"excerpt":{"rendered":"<p>\u015eahbaz Xuduo\u011flu m\u0259d\u0259niyy\u0259t nazirinin m\u00fcavini il\u0259 g\u00f6r\u00fc\u015f\u00fcb M\u0259d\u0259niyy\u0259t Nazirliyi \u201c\u018fli &#8230; <\/p>\n<p class=\"read-more-container\"><a title=\"Na\u015fir s\u0259rgini boykota \u00e7a\u011f\u0131rd\u0131, nazirlik \u201cT\u0259k\u0259rli d\u00fckan\u0131\u201dn\u0131n i\u015ftirak\u0131na \u201ch\u0259\u201d dedi\" class=\"read-more button\" href=\"https:\/\/www.meydan.tv\/az\/article\/nasir-sergini-boykota-cagirdi-nazirlik-tekerli-dukaninin-istirakina-he-dedi\/#more-289994\" aria-label=\"Read more about Na\u015fir s\u0259rgini boykota \u00e7a\u011f\u0131rd\u0131, nazirlik \u201cT\u0259k\u0259rli d\u00fckan\u0131\u201dn\u0131n i\u015ftirak\u0131na \u201ch\u0259\u201d dedi\">Davam\u0131<\/a><\/p>\n","protected":false},"author":12,"featured_media":289991,"comment_status":"closed","ping_status":"closed","sticky":false,"template":"","format":"standard","meta":{"_acf_changed":false,"_sitemap_exclude":false,"_sitemap_priority":"","_sitemap_frequency":"","footnotes":""},"categories":[52,56],"tags":[],"class_list":["post-289994","post","type-post","status-publish","format-standard","has-post-thumbnail","hentry","category-medeniyyet","category-xeberler","infinite-scroll-item","generate-columns","tablet-grid-50","mobile-grid-100","grid-parent","grid-33","no-featured-image-padding"],"acf":[],"yoast_head":"<!-- This site is optimized with the Yoast SEO plugin v27.4 - https:\/\/yoast.com\/product\/yoast-seo-wordpress\/ -->\n<title>Na\u015fir s\u0259rgini boykota \u00e7a\u011f\u0131rd\u0131, nazirlik \u201cT\u0259k\u0259rli d\u00fckan\u0131\u201dn\u0131n i\u015ftirak\u0131na \u201ch\u0259\u201d dedi - MEYDAN.TV<\/title>\n<meta name=\"robots\" content=\"index, follow, max-snippet:-1, max-image-preview:large, max-video-preview:-1\" \/>\n<link rel=\"canonical\" href=\"https:\/\/www.meydan.tv\/az\/article\/nasir-sergini-boykota-cagirdi-nazirlik-tekerli-dukaninin-istirakina-he-dedi\/\" \/>\n<meta property=\"og:locale\" content=\"az_AZ\" \/>\n<meta property=\"og:type\" content=\"article\" \/>\n<meta property=\"og:title\" content=\"Na\u015fir s\u0259rgini boykota \u00e7a\u011f\u0131rd\u0131, nazirlik \u201cT\u0259k\u0259rli d\u00fckan\u0131\u201dn\u0131n i\u015ftirak\u0131na \u201ch\u0259\u201d dedi - MEYDAN.TV\" \/>\n<meta property=\"og:description\" content=\"\u015eahbaz Xuduo\u011flu m\u0259d\u0259niyy\u0259t nazirinin m\u00fcavini il\u0259 g\u00f6r\u00fc\u015f\u00fcb M\u0259d\u0259niyy\u0259t Nazirliyi \u201c\u018fli ... Davam\u0131\" \/>\n<meta property=\"og:url\" content=\"https:\/\/www.meydan.tv\/az\/article\/nasir-sergini-boykota-cagirdi-nazirlik-tekerli-dukaninin-istirakina-he-dedi\/\" \/>\n<meta property=\"og:site_name\" content=\"MEYDAN.TV\" \/>\n<meta property=\"article:published_time\" content=\"2023-11-07T15:10:56+00:00\" \/>\n<meta property=\"article:modified_time\" content=\"2023-11-07T15:10:59+00:00\" \/>\n<meta property=\"og:image\" content=\"https:\/\/www.meydan.tv\/wp-content\/uploads\/untitled-design-4-100.jpg\" \/>\n\t<meta property=\"og:image:width\" content=\"1920\" \/>\n\t<meta property=\"og:image:height\" content=\"1080\" \/>\n\t<meta property=\"og:image:type\" content=\"image\/jpeg\" \/>\n<meta name=\"author\" content=\"aleks\" \/>\n<meta name=\"twitter:card\" content=\"summary_large_image\" \/>\n<script type=\"application\/ld+json\" class=\"yoast-schema-graph\">{\"@context\":\"https:\\\/\\\/schema.org\",\"@graph\":[{\"@type\":\"Article\",\"@id\":\"https:\\\/\\\/www.meydan.tv\\\/az\\\/article\\\/nasir-sergini-boykota-cagirdi-nazirlik-tekerli-dukaninin-istirakina-he-dedi\\\/#article\",\"isPartOf\":{\"@id\":\"https:\\\/\\\/www.meydan.tv\\\/az\\\/article\\\/nasir-sergini-boykota-cagirdi-nazirlik-tekerli-dukaninin-istirakina-he-dedi\\\/\"},\"author\":{\"name\":\"aleks\",\"@id\":\"https:\\\/\\\/www.meydan.tv\\\/az\\\/#\\\/schema\\\/person\\\/476e9360e593fa131d5d71d51866f8da\"},\"headline\":\"Na\u015fir s\u0259rgini boykota \u00e7a\u011f\u0131rd\u0131, nazirlik \u201cT\u0259k\u0259rli d\u00fckan\u0131\u201dn\u0131n i\u015ftirak\u0131na \u201ch\u0259\u201d dedi\",\"datePublished\":\"2023-11-07T15:10:56+00:00\",\"dateModified\":\"2023-11-07T15:10:59+00:00\",\"mainEntityOfPage\":{\"@id\":\"https:\\\/\\\/www.meydan.tv\\\/az\\\/article\\\/nasir-sergini-boykota-cagirdi-nazirlik-tekerli-dukaninin-istirakina-he-dedi\\\/\"},\"wordCount\":691,\"publisher\":{\"@id\":\"https:\\\/\\\/www.meydan.tv\\\/az\\\/#organization\"},\"image\":{\"@id\":\"https:\\\/\\\/www.meydan.tv\\\/az\\\/article\\\/nasir-sergini-boykota-cagirdi-nazirlik-tekerli-dukaninin-istirakina-he-dedi\\\/#primaryimage\"},\"thumbnailUrl\":\"https:\\\/\\\/www.meydan.tv\\\/wp-content\\\/uploads\\\/untitled-design-4-100.jpg\",\"articleSection\":[\"M\u0259d\u0259niyy\u0259t\",\"X\u0259b\u0259rl\u0259r\"],\"inLanguage\":\"az\"},{\"@type\":\"WebPage\",\"@id\":\"https:\\\/\\\/www.meydan.tv\\\/az\\\/article\\\/nasir-sergini-boykota-cagirdi-nazirlik-tekerli-dukaninin-istirakina-he-dedi\\\/\",\"url\":\"https:\\\/\\\/www.meydan.tv\\\/az\\\/article\\\/nasir-sergini-boykota-cagirdi-nazirlik-tekerli-dukaninin-istirakina-he-dedi\\\/\",\"name\":\"Na\u015fir s\u0259rgini boykota \u00e7a\u011f\u0131rd\u0131, nazirlik \u201cT\u0259k\u0259rli d\u00fckan\u0131\u201dn\u0131n i\u015ftirak\u0131na \u201ch\u0259\u201d dedi - MEYDAN.TV\",\"isPartOf\":{\"@id\":\"https:\\\/\\\/www.meydan.tv\\\/az\\\/#website\"},\"primaryImageOfPage\":{\"@id\":\"https:\\\/\\\/www.meydan.tv\\\/az\\\/article\\\/nasir-sergini-boykota-cagirdi-nazirlik-tekerli-dukaninin-istirakina-he-dedi\\\/#primaryimage\"},\"image\":{\"@id\":\"https:\\\/\\\/www.meydan.tv\\\/az\\\/article\\\/nasir-sergini-boykota-cagirdi-nazirlik-tekerli-dukaninin-istirakina-he-dedi\\\/#primaryimage\"},\"thumbnailUrl\":\"https:\\\/\\\/www.meydan.tv\\\/wp-content\\\/uploads\\\/untitled-design-4-100.jpg\",\"datePublished\":\"2023-11-07T15:10:56+00:00\",\"dateModified\":\"2023-11-07T15:10:59+00:00\",\"breadcrumb\":{\"@id\":\"https:\\\/\\\/www.meydan.tv\\\/az\\\/article\\\/nasir-sergini-boykota-cagirdi-nazirlik-tekerli-dukaninin-istirakina-he-dedi\\\/#breadcrumb\"},\"inLanguage\":\"az\",\"potentialAction\":[{\"@type\":\"ReadAction\",\"target\":[\"https:\\\/\\\/www.meydan.tv\\\/az\\\/article\\\/nasir-sergini-boykota-cagirdi-nazirlik-tekerli-dukaninin-istirakina-he-dedi\\\/\"]}]},{\"@type\":\"ImageObject\",\"inLanguage\":\"az\",\"@id\":\"https:\\\/\\\/www.meydan.tv\\\/az\\\/article\\\/nasir-sergini-boykota-cagirdi-nazirlik-tekerli-dukaninin-istirakina-he-dedi\\\/#primaryimage\",\"url\":\"https:\\\/\\\/www.meydan.tv\\\/wp-content\\\/uploads\\\/untitled-design-4-100.jpg\",\"contentUrl\":\"https:\\\/\\\/www.meydan.tv\\\/wp-content\\\/uploads\\\/untitled-design-4-100.jpg\",\"width\":1920,\"height\":1080,\"caption\":\"Foto: \\\"\u018fli v\u0259 Nino\\\" kitab ma\u011fazalar\u0131 \u015f\u0259b\u0259k\u0259si\"},{\"@type\":\"BreadcrumbList\",\"@id\":\"https:\\\/\\\/www.meydan.tv\\\/az\\\/article\\\/nasir-sergini-boykota-cagirdi-nazirlik-tekerli-dukaninin-istirakina-he-dedi\\\/#breadcrumb\",\"itemListElement\":[{\"@type\":\"ListItem\",\"position\":1,\"name\":\"Ana s\u0259hif\u0259\",\"item\":\"https:\\\/\\\/www.meydan.tv\\\/az\\\/\"},{\"@type\":\"ListItem\",\"position\":2,\"name\":\"M\u0259d\u0259niyy\u0259t\",\"item\":\"https:\\\/\\\/www.meydan.tv\\\/az\\\/section\\\/medeniyyet\\\/\"},{\"@type\":\"ListItem\",\"position\":3,\"name\":\"Na\u015fir s\u0259rgini boykota \u00e7a\u011f\u0131rd\u0131, nazirlik \u201cT\u0259k\u0259rli d\u00fckan\u0131\u201dn\u0131n i\u015ftirak\u0131na \u201ch\u0259\u201d dedi\"}]},{\"@type\":\"WebSite\",\"@id\":\"https:\\\/\\\/www.meydan.tv\\\/az\\\/#website\",\"url\":\"https:\\\/\\\/www.meydan.tv\\\/az\\\/\",\"name\":\"MEYDAN.TV\",\"description\":\"Meydan TV Az\u0259rbaycan\u0131n media m\u0259kan\u0131ndak\u0131 alternativ s\u0259sidir\",\"publisher\":{\"@id\":\"https:\\\/\\\/www.meydan.tv\\\/az\\\/#organization\"},\"potentialAction\":[{\"@type\":\"SearchAction\",\"target\":{\"@type\":\"EntryPoint\",\"urlTemplate\":\"https:\\\/\\\/www.meydan.tv\\\/az\\\/?s={search_term_string}\"},\"query-input\":{\"@type\":\"PropertyValueSpecification\",\"valueRequired\":true,\"valueName\":\"search_term_string\"}}],\"inLanguage\":\"az\"},{\"@type\":\"Organization\",\"@id\":\"https:\\\/\\\/www.meydan.tv\\\/az\\\/#organization\",\"name\":\"Meydan TV\",\"url\":\"https:\\\/\\\/www.meydan.tv\\\/az\\\/\",\"logo\":{\"@type\":\"ImageObject\",\"inLanguage\":\"az\",\"@id\":\"https:\\\/\\\/www.meydan.tv\\\/az\\\/#\\\/schema\\\/logo\\\/image\\\/\",\"url\":\"https:\\\/\\\/www.meydan.tv\\\/wp-content\\\/uploads\\\/2021\\\/07\\\/meydan-logo.svg\",\"contentUrl\":\"https:\\\/\\\/www.meydan.tv\\\/wp-content\\\/uploads\\\/2021\\\/07\\\/meydan-logo.svg\",\"width\":195,\"height\":46,\"caption\":\"Meydan TV\"},\"image\":{\"@id\":\"https:\\\/\\\/www.meydan.tv\\\/az\\\/#\\\/schema\\\/logo\\\/image\\\/\"}},{\"@type\":\"Person\",\"@id\":\"https:\\\/\\\/www.meydan.tv\\\/az\\\/#\\\/schema\\\/person\\\/476e9360e593fa131d5d71d51866f8da\",\"name\":\"aleks\"}]}<\/script>\n<!-- \/ Yoast SEO plugin. -->","yoast_head_json":{"title":"Na\u015fir s\u0259rgini boykota \u00e7a\u011f\u0131rd\u0131, nazirlik \u201cT\u0259k\u0259rli d\u00fckan\u0131\u201dn\u0131n i\u015ftirak\u0131na \u201ch\u0259\u201d dedi - MEYDAN.TV","robots":{"index":"index","follow":"follow","max-snippet":"max-snippet:-1","max-image-preview":"max-image-preview:large","max-video-preview":"max-video-preview:-1"},"canonical":"https:\/\/www.meydan.tv\/az\/article\/nasir-sergini-boykota-cagirdi-nazirlik-tekerli-dukaninin-istirakina-he-dedi\/","og_locale":"az_AZ","og_type":"article","og_title":"Na\u015fir s\u0259rgini boykota \u00e7a\u011f\u0131rd\u0131, nazirlik \u201cT\u0259k\u0259rli d\u00fckan\u0131\u201dn\u0131n i\u015ftirak\u0131na \u201ch\u0259\u201d dedi - MEYDAN.TV","og_description":"\u015eahbaz Xuduo\u011flu m\u0259d\u0259niyy\u0259t nazirinin m\u00fcavini il\u0259 g\u00f6r\u00fc\u015f\u00fcb M\u0259d\u0259niyy\u0259t Nazirliyi \u201c\u018fli ... Davam\u0131","og_url":"https:\/\/www.meydan.tv\/az\/article\/nasir-sergini-boykota-cagirdi-nazirlik-tekerli-dukaninin-istirakina-he-dedi\/","og_site_name":"MEYDAN.TV","article_published_time":"2023-11-07T15:10:56+00:00","article_modified_time":"2023-11-07T15:10:59+00:00","og_image":[{"width":1920,"height":1080,"url":"https:\/\/www.meydan.tv\/wp-content\/uploads\/untitled-design-4-100.jpg","type":"image\/jpeg"}],"author":"aleks","twitter_card":"summary_large_image","schema":{"@context":"https:\/\/schema.org","@graph":[{"@type":"Article","@id":"https:\/\/www.meydan.tv\/az\/article\/nasir-sergini-boykota-cagirdi-nazirlik-tekerli-dukaninin-istirakina-he-dedi\/#article","isPartOf":{"@id":"https:\/\/www.meydan.tv\/az\/article\/nasir-sergini-boykota-cagirdi-nazirlik-tekerli-dukaninin-istirakina-he-dedi\/"},"author":{"name":"aleks","@id":"https:\/\/www.meydan.tv\/az\/#\/schema\/person\/476e9360e593fa131d5d71d51866f8da"},"headline":"Na\u015fir s\u0259rgini boykota \u00e7a\u011f\u0131rd\u0131, nazirlik \u201cT\u0259k\u0259rli d\u00fckan\u0131\u201dn\u0131n i\u015ftirak\u0131na \u201ch\u0259\u201d dedi","datePublished":"2023-11-07T15:10:56+00:00","dateModified":"2023-11-07T15:10:59+00:00","mainEntityOfPage":{"@id":"https:\/\/www.meydan.tv\/az\/article\/nasir-sergini-boykota-cagirdi-nazirlik-tekerli-dukaninin-istirakina-he-dedi\/"},"wordCount":691,"publisher":{"@id":"https:\/\/www.meydan.tv\/az\/#organization"},"image":{"@id":"https:\/\/www.meydan.tv\/az\/article\/nasir-sergini-boykota-cagirdi-nazirlik-tekerli-dukaninin-istirakina-he-dedi\/#primaryimage"},"thumbnailUrl":"https:\/\/www.meydan.tv\/wp-content\/uploads\/untitled-design-4-100.jpg","articleSection":["M\u0259d\u0259niyy\u0259t","X\u0259b\u0259rl\u0259r"],"inLanguage":"az"},{"@type":"WebPage","@id":"https:\/\/www.meydan.tv\/az\/article\/nasir-sergini-boykota-cagirdi-nazirlik-tekerli-dukaninin-istirakina-he-dedi\/","url":"https:\/\/www.meydan.tv\/az\/article\/nasir-sergini-boykota-cagirdi-nazirlik-tekerli-dukaninin-istirakina-he-dedi\/","name":"Na\u015fir s\u0259rgini boykota \u00e7a\u011f\u0131rd\u0131, nazirlik \u201cT\u0259k\u0259rli d\u00fckan\u0131\u201dn\u0131n i\u015ftirak\u0131na \u201ch\u0259\u201d dedi - MEYDAN.TV","isPartOf":{"@id":"https:\/\/www.meydan.tv\/az\/#website"},"primaryImageOfPage":{"@id":"https:\/\/www.meydan.tv\/az\/article\/nasir-sergini-boykota-cagirdi-nazirlik-tekerli-dukaninin-istirakina-he-dedi\/#primaryimage"},"image":{"@id":"https:\/\/www.meydan.tv\/az\/article\/nasir-sergini-boykota-cagirdi-nazirlik-tekerli-dukaninin-istirakina-he-dedi\/#primaryimage"},"thumbnailUrl":"https:\/\/www.meydan.tv\/wp-content\/uploads\/untitled-design-4-100.jpg","datePublished":"2023-11-07T15:10:56+00:00","dateModified":"2023-11-07T15:10:59+00:00","breadcrumb":{"@id":"https:\/\/www.meydan.tv\/az\/article\/nasir-sergini-boykota-cagirdi-nazirlik-tekerli-dukaninin-istirakina-he-dedi\/#breadcrumb"},"inLanguage":"az","potentialAction":[{"@type":"ReadAction","target":["https:\/\/www.meydan.tv\/az\/article\/nasir-sergini-boykota-cagirdi-nazirlik-tekerli-dukaninin-istirakina-he-dedi\/"]}]},{"@type":"ImageObject","inLanguage":"az","@id":"https:\/\/www.meydan.tv\/az\/article\/nasir-sergini-boykota-cagirdi-nazirlik-tekerli-dukaninin-istirakina-he-dedi\/#primaryimage","url":"https:\/\/www.meydan.tv\/wp-content\/uploads\/untitled-design-4-100.jpg","contentUrl":"https:\/\/www.meydan.tv\/wp-content\/uploads\/untitled-design-4-100.jpg","width":1920,"height":1080,"caption":"Foto: \"\u018fli v\u0259 Nino\" kitab ma\u011fazalar\u0131 \u015f\u0259b\u0259k\u0259si"},{"@type":"BreadcrumbList","@id":"https:\/\/www.meydan.tv\/az\/article\/nasir-sergini-boykota-cagirdi-nazirlik-tekerli-dukaninin-istirakina-he-dedi\/#breadcrumb","itemListElement":[{"@type":"ListItem","position":1,"name":"Ana s\u0259hif\u0259","item":"https:\/\/www.meydan.tv\/az\/"},{"@type":"ListItem","position":2,"name":"M\u0259d\u0259niyy\u0259t","item":"https:\/\/www.meydan.tv\/az\/section\/medeniyyet\/"},{"@type":"ListItem","position":3,"name":"Na\u015fir s\u0259rgini boykota \u00e7a\u011f\u0131rd\u0131, nazirlik \u201cT\u0259k\u0259rli d\u00fckan\u0131\u201dn\u0131n i\u015ftirak\u0131na \u201ch\u0259\u201d dedi"}]},{"@type":"WebSite","@id":"https:\/\/www.meydan.tv\/az\/#website","url":"https:\/\/www.meydan.tv\/az\/","name":"MEYDAN.TV","description":"Meydan TV Az\u0259rbaycan\u0131n media m\u0259kan\u0131ndak\u0131 alternativ s\u0259sidir","publisher":{"@id":"https:\/\/www.meydan.tv\/az\/#organization"},"potentialAction":[{"@type":"SearchAction","target":{"@type":"EntryPoint","urlTemplate":"https:\/\/www.meydan.tv\/az\/?s={search_term_string}"},"query-input":{"@type":"PropertyValueSpecification","valueRequired":true,"valueName":"search_term_string"}}],"inLanguage":"az"},{"@type":"Organization","@id":"https:\/\/www.meydan.tv\/az\/#organization","name":"Meydan TV","url":"https:\/\/www.meydan.tv\/az\/","logo":{"@type":"ImageObject","inLanguage":"az","@id":"https:\/\/www.meydan.tv\/az\/#\/schema\/logo\/image\/","url":"https:\/\/www.meydan.tv\/wp-content\/uploads\/2021\/07\/meydan-logo.svg","contentUrl":"https:\/\/www.meydan.tv\/wp-content\/uploads\/2021\/07\/meydan-logo.svg","width":195,"height":46,"caption":"Meydan TV"},"image":{"@id":"https:\/\/www.meydan.tv\/az\/#\/schema\/logo\/image\/"}},{"@type":"Person","@id":"https:\/\/www.meydan.tv\/az\/#\/schema\/person\/476e9360e593fa131d5d71d51866f8da","name":"aleks"}]}},"_links":{"self":[{"href":"https:\/\/www.meydan.tv\/az\/wp-json\/wp\/v2\/posts\/289994","targetHints":{"allow":["GET"]}}],"collection":[{"href":"https:\/\/www.meydan.tv\/az\/wp-json\/wp\/v2\/posts"}],"about":[{"href":"https:\/\/www.meydan.tv\/az\/wp-json\/wp\/v2\/types\/post"}],"author":[{"embeddable":true,"href":"https:\/\/www.meydan.tv\/az\/wp-json\/wp\/v2\/users\/12"}],"replies":[{"embeddable":true,"href":"https:\/\/www.meydan.tv\/az\/wp-json\/wp\/v2\/comments?post=289994"}],"version-history":[{"count":4,"href":"https:\/\/www.meydan.tv\/az\/wp-json\/wp\/v2\/posts\/289994\/revisions"}],"predecessor-version":[{"id":289998,"href":"https:\/\/www.meydan.tv\/az\/wp-json\/wp\/v2\/posts\/289994\/revisions\/289998"}],"wp:featuredmedia":[{"embeddable":true,"href":"https:\/\/www.meydan.tv\/az\/wp-json\/wp\/v2\/media\/289991"}],"wp:attachment":[{"href":"https:\/\/www.meydan.tv\/az\/wp-json\/wp\/v2\/media?parent=289994"}],"wp:term":[{"taxonomy":"category","embeddable":true,"href":"https:\/\/www.meydan.tv\/az\/wp-json\/wp\/v2\/categories?post=289994"},{"taxonomy":"post_tag","embeddable":true,"href":"https:\/\/www.meydan.tv\/az\/wp-json\/wp\/v2\/tags?post=289994"}],"curies":[{"name":"wp","href":"https:\/\/api.w.org\/{rel}","templated":true}]}}