{"id":289971,"date":"2023-11-07T15:57:41","date_gmt":"2023-11-07T11:57:41","guid":{"rendered":"https:\/\/www.meydan.tv\/?p=289971"},"modified":"2023-11-07T15:57:45","modified_gmt":"2023-11-07T11:57:45","slug":"baki-beynelxalq-qisa-filmler-festivali-bu-il-de-qaliblere-pul-mukafati-vermeyecek","status":"publish","type":"post","link":"https:\/\/www.meydan.tv\/az\/article\/baki-beynelxalq-qisa-filmler-festivali-bu-il-de-qaliblere-pul-mukafati-vermeyecek\/","title":{"rendered":"Bak\u0131 Beyn\u0259lxalq Q\u0131sa Filml\u0259r Festival\u0131 bu il d\u0259 qalibl\u0259r\u0259 pul m\u00fckafat\u0131 verm\u0259y\u0259c\u0259k"},"content":{"rendered":"\n<p><strong><em>\u201cM\u0259d\u0259niyy\u0259t Nazirliyi biz\u0259 maliyy\u0259 deyil, t\u0259\u015fkilati d\u0259st\u0259k verir\u201d<\/em><\/strong><\/p>\n\n\n\n<p>Noyabr\u0131n 10-da saat 19:00-da Nizami Kino M\u0259rk\u0259zind\u0259 14-c\u00fc Bak\u0131 Beyn\u0259lxalq Q\u0131sa Filml\u0259r Festival\u0131n\u0131n (BBQFF) a\u00e7\u0131l\u0131\u015f m\u0259rasimi ke\u00e7iril\u0259c\u0259k.<\/p>\n\n\n\n<p>Builki festivala 78 \u00f6lk\u0259d\u0259n 704 film g\u00f6nd\u0259rilib.<\/p>\n\n\n\n<p>Kino m\u00fct\u0259x\u0259ssisl\u0259rind\u0259n ibar\u0259t Se\u00e7im Komissiyas\u0131 bu filml\u0259r aras\u0131ndan Beyn\u0259lxalq, \u201cAsiya istedadlar\u0131\u201d v\u0259 Yerli m\u00fcsabiq\u0259d\u0259 yar\u0131\u015fan ekran \u0259s\u0259rl\u0259rini m\u00fc\u0259yy\u0259nl\u0259\u015fdiribl\u0259r.<\/p>\n\n\n\n<p>Beyn\u0259lxalq m\u00fcsabiq\u0259d\u0259 32 \u00f6lk\u0259ni t\u0259msil ed\u0259n 42 film, \u201cAsiya istedadlar\u0131\u201dnda 17 film, Yerli m\u00fcsabiq\u0259d\u0259 is\u0259 26 film festival\u0131n \u0259sas m\u00fckafat\u0131 olan \u201cQ\u0131z\u0131l Nar\u201d u\u011frunda m\u00fcbariz\u0259y\u0259 qo\u015fulur.<\/p>\n\n\n\n<p>Bu il beyn\u0259lxalq m\u00fcsabiq\u0259nin filml\u0259rini \u201cQ\u0131z\u0131l P\u0259ri\u201d m\u00fckafat\u00e7\u0131s\u0131, rejissor Yav\u0259r Rzayev, Kann m\u00fckafat\u00e7\u0131s\u0131, Moskva, Tokio festivallar\u0131n\u0131n ba\u015f m\u00fckafat\u00e7\u0131s\u0131, rejissor Rza Mirk\u0259rimi, Berlin ali m\u00fckafat\u00e7\u0131s\u0131, Moskva, Avrasiya, Var\u015fava Film Festivallar\u0131n\u0131n ba\u015f m\u00fckafat\u00e7\u0131s\u0131, rejissor, prod\u00fcser F\u0259rhad \u015e\u0259rifov, ssenarist v\u0259 ssenari \u00fczr\u0259 m\u0259sl\u0259h\u0259t\u00e7i Rulof Yan Minnebu qiym\u0259tl\u0259ndir\u0259c\u0259kl\u0259r.<\/p>\n\n\n\n<p>\u201cAsiya istedadlar\u0131\u201dn\u0131n m\u00fcnsifl\u0259r hey\u0259tind\u0259 Baykonur Beyn\u0259lxalq Film Festival\u0131n\u0131n proqram direktoru, kinot\u0259nqid\u00e7i Ercan Cumab\u0259yov, yaz\u0131\u00e7\u0131, ssenarist \u015e\u0259rif A\u011fayar, rejissor, ssenarist Ramin F\u0259rzaneh yer al\u0131r.<\/p>\n\n\n\n<p>Yerli m\u00fcsabiq\u0259d\u0259 yar\u0131\u015fan filml\u0259ri rejissor, ssenarist, \u018fm\u0259kdar inc\u0259s\u0259n\u0259t xadimi Mehriban \u018fl\u0259kb\u0259rzad\u0259, Az\u0259rbaycan Jurnalistl\u0259r Birliyinin r\u0259hb\u0259ri, \u201cAyna\u201d-\u201cZerkalo\u201d q\u0259zetl\u0259rinin t\u0259sis\u00e7isi v\u0259 ba\u015f redaktoru El\u00e7in \u015e\u0131xl\u0131, m\u00fcasir Az\u0259rbaycan kinosunun \u0259n m\u0259hsuldar t\u0259svir rejissorlar\u0131ndan olan Nadir Mehdiyev qiym\u0259tl\u0259ndir\u0259c\u0259k.<\/p>\n\n\n\n<p>Mobil telefonla \u00e7\u0259kil\u0259n filml\u0259rd\u0259n ibar\u0259t \u201cCinemobil\u201d m\u00fcsabiq\u0259sind\u0259 is\u0259 3 film yar\u0131\u015facaq.<\/p>\n\n\n\n<p>Festival\u0131n m\u00fcsabiq\u0259d\u0259nk\u0259nar maraql\u0131 b\u00f6lm\u0259l\u0259ri d\u0259 var. Bel\u0259 ki, \u201cBritish Council\u201dla \u0259m\u0259kda\u015fl\u0131\u011f\u0131n n\u0259tic\u0259si olaraq festival \u00e7\u0259r\u00e7iv\u0259sind\u0259 \u0130ngilt\u0259r\u0259 Kino v\u0259 Televiziya S\u0259n\u0259tl\u0259ri Akademiyas\u0131 t\u0259r\u0259find\u0259n veril\u0259n d\u00fcnyan\u0131n \u0259n m\u0259\u015fhur m\u00fckafat\u0131 &#8211; BAFTA namiz\u0259dl\u0259rinin x\u00fcsusi n\u00fcmayi\u015fi olacaq.<\/p>\n\n\n\n<p>\u201cDili bizim\u201d m\u00fcsabiq\u0259sind\u0259 d\u00fcnyan\u0131n m\u00fcxt\u0259lif \u00f6lk\u0259l\u0259rind\u0259 ya\u015fayan az\u0259rbaycanl\u0131lar\u0131n Az\u0259rbaycan dilind\u0259 \u00e7\u0259kdikl\u0259ri filml\u0259r g\u00f6st\u0259ril\u0259c\u0259k.<\/p>\n\n\n\n<p>\u201cPanorama\u201dda is\u0259 g\u0259l\u0259c\u0259yin\u0259 b\u00f6y\u00fck \u00fcmidl\u0259r b\u0259sl\u0259n\u0259n m\u00fc\u0259llifl\u0259rin filml\u0259ri t\u0259qdim olunacaq.<\/p>\n\n\n\n<p>Festivalda yer alan yerli v\u0259 xarici q\u0131sa filml\u0259r 6 g\u00fcn m\u00fcdd\u0259tind\u0259 saat 11: 00-dan \u201cNizami\u201d Kino M\u0259rk\u0259zind\u0259 n\u00fcmayi\u015f olunacaq.<\/p>\n\n\n\n<p>Az\u0259rbaycan kinosunun 125 illiyin\u0259 h\u0259sr olunan \u201cRetrospektiv\u201dd\u0259 m\u00fcxt\u0259lif d\u00f6vrl\u0259r\u0259 aid be\u015f q\u0131sa film &#8211; Zaur M\u0259h\u0259rr\u0259movun \u201c Bak\u0131 eyvanlar\u0131\u201d, Nicat Feyzullayevin \u201cYa\u015fa, q\u0131z\u0131l bal\u0131q\u201d, H\u0259s\u0259n Seyidb\u0259ylinin \u201cCazib\u0259 q\u00fcvv\u0259si\u201d, Arif M\u0259h\u0259rr\u0259movun \u201cM\u00fcn\u0259ccimin \u015fagirdi\u201d, R\u00fcf\u0259t \u018fs\u0259dovun \u201cVahim\u0259\u201d ekran \u0259s\u0259rl\u0259ri g\u00f6st\u0259ril\u0259c\u0259k.<\/p>\n\n\n\n<p>H\u0259m\u00e7inin festival\u0131n a\u00e7\u0131l\u0131\u015f g\u00fcn\u00fc \u201cAz\u0259rbaycan kinematoqrafiyas\u0131nda xidm\u0259tl\u0259rin\u0259 g\u00f6r\u0259\u201d bir ne\u00e7\u0259 kino xadimi \u201cQ\u0131z\u0131l Nar\u201d m\u00fckafat\u0131 il\u0259 t\u0259ltif edil\u0259c\u0259k.<\/p>\n\n\n\n<p>Festival m\u00fcdd\u0259tind\u0259 h\u0259m\u00e7inin noyabr\u0131n 12-d\u0259 saat 14:00 -da kinorejissor Rza Mirk\u0259riminin \u201c\u015e\u0259rq rejissorunun \u00f6z\u0259lliyi\u201d m\u00f6vzusunda ustad-d\u0259rsi, noyabr\u0131n 14-d\u0259 saat 16:00 -da qrafik dizayner R\u0259sul H\u0259s\u0259nin \u201cKinoda s\u00fcni intellekt texnologiyas\u0131n\u0131n t\u0259tbiqi\u201d\u00a0 adl\u0131 m\u00fchazir\u0259si olacaq.<\/p>\n\n\n\n<p>Festival qalibl\u0259rin m\u00fckafatland\u0131r\u0131lma m\u0259rasimi noyabr\u0131n 15-d\u0259 saat 19:00-da Nizami Kino M\u0259rk\u0259zind\u0259 ke\u00e7iril\u0259c\u0259k.<\/p>\n\n\n\n<p>Festival\u0131n d\u0259st\u0259k\u00e7il\u0259ri s\u0131ras\u0131nda Nizami Kino M\u0259rk\u0259zi, \u201cAz\u0259rbaycanfilm\u201d kinostudiyas\u0131, D\u00f6vl\u0259t Film Fondu, \u201cBritish Counsil\u201d, Az\u0259rbaycan Prod\u00fcserl\u0259r Gildiyas\u0131, Yunus \u018fmr\u0259 \u0130nstitutu yer al\u0131r.<\/p>\n\n\n\n<p>G\u0259nc Kinematoqraf\u00e7\u0131lar M\u0259rk\u0259zinin t\u0259sis etdiyi festival\u0131n r\u0259smi t\u0259r\u0259fda\u015f\u0131 Az\u0259rbaycan Respublikas\u0131 M\u0259d\u0259niyy\u0259t Nazirliyi, Az\u0259rbaycan Respublikas\u0131 Kino Agentliyidir.<\/p>\n\n\n\n<p>\u00d6t\u0259n il ke\u00e7iril\u0259n festivalda qalibl\u0259r \u00fc\u00e7\u00fcn n\u0259z\u0259rd\u0259 tutulan 5 min manat pul m\u00fckafat\u0131 <a href=\"https:\/\/www.meydan.tv\/az\/article\/baki-beynelxalq-qisa-filmler-festivalinin-buliki-qaliblerine-pul-mukafati-verilmeyib\/\">verilm\u0259mi\u015fdi.<\/a><\/p>\n\n\n\n<p>Festival\u0131n t\u0259sis\u00e7isi v\u0259 r\u0259hb\u0259ri Fehruz \u015eam\u0131yev bunu maliyy\u0259 s\u0131x\u0131nt\u0131s\u0131 il\u0259 \u0259laq\u0259l\u0259ndirmi\u015fdi.<\/p>\n\n\n\n<p>G\u0259nc Kinematoqraf\u00e7\u0131lar M\u0259rk\u0259zind\u0259n Meydan TV-y\u0259 bildirilib ki, bu il d\u0259 festivalda pul m\u00fckafat\u0131 olmayacaq.<\/p>\n\n\n\n<p>\u201c<em>Festival\u0131 \u00f6z t\u0259\u015f\u0259bb\u00fcs\u00fcm\u00fczl\u0259 realla\u015fd\u0131r\u0131r\u0131q. H\u0259r il d\u0259 festival \u00e7\u0259r\u00e7iv\u0259sind\u0259 bizim d\u0259st\u0259k\u00e7il\u0259rimiz olur. Bunlar hans\u0131sa \u00f6z\u0259l \u015firk\u0259t, qurumlard\u0131r. \u018flimiz\u0259 g\u0259l\u0259n maliyy\u0259nin \u0259sas\u0131nda da m\u00fckafat fondu yarad\u0131r\u0131q. \u0130ki il \u00f6nc\u0259y\u0259 q\u0259d\u0259r maliyy\u0259 imkanlar\u0131m\u0131z pul m\u00fckafatlar\u0131na icaz\u0259 verirdi. Son iki ild\u0259 bizd\u0259 pul m\u00fckafat yoxdur. B\u0259z\u0259n el\u0259 birlirl\u0259r ki, M\u0259d\u0259niyy\u0259t Nazirliyi t\u0259r\u0259find\u0259n maliyy\u0259l\u0259\u015firik. Nazirlik festivala ancaq t\u0259\u015fkilati d\u0259st\u0259k verir. Pul m\u00fckafat\u0131 bizim b\u00fcdc\u0259mizd\u0259n v\u0259 festival ke\u00e7iril\u0259n ild\u0259ki v\u0259ziyy\u0259timizd\u0259n as\u0131l\u0131d\u0131r. Bu il d\u0259 pul\u00a0 m\u00fckafat\u0131 olmayacaq\u201d<\/em>,- m\u0259rk\u0259zin \u0259m\u0259kda\u015f\u0131 bildirib.<\/p>\n","protected":false},"excerpt":{"rendered":"<p>\u201cM\u0259d\u0259niyy\u0259t Nazirliyi biz\u0259 maliyy\u0259 deyil, t\u0259\u015fkilati d\u0259st\u0259k verir\u201d Noyabr\u0131n 10-da &#8230; <\/p>\n<p class=\"read-more-container\"><a title=\"Bak\u0131 Beyn\u0259lxalq Q\u0131sa Filml\u0259r Festival\u0131 bu il d\u0259 qalibl\u0259r\u0259 pul m\u00fckafat\u0131 verm\u0259y\u0259c\u0259k\" class=\"read-more button\" href=\"https:\/\/www.meydan.tv\/az\/article\/baki-beynelxalq-qisa-filmler-festivali-bu-il-de-qaliblere-pul-mukafati-vermeyecek\/#more-289971\" aria-label=\"Read more about Bak\u0131 Beyn\u0259lxalq Q\u0131sa Filml\u0259r Festival\u0131 bu il d\u0259 qalibl\u0259r\u0259 pul m\u00fckafat\u0131 verm\u0259y\u0259c\u0259k\">Davam\u0131<\/a><\/p>\n","protected":false},"author":8,"featured_media":289968,"comment_status":"closed","ping_status":"closed","sticky":false,"template":"","format":"standard","meta":{"_acf_changed":false,"_sitemap_exclude":false,"_sitemap_priority":"","_sitemap_frequency":"","footnotes":""},"categories":[52,56],"tags":[],"class_list":["post-289971","post","type-post","status-publish","format-standard","has-post-thumbnail","hentry","category-medeniyyet","category-xeberler","infinite-scroll-item","generate-columns","tablet-grid-50","mobile-grid-100","grid-parent","grid-33","no-featured-image-padding"],"acf":[],"yoast_head":"<!-- This site is optimized with the Yoast SEO plugin v27.4 - https:\/\/yoast.com\/product\/yoast-seo-wordpress\/ -->\n<title>Bak\u0131 Beyn\u0259lxalq Q\u0131sa Filml\u0259r Festival\u0131 bu il d\u0259 qalibl\u0259r\u0259 pul m\u00fckafat\u0131 verm\u0259y\u0259c\u0259k - MEYDAN.TV<\/title>\n<meta name=\"robots\" content=\"index, follow, max-snippet:-1, max-image-preview:large, max-video-preview:-1\" \/>\n<link rel=\"canonical\" href=\"https:\/\/www.meydan.tv\/az\/article\/baki-beynelxalq-qisa-filmler-festivali-bu-il-de-qaliblere-pul-mukafati-vermeyecek\/\" \/>\n<meta property=\"og:locale\" content=\"az_AZ\" \/>\n<meta property=\"og:type\" content=\"article\" \/>\n<meta property=\"og:title\" content=\"Bak\u0131 Beyn\u0259lxalq Q\u0131sa Filml\u0259r Festival\u0131 bu il d\u0259 qalibl\u0259r\u0259 pul m\u00fckafat\u0131 verm\u0259y\u0259c\u0259k - MEYDAN.TV\" \/>\n<meta property=\"og:description\" content=\"\u201cM\u0259d\u0259niyy\u0259t Nazirliyi biz\u0259 maliyy\u0259 deyil, t\u0259\u015fkilati d\u0259st\u0259k verir\u201d Noyabr\u0131n 10-da ... Davam\u0131\" \/>\n<meta property=\"og:url\" content=\"https:\/\/www.meydan.tv\/az\/article\/baki-beynelxalq-qisa-filmler-festivali-bu-il-de-qaliblere-pul-mukafati-vermeyecek\/\" \/>\n<meta property=\"og:site_name\" content=\"MEYDAN.TV\" \/>\n<meta property=\"article:published_time\" content=\"2023-11-07T11:57:41+00:00\" \/>\n<meta property=\"article:modified_time\" content=\"2023-11-07T11:57:45+00:00\" \/>\n<meta property=\"og:image\" content=\"https:\/\/www.meydan.tv\/wp-content\/uploads\/untitled-design-3-126.jpg\" \/>\n\t<meta property=\"og:image:width\" content=\"1920\" \/>\n\t<meta property=\"og:image:height\" content=\"1080\" \/>\n\t<meta property=\"og:image:type\" content=\"image\/jpeg\" \/>\n<meta name=\"author\" content=\"elli\" \/>\n<meta name=\"twitter:card\" content=\"summary_large_image\" \/>\n<meta name=\"twitter:creator\" content=\"@elli\" \/>\n<script type=\"application\/ld+json\" class=\"yoast-schema-graph\">{\"@context\":\"https:\\\/\\\/schema.org\",\"@graph\":[{\"@type\":\"Article\",\"@id\":\"https:\\\/\\\/www.meydan.tv\\\/az\\\/article\\\/baki-beynelxalq-qisa-filmler-festivali-bu-il-de-qaliblere-pul-mukafati-vermeyecek\\\/#article\",\"isPartOf\":{\"@id\":\"https:\\\/\\\/www.meydan.tv\\\/az\\\/article\\\/baki-beynelxalq-qisa-filmler-festivali-bu-il-de-qaliblere-pul-mukafati-vermeyecek\\\/\"},\"author\":{\"name\":\"elli\",\"@id\":\"https:\\\/\\\/www.meydan.tv\\\/az\\\/#\\\/schema\\\/person\\\/9cdbecf90d17180ce1dfbd95b08dcf47\"},\"headline\":\"Bak\u0131 Beyn\u0259lxalq Q\u0131sa Filml\u0259r Festival\u0131 bu il d\u0259 qalibl\u0259r\u0259 pul m\u00fckafat\u0131 verm\u0259y\u0259c\u0259k\",\"datePublished\":\"2023-11-07T11:57:41+00:00\",\"dateModified\":\"2023-11-07T11:57:45+00:00\",\"mainEntityOfPage\":{\"@id\":\"https:\\\/\\\/www.meydan.tv\\\/az\\\/article\\\/baki-beynelxalq-qisa-filmler-festivali-bu-il-de-qaliblere-pul-mukafati-vermeyecek\\\/\"},\"wordCount\":943,\"publisher\":{\"@id\":\"https:\\\/\\\/www.meydan.tv\\\/az\\\/#organization\"},\"image\":{\"@id\":\"https:\\\/\\\/www.meydan.tv\\\/az\\\/article\\\/baki-beynelxalq-qisa-filmler-festivali-bu-il-de-qaliblere-pul-mukafati-vermeyecek\\\/#primaryimage\"},\"thumbnailUrl\":\"https:\\\/\\\/www.meydan.tv\\\/wp-content\\\/uploads\\\/untitled-design-3-126.jpg\",\"articleSection\":[\"M\u0259d\u0259niyy\u0259t\",\"X\u0259b\u0259rl\u0259r\"],\"inLanguage\":\"az\"},{\"@type\":\"WebPage\",\"@id\":\"https:\\\/\\\/www.meydan.tv\\\/az\\\/article\\\/baki-beynelxalq-qisa-filmler-festivali-bu-il-de-qaliblere-pul-mukafati-vermeyecek\\\/\",\"url\":\"https:\\\/\\\/www.meydan.tv\\\/az\\\/article\\\/baki-beynelxalq-qisa-filmler-festivali-bu-il-de-qaliblere-pul-mukafati-vermeyecek\\\/\",\"name\":\"Bak\u0131 Beyn\u0259lxalq Q\u0131sa Filml\u0259r Festival\u0131 bu il d\u0259 qalibl\u0259r\u0259 pul m\u00fckafat\u0131 verm\u0259y\u0259c\u0259k - MEYDAN.TV\",\"isPartOf\":{\"@id\":\"https:\\\/\\\/www.meydan.tv\\\/az\\\/#website\"},\"primaryImageOfPage\":{\"@id\":\"https:\\\/\\\/www.meydan.tv\\\/az\\\/article\\\/baki-beynelxalq-qisa-filmler-festivali-bu-il-de-qaliblere-pul-mukafati-vermeyecek\\\/#primaryimage\"},\"image\":{\"@id\":\"https:\\\/\\\/www.meydan.tv\\\/az\\\/article\\\/baki-beynelxalq-qisa-filmler-festivali-bu-il-de-qaliblere-pul-mukafati-vermeyecek\\\/#primaryimage\"},\"thumbnailUrl\":\"https:\\\/\\\/www.meydan.tv\\\/wp-content\\\/uploads\\\/untitled-design-3-126.jpg\",\"datePublished\":\"2023-11-07T11:57:41+00:00\",\"dateModified\":\"2023-11-07T11:57:45+00:00\",\"breadcrumb\":{\"@id\":\"https:\\\/\\\/www.meydan.tv\\\/az\\\/article\\\/baki-beynelxalq-qisa-filmler-festivali-bu-il-de-qaliblere-pul-mukafati-vermeyecek\\\/#breadcrumb\"},\"inLanguage\":\"az\",\"potentialAction\":[{\"@type\":\"ReadAction\",\"target\":[\"https:\\\/\\\/www.meydan.tv\\\/az\\\/article\\\/baki-beynelxalq-qisa-filmler-festivali-bu-il-de-qaliblere-pul-mukafati-vermeyecek\\\/\"]}]},{\"@type\":\"ImageObject\",\"inLanguage\":\"az\",\"@id\":\"https:\\\/\\\/www.meydan.tv\\\/az\\\/article\\\/baki-beynelxalq-qisa-filmler-festivali-bu-il-de-qaliblere-pul-mukafati-vermeyecek\\\/#primaryimage\",\"url\":\"https:\\\/\\\/www.meydan.tv\\\/wp-content\\\/uploads\\\/untitled-design-3-126.jpg\",\"contentUrl\":\"https:\\\/\\\/www.meydan.tv\\\/wp-content\\\/uploads\\\/untitled-design-3-126.jpg\",\"width\":1920,\"height\":1080,\"caption\":\"Foto: G\u0259nc Kinematoqraf\u00e7\u0131lar M\u0259rk\u0259zi\"},{\"@type\":\"BreadcrumbList\",\"@id\":\"https:\\\/\\\/www.meydan.tv\\\/az\\\/article\\\/baki-beynelxalq-qisa-filmler-festivali-bu-il-de-qaliblere-pul-mukafati-vermeyecek\\\/#breadcrumb\",\"itemListElement\":[{\"@type\":\"ListItem\",\"position\":1,\"name\":\"Ana s\u0259hif\u0259\",\"item\":\"https:\\\/\\\/www.meydan.tv\\\/az\\\/\"},{\"@type\":\"ListItem\",\"position\":2,\"name\":\"M\u0259d\u0259niyy\u0259t\",\"item\":\"https:\\\/\\\/www.meydan.tv\\\/az\\\/section\\\/medeniyyet\\\/\"},{\"@type\":\"ListItem\",\"position\":3,\"name\":\"Bak\u0131 Beyn\u0259lxalq Q\u0131sa Filml\u0259r Festival\u0131 bu il d\u0259 qalibl\u0259r\u0259 pul m\u00fckafat\u0131 verm\u0259y\u0259c\u0259k\"}]},{\"@type\":\"WebSite\",\"@id\":\"https:\\\/\\\/www.meydan.tv\\\/az\\\/#website\",\"url\":\"https:\\\/\\\/www.meydan.tv\\\/az\\\/\",\"name\":\"MEYDAN.TV\",\"description\":\"Meydan TV Az\u0259rbaycan\u0131n media m\u0259kan\u0131ndak\u0131 alternativ s\u0259sidir\",\"publisher\":{\"@id\":\"https:\\\/\\\/www.meydan.tv\\\/az\\\/#organization\"},\"potentialAction\":[{\"@type\":\"SearchAction\",\"target\":{\"@type\":\"EntryPoint\",\"urlTemplate\":\"https:\\\/\\\/www.meydan.tv\\\/az\\\/?s={search_term_string}\"},\"query-input\":{\"@type\":\"PropertyValueSpecification\",\"valueRequired\":true,\"valueName\":\"search_term_string\"}}],\"inLanguage\":\"az\"},{\"@type\":\"Organization\",\"@id\":\"https:\\\/\\\/www.meydan.tv\\\/az\\\/#organization\",\"name\":\"Meydan TV\",\"url\":\"https:\\\/\\\/www.meydan.tv\\\/az\\\/\",\"logo\":{\"@type\":\"ImageObject\",\"inLanguage\":\"az\",\"@id\":\"https:\\\/\\\/www.meydan.tv\\\/az\\\/#\\\/schema\\\/logo\\\/image\\\/\",\"url\":\"https:\\\/\\\/www.meydan.tv\\\/wp-content\\\/uploads\\\/2021\\\/07\\\/meydan-logo.svg\",\"contentUrl\":\"https:\\\/\\\/www.meydan.tv\\\/wp-content\\\/uploads\\\/2021\\\/07\\\/meydan-logo.svg\",\"width\":195,\"height\":46,\"caption\":\"Meydan TV\"},\"image\":{\"@id\":\"https:\\\/\\\/www.meydan.tv\\\/az\\\/#\\\/schema\\\/logo\\\/image\\\/\"}},{\"@type\":\"Person\",\"@id\":\"https:\\\/\\\/www.meydan.tv\\\/az\\\/#\\\/schema\\\/person\\\/9cdbecf90d17180ce1dfbd95b08dcf47\",\"name\":\"elli\",\"sameAs\":[\"https:\\\/\\\/x.com\\\/elli\"]}]}<\/script>\n<!-- \/ Yoast SEO plugin. -->","yoast_head_json":{"title":"Bak\u0131 Beyn\u0259lxalq Q\u0131sa Filml\u0259r Festival\u0131 bu il d\u0259 qalibl\u0259r\u0259 pul m\u00fckafat\u0131 verm\u0259y\u0259c\u0259k - MEYDAN.TV","robots":{"index":"index","follow":"follow","max-snippet":"max-snippet:-1","max-image-preview":"max-image-preview:large","max-video-preview":"max-video-preview:-1"},"canonical":"https:\/\/www.meydan.tv\/az\/article\/baki-beynelxalq-qisa-filmler-festivali-bu-il-de-qaliblere-pul-mukafati-vermeyecek\/","og_locale":"az_AZ","og_type":"article","og_title":"Bak\u0131 Beyn\u0259lxalq Q\u0131sa Filml\u0259r Festival\u0131 bu il d\u0259 qalibl\u0259r\u0259 pul m\u00fckafat\u0131 verm\u0259y\u0259c\u0259k - MEYDAN.TV","og_description":"\u201cM\u0259d\u0259niyy\u0259t Nazirliyi biz\u0259 maliyy\u0259 deyil, t\u0259\u015fkilati d\u0259st\u0259k verir\u201d Noyabr\u0131n 10-da ... Davam\u0131","og_url":"https:\/\/www.meydan.tv\/az\/article\/baki-beynelxalq-qisa-filmler-festivali-bu-il-de-qaliblere-pul-mukafati-vermeyecek\/","og_site_name":"MEYDAN.TV","article_published_time":"2023-11-07T11:57:41+00:00","article_modified_time":"2023-11-07T11:57:45+00:00","og_image":[{"width":1920,"height":1080,"url":"https:\/\/www.meydan.tv\/wp-content\/uploads\/untitled-design-3-126.jpg","type":"image\/jpeg"}],"author":"elli","twitter_card":"summary_large_image","twitter_creator":"@elli","schema":{"@context":"https:\/\/schema.org","@graph":[{"@type":"Article","@id":"https:\/\/www.meydan.tv\/az\/article\/baki-beynelxalq-qisa-filmler-festivali-bu-il-de-qaliblere-pul-mukafati-vermeyecek\/#article","isPartOf":{"@id":"https:\/\/www.meydan.tv\/az\/article\/baki-beynelxalq-qisa-filmler-festivali-bu-il-de-qaliblere-pul-mukafati-vermeyecek\/"},"author":{"name":"elli","@id":"https:\/\/www.meydan.tv\/az\/#\/schema\/person\/9cdbecf90d17180ce1dfbd95b08dcf47"},"headline":"Bak\u0131 Beyn\u0259lxalq Q\u0131sa Filml\u0259r Festival\u0131 bu il d\u0259 qalibl\u0259r\u0259 pul m\u00fckafat\u0131 verm\u0259y\u0259c\u0259k","datePublished":"2023-11-07T11:57:41+00:00","dateModified":"2023-11-07T11:57:45+00:00","mainEntityOfPage":{"@id":"https:\/\/www.meydan.tv\/az\/article\/baki-beynelxalq-qisa-filmler-festivali-bu-il-de-qaliblere-pul-mukafati-vermeyecek\/"},"wordCount":943,"publisher":{"@id":"https:\/\/www.meydan.tv\/az\/#organization"},"image":{"@id":"https:\/\/www.meydan.tv\/az\/article\/baki-beynelxalq-qisa-filmler-festivali-bu-il-de-qaliblere-pul-mukafati-vermeyecek\/#primaryimage"},"thumbnailUrl":"https:\/\/www.meydan.tv\/wp-content\/uploads\/untitled-design-3-126.jpg","articleSection":["M\u0259d\u0259niyy\u0259t","X\u0259b\u0259rl\u0259r"],"inLanguage":"az"},{"@type":"WebPage","@id":"https:\/\/www.meydan.tv\/az\/article\/baki-beynelxalq-qisa-filmler-festivali-bu-il-de-qaliblere-pul-mukafati-vermeyecek\/","url":"https:\/\/www.meydan.tv\/az\/article\/baki-beynelxalq-qisa-filmler-festivali-bu-il-de-qaliblere-pul-mukafati-vermeyecek\/","name":"Bak\u0131 Beyn\u0259lxalq Q\u0131sa Filml\u0259r Festival\u0131 bu il d\u0259 qalibl\u0259r\u0259 pul m\u00fckafat\u0131 verm\u0259y\u0259c\u0259k - MEYDAN.TV","isPartOf":{"@id":"https:\/\/www.meydan.tv\/az\/#website"},"primaryImageOfPage":{"@id":"https:\/\/www.meydan.tv\/az\/article\/baki-beynelxalq-qisa-filmler-festivali-bu-il-de-qaliblere-pul-mukafati-vermeyecek\/#primaryimage"},"image":{"@id":"https:\/\/www.meydan.tv\/az\/article\/baki-beynelxalq-qisa-filmler-festivali-bu-il-de-qaliblere-pul-mukafati-vermeyecek\/#primaryimage"},"thumbnailUrl":"https:\/\/www.meydan.tv\/wp-content\/uploads\/untitled-design-3-126.jpg","datePublished":"2023-11-07T11:57:41+00:00","dateModified":"2023-11-07T11:57:45+00:00","breadcrumb":{"@id":"https:\/\/www.meydan.tv\/az\/article\/baki-beynelxalq-qisa-filmler-festivali-bu-il-de-qaliblere-pul-mukafati-vermeyecek\/#breadcrumb"},"inLanguage":"az","potentialAction":[{"@type":"ReadAction","target":["https:\/\/www.meydan.tv\/az\/article\/baki-beynelxalq-qisa-filmler-festivali-bu-il-de-qaliblere-pul-mukafati-vermeyecek\/"]}]},{"@type":"ImageObject","inLanguage":"az","@id":"https:\/\/www.meydan.tv\/az\/article\/baki-beynelxalq-qisa-filmler-festivali-bu-il-de-qaliblere-pul-mukafati-vermeyecek\/#primaryimage","url":"https:\/\/www.meydan.tv\/wp-content\/uploads\/untitled-design-3-126.jpg","contentUrl":"https:\/\/www.meydan.tv\/wp-content\/uploads\/untitled-design-3-126.jpg","width":1920,"height":1080,"caption":"Foto: G\u0259nc Kinematoqraf\u00e7\u0131lar M\u0259rk\u0259zi"},{"@type":"BreadcrumbList","@id":"https:\/\/www.meydan.tv\/az\/article\/baki-beynelxalq-qisa-filmler-festivali-bu-il-de-qaliblere-pul-mukafati-vermeyecek\/#breadcrumb","itemListElement":[{"@type":"ListItem","position":1,"name":"Ana s\u0259hif\u0259","item":"https:\/\/www.meydan.tv\/az\/"},{"@type":"ListItem","position":2,"name":"M\u0259d\u0259niyy\u0259t","item":"https:\/\/www.meydan.tv\/az\/section\/medeniyyet\/"},{"@type":"ListItem","position":3,"name":"Bak\u0131 Beyn\u0259lxalq Q\u0131sa Filml\u0259r Festival\u0131 bu il d\u0259 qalibl\u0259r\u0259 pul m\u00fckafat\u0131 verm\u0259y\u0259c\u0259k"}]},{"@type":"WebSite","@id":"https:\/\/www.meydan.tv\/az\/#website","url":"https:\/\/www.meydan.tv\/az\/","name":"MEYDAN.TV","description":"Meydan TV Az\u0259rbaycan\u0131n media m\u0259kan\u0131ndak\u0131 alternativ s\u0259sidir","publisher":{"@id":"https:\/\/www.meydan.tv\/az\/#organization"},"potentialAction":[{"@type":"SearchAction","target":{"@type":"EntryPoint","urlTemplate":"https:\/\/www.meydan.tv\/az\/?s={search_term_string}"},"query-input":{"@type":"PropertyValueSpecification","valueRequired":true,"valueName":"search_term_string"}}],"inLanguage":"az"},{"@type":"Organization","@id":"https:\/\/www.meydan.tv\/az\/#organization","name":"Meydan TV","url":"https:\/\/www.meydan.tv\/az\/","logo":{"@type":"ImageObject","inLanguage":"az","@id":"https:\/\/www.meydan.tv\/az\/#\/schema\/logo\/image\/","url":"https:\/\/www.meydan.tv\/wp-content\/uploads\/2021\/07\/meydan-logo.svg","contentUrl":"https:\/\/www.meydan.tv\/wp-content\/uploads\/2021\/07\/meydan-logo.svg","width":195,"height":46,"caption":"Meydan TV"},"image":{"@id":"https:\/\/www.meydan.tv\/az\/#\/schema\/logo\/image\/"}},{"@type":"Person","@id":"https:\/\/www.meydan.tv\/az\/#\/schema\/person\/9cdbecf90d17180ce1dfbd95b08dcf47","name":"elli","sameAs":["https:\/\/x.com\/elli"]}]}},"_links":{"self":[{"href":"https:\/\/www.meydan.tv\/az\/wp-json\/wp\/v2\/posts\/289971","targetHints":{"allow":["GET"]}}],"collection":[{"href":"https:\/\/www.meydan.tv\/az\/wp-json\/wp\/v2\/posts"}],"about":[{"href":"https:\/\/www.meydan.tv\/az\/wp-json\/wp\/v2\/types\/post"}],"author":[{"embeddable":true,"href":"https:\/\/www.meydan.tv\/az\/wp-json\/wp\/v2\/users\/8"}],"replies":[{"embeddable":true,"href":"https:\/\/www.meydan.tv\/az\/wp-json\/wp\/v2\/comments?post=289971"}],"version-history":[{"count":3,"href":"https:\/\/www.meydan.tv\/az\/wp-json\/wp\/v2\/posts\/289971\/revisions"}],"predecessor-version":[{"id":289974,"href":"https:\/\/www.meydan.tv\/az\/wp-json\/wp\/v2\/posts\/289971\/revisions\/289974"}],"wp:featuredmedia":[{"embeddable":true,"href":"https:\/\/www.meydan.tv\/az\/wp-json\/wp\/v2\/media\/289968"}],"wp:attachment":[{"href":"https:\/\/www.meydan.tv\/az\/wp-json\/wp\/v2\/media?parent=289971"}],"wp:term":[{"taxonomy":"category","embeddable":true,"href":"https:\/\/www.meydan.tv\/az\/wp-json\/wp\/v2\/categories?post=289971"},{"taxonomy":"post_tag","embeddable":true,"href":"https:\/\/www.meydan.tv\/az\/wp-json\/wp\/v2\/tags?post=289971"}],"curies":[{"name":"wp","href":"https:\/\/api.w.org\/{rel}","templated":true}]}}