{"id":289964,"date":"2023-11-07T15:15:51","date_gmt":"2023-11-07T11:15:51","guid":{"rendered":"https:\/\/www.meydan.tv\/?p=289964"},"modified":"2023-11-07T15:15:54","modified_gmt":"2023-11-07T11:15:54","slug":"bextiyar-haciyeve-daha-bir-ittiham-verilib","status":"publish","type":"post","link":"https:\/\/www.meydan.tv\/az\/article\/bextiyar-haciyeve-daha-bir-ittiham-verilib\/","title":{"rendered":"B\u0259xtiyar Hac\u0131yev\u0259 daha bir ittiham verilib"},"content":{"rendered":"\n<p><\/p>\n\n\n\n<p><strong><em>\u0130ctimai f\u0259al vergid\u0259n yay\u0131nmada su\u00e7land\u0131r\u0131l\u0131r<\/em><\/strong><\/p>\n\n\n\n<p>H\u0259bsd\u0259 olan ictimai f\u0259al B\u0259xtiyar Hac\u0131yev\u0259 daha bir ittiham verilib. \u0130ctimai f\u0259ala qar\u015f\u0131 Cinay\u0259t M\u0259c\u0259ll\u0259sinin 213.1 (vergid\u0259n yay\u0131nma) madd\u0259sil\u0259 yeni ittiham ir\u0259li s\u00fcr\u00fcl\u00fcb. Bu bar\u0259d\u0259 Meydan TV-y\u0259 onun v\u0259kili El\u00e7in Sad\u0131qov m\u0259lumat verib.<\/p>\n\n\n\n<p>V\u0259kil bildirib ki, B\u0259xtiyar Hac\u0131yev \u0259vv\u0259lki ittihamlar kimi, vergid\u0259n yay\u0131nman\u0131 da q\u0259bul etmir. O, ittiham\u0131n \u0259sass\u0131z oldu\u011funu deyir.<\/p>\n\n\n\n<p>V\u0259kil deyir ki, B\u0259xtiyar Hac\u0131yevin i\u015fi \u00fczr\u0259 qanunda n\u0259z\u0259rd\u0259 tutulmu\u015f istintaq m\u00fcdd\u0259ti bitib. Buna baxmayaraq, ona qar\u015f\u0131 yeni ittiham ir\u0259li s\u00fcr\u00fcl\u00fcr.<\/p>\n\n\n\n<p>El\u00e7in Sad\u0131qov da vergid\u0259n yay\u0131nma ittiham\u0131n\u0131 \u0259sass\u0131z say\u0131r.<\/p>\n\n\n\n<p>B\u0259xtiyar Hac\u0131yev 2022-ci ilin dekabr\u0131nda h\u0259bs olunub. O zaman ona qar\u015f\u0131 Cinay\u0259t M\u0259c\u0259ll\u0259sinin 221.2.2 (ictimai qaydan\u0131n qorunmas\u0131 \u00fczr\u0259 v\u0259zif\u0259ni yerin\u0259 yetir\u0259n \u015f\u0259xs\u0259 qar\u015f\u0131 m\u00fcqavim\u0259t g\u00f6st\u0259rm\u0259kl\u0259 xuliqanl\u0131q) v\u0259 289.1 (m\u0259hk\u0259m\u0259y\u0259 h\u00f6rm\u0259tsizlik) madd\u0259l\u0259ril\u0259 ittiham ir\u0259li s\u00fcr\u00fclm\u00fc\u015fd\u00fc. Onunla bloger \u00dclviyy\u0259 Alovlu aras\u0131nda Yasamal Rayon M\u0259hk\u0259m\u0259sind\u0259 insident ba\u015f verdiyi iddia olunurdu.<\/p>\n\n\n\n<p>\u0130yunun 16-da ona qar\u015f\u0131 yeni ittihamlar ir\u0259li s\u00fcr\u00fcl\u00fcb. Bu ittihamlar \u0259sas\u0259n maliyy\u0259 m\u0259s\u0259l\u0259l\u0259ril\u0259 &#8211; ayr\u0131lan qrantlar\u0131n t\u0259yinat\u0131 \u00fczr\u0259 x\u0259rcl\u0259nm\u0259m\u0259sil\u0259 ba\u011fl\u0131d\u0131r. Ona h\u0259m\u00e7inin Cinay\u0259t M\u0259c\u0259ll\u0259sinin (CM) 192 (qanunsuz sahibkarl\u0131q), 193-1 (cinay\u0259t yoluyla \u0259ld\u0259 edilmi\u015f \u0259mlak\u0131 leqalla\u015fd\u0131rma), 206 (qa\u00e7aqmal\u00e7\u0131l\u0131q), 320-ci (saxta s\u0259n\u0259dl\u0259rd\u0259n istifad\u0259) madd\u0259l\u0259ril\u0259 ittiham verilib.<br><\/p>\n\n\n\n<p>B\u0259xtiyar Hac\u0131yev \u00f6z\u00fcn\u00fc t\u0259qsirli bilmir, sifari\u015fl\u0259 h\u0259bs olundu\u011funu, Daxili \u0130\u015fl\u0259r naziri Vilay\u0259t Eyvazovun \u00fcnvan\u0131na s\u0259sl\u0259ndirdiyi t\u0259nqidl\u0259r\u0259 g\u00f6r\u0259 c\u0259zalandlr\u0131ld\u0131\u011f\u0131n\u0131 deyir.<\/p>\n","protected":false},"excerpt":{"rendered":"<p>\u0130ctimai f\u0259al vergid\u0259n yay\u0131nmada su\u00e7land\u0131r\u0131l\u0131r H\u0259bsd\u0259 olan ictimai f\u0259al B\u0259xtiyar &#8230; <\/p>\n<p class=\"read-more-container\"><a title=\"B\u0259xtiyar Hac\u0131yev\u0259 daha bir ittiham verilib\" class=\"read-more button\" href=\"https:\/\/www.meydan.tv\/az\/article\/bextiyar-haciyeve-daha-bir-ittiham-verilib\/#more-289964\" aria-label=\"Read more about B\u0259xtiyar Hac\u0131yev\u0259 daha bir ittiham verilib\">Davam\u0131<\/a><\/p>\n","protected":false},"author":8,"featured_media":266105,"comment_status":"closed","ping_status":"closed","sticky":false,"template":"","format":"standard","meta":{"_acf_changed":false,"_sitemap_exclude":false,"_sitemap_priority":"","_sitemap_frequency":"","footnotes":""},"categories":[59,79,56],"tags":[],"class_list":["post-289964","post","type-post","status-publish","format-standard","has-post-thumbnail","hentry","category-siyaset","category-featured","category-xeberler","infinite-scroll-item","generate-columns","tablet-grid-50","mobile-grid-100","grid-parent","grid-33","no-featured-image-padding"],"acf":[],"yoast_head":"<!-- This site is optimized with the Yoast SEO plugin v27.4 - https:\/\/yoast.com\/product\/yoast-seo-wordpress\/ -->\n<title>B\u0259xtiyar Hac\u0131yev\u0259 daha bir ittiham verilib - MEYDAN.TV<\/title>\n<meta name=\"robots\" content=\"index, follow, max-snippet:-1, max-image-preview:large, max-video-preview:-1\" \/>\n<link rel=\"canonical\" href=\"https:\/\/www.meydan.tv\/az\/article\/bextiyar-haciyeve-daha-bir-ittiham-verilib\/\" \/>\n<meta property=\"og:locale\" content=\"az_AZ\" \/>\n<meta property=\"og:type\" content=\"article\" \/>\n<meta property=\"og:title\" content=\"B\u0259xtiyar Hac\u0131yev\u0259 daha bir ittiham verilib - MEYDAN.TV\" \/>\n<meta property=\"og:description\" content=\"\u0130ctimai f\u0259al vergid\u0259n yay\u0131nmada su\u00e7land\u0131r\u0131l\u0131r H\u0259bsd\u0259 olan ictimai f\u0259al B\u0259xtiyar ... Davam\u0131\" \/>\n<meta property=\"og:url\" content=\"https:\/\/www.meydan.tv\/az\/article\/bextiyar-haciyeve-daha-bir-ittiham-verilib\/\" \/>\n<meta property=\"og:site_name\" content=\"MEYDAN.TV\" \/>\n<meta property=\"article:published_time\" content=\"2023-11-07T11:15:51+00:00\" \/>\n<meta property=\"article:modified_time\" content=\"2023-11-07T11:15:54+00:00\" \/>\n<meta property=\"og:image\" content=\"https:\/\/www.meydan.tv\/wp-content\/uploads\/img_9508.jpg\" \/>\n\t<meta property=\"og:image:width\" content=\"1200\" \/>\n\t<meta property=\"og:image:height\" content=\"675\" \/>\n\t<meta property=\"og:image:type\" content=\"image\/jpeg\" \/>\n<meta name=\"author\" content=\"elli\" \/>\n<meta name=\"twitter:card\" content=\"summary_large_image\" \/>\n<meta name=\"twitter:creator\" content=\"@elli\" \/>\n<script type=\"application\/ld+json\" class=\"yoast-schema-graph\">{\"@context\":\"https:\\\/\\\/schema.org\",\"@graph\":[{\"@type\":\"Article\",\"@id\":\"https:\\\/\\\/www.meydan.tv\\\/az\\\/article\\\/bextiyar-haciyeve-daha-bir-ittiham-verilib\\\/#article\",\"isPartOf\":{\"@id\":\"https:\\\/\\\/www.meydan.tv\\\/az\\\/article\\\/bextiyar-haciyeve-daha-bir-ittiham-verilib\\\/\"},\"author\":{\"name\":\"elli\",\"@id\":\"https:\\\/\\\/www.meydan.tv\\\/az\\\/#\\\/schema\\\/person\\\/9cdbecf90d17180ce1dfbd95b08dcf47\"},\"headline\":\"B\u0259xtiyar Hac\u0131yev\u0259 daha bir ittiham verilib\",\"datePublished\":\"2023-11-07T11:15:51+00:00\",\"dateModified\":\"2023-11-07T11:15:54+00:00\",\"mainEntityOfPage\":{\"@id\":\"https:\\\/\\\/www.meydan.tv\\\/az\\\/article\\\/bextiyar-haciyeve-daha-bir-ittiham-verilib\\\/\"},\"wordCount\":344,\"publisher\":{\"@id\":\"https:\\\/\\\/www.meydan.tv\\\/az\\\/#organization\"},\"image\":{\"@id\":\"https:\\\/\\\/www.meydan.tv\\\/az\\\/article\\\/bextiyar-haciyeve-daha-bir-ittiham-verilib\\\/#primaryimage\"},\"thumbnailUrl\":\"https:\\\/\\\/www.meydan.tv\\\/wp-content\\\/uploads\\\/img_9508.jpg\",\"articleSection\":[\"Siyas\u0259t\",\"T\u00f6vsiy\u0259\",\"X\u0259b\u0259rl\u0259r\"],\"inLanguage\":\"az\"},{\"@type\":\"WebPage\",\"@id\":\"https:\\\/\\\/www.meydan.tv\\\/az\\\/article\\\/bextiyar-haciyeve-daha-bir-ittiham-verilib\\\/\",\"url\":\"https:\\\/\\\/www.meydan.tv\\\/az\\\/article\\\/bextiyar-haciyeve-daha-bir-ittiham-verilib\\\/\",\"name\":\"B\u0259xtiyar Hac\u0131yev\u0259 daha bir ittiham verilib - MEYDAN.TV\",\"isPartOf\":{\"@id\":\"https:\\\/\\\/www.meydan.tv\\\/az\\\/#website\"},\"primaryImageOfPage\":{\"@id\":\"https:\\\/\\\/www.meydan.tv\\\/az\\\/article\\\/bextiyar-haciyeve-daha-bir-ittiham-verilib\\\/#primaryimage\"},\"image\":{\"@id\":\"https:\\\/\\\/www.meydan.tv\\\/az\\\/article\\\/bextiyar-haciyeve-daha-bir-ittiham-verilib\\\/#primaryimage\"},\"thumbnailUrl\":\"https:\\\/\\\/www.meydan.tv\\\/wp-content\\\/uploads\\\/img_9508.jpg\",\"datePublished\":\"2023-11-07T11:15:51+00:00\",\"dateModified\":\"2023-11-07T11:15:54+00:00\",\"breadcrumb\":{\"@id\":\"https:\\\/\\\/www.meydan.tv\\\/az\\\/article\\\/bextiyar-haciyeve-daha-bir-ittiham-verilib\\\/#breadcrumb\"},\"inLanguage\":\"az\",\"potentialAction\":[{\"@type\":\"ReadAction\",\"target\":[\"https:\\\/\\\/www.meydan.tv\\\/az\\\/article\\\/bextiyar-haciyeve-daha-bir-ittiham-verilib\\\/\"]}]},{\"@type\":\"ImageObject\",\"inLanguage\":\"az\",\"@id\":\"https:\\\/\\\/www.meydan.tv\\\/az\\\/article\\\/bextiyar-haciyeve-daha-bir-ittiham-verilib\\\/#primaryimage\",\"url\":\"https:\\\/\\\/www.meydan.tv\\\/wp-content\\\/uploads\\\/img_9508.jpg\",\"contentUrl\":\"https:\\\/\\\/www.meydan.tv\\\/wp-content\\\/uploads\\\/img_9508.jpg\",\"width\":1200,\"height\":675,\"caption\":\"B\u0259xtiyar Hac\u0131yev. Foto: Meydan TV\"},{\"@type\":\"BreadcrumbList\",\"@id\":\"https:\\\/\\\/www.meydan.tv\\\/az\\\/article\\\/bextiyar-haciyeve-daha-bir-ittiham-verilib\\\/#breadcrumb\",\"itemListElement\":[{\"@type\":\"ListItem\",\"position\":1,\"name\":\"Ana s\u0259hif\u0259\",\"item\":\"https:\\\/\\\/www.meydan.tv\\\/az\\\/\"},{\"@type\":\"ListItem\",\"position\":2,\"name\":\"Siyas\u0259t\",\"item\":\"https:\\\/\\\/www.meydan.tv\\\/az\\\/section\\\/siyaset\\\/\"},{\"@type\":\"ListItem\",\"position\":3,\"name\":\"B\u0259xtiyar Hac\u0131yev\u0259 daha bir ittiham verilib\"}]},{\"@type\":\"WebSite\",\"@id\":\"https:\\\/\\\/www.meydan.tv\\\/az\\\/#website\",\"url\":\"https:\\\/\\\/www.meydan.tv\\\/az\\\/\",\"name\":\"MEYDAN.TV\",\"description\":\"Meydan TV Az\u0259rbaycan\u0131n media m\u0259kan\u0131ndak\u0131 alternativ s\u0259sidir\",\"publisher\":{\"@id\":\"https:\\\/\\\/www.meydan.tv\\\/az\\\/#organization\"},\"potentialAction\":[{\"@type\":\"SearchAction\",\"target\":{\"@type\":\"EntryPoint\",\"urlTemplate\":\"https:\\\/\\\/www.meydan.tv\\\/az\\\/?s={search_term_string}\"},\"query-input\":{\"@type\":\"PropertyValueSpecification\",\"valueRequired\":true,\"valueName\":\"search_term_string\"}}],\"inLanguage\":\"az\"},{\"@type\":\"Organization\",\"@id\":\"https:\\\/\\\/www.meydan.tv\\\/az\\\/#organization\",\"name\":\"Meydan TV\",\"url\":\"https:\\\/\\\/www.meydan.tv\\\/az\\\/\",\"logo\":{\"@type\":\"ImageObject\",\"inLanguage\":\"az\",\"@id\":\"https:\\\/\\\/www.meydan.tv\\\/az\\\/#\\\/schema\\\/logo\\\/image\\\/\",\"url\":\"https:\\\/\\\/www.meydan.tv\\\/wp-content\\\/uploads\\\/2021\\\/07\\\/meydan-logo.svg\",\"contentUrl\":\"https:\\\/\\\/www.meydan.tv\\\/wp-content\\\/uploads\\\/2021\\\/07\\\/meydan-logo.svg\",\"width\":195,\"height\":46,\"caption\":\"Meydan TV\"},\"image\":{\"@id\":\"https:\\\/\\\/www.meydan.tv\\\/az\\\/#\\\/schema\\\/logo\\\/image\\\/\"}},{\"@type\":\"Person\",\"@id\":\"https:\\\/\\\/www.meydan.tv\\\/az\\\/#\\\/schema\\\/person\\\/9cdbecf90d17180ce1dfbd95b08dcf47\",\"name\":\"elli\",\"sameAs\":[\"https:\\\/\\\/x.com\\\/elli\"]}]}<\/script>\n<!-- \/ Yoast SEO plugin. -->","yoast_head_json":{"title":"B\u0259xtiyar Hac\u0131yev\u0259 daha bir ittiham verilib - MEYDAN.TV","robots":{"index":"index","follow":"follow","max-snippet":"max-snippet:-1","max-image-preview":"max-image-preview:large","max-video-preview":"max-video-preview:-1"},"canonical":"https:\/\/www.meydan.tv\/az\/article\/bextiyar-haciyeve-daha-bir-ittiham-verilib\/","og_locale":"az_AZ","og_type":"article","og_title":"B\u0259xtiyar Hac\u0131yev\u0259 daha bir ittiham verilib - MEYDAN.TV","og_description":"\u0130ctimai f\u0259al vergid\u0259n yay\u0131nmada su\u00e7land\u0131r\u0131l\u0131r H\u0259bsd\u0259 olan ictimai f\u0259al B\u0259xtiyar ... Davam\u0131","og_url":"https:\/\/www.meydan.tv\/az\/article\/bextiyar-haciyeve-daha-bir-ittiham-verilib\/","og_site_name":"MEYDAN.TV","article_published_time":"2023-11-07T11:15:51+00:00","article_modified_time":"2023-11-07T11:15:54+00:00","og_image":[{"width":1200,"height":675,"url":"https:\/\/www.meydan.tv\/wp-content\/uploads\/img_9508.jpg","type":"image\/jpeg"}],"author":"elli","twitter_card":"summary_large_image","twitter_creator":"@elli","schema":{"@context":"https:\/\/schema.org","@graph":[{"@type":"Article","@id":"https:\/\/www.meydan.tv\/az\/article\/bextiyar-haciyeve-daha-bir-ittiham-verilib\/#article","isPartOf":{"@id":"https:\/\/www.meydan.tv\/az\/article\/bextiyar-haciyeve-daha-bir-ittiham-verilib\/"},"author":{"name":"elli","@id":"https:\/\/www.meydan.tv\/az\/#\/schema\/person\/9cdbecf90d17180ce1dfbd95b08dcf47"},"headline":"B\u0259xtiyar Hac\u0131yev\u0259 daha bir ittiham verilib","datePublished":"2023-11-07T11:15:51+00:00","dateModified":"2023-11-07T11:15:54+00:00","mainEntityOfPage":{"@id":"https:\/\/www.meydan.tv\/az\/article\/bextiyar-haciyeve-daha-bir-ittiham-verilib\/"},"wordCount":344,"publisher":{"@id":"https:\/\/www.meydan.tv\/az\/#organization"},"image":{"@id":"https:\/\/www.meydan.tv\/az\/article\/bextiyar-haciyeve-daha-bir-ittiham-verilib\/#primaryimage"},"thumbnailUrl":"https:\/\/www.meydan.tv\/wp-content\/uploads\/img_9508.jpg","articleSection":["Siyas\u0259t","T\u00f6vsiy\u0259","X\u0259b\u0259rl\u0259r"],"inLanguage":"az"},{"@type":"WebPage","@id":"https:\/\/www.meydan.tv\/az\/article\/bextiyar-haciyeve-daha-bir-ittiham-verilib\/","url":"https:\/\/www.meydan.tv\/az\/article\/bextiyar-haciyeve-daha-bir-ittiham-verilib\/","name":"B\u0259xtiyar Hac\u0131yev\u0259 daha bir ittiham verilib - MEYDAN.TV","isPartOf":{"@id":"https:\/\/www.meydan.tv\/az\/#website"},"primaryImageOfPage":{"@id":"https:\/\/www.meydan.tv\/az\/article\/bextiyar-haciyeve-daha-bir-ittiham-verilib\/#primaryimage"},"image":{"@id":"https:\/\/www.meydan.tv\/az\/article\/bextiyar-haciyeve-daha-bir-ittiham-verilib\/#primaryimage"},"thumbnailUrl":"https:\/\/www.meydan.tv\/wp-content\/uploads\/img_9508.jpg","datePublished":"2023-11-07T11:15:51+00:00","dateModified":"2023-11-07T11:15:54+00:00","breadcrumb":{"@id":"https:\/\/www.meydan.tv\/az\/article\/bextiyar-haciyeve-daha-bir-ittiham-verilib\/#breadcrumb"},"inLanguage":"az","potentialAction":[{"@type":"ReadAction","target":["https:\/\/www.meydan.tv\/az\/article\/bextiyar-haciyeve-daha-bir-ittiham-verilib\/"]}]},{"@type":"ImageObject","inLanguage":"az","@id":"https:\/\/www.meydan.tv\/az\/article\/bextiyar-haciyeve-daha-bir-ittiham-verilib\/#primaryimage","url":"https:\/\/www.meydan.tv\/wp-content\/uploads\/img_9508.jpg","contentUrl":"https:\/\/www.meydan.tv\/wp-content\/uploads\/img_9508.jpg","width":1200,"height":675,"caption":"B\u0259xtiyar Hac\u0131yev. Foto: Meydan TV"},{"@type":"BreadcrumbList","@id":"https:\/\/www.meydan.tv\/az\/article\/bextiyar-haciyeve-daha-bir-ittiham-verilib\/#breadcrumb","itemListElement":[{"@type":"ListItem","position":1,"name":"Ana s\u0259hif\u0259","item":"https:\/\/www.meydan.tv\/az\/"},{"@type":"ListItem","position":2,"name":"Siyas\u0259t","item":"https:\/\/www.meydan.tv\/az\/section\/siyaset\/"},{"@type":"ListItem","position":3,"name":"B\u0259xtiyar Hac\u0131yev\u0259 daha bir ittiham verilib"}]},{"@type":"WebSite","@id":"https:\/\/www.meydan.tv\/az\/#website","url":"https:\/\/www.meydan.tv\/az\/","name":"MEYDAN.TV","description":"Meydan TV Az\u0259rbaycan\u0131n media m\u0259kan\u0131ndak\u0131 alternativ s\u0259sidir","publisher":{"@id":"https:\/\/www.meydan.tv\/az\/#organization"},"potentialAction":[{"@type":"SearchAction","target":{"@type":"EntryPoint","urlTemplate":"https:\/\/www.meydan.tv\/az\/?s={search_term_string}"},"query-input":{"@type":"PropertyValueSpecification","valueRequired":true,"valueName":"search_term_string"}}],"inLanguage":"az"},{"@type":"Organization","@id":"https:\/\/www.meydan.tv\/az\/#organization","name":"Meydan TV","url":"https:\/\/www.meydan.tv\/az\/","logo":{"@type":"ImageObject","inLanguage":"az","@id":"https:\/\/www.meydan.tv\/az\/#\/schema\/logo\/image\/","url":"https:\/\/www.meydan.tv\/wp-content\/uploads\/2021\/07\/meydan-logo.svg","contentUrl":"https:\/\/www.meydan.tv\/wp-content\/uploads\/2021\/07\/meydan-logo.svg","width":195,"height":46,"caption":"Meydan TV"},"image":{"@id":"https:\/\/www.meydan.tv\/az\/#\/schema\/logo\/image\/"}},{"@type":"Person","@id":"https:\/\/www.meydan.tv\/az\/#\/schema\/person\/9cdbecf90d17180ce1dfbd95b08dcf47","name":"elli","sameAs":["https:\/\/x.com\/elli"]}]}},"_links":{"self":[{"href":"https:\/\/www.meydan.tv\/az\/wp-json\/wp\/v2\/posts\/289964","targetHints":{"allow":["GET"]}}],"collection":[{"href":"https:\/\/www.meydan.tv\/az\/wp-json\/wp\/v2\/posts"}],"about":[{"href":"https:\/\/www.meydan.tv\/az\/wp-json\/wp\/v2\/types\/post"}],"author":[{"embeddable":true,"href":"https:\/\/www.meydan.tv\/az\/wp-json\/wp\/v2\/users\/8"}],"replies":[{"embeddable":true,"href":"https:\/\/www.meydan.tv\/az\/wp-json\/wp\/v2\/comments?post=289964"}],"version-history":[{"count":3,"href":"https:\/\/www.meydan.tv\/az\/wp-json\/wp\/v2\/posts\/289964\/revisions"}],"predecessor-version":[{"id":289967,"href":"https:\/\/www.meydan.tv\/az\/wp-json\/wp\/v2\/posts\/289964\/revisions\/289967"}],"wp:featuredmedia":[{"embeddable":true,"href":"https:\/\/www.meydan.tv\/az\/wp-json\/wp\/v2\/media\/266105"}],"wp:attachment":[{"href":"https:\/\/www.meydan.tv\/az\/wp-json\/wp\/v2\/media?parent=289964"}],"wp:term":[{"taxonomy":"category","embeddable":true,"href":"https:\/\/www.meydan.tv\/az\/wp-json\/wp\/v2\/categories?post=289964"},{"taxonomy":"post_tag","embeddable":true,"href":"https:\/\/www.meydan.tv\/az\/wp-json\/wp\/v2\/tags?post=289964"}],"curies":[{"name":"wp","href":"https:\/\/api.w.org\/{rel}","templated":true}]}}