{"id":289930,"date":"2023-11-07T13:50:25","date_gmt":"2023-11-07T09:50:25","guid":{"rendered":"https:\/\/www.meydan.tv\/?p=289930"},"modified":"2023-11-07T16:33:47","modified_gmt":"2023-11-07T12:33:47","slug":"qarabag-dircelis-fondunun-1-milyonluq-kitabi-muellifi-den-braundur","status":"publish","type":"post","link":"https:\/\/www.meydan.tv\/az\/article\/qarabag-dircelis-fondunun-1-milyonluq-kitabi-muellifi-den-braundur\/","title":{"rendered":"Qaraba\u011f Dir\u00e7\u0259li\u015f Fondunun 1 milyonluq kitab\u0131: &#8220;M\u00fc\u0259llifi Den Braundur?&#8221;"},"content":{"rendered":"\n<p><\/p>\n\n\n\n<p><strong><em>&#8220;Minimum \u0259m\u0259khaqq\u0131s\u0131 Erm\u0259nistandan a\u015fa\u011f\u0131 olan \u00f6lk\u0259 bir miyonluq kitab burax\u0131r&#8221;<\/em><\/strong><\/p>\n\n\n\n<p>\u201cQaraba\u011f\u0131n Dir\u00e7\u0259li\u015fi: Faci\u0259d\u0259n Z\u0259f\u0259r\u0259\u201d adl\u0131 kitab\u0131n yaz\u0131lmas\u0131 \u00fc\u00e7\u00fcn 1 178 672 manatl\u0131q m\u00fcqavil\u0259 imzalan\u0131b.<\/p>\n\n\n\n<p>Bu haqda m\u0259lumat D\u00f6vl\u0259t sat\u0131nalmalar\u0131n\u0131n vahid internet portal\u0131nda <a href=\"https:\/\/etender.gov.az\/main\/contracts-concluded\">yerl\u0259\u015fdirilib.<\/a><\/p>\n\n\n\n<p>Sifari\u015f\u00e7i Qaraba\u011f Dir\u00e7\u0259li\u015f Fondudur.<\/p>\n\n\n\n<p>M\u00fcqavil\u0259 \u201cMedia Prima Advertising\u201d Dubayda qeydiyyatdan ke\u00e7mi\u015f reklam \u015firk\u0259ti il\u0259 imzalan\u0131b.<\/p>\n\n\n\n<figure class=\"wp-block-image size-full\"><img decoding=\"async\" width=\"1200\" height=\"705\" data-src=\"https:\/\/www.meydan.tv\/wp-content\/uploads\/400131026_6994523653903600_3801326928802122417_n.jpg\" alt=\"\" class=\"wp-image-289932 lazyload\" src=\"data:image\/svg+xml;base64,PHN2ZyB3aWR0aD0iMSIgaGVpZ2h0PSIxIiB4bWxucz0iaHR0cDovL3d3dy53My5vcmcvMjAwMC9zdmciPjwvc3ZnPg==\" style=\"--smush-placeholder-width: 1200px; --smush-placeholder-aspect-ratio: 1200\/705;\" \/><figcaption class=\"wp-element-caption\">Foto: &#8220;Facebook&#8221;<\/figcaption><\/figure>\n\n\n\n<p>Sat\u0131nalman\u0131n detallar\u0131 bar\u0259d\u0259 m\u0259lumat verilm\u0259yib.<\/p>\n\n\n\n<p>Meydan TV-nin \u0259m\u0259kda\u015f\u0131 Qaraba\u011f Dir\u00e7\u0259li\u015f Fondu il\u0259 \u0259laq\u0259 saxlay\u0131b.<\/p>\n\n\n\n<p>Qurumdan m\u0259s\u0259l\u0259 \u015f\u0259rh olunmay\u0131b.<\/p>\n\n\n<div class=\"wp-block-image\">\n<figure class=\"alignleft size-large is-resized\"><img decoding=\"async\" width=\"1200\" height=\"798\" data-src=\"https:\/\/www.meydan.tv\/wp-content\/uploads\/22907-1200x798.jpg\" alt=\"\u015eahbaz Xuduo\u011flu\" class=\"wp-image-60270 lazyload\" style=\"--smush-placeholder-width: 1200px; --smush-placeholder-aspect-ratio: 1200\/798;aspect-ratio:1.5037593984962405;width:456px;height:auto\" src=\"data:image\/svg+xml;base64,PHN2ZyB3aWR0aD0iMSIgaGVpZ2h0PSIxIiB4bWxucz0iaHR0cDovL3d3dy53My5vcmcvMjAwMC9zdmciPjwvc3ZnPg==\" \/><figcaption class=\"wp-element-caption\">Foto: \u015eahbaz Xuduo\u011flunun \u015f\u0259xsi arxivind\u0259n<\/figcaption><\/figure>\n<\/div>\n\n\n<p>\u201cQanun\u201d N\u0259\u015friyyat\u0131n\u0131n direktoru \u015eahbaz Xuduo\u011flu hesab edir ki, bir kitab\u0131n n\u0259\u015fri \u00fc\u00e7\u00fcn bu q\u0259d\u0259r v\u0259saitin x\u0259rcl\u0259nm\u0259si real g\u00f6r\u00fcnm\u00fcr.<\/p>\n\n\n\n<p>Na\u015fir Meydan TV-y\u0259 deyir ki, kitaba x\u0259rcl\u0259n\u0259c\u0259k m\u0259bl\u0259\u011fl\u0259 ba\u011fl\u0131 \u0259trafl\u0131 m\u0259lumat verilm\u0259lidir:<\/p>\n\n\n\n<p>\u201c<em>Kitab\u0131n \u00e7ap\u0131na, yaz\u0131lmas\u0131na v\u0259 t\u0259rtibat\u0131na n\u0259z\u0259rd\u0259 tutulan x\u0259rcl\u0259r detall\u0131 a\u00e7\u0131qlanmal\u0131d\u0131r. Kitab bahal\u0131 ola bil\u0259r. Kitab\u0131 yazan m\u00fc\u0259llif kimdir? B\u0259lk\u0259, Den Braundur? Olmaya, kitab\u0131 d\u00fcnya miqyas\u0131nda kitablar\u0131 \u00e7ox sat\u0131lan Coan Roulinq yazacaq? Yoxsa Aqata Kristi dirilib g\u0259lib, bu kitab\u0131 yazacaq? He\u00e7 bir halda bu q\u0259d\u0259r m\u0259bl\u0259\u011f m\u00fcmk\u00fcn deyil. Bu v\u0259sait bir kitab \u00fc\u00e7\u00fcn fantastik r\u0259q\u0259mdir\u201d.<\/em><\/p>\n\n\n<div class=\"wp-block-image\">\n<figure class=\"alignright size-full is-resized\"><img decoding=\"async\" width=\"720\" height=\"472\" data-src=\"https:\/\/www.meydan.tv\/wp-content\/uploads\/115699243_3128765247215678_7534047405425660026_n.jpg\" alt=\"\" class=\"wp-image-266274 lazyload\" style=\"--smush-placeholder-width: 720px; --smush-placeholder-aspect-ratio: 720\/472;aspect-ratio:1.5254237288135593;width:427px;height:auto\" src=\"data:image\/svg+xml;base64,PHN2ZyB3aWR0aD0iMSIgaGVpZ2h0PSIxIiB4bWxucz0iaHR0cDovL3d3dy53My5vcmcvMjAwMC9zdmciPjwvc3ZnPg==\" \/><figcaption class=\"wp-element-caption\">\u015e\u0259rif A\u011fayar<\/figcaption><\/figure>\n<\/div>\n\n\n<p>Yazar \u015e\u0259rif A\u011fayar da Meydan TV-y\u0259 bildirib ki, kitab n\u0259\u015fri \u00fc\u00e7\u00fcn bel\u0259 r\u0259q\u0259min m\u00fc\u0259yy\u0259nl\u0259\u015fm\u0259si real deyil:<\/p>\n\n\n\n<p>\u201c<em>Minimum \u0259m\u0259khaqq\u0131s\u0131 Erm\u0259nistandan a\u015fa\u011f\u0131 olan bir \u00f6lk\u0259 bir miyonluq kitab burax\u0131r, \u00f6z\u00fc d\u0259 Qaraba\u011f haqq\u0131nda. G\u00fclm\u0259li \u00e7\u0131xmasa, d\u00fcnyada t\u0259bli\u011f ed\u0259rdik ki, bizd\u0259 kitaba bel\u0259 h\u00f6rm\u0259t edirl\u0259r. Qorxuram ki, biz\u0259 g\u00fcl\u0259rl\u0259r\u201d.<\/em><\/p>\n\n\n\n<p><\/p>\n\n\n\n<p>2022-ci ilin avqustunda anoloji add\u0131m M\u0259d\u0259niyy\u0259t Nazirliyi t\u0259r\u0259find\u0259n at\u0131lm\u0131\u015fd\u0131.<\/p>\n\n\n\n<p>D\u00f6vl\u0259t sat\u0131nalmalar\u0131n\u0131n vahid internet portal\u0131nda yerl\u0259\u015fdiril\u0259n m\u0259lumatda bildirilirdi ki, M\u0259d\u0259niyy\u0259t Nazirliyi T\u00fcrkiy\u0259nin \u201cBozda\u011f Film\u201d Yap\u0131m Prod\u00fcksiyon Reklam \u0130n\u015faat Turizm Sanayi Ticaret Anonim \u015eirketi il\u0259 m\u00fcqavil\u0259 ba\u011flay\u0131b.<\/p>\n\n\n\n<p>M\u00fcqavil\u0259y\u0259 \u0259sas\u0259n, \u015firk\u0259t \u0130kinci Qaraba\u011f m\u00fcharib\u0259si haqq\u0131nda \u00e7\u0259kil\u0259c\u0259k s\u0259kkiz seriyal\u0131 b\u0259dii filmin layih\u0259sini icra ed\u0259c\u0259k.<\/p>\n\n\n\n<p>Layih\u0259y\u0259 d\u00f6vl\u0259t b\u00fcdc\u0259sind\u0259n layih\u0259y\u0259 1 milyon 700 min manat v\u0259sait <a href=\"https:\/\/www.meydan.tv\/az\/article\/muharibe-ile-bagli-film-tenderle-deyil-satinalma-ile-xarici-sirkete-verilib\/\">ayr\u0131l\u0131b.<\/a><\/p>\n\n\n\n<p>\u00dcz\u0259rind\u0259n bir ild\u0259n \u00e7ox vaxt ke\u00e7m\u0259sin\u0259 baxmayaraq, filmin aqib\u0259ti il\u0259 ba\u011fl\u0131 m\u0259lumat verilmir.<\/p>\n","protected":false},"excerpt":{"rendered":"<p>&#8220;Minimum \u0259m\u0259khaqq\u0131s\u0131 Erm\u0259nistandan a\u015fa\u011f\u0131 olan \u00f6lk\u0259 bir miyonluq kitab burax\u0131r&#8221; &#8230; <\/p>\n<p class=\"read-more-container\"><a title=\"Qaraba\u011f Dir\u00e7\u0259li\u015f Fondunun 1 milyonluq kitab\u0131: &#8220;M\u00fc\u0259llifi Den Braundur?&#8221;\" class=\"read-more button\" href=\"https:\/\/www.meydan.tv\/az\/article\/qarabag-dircelis-fondunun-1-milyonluq-kitabi-muellifi-den-braundur\/#more-289930\" aria-label=\"Read more about Qaraba\u011f Dir\u00e7\u0259li\u015f Fondunun 1 milyonluq kitab\u0131: &#8220;M\u00fc\u0259llifi Den Braundur?&#8221;\">Davam\u0131<\/a><\/p>\n","protected":false},"author":8,"featured_media":289935,"comment_status":"closed","ping_status":"closed","sticky":false,"template":"","format":"standard","meta":{"_acf_changed":false,"_sitemap_exclude":false,"_sitemap_priority":"","_sitemap_frequency":"","footnotes":""},"categories":[62,79,56],"tags":[],"class_list":["post-289930","post","type-post","status-publish","format-standard","has-post-thumbnail","hentry","category-sosial","category-featured","category-xeberler","infinite-scroll-item","generate-columns","tablet-grid-50","mobile-grid-100","grid-parent","grid-33","no-featured-image-padding"],"acf":[],"yoast_head":"<!-- This site is optimized with the Yoast SEO plugin v27.5 - https:\/\/yoast.com\/product\/yoast-seo-wordpress\/ -->\n<title>Qaraba\u011f Dir\u00e7\u0259li\u015f Fondunun 1 milyonluq kitab\u0131: &quot;M\u00fc\u0259llifi Den Braundur?&quot; - MEYDAN.TV<\/title>\n<meta name=\"robots\" content=\"index, follow, max-snippet:-1, max-image-preview:large, max-video-preview:-1\" \/>\n<link rel=\"canonical\" href=\"https:\/\/www.meydan.tv\/az\/article\/qarabag-dircelis-fondunun-1-milyonluq-kitabi-muellifi-den-braundur\/\" \/>\n<meta property=\"og:locale\" content=\"az_AZ\" \/>\n<meta property=\"og:type\" content=\"article\" \/>\n<meta property=\"og:title\" content=\"Qaraba\u011f Dir\u00e7\u0259li\u015f Fondunun 1 milyonluq kitab\u0131: &quot;M\u00fc\u0259llifi Den Braundur?&quot; - MEYDAN.TV\" \/>\n<meta property=\"og:description\" content=\"&#8220;Minimum \u0259m\u0259khaqq\u0131s\u0131 Erm\u0259nistandan a\u015fa\u011f\u0131 olan \u00f6lk\u0259 bir miyonluq kitab burax\u0131r&#8221; ... Davam\u0131\" \/>\n<meta property=\"og:url\" content=\"https:\/\/www.meydan.tv\/az\/article\/qarabag-dircelis-fondunun-1-milyonluq-kitabi-muellifi-den-braundur\/\" \/>\n<meta property=\"og:site_name\" content=\"MEYDAN.TV\" \/>\n<meta property=\"article:published_time\" content=\"2023-11-07T09:50:25+00:00\" \/>\n<meta property=\"article:modified_time\" content=\"2023-11-07T12:33:47+00:00\" \/>\n<meta property=\"og:image\" content=\"https:\/\/www.meydan.tv\/wp-content\/uploads\/untitled-design-2-155.jpg\" \/>\n\t<meta property=\"og:image:width\" content=\"1920\" \/>\n\t<meta property=\"og:image:height\" content=\"1080\" \/>\n\t<meta property=\"og:image:type\" content=\"image\/jpeg\" \/>\n<meta name=\"author\" content=\"elli\" \/>\n<meta name=\"twitter:card\" content=\"summary_large_image\" \/>\n<meta name=\"twitter:creator\" content=\"@elli\" \/>\n<script type=\"application\/ld+json\" class=\"yoast-schema-graph\">{\"@context\":\"https:\\\/\\\/schema.org\",\"@graph\":[{\"@type\":\"Article\",\"@id\":\"https:\\\/\\\/www.meydan.tv\\\/az\\\/article\\\/qarabag-dircelis-fondunun-1-milyonluq-kitabi-muellifi-den-braundur\\\/#article\",\"isPartOf\":{\"@id\":\"https:\\\/\\\/www.meydan.tv\\\/az\\\/article\\\/qarabag-dircelis-fondunun-1-milyonluq-kitabi-muellifi-den-braundur\\\/\"},\"author\":{\"name\":\"elli\",\"@id\":\"https:\\\/\\\/www.meydan.tv\\\/az\\\/#\\\/schema\\\/person\\\/9cdbecf90d17180ce1dfbd95b08dcf47\"},\"headline\":\"Qaraba\u011f Dir\u00e7\u0259li\u015f Fondunun 1 milyonluq kitab\u0131: &#8220;M\u00fc\u0259llifi Den Braundur?&#8221;\",\"datePublished\":\"2023-11-07T09:50:25+00:00\",\"dateModified\":\"2023-11-07T12:33:47+00:00\",\"mainEntityOfPage\":{\"@id\":\"https:\\\/\\\/www.meydan.tv\\\/az\\\/article\\\/qarabag-dircelis-fondunun-1-milyonluq-kitabi-muellifi-den-braundur\\\/\"},\"wordCount\":468,\"publisher\":{\"@id\":\"https:\\\/\\\/www.meydan.tv\\\/az\\\/#organization\"},\"image\":{\"@id\":\"https:\\\/\\\/www.meydan.tv\\\/az\\\/article\\\/qarabag-dircelis-fondunun-1-milyonluq-kitabi-muellifi-den-braundur\\\/#primaryimage\"},\"thumbnailUrl\":\"https:\\\/\\\/www.meydan.tv\\\/wp-content\\\/uploads\\\/untitled-design-2-155.jpg\",\"articleSection\":[\"Sosial\",\"T\u00f6vsiy\u0259\",\"X\u0259b\u0259rl\u0259r\"],\"inLanguage\":\"az\"},{\"@type\":\"WebPage\",\"@id\":\"https:\\\/\\\/www.meydan.tv\\\/az\\\/article\\\/qarabag-dircelis-fondunun-1-milyonluq-kitabi-muellifi-den-braundur\\\/\",\"url\":\"https:\\\/\\\/www.meydan.tv\\\/az\\\/article\\\/qarabag-dircelis-fondunun-1-milyonluq-kitabi-muellifi-den-braundur\\\/\",\"name\":\"Qaraba\u011f Dir\u00e7\u0259li\u015f Fondunun 1 milyonluq kitab\u0131: \\\"M\u00fc\u0259llifi Den Braundur?\\\" - MEYDAN.TV\",\"isPartOf\":{\"@id\":\"https:\\\/\\\/www.meydan.tv\\\/az\\\/#website\"},\"primaryImageOfPage\":{\"@id\":\"https:\\\/\\\/www.meydan.tv\\\/az\\\/article\\\/qarabag-dircelis-fondunun-1-milyonluq-kitabi-muellifi-den-braundur\\\/#primaryimage\"},\"image\":{\"@id\":\"https:\\\/\\\/www.meydan.tv\\\/az\\\/article\\\/qarabag-dircelis-fondunun-1-milyonluq-kitabi-muellifi-den-braundur\\\/#primaryimage\"},\"thumbnailUrl\":\"https:\\\/\\\/www.meydan.tv\\\/wp-content\\\/uploads\\\/untitled-design-2-155.jpg\",\"datePublished\":\"2023-11-07T09:50:25+00:00\",\"dateModified\":\"2023-11-07T12:33:47+00:00\",\"breadcrumb\":{\"@id\":\"https:\\\/\\\/www.meydan.tv\\\/az\\\/article\\\/qarabag-dircelis-fondunun-1-milyonluq-kitabi-muellifi-den-braundur\\\/#breadcrumb\"},\"inLanguage\":\"az\",\"potentialAction\":[{\"@type\":\"ReadAction\",\"target\":[\"https:\\\/\\\/www.meydan.tv\\\/az\\\/article\\\/qarabag-dircelis-fondunun-1-milyonluq-kitabi-muellifi-den-braundur\\\/\"]}]},{\"@type\":\"ImageObject\",\"inLanguage\":\"az\",\"@id\":\"https:\\\/\\\/www.meydan.tv\\\/az\\\/article\\\/qarabag-dircelis-fondunun-1-milyonluq-kitabi-muellifi-den-braundur\\\/#primaryimage\",\"url\":\"https:\\\/\\\/www.meydan.tv\\\/wp-content\\\/uploads\\\/untitled-design-2-155.jpg\",\"contentUrl\":\"https:\\\/\\\/www.meydan.tv\\\/wp-content\\\/uploads\\\/untitled-design-2-155.jpg\",\"width\":1920,\"height\":1080,\"caption\":\"Foto: Meydan TV\"},{\"@type\":\"BreadcrumbList\",\"@id\":\"https:\\\/\\\/www.meydan.tv\\\/az\\\/article\\\/qarabag-dircelis-fondunun-1-milyonluq-kitabi-muellifi-den-braundur\\\/#breadcrumb\",\"itemListElement\":[{\"@type\":\"ListItem\",\"position\":1,\"name\":\"Ana s\u0259hif\u0259\",\"item\":\"https:\\\/\\\/www.meydan.tv\\\/az\\\/\"},{\"@type\":\"ListItem\",\"position\":2,\"name\":\"Sosial\",\"item\":\"https:\\\/\\\/www.meydan.tv\\\/az\\\/section\\\/sosial\\\/\"},{\"@type\":\"ListItem\",\"position\":3,\"name\":\"Qaraba\u011f Dir\u00e7\u0259li\u015f Fondunun 1 milyonluq kitab\u0131: &#8220;M\u00fc\u0259llifi Den Braundur?&#8221;\"}]},{\"@type\":\"WebSite\",\"@id\":\"https:\\\/\\\/www.meydan.tv\\\/az\\\/#website\",\"url\":\"https:\\\/\\\/www.meydan.tv\\\/az\\\/\",\"name\":\"MEYDAN.TV\",\"description\":\"Meydan TV Az\u0259rbaycan\u0131n media m\u0259kan\u0131ndak\u0131 alternativ s\u0259sidir\",\"publisher\":{\"@id\":\"https:\\\/\\\/www.meydan.tv\\\/az\\\/#organization\"},\"potentialAction\":[{\"@type\":\"SearchAction\",\"target\":{\"@type\":\"EntryPoint\",\"urlTemplate\":\"https:\\\/\\\/www.meydan.tv\\\/az\\\/?s={search_term_string}\"},\"query-input\":{\"@type\":\"PropertyValueSpecification\",\"valueRequired\":true,\"valueName\":\"search_term_string\"}}],\"inLanguage\":\"az\"},{\"@type\":\"Organization\",\"@id\":\"https:\\\/\\\/www.meydan.tv\\\/az\\\/#organization\",\"name\":\"Meydan TV\",\"url\":\"https:\\\/\\\/www.meydan.tv\\\/az\\\/\",\"logo\":{\"@type\":\"ImageObject\",\"inLanguage\":\"az\",\"@id\":\"https:\\\/\\\/www.meydan.tv\\\/az\\\/#\\\/schema\\\/logo\\\/image\\\/\",\"url\":\"https:\\\/\\\/www.meydan.tv\\\/wp-content\\\/uploads\\\/2021\\\/07\\\/meydan-logo.svg\",\"contentUrl\":\"https:\\\/\\\/www.meydan.tv\\\/wp-content\\\/uploads\\\/2021\\\/07\\\/meydan-logo.svg\",\"width\":195,\"height\":46,\"caption\":\"Meydan TV\"},\"image\":{\"@id\":\"https:\\\/\\\/www.meydan.tv\\\/az\\\/#\\\/schema\\\/logo\\\/image\\\/\"}},{\"@type\":\"Person\",\"@id\":\"https:\\\/\\\/www.meydan.tv\\\/az\\\/#\\\/schema\\\/person\\\/9cdbecf90d17180ce1dfbd95b08dcf47\",\"name\":\"elli\",\"sameAs\":[\"https:\\\/\\\/x.com\\\/elli\"]}]}<\/script>\n<!-- \/ Yoast SEO plugin. -->","yoast_head_json":{"title":"Qaraba\u011f Dir\u00e7\u0259li\u015f Fondunun 1 milyonluq kitab\u0131: \"M\u00fc\u0259llifi Den Braundur?\" - MEYDAN.TV","robots":{"index":"index","follow":"follow","max-snippet":"max-snippet:-1","max-image-preview":"max-image-preview:large","max-video-preview":"max-video-preview:-1"},"canonical":"https:\/\/www.meydan.tv\/az\/article\/qarabag-dircelis-fondunun-1-milyonluq-kitabi-muellifi-den-braundur\/","og_locale":"az_AZ","og_type":"article","og_title":"Qaraba\u011f Dir\u00e7\u0259li\u015f Fondunun 1 milyonluq kitab\u0131: \"M\u00fc\u0259llifi Den Braundur?\" - MEYDAN.TV","og_description":"&#8220;Minimum \u0259m\u0259khaqq\u0131s\u0131 Erm\u0259nistandan a\u015fa\u011f\u0131 olan \u00f6lk\u0259 bir miyonluq kitab burax\u0131r&#8221; ... Davam\u0131","og_url":"https:\/\/www.meydan.tv\/az\/article\/qarabag-dircelis-fondunun-1-milyonluq-kitabi-muellifi-den-braundur\/","og_site_name":"MEYDAN.TV","article_published_time":"2023-11-07T09:50:25+00:00","article_modified_time":"2023-11-07T12:33:47+00:00","og_image":[{"width":1920,"height":1080,"url":"https:\/\/www.meydan.tv\/wp-content\/uploads\/untitled-design-2-155.jpg","type":"image\/jpeg"}],"author":"elli","twitter_card":"summary_large_image","twitter_creator":"@elli","schema":{"@context":"https:\/\/schema.org","@graph":[{"@type":"Article","@id":"https:\/\/www.meydan.tv\/az\/article\/qarabag-dircelis-fondunun-1-milyonluq-kitabi-muellifi-den-braundur\/#article","isPartOf":{"@id":"https:\/\/www.meydan.tv\/az\/article\/qarabag-dircelis-fondunun-1-milyonluq-kitabi-muellifi-den-braundur\/"},"author":{"name":"elli","@id":"https:\/\/www.meydan.tv\/az\/#\/schema\/person\/9cdbecf90d17180ce1dfbd95b08dcf47"},"headline":"Qaraba\u011f Dir\u00e7\u0259li\u015f Fondunun 1 milyonluq kitab\u0131: &#8220;M\u00fc\u0259llifi Den Braundur?&#8221;","datePublished":"2023-11-07T09:50:25+00:00","dateModified":"2023-11-07T12:33:47+00:00","mainEntityOfPage":{"@id":"https:\/\/www.meydan.tv\/az\/article\/qarabag-dircelis-fondunun-1-milyonluq-kitabi-muellifi-den-braundur\/"},"wordCount":468,"publisher":{"@id":"https:\/\/www.meydan.tv\/az\/#organization"},"image":{"@id":"https:\/\/www.meydan.tv\/az\/article\/qarabag-dircelis-fondunun-1-milyonluq-kitabi-muellifi-den-braundur\/#primaryimage"},"thumbnailUrl":"https:\/\/www.meydan.tv\/wp-content\/uploads\/untitled-design-2-155.jpg","articleSection":["Sosial","T\u00f6vsiy\u0259","X\u0259b\u0259rl\u0259r"],"inLanguage":"az"},{"@type":"WebPage","@id":"https:\/\/www.meydan.tv\/az\/article\/qarabag-dircelis-fondunun-1-milyonluq-kitabi-muellifi-den-braundur\/","url":"https:\/\/www.meydan.tv\/az\/article\/qarabag-dircelis-fondunun-1-milyonluq-kitabi-muellifi-den-braundur\/","name":"Qaraba\u011f Dir\u00e7\u0259li\u015f Fondunun 1 milyonluq kitab\u0131: \"M\u00fc\u0259llifi Den Braundur?\" - MEYDAN.TV","isPartOf":{"@id":"https:\/\/www.meydan.tv\/az\/#website"},"primaryImageOfPage":{"@id":"https:\/\/www.meydan.tv\/az\/article\/qarabag-dircelis-fondunun-1-milyonluq-kitabi-muellifi-den-braundur\/#primaryimage"},"image":{"@id":"https:\/\/www.meydan.tv\/az\/article\/qarabag-dircelis-fondunun-1-milyonluq-kitabi-muellifi-den-braundur\/#primaryimage"},"thumbnailUrl":"https:\/\/www.meydan.tv\/wp-content\/uploads\/untitled-design-2-155.jpg","datePublished":"2023-11-07T09:50:25+00:00","dateModified":"2023-11-07T12:33:47+00:00","breadcrumb":{"@id":"https:\/\/www.meydan.tv\/az\/article\/qarabag-dircelis-fondunun-1-milyonluq-kitabi-muellifi-den-braundur\/#breadcrumb"},"inLanguage":"az","potentialAction":[{"@type":"ReadAction","target":["https:\/\/www.meydan.tv\/az\/article\/qarabag-dircelis-fondunun-1-milyonluq-kitabi-muellifi-den-braundur\/"]}]},{"@type":"ImageObject","inLanguage":"az","@id":"https:\/\/www.meydan.tv\/az\/article\/qarabag-dircelis-fondunun-1-milyonluq-kitabi-muellifi-den-braundur\/#primaryimage","url":"https:\/\/www.meydan.tv\/wp-content\/uploads\/untitled-design-2-155.jpg","contentUrl":"https:\/\/www.meydan.tv\/wp-content\/uploads\/untitled-design-2-155.jpg","width":1920,"height":1080,"caption":"Foto: Meydan TV"},{"@type":"BreadcrumbList","@id":"https:\/\/www.meydan.tv\/az\/article\/qarabag-dircelis-fondunun-1-milyonluq-kitabi-muellifi-den-braundur\/#breadcrumb","itemListElement":[{"@type":"ListItem","position":1,"name":"Ana s\u0259hif\u0259","item":"https:\/\/www.meydan.tv\/az\/"},{"@type":"ListItem","position":2,"name":"Sosial","item":"https:\/\/www.meydan.tv\/az\/section\/sosial\/"},{"@type":"ListItem","position":3,"name":"Qaraba\u011f Dir\u00e7\u0259li\u015f Fondunun 1 milyonluq kitab\u0131: &#8220;M\u00fc\u0259llifi Den Braundur?&#8221;"}]},{"@type":"WebSite","@id":"https:\/\/www.meydan.tv\/az\/#website","url":"https:\/\/www.meydan.tv\/az\/","name":"MEYDAN.TV","description":"Meydan TV Az\u0259rbaycan\u0131n media m\u0259kan\u0131ndak\u0131 alternativ s\u0259sidir","publisher":{"@id":"https:\/\/www.meydan.tv\/az\/#organization"},"potentialAction":[{"@type":"SearchAction","target":{"@type":"EntryPoint","urlTemplate":"https:\/\/www.meydan.tv\/az\/?s={search_term_string}"},"query-input":{"@type":"PropertyValueSpecification","valueRequired":true,"valueName":"search_term_string"}}],"inLanguage":"az"},{"@type":"Organization","@id":"https:\/\/www.meydan.tv\/az\/#organization","name":"Meydan TV","url":"https:\/\/www.meydan.tv\/az\/","logo":{"@type":"ImageObject","inLanguage":"az","@id":"https:\/\/www.meydan.tv\/az\/#\/schema\/logo\/image\/","url":"https:\/\/www.meydan.tv\/wp-content\/uploads\/2021\/07\/meydan-logo.svg","contentUrl":"https:\/\/www.meydan.tv\/wp-content\/uploads\/2021\/07\/meydan-logo.svg","width":195,"height":46,"caption":"Meydan TV"},"image":{"@id":"https:\/\/www.meydan.tv\/az\/#\/schema\/logo\/image\/"}},{"@type":"Person","@id":"https:\/\/www.meydan.tv\/az\/#\/schema\/person\/9cdbecf90d17180ce1dfbd95b08dcf47","name":"elli","sameAs":["https:\/\/x.com\/elli"]}]}},"_links":{"self":[{"href":"https:\/\/www.meydan.tv\/az\/wp-json\/wp\/v2\/posts\/289930","targetHints":{"allow":["GET"]}}],"collection":[{"href":"https:\/\/www.meydan.tv\/az\/wp-json\/wp\/v2\/posts"}],"about":[{"href":"https:\/\/www.meydan.tv\/az\/wp-json\/wp\/v2\/types\/post"}],"author":[{"embeddable":true,"href":"https:\/\/www.meydan.tv\/az\/wp-json\/wp\/v2\/users\/8"}],"replies":[{"embeddable":true,"href":"https:\/\/www.meydan.tv\/az\/wp-json\/wp\/v2\/comments?post=289930"}],"version-history":[{"count":4,"href":"https:\/\/www.meydan.tv\/az\/wp-json\/wp\/v2\/posts\/289930\/revisions"}],"predecessor-version":[{"id":289981,"href":"https:\/\/www.meydan.tv\/az\/wp-json\/wp\/v2\/posts\/289930\/revisions\/289981"}],"wp:featuredmedia":[{"embeddable":true,"href":"https:\/\/www.meydan.tv\/az\/wp-json\/wp\/v2\/media\/289935"}],"wp:attachment":[{"href":"https:\/\/www.meydan.tv\/az\/wp-json\/wp\/v2\/media?parent=289930"}],"wp:term":[{"taxonomy":"category","embeddable":true,"href":"https:\/\/www.meydan.tv\/az\/wp-json\/wp\/v2\/categories?post=289930"},{"taxonomy":"post_tag","embeddable":true,"href":"https:\/\/www.meydan.tv\/az\/wp-json\/wp\/v2\/tags?post=289930"}],"curies":[{"name":"wp","href":"https:\/\/api.w.org\/{rel}","templated":true}]}}