{"id":289884,"date":"2023-11-06T17:59:18","date_gmt":"2023-11-06T13:59:18","guid":{"rendered":"https:\/\/www.meydan.tv\/?p=289884"},"modified":"2023-11-06T18:31:26","modified_gmt":"2023-11-06T14:31:26","slug":"milli-meclisde-qaz-limitinin-legvi-yeniden-gundeme-getirilib","status":"publish","type":"post","link":"https:\/\/www.meydan.tv\/az\/article\/milli-meclisde-qaz-limitinin-legvi-yeniden-gundeme-getirilib\/","title":{"rendered":"Milli M\u0259clisd\u0259 qaz limitinin l\u0259\u011fvi yenid\u0259n g\u00fcnd\u0259m\u0259 g\u0259tirilib"},"content":{"rendered":"\n<p><\/p>\n\n\n\n<p><strong><em>Nazir is\u0259 deyib ki, qaz\u0131n qiym\u0259ti o q\u0259d\u0259r d\u0259 y\u00fcks\u0259k deyil<\/em><\/strong><\/p>\n\n\n\n<p>Milli M\u0259clisin bu g\u00fcn ke\u00e7iril\u0259n iclas\u0131nda n\u00f6vb\u0259ti d\u0259f\u0259 \u0259haliy\u0259 veril\u0259n t\u0259bii qaza qoyulan limitin l\u0259\u011fv olunmas\u0131 t\u0259klif edilib.<\/p>\n\n\n\n<p>Deputat Ramil H\u0259s\u0259n \u00e7\u0131x\u0131\u015f\u0131nda bu haqda dan\u0131\u015f\u0131b.<\/p>\n\n\n\n<p>\u201c<em>Az\u0259rbaycanda se\u00e7icil\u0259rin \u0259sas naraz\u0131l\u0131\u011f\u0131 \u0259hali istehlak\u00e7\u0131 qrupu \u00fczr\u0259 t\u0259bii qaz\u0131n p\u0259rak\u0259nd\u0259 sat\u0131\u015f tarifinin illik istehlaka dair limitin azald\u0131lmas\u0131 il\u0259 ba\u011fl\u0131d\u0131r\u201d, <\/em>&#8211; deputat bel\u0259 deyib.<\/p>\n\n\n\n<p>T\u0259bii qaz\u0131n qiym\u0259tinin y\u00fcks\u0259k olmas\u0131 k\u0259ndl\u0259rd\u0259 a\u011faclar\u0131n k\u0259sil\u0259r\u0259k yanacaq kimi istifad\u0259 olunmas\u0131na g\u0259tirib \u00e7\u0131xar\u0131r:<\/p>\n\n\n\n<p>\u201c<em>N\u0259tic\u0259d\u0259 ekoloji tarazl\u0131qda b\u00f6y\u00fck problem yaran\u0131r. Se\u00e7icil\u0259rin xahi\u015fi ondan ibar\u0259tdir ki, ya qaz limiti l\u0259\u011fv olunmal\u0131, ya da rayonlar \u00fc\u00e7\u00fcn yeni yana\u015fma t\u0259tbiq olunmal\u0131d\u0131r\u201d.<\/em><\/p>\n\n\n<div class=\"wp-block-image\">\n<figure class=\"aligncenter size-full is-resized\"><img decoding=\"async\" width=\"1200\" height=\"800\" data-src=\"https:\/\/www.meydan.tv\/wp-content\/uploads\/gg.jpg\" alt=\"\" class=\"wp-image-289885 lazyload\" style=\"--smush-placeholder-width: 1200px; --smush-placeholder-aspect-ratio: 1200\/800;aspect-ratio:1.5;width:833px;height:auto\" src=\"data:image\/svg+xml;base64,PHN2ZyB3aWR0aD0iMSIgaGVpZ2h0PSIxIiB4bWxucz0iaHR0cDovL3d3dy53My5vcmcvMjAwMC9zdmciPjwvc3ZnPg==\" \/><figcaption class=\"wp-element-caption\">Foto: Ramil H\u0259s\u0259nin &#8220;Facebook&#8221; s\u0259hif\u0259sind\u0259n <\/figcaption><\/figure>\n<\/div>\n\n\n<p>Maliyy\u0259 Naziri Samir \u015e\u0259rifov is\u0259 deyib ki, Az\u0259rbaycanda istehlak\u00e7\u0131lara sat\u0131lan t\u0259bii qaz\u0131n p\u0259rak\u0259nd\u0259 qiym\u0259ti o q\u0259d\u0259r d\u0259 y\u00fcks\u0259k deyil:<\/p>\n\n\n\n<p>\u201c<em>Qaz limiti kifay\u0259t q\u0259d\u0259r m\u00fcr\u0259kk\u0259b m\u0259s\u0259l\u0259dir. Sosial h\u0259ssas \u0259hali \u00fc\u00e7\u00fcn m\u00fc\u0259yy\u0259n q\u0259d\u0259r qaz limiti qoyulub. H\u0259min limit \u00e7\u0259r\u00e7iv\u0259sind\u0259 qaz\u0131n qiym\u0259ti daha ucuzdur. Limitd\u0259n yuxar\u0131 hiss\u0259 is\u0259 bahad\u0131r\u201d.<\/em><\/p>\n\n\n<div class=\"wp-block-image\">\n<figure class=\"aligncenter size-large\"><img decoding=\"async\" width=\"1095\" height=\"821\" data-src=\"https:\/\/www.meydan.tv\/wp-content\/uploads\/45129-1095x821.jpg\" alt=\"Samir \u015e\u0259rifov\" class=\"wp-image-113267 lazyload\" src=\"data:image\/svg+xml;base64,PHN2ZyB3aWR0aD0iMSIgaGVpZ2h0PSIxIiB4bWxucz0iaHR0cDovL3d3dy53My5vcmcvMjAwMC9zdmciPjwvc3ZnPg==\" style=\"--smush-placeholder-width: 1095px; --smush-placeholder-aspect-ratio: 1095\/821;\" \/><figcaption class=\"wp-element-caption\">Foto: Az\u0259rtac<\/figcaption><\/figure>\n<\/div>\n\n\n<p>Noyabr\u0131n 3-d\u0259 Milli M\u0259clisd\u0259 2024-c\u00fc il b\u00fcdc\u0259 m\u00fczakir\u0259l\u0259ri zaman\u0131 deputat Tahir K\u0259rimli d\u0259 \u0259haliy\u0259 veril\u0259n t\u0259bii qaza qoyulan limitin l\u0259\u011fv olunmas\u0131n\u0131 t\u0259klif etmi\u015fdi.<\/p>\n\n\n\n<p>\u201c<em>Az\u0259rbaycan\u0131n kifay\u0259t q\u0259d\u0259r qaz\u0131 var, buna g\u00fcc\u00fcm\u00fcz \u00e7atar. Ona g\u00f6r\u0259 d\u0259 qaz limitinin l\u0259\u011fv olunmas\u0131n\u0131 t\u0259klif edir\u0259m\u201d, &#8211; <\/em>deputat bildirmi\u015fdi.<\/p>\n\n\n\n<p>2021-ci il oktyabr\u0131n 16-da Tarif \u015euras\u0131n\u0131n iclas\u0131nda t\u0259bii qaz \u00fczr\u0259 topdansat\u0131\u015f v\u0259 p\u0259rak\u0259nd\u0259 sat\u0131\u015f qiym\u0259tl\u0259rinin tarif t\u0259nziml\u0259nm\u0259sin\u0259 dair q\u0259rar q\u0259bul edilib.<\/p>\n\n\n\n<p>Q\u0259rara \u0259sas\u0259n, \u0259halinin illik istehlak\u0131n\u0131n 1 200 kubmetr\u0259d\u0259k olan hiss\u0259si \u00fc\u00e7\u00fcn tarifl\u0259r 10 q\u0259pikd\u0259n 12 q\u0259piy\u0259 art\u0131r\u0131l\u0131b.<\/p>\n\n\n\n<p>\u018fhali \u00fc\u00e7\u00fcn 1200-2500 kubmetr\u0259d\u0259k v\u0259 2500 kubmetrd\u0259n \u00e7ox olan hiss\u0259l\u0259r \u00fc\u00e7\u00fcn tarifl\u0259r m\u00fcvafiq olaraq 20 v\u0259 25 q\u0259pik olmaqla d\u0259yi\u015fm\u0259di v\u0259 \u0259vv\u0259lki h\u0259dd\u0259 saxlan\u0131l\u0131b.<\/p>\n\n\n\n<p>Qeyri-\u0259hali kateqoriyas\u0131ndan s\u0259naye v\u0259 k\u0259nd t\u0259s\u0259rr\u00fcfat\u0131 \u00fczr\u0259 qaz\u0131n tarifl\u0259ri 20 q\u0259pikd\u0259n 22 q\u0259piy\u0259 art\u0131r\u0131l\u0131b.<\/p>\n","protected":false},"excerpt":{"rendered":"<p>Nazir is\u0259 deyib ki, qaz\u0131n qiym\u0259ti o q\u0259d\u0259r d\u0259 y\u00fcks\u0259k &#8230; <\/p>\n<p class=\"read-more-container\"><a title=\"Milli M\u0259clisd\u0259 qaz limitinin l\u0259\u011fvi yenid\u0259n g\u00fcnd\u0259m\u0259 g\u0259tirilib\" class=\"read-more button\" href=\"https:\/\/www.meydan.tv\/az\/article\/milli-meclisde-qaz-limitinin-legvi-yeniden-gundeme-getirilib\/#more-289884\" aria-label=\"Read more about Milli M\u0259clisd\u0259 qaz limitinin l\u0259\u011fvi yenid\u0259n g\u00fcnd\u0259m\u0259 g\u0259tirilib\">Davam\u0131<\/a><\/p>\n","protected":false},"author":8,"featured_media":289906,"comment_status":"closed","ping_status":"closed","sticky":false,"template":"","format":"standard","meta":{"_acf_changed":false,"_sitemap_exclude":false,"_sitemap_priority":"","_sitemap_frequency":"","footnotes":""},"categories":[62,56],"tags":[],"class_list":["post-289884","post","type-post","status-publish","format-standard","has-post-thumbnail","hentry","category-sosial","category-xeberler","infinite-scroll-item","generate-columns","tablet-grid-50","mobile-grid-100","grid-parent","grid-33","no-featured-image-padding"],"acf":[],"yoast_head":"<!-- This site is optimized with the Yoast SEO plugin v27.5 - https:\/\/yoast.com\/product\/yoast-seo-wordpress\/ -->\n<title>Milli M\u0259clisd\u0259 qaz limitinin l\u0259\u011fvi yenid\u0259n g\u00fcnd\u0259m\u0259 g\u0259tirilib - MEYDAN.TV<\/title>\n<meta name=\"robots\" content=\"index, follow, max-snippet:-1, max-image-preview:large, max-video-preview:-1\" \/>\n<link rel=\"canonical\" href=\"https:\/\/www.meydan.tv\/az\/article\/milli-meclisde-qaz-limitinin-legvi-yeniden-gundeme-getirilib\/\" \/>\n<meta property=\"og:locale\" content=\"az_AZ\" \/>\n<meta property=\"og:type\" content=\"article\" \/>\n<meta property=\"og:title\" content=\"Milli M\u0259clisd\u0259 qaz limitinin l\u0259\u011fvi yenid\u0259n g\u00fcnd\u0259m\u0259 g\u0259tirilib - MEYDAN.TV\" \/>\n<meta property=\"og:description\" content=\"Nazir is\u0259 deyib ki, qaz\u0131n qiym\u0259ti o q\u0259d\u0259r d\u0259 y\u00fcks\u0259k ... Davam\u0131\" \/>\n<meta property=\"og:url\" content=\"https:\/\/www.meydan.tv\/az\/article\/milli-meclisde-qaz-limitinin-legvi-yeniden-gundeme-getirilib\/\" \/>\n<meta property=\"og:site_name\" content=\"MEYDAN.TV\" \/>\n<meta property=\"article:published_time\" content=\"2023-11-06T13:59:18+00:00\" \/>\n<meta property=\"article:modified_time\" content=\"2023-11-06T14:31:26+00:00\" \/>\n<meta property=\"og:image\" content=\"https:\/\/www.meydan.tv\/wp-content\/uploads\/untitled-design-1-148.jpg\" \/>\n\t<meta property=\"og:image:width\" content=\"1920\" \/>\n\t<meta property=\"og:image:height\" content=\"1080\" \/>\n\t<meta property=\"og:image:type\" content=\"image\/jpeg\" \/>\n<meta name=\"author\" content=\"elli\" \/>\n<meta name=\"twitter:card\" content=\"summary_large_image\" \/>\n<meta name=\"twitter:creator\" content=\"@elli\" \/>\n<script type=\"application\/ld+json\" class=\"yoast-schema-graph\">{\"@context\":\"https:\\\/\\\/schema.org\",\"@graph\":[{\"@type\":\"Article\",\"@id\":\"https:\\\/\\\/www.meydan.tv\\\/az\\\/article\\\/milli-meclisde-qaz-limitinin-legvi-yeniden-gundeme-getirilib\\\/#article\",\"isPartOf\":{\"@id\":\"https:\\\/\\\/www.meydan.tv\\\/az\\\/article\\\/milli-meclisde-qaz-limitinin-legvi-yeniden-gundeme-getirilib\\\/\"},\"author\":{\"name\":\"elli\",\"@id\":\"https:\\\/\\\/www.meydan.tv\\\/az\\\/#\\\/schema\\\/person\\\/9cdbecf90d17180ce1dfbd95b08dcf47\"},\"headline\":\"Milli M\u0259clisd\u0259 qaz limitinin l\u0259\u011fvi yenid\u0259n g\u00fcnd\u0259m\u0259 g\u0259tirilib\",\"datePublished\":\"2023-11-06T13:59:18+00:00\",\"dateModified\":\"2023-11-06T14:31:26+00:00\",\"mainEntityOfPage\":{\"@id\":\"https:\\\/\\\/www.meydan.tv\\\/az\\\/article\\\/milli-meclisde-qaz-limitinin-legvi-yeniden-gundeme-getirilib\\\/\"},\"wordCount\":463,\"publisher\":{\"@id\":\"https:\\\/\\\/www.meydan.tv\\\/az\\\/#organization\"},\"image\":{\"@id\":\"https:\\\/\\\/www.meydan.tv\\\/az\\\/article\\\/milli-meclisde-qaz-limitinin-legvi-yeniden-gundeme-getirilib\\\/#primaryimage\"},\"thumbnailUrl\":\"https:\\\/\\\/www.meydan.tv\\\/wp-content\\\/uploads\\\/untitled-design-1-148.jpg\",\"articleSection\":[\"Sosial\",\"X\u0259b\u0259rl\u0259r\"],\"inLanguage\":\"az\"},{\"@type\":\"WebPage\",\"@id\":\"https:\\\/\\\/www.meydan.tv\\\/az\\\/article\\\/milli-meclisde-qaz-limitinin-legvi-yeniden-gundeme-getirilib\\\/\",\"url\":\"https:\\\/\\\/www.meydan.tv\\\/az\\\/article\\\/milli-meclisde-qaz-limitinin-legvi-yeniden-gundeme-getirilib\\\/\",\"name\":\"Milli M\u0259clisd\u0259 qaz limitinin l\u0259\u011fvi yenid\u0259n g\u00fcnd\u0259m\u0259 g\u0259tirilib - MEYDAN.TV\",\"isPartOf\":{\"@id\":\"https:\\\/\\\/www.meydan.tv\\\/az\\\/#website\"},\"primaryImageOfPage\":{\"@id\":\"https:\\\/\\\/www.meydan.tv\\\/az\\\/article\\\/milli-meclisde-qaz-limitinin-legvi-yeniden-gundeme-getirilib\\\/#primaryimage\"},\"image\":{\"@id\":\"https:\\\/\\\/www.meydan.tv\\\/az\\\/article\\\/milli-meclisde-qaz-limitinin-legvi-yeniden-gundeme-getirilib\\\/#primaryimage\"},\"thumbnailUrl\":\"https:\\\/\\\/www.meydan.tv\\\/wp-content\\\/uploads\\\/untitled-design-1-148.jpg\",\"datePublished\":\"2023-11-06T13:59:18+00:00\",\"dateModified\":\"2023-11-06T14:31:26+00:00\",\"breadcrumb\":{\"@id\":\"https:\\\/\\\/www.meydan.tv\\\/az\\\/article\\\/milli-meclisde-qaz-limitinin-legvi-yeniden-gundeme-getirilib\\\/#breadcrumb\"},\"inLanguage\":\"az\",\"potentialAction\":[{\"@type\":\"ReadAction\",\"target\":[\"https:\\\/\\\/www.meydan.tv\\\/az\\\/article\\\/milli-meclisde-qaz-limitinin-legvi-yeniden-gundeme-getirilib\\\/\"]}]},{\"@type\":\"ImageObject\",\"inLanguage\":\"az\",\"@id\":\"https:\\\/\\\/www.meydan.tv\\\/az\\\/article\\\/milli-meclisde-qaz-limitinin-legvi-yeniden-gundeme-getirilib\\\/#primaryimage\",\"url\":\"https:\\\/\\\/www.meydan.tv\\\/wp-content\\\/uploads\\\/untitled-design-1-148.jpg\",\"contentUrl\":\"https:\\\/\\\/www.meydan.tv\\\/wp-content\\\/uploads\\\/untitled-design-1-148.jpg\",\"width\":1920,\"height\":1080,\"caption\":\"Milli M\u0259clis, say\u011fac. Foto: Meydan TV\"},{\"@type\":\"BreadcrumbList\",\"@id\":\"https:\\\/\\\/www.meydan.tv\\\/az\\\/article\\\/milli-meclisde-qaz-limitinin-legvi-yeniden-gundeme-getirilib\\\/#breadcrumb\",\"itemListElement\":[{\"@type\":\"ListItem\",\"position\":1,\"name\":\"Ana s\u0259hif\u0259\",\"item\":\"https:\\\/\\\/www.meydan.tv\\\/az\\\/\"},{\"@type\":\"ListItem\",\"position\":2,\"name\":\"Sosial\",\"item\":\"https:\\\/\\\/www.meydan.tv\\\/az\\\/section\\\/sosial\\\/\"},{\"@type\":\"ListItem\",\"position\":3,\"name\":\"Milli M\u0259clisd\u0259 qaz limitinin l\u0259\u011fvi yenid\u0259n g\u00fcnd\u0259m\u0259 g\u0259tirilib\"}]},{\"@type\":\"WebSite\",\"@id\":\"https:\\\/\\\/www.meydan.tv\\\/az\\\/#website\",\"url\":\"https:\\\/\\\/www.meydan.tv\\\/az\\\/\",\"name\":\"MEYDAN.TV\",\"description\":\"Meydan TV Az\u0259rbaycan\u0131n media m\u0259kan\u0131ndak\u0131 alternativ s\u0259sidir\",\"publisher\":{\"@id\":\"https:\\\/\\\/www.meydan.tv\\\/az\\\/#organization\"},\"potentialAction\":[{\"@type\":\"SearchAction\",\"target\":{\"@type\":\"EntryPoint\",\"urlTemplate\":\"https:\\\/\\\/www.meydan.tv\\\/az\\\/?s={search_term_string}\"},\"query-input\":{\"@type\":\"PropertyValueSpecification\",\"valueRequired\":true,\"valueName\":\"search_term_string\"}}],\"inLanguage\":\"az\"},{\"@type\":\"Organization\",\"@id\":\"https:\\\/\\\/www.meydan.tv\\\/az\\\/#organization\",\"name\":\"Meydan TV\",\"url\":\"https:\\\/\\\/www.meydan.tv\\\/az\\\/\",\"logo\":{\"@type\":\"ImageObject\",\"inLanguage\":\"az\",\"@id\":\"https:\\\/\\\/www.meydan.tv\\\/az\\\/#\\\/schema\\\/logo\\\/image\\\/\",\"url\":\"https:\\\/\\\/www.meydan.tv\\\/wp-content\\\/uploads\\\/2021\\\/07\\\/meydan-logo.svg\",\"contentUrl\":\"https:\\\/\\\/www.meydan.tv\\\/wp-content\\\/uploads\\\/2021\\\/07\\\/meydan-logo.svg\",\"width\":195,\"height\":46,\"caption\":\"Meydan TV\"},\"image\":{\"@id\":\"https:\\\/\\\/www.meydan.tv\\\/az\\\/#\\\/schema\\\/logo\\\/image\\\/\"}},{\"@type\":\"Person\",\"@id\":\"https:\\\/\\\/www.meydan.tv\\\/az\\\/#\\\/schema\\\/person\\\/9cdbecf90d17180ce1dfbd95b08dcf47\",\"name\":\"elli\",\"sameAs\":[\"https:\\\/\\\/x.com\\\/elli\"]}]}<\/script>\n<!-- \/ Yoast SEO plugin. -->","yoast_head_json":{"title":"Milli M\u0259clisd\u0259 qaz limitinin l\u0259\u011fvi yenid\u0259n g\u00fcnd\u0259m\u0259 g\u0259tirilib - MEYDAN.TV","robots":{"index":"index","follow":"follow","max-snippet":"max-snippet:-1","max-image-preview":"max-image-preview:large","max-video-preview":"max-video-preview:-1"},"canonical":"https:\/\/www.meydan.tv\/az\/article\/milli-meclisde-qaz-limitinin-legvi-yeniden-gundeme-getirilib\/","og_locale":"az_AZ","og_type":"article","og_title":"Milli M\u0259clisd\u0259 qaz limitinin l\u0259\u011fvi yenid\u0259n g\u00fcnd\u0259m\u0259 g\u0259tirilib - MEYDAN.TV","og_description":"Nazir is\u0259 deyib ki, qaz\u0131n qiym\u0259ti o q\u0259d\u0259r d\u0259 y\u00fcks\u0259k ... Davam\u0131","og_url":"https:\/\/www.meydan.tv\/az\/article\/milli-meclisde-qaz-limitinin-legvi-yeniden-gundeme-getirilib\/","og_site_name":"MEYDAN.TV","article_published_time":"2023-11-06T13:59:18+00:00","article_modified_time":"2023-11-06T14:31:26+00:00","og_image":[{"width":1920,"height":1080,"url":"https:\/\/www.meydan.tv\/wp-content\/uploads\/untitled-design-1-148.jpg","type":"image\/jpeg"}],"author":"elli","twitter_card":"summary_large_image","twitter_creator":"@elli","schema":{"@context":"https:\/\/schema.org","@graph":[{"@type":"Article","@id":"https:\/\/www.meydan.tv\/az\/article\/milli-meclisde-qaz-limitinin-legvi-yeniden-gundeme-getirilib\/#article","isPartOf":{"@id":"https:\/\/www.meydan.tv\/az\/article\/milli-meclisde-qaz-limitinin-legvi-yeniden-gundeme-getirilib\/"},"author":{"name":"elli","@id":"https:\/\/www.meydan.tv\/az\/#\/schema\/person\/9cdbecf90d17180ce1dfbd95b08dcf47"},"headline":"Milli M\u0259clisd\u0259 qaz limitinin l\u0259\u011fvi yenid\u0259n g\u00fcnd\u0259m\u0259 g\u0259tirilib","datePublished":"2023-11-06T13:59:18+00:00","dateModified":"2023-11-06T14:31:26+00:00","mainEntityOfPage":{"@id":"https:\/\/www.meydan.tv\/az\/article\/milli-meclisde-qaz-limitinin-legvi-yeniden-gundeme-getirilib\/"},"wordCount":463,"publisher":{"@id":"https:\/\/www.meydan.tv\/az\/#organization"},"image":{"@id":"https:\/\/www.meydan.tv\/az\/article\/milli-meclisde-qaz-limitinin-legvi-yeniden-gundeme-getirilib\/#primaryimage"},"thumbnailUrl":"https:\/\/www.meydan.tv\/wp-content\/uploads\/untitled-design-1-148.jpg","articleSection":["Sosial","X\u0259b\u0259rl\u0259r"],"inLanguage":"az"},{"@type":"WebPage","@id":"https:\/\/www.meydan.tv\/az\/article\/milli-meclisde-qaz-limitinin-legvi-yeniden-gundeme-getirilib\/","url":"https:\/\/www.meydan.tv\/az\/article\/milli-meclisde-qaz-limitinin-legvi-yeniden-gundeme-getirilib\/","name":"Milli M\u0259clisd\u0259 qaz limitinin l\u0259\u011fvi yenid\u0259n g\u00fcnd\u0259m\u0259 g\u0259tirilib - MEYDAN.TV","isPartOf":{"@id":"https:\/\/www.meydan.tv\/az\/#website"},"primaryImageOfPage":{"@id":"https:\/\/www.meydan.tv\/az\/article\/milli-meclisde-qaz-limitinin-legvi-yeniden-gundeme-getirilib\/#primaryimage"},"image":{"@id":"https:\/\/www.meydan.tv\/az\/article\/milli-meclisde-qaz-limitinin-legvi-yeniden-gundeme-getirilib\/#primaryimage"},"thumbnailUrl":"https:\/\/www.meydan.tv\/wp-content\/uploads\/untitled-design-1-148.jpg","datePublished":"2023-11-06T13:59:18+00:00","dateModified":"2023-11-06T14:31:26+00:00","breadcrumb":{"@id":"https:\/\/www.meydan.tv\/az\/article\/milli-meclisde-qaz-limitinin-legvi-yeniden-gundeme-getirilib\/#breadcrumb"},"inLanguage":"az","potentialAction":[{"@type":"ReadAction","target":["https:\/\/www.meydan.tv\/az\/article\/milli-meclisde-qaz-limitinin-legvi-yeniden-gundeme-getirilib\/"]}]},{"@type":"ImageObject","inLanguage":"az","@id":"https:\/\/www.meydan.tv\/az\/article\/milli-meclisde-qaz-limitinin-legvi-yeniden-gundeme-getirilib\/#primaryimage","url":"https:\/\/www.meydan.tv\/wp-content\/uploads\/untitled-design-1-148.jpg","contentUrl":"https:\/\/www.meydan.tv\/wp-content\/uploads\/untitled-design-1-148.jpg","width":1920,"height":1080,"caption":"Milli M\u0259clis, say\u011fac. Foto: Meydan TV"},{"@type":"BreadcrumbList","@id":"https:\/\/www.meydan.tv\/az\/article\/milli-meclisde-qaz-limitinin-legvi-yeniden-gundeme-getirilib\/#breadcrumb","itemListElement":[{"@type":"ListItem","position":1,"name":"Ana s\u0259hif\u0259","item":"https:\/\/www.meydan.tv\/az\/"},{"@type":"ListItem","position":2,"name":"Sosial","item":"https:\/\/www.meydan.tv\/az\/section\/sosial\/"},{"@type":"ListItem","position":3,"name":"Milli M\u0259clisd\u0259 qaz limitinin l\u0259\u011fvi yenid\u0259n g\u00fcnd\u0259m\u0259 g\u0259tirilib"}]},{"@type":"WebSite","@id":"https:\/\/www.meydan.tv\/az\/#website","url":"https:\/\/www.meydan.tv\/az\/","name":"MEYDAN.TV","description":"Meydan TV Az\u0259rbaycan\u0131n media m\u0259kan\u0131ndak\u0131 alternativ s\u0259sidir","publisher":{"@id":"https:\/\/www.meydan.tv\/az\/#organization"},"potentialAction":[{"@type":"SearchAction","target":{"@type":"EntryPoint","urlTemplate":"https:\/\/www.meydan.tv\/az\/?s={search_term_string}"},"query-input":{"@type":"PropertyValueSpecification","valueRequired":true,"valueName":"search_term_string"}}],"inLanguage":"az"},{"@type":"Organization","@id":"https:\/\/www.meydan.tv\/az\/#organization","name":"Meydan TV","url":"https:\/\/www.meydan.tv\/az\/","logo":{"@type":"ImageObject","inLanguage":"az","@id":"https:\/\/www.meydan.tv\/az\/#\/schema\/logo\/image\/","url":"https:\/\/www.meydan.tv\/wp-content\/uploads\/2021\/07\/meydan-logo.svg","contentUrl":"https:\/\/www.meydan.tv\/wp-content\/uploads\/2021\/07\/meydan-logo.svg","width":195,"height":46,"caption":"Meydan TV"},"image":{"@id":"https:\/\/www.meydan.tv\/az\/#\/schema\/logo\/image\/"}},{"@type":"Person","@id":"https:\/\/www.meydan.tv\/az\/#\/schema\/person\/9cdbecf90d17180ce1dfbd95b08dcf47","name":"elli","sameAs":["https:\/\/x.com\/elli"]}]}},"_links":{"self":[{"href":"https:\/\/www.meydan.tv\/az\/wp-json\/wp\/v2\/posts\/289884","targetHints":{"allow":["GET"]}}],"collection":[{"href":"https:\/\/www.meydan.tv\/az\/wp-json\/wp\/v2\/posts"}],"about":[{"href":"https:\/\/www.meydan.tv\/az\/wp-json\/wp\/v2\/types\/post"}],"author":[{"embeddable":true,"href":"https:\/\/www.meydan.tv\/az\/wp-json\/wp\/v2\/users\/8"}],"replies":[{"embeddable":true,"href":"https:\/\/www.meydan.tv\/az\/wp-json\/wp\/v2\/comments?post=289884"}],"version-history":[{"count":3,"href":"https:\/\/www.meydan.tv\/az\/wp-json\/wp\/v2\/posts\/289884\/revisions"}],"predecessor-version":[{"id":289890,"href":"https:\/\/www.meydan.tv\/az\/wp-json\/wp\/v2\/posts\/289884\/revisions\/289890"}],"wp:featuredmedia":[{"embeddable":true,"href":"https:\/\/www.meydan.tv\/az\/wp-json\/wp\/v2\/media\/289906"}],"wp:attachment":[{"href":"https:\/\/www.meydan.tv\/az\/wp-json\/wp\/v2\/media?parent=289884"}],"wp:term":[{"taxonomy":"category","embeddable":true,"href":"https:\/\/www.meydan.tv\/az\/wp-json\/wp\/v2\/categories?post=289884"},{"taxonomy":"post_tag","embeddable":true,"href":"https:\/\/www.meydan.tv\/az\/wp-json\/wp\/v2\/tags?post=289884"}],"curies":[{"name":"wp","href":"https:\/\/api.w.org\/{rel}","templated":true}]}}