{"id":289843,"date":"2023-11-06T16:58:09","date_gmt":"2023-11-06T12:58:09","guid":{"rendered":"https:\/\/www.meydan.tv\/?p=289843"},"modified":"2023-11-06T16:58:15","modified_gmt":"2023-11-06T12:58:15","slug":"prezidentin-yeni-tikililerle-bagli-fermani-korrupsiyaya-yol-acacaq","status":"publish","type":"post","link":"https:\/\/www.meydan.tv\/az\/article\/prezidentin-yeni-tikililerle-bagli-fermani-korrupsiyaya-yol-acacaq\/","title":{"rendered":"Prezidentin yeni tikilil\u0259rl\u0259 ba\u011fl\u0131 f\u0259rman\u0131: &#8220;Korrupsiyaya yol a\u00e7acaq&#8221;"},"content":{"rendered":"\n<p><\/p>\n\n\n\n<p><strong><em>Deputat q\u0259rar\u0131 do\u011fru say\u0131r, ekspertl\u0259r is\u0259 bunu \u00e7\u0131x\u0131\u015f yolu kimi g\u00f6rm\u00fcrl\u0259r<\/em><\/strong><\/p>\n\n\n\n<p>Az\u0259rbaycanda yeni tikilil\u0259rd\u0259 kommunikasiya x\u0259tl\u0259ri v\u0259 kommunal xidm\u0259tl\u0259rin g\u00f6st\u0259rilm\u0259sind\u0259 d\u0259yi\u015fikliyin edildiyi <a href=\"https:\/\/president.az\/az\/articles\/view\/60255\">bildirilir<\/a>.<\/p>\n\n\n\n<p>2023-c\u00fc il oktyabr\u0131n 1-d\u0259n sonra tikil\u0259n evl\u0259rin tikintiy\u0259 icaz\u0259 s\u0259n\u0259di olmad\u0131\u011f\u0131 halda f\u0259rdi v\u0259 qeyri-ya\u015fay\u0131\u015f evl\u0259rinin kommunikasiya x\u0259tl\u0259rin\u0259 qo\u015fulmas\u0131 qada\u011fan edilir.<\/p>\n\n\n\n<p>Az\u0259rbaycan \u015e\u0259h\u0259rsalma v\u0259 Tikinti M\u0259c\u0259ll\u0259sin\u0259 \u0259sas\u0259n, tikintisin\u0259 icaz\u0259 t\u0259l\u0259b olunan, amma icaz\u0259 al\u0131nmadan in\u015fa edil\u0259n v\u0259 ya tikilm\u0259kd\u0259 olan, habel\u0259 bar\u0259sind\u0259 m\u0259lumatland\u0131rma icraat\u0131 t\u0259tbiq olunan, lakin tikinti i\u015fl\u0259rinin ba\u015flanmas\u0131na h\u0259min M\u0259c\u0259ll\u0259nin 80.4-c\u00fc madd\u0259sind\u0259 n\u0259z\u0259rd\u0259 tutulmu\u015f \u0259sas olmadan in\u015fa edilmi\u015f v\u0259 ya tikilm\u0259kd\u0259 olan tikinti obyektl\u0259rinin kommunal xidm\u0259tl\u0259r\u0259 qo\u015fulmas\u0131 qada\u011fand\u0131r.<\/p>\n\n\n\n<p>Cinay\u0259t M\u0259c\u0259ll\u0259sin\u0259 edil\u0259n d\u0259yi\u015fiklikl\u0259r\u0259 g\u00f6r\u0259 bununla ba\u011fl\u0131 c\u0259za t\u0259dbirl\u0259ri d\u0259 n\u0259z\u0259rd\u0259 tutulub.<\/p>\n\n\n\n<p>Tikintisin\u0259 icaz\u0259 t\u0259l\u0259b olunan, lakin bel\u0259 icaz\u0259 al\u0131nmadan tikilm\u0259kd\u0259 olan v\u0259 ya tikilmi\u015f tikinti obyektl\u0259rinin t\u0259bii qaz, su, kanalizasiya, elektrik v\u0259 ya istilik enerjisi t\u0259chizat\u0131 m\u00fc\u0259ssis\u0259l\u0259rinin v\u0259zif\u0259li \u015f\u0259xsl\u0259ri t\u0259r\u0259find\u0259n m\u00fch\u0259ndis-kommunikasiya t\u0259minat\u0131 sisteml\u0259rin\u0259 qanunsuz qo\u015fulmas\u0131 &#8211; 2 min manatdan 4 min manatad\u0259k miqdarda c\u0259rim\u0259 v\u0259 ya \u00fc\u00e7 il\u0259d\u0259k m\u00fcdd\u0259t\u0259 m\u00fc\u0259yy\u0259n v\u0259zif\u0259 tutma v\u0259 ya m\u00fc\u0259yy\u0259n f\u0259aliyy\u0259tl\u0259 m\u0259\u015f\u011ful olma h\u00fcququndan m\u0259hrum edilm\u0259kl\u0259 v\u0259 ya edilm\u0259m\u0259kl\u0259 \u00fc\u00e7 il\u0259d\u0259k m\u00fcdd\u0259t\u0259 azadl\u0131\u011f\u0131n m\u0259hdudla\u015fd\u0131r\u0131lmas\u0131 v\u0259 ya iki il\u0259d\u0259k m\u00fcdd\u0259t\u0259 azadl\u0131qdan m\u0259hrumetm\u0259 il\u0259 c\u0259zaland\u0131r\u0131l\u0131r.<\/p>\n\n\n<div class=\"wp-block-image\">\n<figure class=\"alignleft size-full is-resized\"><img decoding=\"async\" width=\"1200\" height=\"555\" data-src=\"https:\/\/www.meydan.tv\/wp-content\/uploads\/fazil_mustafa_2504-e1680029419145.jpg\" alt=\"Deputat Fazil Mustafa\" class=\"wp-image-131519 lazyload\" style=\"--smush-placeholder-width: 1200px; --smush-placeholder-aspect-ratio: 1200\/555;aspect-ratio:2.1621621621621623;width:470px;height:auto\" src=\"data:image\/svg+xml;base64,PHN2ZyB3aWR0aD0iMSIgaGVpZ2h0PSIxIiB4bWxucz0iaHR0cDovL3d3dy53My5vcmcvMjAwMC9zdmciPjwvc3ZnPg==\" \/><figcaption class=\"wp-element-caption\">Foto: Meydan TV<\/figcaption><\/figure>\n<\/div>\n\n\n<p>Deputat Fazil Mustafa bu d\u0259yi\u015fikliyi d\u0259st\u0259kl\u0259yib.<\/p>\n\n\n\n<p>O, Milli M\u0259clisd\u0259 \u00e7\u0131x\u0131\u015f\u0131 zaman\u0131 bildirib ki, yeni evl\u0259rl\u0259 \u0259laq\u0259dar qaydalar\u0131n s\u0259rtl\u0259\u015fdirilm\u0259si do\u011fru q\u0259rard\u0131r.<\/p>\n\n\n\n<p>Deputat deyib ki, bu, v\u0259t\u0259nda\u015flar\u0131n regionlara qay\u0131d\u0131\u015f\u0131n\u0131 t\u0259min ed\u0259 <a href=\"https:\/\/apa.az\/infrastruktur\/fazil-mustafa-bakida-yeni-evlere-kommunikasiya-cekilmemesi-insanlarin-regionlara-qayitmasini-temin-ede-biler-793693\">bil\u0259r.<\/a><\/p>\n\n\n\n<p>\u0130qtisad\u00e7\u0131 Natiq C\u0259f\u0259rli Meydan TV-y\u0259 deyir ki, qaydalar\u0131n s\u0259rtl\u0259\u015fdirilm\u0259si \u00e7\u0131x\u0131\u015f yolu deyil. Onun s\u00f6zl\u0259rin\u0259 g\u00f6r\u0259, \u0259ksin\u0259, s\u0259rtl\u0259\u015fdirm\u0259 korrupsiya hallar\u0131n\u0131n say\u0131n\u0131 v\u0259 qiym\u0259tini art\u0131ra bil\u0259r:<\/p>\n\n\n\n<p><em>\u201cAz\u0259rbaycan reall\u0131\u011f\u0131n\u0131 bilirik. Bel\u0259 s\u0259rtl\u0259\u015fm\u0259 olanda ilk n\u00f6vb\u0259d\u0259 korrupsiyan\u0131n h\u0259cmi art\u0131r. \u00d6d\u0259ni\u015fl\u0259rin miqdar\u0131 art\u0131r. Obrazl\u0131 des\u0259k, d\u00fcn\u0259n\u0259 q\u0259d\u0259r simvolik bir m\u0259bl\u0259\u011f\u0259 h\u0259min kommunikasiya x\u0259tl\u0259rinin \u00e7\u0259kilm\u0259sin\u0259 raz\u0131l\u0131q ala bilirdil\u0259rs\u0259, indi bu m\u0259bl\u0259\u011fl\u0259r arta bil\u0259r. Durum buna g\u0259tirib \u00e7\u0131xaracaq\u201d.<\/em><\/p>\n\n\n\n<p>\u0130qtisad\u00e7\u0131 hesab edir ki, s\u0259rtl\u0259\u015fm\u0259y\u0259 gedilm\u0259nin \u0259sas s\u0259b\u0259bi regionlardan paytaxta k\u00f6\u00e7\u00fcn qar\u015f\u0131s\u0131n\u0131 almaqd\u0131r:<\/p>\n\n\n<div class=\"wp-block-image\">\n<figure class=\"alignright size-large is-resized\"><img decoding=\"async\" data-src=\"https:\/\/www.meydan.tv\/wp-content\/uploads\/natiq_cafarli-1200x800.jpg\" alt=\"Natiq C\u0259f\u0259rli\" class=\"wp-image-209935 lazyload\" style=\"--smush-placeholder-width: 1200px; --smush-placeholder-aspect-ratio: 1200\/800;aspect-ratio:1.5;width:406px;height:auto\" src=\"data:image\/svg+xml;base64,PHN2ZyB3aWR0aD0iMSIgaGVpZ2h0PSIxIiB4bWxucz0iaHR0cDovL3d3dy53My5vcmcvMjAwMC9zdmciPjwvc3ZnPg==\" \/><figcaption class=\"wp-element-caption\">Foto: Meydan.TV<\/figcaption><\/figure>\n<\/div>\n\n\n<p>\u201c<em>Bak\u0131ya ax\u0131n\u0131n s\u0259b\u0259bl\u0259ri m\u00fcxt\u0259lifdir. Sosial, iqtisadi, h\u0259tta m\u0259d\u0259ni s\u0259b\u0259bl\u0259r var. \u0130\u015f yerl\u0259ri yoxdur. Y\u0259ni b\u00fct\u00fcn bunlar h\u0259ll olunmad\u0131qca, s\u0259hv n\u0259zar\u0259t funksiyalar\u0131n\u0131 \u0259ld\u0259 r\u0259hb\u0259r tutaraq, bu m\u0259s\u0259l\u0259nin qar\u015f\u0131s\u0131n\u0131 almaq m\u00fcmk\u00fcn deyil\u201d.<\/em><\/p>\n\n\n\n<p>Natiq C\u0259f\u0259rli deyir ki, qayda s\u0259rtl\u0259\u015fdirilm\u0259d\u0259n, c\u0259rim\u0259l\u0259rin t\u0259tbiqind\u0259n \u00f6nc\u0259 \u0259vv\u0259ll\u0259r tikil\u0259n qeyri-qanuni evl\u0259rin aqib\u0259ti m\u00fctl\u0259q h\u0259ll olunmal\u0131 idi:<\/p>\n\n\n\n<p>\u201c<em>\u00d6nc\u0259ki tikilil\u0259r d\u0259 n\u0259z\u0259r\u0259 al\u0131n\u0131b, bird\u0259f\u0259lik \u0259mlak amnistiyas\u0131 verilm\u0259li idi. D\u00f6vl\u0259tin burada m\u0259suliyy\u0259ti var. Tikintiy\u0259 n\u0259zar\u0259t funksiyas\u0131 olan 14 d\u00f6vl\u0259t v\u0259 h\u00f6kum\u0259t orqan\u0131 var. Onlar niy\u0259 n\u0259zar\u0259t etm\u0259yibl\u0259r? Niy\u0259 g\u00f6z yumublar? \u018fg\u0259r onlar n\u0259zar\u0259t etm\u0259yibl\u0259rs\u0259, art\u0131q v\u0259t\u0259nda\u015f\u0131n \u00fcst\u00fcnl\u00fcy\u00fc yaran\u0131r. V\u0259t\u0259nda\u015f\u0131n m\u00fclkiyy\u0259t h\u00fcququ da olmal\u0131d\u0131r. \u018fmlak amnistiyas\u0131 ba\u015f vers\u0259ydi, bundan sonra b\u0259li, s\u0259rtl\u0259\u015fdirm\u0259d\u0259n dan\u0131\u015fmaq olard\u0131. Bu m\u0259s\u0259l\u0259nin birt\u0259r\u0259fli h\u0259ll yolu yoxdur\u201d.<\/em><\/p>\n\n\n\n<p>B\u0259l\u0259diyy\u0259l\u0259rin F\u0259aliyy\u0259tinin T\u0259bli\u011fi \u0130ctimai Birliyinin s\u0259dri V\u00fcqar Tofiqli Meydan TV-y\u0259 deyir ki, qada\u011fa s\u0259n\u0259dsiz evl\u0259rin tikintisinin qar\u015f\u0131s\u0131n\u0131 ala bil\u0259r, lakin haz\u0131rda m\u00f6vcud olan s\u0259n\u0259dsiz evl\u0259rl\u0259 ba\u011fl\u0131 ill\u0259rl\u0259 qalan probleml\u0259ri \u00e7\u0259tin h\u0259ll etsin:<\/p>\n\n\n<div class=\"wp-block-image\">\n<figure class=\"alignleft size-full is-resized\"><img decoding=\"async\" width=\"1200\" height=\"800\" data-src=\"https:\/\/www.meydan.tv\/wp-content\/uploads\/untitled-design-9-23.jpg\" alt=\"\" class=\"wp-image-273900 lazyload\" style=\"--smush-placeholder-width: 1200px; --smush-placeholder-aspect-ratio: 1200\/800;aspect-ratio:1.5;width:422px;height:auto\" src=\"data:image\/svg+xml;base64,PHN2ZyB3aWR0aD0iMSIgaGVpZ2h0PSIxIiB4bWxucz0iaHR0cDovL3d3dy53My5vcmcvMjAwMC9zdmciPjwvc3ZnPg==\" \/><figcaption class=\"wp-element-caption\">V\u00fcqar Tofiqli. Foto: screenshot \u0130TV<\/figcaption><\/figure>\n<\/div>\n\n\n<p><\/p>\n\n\n\n<p>\u201c<em>Bak\u0131 v\u0259 Ab\u015feron \u0259razisind\u0259 \u00e7\u0131xar\u0131\u015f\u0131 olmayan be\u015f y\u00fcz mind\u0259n \u00e7ox f\u0259rdi ev var. \u00dcst\u0259lik, xeyli torpaq sah\u0259l\u0259ri d\u0259 var ki, b\u0259l\u0259diyy\u0259l\u0259rin verdiyi s\u0259r\u0259ncamlar \u0259sas\u0131nda \u0259ld\u0259 edilib. Onlar\u0131n \u00f6z\u0259ll\u0259\u015fdirm\u0259l\u0259rind\u0259 ciddi probleml\u0259r qalmaqdad\u0131r. Bu m\u0259s\u0259l\u0259d\u0259 ilk \u00f6nc\u0259 m\u0259murlar\u0131n yaratd\u0131\u011f\u0131 problemi \u2013 s\u0259n\u0259dsiz evl\u0259rin h\u00fcquqi statusunu h\u0259ll etm\u0259liyik\u201d.<\/em><\/p>\n\n\n\n<p><\/p>\n\n\n\n<p>\u201c<em>\u018fksin\u0259, c\u0259rim\u0259l\u0259rin art\u0131r\u0131lmas\u0131 r\u00fc\u015fv\u0259tin miqdar\u0131n\u0131n da artmas\u0131na g\u0259tirib \u00e7\u0131xar\u0131r. Problemi h\u0259ll etm\u0259k \u00fc\u00e7\u00fcn m\u00fcvafiq orqanlar qar\u015f\u0131s\u0131nda konkret v\u0259zif\u0259l\u0259r qoymaq laz\u0131md\u0131r. \u0130ndiy\u0259d\u0259k tikilmi\u015f evl\u0259rin s\u0259n\u0259dl\u0259\u015fdirilm\u0259si m\u0259s\u0259l\u0259si d\u0259 yekunla\u015fmal\u0131d\u0131r\u201d,<\/em> &#8211; V\u00fcqar Tofiqli deyib.<\/p>\n\n\n<div class=\"wp-block-image\">\n<figure class=\"alignright size-full is-resized\"><img decoding=\"async\" width=\"800\" height=\"450\" data-src=\"https:\/\/www.meydan.tv\/wp-content\/uploads\/1615363373_4.jpg\" alt=\"\" class=\"wp-image-282357 lazyload\" style=\"--smush-placeholder-width: 800px; --smush-placeholder-aspect-ratio: 800\/450;aspect-ratio:1.7777777777777777;width:410px;height:auto\" src=\"data:image\/svg+xml;base64,PHN2ZyB3aWR0aD0iMSIgaGVpZ2h0PSIxIiB4bWxucz0iaHR0cDovL3d3dy53My5vcmcvMjAwMC9zdmciPjwvc3ZnPg==\" \/><figcaption class=\"wp-element-caption\">Foto: Ramil Qas\u0131mzad\u0259nin &#8220;Facebook&#8221; s\u0259hif\u0259sind\u0259n\n<\/figcaption><\/figure>\n<\/div>\n\n\n<p>\u018fmlak m\u0259s\u0259l\u0259l\u0259ri \u00fczr\u0259 ekspert Ramil Qas\u0131mzad\u0259 Meydan TV-y\u0259 bildirib ki, s\u0259rtl\u0259\u015fm\u0259 \u0259mlak bazar\u0131ndak\u0131 qiym\u0259tl\u0259r\u0259 t\u0259sir etm\u0259y\u0259c\u0259k:<\/p>\n\n\n\n<p>\u201c<em>Qiym\u0259tl\u0259rd\u0259 hans\u0131sa art\u0131m olaca\u011f\u0131 g\u00f6zl\u0259nilmir. Onsuz da indiy\u0259 q\u0259d\u0259r kifay\u0259t q\u0259d\u0259r s\u0259n\u0259dsiz evl\u0259r tikilib. Bundan sonra is\u0259 bunun m\u00fcmk\u00fcn olmad\u0131\u011f\u0131 \u00fc\u00e7\u00fcn \u0259ksin\u0259, evl\u0259rin tikilm\u0259si v\u0259 sat\u0131\u015f\u0131 \u0259mlak bazar\u0131na m\u00fcsb\u0259t t\u0259sir g\u00f6st\u0259r\u0259 bil\u0259r. Burada \u0259sas m\u0259s\u0259l\u0259 indiy\u0259 kimi tikilmi\u015f evl\u0259rl\u0259 ba\u011fl\u0131 q\u0259rar\u0131n verilm\u0259sidir\u201d.<\/em><\/p>\n","protected":false},"excerpt":{"rendered":"<p>Deputat q\u0259rar\u0131 do\u011fru say\u0131r, ekspertl\u0259r is\u0259 bunu \u00e7\u0131x\u0131\u015f yolu kimi &#8230; <\/p>\n<p class=\"read-more-container\"><a title=\"Prezidentin yeni tikilil\u0259rl\u0259 ba\u011fl\u0131 f\u0259rman\u0131: &#8220;Korrupsiyaya yol a\u00e7acaq&#8221;\" class=\"read-more button\" href=\"https:\/\/www.meydan.tv\/az\/article\/prezidentin-yeni-tikililerle-bagli-fermani-korrupsiyaya-yol-acacaq\/#more-289843\" aria-label=\"Read more about Prezidentin yeni tikilil\u0259rl\u0259 ba\u011fl\u0131 f\u0259rman\u0131: &#8220;Korrupsiyaya yol a\u00e7acaq&#8221;\">Davam\u0131<\/a><\/p>\n","protected":false},"author":8,"featured_media":232631,"comment_status":"closed","ping_status":"closed","sticky":false,"template":"","format":"standard","meta":{"_acf_changed":false,"_sitemap_exclude":false,"_sitemap_priority":"","_sitemap_frequency":"","footnotes":""},"categories":[62,79,56],"tags":[],"class_list":["post-289843","post","type-post","status-publish","format-standard","has-post-thumbnail","hentry","category-sosial","category-featured","category-xeberler","infinite-scroll-item","generate-columns","tablet-grid-50","mobile-grid-100","grid-parent","grid-33","no-featured-image-padding"],"acf":[],"yoast_head":"<!-- This site is optimized with the Yoast SEO plugin v27.5 - https:\/\/yoast.com\/product\/yoast-seo-wordpress\/ -->\n<title>Prezidentin yeni tikilil\u0259rl\u0259 ba\u011fl\u0131 f\u0259rman\u0131: &quot;Korrupsiyaya yol a\u00e7acaq&quot; - MEYDAN.TV<\/title>\n<meta name=\"robots\" content=\"index, follow, max-snippet:-1, max-image-preview:large, max-video-preview:-1\" \/>\n<link rel=\"canonical\" href=\"https:\/\/www.meydan.tv\/az\/article\/prezidentin-yeni-tikililerle-bagli-fermani-korrupsiyaya-yol-acacaq\/\" \/>\n<meta property=\"og:locale\" content=\"az_AZ\" \/>\n<meta property=\"og:type\" content=\"article\" \/>\n<meta property=\"og:title\" content=\"Prezidentin yeni tikilil\u0259rl\u0259 ba\u011fl\u0131 f\u0259rman\u0131: &quot;Korrupsiyaya yol a\u00e7acaq&quot; - MEYDAN.TV\" \/>\n<meta property=\"og:description\" content=\"Deputat q\u0259rar\u0131 do\u011fru say\u0131r, ekspertl\u0259r is\u0259 bunu \u00e7\u0131x\u0131\u015f yolu kimi ... Davam\u0131\" \/>\n<meta property=\"og:url\" content=\"https:\/\/www.meydan.tv\/az\/article\/prezidentin-yeni-tikililerle-bagli-fermani-korrupsiyaya-yol-acacaq\/\" \/>\n<meta property=\"og:site_name\" content=\"MEYDAN.TV\" \/>\n<meta property=\"article:published_time\" content=\"2023-11-06T12:58:09+00:00\" \/>\n<meta property=\"article:modified_time\" content=\"2023-11-06T12:58:15+00:00\" \/>\n<meta property=\"og:image\" content=\"https:\/\/www.meydan.tv\/wp-content\/uploads\/shutterstock_598274123-e1643101424514.jpg\" \/>\n\t<meta property=\"og:image:width\" content=\"1702\" \/>\n\t<meta property=\"og:image:height\" content=\"647\" \/>\n\t<meta property=\"og:image:type\" content=\"image\/jpeg\" \/>\n<meta name=\"author\" content=\"elli\" \/>\n<meta name=\"twitter:card\" content=\"summary_large_image\" \/>\n<meta name=\"twitter:creator\" content=\"@elli\" \/>\n<script type=\"application\/ld+json\" class=\"yoast-schema-graph\">{\"@context\":\"https:\\\/\\\/schema.org\",\"@graph\":[{\"@type\":\"Article\",\"@id\":\"https:\\\/\\\/www.meydan.tv\\\/az\\\/article\\\/prezidentin-yeni-tikililerle-bagli-fermani-korrupsiyaya-yol-acacaq\\\/#article\",\"isPartOf\":{\"@id\":\"https:\\\/\\\/www.meydan.tv\\\/az\\\/article\\\/prezidentin-yeni-tikililerle-bagli-fermani-korrupsiyaya-yol-acacaq\\\/\"},\"author\":{\"name\":\"elli\",\"@id\":\"https:\\\/\\\/www.meydan.tv\\\/az\\\/#\\\/schema\\\/person\\\/9cdbecf90d17180ce1dfbd95b08dcf47\"},\"headline\":\"Prezidentin yeni tikilil\u0259rl\u0259 ba\u011fl\u0131 f\u0259rman\u0131: &#8220;Korrupsiyaya yol a\u00e7acaq&#8221;\",\"datePublished\":\"2023-11-06T12:58:09+00:00\",\"dateModified\":\"2023-11-06T12:58:15+00:00\",\"mainEntityOfPage\":{\"@id\":\"https:\\\/\\\/www.meydan.tv\\\/az\\\/article\\\/prezidentin-yeni-tikililerle-bagli-fermani-korrupsiyaya-yol-acacaq\\\/\"},\"wordCount\":1057,\"publisher\":{\"@id\":\"https:\\\/\\\/www.meydan.tv\\\/az\\\/#organization\"},\"image\":{\"@id\":\"https:\\\/\\\/www.meydan.tv\\\/az\\\/article\\\/prezidentin-yeni-tikililerle-bagli-fermani-korrupsiyaya-yol-acacaq\\\/#primaryimage\"},\"thumbnailUrl\":\"https:\\\/\\\/www.meydan.tv\\\/wp-content\\\/uploads\\\/shutterstock_598274123-e1643101424514.jpg\",\"articleSection\":[\"Sosial\",\"T\u00f6vsiy\u0259\",\"X\u0259b\u0259rl\u0259r\"],\"inLanguage\":\"az\"},{\"@type\":\"WebPage\",\"@id\":\"https:\\\/\\\/www.meydan.tv\\\/az\\\/article\\\/prezidentin-yeni-tikililerle-bagli-fermani-korrupsiyaya-yol-acacaq\\\/\",\"url\":\"https:\\\/\\\/www.meydan.tv\\\/az\\\/article\\\/prezidentin-yeni-tikililerle-bagli-fermani-korrupsiyaya-yol-acacaq\\\/\",\"name\":\"Prezidentin yeni tikilil\u0259rl\u0259 ba\u011fl\u0131 f\u0259rman\u0131: \\\"Korrupsiyaya yol a\u00e7acaq\\\" - MEYDAN.TV\",\"isPartOf\":{\"@id\":\"https:\\\/\\\/www.meydan.tv\\\/az\\\/#website\"},\"primaryImageOfPage\":{\"@id\":\"https:\\\/\\\/www.meydan.tv\\\/az\\\/article\\\/prezidentin-yeni-tikililerle-bagli-fermani-korrupsiyaya-yol-acacaq\\\/#primaryimage\"},\"image\":{\"@id\":\"https:\\\/\\\/www.meydan.tv\\\/az\\\/article\\\/prezidentin-yeni-tikililerle-bagli-fermani-korrupsiyaya-yol-acacaq\\\/#primaryimage\"},\"thumbnailUrl\":\"https:\\\/\\\/www.meydan.tv\\\/wp-content\\\/uploads\\\/shutterstock_598274123-e1643101424514.jpg\",\"datePublished\":\"2023-11-06T12:58:09+00:00\",\"dateModified\":\"2023-11-06T12:58:15+00:00\",\"breadcrumb\":{\"@id\":\"https:\\\/\\\/www.meydan.tv\\\/az\\\/article\\\/prezidentin-yeni-tikililerle-bagli-fermani-korrupsiyaya-yol-acacaq\\\/#breadcrumb\"},\"inLanguage\":\"az\",\"potentialAction\":[{\"@type\":\"ReadAction\",\"target\":[\"https:\\\/\\\/www.meydan.tv\\\/az\\\/article\\\/prezidentin-yeni-tikililerle-bagli-fermani-korrupsiyaya-yol-acacaq\\\/\"]}]},{\"@type\":\"ImageObject\",\"inLanguage\":\"az\",\"@id\":\"https:\\\/\\\/www.meydan.tv\\\/az\\\/article\\\/prezidentin-yeni-tikililerle-bagli-fermani-korrupsiyaya-yol-acacaq\\\/#primaryimage\",\"url\":\"https:\\\/\\\/www.meydan.tv\\\/wp-content\\\/uploads\\\/shutterstock_598274123-e1643101424514.jpg\",\"contentUrl\":\"https:\\\/\\\/www.meydan.tv\\\/wp-content\\\/uploads\\\/shutterstock_598274123-e1643101424514.jpg\",\"width\":1702,\"height\":647,\"caption\":\"Korrupsiya, Atstock Productions\\\/shutterstock\"},{\"@type\":\"BreadcrumbList\",\"@id\":\"https:\\\/\\\/www.meydan.tv\\\/az\\\/article\\\/prezidentin-yeni-tikililerle-bagli-fermani-korrupsiyaya-yol-acacaq\\\/#breadcrumb\",\"itemListElement\":[{\"@type\":\"ListItem\",\"position\":1,\"name\":\"Ana s\u0259hif\u0259\",\"item\":\"https:\\\/\\\/www.meydan.tv\\\/az\\\/\"},{\"@type\":\"ListItem\",\"position\":2,\"name\":\"Sosial\",\"item\":\"https:\\\/\\\/www.meydan.tv\\\/az\\\/section\\\/sosial\\\/\"},{\"@type\":\"ListItem\",\"position\":3,\"name\":\"Prezidentin yeni tikilil\u0259rl\u0259 ba\u011fl\u0131 f\u0259rman\u0131: &#8220;Korrupsiyaya yol a\u00e7acaq&#8221;\"}]},{\"@type\":\"WebSite\",\"@id\":\"https:\\\/\\\/www.meydan.tv\\\/az\\\/#website\",\"url\":\"https:\\\/\\\/www.meydan.tv\\\/az\\\/\",\"name\":\"MEYDAN.TV\",\"description\":\"Meydan TV Az\u0259rbaycan\u0131n media m\u0259kan\u0131ndak\u0131 alternativ s\u0259sidir\",\"publisher\":{\"@id\":\"https:\\\/\\\/www.meydan.tv\\\/az\\\/#organization\"},\"potentialAction\":[{\"@type\":\"SearchAction\",\"target\":{\"@type\":\"EntryPoint\",\"urlTemplate\":\"https:\\\/\\\/www.meydan.tv\\\/az\\\/?s={search_term_string}\"},\"query-input\":{\"@type\":\"PropertyValueSpecification\",\"valueRequired\":true,\"valueName\":\"search_term_string\"}}],\"inLanguage\":\"az\"},{\"@type\":\"Organization\",\"@id\":\"https:\\\/\\\/www.meydan.tv\\\/az\\\/#organization\",\"name\":\"Meydan TV\",\"url\":\"https:\\\/\\\/www.meydan.tv\\\/az\\\/\",\"logo\":{\"@type\":\"ImageObject\",\"inLanguage\":\"az\",\"@id\":\"https:\\\/\\\/www.meydan.tv\\\/az\\\/#\\\/schema\\\/logo\\\/image\\\/\",\"url\":\"https:\\\/\\\/www.meydan.tv\\\/wp-content\\\/uploads\\\/2021\\\/07\\\/meydan-logo.svg\",\"contentUrl\":\"https:\\\/\\\/www.meydan.tv\\\/wp-content\\\/uploads\\\/2021\\\/07\\\/meydan-logo.svg\",\"width\":195,\"height\":46,\"caption\":\"Meydan TV\"},\"image\":{\"@id\":\"https:\\\/\\\/www.meydan.tv\\\/az\\\/#\\\/schema\\\/logo\\\/image\\\/\"}},{\"@type\":\"Person\",\"@id\":\"https:\\\/\\\/www.meydan.tv\\\/az\\\/#\\\/schema\\\/person\\\/9cdbecf90d17180ce1dfbd95b08dcf47\",\"name\":\"elli\",\"sameAs\":[\"https:\\\/\\\/x.com\\\/elli\"]}]}<\/script>\n<!-- \/ Yoast SEO plugin. -->","yoast_head_json":{"title":"Prezidentin yeni tikilil\u0259rl\u0259 ba\u011fl\u0131 f\u0259rman\u0131: \"Korrupsiyaya yol a\u00e7acaq\" - MEYDAN.TV","robots":{"index":"index","follow":"follow","max-snippet":"max-snippet:-1","max-image-preview":"max-image-preview:large","max-video-preview":"max-video-preview:-1"},"canonical":"https:\/\/www.meydan.tv\/az\/article\/prezidentin-yeni-tikililerle-bagli-fermani-korrupsiyaya-yol-acacaq\/","og_locale":"az_AZ","og_type":"article","og_title":"Prezidentin yeni tikilil\u0259rl\u0259 ba\u011fl\u0131 f\u0259rman\u0131: \"Korrupsiyaya yol a\u00e7acaq\" - MEYDAN.TV","og_description":"Deputat q\u0259rar\u0131 do\u011fru say\u0131r, ekspertl\u0259r is\u0259 bunu \u00e7\u0131x\u0131\u015f yolu kimi ... Davam\u0131","og_url":"https:\/\/www.meydan.tv\/az\/article\/prezidentin-yeni-tikililerle-bagli-fermani-korrupsiyaya-yol-acacaq\/","og_site_name":"MEYDAN.TV","article_published_time":"2023-11-06T12:58:09+00:00","article_modified_time":"2023-11-06T12:58:15+00:00","og_image":[{"width":1702,"height":647,"url":"https:\/\/www.meydan.tv\/wp-content\/uploads\/shutterstock_598274123-e1643101424514.jpg","type":"image\/jpeg"}],"author":"elli","twitter_card":"summary_large_image","twitter_creator":"@elli","schema":{"@context":"https:\/\/schema.org","@graph":[{"@type":"Article","@id":"https:\/\/www.meydan.tv\/az\/article\/prezidentin-yeni-tikililerle-bagli-fermani-korrupsiyaya-yol-acacaq\/#article","isPartOf":{"@id":"https:\/\/www.meydan.tv\/az\/article\/prezidentin-yeni-tikililerle-bagli-fermani-korrupsiyaya-yol-acacaq\/"},"author":{"name":"elli","@id":"https:\/\/www.meydan.tv\/az\/#\/schema\/person\/9cdbecf90d17180ce1dfbd95b08dcf47"},"headline":"Prezidentin yeni tikilil\u0259rl\u0259 ba\u011fl\u0131 f\u0259rman\u0131: &#8220;Korrupsiyaya yol a\u00e7acaq&#8221;","datePublished":"2023-11-06T12:58:09+00:00","dateModified":"2023-11-06T12:58:15+00:00","mainEntityOfPage":{"@id":"https:\/\/www.meydan.tv\/az\/article\/prezidentin-yeni-tikililerle-bagli-fermani-korrupsiyaya-yol-acacaq\/"},"wordCount":1057,"publisher":{"@id":"https:\/\/www.meydan.tv\/az\/#organization"},"image":{"@id":"https:\/\/www.meydan.tv\/az\/article\/prezidentin-yeni-tikililerle-bagli-fermani-korrupsiyaya-yol-acacaq\/#primaryimage"},"thumbnailUrl":"https:\/\/www.meydan.tv\/wp-content\/uploads\/shutterstock_598274123-e1643101424514.jpg","articleSection":["Sosial","T\u00f6vsiy\u0259","X\u0259b\u0259rl\u0259r"],"inLanguage":"az"},{"@type":"WebPage","@id":"https:\/\/www.meydan.tv\/az\/article\/prezidentin-yeni-tikililerle-bagli-fermani-korrupsiyaya-yol-acacaq\/","url":"https:\/\/www.meydan.tv\/az\/article\/prezidentin-yeni-tikililerle-bagli-fermani-korrupsiyaya-yol-acacaq\/","name":"Prezidentin yeni tikilil\u0259rl\u0259 ba\u011fl\u0131 f\u0259rman\u0131: \"Korrupsiyaya yol a\u00e7acaq\" - MEYDAN.TV","isPartOf":{"@id":"https:\/\/www.meydan.tv\/az\/#website"},"primaryImageOfPage":{"@id":"https:\/\/www.meydan.tv\/az\/article\/prezidentin-yeni-tikililerle-bagli-fermani-korrupsiyaya-yol-acacaq\/#primaryimage"},"image":{"@id":"https:\/\/www.meydan.tv\/az\/article\/prezidentin-yeni-tikililerle-bagli-fermani-korrupsiyaya-yol-acacaq\/#primaryimage"},"thumbnailUrl":"https:\/\/www.meydan.tv\/wp-content\/uploads\/shutterstock_598274123-e1643101424514.jpg","datePublished":"2023-11-06T12:58:09+00:00","dateModified":"2023-11-06T12:58:15+00:00","breadcrumb":{"@id":"https:\/\/www.meydan.tv\/az\/article\/prezidentin-yeni-tikililerle-bagli-fermani-korrupsiyaya-yol-acacaq\/#breadcrumb"},"inLanguage":"az","potentialAction":[{"@type":"ReadAction","target":["https:\/\/www.meydan.tv\/az\/article\/prezidentin-yeni-tikililerle-bagli-fermani-korrupsiyaya-yol-acacaq\/"]}]},{"@type":"ImageObject","inLanguage":"az","@id":"https:\/\/www.meydan.tv\/az\/article\/prezidentin-yeni-tikililerle-bagli-fermani-korrupsiyaya-yol-acacaq\/#primaryimage","url":"https:\/\/www.meydan.tv\/wp-content\/uploads\/shutterstock_598274123-e1643101424514.jpg","contentUrl":"https:\/\/www.meydan.tv\/wp-content\/uploads\/shutterstock_598274123-e1643101424514.jpg","width":1702,"height":647,"caption":"Korrupsiya, Atstock Productions\/shutterstock"},{"@type":"BreadcrumbList","@id":"https:\/\/www.meydan.tv\/az\/article\/prezidentin-yeni-tikililerle-bagli-fermani-korrupsiyaya-yol-acacaq\/#breadcrumb","itemListElement":[{"@type":"ListItem","position":1,"name":"Ana s\u0259hif\u0259","item":"https:\/\/www.meydan.tv\/az\/"},{"@type":"ListItem","position":2,"name":"Sosial","item":"https:\/\/www.meydan.tv\/az\/section\/sosial\/"},{"@type":"ListItem","position":3,"name":"Prezidentin yeni tikilil\u0259rl\u0259 ba\u011fl\u0131 f\u0259rman\u0131: &#8220;Korrupsiyaya yol a\u00e7acaq&#8221;"}]},{"@type":"WebSite","@id":"https:\/\/www.meydan.tv\/az\/#website","url":"https:\/\/www.meydan.tv\/az\/","name":"MEYDAN.TV","description":"Meydan TV Az\u0259rbaycan\u0131n media m\u0259kan\u0131ndak\u0131 alternativ s\u0259sidir","publisher":{"@id":"https:\/\/www.meydan.tv\/az\/#organization"},"potentialAction":[{"@type":"SearchAction","target":{"@type":"EntryPoint","urlTemplate":"https:\/\/www.meydan.tv\/az\/?s={search_term_string}"},"query-input":{"@type":"PropertyValueSpecification","valueRequired":true,"valueName":"search_term_string"}}],"inLanguage":"az"},{"@type":"Organization","@id":"https:\/\/www.meydan.tv\/az\/#organization","name":"Meydan TV","url":"https:\/\/www.meydan.tv\/az\/","logo":{"@type":"ImageObject","inLanguage":"az","@id":"https:\/\/www.meydan.tv\/az\/#\/schema\/logo\/image\/","url":"https:\/\/www.meydan.tv\/wp-content\/uploads\/2021\/07\/meydan-logo.svg","contentUrl":"https:\/\/www.meydan.tv\/wp-content\/uploads\/2021\/07\/meydan-logo.svg","width":195,"height":46,"caption":"Meydan TV"},"image":{"@id":"https:\/\/www.meydan.tv\/az\/#\/schema\/logo\/image\/"}},{"@type":"Person","@id":"https:\/\/www.meydan.tv\/az\/#\/schema\/person\/9cdbecf90d17180ce1dfbd95b08dcf47","name":"elli","sameAs":["https:\/\/x.com\/elli"]}]}},"_links":{"self":[{"href":"https:\/\/www.meydan.tv\/az\/wp-json\/wp\/v2\/posts\/289843","targetHints":{"allow":["GET"]}}],"collection":[{"href":"https:\/\/www.meydan.tv\/az\/wp-json\/wp\/v2\/posts"}],"about":[{"href":"https:\/\/www.meydan.tv\/az\/wp-json\/wp\/v2\/types\/post"}],"author":[{"embeddable":true,"href":"https:\/\/www.meydan.tv\/az\/wp-json\/wp\/v2\/users\/8"}],"replies":[{"embeddable":true,"href":"https:\/\/www.meydan.tv\/az\/wp-json\/wp\/v2\/comments?post=289843"}],"version-history":[{"count":4,"href":"https:\/\/www.meydan.tv\/az\/wp-json\/wp\/v2\/posts\/289843\/revisions"}],"predecessor-version":[{"id":289847,"href":"https:\/\/www.meydan.tv\/az\/wp-json\/wp\/v2\/posts\/289843\/revisions\/289847"}],"wp:featuredmedia":[{"embeddable":true,"href":"https:\/\/www.meydan.tv\/az\/wp-json\/wp\/v2\/media\/232631"}],"wp:attachment":[{"href":"https:\/\/www.meydan.tv\/az\/wp-json\/wp\/v2\/media?parent=289843"}],"wp:term":[{"taxonomy":"category","embeddable":true,"href":"https:\/\/www.meydan.tv\/az\/wp-json\/wp\/v2\/categories?post=289843"},{"taxonomy":"post_tag","embeddable":true,"href":"https:\/\/www.meydan.tv\/az\/wp-json\/wp\/v2\/tags?post=289843"}],"curies":[{"name":"wp","href":"https:\/\/api.w.org\/{rel}","templated":true}]}}