{"id":289730,"date":"2023-11-04T16:16:02","date_gmt":"2023-11-04T12:16:02","guid":{"rendered":"https:\/\/www.meydan.tv\/?p=289730"},"modified":"2023-11-04T16:16:06","modified_gmt":"2023-11-04T12:16:06","slug":"aki-ile-arki-nin-birge-qurultayi-kecirilecek","status":"publish","type":"post","link":"https:\/\/www.meydan.tv\/az\/article\/aki-ile-arki-nin-birge-qurultayi-kecirilecek\/","title":{"rendered":"AK\u0130 il\u0259 ARK\u0130-nin birg\u0259 qurultay\u0131 ke\u00e7iril\u0259c\u0259k"},"content":{"rendered":"\n<p><\/p>\n\n\n\n<p><strong><em>Ekspert g\u0259ncl\u0259rin namiz\u0259dliyini m\u0259qs\u0259d\u0259uy\u011fun say\u0131r<\/em><\/strong><\/p>\n\n\n\n<p>Birl\u0259\u015f\u0259n iki kino ittifaq\u0131n\u0131n birg\u0259 qurultay\u0131 g\u00f6zl\u0259nilir.<\/p>\n\n\n\n<p>Bu bar\u0259d\u0259 Meydan TV-y\u0259 Az\u0259rbaycan Kinematoqraf\u00e7\u0131lar \u0130ttifaq\u0131n\u0131n (AK\u0130) katibi \u018fli \u0130sa Cabbarov m\u0259lumat verib.<\/p>\n\n\n\n<p>Onun s\u00f6zl\u0259rin\u0259 g\u00f6r\u0259, idar\u0259 hey\u0259tinin ke\u00e7irdiyi iclasda yekdillikl\u0259 Xalq artisti, aktyor AK\u0130-nin s\u0259dri Rasim Balayevin namiz\u0259dliyi ir\u0259li s\u00fcr\u00fcl\u00fcb.<\/p>\n\n\n\n<p>\u201c<em>Qurultay\u0131n noyabr\u0131n 18-d\u0259n sonra bu ay\u0131n 25-d\u0259n gec olmayaraq ke\u00e7irilm\u0259si planla\u015fd\u0131r\u0131l\u0131r. Analoji namiz\u0259di alternativ ittifaq\u0131n idar\u0259 hey\u0259ti d\u0259 ir\u0259li s\u00fcr\u0259 bil\u0259r. F\u0259rdi qaydada namiz\u0259dl\u0259r d\u0259 m\u00fcraci\u0259t ed\u0259 bil\u0259rl\u0259r. Biz birl\u0259\u015fdirici sima kimi Rasim Balayevi g\u00f6r\u00fcr\u00fck. Onun \u0259traf\u0131nda h\u0259r iki ittifaq\u0131n komandas\u0131n\u0131n birl\u0259\u015f\u0259c\u0259yin\u0259 \u0259minik\u201d, <\/em>&#8211; \u018fli \u0130sa Cabbarov deyib.<\/p>\n\n\n\n<p>Az\u0259rbaycan Republikas\u0131 Kinematoqraf\u00e7\u0131lar \u0130ttifaq\u0131ndan (ARK\u0130) Meydan TV-y\u0259 bildirilib ki, idar\u0259 hey\u0259tinin iclas\u0131 yax\u0131n g\u00fcnl\u0259rd\u0259 ke\u00e7iril\u0259c\u0259k v\u0259 bununla ba\u011fl\u0131 m\u0259tbuata m\u0259lumat veril\u0259c\u0259k.<\/p>\n\n\n<div class=\"wp-block-image\">\n<figure class=\"aligncenter size-full\"><img decoding=\"async\" width=\"1200\" height=\"800\" data-src=\"https:\/\/www.meydan.tv\/wp-content\/uploads\/398189845_735922308577775_7864337001593710936_n.jpg\" alt=\"\" class=\"wp-image-289734 lazyload\" src=\"data:image\/svg+xml;base64,PHN2ZyB3aWR0aD0iMSIgaGVpZ2h0PSIxIiB4bWxucz0iaHR0cDovL3d3dy53My5vcmcvMjAwMC9zdmciPjwvc3ZnPg==\" style=\"--smush-placeholder-width: 1200px; --smush-placeholder-aspect-ratio: 1200\/800;\" \/><figcaption class=\"wp-element-caption\">Foto: Az\u0259rbaycan Kinematoqraf\u00e7\u0131lar \u0130ttifaq\u0131 (AK\u0130)<\/figcaption><\/figure>\n<\/div>\n\n\n<p>M\u0259d\u0259niyy\u0259t sah\u0259si \u00fczr\u0259 ekspert Fikrin Bekta\u015fi Meydan TV-y\u0259 deyir ki, se\u00e7kil\u0259rd\u0259 g\u0259nc namiz\u0259dl\u0259rin d\u0259 i\u015ftirak\u0131 m\u0259qs\u0259d\u0259uy\u011fundur:<\/p>\n\n\n\n<p><em>\u201c\u0130dar\u0259etm\u0259 v\u0259 ictimai f\u0259aliyy\u0259tl\u0259 m\u0259\u015f\u011ful olan f\u0259al g\u0259ncl\u0259r var, yax\u015f\u0131 olar ki, onlar da b\u0259rab\u0259r h\u00fcquqlu \u00fczv kimi \u00f6z namiz\u0259dl\u0259rini m\u00fc\u0259yy\u0259n etsinl\u0259r v\u0259 onu da se\u00e7kid\u0259 t\u0259qdim etsinl\u0259r. \u0130ki t\u0259\u015fkilat\u0131n s\u0259drl\u0259ri is\u0259 \u201cf\u0259xri\u201d s\u0259dr kimi m\u00fc\u0259yy\u0259n m\u0259s\u0259l\u0259l\u0259rd\u0259 v\u0259 m\u00fc\u0259yy\u0259n m\u00fcdd\u0259td\u0259 \u201cveto\u201d (m\u0259hdud m\u0259s\u0259l\u0259l\u0259rd\u0259 qada\u011fa t\u0259tbiq etm\u0259k) h\u00fcququnu \u00f6zl\u0259rind\u0259 saxlas\u0131nlar. M\u0259nc\u0259, bu idar\u0259etm\u0259 yeni t\u0259\u015fkilat\u0131n inki\u015faf dinamikas\u0131na m\u00fcsb\u0259t t\u0259sir g\u00f6st\u0259r\u0259c\u0259k\u201d.<\/em><\/p>\n\n\n\n<p>Fikrin Bekta\u015fi h\u0259m\u00e7inin hesab edir ki, birl\u0259\u015f\u0259n ittifaq\u0131n ad\u0131 \u00fcz\u0259rind\u0259 d\u0259 fikirl\u0259\u015fm\u0259k laz\u0131md\u0131r.<\/p>\n\n\n\n<p><em>\u201c\u0130ngilis dilind\u0259 \u201ckinematoqraf\u00e7\u0131\u201d s\u00f6z\u00fcn\u00fcn t\u0259rc\u00fcm\u0259si \u201coperator\u201d v\u0259 ya son zaman geni\u015f s\u0259sl\u0259ndiril\u0259n \u201ct\u0259svir rejissoru\u201ddur, \u201cittifaq\u201d is\u0259 daha m\u00fcasir s\u00f6zl\u0259 \u0259v\u0259z oluna bil\u0259r\u201d<\/em>, &#8211; ekspert deyib.<\/p>\n\n\n<div class=\"wp-block-image\">\n<figure class=\"aligncenter size-full\"><img decoding=\"async\" width=\"1200\" height=\"800\" data-src=\"https:\/\/www.meydan.tv\/wp-content\/uploads\/fikrin_bektashi.jpg\" alt=\"\" class=\"wp-image-242690 lazyload\" src=\"data:image\/svg+xml;base64,PHN2ZyB3aWR0aD0iMSIgaGVpZ2h0PSIxIiB4bWxucz0iaHR0cDovL3d3dy53My5vcmcvMjAwMC9zdmciPjwvc3ZnPg==\" style=\"--smush-placeholder-width: 1200px; --smush-placeholder-aspect-ratio: 1200\/800;\" \/><figcaption class=\"wp-element-caption\">Fikrin Bekta\u015fi, Foto: Arxiv<\/figcaption><\/figure>\n<\/div>\n\n\n<p>2023-c\u00fc il iyulun 26-da AK\u0130-nin \u0130dar\u0259 Hey\u0259ti ARK\u0130 il\u0259 vahid ad alt\u0131nda birl\u0259\u015fm\u0259k m\u0259qs\u0259dli b\u0259yanat <a href=\"https:\/\/www.facebook.com\/kinoittifaq\/posts\/671406818362658?ref=embed_post\">yay\u0131b.<\/a><\/p>\n\n\n\n<p>B\u0259yanatda deyilib ki, eyni adda iki qurumun f\u0259aliyy\u0259t g\u00f6st\u0259rm\u0259si kinematoqraf\u00e7\u0131lar aras\u0131nda h\u0259mr\u0259yliy\u0259, \u00fcmumilikd\u0259 Az\u0259rbaycan kinosunun inki\u015faf\u0131na ciddi mane olur.<\/p>\n\n\n\n<p>Az\u0259rbaycan Kinematoqraf\u00e7\u0131lar \u0130ttifaq\u0131 (AK\u0130) 1963-c\u00fc ild\u0259 t\u0259sis edilib.<\/p>\n\n\n\n<p>1981-ci ild\u0259n quruma Xalq artisti, ssenarist R\u00fcst\u0259m \u0130brahimb\u0259yov r\u0259hb\u0259rlik edib.<\/p>\n\n\n\n<p>2012-ci ild\u0259 R\u00fcst\u0259m \u0130brahimb\u0259yovun siyasi bax\u0131\u015flar\u0131na g\u00f6r\u0259 \u0130ttifaq H\u00f6kum\u0259t Evind\u0259ki ofisind\u0259n \u00e7\u0131xar\u0131l\u0131b.<\/p>\n\n\n\n<p>M\u00fcxalif siyasi q\u00fcvv\u0259l\u0259rin birl\u0259\u015fdiyi Milli \u015eura 2013-c\u00fc ilin prezident se\u00e7kisind\u0259 R\u00fcst\u0259m \u0130brahimb\u0259yovun namiz\u0259dliyini ir\u0259li s\u00fcr\u0259nd\u0259n sonra is\u0259 AK\u0130-d\u0259 ciddi probleml\u0259r yaran\u0131b.<\/p>\n\n\n\n<p>R\u00fcst\u0259m \u0130brahimb\u0259yov Moskvaya ged\u0259nd\u0259n sonra \u0130ttifaq\u0131n f\u0259aliyy\u0259ti dayan\u0131b. Bir ne\u00e7\u0259 ild\u0259n sonra \u0130ttifaq yenid\u0259n f\u0259aliyy\u0259tini b\u0259rpa edib.<\/p>\n\n\n\n<p>2022-ci ilin mart\u0131nda R\u00fcst\u0259m \u0130brahimb\u0259yov v\u0259fat edib.<\/p>\n\n\n\n<p>Ard\u0131nca AK\u0130-d\u0259 qurultay ke\u00e7iril\u0259r\u0259k, s\u0259dr postuna Xalq artisti, aktyor Rasim Balayev g\u0259tirilib.<\/p>\n\n\n\n<p>ARK\u0130 is\u0259 2012-ci ild\u0259 AK\u0130-y\u0259 alternativ olaraq yarad\u0131l\u0131b.<\/p>\n\n\n\n<p>H\u0259min ild\u0259n \u0130ttifaqa Xalq artisti, aktrisa \u015e\u0259fiq\u0259 M\u0259mm\u0259dova r\u0259hb\u0259rlik edir.<\/p>\n\n\n\n<p>2022-ci ild\u0259 ARK\u0130 b\u0259yanat yayaraq, idar\u0259 hey\u0259tinin q\u0259rar\u0131 il\u0259 \u015e\u0259fiq\u0259 M\u0259mm\u0259dovan\u0131n yenid\u0259n \u0130ttifaqa s\u0259dr se\u00e7ildiyini a\u00e7\u0131qlay\u0131b.<\/p>\n\n\n\n<p>Bu, kino ictimaiyy\u0259ti aras\u0131nda naraz\u0131l\u0131\u011fa s\u0259b\u0259b olub.<\/p>\n\n\n\n<p>Bildirilib ki, \u015e\u0259fiq\u0259 M\u0259mm\u0259dova qurultay ke\u00e7irilm\u0259d\u0259n yenid\u0259n s\u0259dr se\u00e7il\u0259 bilm\u0259z.<\/p>\n\n\n\n<p>Qar\u015f\u0131 t\u0259r\u0259f is\u0259 iradlar\u0131 cavabs\u0131z burax\u0131b.<\/p>\n","protected":false},"excerpt":{"rendered":"<p>Ekspert g\u0259ncl\u0259rin namiz\u0259dliyini m\u0259qs\u0259d\u0259uy\u011fun say\u0131r Birl\u0259\u015f\u0259n iki kino ittifaq\u0131n\u0131n birg\u0259 &#8230; <\/p>\n<p class=\"read-more-container\"><a title=\"AK\u0130 il\u0259 ARK\u0130-nin birg\u0259 qurultay\u0131 ke\u00e7iril\u0259c\u0259k\" class=\"read-more button\" href=\"https:\/\/www.meydan.tv\/az\/article\/aki-ile-arki-nin-birge-qurultayi-kecirilecek\/#more-289730\" aria-label=\"Read more about AK\u0130 il\u0259 ARK\u0130-nin birg\u0259 qurultay\u0131 ke\u00e7iril\u0259c\u0259k\">Davam\u0131<\/a><\/p>\n","protected":false},"author":8,"featured_media":242701,"comment_status":"closed","ping_status":"closed","sticky":false,"template":"","format":"standard","meta":{"_acf_changed":false,"_sitemap_exclude":false,"_sitemap_priority":"","_sitemap_frequency":"","footnotes":""},"categories":[52,56],"tags":[],"class_list":["post-289730","post","type-post","status-publish","format-standard","has-post-thumbnail","hentry","category-medeniyyet","category-xeberler","infinite-scroll-item","generate-columns","tablet-grid-50","mobile-grid-100","grid-parent","grid-33","no-featured-image-padding"],"acf":[],"yoast_head":"<!-- This site is optimized with the Yoast SEO plugin v27.4 - https:\/\/yoast.com\/product\/yoast-seo-wordpress\/ -->\n<title>AK\u0130 il\u0259 ARK\u0130-nin birg\u0259 qurultay\u0131 ke\u00e7iril\u0259c\u0259k - MEYDAN.TV<\/title>\n<meta name=\"robots\" content=\"index, follow, max-snippet:-1, max-image-preview:large, max-video-preview:-1\" \/>\n<link rel=\"canonical\" href=\"https:\/\/www.meydan.tv\/az\/article\/aki-ile-arki-nin-birge-qurultayi-kecirilecek\/\" \/>\n<meta property=\"og:locale\" content=\"az_AZ\" \/>\n<meta property=\"og:type\" content=\"article\" \/>\n<meta property=\"og:title\" content=\"AK\u0130 il\u0259 ARK\u0130-nin birg\u0259 qurultay\u0131 ke\u00e7iril\u0259c\u0259k - MEYDAN.TV\" \/>\n<meta property=\"og:description\" content=\"Ekspert g\u0259ncl\u0259rin namiz\u0259dliyini m\u0259qs\u0259d\u0259uy\u011fun say\u0131r Birl\u0259\u015f\u0259n iki kino ittifaq\u0131n\u0131n birg\u0259 ... Davam\u0131\" \/>\n<meta property=\"og:url\" content=\"https:\/\/www.meydan.tv\/az\/article\/aki-ile-arki-nin-birge-qurultayi-kecirilecek\/\" \/>\n<meta property=\"og:site_name\" content=\"MEYDAN.TV\" \/>\n<meta property=\"article:published_time\" content=\"2023-11-04T12:16:02+00:00\" \/>\n<meta property=\"article:modified_time\" content=\"2023-11-04T12:16:06+00:00\" \/>\n<meta property=\"og:image\" content=\"https:\/\/www.meydan.tv\/wp-content\/uploads\/shutterstock_1914661585.jpg\" \/>\n\t<meta property=\"og:image:width\" content=\"1200\" \/>\n\t<meta property=\"og:image:height\" content=\"794\" \/>\n\t<meta property=\"og:image:type\" content=\"image\/jpeg\" \/>\n<meta name=\"author\" content=\"elli\" \/>\n<meta name=\"twitter:card\" content=\"summary_large_image\" \/>\n<meta name=\"twitter:creator\" content=\"@elli\" \/>\n<script type=\"application\/ld+json\" class=\"yoast-schema-graph\">{\"@context\":\"https:\\\/\\\/schema.org\",\"@graph\":[{\"@type\":\"Article\",\"@id\":\"https:\\\/\\\/www.meydan.tv\\\/az\\\/article\\\/aki-ile-arki-nin-birge-qurultayi-kecirilecek\\\/#article\",\"isPartOf\":{\"@id\":\"https:\\\/\\\/www.meydan.tv\\\/az\\\/article\\\/aki-ile-arki-nin-birge-qurultayi-kecirilecek\\\/\"},\"author\":{\"name\":\"elli\",\"@id\":\"https:\\\/\\\/www.meydan.tv\\\/az\\\/#\\\/schema\\\/person\\\/9cdbecf90d17180ce1dfbd95b08dcf47\"},\"headline\":\"AK\u0130 il\u0259 ARK\u0130-nin birg\u0259 qurultay\u0131 ke\u00e7iril\u0259c\u0259k\",\"datePublished\":\"2023-11-04T12:16:02+00:00\",\"dateModified\":\"2023-11-04T12:16:06+00:00\",\"mainEntityOfPage\":{\"@id\":\"https:\\\/\\\/www.meydan.tv\\\/az\\\/article\\\/aki-ile-arki-nin-birge-qurultayi-kecirilecek\\\/\"},\"wordCount\":731,\"publisher\":{\"@id\":\"https:\\\/\\\/www.meydan.tv\\\/az\\\/#organization\"},\"image\":{\"@id\":\"https:\\\/\\\/www.meydan.tv\\\/az\\\/article\\\/aki-ile-arki-nin-birge-qurultayi-kecirilecek\\\/#primaryimage\"},\"thumbnailUrl\":\"https:\\\/\\\/www.meydan.tv\\\/wp-content\\\/uploads\\\/shutterstock_1914661585.jpg\",\"articleSection\":[\"M\u0259d\u0259niyy\u0259t\",\"X\u0259b\u0259rl\u0259r\"],\"inLanguage\":\"az\"},{\"@type\":\"WebPage\",\"@id\":\"https:\\\/\\\/www.meydan.tv\\\/az\\\/article\\\/aki-ile-arki-nin-birge-qurultayi-kecirilecek\\\/\",\"url\":\"https:\\\/\\\/www.meydan.tv\\\/az\\\/article\\\/aki-ile-arki-nin-birge-qurultayi-kecirilecek\\\/\",\"name\":\"AK\u0130 il\u0259 ARK\u0130-nin birg\u0259 qurultay\u0131 ke\u00e7iril\u0259c\u0259k - MEYDAN.TV\",\"isPartOf\":{\"@id\":\"https:\\\/\\\/www.meydan.tv\\\/az\\\/#website\"},\"primaryImageOfPage\":{\"@id\":\"https:\\\/\\\/www.meydan.tv\\\/az\\\/article\\\/aki-ile-arki-nin-birge-qurultayi-kecirilecek\\\/#primaryimage\"},\"image\":{\"@id\":\"https:\\\/\\\/www.meydan.tv\\\/az\\\/article\\\/aki-ile-arki-nin-birge-qurultayi-kecirilecek\\\/#primaryimage\"},\"thumbnailUrl\":\"https:\\\/\\\/www.meydan.tv\\\/wp-content\\\/uploads\\\/shutterstock_1914661585.jpg\",\"datePublished\":\"2023-11-04T12:16:02+00:00\",\"dateModified\":\"2023-11-04T12:16:06+00:00\",\"breadcrumb\":{\"@id\":\"https:\\\/\\\/www.meydan.tv\\\/az\\\/article\\\/aki-ile-arki-nin-birge-qurultayi-kecirilecek\\\/#breadcrumb\"},\"inLanguage\":\"az\",\"potentialAction\":[{\"@type\":\"ReadAction\",\"target\":[\"https:\\\/\\\/www.meydan.tv\\\/az\\\/article\\\/aki-ile-arki-nin-birge-qurultayi-kecirilecek\\\/\"]}]},{\"@type\":\"ImageObject\",\"inLanguage\":\"az\",\"@id\":\"https:\\\/\\\/www.meydan.tv\\\/az\\\/article\\\/aki-ile-arki-nin-birge-qurultayi-kecirilecek\\\/#primaryimage\",\"url\":\"https:\\\/\\\/www.meydan.tv\\\/wp-content\\\/uploads\\\/shutterstock_1914661585.jpg\",\"contentUrl\":\"https:\\\/\\\/www.meydan.tv\\\/wp-content\\\/uploads\\\/shutterstock_1914661585.jpg\",\"width\":1200,\"height\":794,\"caption\":\"Az\u0259rbaycan kinosu. Foto: natatravel\\\/shutterstock\"},{\"@type\":\"BreadcrumbList\",\"@id\":\"https:\\\/\\\/www.meydan.tv\\\/az\\\/article\\\/aki-ile-arki-nin-birge-qurultayi-kecirilecek\\\/#breadcrumb\",\"itemListElement\":[{\"@type\":\"ListItem\",\"position\":1,\"name\":\"Ana s\u0259hif\u0259\",\"item\":\"https:\\\/\\\/www.meydan.tv\\\/az\\\/\"},{\"@type\":\"ListItem\",\"position\":2,\"name\":\"M\u0259d\u0259niyy\u0259t\",\"item\":\"https:\\\/\\\/www.meydan.tv\\\/az\\\/section\\\/medeniyyet\\\/\"},{\"@type\":\"ListItem\",\"position\":3,\"name\":\"AK\u0130 il\u0259 ARK\u0130-nin birg\u0259 qurultay\u0131 ke\u00e7iril\u0259c\u0259k\"}]},{\"@type\":\"WebSite\",\"@id\":\"https:\\\/\\\/www.meydan.tv\\\/az\\\/#website\",\"url\":\"https:\\\/\\\/www.meydan.tv\\\/az\\\/\",\"name\":\"MEYDAN.TV\",\"description\":\"Meydan TV Az\u0259rbaycan\u0131n media m\u0259kan\u0131ndak\u0131 alternativ s\u0259sidir\",\"publisher\":{\"@id\":\"https:\\\/\\\/www.meydan.tv\\\/az\\\/#organization\"},\"potentialAction\":[{\"@type\":\"SearchAction\",\"target\":{\"@type\":\"EntryPoint\",\"urlTemplate\":\"https:\\\/\\\/www.meydan.tv\\\/az\\\/?s={search_term_string}\"},\"query-input\":{\"@type\":\"PropertyValueSpecification\",\"valueRequired\":true,\"valueName\":\"search_term_string\"}}],\"inLanguage\":\"az\"},{\"@type\":\"Organization\",\"@id\":\"https:\\\/\\\/www.meydan.tv\\\/az\\\/#organization\",\"name\":\"Meydan TV\",\"url\":\"https:\\\/\\\/www.meydan.tv\\\/az\\\/\",\"logo\":{\"@type\":\"ImageObject\",\"inLanguage\":\"az\",\"@id\":\"https:\\\/\\\/www.meydan.tv\\\/az\\\/#\\\/schema\\\/logo\\\/image\\\/\",\"url\":\"https:\\\/\\\/www.meydan.tv\\\/wp-content\\\/uploads\\\/2021\\\/07\\\/meydan-logo.svg\",\"contentUrl\":\"https:\\\/\\\/www.meydan.tv\\\/wp-content\\\/uploads\\\/2021\\\/07\\\/meydan-logo.svg\",\"width\":195,\"height\":46,\"caption\":\"Meydan TV\"},\"image\":{\"@id\":\"https:\\\/\\\/www.meydan.tv\\\/az\\\/#\\\/schema\\\/logo\\\/image\\\/\"}},{\"@type\":\"Person\",\"@id\":\"https:\\\/\\\/www.meydan.tv\\\/az\\\/#\\\/schema\\\/person\\\/9cdbecf90d17180ce1dfbd95b08dcf47\",\"name\":\"elli\",\"sameAs\":[\"https:\\\/\\\/x.com\\\/elli\"]}]}<\/script>\n<!-- \/ Yoast SEO plugin. -->","yoast_head_json":{"title":"AK\u0130 il\u0259 ARK\u0130-nin birg\u0259 qurultay\u0131 ke\u00e7iril\u0259c\u0259k - MEYDAN.TV","robots":{"index":"index","follow":"follow","max-snippet":"max-snippet:-1","max-image-preview":"max-image-preview:large","max-video-preview":"max-video-preview:-1"},"canonical":"https:\/\/www.meydan.tv\/az\/article\/aki-ile-arki-nin-birge-qurultayi-kecirilecek\/","og_locale":"az_AZ","og_type":"article","og_title":"AK\u0130 il\u0259 ARK\u0130-nin birg\u0259 qurultay\u0131 ke\u00e7iril\u0259c\u0259k - MEYDAN.TV","og_description":"Ekspert g\u0259ncl\u0259rin namiz\u0259dliyini m\u0259qs\u0259d\u0259uy\u011fun say\u0131r Birl\u0259\u015f\u0259n iki kino ittifaq\u0131n\u0131n birg\u0259 ... Davam\u0131","og_url":"https:\/\/www.meydan.tv\/az\/article\/aki-ile-arki-nin-birge-qurultayi-kecirilecek\/","og_site_name":"MEYDAN.TV","article_published_time":"2023-11-04T12:16:02+00:00","article_modified_time":"2023-11-04T12:16:06+00:00","og_image":[{"width":1200,"height":794,"url":"https:\/\/www.meydan.tv\/wp-content\/uploads\/shutterstock_1914661585.jpg","type":"image\/jpeg"}],"author":"elli","twitter_card":"summary_large_image","twitter_creator":"@elli","schema":{"@context":"https:\/\/schema.org","@graph":[{"@type":"Article","@id":"https:\/\/www.meydan.tv\/az\/article\/aki-ile-arki-nin-birge-qurultayi-kecirilecek\/#article","isPartOf":{"@id":"https:\/\/www.meydan.tv\/az\/article\/aki-ile-arki-nin-birge-qurultayi-kecirilecek\/"},"author":{"name":"elli","@id":"https:\/\/www.meydan.tv\/az\/#\/schema\/person\/9cdbecf90d17180ce1dfbd95b08dcf47"},"headline":"AK\u0130 il\u0259 ARK\u0130-nin birg\u0259 qurultay\u0131 ke\u00e7iril\u0259c\u0259k","datePublished":"2023-11-04T12:16:02+00:00","dateModified":"2023-11-04T12:16:06+00:00","mainEntityOfPage":{"@id":"https:\/\/www.meydan.tv\/az\/article\/aki-ile-arki-nin-birge-qurultayi-kecirilecek\/"},"wordCount":731,"publisher":{"@id":"https:\/\/www.meydan.tv\/az\/#organization"},"image":{"@id":"https:\/\/www.meydan.tv\/az\/article\/aki-ile-arki-nin-birge-qurultayi-kecirilecek\/#primaryimage"},"thumbnailUrl":"https:\/\/www.meydan.tv\/wp-content\/uploads\/shutterstock_1914661585.jpg","articleSection":["M\u0259d\u0259niyy\u0259t","X\u0259b\u0259rl\u0259r"],"inLanguage":"az"},{"@type":"WebPage","@id":"https:\/\/www.meydan.tv\/az\/article\/aki-ile-arki-nin-birge-qurultayi-kecirilecek\/","url":"https:\/\/www.meydan.tv\/az\/article\/aki-ile-arki-nin-birge-qurultayi-kecirilecek\/","name":"AK\u0130 il\u0259 ARK\u0130-nin birg\u0259 qurultay\u0131 ke\u00e7iril\u0259c\u0259k - MEYDAN.TV","isPartOf":{"@id":"https:\/\/www.meydan.tv\/az\/#website"},"primaryImageOfPage":{"@id":"https:\/\/www.meydan.tv\/az\/article\/aki-ile-arki-nin-birge-qurultayi-kecirilecek\/#primaryimage"},"image":{"@id":"https:\/\/www.meydan.tv\/az\/article\/aki-ile-arki-nin-birge-qurultayi-kecirilecek\/#primaryimage"},"thumbnailUrl":"https:\/\/www.meydan.tv\/wp-content\/uploads\/shutterstock_1914661585.jpg","datePublished":"2023-11-04T12:16:02+00:00","dateModified":"2023-11-04T12:16:06+00:00","breadcrumb":{"@id":"https:\/\/www.meydan.tv\/az\/article\/aki-ile-arki-nin-birge-qurultayi-kecirilecek\/#breadcrumb"},"inLanguage":"az","potentialAction":[{"@type":"ReadAction","target":["https:\/\/www.meydan.tv\/az\/article\/aki-ile-arki-nin-birge-qurultayi-kecirilecek\/"]}]},{"@type":"ImageObject","inLanguage":"az","@id":"https:\/\/www.meydan.tv\/az\/article\/aki-ile-arki-nin-birge-qurultayi-kecirilecek\/#primaryimage","url":"https:\/\/www.meydan.tv\/wp-content\/uploads\/shutterstock_1914661585.jpg","contentUrl":"https:\/\/www.meydan.tv\/wp-content\/uploads\/shutterstock_1914661585.jpg","width":1200,"height":794,"caption":"Az\u0259rbaycan kinosu. Foto: natatravel\/shutterstock"},{"@type":"BreadcrumbList","@id":"https:\/\/www.meydan.tv\/az\/article\/aki-ile-arki-nin-birge-qurultayi-kecirilecek\/#breadcrumb","itemListElement":[{"@type":"ListItem","position":1,"name":"Ana s\u0259hif\u0259","item":"https:\/\/www.meydan.tv\/az\/"},{"@type":"ListItem","position":2,"name":"M\u0259d\u0259niyy\u0259t","item":"https:\/\/www.meydan.tv\/az\/section\/medeniyyet\/"},{"@type":"ListItem","position":3,"name":"AK\u0130 il\u0259 ARK\u0130-nin birg\u0259 qurultay\u0131 ke\u00e7iril\u0259c\u0259k"}]},{"@type":"WebSite","@id":"https:\/\/www.meydan.tv\/az\/#website","url":"https:\/\/www.meydan.tv\/az\/","name":"MEYDAN.TV","description":"Meydan TV Az\u0259rbaycan\u0131n media m\u0259kan\u0131ndak\u0131 alternativ s\u0259sidir","publisher":{"@id":"https:\/\/www.meydan.tv\/az\/#organization"},"potentialAction":[{"@type":"SearchAction","target":{"@type":"EntryPoint","urlTemplate":"https:\/\/www.meydan.tv\/az\/?s={search_term_string}"},"query-input":{"@type":"PropertyValueSpecification","valueRequired":true,"valueName":"search_term_string"}}],"inLanguage":"az"},{"@type":"Organization","@id":"https:\/\/www.meydan.tv\/az\/#organization","name":"Meydan TV","url":"https:\/\/www.meydan.tv\/az\/","logo":{"@type":"ImageObject","inLanguage":"az","@id":"https:\/\/www.meydan.tv\/az\/#\/schema\/logo\/image\/","url":"https:\/\/www.meydan.tv\/wp-content\/uploads\/2021\/07\/meydan-logo.svg","contentUrl":"https:\/\/www.meydan.tv\/wp-content\/uploads\/2021\/07\/meydan-logo.svg","width":195,"height":46,"caption":"Meydan TV"},"image":{"@id":"https:\/\/www.meydan.tv\/az\/#\/schema\/logo\/image\/"}},{"@type":"Person","@id":"https:\/\/www.meydan.tv\/az\/#\/schema\/person\/9cdbecf90d17180ce1dfbd95b08dcf47","name":"elli","sameAs":["https:\/\/x.com\/elli"]}]}},"_links":{"self":[{"href":"https:\/\/www.meydan.tv\/az\/wp-json\/wp\/v2\/posts\/289730","targetHints":{"allow":["GET"]}}],"collection":[{"href":"https:\/\/www.meydan.tv\/az\/wp-json\/wp\/v2\/posts"}],"about":[{"href":"https:\/\/www.meydan.tv\/az\/wp-json\/wp\/v2\/types\/post"}],"author":[{"embeddable":true,"href":"https:\/\/www.meydan.tv\/az\/wp-json\/wp\/v2\/users\/8"}],"replies":[{"embeddable":true,"href":"https:\/\/www.meydan.tv\/az\/wp-json\/wp\/v2\/comments?post=289730"}],"version-history":[{"count":4,"href":"https:\/\/www.meydan.tv\/az\/wp-json\/wp\/v2\/posts\/289730\/revisions"}],"predecessor-version":[{"id":289740,"href":"https:\/\/www.meydan.tv\/az\/wp-json\/wp\/v2\/posts\/289730\/revisions\/289740"}],"wp:featuredmedia":[{"embeddable":true,"href":"https:\/\/www.meydan.tv\/az\/wp-json\/wp\/v2\/media\/242701"}],"wp:attachment":[{"href":"https:\/\/www.meydan.tv\/az\/wp-json\/wp\/v2\/media?parent=289730"}],"wp:term":[{"taxonomy":"category","embeddable":true,"href":"https:\/\/www.meydan.tv\/az\/wp-json\/wp\/v2\/categories?post=289730"},{"taxonomy":"post_tag","embeddable":true,"href":"https:\/\/www.meydan.tv\/az\/wp-json\/wp\/v2\/tags?post=289730"}],"curies":[{"name":"wp","href":"https:\/\/api.w.org\/{rel}","templated":true}]}}