{"id":289648,"date":"2023-11-03T16:34:45","date_gmt":"2023-11-03T12:34:45","guid":{"rendered":"https:\/\/www.meydan.tv\/?p=289648"},"modified":"2023-11-03T19:14:18","modified_gmt":"2023-11-03T15:14:18","slug":"milli-meclisde-qaza-qoyulan-limitin-legvi-teklif-olunub","status":"publish","type":"post","link":"https:\/\/www.meydan.tv\/az\/article\/milli-meclisde-qaza-qoyulan-limitin-legvi-teklif-olunub\/","title":{"rendered":"Milli M\u0259clisd\u0259 qaza qoyulan limitin l\u0259\u011fvi t\u0259klif olunub"},"content":{"rendered":"\n<p><\/p>\n\n\n\n<p><strong><em>Deputatlar internet, Qaraba\u011f, Nax\u00e7\u0131van, u\u015faq ba\u011f\u00e7alar\u0131 v\u0259 s. probleml\u0259r\u0259 toxunublar<\/em><\/strong><\/p>\n\n\n\n<p>Milli M\u0259clisd\u0259 \u201c2024-c\u00fc ilin d\u00f6vl\u0259t b\u00fcdc\u0259si haqq\u0131nda\u201d Qanun layih\u0259si m\u00fczakir\u0259y\u0259 \u00e7\u0131xar\u0131l\u0131b.<\/p>\n\n\n\n<p>Parlamentin H\u00fcquq siyas\u0259ti v\u0259 d\u00f6vl\u0259t quruculu\u011fu, M\u00fcdafi\u0259, t\u0259hl\u00fck\u0259sizlik v\u0259 korrupsiya il\u0259 m\u00fcbariz\u0259, Beyn\u0259lxalq m\u00fcnasib\u0259tl\u0259r v\u0259 parlamentl\u0259raras\u0131 \u0259laq\u0259l\u0259r v\u0259 \u0130nsan h\u00fcquqlar\u0131 komit\u0259l\u0259rinin birg\u0259 iclas\u0131nda bir s\u0131ra t\u0259klif v\u0259 iradlar s\u0259sl\u0259ndirilib.<\/p>\n\n\n\n<p>M\u0259d\u0259niyy\u0259t komit\u0259sinin s\u0259dr m\u00fcavini Fazil Mustafa \u00e7\u0131x\u0131\u015f\u0131nda Nax\u00e7\u0131vanda i\u015fsizliyin s\u00fcr\u0259tl\u0259 artd\u0131\u011f\u0131n\u0131 deyib:<\/p>\n\n\n\n<p>\u201c<em>Bizim qar\u015f\u0131m\u0131zda Qaraba\u011fdan ciddi m\u0259s\u0259l\u0259 &#8211; Nax\u00e7\u0131van m\u0259s\u0259l\u0259si durur. Nax\u00e7\u0131vanda dem\u0259k olar ki, he\u00e7 bir zavod-fabrik f\u0259aliyy\u0259t g\u00f6st\u0259rmir, b\u00f6lg\u0259d\u0259 i\u015fsizlik s\u00fcr\u0259tl\u0259 art\u0131r. Muxtar respublikan\u0131n \u0259halisi \u0259sas\u0259n Bak\u0131 v\u0259 \u0130stanbulda m\u0259skunla\u015f\u0131b. \u0130\u015fsiz \u0259halid\u0259n t\u0259bii qaz v\u0259 elektrik enerjisinin haqq\u0131 Bak\u0131 il\u0259 eyni s\u0259viyy\u0259d\u0259 t\u0259l\u0259b edilir. Bunu m\u00fctl\u0259q azaltmaq laz\u0131md\u0131r\u201d<\/em>.<\/p>\n\n\n<div class=\"wp-block-image\">\n<figure class=\"alignright size-full is-resized\"><img decoding=\"async\" width=\"1200\" height=\"555\" data-src=\"https:\/\/www.meydan.tv\/wp-content\/uploads\/fazil_mustafa_2504-e1680029419145.jpg\" alt=\"Deputat Fazil Mustafa\" class=\"wp-image-131519 lazyload\" style=\"--smush-placeholder-width: 1200px; --smush-placeholder-aspect-ratio: 1200\/555;aspect-ratio:2.1621621621621623;width:456px;height:auto\" src=\"data:image\/svg+xml;base64,PHN2ZyB3aWR0aD0iMSIgaGVpZ2h0PSIxIiB4bWxucz0iaHR0cDovL3d3dy53My5vcmcvMjAwMC9zdmciPjwvc3ZnPg==\" \/><figcaption class=\"wp-element-caption\">Fazil Mustafa, Foto: Meydan TV<\/figcaption><\/figure>\n<\/div>\n\n\n<p><em>\u201c\u0130ran \u0259razisi il\u0259 ora yol h\u0259l\u0259 ki a\u00e7\u0131lmay\u0131b. T\u0259yyar\u0259 qiym\u0259tl\u0259ri yen\u0259 d\u0259 bahad\u0131r. D\u00f6vl\u0259t \u201cAz\u0259rbaycan Hava Yollar\u0131\u201d QSC-y\u0259 (AZAL) subsidiya ay\u0131rsa da, gedib-g\u0259lm\u0259k yen\u0259 d\u0259 insanlar\u0131n maddi v\u0259ziyy\u0259tin\u0259 uy\u011fun deyil. X\u0259st\u0259l\u0259rin b\u00f6y\u00fck \u0259ks\u0259riyy\u0259ti orada m\u00fcalic\u0259siz ya\u015fay\u0131r. X\u0259st\u0259 v\u0259 t\u0259l\u0259b\u0259l\u0259rin gedib-g\u0259lm\u0259si \u00fc\u00e7\u00fcn imtiyazlar t\u0259tbiq olunmal\u0131d\u0131r\u201d<\/em>, &#8211; Fazil Mustafa bildirib.<\/p>\n\n\n\n<p>Milli M\u0259clisin M\u00fcdafi\u0259, t\u0259hl\u00fck\u0259sizlik v\u0259 korrupsiya il\u0259 m\u00fcbariz\u0259 komit\u0259sinin s\u0259dri Ziyaf\u0259t \u018fsg\u0259rov \u00e7\u0131x\u0131\u015f\u0131nda bildirib ki, Qaraba\u011fda 2023-c\u00fc ilin sentyabr\u0131nda ke\u00e7iril\u0259n son \u0259m\u0259liyyatlardan sonra Az\u0259rbaycan qar\u015f\u0131s\u0131nda yeni \u00e7a\u011f\u0131r\u0131\u015flar yaran\u0131b.<\/p>\n\n\n\n<p>Bu \u00e7a\u011f\u0131r\u0131\u015flar m\u00fcdafi\u0259 v\u0259 t\u0259hl\u00fck\u0259sizlik sah\u0259sini d\u0259 \u0259hat\u0259 edir:<\/p>\n\n\n<div class=\"wp-block-image\">\n<figure class=\"alignleft size-full is-resized\"><img decoding=\"async\" width=\"768\" height=\"432\" data-src=\"https:\/\/www.meydan.tv\/wp-content\/uploads\/25113.jpg\" alt=\"Ziyaf\u0259t \u018fsg\u0259rov\" class=\"wp-image-65814 lazyload\" style=\"--smush-placeholder-width: 768px; --smush-placeholder-aspect-ratio: 768\/432;aspect-ratio:1.7777777777777777;width:396px;height:auto\" src=\"data:image\/svg+xml;base64,PHN2ZyB3aWR0aD0iMSIgaGVpZ2h0PSIxIiB4bWxucz0iaHR0cDovL3d3dy53My5vcmcvMjAwMC9zdmciPjwvc3ZnPg==\" \/><figcaption class=\"wp-element-caption\">Ziyaf\u0259t \u018fsg\u0259rov, Foto: Meydan TV<\/figcaption><\/figure>\n<\/div>\n\n\n<p>\u201c<em>G\u0259l\u0259n ilin b\u00fcdc\u0259sind\u0259n m\u00fcdafi\u0259 v\u0259 h\u00fcquq-m\u00fchafiz\u0259 orqanlar\u0131nda \u015f\u0259xsi hey\u0259tin tam komplektl\u0259\u015fdirilm\u0259si, h\u0259min orqanlar\u0131n m\u00fcvafiq texniki t\u0259minat\u0131n\u0131n daha da yax\u015f\u0131la\u015fd\u0131r\u0131lmas\u0131, azad olunan \u0259razil\u0259rd\u0259 m\u00fcdafi\u0259 v\u0259 h\u00fcquq-m\u00fchafiz\u0259 orqanlar\u0131n\u0131n m\u00fcvafiq xidm\u0259tl\u0259rinin t\u0259\u015fkili il\u0259 \u0259laq\u0259dar 6,4 milyard manat v\u0259sait ayr\u0131lacaq. R\u0259q\u0259m 2023-c\u00fc ill\u0259 m\u00fcqayis\u0259d\u0259 366 milyon manat, y\u0259ni 6 % \u00e7oxdur\u201d<\/em>.<\/p>\n\n\n\n<p>Milli M\u0259clisin \u0130nsan h\u00fcquqlar\u0131 komit\u0259sinin s\u0259dri Zahid Oruc g\u0259l\u0259n ilin d\u00f6vl\u0259t b\u00fcdc\u0259sind\u0259 u\u015faq ba\u011f\u00e7alar\u0131n\u0131n \u0259rzaq t\u0259minat\u0131 \u00fc\u00e7\u00fcn v\u0259saitin azald\u0131lmas\u0131 m\u0259s\u0259l\u0259sin\u0259 ayd\u0131nl\u0131q g\u0259tirilm\u0259sini ist\u0259yib.<\/p>\n\n\n\n<p>\u201c<em>\u00d6lk\u0259d\u0259 haz\u0131rda 1825 u\u015faq ba\u011f\u00e7as\u0131 var. \u00d6lk\u0259d\u0259 h\u0259r 4 u\u015fa\u011f\u0131n birinin ba\u011f\u00e7a il\u0259 t\u0259minat\u0131 var. \u018frzaq t\u0259minat\u0131 il\u0259 ba\u011fl\u0131 v\u0259saitin azald\u0131lmas\u0131 m\u0259s\u0259l\u0259si sosial \u015f\u0259b\u0259k\u0259l\u0259rd\u0259 m\u00fczakir\u0259 m\u00f6vzusuna \u00e7evrilib. Ona g\u00f6r\u0259 d\u0259 ba\u011f\u00e7alara veril\u0259n \u0259rzaq t\u0259minat\u0131 m\u0259s\u0259l\u0259sin\u0259 diqq\u0259t g\u00f6st\u0259rils\u0259, yax\u015f\u0131 olar\u201d.<\/em><\/p>\n\n\n<div class=\"wp-block-image\">\n<figure class=\"alignright size-large is-resized\"><img decoding=\"async\" data-src=\"https:\/\/www.meydan.tv\/wp-content\/uploads\/0e9a2470-1197x821.jpg\" alt=\"\" class=\"wp-image-259446 lazyload\" style=\"--smush-placeholder-width: 1197px; --smush-placeholder-aspect-ratio: 1197\/821;aspect-ratio:1.4579780755176615;width:332px;height:auto\" src=\"data:image\/svg+xml;base64,PHN2ZyB3aWR0aD0iMSIgaGVpZ2h0PSIxIiB4bWxucz0iaHR0cDovL3d3dy53My5vcmcvMjAwMC9zdmciPjwvc3ZnPg==\" \/><figcaption class=\"wp-element-caption\">Zahid Oruc. Foto: Meydan TV<\/figcaption><\/figure>\n<\/div>\n\n\n<p>Maliyy\u0259 naziri Samir \u015e\u0259rifov is\u0259 ba\u011f\u00e7alara \u0259rzaq t\u0259minat\u0131 \u00fc\u00e7\u00fcn ayr\u0131lan v\u0259saitin azald\u0131lmas\u0131n\u0131 keyterinq (catering- qida xidm\u0259tl\u0259rinin g\u00f6st\u0259rilm\u0259si) \u015firk\u0259tl\u0259ri il\u0259 olan \u0259m\u0259kda\u015fl\u0131qla \u0259laq\u0259l\u0259ndirib:<\/p>\n\n\n\n<p><em>\u201cHaz\u0131rda Elm v\u0259 T\u0259hsil Nazirliyi t\u0259k \u0259rzaq x\u0259rcl\u0259ri madd\u0259si \u00fczr\u0259 ba\u011f\u00e7alarda qidalanma m\u0259s\u0259l\u0259l\u0259rini h\u0259ll etmir, eyni zamanda isti yem\u0259k verilm\u0259si yolu il\u0259 qida xidm\u0259tl\u0259ri g\u00f6st\u0259r\u0259n \u015firk\u0259tl\u0259ri bu i\u015f\u0259 c\u0259lb edirl\u0259r. Art\u0131q ba\u011f\u00e7alara isti yem\u0259kl\u0259r \u00e7atd\u0131r\u0131l\u0131r\u201d, <\/em>&#8211; nazir deyib.<\/p>\n\n\n\n<p><\/p>\n\n\n\n<p>Milli M\u0259clisin deputat\u0131 Naqif H\u0259mz\u0259yev \u00e7\u0131x\u0131\u015f\u0131nda deyib ki, Az\u0259rbaycanda internetin s\u00fcr\u0259ti v\u0259 qiym\u0259ti il\u0259 ba\u011fl\u0131 v\u0259ziyy\u0259t yax\u015f\u0131 deyil.<\/p>\n\n\n\n<p><em>\u201cXaric\u0259 ged\u0259nd\u0259 v\u0259 orada interneti istifad\u0259 ed\u0259nd\u0259 f\u0259rqi daha yax\u015f\u0131 ba\u015fa d\u00fc\u015f\u00fcr\u00fck. B\u00fcdc\u0259d\u0259n v\u0259sait ayr\u0131l\u0131r, ancaq tam n\u0259tic\u0259 \u0259ld\u0259 ed\u0259 bilmirik. \u015eirk\u0259tl\u0259r x\u0259tl\u0259rin d\u0259yi\u015fdirilm\u0259si, avadanl\u0131qlar\u0131n al\u0131nmas\u0131 \u00fc\u00e7\u00fcn v\u0259t\u0259nda\u015flardan v\u0259sait ist\u0259yir. Bu sah\u0259d\u0259 n\u0259zar\u0259t art\u0131r\u0131lmal\u0131d\u0131r\u201d<\/em>, &#8211; deputat bildirib.<\/p>\n\n\n\n<p>M\u00fczakir\u0259l\u0259r zaman\u0131 \u015eu\u015fa v\u0259 Xank\u0259ndid\u0259 yeni telekanallar\u0131n a\u00e7\u0131lmas\u0131 t\u0259klifi ir\u0259li s\u00fcr\u00fcl\u00fcb.<\/p>\n\n\n\n<p>Deputat Hikm\u0259t Babao\u011flu t\u0259klifinin b\u00fcdc\u0259d\u0259 n\u0259z\u0259r\u0259 al\u0131nmas\u0131n\u0131 diqq\u0259t\u0259 \u00e7atd\u0131r\u0131b.<\/p>\n\n\n<div class=\"wp-block-image\">\n<figure class=\"aligncenter size-full\"><img decoding=\"async\" width=\"1200\" height=\"666\" data-src=\"https:\/\/www.meydan.tv\/wp-content\/uploads\/shutterstock_641835628-e1640022402421.jpg\" alt=\"\" class=\"wp-image-229203 lazyload\" src=\"data:image\/svg+xml;base64,PHN2ZyB3aWR0aD0iMSIgaGVpZ2h0PSIxIiB4bWxucz0iaHR0cDovL3d3dy53My5vcmcvMjAwMC9zdmciPjwvc3ZnPg==\" style=\"--smush-placeholder-width: 1200px; --smush-placeholder-aspect-ratio: 1200\/666;\" \/><figcaption class=\"wp-element-caption\">Milli M\u0259clis, Foto: By aquatarkus\/Shutterstock<\/figcaption><\/figure>\n<\/div>\n\n\n<p>Mill\u0259t v\u0259kili Q\u00fcdr\u0259t H\u0259s\u0259nquliyev is\u0259 Xank\u0259ndid\u0259 universitet a\u00e7\u0131lmas\u0131n\u0131 m\u0259qs\u0259d\u0259uy\u011fun say\u0131b.<\/p>\n\n\n\n<p>\u201c<em>Orada bizim v\u0259t\u0259nda\u015flar\u0131m\u0131z t\u0259hsil als\u0131n, h\u00fcquq\u015f\u00fcnas olsun. \u00c7\u00fcnki bizd\u0259 v\u0259kill\u0259rin say\u0131 azd\u0131r\u201d, &#8211; <\/em>deputat deyib.<\/p>\n\n\n\n<p>B\u00fcdc\u0259 m\u00fczakir\u0259l\u0259ri zaman\u0131 deputat Tahir K\u0259rimli \u0259haliy\u0259 veril\u0259n t\u0259bii qaza qoyulan limitin l\u0259\u011fv olunmas\u0131n\u0131 t\u0259klif edib:<\/p>\n\n\n\n<p>\u201c<em>Az\u0259rbaycan\u0131n kifay\u0259t q\u0259d\u0259r qaz\u0131 var, buna g\u00fcc\u00fcm\u00fcz \u00e7atar. Ona g\u00f6r\u0259 d\u0259 qaz limitinin l\u0259\u011fv olunmas\u0131n\u0131 t\u0259klif edir\u0259m\u201d.<\/em><\/p>\n\n\n\n<p>2021-ci il oktyabr\u0131n 16-da Tarif \u015euras\u0131n\u0131n iclas\u0131nda t\u0259bii qaz \u00fczr\u0259 topdansat\u0131\u015f v\u0259 p\u0259rak\u0259nd\u0259 sat\u0131\u015f qiym\u0259tl\u0259rinin tarif t\u0259nziml\u0259nm\u0259sin\u0259 dair q\u0259rar q\u0259bul edilib.<\/p>\n\n\n\n<p>Q\u0259rara \u0259sas\u0259n, \u0259halinin illik istehlak\u0131n\u0131n 1 200 kubmetr\u0259d\u0259k olan hiss\u0259si \u00fc\u00e7\u00fcn tarifl\u0259r 10 q\u0259pikd\u0259n 12 q\u0259piy\u0259 art\u0131r\u0131l\u0131b.<\/p>\n\n\n\n<p>\u018fhali \u00fc\u00e7\u00fcn 1200-2500 kubmetr\u0259d\u0259k v\u0259 2 500 kubmetrd\u0259n \u00e7ox olan hiss\u0259l\u0259r \u00fc\u00e7\u00fcn tarifl\u0259r m\u00fcvafiq olaraq 20 v\u0259 25 q\u0259pik olmaqla d\u0259yi\u015fm\u0259di v\u0259 \u0259vv\u0259lki h\u0259dd\u0259 saxlan\u0131l\u0131b.<\/p>\n\n\n\n<p>Qeyri-\u0259hali kateqoriyas\u0131ndan s\u0259naye v\u0259 k\u0259nd t\u0259s\u0259rr\u00fcfat\u0131 \u00fczr\u0259 qaz\u0131n tarifl\u0259ri 20 q\u0259pikd\u0259n 22 q\u0259piy\u0259 art\u0131r\u0131l\u0131b.<\/p>\n\n\n\n<p>Milli M\u0259clisd\u0259 b\u00fcdc\u0259 m\u00fczakir\u0259l\u0259ri noyabr\u0131n 2-d\u0259 ba\u015flay\u0131b.<\/p>\n\n\n\n<p>2024-c\u00fc il d\u00f6vl\u0259t b\u00fcdc\u0259sinin g\u0259lirl\u0259ri 34 173 000,0 min manat, x\u0259rcl\u0259ri 36 763 000,0 min manat (o c\u00fcml\u0259d\u0259n, m\u0259rk\u0259zl\u0259\u015fdirilmi\u015f g\u0259lirl\u0259ri 33 399 895,0 min manat, yerli g\u0259lirl\u0259ri 773 105,0 min manat, m\u0259rk\u0259zl\u0259\u015fdirilmi\u015f x\u0259rcl\u0259ri 35 980 547,0 min manat, yerli x\u0259rcl\u0259ri 782 453,0 min manat) m\u0259bl\u0259\u011find\u0259 m\u00fc\u0259yy\u0259n edilib.<\/p>\n","protected":false},"excerpt":{"rendered":"<p>Deputatlar internet, Qaraba\u011f, Nax\u00e7\u0131van, u\u015faq ba\u011f\u00e7alar\u0131 v\u0259 s. probleml\u0259r\u0259 toxunublar &#8230; <\/p>\n<p class=\"read-more-container\"><a title=\"Milli M\u0259clisd\u0259 qaza qoyulan limitin l\u0259\u011fvi t\u0259klif olunub\" class=\"read-more button\" href=\"https:\/\/www.meydan.tv\/az\/article\/milli-meclisde-qaza-qoyulan-limitin-legvi-teklif-olunub\/#more-289648\" aria-label=\"Read more about Milli M\u0259clisd\u0259 qaza qoyulan limitin l\u0259\u011fvi t\u0259klif olunub\">Davam\u0131<\/a><\/p>\n","protected":false},"author":8,"featured_media":277729,"comment_status":"closed","ping_status":"closed","sticky":false,"template":"","format":"standard","meta":{"_acf_changed":false,"_sitemap_exclude":false,"_sitemap_priority":"","_sitemap_frequency":"","footnotes":""},"categories":[62,56],"tags":[],"class_list":["post-289648","post","type-post","status-publish","format-standard","has-post-thumbnail","hentry","category-sosial","category-xeberler","infinite-scroll-item","generate-columns","tablet-grid-50","mobile-grid-100","grid-parent","grid-33","no-featured-image-padding"],"acf":[],"yoast_head":"<!-- This site is optimized with the Yoast SEO plugin v27.5 - https:\/\/yoast.com\/product\/yoast-seo-wordpress\/ -->\n<title>Milli M\u0259clisd\u0259 qaza qoyulan limitin l\u0259\u011fvi t\u0259klif olunub - MEYDAN.TV<\/title>\n<meta name=\"robots\" content=\"index, follow, max-snippet:-1, max-image-preview:large, max-video-preview:-1\" \/>\n<link rel=\"canonical\" href=\"https:\/\/www.meydan.tv\/az\/article\/milli-meclisde-qaza-qoyulan-limitin-legvi-teklif-olunub\/\" \/>\n<meta property=\"og:locale\" content=\"az_AZ\" \/>\n<meta property=\"og:type\" content=\"article\" \/>\n<meta property=\"og:title\" content=\"Milli M\u0259clisd\u0259 qaza qoyulan limitin l\u0259\u011fvi t\u0259klif olunub - MEYDAN.TV\" \/>\n<meta property=\"og:description\" content=\"Deputatlar internet, Qaraba\u011f, Nax\u00e7\u0131van, u\u015faq ba\u011f\u00e7alar\u0131 v\u0259 s. probleml\u0259r\u0259 toxunublar ... Davam\u0131\" \/>\n<meta property=\"og:url\" content=\"https:\/\/www.meydan.tv\/az\/article\/milli-meclisde-qaza-qoyulan-limitin-legvi-teklif-olunub\/\" \/>\n<meta property=\"og:site_name\" content=\"MEYDAN.TV\" \/>\n<meta property=\"article:published_time\" content=\"2023-11-03T12:34:45+00:00\" \/>\n<meta property=\"article:modified_time\" content=\"2023-11-03T15:14:18+00:00\" \/>\n<meta property=\"og:image\" content=\"https:\/\/www.meydan.tv\/wp-content\/uploads\/azeriqaz_190920_2-1.jpg\" \/>\n\t<meta property=\"og:image:width\" content=\"1200\" \/>\n\t<meta property=\"og:image:height\" content=\"800\" \/>\n\t<meta property=\"og:image:type\" content=\"image\/jpeg\" \/>\n<meta name=\"author\" content=\"elli\" \/>\n<meta name=\"twitter:card\" content=\"summary_large_image\" \/>\n<meta name=\"twitter:creator\" content=\"@elli\" \/>\n<script type=\"application\/ld+json\" class=\"yoast-schema-graph\">{\"@context\":\"https:\\\/\\\/schema.org\",\"@graph\":[{\"@type\":\"Article\",\"@id\":\"https:\\\/\\\/www.meydan.tv\\\/az\\\/article\\\/milli-meclisde-qaza-qoyulan-limitin-legvi-teklif-olunub\\\/#article\",\"isPartOf\":{\"@id\":\"https:\\\/\\\/www.meydan.tv\\\/az\\\/article\\\/milli-meclisde-qaza-qoyulan-limitin-legvi-teklif-olunub\\\/\"},\"author\":{\"name\":\"elli\",\"@id\":\"https:\\\/\\\/www.meydan.tv\\\/az\\\/#\\\/schema\\\/person\\\/9cdbecf90d17180ce1dfbd95b08dcf47\"},\"headline\":\"Milli M\u0259clisd\u0259 qaza qoyulan limitin l\u0259\u011fvi t\u0259klif olunub\",\"datePublished\":\"2023-11-03T12:34:45+00:00\",\"dateModified\":\"2023-11-03T15:14:18+00:00\",\"mainEntityOfPage\":{\"@id\":\"https:\\\/\\\/www.meydan.tv\\\/az\\\/article\\\/milli-meclisde-qaza-qoyulan-limitin-legvi-teklif-olunub\\\/\"},\"wordCount\":1144,\"publisher\":{\"@id\":\"https:\\\/\\\/www.meydan.tv\\\/az\\\/#organization\"},\"image\":{\"@id\":\"https:\\\/\\\/www.meydan.tv\\\/az\\\/article\\\/milli-meclisde-qaza-qoyulan-limitin-legvi-teklif-olunub\\\/#primaryimage\"},\"thumbnailUrl\":\"https:\\\/\\\/www.meydan.tv\\\/wp-content\\\/uploads\\\/azeriqaz_190920_2-1.jpg\",\"articleSection\":[\"Sosial\",\"X\u0259b\u0259rl\u0259r\"],\"inLanguage\":\"az\"},{\"@type\":\"WebPage\",\"@id\":\"https:\\\/\\\/www.meydan.tv\\\/az\\\/article\\\/milli-meclisde-qaza-qoyulan-limitin-legvi-teklif-olunub\\\/\",\"url\":\"https:\\\/\\\/www.meydan.tv\\\/az\\\/article\\\/milli-meclisde-qaza-qoyulan-limitin-legvi-teklif-olunub\\\/\",\"name\":\"Milli M\u0259clisd\u0259 qaza qoyulan limitin l\u0259\u011fvi t\u0259klif olunub - MEYDAN.TV\",\"isPartOf\":{\"@id\":\"https:\\\/\\\/www.meydan.tv\\\/az\\\/#website\"},\"primaryImageOfPage\":{\"@id\":\"https:\\\/\\\/www.meydan.tv\\\/az\\\/article\\\/milli-meclisde-qaza-qoyulan-limitin-legvi-teklif-olunub\\\/#primaryimage\"},\"image\":{\"@id\":\"https:\\\/\\\/www.meydan.tv\\\/az\\\/article\\\/milli-meclisde-qaza-qoyulan-limitin-legvi-teklif-olunub\\\/#primaryimage\"},\"thumbnailUrl\":\"https:\\\/\\\/www.meydan.tv\\\/wp-content\\\/uploads\\\/azeriqaz_190920_2-1.jpg\",\"datePublished\":\"2023-11-03T12:34:45+00:00\",\"dateModified\":\"2023-11-03T15:14:18+00:00\",\"breadcrumb\":{\"@id\":\"https:\\\/\\\/www.meydan.tv\\\/az\\\/article\\\/milli-meclisde-qaza-qoyulan-limitin-legvi-teklif-olunub\\\/#breadcrumb\"},\"inLanguage\":\"az\",\"potentialAction\":[{\"@type\":\"ReadAction\",\"target\":[\"https:\\\/\\\/www.meydan.tv\\\/az\\\/article\\\/milli-meclisde-qaza-qoyulan-limitin-legvi-teklif-olunub\\\/\"]}]},{\"@type\":\"ImageObject\",\"inLanguage\":\"az\",\"@id\":\"https:\\\/\\\/www.meydan.tv\\\/az\\\/article\\\/milli-meclisde-qaza-qoyulan-limitin-legvi-teklif-olunub\\\/#primaryimage\",\"url\":\"https:\\\/\\\/www.meydan.tv\\\/wp-content\\\/uploads\\\/azeriqaz_190920_2-1.jpg\",\"contentUrl\":\"https:\\\/\\\/www.meydan.tv\\\/wp-content\\\/uploads\\\/azeriqaz_190920_2-1.jpg\",\"width\":1200,\"height\":800,\"caption\":\"Qaz say\u011fac\u0131. Foto: \u201cAz\u0259riqaz\u201d\"},{\"@type\":\"BreadcrumbList\",\"@id\":\"https:\\\/\\\/www.meydan.tv\\\/az\\\/article\\\/milli-meclisde-qaza-qoyulan-limitin-legvi-teklif-olunub\\\/#breadcrumb\",\"itemListElement\":[{\"@type\":\"ListItem\",\"position\":1,\"name\":\"Ana s\u0259hif\u0259\",\"item\":\"https:\\\/\\\/www.meydan.tv\\\/az\\\/\"},{\"@type\":\"ListItem\",\"position\":2,\"name\":\"Sosial\",\"item\":\"https:\\\/\\\/www.meydan.tv\\\/az\\\/section\\\/sosial\\\/\"},{\"@type\":\"ListItem\",\"position\":3,\"name\":\"Milli M\u0259clisd\u0259 qaza qoyulan limitin l\u0259\u011fvi t\u0259klif olunub\"}]},{\"@type\":\"WebSite\",\"@id\":\"https:\\\/\\\/www.meydan.tv\\\/az\\\/#website\",\"url\":\"https:\\\/\\\/www.meydan.tv\\\/az\\\/\",\"name\":\"MEYDAN.TV\",\"description\":\"Meydan TV Az\u0259rbaycan\u0131n media m\u0259kan\u0131ndak\u0131 alternativ s\u0259sidir\",\"publisher\":{\"@id\":\"https:\\\/\\\/www.meydan.tv\\\/az\\\/#organization\"},\"potentialAction\":[{\"@type\":\"SearchAction\",\"target\":{\"@type\":\"EntryPoint\",\"urlTemplate\":\"https:\\\/\\\/www.meydan.tv\\\/az\\\/?s={search_term_string}\"},\"query-input\":{\"@type\":\"PropertyValueSpecification\",\"valueRequired\":true,\"valueName\":\"search_term_string\"}}],\"inLanguage\":\"az\"},{\"@type\":\"Organization\",\"@id\":\"https:\\\/\\\/www.meydan.tv\\\/az\\\/#organization\",\"name\":\"Meydan TV\",\"url\":\"https:\\\/\\\/www.meydan.tv\\\/az\\\/\",\"logo\":{\"@type\":\"ImageObject\",\"inLanguage\":\"az\",\"@id\":\"https:\\\/\\\/www.meydan.tv\\\/az\\\/#\\\/schema\\\/logo\\\/image\\\/\",\"url\":\"https:\\\/\\\/www.meydan.tv\\\/wp-content\\\/uploads\\\/2021\\\/07\\\/meydan-logo.svg\",\"contentUrl\":\"https:\\\/\\\/www.meydan.tv\\\/wp-content\\\/uploads\\\/2021\\\/07\\\/meydan-logo.svg\",\"width\":195,\"height\":46,\"caption\":\"Meydan TV\"},\"image\":{\"@id\":\"https:\\\/\\\/www.meydan.tv\\\/az\\\/#\\\/schema\\\/logo\\\/image\\\/\"}},{\"@type\":\"Person\",\"@id\":\"https:\\\/\\\/www.meydan.tv\\\/az\\\/#\\\/schema\\\/person\\\/9cdbecf90d17180ce1dfbd95b08dcf47\",\"name\":\"elli\",\"sameAs\":[\"https:\\\/\\\/x.com\\\/elli\"]}]}<\/script>\n<!-- \/ Yoast SEO plugin. -->","yoast_head_json":{"title":"Milli M\u0259clisd\u0259 qaza qoyulan limitin l\u0259\u011fvi t\u0259klif olunub - MEYDAN.TV","robots":{"index":"index","follow":"follow","max-snippet":"max-snippet:-1","max-image-preview":"max-image-preview:large","max-video-preview":"max-video-preview:-1"},"canonical":"https:\/\/www.meydan.tv\/az\/article\/milli-meclisde-qaza-qoyulan-limitin-legvi-teklif-olunub\/","og_locale":"az_AZ","og_type":"article","og_title":"Milli M\u0259clisd\u0259 qaza qoyulan limitin l\u0259\u011fvi t\u0259klif olunub - MEYDAN.TV","og_description":"Deputatlar internet, Qaraba\u011f, Nax\u00e7\u0131van, u\u015faq ba\u011f\u00e7alar\u0131 v\u0259 s. probleml\u0259r\u0259 toxunublar ... Davam\u0131","og_url":"https:\/\/www.meydan.tv\/az\/article\/milli-meclisde-qaza-qoyulan-limitin-legvi-teklif-olunub\/","og_site_name":"MEYDAN.TV","article_published_time":"2023-11-03T12:34:45+00:00","article_modified_time":"2023-11-03T15:14:18+00:00","og_image":[{"width":1200,"height":800,"url":"https:\/\/www.meydan.tv\/wp-content\/uploads\/azeriqaz_190920_2-1.jpg","type":"image\/jpeg"}],"author":"elli","twitter_card":"summary_large_image","twitter_creator":"@elli","schema":{"@context":"https:\/\/schema.org","@graph":[{"@type":"Article","@id":"https:\/\/www.meydan.tv\/az\/article\/milli-meclisde-qaza-qoyulan-limitin-legvi-teklif-olunub\/#article","isPartOf":{"@id":"https:\/\/www.meydan.tv\/az\/article\/milli-meclisde-qaza-qoyulan-limitin-legvi-teklif-olunub\/"},"author":{"name":"elli","@id":"https:\/\/www.meydan.tv\/az\/#\/schema\/person\/9cdbecf90d17180ce1dfbd95b08dcf47"},"headline":"Milli M\u0259clisd\u0259 qaza qoyulan limitin l\u0259\u011fvi t\u0259klif olunub","datePublished":"2023-11-03T12:34:45+00:00","dateModified":"2023-11-03T15:14:18+00:00","mainEntityOfPage":{"@id":"https:\/\/www.meydan.tv\/az\/article\/milli-meclisde-qaza-qoyulan-limitin-legvi-teklif-olunub\/"},"wordCount":1144,"publisher":{"@id":"https:\/\/www.meydan.tv\/az\/#organization"},"image":{"@id":"https:\/\/www.meydan.tv\/az\/article\/milli-meclisde-qaza-qoyulan-limitin-legvi-teklif-olunub\/#primaryimage"},"thumbnailUrl":"https:\/\/www.meydan.tv\/wp-content\/uploads\/azeriqaz_190920_2-1.jpg","articleSection":["Sosial","X\u0259b\u0259rl\u0259r"],"inLanguage":"az"},{"@type":"WebPage","@id":"https:\/\/www.meydan.tv\/az\/article\/milli-meclisde-qaza-qoyulan-limitin-legvi-teklif-olunub\/","url":"https:\/\/www.meydan.tv\/az\/article\/milli-meclisde-qaza-qoyulan-limitin-legvi-teklif-olunub\/","name":"Milli M\u0259clisd\u0259 qaza qoyulan limitin l\u0259\u011fvi t\u0259klif olunub - MEYDAN.TV","isPartOf":{"@id":"https:\/\/www.meydan.tv\/az\/#website"},"primaryImageOfPage":{"@id":"https:\/\/www.meydan.tv\/az\/article\/milli-meclisde-qaza-qoyulan-limitin-legvi-teklif-olunub\/#primaryimage"},"image":{"@id":"https:\/\/www.meydan.tv\/az\/article\/milli-meclisde-qaza-qoyulan-limitin-legvi-teklif-olunub\/#primaryimage"},"thumbnailUrl":"https:\/\/www.meydan.tv\/wp-content\/uploads\/azeriqaz_190920_2-1.jpg","datePublished":"2023-11-03T12:34:45+00:00","dateModified":"2023-11-03T15:14:18+00:00","breadcrumb":{"@id":"https:\/\/www.meydan.tv\/az\/article\/milli-meclisde-qaza-qoyulan-limitin-legvi-teklif-olunub\/#breadcrumb"},"inLanguage":"az","potentialAction":[{"@type":"ReadAction","target":["https:\/\/www.meydan.tv\/az\/article\/milli-meclisde-qaza-qoyulan-limitin-legvi-teklif-olunub\/"]}]},{"@type":"ImageObject","inLanguage":"az","@id":"https:\/\/www.meydan.tv\/az\/article\/milli-meclisde-qaza-qoyulan-limitin-legvi-teklif-olunub\/#primaryimage","url":"https:\/\/www.meydan.tv\/wp-content\/uploads\/azeriqaz_190920_2-1.jpg","contentUrl":"https:\/\/www.meydan.tv\/wp-content\/uploads\/azeriqaz_190920_2-1.jpg","width":1200,"height":800,"caption":"Qaz say\u011fac\u0131. Foto: \u201cAz\u0259riqaz\u201d"},{"@type":"BreadcrumbList","@id":"https:\/\/www.meydan.tv\/az\/article\/milli-meclisde-qaza-qoyulan-limitin-legvi-teklif-olunub\/#breadcrumb","itemListElement":[{"@type":"ListItem","position":1,"name":"Ana s\u0259hif\u0259","item":"https:\/\/www.meydan.tv\/az\/"},{"@type":"ListItem","position":2,"name":"Sosial","item":"https:\/\/www.meydan.tv\/az\/section\/sosial\/"},{"@type":"ListItem","position":3,"name":"Milli M\u0259clisd\u0259 qaza qoyulan limitin l\u0259\u011fvi t\u0259klif olunub"}]},{"@type":"WebSite","@id":"https:\/\/www.meydan.tv\/az\/#website","url":"https:\/\/www.meydan.tv\/az\/","name":"MEYDAN.TV","description":"Meydan TV Az\u0259rbaycan\u0131n media m\u0259kan\u0131ndak\u0131 alternativ s\u0259sidir","publisher":{"@id":"https:\/\/www.meydan.tv\/az\/#organization"},"potentialAction":[{"@type":"SearchAction","target":{"@type":"EntryPoint","urlTemplate":"https:\/\/www.meydan.tv\/az\/?s={search_term_string}"},"query-input":{"@type":"PropertyValueSpecification","valueRequired":true,"valueName":"search_term_string"}}],"inLanguage":"az"},{"@type":"Organization","@id":"https:\/\/www.meydan.tv\/az\/#organization","name":"Meydan TV","url":"https:\/\/www.meydan.tv\/az\/","logo":{"@type":"ImageObject","inLanguage":"az","@id":"https:\/\/www.meydan.tv\/az\/#\/schema\/logo\/image\/","url":"https:\/\/www.meydan.tv\/wp-content\/uploads\/2021\/07\/meydan-logo.svg","contentUrl":"https:\/\/www.meydan.tv\/wp-content\/uploads\/2021\/07\/meydan-logo.svg","width":195,"height":46,"caption":"Meydan TV"},"image":{"@id":"https:\/\/www.meydan.tv\/az\/#\/schema\/logo\/image\/"}},{"@type":"Person","@id":"https:\/\/www.meydan.tv\/az\/#\/schema\/person\/9cdbecf90d17180ce1dfbd95b08dcf47","name":"elli","sameAs":["https:\/\/x.com\/elli"]}]}},"_links":{"self":[{"href":"https:\/\/www.meydan.tv\/az\/wp-json\/wp\/v2\/posts\/289648","targetHints":{"allow":["GET"]}}],"collection":[{"href":"https:\/\/www.meydan.tv\/az\/wp-json\/wp\/v2\/posts"}],"about":[{"href":"https:\/\/www.meydan.tv\/az\/wp-json\/wp\/v2\/types\/post"}],"author":[{"embeddable":true,"href":"https:\/\/www.meydan.tv\/az\/wp-json\/wp\/v2\/users\/8"}],"replies":[{"embeddable":true,"href":"https:\/\/www.meydan.tv\/az\/wp-json\/wp\/v2\/comments?post=289648"}],"version-history":[{"count":5,"href":"https:\/\/www.meydan.tv\/az\/wp-json\/wp\/v2\/posts\/289648\/revisions"}],"predecessor-version":[{"id":289677,"href":"https:\/\/www.meydan.tv\/az\/wp-json\/wp\/v2\/posts\/289648\/revisions\/289677"}],"wp:featuredmedia":[{"embeddable":true,"href":"https:\/\/www.meydan.tv\/az\/wp-json\/wp\/v2\/media\/277729"}],"wp:attachment":[{"href":"https:\/\/www.meydan.tv\/az\/wp-json\/wp\/v2\/media?parent=289648"}],"wp:term":[{"taxonomy":"category","embeddable":true,"href":"https:\/\/www.meydan.tv\/az\/wp-json\/wp\/v2\/categories?post=289648"},{"taxonomy":"post_tag","embeddable":true,"href":"https:\/\/www.meydan.tv\/az\/wp-json\/wp\/v2\/tags?post=289648"}],"curies":[{"name":"wp","href":"https:\/\/api.w.org\/{rel}","templated":true}]}}